{"id":28737,"date":"2013-10-15T00:00:00","date_gmt":"2013-10-14T22:00:00","guid":{"rendered":"https:\/\/lightweb.dev\/l\/svm-temp\/nyheter\/almunecar-medverkar-vi-seniormassa-i-stockholm\/"},"modified":"2013-10-15T00:00:00","modified_gmt":"2013-10-14T22:00:00","slug":"almunecar-medverkar-vi-seniormassa-i-stockholm","status":"publish","type":"post","link":"https:\/\/lightweb.dev\/l\/svm-temp\/nyheter\/almunecar-medverkar-vi-seniormassa-i-stockholm\/","title":{"rendered":"Almu\u00f1\u00e9car medverkar vi seniorm\u00e4ssa i Stockholm"},"content":{"rendered":"<p> Hotellen i Almu\u00f1\u00e9car medverkar fr\u00e5n idag och tills p\u00e5 torsdag vid m\u00e4ssan \u201dS\u00e9nior 2013\u201d p\u00e5 Stockholmsm\u00e4ssan i \u00c4lvsj\u00f6. Senior 2013 \u00e4r m\u00f6tesplatsen som f\u00f6renklar vardagen och s\u00e4tter guldkant p\u00e5 tillvaron.<\/p>\n<p>Att Almu\u00f1\u00e9car p\u00e5 Costa Tropical \u00f6ster om M\u00e1laga \u00e4r en popul\u00e4r plats f\u00f6r \u00f6vervintrande svenskar har vi ber\u00e4ttat om tidigare i Svenska Magasinet. Vid utst\u00e4llningen \u201dS\u00e9nior 2013\u201d medverkar flera hotell som hotell Helios, Bah\u00eda och Best Alc\u00e1zar f\u00f6r att marknadsf\u00f6ra sig mot den nordiska marknaden.<\/p>\n<p>Almu\u00f1\u00e9car har ett mycket gynnsamt klimat och h\u00e4r finns bra m\u00f6jligheter till boende under vinterhalv\u00e5ret.<\/p>\n<p>Almu\u00f1\u00e9car har till utst\u00e4llningen i Stockholm framst\u00e4llt material p\u00e5 svenska f\u00f6r att presentera omr\u00e5dets kulturutbud liksom gastronomin som k\u00e4nnetecknar Almu\u00f1\u00e9car och La Herradura. Projektet st\u00f6ds av turistmyndigheten Patronato Provincial de Turismo i Granada.<\/p>\n<p> M\u00e4ssans scenprogram bjuder p\u00e5 seminarier och aktiviteter. M\u00e4ssans temaomr\u00e5den \u00e4r Resor &#038; Turism, Boende &#038; Tj\u00e4nster, V\u00e5rd &#038; Omsorg samt H\u00e4lsa &#038; Sk\u00f6nhet.<\/p>\n<p>F\u00f6r nittonde \u00e5ret arrangeras Seniorm\u00e4ssan i Stockholm och f\u00f6r fj\u00e4rde g\u00e5ngen g\u00e5r den p\u00e5 Stockholmsm\u00e4ssan i \u00c4lvsj\u00f6. \u00c5rets m\u00e4ssa har 178 utst\u00e4llande f\u00f6retag vilket betyder att m\u00e4ssan \u00e4r st\u00f6rre \u00e4n n\u00e5gonsin tidigare.<\/p>\n<p>N\u00e4sta utst\u00e4llning h\u00e5lls p\u00e5 Malm\u00f6m\u00e4ssan den 7 till 9 maj 2014. <\/p>\n","protected":false},"excerpt":{"rendered":"<p>Hotellen i Almu\u00f1\u00e9car medverkar fr\u00e5n idag och tills p\u00e5 torsdag vid m\u00e4ssan \u201dS\u00e9nior 2013\u201d p\u00e5 Stockholmsm\u00e4ssan i \u00c4lvsj\u00f6. Senior 2013 \u00e4r m\u00f6tesplatsen som f\u00f6renklar vardagen och s\u00e4tter guldkant p\u00e5 tillvaron. Att Almu\u00f1\u00e9car p\u00e5 Costa Tropical \u00f6ster om M\u00e1laga \u00e4r en popul\u00e4r plats f\u00f6r \u00f6vervintrande svenskar har vi ber\u00e4ttat om tidigare i Svenska Magasinet. Vid utst\u00e4llningen [&hellip;]<\/p>\n","protected":false},"author":8,"featured_media":28740,"comment_status":"open","ping_status":"open","sticky":false,"template":"","format":"standard","meta":{"_et_pb_use_builder":"","_et_pb_old_content":"","_et_gb_content_width":"","footnotes":""},"categories":[395,3],"tags":[],"class_list":["post-28737","post","type-post","status-publish","format-standard","has-post-thumbnail","hentry","category-arkiv-nyheter","category-nyheter"],"yoast_head":"<!-- This site is optimized with the Yoast SEO Premium plugin v26.2 (Yoast SEO v27.4) - https:\/\/yoast.com\/product\/yoast-seo-premium-wordpress\/ -->\n<title>Almu\u00f1\u00e9car medverkar vi seniorm\u00e4ssa i Stockholm - Svenska Magasinet<\/title>\n<meta name=\"robots\" content=\"noindex, follow, max-snippet:-1, max-image-preview:large, max-video-preview:-1\" \/>\n<meta property=\"og:locale\" content=\"sv_SE\" \/>\n<meta property=\"og:type\" content=\"article\" \/>\n<meta property=\"og:title\" content=\"Almu\u00f1\u00e9car medverkar vi seniorm\u00e4ssa i Stockholm\" \/>\n<meta property=\"og:description\" content=\"Hotellen i Almu\u00f1\u00e9car medverkar fr\u00e5n idag och tills p\u00e5 torsdag vid m\u00e4ssan \u201dS\u00e9nior 2013\u201d p\u00e5 Stockholmsm\u00e4ssan i \u00c4lvsj\u00f6. Senior 2013 \u00e4r m\u00f6tesplatsen som f\u00f6renklar vardagen och s\u00e4tter guldkant p\u00e5 tillvaron. Att Almu\u00f1\u00e9car p\u00e5 Costa Tropical \u00f6ster om M\u00e1laga \u00e4r en popul\u00e4r plats f\u00f6r \u00f6vervintrande svenskar har vi ber\u00e4ttat om tidigare i Svenska Magasinet. Vid utst\u00e4llningen [&hellip;]\" \/>\n<meta property=\"og:url\" content=\"https:\/\/lightweb.dev\/l\/svm-temp\/nyheter\/almunecar-medverkar-vi-seniormassa-i-stockholm\/\" \/>\n<meta property=\"og:site_name\" content=\"Svenska Magasinet\" \/>\n<meta property=\"article:publisher\" content=\"https:\/\/www.facebook.com\/svenskamagasinet\" \/>\n<meta property=\"article:published_time\" content=\"2013-10-14T22:00:00+00:00\" \/>\n<meta name=\"author\" content=\"Redaktionen SvM\" \/>\n<meta name=\"twitter:card\" content=\"summary_large_image\" \/>\n<meta name=\"twitter:creator\" content=\"@SvenskaMagasine\" \/>\n<meta name=\"twitter:site\" content=\"@SvenskaMagasine\" \/>\n<script type=\"application\/ld+json\" class=\"yoast-schema-graph\">{\"@context\":\"https:\\\/\\\/schema.org\",\"@graph\":[{\"@type\":\"Article\",\"@id\":\"https:\\\/\\\/lightweb.dev\\\/l\\\/svm-temp\\\/nyheter\\\/almunecar-medverkar-vi-seniormassa-i-stockholm\\\/#article\",\"isPartOf\":{\"@id\":\"https:\\\/\\\/lightweb.dev\\\/l\\\/svm-temp\\\/nyheter\\\/almunecar-medverkar-vi-seniormassa-i-stockholm\\\/\"},\"author\":{\"name\":\"Redaktionen SvM\",\"@id\":\"https:\\\/\\\/lightweb.dev\\\/l\\\/svm-temp\\\/#\\\/schema\\\/person\\\/206a3bda5b607b0c25e1749191e4d837\"},\"headline\":\"Almu\u00f1\u00e9car medverkar vi seniorm\u00e4ssa i Stockholm\",\"datePublished\":\"2013-10-14T22:00:00+00:00\",\"mainEntityOfPage\":{\"@id\":\"https:\\\/\\\/lightweb.dev\\\/l\\\/svm-temp\\\/nyheter\\\/almunecar-medverkar-vi-seniormassa-i-stockholm\\\/\"},\"wordCount\":242,\"commentCount\":0,\"publisher\":{\"@id\":\"https:\\\/\\\/lightweb.dev\\\/l\\\/svm-temp\\\/#organization\"},\"image\":{\"@id\":\"https:\\\/\\\/lightweb.dev\\\/l\\\/svm-temp\\\/nyheter\\\/almunecar-medverkar-vi-seniormassa-i-stockholm\\\/#primaryimage\"},\"thumbnailUrl\":\"https:\\\/\\\/lightweb.dev\\\/l\\\/svm-temp\\\/wp-content\\\/uploads\\\/2022\\\/06\\\/almuecar-medverkar-vi-seniormassa-i-stockholm.png\",\"articleSection\":[\"Arkiv\",\"Nyheter\"],\"inLanguage\":\"sv-SE\"},{\"@type\":\"WebPage\",\"@id\":\"https:\\\/\\\/lightweb.dev\\\/l\\\/svm-temp\\\/nyheter\\\/almunecar-medverkar-vi-seniormassa-i-stockholm\\\/\",\"url\":\"https:\\\/\\\/lightweb.dev\\\/l\\\/svm-temp\\\/nyheter\\\/almunecar-medverkar-vi-seniormassa-i-stockholm\\\/\",\"name\":\"Almu\u00f1\u00e9car medverkar vi seniorm\u00e4ssa i Stockholm - Svenska Magasinet\",\"isPartOf\":{\"@id\":\"https:\\\/\\\/lightweb.dev\\\/l\\\/svm-temp\\\/#website\"},\"primaryImageOfPage\":{\"@id\":\"https:\\\/\\\/lightweb.dev\\\/l\\\/svm-temp\\\/nyheter\\\/almunecar-medverkar-vi-seniormassa-i-stockholm\\\/#primaryimage\"},\"image\":{\"@id\":\"https:\\\/\\\/lightweb.dev\\\/l\\\/svm-temp\\\/nyheter\\\/almunecar-medverkar-vi-seniormassa-i-stockholm\\\/#primaryimage\"},\"thumbnailUrl\":\"https:\\\/\\\/lightweb.dev\\\/l\\\/svm-temp\\\/wp-content\\\/uploads\\\/2022\\\/06\\\/almuecar-medverkar-vi-seniormassa-i-stockholm.png\",\"datePublished\":\"2013-10-14T22:00:00+00:00\",\"breadcrumb\":{\"@id\":\"https:\\\/\\\/lightweb.dev\\\/l\\\/svm-temp\\\/nyheter\\\/almunecar-medverkar-vi-seniormassa-i-stockholm\\\/#breadcrumb\"},\"inLanguage\":\"sv-SE\",\"potentialAction\":[{\"@type\":\"ReadAction\",\"target\":[\"https:\\\/\\\/lightweb.dev\\\/l\\\/svm-temp\\\/nyheter\\\/almunecar-medverkar-vi-seniormassa-i-stockholm\\\/\"]}]},{\"@type\":\"ImageObject\",\"inLanguage\":\"sv-SE\",\"@id\":\"https:\\\/\\\/lightweb.dev\\\/l\\\/svm-temp\\\/nyheter\\\/almunecar-medverkar-vi-seniormassa-i-stockholm\\\/#primaryimage\",\"url\":\"https:\\\/\\\/lightweb.dev\\\/l\\\/svm-temp\\\/wp-content\\\/uploads\\\/2022\\\/06\\\/almuecar-medverkar-vi-seniormassa-i-stockholm.png\",\"contentUrl\":\"https:\\\/\\\/lightweb.dev\\\/l\\\/svm-temp\\\/wp-content\\\/uploads\\\/2022\\\/06\\\/almuecar-medverkar-vi-seniormassa-i-stockholm.png\",\"width\":280,\"height\":210},{\"@type\":\"BreadcrumbList\",\"@id\":\"https:\\\/\\\/lightweb.dev\\\/l\\\/svm-temp\\\/nyheter\\\/almunecar-medverkar-vi-seniormassa-i-stockholm\\\/#breadcrumb\",\"itemListElement\":[{\"@type\":\"ListItem\",\"position\":1,\"name\":\"Hem\",\"item\":\"https:\\\/\\\/lightweb.dev\\\/l\\\/svm-temp\\\/\"},{\"@type\":\"ListItem\",\"position\":2,\"name\":\"Almu\u00f1\u00e9car medverkar vi seniorm\u00e4ssa i Stockholm\"}]},{\"@type\":\"WebSite\",\"@id\":\"https:\\\/\\\/lightweb.dev\\\/l\\\/svm-temp\\\/#website\",\"url\":\"https:\\\/\\\/lightweb.dev\\\/l\\\/svm-temp\\\/\",\"name\":\"Svenska Magasinet\",\"description\":\"Dina Spanska nyheter p&aring; Svenska\",\"publisher\":{\"@id\":\"https:\\\/\\\/lightweb.dev\\\/l\\\/svm-temp\\\/#organization\"},\"potentialAction\":[{\"@type\":\"SearchAction\",\"target\":{\"@type\":\"EntryPoint\",\"urlTemplate\":\"https:\\\/\\\/lightweb.dev\\\/l\\\/svm-temp\\\/?s={search_term_string}\"},\"query-input\":{\"@type\":\"PropertyValueSpecification\",\"valueRequired\":true,\"valueName\":\"search_term_string\"}}],\"inLanguage\":\"sv-SE\"},{\"@type\":\"Organization\",\"@id\":\"https:\\\/\\\/lightweb.dev\\\/l\\\/svm-temp\\\/#organization\",\"name\":\"Melkerson y Nott SL\",\"alternateName\":\"Svenska Magasinet\",\"url\":\"https:\\\/\\\/lightweb.dev\\\/l\\\/svm-temp\\\/\",\"logo\":{\"@type\":\"ImageObject\",\"inLanguage\":\"sv-SE\",\"@id\":\"https:\\\/\\\/lightweb.dev\\\/l\\\/svm-temp\\\/#\\\/schema\\\/logo\\\/image\\\/\",\"url\":\"https:\\\/\\\/lightweb.dev\\\/l\\\/svm-temp\\\/wp-content\\\/uploads\\\/2025\\\/02\\\/SvM-logo-Xtra-Centrerad-SVART.png\",\"contentUrl\":\"https:\\\/\\\/lightweb.dev\\\/l\\\/svm-temp\\\/wp-content\\\/uploads\\\/2025\\\/02\\\/SvM-logo-Xtra-Centrerad-SVART.png\",\"width\":300,\"height\":99,\"caption\":\"Melkerson y Nott SL\"},\"image\":{\"@id\":\"https:\\\/\\\/lightweb.dev\\\/l\\\/svm-temp\\\/#\\\/schema\\\/logo\\\/image\\\/\"},\"sameAs\":[\"https:\\\/\\\/www.facebook.com\\\/svenskamagasinet\",\"https:\\\/\\\/x.com\\\/SvenskaMagasine\"]},{\"@type\":\"Person\",\"@id\":\"https:\\\/\\\/lightweb.dev\\\/l\\\/svm-temp\\\/#\\\/schema\\\/person\\\/206a3bda5b607b0c25e1749191e4d837\",\"name\":\"Redaktionen SvM\",\"description\":\"Redaktionen\",\"sameAs\":[\"https:\\\/\\\/lightweb.dev\\\/l\\\/svm-temp\"],\"url\":\"https:\\\/\\\/lightweb.dev\\\/l\\\/svm-temp\\\/reporter\\\/redaktionen\\\/\"}]}<\/script>\n<!-- \/ Yoast SEO Premium plugin. -->","yoast_head_json":{"title":"Almu\u00f1\u00e9car medverkar vi seniorm\u00e4ssa i Stockholm - Svenska Magasinet","robots":{"index":"noindex","follow":"follow","max-snippet":"max-snippet:-1","max-image-preview":"max-image-preview:large","max-video-preview":"max-video-preview:-1"},"og_locale":"sv_SE","og_type":"article","og_title":"Almu\u00f1\u00e9car medverkar vi seniorm\u00e4ssa i Stockholm","og_description":"Hotellen i Almu\u00f1\u00e9car medverkar fr\u00e5n idag och tills p\u00e5 torsdag vid m\u00e4ssan \u201dS\u00e9nior 2013\u201d p\u00e5 Stockholmsm\u00e4ssan i \u00c4lvsj\u00f6. Senior 2013 \u00e4r m\u00f6tesplatsen som f\u00f6renklar vardagen och s\u00e4tter guldkant p\u00e5 tillvaron. Att Almu\u00f1\u00e9car p\u00e5 Costa Tropical \u00f6ster om M\u00e1laga \u00e4r en popul\u00e4r plats f\u00f6r \u00f6vervintrande svenskar har vi ber\u00e4ttat om tidigare i Svenska Magasinet. Vid utst\u00e4llningen [&hellip;]","og_url":"https:\/\/lightweb.dev\/l\/svm-temp\/nyheter\/almunecar-medverkar-vi-seniormassa-i-stockholm\/","og_site_name":"Svenska Magasinet","article_publisher":"https:\/\/www.facebook.com\/svenskamagasinet","article_published_time":"2013-10-14T22:00:00+00:00","author":"Redaktionen SvM","twitter_card":"summary_large_image","twitter_creator":"@SvenskaMagasine","twitter_site":"@SvenskaMagasine","schema":{"@context":"https:\/\/schema.org","@graph":[{"@type":"Article","@id":"https:\/\/lightweb.dev\/l\/svm-temp\/nyheter\/almunecar-medverkar-vi-seniormassa-i-stockholm\/#article","isPartOf":{"@id":"https:\/\/lightweb.dev\/l\/svm-temp\/nyheter\/almunecar-medverkar-vi-seniormassa-i-stockholm\/"},"author":{"name":"Redaktionen SvM","@id":"https:\/\/lightweb.dev\/l\/svm-temp\/#\/schema\/person\/206a3bda5b607b0c25e1749191e4d837"},"headline":"Almu\u00f1\u00e9car medverkar vi seniorm\u00e4ssa i Stockholm","datePublished":"2013-10-14T22:00:00+00:00","mainEntityOfPage":{"@id":"https:\/\/lightweb.dev\/l\/svm-temp\/nyheter\/almunecar-medverkar-vi-seniormassa-i-stockholm\/"},"wordCount":242,"commentCount":0,"publisher":{"@id":"https:\/\/lightweb.dev\/l\/svm-temp\/#organization"},"image":{"@id":"https:\/\/lightweb.dev\/l\/svm-temp\/nyheter\/almunecar-medverkar-vi-seniormassa-i-stockholm\/#primaryimage"},"thumbnailUrl":"https:\/\/lightweb.dev\/l\/svm-temp\/wp-content\/uploads\/2022\/06\/almuecar-medverkar-vi-seniormassa-i-stockholm.png","articleSection":["Arkiv","Nyheter"],"inLanguage":"sv-SE"},{"@type":"WebPage","@id":"https:\/\/lightweb.dev\/l\/svm-temp\/nyheter\/almunecar-medverkar-vi-seniormassa-i-stockholm\/","url":"https:\/\/lightweb.dev\/l\/svm-temp\/nyheter\/almunecar-medverkar-vi-seniormassa-i-stockholm\/","name":"Almu\u00f1\u00e9car medverkar vi seniorm\u00e4ssa i Stockholm - Svenska Magasinet","isPartOf":{"@id":"https:\/\/lightweb.dev\/l\/svm-temp\/#website"},"primaryImageOfPage":{"@id":"https:\/\/lightweb.dev\/l\/svm-temp\/nyheter\/almunecar-medverkar-vi-seniormassa-i-stockholm\/#primaryimage"},"image":{"@id":"https:\/\/lightweb.dev\/l\/svm-temp\/nyheter\/almunecar-medverkar-vi-seniormassa-i-stockholm\/#primaryimage"},"thumbnailUrl":"https:\/\/lightweb.dev\/l\/svm-temp\/wp-content\/uploads\/2022\/06\/almuecar-medverkar-vi-seniormassa-i-stockholm.png","datePublished":"2013-10-14T22:00:00+00:00","breadcrumb":{"@id":"https:\/\/lightweb.dev\/l\/svm-temp\/nyheter\/almunecar-medverkar-vi-seniormassa-i-stockholm\/#breadcrumb"},"inLanguage":"sv-SE","potentialAction":[{"@type":"ReadAction","target":["https:\/\/lightweb.dev\/l\/svm-temp\/nyheter\/almunecar-medverkar-vi-seniormassa-i-stockholm\/"]}]},{"@type":"ImageObject","inLanguage":"sv-SE","@id":"https:\/\/lightweb.dev\/l\/svm-temp\/nyheter\/almunecar-medverkar-vi-seniormassa-i-stockholm\/#primaryimage","url":"https:\/\/lightweb.dev\/l\/svm-temp\/wp-content\/uploads\/2022\/06\/almuecar-medverkar-vi-seniormassa-i-stockholm.png","contentUrl":"https:\/\/lightweb.dev\/l\/svm-temp\/wp-content\/uploads\/2022\/06\/almuecar-medverkar-vi-seniormassa-i-stockholm.png","width":280,"height":210},{"@type":"BreadcrumbList","@id":"https:\/\/lightweb.dev\/l\/svm-temp\/nyheter\/almunecar-medverkar-vi-seniormassa-i-stockholm\/#breadcrumb","itemListElement":[{"@type":"ListItem","position":1,"name":"Hem","item":"https:\/\/lightweb.dev\/l\/svm-temp\/"},{"@type":"ListItem","position":2,"name":"Almu\u00f1\u00e9car medverkar vi seniorm\u00e4ssa i Stockholm"}]},{"@type":"WebSite","@id":"https:\/\/lightweb.dev\/l\/svm-temp\/#website","url":"https:\/\/lightweb.dev\/l\/svm-temp\/","name":"Svenska Magasinet","description":"Dina Spanska nyheter p&aring; Svenska","publisher":{"@id":"https:\/\/lightweb.dev\/l\/svm-temp\/#organization"},"potentialAction":[{"@type":"SearchAction","target":{"@type":"EntryPoint","urlTemplate":"https:\/\/lightweb.dev\/l\/svm-temp\/?s={search_term_string}"},"query-input":{"@type":"PropertyValueSpecification","valueRequired":true,"valueName":"search_term_string"}}],"inLanguage":"sv-SE"},{"@type":"Organization","@id":"https:\/\/lightweb.dev\/l\/svm-temp\/#organization","name":"Melkerson y Nott SL","alternateName":"Svenska Magasinet","url":"https:\/\/lightweb.dev\/l\/svm-temp\/","logo":{"@type":"ImageObject","inLanguage":"sv-SE","@id":"https:\/\/lightweb.dev\/l\/svm-temp\/#\/schema\/logo\/image\/","url":"https:\/\/lightweb.dev\/l\/svm-temp\/wp-content\/uploads\/2025\/02\/SvM-logo-Xtra-Centrerad-SVART.png","contentUrl":"https:\/\/lightweb.dev\/l\/svm-temp\/wp-content\/uploads\/2025\/02\/SvM-logo-Xtra-Centrerad-SVART.png","width":300,"height":99,"caption":"Melkerson y Nott SL"},"image":{"@id":"https:\/\/lightweb.dev\/l\/svm-temp\/#\/schema\/logo\/image\/"},"sameAs":["https:\/\/www.facebook.com\/svenskamagasinet","https:\/\/x.com\/SvenskaMagasine"]},{"@type":"Person","@id":"https:\/\/lightweb.dev\/l\/svm-temp\/#\/schema\/person\/206a3bda5b607b0c25e1749191e4d837","name":"Redaktionen SvM","description":"Redaktionen","sameAs":["https:\/\/lightweb.dev\/l\/svm-temp"],"url":"https:\/\/lightweb.dev\/l\/svm-temp\/reporter\/redaktionen\/"}]}},"_links":{"self":[{"href":"https:\/\/lightweb.dev\/l\/svm-temp\/wp-json\/wp\/v2\/posts\/28737","targetHints":{"allow":["GET"]}}],"collection":[{"href":"https:\/\/lightweb.dev\/l\/svm-temp\/wp-json\/wp\/v2\/posts"}],"about":[{"href":"https:\/\/lightweb.dev\/l\/svm-temp\/wp-json\/wp\/v2\/types\/post"}],"author":[{"embeddable":true,"href":"https:\/\/lightweb.dev\/l\/svm-temp\/wp-json\/wp\/v2\/users\/8"}],"replies":[{"embeddable":true,"href":"https:\/\/lightweb.dev\/l\/svm-temp\/wp-json\/wp\/v2\/comments?post=28737"}],"version-history":[{"count":0,"href":"https:\/\/lightweb.dev\/l\/svm-temp\/wp-json\/wp\/v2\/posts\/28737\/revisions"}],"wp:featuredmedia":[{"embeddable":true,"href":"https:\/\/lightweb.dev\/l\/svm-temp\/wp-json\/wp\/v2\/media\/28740"}],"wp:attachment":[{"href":"https:\/\/lightweb.dev\/l\/svm-temp\/wp-json\/wp\/v2\/media?parent=28737"}],"wp:term":[{"taxonomy":"category","embeddable":true,"href":"https:\/\/lightweb.dev\/l\/svm-temp\/wp-json\/wp\/v2\/categories?post=28737"},{"taxonomy":"post_tag","embeddable":true,"href":"https:\/\/lightweb.dev\/l\/svm-temp\/wp-json\/wp\/v2\/tags?post=28737"}],"curies":[{"name":"wp","href":"https:\/\/api.w.org\/{rel}","templated":true}]}}