{"id":28747,"date":"2013-10-14T00:00:00","date_gmt":"2013-10-13T22:00:00","guid":{"rendered":"https:\/\/lightweb.dev\/l\/svm-temp\/nyheter\/far-vi-inte-bort-uppgjorda-matcher-i-la-liga-har-vi-snart-vilda-vastern\/"},"modified":"2013-10-14T00:00:00","modified_gmt":"2013-10-13T22:00:00","slug":"far-vi-inte-bort-uppgjorda-matcher-i-la-liga-har-vi-snart-vilda-vastern","status":"publish","type":"post","link":"https:\/\/lightweb.dev\/l\/svm-temp\/nyheter\/far-vi-inte-bort-uppgjorda-matcher-i-la-liga-har-vi-snart-vilda-vastern\/","title":{"rendered":"\u201dF\u00e5r vi inte bort uppgjorda matcher i La Liga har vi snart vilda v\u00e4stern\u201d"},"content":{"rendered":"<p> Precis som spansk media har b\u00f6rjat att granska den allt mer utbredda korruptionen bland politiker och andra myndighetspersoner s\u00e5 har man \u00e4ven b\u00f6rjat granska nationalsporten fotboll.<\/p>\n<p>Vad \u00e4r det som egentligen h\u00e4nder p\u00e5 plan och vad \u00e4r det folk tittar p\u00e5? Filmningar var uppe till debatt under f\u00f6rra veckan och uppgjorda matcher har varit ett hett debatterat \u00e4mne i \u00e5r.<\/p>\n<p>Enligt den spanska ligapresidenten \u00e4r mellan \u00e5tta och tio matcher per s\u00e4song uppgjorda i landet. \u201dF\u00e5r vi inte bort detta nu kommer det att bli vilda v\u00e4stern. Inga lagar, ingen kontroll. I Spanien f\u00f6rekommer spelfusk flera g\u00e5nger per s\u00e4song\u201d, menar ligapresidenten Javier Tebas (bilden) som ocks\u00e5 \u00e4r advokat.<\/p>\n<p>Europol avsl\u00f6jade tidigare i \u00e5r att 380 fotbollsmatcher i Europa gjorts upp p\u00e5 f\u00f6rhand de senaste tv\u00e5 \u00e5ren.<\/p>\n<p>-I f\u00f6rsta och andraligan manipuleras mellan \u00e5tta och tio matcher per s\u00e4song. Om vi inte f\u00e5r bort detta direkt kommer infektionen att v\u00e4xa, s\u00e4ger Tebas till BBC, enligt Sportbladet. <\/p>\n","protected":false},"excerpt":{"rendered":"<p>Precis som spansk media har b\u00f6rjat att granska den allt mer utbredda korruptionen bland politiker och andra myndighetspersoner s\u00e5 har man \u00e4ven b\u00f6rjat granska nationalsporten fotboll. Vad \u00e4r det som egentligen h\u00e4nder p\u00e5 plan och vad \u00e4r det folk tittar p\u00e5? Filmningar var uppe till debatt under f\u00f6rra veckan och uppgjorda matcher har varit ett [&hellip;]<\/p>\n","protected":false},"author":8,"featured_media":28750,"comment_status":"open","ping_status":"open","sticky":false,"template":"","format":"standard","meta":{"_et_pb_use_builder":"","_et_pb_old_content":"","_et_gb_content_width":"","footnotes":""},"categories":[395,3],"tags":[],"class_list":["post-28747","post","type-post","status-publish","format-standard","has-post-thumbnail","hentry","category-arkiv-nyheter","category-nyheter"],"yoast_head":"<!-- This site is optimized with the Yoast SEO Premium plugin v26.2 (Yoast SEO v27.4) - https:\/\/yoast.com\/product\/yoast-seo-premium-wordpress\/ -->\n<title>\u201dF\u00e5r vi inte bort uppgjorda matcher i La Liga har vi snart vilda v\u00e4stern\u201d - Svenska Magasinet<\/title>\n<meta name=\"robots\" content=\"noindex, follow, max-snippet:-1, max-image-preview:large, max-video-preview:-1\" \/>\n<meta property=\"og:locale\" content=\"sv_SE\" \/>\n<meta property=\"og:type\" content=\"article\" \/>\n<meta property=\"og:title\" content=\"\u201dF\u00e5r vi inte bort uppgjorda matcher i La Liga har vi snart vilda v\u00e4stern\u201d\" \/>\n<meta property=\"og:description\" content=\"Precis som spansk media har b\u00f6rjat att granska den allt mer utbredda korruptionen bland politiker och andra myndighetspersoner s\u00e5 har man \u00e4ven b\u00f6rjat granska nationalsporten fotboll. Vad \u00e4r det som egentligen h\u00e4nder p\u00e5 plan och vad \u00e4r det folk tittar p\u00e5? Filmningar var uppe till debatt under f\u00f6rra veckan och uppgjorda matcher har varit ett [&hellip;]\" \/>\n<meta property=\"og:url\" content=\"https:\/\/lightweb.dev\/l\/svm-temp\/nyheter\/far-vi-inte-bort-uppgjorda-matcher-i-la-liga-har-vi-snart-vilda-vastern\/\" \/>\n<meta property=\"og:site_name\" content=\"Svenska Magasinet\" \/>\n<meta property=\"article:publisher\" content=\"https:\/\/www.facebook.com\/svenskamagasinet\" \/>\n<meta property=\"article:published_time\" content=\"2013-10-13T22:00:00+00:00\" \/>\n<meta name=\"author\" content=\"Redaktionen SvM\" \/>\n<meta name=\"twitter:card\" content=\"summary_large_image\" \/>\n<meta name=\"twitter:creator\" content=\"@SvenskaMagasine\" \/>\n<meta name=\"twitter:site\" content=\"@SvenskaMagasine\" \/>\n<script type=\"application\/ld+json\" class=\"yoast-schema-graph\">{\"@context\":\"https:\\\/\\\/schema.org\",\"@graph\":[{\"@type\":\"Article\",\"@id\":\"https:\\\/\\\/lightweb.dev\\\/l\\\/svm-temp\\\/nyheter\\\/far-vi-inte-bort-uppgjorda-matcher-i-la-liga-har-vi-snart-vilda-vastern\\\/#article\",\"isPartOf\":{\"@id\":\"https:\\\/\\\/lightweb.dev\\\/l\\\/svm-temp\\\/nyheter\\\/far-vi-inte-bort-uppgjorda-matcher-i-la-liga-har-vi-snart-vilda-vastern\\\/\"},\"author\":{\"name\":\"Redaktionen SvM\",\"@id\":\"https:\\\/\\\/lightweb.dev\\\/l\\\/svm-temp\\\/#\\\/schema\\\/person\\\/206a3bda5b607b0c25e1749191e4d837\"},\"headline\":\"\u201dF\u00e5r vi inte bort uppgjorda matcher i La Liga har vi snart vilda v\u00e4stern\u201d\",\"datePublished\":\"2013-10-13T22:00:00+00:00\",\"mainEntityOfPage\":{\"@id\":\"https:\\\/\\\/lightweb.dev\\\/l\\\/svm-temp\\\/nyheter\\\/far-vi-inte-bort-uppgjorda-matcher-i-la-liga-har-vi-snart-vilda-vastern\\\/\"},\"wordCount\":187,\"commentCount\":0,\"publisher\":{\"@id\":\"https:\\\/\\\/lightweb.dev\\\/l\\\/svm-temp\\\/#organization\"},\"image\":{\"@id\":\"https:\\\/\\\/lightweb.dev\\\/l\\\/svm-temp\\\/nyheter\\\/far-vi-inte-bort-uppgjorda-matcher-i-la-liga-har-vi-snart-vilda-vastern\\\/#primaryimage\"},\"thumbnailUrl\":\"https:\\\/\\\/lightweb.dev\\\/l\\\/svm-temp\\\/wp-content\\\/uploads\\\/2022\\\/06\\\/far-vi-inte-bort-uppgjorda-matcher-i-la-liga-har-vi-snart-vilda-vastern.png\",\"articleSection\":[\"Arkiv\",\"Nyheter\"],\"inLanguage\":\"sv-SE\"},{\"@type\":\"WebPage\",\"@id\":\"https:\\\/\\\/lightweb.dev\\\/l\\\/svm-temp\\\/nyheter\\\/far-vi-inte-bort-uppgjorda-matcher-i-la-liga-har-vi-snart-vilda-vastern\\\/\",\"url\":\"https:\\\/\\\/lightweb.dev\\\/l\\\/svm-temp\\\/nyheter\\\/far-vi-inte-bort-uppgjorda-matcher-i-la-liga-har-vi-snart-vilda-vastern\\\/\",\"name\":\"\u201dF\u00e5r vi inte bort uppgjorda matcher i La Liga har vi snart vilda v\u00e4stern\u201d - Svenska Magasinet\",\"isPartOf\":{\"@id\":\"https:\\\/\\\/lightweb.dev\\\/l\\\/svm-temp\\\/#website\"},\"primaryImageOfPage\":{\"@id\":\"https:\\\/\\\/lightweb.dev\\\/l\\\/svm-temp\\\/nyheter\\\/far-vi-inte-bort-uppgjorda-matcher-i-la-liga-har-vi-snart-vilda-vastern\\\/#primaryimage\"},\"image\":{\"@id\":\"https:\\\/\\\/lightweb.dev\\\/l\\\/svm-temp\\\/nyheter\\\/far-vi-inte-bort-uppgjorda-matcher-i-la-liga-har-vi-snart-vilda-vastern\\\/#primaryimage\"},\"thumbnailUrl\":\"https:\\\/\\\/lightweb.dev\\\/l\\\/svm-temp\\\/wp-content\\\/uploads\\\/2022\\\/06\\\/far-vi-inte-bort-uppgjorda-matcher-i-la-liga-har-vi-snart-vilda-vastern.png\",\"datePublished\":\"2013-10-13T22:00:00+00:00\",\"breadcrumb\":{\"@id\":\"https:\\\/\\\/lightweb.dev\\\/l\\\/svm-temp\\\/nyheter\\\/far-vi-inte-bort-uppgjorda-matcher-i-la-liga-har-vi-snart-vilda-vastern\\\/#breadcrumb\"},\"inLanguage\":\"sv-SE\",\"potentialAction\":[{\"@type\":\"ReadAction\",\"target\":[\"https:\\\/\\\/lightweb.dev\\\/l\\\/svm-temp\\\/nyheter\\\/far-vi-inte-bort-uppgjorda-matcher-i-la-liga-har-vi-snart-vilda-vastern\\\/\"]}]},{\"@type\":\"ImageObject\",\"inLanguage\":\"sv-SE\",\"@id\":\"https:\\\/\\\/lightweb.dev\\\/l\\\/svm-temp\\\/nyheter\\\/far-vi-inte-bort-uppgjorda-matcher-i-la-liga-har-vi-snart-vilda-vastern\\\/#primaryimage\",\"url\":\"https:\\\/\\\/lightweb.dev\\\/l\\\/svm-temp\\\/wp-content\\\/uploads\\\/2022\\\/06\\\/far-vi-inte-bort-uppgjorda-matcher-i-la-liga-har-vi-snart-vilda-vastern.png\",\"contentUrl\":\"https:\\\/\\\/lightweb.dev\\\/l\\\/svm-temp\\\/wp-content\\\/uploads\\\/2022\\\/06\\\/far-vi-inte-bort-uppgjorda-matcher-i-la-liga-har-vi-snart-vilda-vastern.png\",\"width\":299,\"height\":200},{\"@type\":\"BreadcrumbList\",\"@id\":\"https:\\\/\\\/lightweb.dev\\\/l\\\/svm-temp\\\/nyheter\\\/far-vi-inte-bort-uppgjorda-matcher-i-la-liga-har-vi-snart-vilda-vastern\\\/#breadcrumb\",\"itemListElement\":[{\"@type\":\"ListItem\",\"position\":1,\"name\":\"Hem\",\"item\":\"https:\\\/\\\/lightweb.dev\\\/l\\\/svm-temp\\\/\"},{\"@type\":\"ListItem\",\"position\":2,\"name\":\"\u201dF\u00e5r vi inte bort uppgjorda matcher i La Liga har vi snart vilda v\u00e4stern\u201d\"}]},{\"@type\":\"WebSite\",\"@id\":\"https:\\\/\\\/lightweb.dev\\\/l\\\/svm-temp\\\/#website\",\"url\":\"https:\\\/\\\/lightweb.dev\\\/l\\\/svm-temp\\\/\",\"name\":\"Svenska Magasinet\",\"description\":\"Dina Spanska nyheter p&aring; Svenska\",\"publisher\":{\"@id\":\"https:\\\/\\\/lightweb.dev\\\/l\\\/svm-temp\\\/#organization\"},\"potentialAction\":[{\"@type\":\"SearchAction\",\"target\":{\"@type\":\"EntryPoint\",\"urlTemplate\":\"https:\\\/\\\/lightweb.dev\\\/l\\\/svm-temp\\\/?s={search_term_string}\"},\"query-input\":{\"@type\":\"PropertyValueSpecification\",\"valueRequired\":true,\"valueName\":\"search_term_string\"}}],\"inLanguage\":\"sv-SE\"},{\"@type\":\"Organization\",\"@id\":\"https:\\\/\\\/lightweb.dev\\\/l\\\/svm-temp\\\/#organization\",\"name\":\"Melkerson y Nott SL\",\"alternateName\":\"Svenska Magasinet\",\"url\":\"https:\\\/\\\/lightweb.dev\\\/l\\\/svm-temp\\\/\",\"logo\":{\"@type\":\"ImageObject\",\"inLanguage\":\"sv-SE\",\"@id\":\"https:\\\/\\\/lightweb.dev\\\/l\\\/svm-temp\\\/#\\\/schema\\\/logo\\\/image\\\/\",\"url\":\"https:\\\/\\\/lightweb.dev\\\/l\\\/svm-temp\\\/wp-content\\\/uploads\\\/2025\\\/02\\\/SvM-logo-Xtra-Centrerad-SVART.png\",\"contentUrl\":\"https:\\\/\\\/lightweb.dev\\\/l\\\/svm-temp\\\/wp-content\\\/uploads\\\/2025\\\/02\\\/SvM-logo-Xtra-Centrerad-SVART.png\",\"width\":300,\"height\":99,\"caption\":\"Melkerson y Nott SL\"},\"image\":{\"@id\":\"https:\\\/\\\/lightweb.dev\\\/l\\\/svm-temp\\\/#\\\/schema\\\/logo\\\/image\\\/\"},\"sameAs\":[\"https:\\\/\\\/www.facebook.com\\\/svenskamagasinet\",\"https:\\\/\\\/x.com\\\/SvenskaMagasine\"]},{\"@type\":\"Person\",\"@id\":\"https:\\\/\\\/lightweb.dev\\\/l\\\/svm-temp\\\/#\\\/schema\\\/person\\\/206a3bda5b607b0c25e1749191e4d837\",\"name\":\"Redaktionen SvM\",\"description\":\"Redaktionen\",\"sameAs\":[\"https:\\\/\\\/lightweb.dev\\\/l\\\/svm-temp\"],\"url\":\"https:\\\/\\\/lightweb.dev\\\/l\\\/svm-temp\\\/reporter\\\/redaktionen\\\/\"}]}<\/script>\n<!-- \/ Yoast SEO Premium plugin. -->","yoast_head_json":{"title":"\u201dF\u00e5r vi inte bort uppgjorda matcher i La Liga har vi snart vilda v\u00e4stern\u201d - Svenska Magasinet","robots":{"index":"noindex","follow":"follow","max-snippet":"max-snippet:-1","max-image-preview":"max-image-preview:large","max-video-preview":"max-video-preview:-1"},"og_locale":"sv_SE","og_type":"article","og_title":"\u201dF\u00e5r vi inte bort uppgjorda matcher i La Liga har vi snart vilda v\u00e4stern\u201d","og_description":"Precis som spansk media har b\u00f6rjat att granska den allt mer utbredda korruptionen bland politiker och andra myndighetspersoner s\u00e5 har man \u00e4ven b\u00f6rjat granska nationalsporten fotboll. Vad \u00e4r det som egentligen h\u00e4nder p\u00e5 plan och vad \u00e4r det folk tittar p\u00e5? Filmningar var uppe till debatt under f\u00f6rra veckan och uppgjorda matcher har varit ett [&hellip;]","og_url":"https:\/\/lightweb.dev\/l\/svm-temp\/nyheter\/far-vi-inte-bort-uppgjorda-matcher-i-la-liga-har-vi-snart-vilda-vastern\/","og_site_name":"Svenska Magasinet","article_publisher":"https:\/\/www.facebook.com\/svenskamagasinet","article_published_time":"2013-10-13T22:00:00+00:00","author":"Redaktionen SvM","twitter_card":"summary_large_image","twitter_creator":"@SvenskaMagasine","twitter_site":"@SvenskaMagasine","schema":{"@context":"https:\/\/schema.org","@graph":[{"@type":"Article","@id":"https:\/\/lightweb.dev\/l\/svm-temp\/nyheter\/far-vi-inte-bort-uppgjorda-matcher-i-la-liga-har-vi-snart-vilda-vastern\/#article","isPartOf":{"@id":"https:\/\/lightweb.dev\/l\/svm-temp\/nyheter\/far-vi-inte-bort-uppgjorda-matcher-i-la-liga-har-vi-snart-vilda-vastern\/"},"author":{"name":"Redaktionen SvM","@id":"https:\/\/lightweb.dev\/l\/svm-temp\/#\/schema\/person\/206a3bda5b607b0c25e1749191e4d837"},"headline":"\u201dF\u00e5r vi inte bort uppgjorda matcher i La Liga har vi snart vilda v\u00e4stern\u201d","datePublished":"2013-10-13T22:00:00+00:00","mainEntityOfPage":{"@id":"https:\/\/lightweb.dev\/l\/svm-temp\/nyheter\/far-vi-inte-bort-uppgjorda-matcher-i-la-liga-har-vi-snart-vilda-vastern\/"},"wordCount":187,"commentCount":0,"publisher":{"@id":"https:\/\/lightweb.dev\/l\/svm-temp\/#organization"},"image":{"@id":"https:\/\/lightweb.dev\/l\/svm-temp\/nyheter\/far-vi-inte-bort-uppgjorda-matcher-i-la-liga-har-vi-snart-vilda-vastern\/#primaryimage"},"thumbnailUrl":"https:\/\/lightweb.dev\/l\/svm-temp\/wp-content\/uploads\/2022\/06\/far-vi-inte-bort-uppgjorda-matcher-i-la-liga-har-vi-snart-vilda-vastern.png","articleSection":["Arkiv","Nyheter"],"inLanguage":"sv-SE"},{"@type":"WebPage","@id":"https:\/\/lightweb.dev\/l\/svm-temp\/nyheter\/far-vi-inte-bort-uppgjorda-matcher-i-la-liga-har-vi-snart-vilda-vastern\/","url":"https:\/\/lightweb.dev\/l\/svm-temp\/nyheter\/far-vi-inte-bort-uppgjorda-matcher-i-la-liga-har-vi-snart-vilda-vastern\/","name":"\u201dF\u00e5r vi inte bort uppgjorda matcher i La Liga har vi snart vilda v\u00e4stern\u201d - Svenska Magasinet","isPartOf":{"@id":"https:\/\/lightweb.dev\/l\/svm-temp\/#website"},"primaryImageOfPage":{"@id":"https:\/\/lightweb.dev\/l\/svm-temp\/nyheter\/far-vi-inte-bort-uppgjorda-matcher-i-la-liga-har-vi-snart-vilda-vastern\/#primaryimage"},"image":{"@id":"https:\/\/lightweb.dev\/l\/svm-temp\/nyheter\/far-vi-inte-bort-uppgjorda-matcher-i-la-liga-har-vi-snart-vilda-vastern\/#primaryimage"},"thumbnailUrl":"https:\/\/lightweb.dev\/l\/svm-temp\/wp-content\/uploads\/2022\/06\/far-vi-inte-bort-uppgjorda-matcher-i-la-liga-har-vi-snart-vilda-vastern.png","datePublished":"2013-10-13T22:00:00+00:00","breadcrumb":{"@id":"https:\/\/lightweb.dev\/l\/svm-temp\/nyheter\/far-vi-inte-bort-uppgjorda-matcher-i-la-liga-har-vi-snart-vilda-vastern\/#breadcrumb"},"inLanguage":"sv-SE","potentialAction":[{"@type":"ReadAction","target":["https:\/\/lightweb.dev\/l\/svm-temp\/nyheter\/far-vi-inte-bort-uppgjorda-matcher-i-la-liga-har-vi-snart-vilda-vastern\/"]}]},{"@type":"ImageObject","inLanguage":"sv-SE","@id":"https:\/\/lightweb.dev\/l\/svm-temp\/nyheter\/far-vi-inte-bort-uppgjorda-matcher-i-la-liga-har-vi-snart-vilda-vastern\/#primaryimage","url":"https:\/\/lightweb.dev\/l\/svm-temp\/wp-content\/uploads\/2022\/06\/far-vi-inte-bort-uppgjorda-matcher-i-la-liga-har-vi-snart-vilda-vastern.png","contentUrl":"https:\/\/lightweb.dev\/l\/svm-temp\/wp-content\/uploads\/2022\/06\/far-vi-inte-bort-uppgjorda-matcher-i-la-liga-har-vi-snart-vilda-vastern.png","width":299,"height":200},{"@type":"BreadcrumbList","@id":"https:\/\/lightweb.dev\/l\/svm-temp\/nyheter\/far-vi-inte-bort-uppgjorda-matcher-i-la-liga-har-vi-snart-vilda-vastern\/#breadcrumb","itemListElement":[{"@type":"ListItem","position":1,"name":"Hem","item":"https:\/\/lightweb.dev\/l\/svm-temp\/"},{"@type":"ListItem","position":2,"name":"\u201dF\u00e5r vi inte bort uppgjorda matcher i La Liga har vi snart vilda v\u00e4stern\u201d"}]},{"@type":"WebSite","@id":"https:\/\/lightweb.dev\/l\/svm-temp\/#website","url":"https:\/\/lightweb.dev\/l\/svm-temp\/","name":"Svenska Magasinet","description":"Dina Spanska nyheter p&aring; Svenska","publisher":{"@id":"https:\/\/lightweb.dev\/l\/svm-temp\/#organization"},"potentialAction":[{"@type":"SearchAction","target":{"@type":"EntryPoint","urlTemplate":"https:\/\/lightweb.dev\/l\/svm-temp\/?s={search_term_string}"},"query-input":{"@type":"PropertyValueSpecification","valueRequired":true,"valueName":"search_term_string"}}],"inLanguage":"sv-SE"},{"@type":"Organization","@id":"https:\/\/lightweb.dev\/l\/svm-temp\/#organization","name":"Melkerson y Nott SL","alternateName":"Svenska Magasinet","url":"https:\/\/lightweb.dev\/l\/svm-temp\/","logo":{"@type":"ImageObject","inLanguage":"sv-SE","@id":"https:\/\/lightweb.dev\/l\/svm-temp\/#\/schema\/logo\/image\/","url":"https:\/\/lightweb.dev\/l\/svm-temp\/wp-content\/uploads\/2025\/02\/SvM-logo-Xtra-Centrerad-SVART.png","contentUrl":"https:\/\/lightweb.dev\/l\/svm-temp\/wp-content\/uploads\/2025\/02\/SvM-logo-Xtra-Centrerad-SVART.png","width":300,"height":99,"caption":"Melkerson y Nott SL"},"image":{"@id":"https:\/\/lightweb.dev\/l\/svm-temp\/#\/schema\/logo\/image\/"},"sameAs":["https:\/\/www.facebook.com\/svenskamagasinet","https:\/\/x.com\/SvenskaMagasine"]},{"@type":"Person","@id":"https:\/\/lightweb.dev\/l\/svm-temp\/#\/schema\/person\/206a3bda5b607b0c25e1749191e4d837","name":"Redaktionen SvM","description":"Redaktionen","sameAs":["https:\/\/lightweb.dev\/l\/svm-temp"],"url":"https:\/\/lightweb.dev\/l\/svm-temp\/reporter\/redaktionen\/"}]}},"_links":{"self":[{"href":"https:\/\/lightweb.dev\/l\/svm-temp\/wp-json\/wp\/v2\/posts\/28747","targetHints":{"allow":["GET"]}}],"collection":[{"href":"https:\/\/lightweb.dev\/l\/svm-temp\/wp-json\/wp\/v2\/posts"}],"about":[{"href":"https:\/\/lightweb.dev\/l\/svm-temp\/wp-json\/wp\/v2\/types\/post"}],"author":[{"embeddable":true,"href":"https:\/\/lightweb.dev\/l\/svm-temp\/wp-json\/wp\/v2\/users\/8"}],"replies":[{"embeddable":true,"href":"https:\/\/lightweb.dev\/l\/svm-temp\/wp-json\/wp\/v2\/comments?post=28747"}],"version-history":[{"count":0,"href":"https:\/\/lightweb.dev\/l\/svm-temp\/wp-json\/wp\/v2\/posts\/28747\/revisions"}],"wp:featuredmedia":[{"embeddable":true,"href":"https:\/\/lightweb.dev\/l\/svm-temp\/wp-json\/wp\/v2\/media\/28750"}],"wp:attachment":[{"href":"https:\/\/lightweb.dev\/l\/svm-temp\/wp-json\/wp\/v2\/media?parent=28747"}],"wp:term":[{"taxonomy":"category","embeddable":true,"href":"https:\/\/lightweb.dev\/l\/svm-temp\/wp-json\/wp\/v2\/categories?post=28747"},{"taxonomy":"post_tag","embeddable":true,"href":"https:\/\/lightweb.dev\/l\/svm-temp\/wp-json\/wp\/v2\/tags?post=28747"}],"curies":[{"name":"wp","href":"https:\/\/api.w.org\/{rel}","templated":true}]}}