{"id":28755,"date":"2013-10-11T00:00:00","date_gmt":"2013-10-10T22:00:00","guid":{"rendered":"https:\/\/lightweb.dev\/l\/svm-temp\/nyheter\/maria-de-villota-funnen-dod-pa-hotellrum-i-morse\/"},"modified":"2013-10-11T00:00:00","modified_gmt":"2013-10-10T22:00:00","slug":"maria-de-villota-funnen-dod-pa-hotellrum-i-morse","status":"publish","type":"post","link":"https:\/\/lightweb.dev\/l\/svm-temp\/nyheter\/maria-de-villota-funnen-dod-pa-hotellrum-i-morse\/","title":{"rendered":"Maria de Villota funnen d\u00f6d p\u00e5 hotellrum i morse"},"content":{"rendered":"<p> Den f\u00f6re detta spanska racerf\u00f6raren Mar\u00eda de Villota, 33, har i morse hittats d\u00f6d i ett rum p\u00e5 Hotell Sevilla Congresos. Mar\u00eda kommer fr\u00e5n en k\u00e4nd racerfamilj d\u00e4r pappan Emilio de Villota bland annat har k\u00f6rt Formel 1.<\/p>\n<p>Enligt polisk\u00e4llor som dagstidningen ABC h\u00e4nvisar till hittades Mar\u00eda de Villota d\u00f6d i en s\u00e4ng i morse klockan 07.23. D\u00f6dsorsaken \u00e4r inte fastst\u00e4lld men det mesta pekar p\u00e5 att det r\u00f6r sig om en naturlig d\u00f6d.<\/p>\n<p>Vid klockan 10.10 transporterades den d\u00f6da kroppen till Instituto Anat\u00f3mico Forense f\u00f6r obduktion.<\/p>\n<p>Den tidigare racerf\u00f6raren skulle medverka vid en kongress under fredagen p\u00e5 Palacio de Exposiciones y Congresos i Sevilla anordnad av stiftelsen Fundaci\u00f3n \u201dLo Que De Verdad Importa\u201d.<\/p>\n<p>P\u00e5 m\u00e5ndag skulle Maria de Villota presenterat sin nya bok \u201dLa vida es un regalo\u201d, Livet \u00e4r en g\u00e5va, d\u00e4r hon ber\u00e4ttar om den sv\u00e5ra kraschen i juli 2012 d\u00e4r hon var n\u00e4ra att f\u00f6rlora livet men \u201dbara\u201d f\u00f6rlorade h\u00f6ger\u00f6gat. <\/p>\n","protected":false},"excerpt":{"rendered":"<p>Den f\u00f6re detta spanska racerf\u00f6raren Mar\u00eda de Villota, 33, har i morse hittats d\u00f6d i ett rum p\u00e5 Hotell Sevilla Congresos. Mar\u00eda kommer fr\u00e5n en k\u00e4nd racerfamilj d\u00e4r pappan Emilio de Villota bland annat har k\u00f6rt Formel 1. Enligt polisk\u00e4llor som dagstidningen ABC h\u00e4nvisar till hittades Mar\u00eda de Villota d\u00f6d i en s\u00e4ng i morse [&hellip;]<\/p>\n","protected":false},"author":8,"featured_media":28758,"comment_status":"open","ping_status":"open","sticky":false,"template":"","format":"standard","meta":{"_et_pb_use_builder":"","_et_pb_old_content":"","_et_gb_content_width":"","footnotes":""},"categories":[395,3],"tags":[],"class_list":["post-28755","post","type-post","status-publish","format-standard","has-post-thumbnail","hentry","category-arkiv-nyheter","category-nyheter"],"yoast_head":"<!-- This site is optimized with the Yoast SEO Premium plugin v26.2 (Yoast SEO v27.4) - https:\/\/yoast.com\/product\/yoast-seo-premium-wordpress\/ -->\n<title>Maria de Villota funnen d\u00f6d p\u00e5 hotellrum i morse - Svenska Magasinet<\/title>\n<meta name=\"robots\" content=\"noindex, follow, max-snippet:-1, max-image-preview:large, max-video-preview:-1\" \/>\n<meta property=\"og:locale\" content=\"sv_SE\" \/>\n<meta property=\"og:type\" content=\"article\" \/>\n<meta property=\"og:title\" content=\"Maria de Villota funnen d\u00f6d p\u00e5 hotellrum i morse\" \/>\n<meta property=\"og:description\" content=\"Den f\u00f6re detta spanska racerf\u00f6raren Mar\u00eda de Villota, 33, har i morse hittats d\u00f6d i ett rum p\u00e5 Hotell Sevilla Congresos. Mar\u00eda kommer fr\u00e5n en k\u00e4nd racerfamilj d\u00e4r pappan Emilio de Villota bland annat har k\u00f6rt Formel 1. Enligt polisk\u00e4llor som dagstidningen ABC h\u00e4nvisar till hittades Mar\u00eda de Villota d\u00f6d i en s\u00e4ng i morse [&hellip;]\" \/>\n<meta property=\"og:url\" content=\"https:\/\/lightweb.dev\/l\/svm-temp\/nyheter\/maria-de-villota-funnen-dod-pa-hotellrum-i-morse\/\" \/>\n<meta property=\"og:site_name\" content=\"Svenska Magasinet\" \/>\n<meta property=\"article:publisher\" content=\"https:\/\/www.facebook.com\/svenskamagasinet\" \/>\n<meta property=\"article:published_time\" content=\"2013-10-10T22:00:00+00:00\" \/>\n<meta name=\"author\" content=\"Redaktionen SvM\" \/>\n<meta name=\"twitter:card\" content=\"summary_large_image\" \/>\n<meta name=\"twitter:creator\" content=\"@SvenskaMagasine\" \/>\n<meta name=\"twitter:site\" content=\"@SvenskaMagasine\" \/>\n<script type=\"application\/ld+json\" class=\"yoast-schema-graph\">{\"@context\":\"https:\\\/\\\/schema.org\",\"@graph\":[{\"@type\":\"Article\",\"@id\":\"https:\\\/\\\/lightweb.dev\\\/l\\\/svm-temp\\\/nyheter\\\/maria-de-villota-funnen-dod-pa-hotellrum-i-morse\\\/#article\",\"isPartOf\":{\"@id\":\"https:\\\/\\\/lightweb.dev\\\/l\\\/svm-temp\\\/nyheter\\\/maria-de-villota-funnen-dod-pa-hotellrum-i-morse\\\/\"},\"author\":{\"name\":\"Redaktionen SvM\",\"@id\":\"https:\\\/\\\/lightweb.dev\\\/l\\\/svm-temp\\\/#\\\/schema\\\/person\\\/206a3bda5b607b0c25e1749191e4d837\"},\"headline\":\"Maria de Villota funnen d\u00f6d p\u00e5 hotellrum i morse\",\"datePublished\":\"2013-10-10T22:00:00+00:00\",\"mainEntityOfPage\":{\"@id\":\"https:\\\/\\\/lightweb.dev\\\/l\\\/svm-temp\\\/nyheter\\\/maria-de-villota-funnen-dod-pa-hotellrum-i-morse\\\/\"},\"wordCount\":193,\"commentCount\":0,\"publisher\":{\"@id\":\"https:\\\/\\\/lightweb.dev\\\/l\\\/svm-temp\\\/#organization\"},\"image\":{\"@id\":\"https:\\\/\\\/lightweb.dev\\\/l\\\/svm-temp\\\/nyheter\\\/maria-de-villota-funnen-dod-pa-hotellrum-i-morse\\\/#primaryimage\"},\"thumbnailUrl\":\"https:\\\/\\\/lightweb.dev\\\/l\\\/svm-temp\\\/wp-content\\\/uploads\\\/2022\\\/06\\\/maria-de-villota-funnen-dod-pa-hotellrum-i-morse.png\",\"articleSection\":[\"Arkiv\",\"Nyheter\"],\"inLanguage\":\"sv-SE\"},{\"@type\":\"WebPage\",\"@id\":\"https:\\\/\\\/lightweb.dev\\\/l\\\/svm-temp\\\/nyheter\\\/maria-de-villota-funnen-dod-pa-hotellrum-i-morse\\\/\",\"url\":\"https:\\\/\\\/lightweb.dev\\\/l\\\/svm-temp\\\/nyheter\\\/maria-de-villota-funnen-dod-pa-hotellrum-i-morse\\\/\",\"name\":\"Maria de Villota funnen d\u00f6d p\u00e5 hotellrum i morse - Svenska Magasinet\",\"isPartOf\":{\"@id\":\"https:\\\/\\\/lightweb.dev\\\/l\\\/svm-temp\\\/#website\"},\"primaryImageOfPage\":{\"@id\":\"https:\\\/\\\/lightweb.dev\\\/l\\\/svm-temp\\\/nyheter\\\/maria-de-villota-funnen-dod-pa-hotellrum-i-morse\\\/#primaryimage\"},\"image\":{\"@id\":\"https:\\\/\\\/lightweb.dev\\\/l\\\/svm-temp\\\/nyheter\\\/maria-de-villota-funnen-dod-pa-hotellrum-i-morse\\\/#primaryimage\"},\"thumbnailUrl\":\"https:\\\/\\\/lightweb.dev\\\/l\\\/svm-temp\\\/wp-content\\\/uploads\\\/2022\\\/06\\\/maria-de-villota-funnen-dod-pa-hotellrum-i-morse.png\",\"datePublished\":\"2013-10-10T22:00:00+00:00\",\"breadcrumb\":{\"@id\":\"https:\\\/\\\/lightweb.dev\\\/l\\\/svm-temp\\\/nyheter\\\/maria-de-villota-funnen-dod-pa-hotellrum-i-morse\\\/#breadcrumb\"},\"inLanguage\":\"sv-SE\",\"potentialAction\":[{\"@type\":\"ReadAction\",\"target\":[\"https:\\\/\\\/lightweb.dev\\\/l\\\/svm-temp\\\/nyheter\\\/maria-de-villota-funnen-dod-pa-hotellrum-i-morse\\\/\"]}]},{\"@type\":\"ImageObject\",\"inLanguage\":\"sv-SE\",\"@id\":\"https:\\\/\\\/lightweb.dev\\\/l\\\/svm-temp\\\/nyheter\\\/maria-de-villota-funnen-dod-pa-hotellrum-i-morse\\\/#primaryimage\",\"url\":\"https:\\\/\\\/lightweb.dev\\\/l\\\/svm-temp\\\/wp-content\\\/uploads\\\/2022\\\/06\\\/maria-de-villota-funnen-dod-pa-hotellrum-i-morse.png\",\"contentUrl\":\"https:\\\/\\\/lightweb.dev\\\/l\\\/svm-temp\\\/wp-content\\\/uploads\\\/2022\\\/06\\\/maria-de-villota-funnen-dod-pa-hotellrum-i-morse.png\",\"width\":280,\"height\":384},{\"@type\":\"BreadcrumbList\",\"@id\":\"https:\\\/\\\/lightweb.dev\\\/l\\\/svm-temp\\\/nyheter\\\/maria-de-villota-funnen-dod-pa-hotellrum-i-morse\\\/#breadcrumb\",\"itemListElement\":[{\"@type\":\"ListItem\",\"position\":1,\"name\":\"Hem\",\"item\":\"https:\\\/\\\/lightweb.dev\\\/l\\\/svm-temp\\\/\"},{\"@type\":\"ListItem\",\"position\":2,\"name\":\"Maria de Villota funnen d\u00f6d p\u00e5 hotellrum i morse\"}]},{\"@type\":\"WebSite\",\"@id\":\"https:\\\/\\\/lightweb.dev\\\/l\\\/svm-temp\\\/#website\",\"url\":\"https:\\\/\\\/lightweb.dev\\\/l\\\/svm-temp\\\/\",\"name\":\"Svenska Magasinet\",\"description\":\"Dina Spanska nyheter p&aring; Svenska\",\"publisher\":{\"@id\":\"https:\\\/\\\/lightweb.dev\\\/l\\\/svm-temp\\\/#organization\"},\"potentialAction\":[{\"@type\":\"SearchAction\",\"target\":{\"@type\":\"EntryPoint\",\"urlTemplate\":\"https:\\\/\\\/lightweb.dev\\\/l\\\/svm-temp\\\/?s={search_term_string}\"},\"query-input\":{\"@type\":\"PropertyValueSpecification\",\"valueRequired\":true,\"valueName\":\"search_term_string\"}}],\"inLanguage\":\"sv-SE\"},{\"@type\":\"Organization\",\"@id\":\"https:\\\/\\\/lightweb.dev\\\/l\\\/svm-temp\\\/#organization\",\"name\":\"Melkerson y Nott SL\",\"alternateName\":\"Svenska Magasinet\",\"url\":\"https:\\\/\\\/lightweb.dev\\\/l\\\/svm-temp\\\/\",\"logo\":{\"@type\":\"ImageObject\",\"inLanguage\":\"sv-SE\",\"@id\":\"https:\\\/\\\/lightweb.dev\\\/l\\\/svm-temp\\\/#\\\/schema\\\/logo\\\/image\\\/\",\"url\":\"https:\\\/\\\/lightweb.dev\\\/l\\\/svm-temp\\\/wp-content\\\/uploads\\\/2025\\\/02\\\/SvM-logo-Xtra-Centrerad-SVART.png\",\"contentUrl\":\"https:\\\/\\\/lightweb.dev\\\/l\\\/svm-temp\\\/wp-content\\\/uploads\\\/2025\\\/02\\\/SvM-logo-Xtra-Centrerad-SVART.png\",\"width\":300,\"height\":99,\"caption\":\"Melkerson y Nott SL\"},\"image\":{\"@id\":\"https:\\\/\\\/lightweb.dev\\\/l\\\/svm-temp\\\/#\\\/schema\\\/logo\\\/image\\\/\"},\"sameAs\":[\"https:\\\/\\\/www.facebook.com\\\/svenskamagasinet\",\"https:\\\/\\\/x.com\\\/SvenskaMagasine\"]},{\"@type\":\"Person\",\"@id\":\"https:\\\/\\\/lightweb.dev\\\/l\\\/svm-temp\\\/#\\\/schema\\\/person\\\/206a3bda5b607b0c25e1749191e4d837\",\"name\":\"Redaktionen SvM\",\"description\":\"Redaktionen\",\"sameAs\":[\"https:\\\/\\\/lightweb.dev\\\/l\\\/svm-temp\"],\"url\":\"https:\\\/\\\/lightweb.dev\\\/l\\\/svm-temp\\\/reporter\\\/redaktionen\\\/\"}]}<\/script>\n<!-- \/ Yoast SEO Premium plugin. -->","yoast_head_json":{"title":"Maria de Villota funnen d\u00f6d p\u00e5 hotellrum i morse - Svenska Magasinet","robots":{"index":"noindex","follow":"follow","max-snippet":"max-snippet:-1","max-image-preview":"max-image-preview:large","max-video-preview":"max-video-preview:-1"},"og_locale":"sv_SE","og_type":"article","og_title":"Maria de Villota funnen d\u00f6d p\u00e5 hotellrum i morse","og_description":"Den f\u00f6re detta spanska racerf\u00f6raren Mar\u00eda de Villota, 33, har i morse hittats d\u00f6d i ett rum p\u00e5 Hotell Sevilla Congresos. Mar\u00eda kommer fr\u00e5n en k\u00e4nd racerfamilj d\u00e4r pappan Emilio de Villota bland annat har k\u00f6rt Formel 1. Enligt polisk\u00e4llor som dagstidningen ABC h\u00e4nvisar till hittades Mar\u00eda de Villota d\u00f6d i en s\u00e4ng i morse [&hellip;]","og_url":"https:\/\/lightweb.dev\/l\/svm-temp\/nyheter\/maria-de-villota-funnen-dod-pa-hotellrum-i-morse\/","og_site_name":"Svenska Magasinet","article_publisher":"https:\/\/www.facebook.com\/svenskamagasinet","article_published_time":"2013-10-10T22:00:00+00:00","author":"Redaktionen SvM","twitter_card":"summary_large_image","twitter_creator":"@SvenskaMagasine","twitter_site":"@SvenskaMagasine","schema":{"@context":"https:\/\/schema.org","@graph":[{"@type":"Article","@id":"https:\/\/lightweb.dev\/l\/svm-temp\/nyheter\/maria-de-villota-funnen-dod-pa-hotellrum-i-morse\/#article","isPartOf":{"@id":"https:\/\/lightweb.dev\/l\/svm-temp\/nyheter\/maria-de-villota-funnen-dod-pa-hotellrum-i-morse\/"},"author":{"name":"Redaktionen SvM","@id":"https:\/\/lightweb.dev\/l\/svm-temp\/#\/schema\/person\/206a3bda5b607b0c25e1749191e4d837"},"headline":"Maria de Villota funnen d\u00f6d p\u00e5 hotellrum i morse","datePublished":"2013-10-10T22:00:00+00:00","mainEntityOfPage":{"@id":"https:\/\/lightweb.dev\/l\/svm-temp\/nyheter\/maria-de-villota-funnen-dod-pa-hotellrum-i-morse\/"},"wordCount":193,"commentCount":0,"publisher":{"@id":"https:\/\/lightweb.dev\/l\/svm-temp\/#organization"},"image":{"@id":"https:\/\/lightweb.dev\/l\/svm-temp\/nyheter\/maria-de-villota-funnen-dod-pa-hotellrum-i-morse\/#primaryimage"},"thumbnailUrl":"https:\/\/lightweb.dev\/l\/svm-temp\/wp-content\/uploads\/2022\/06\/maria-de-villota-funnen-dod-pa-hotellrum-i-morse.png","articleSection":["Arkiv","Nyheter"],"inLanguage":"sv-SE"},{"@type":"WebPage","@id":"https:\/\/lightweb.dev\/l\/svm-temp\/nyheter\/maria-de-villota-funnen-dod-pa-hotellrum-i-morse\/","url":"https:\/\/lightweb.dev\/l\/svm-temp\/nyheter\/maria-de-villota-funnen-dod-pa-hotellrum-i-morse\/","name":"Maria de Villota funnen d\u00f6d p\u00e5 hotellrum i morse - Svenska Magasinet","isPartOf":{"@id":"https:\/\/lightweb.dev\/l\/svm-temp\/#website"},"primaryImageOfPage":{"@id":"https:\/\/lightweb.dev\/l\/svm-temp\/nyheter\/maria-de-villota-funnen-dod-pa-hotellrum-i-morse\/#primaryimage"},"image":{"@id":"https:\/\/lightweb.dev\/l\/svm-temp\/nyheter\/maria-de-villota-funnen-dod-pa-hotellrum-i-morse\/#primaryimage"},"thumbnailUrl":"https:\/\/lightweb.dev\/l\/svm-temp\/wp-content\/uploads\/2022\/06\/maria-de-villota-funnen-dod-pa-hotellrum-i-morse.png","datePublished":"2013-10-10T22:00:00+00:00","breadcrumb":{"@id":"https:\/\/lightweb.dev\/l\/svm-temp\/nyheter\/maria-de-villota-funnen-dod-pa-hotellrum-i-morse\/#breadcrumb"},"inLanguage":"sv-SE","potentialAction":[{"@type":"ReadAction","target":["https:\/\/lightweb.dev\/l\/svm-temp\/nyheter\/maria-de-villota-funnen-dod-pa-hotellrum-i-morse\/"]}]},{"@type":"ImageObject","inLanguage":"sv-SE","@id":"https:\/\/lightweb.dev\/l\/svm-temp\/nyheter\/maria-de-villota-funnen-dod-pa-hotellrum-i-morse\/#primaryimage","url":"https:\/\/lightweb.dev\/l\/svm-temp\/wp-content\/uploads\/2022\/06\/maria-de-villota-funnen-dod-pa-hotellrum-i-morse.png","contentUrl":"https:\/\/lightweb.dev\/l\/svm-temp\/wp-content\/uploads\/2022\/06\/maria-de-villota-funnen-dod-pa-hotellrum-i-morse.png","width":280,"height":384},{"@type":"BreadcrumbList","@id":"https:\/\/lightweb.dev\/l\/svm-temp\/nyheter\/maria-de-villota-funnen-dod-pa-hotellrum-i-morse\/#breadcrumb","itemListElement":[{"@type":"ListItem","position":1,"name":"Hem","item":"https:\/\/lightweb.dev\/l\/svm-temp\/"},{"@type":"ListItem","position":2,"name":"Maria de Villota funnen d\u00f6d p\u00e5 hotellrum i morse"}]},{"@type":"WebSite","@id":"https:\/\/lightweb.dev\/l\/svm-temp\/#website","url":"https:\/\/lightweb.dev\/l\/svm-temp\/","name":"Svenska Magasinet","description":"Dina Spanska nyheter p&aring; Svenska","publisher":{"@id":"https:\/\/lightweb.dev\/l\/svm-temp\/#organization"},"potentialAction":[{"@type":"SearchAction","target":{"@type":"EntryPoint","urlTemplate":"https:\/\/lightweb.dev\/l\/svm-temp\/?s={search_term_string}"},"query-input":{"@type":"PropertyValueSpecification","valueRequired":true,"valueName":"search_term_string"}}],"inLanguage":"sv-SE"},{"@type":"Organization","@id":"https:\/\/lightweb.dev\/l\/svm-temp\/#organization","name":"Melkerson y Nott SL","alternateName":"Svenska Magasinet","url":"https:\/\/lightweb.dev\/l\/svm-temp\/","logo":{"@type":"ImageObject","inLanguage":"sv-SE","@id":"https:\/\/lightweb.dev\/l\/svm-temp\/#\/schema\/logo\/image\/","url":"https:\/\/lightweb.dev\/l\/svm-temp\/wp-content\/uploads\/2025\/02\/SvM-logo-Xtra-Centrerad-SVART.png","contentUrl":"https:\/\/lightweb.dev\/l\/svm-temp\/wp-content\/uploads\/2025\/02\/SvM-logo-Xtra-Centrerad-SVART.png","width":300,"height":99,"caption":"Melkerson y Nott SL"},"image":{"@id":"https:\/\/lightweb.dev\/l\/svm-temp\/#\/schema\/logo\/image\/"},"sameAs":["https:\/\/www.facebook.com\/svenskamagasinet","https:\/\/x.com\/SvenskaMagasine"]},{"@type":"Person","@id":"https:\/\/lightweb.dev\/l\/svm-temp\/#\/schema\/person\/206a3bda5b607b0c25e1749191e4d837","name":"Redaktionen SvM","description":"Redaktionen","sameAs":["https:\/\/lightweb.dev\/l\/svm-temp"],"url":"https:\/\/lightweb.dev\/l\/svm-temp\/reporter\/redaktionen\/"}]}},"_links":{"self":[{"href":"https:\/\/lightweb.dev\/l\/svm-temp\/wp-json\/wp\/v2\/posts\/28755","targetHints":{"allow":["GET"]}}],"collection":[{"href":"https:\/\/lightweb.dev\/l\/svm-temp\/wp-json\/wp\/v2\/posts"}],"about":[{"href":"https:\/\/lightweb.dev\/l\/svm-temp\/wp-json\/wp\/v2\/types\/post"}],"author":[{"embeddable":true,"href":"https:\/\/lightweb.dev\/l\/svm-temp\/wp-json\/wp\/v2\/users\/8"}],"replies":[{"embeddable":true,"href":"https:\/\/lightweb.dev\/l\/svm-temp\/wp-json\/wp\/v2\/comments?post=28755"}],"version-history":[{"count":0,"href":"https:\/\/lightweb.dev\/l\/svm-temp\/wp-json\/wp\/v2\/posts\/28755\/revisions"}],"wp:featuredmedia":[{"embeddable":true,"href":"https:\/\/lightweb.dev\/l\/svm-temp\/wp-json\/wp\/v2\/media\/28758"}],"wp:attachment":[{"href":"https:\/\/lightweb.dev\/l\/svm-temp\/wp-json\/wp\/v2\/media?parent=28755"}],"wp:term":[{"taxonomy":"category","embeddable":true,"href":"https:\/\/lightweb.dev\/l\/svm-temp\/wp-json\/wp\/v2\/categories?post=28755"},{"taxonomy":"post_tag","embeddable":true,"href":"https:\/\/lightweb.dev\/l\/svm-temp\/wp-json\/wp\/v2\/tags?post=28755"}],"curies":[{"name":"wp","href":"https:\/\/api.w.org\/{rel}","templated":true}]}}