{"id":28785,"date":"2013-10-08T00:00:00","date_gmt":"2013-10-07T22:00:00","guid":{"rendered":"https:\/\/lightweb.dev\/l\/svm-temp\/nyheter\/santander-tar-over-kontrollen-av-el-corte-ingles\/"},"modified":"2013-10-08T00:00:00","modified_gmt":"2013-10-07T22:00:00","slug":"santander-tar-over-kontrollen-av-el-corte-ingles","status":"publish","type":"post","link":"https:\/\/lightweb.dev\/l\/svm-temp\/nyheter\/santander-tar-over-kontrollen-av-el-corte-ingles\/","title":{"rendered":"Santander tar \u00f6ver kontrollen av El Corte Ingl\u00e9s"},"content":{"rendered":"<p> Santander tar \u00f6ver den finansiella kontrollen \u00f6ver varuhuskedjan El Corte Ingl\u00e9s f\u00f6r 140 miljoner euro. Alliansen skapar en stor j\u00e4tte med nio miljoner kunder.<\/p>\n<p>Banco Santander och El Corte Ingl\u00e9s har n\u00e5tt en \u00f6verenskommelse att Santander Consumer Finance (SCF) som \u00e4r en filial till banken tar \u00f6ver 51 procent av El Corte Ingl\u00e9s. Alliansen kommer att skapa en j\u00e4tte med cirka nio miljoner kunder.<\/p>\n<p>Den spanska varuhuskedjan El Corte Ingl\u00e9s har brottats med stora ekonomiska problem. Nyligen n\u00e5dde de en uppg\u00f6relse med sina l\u00e5ngivare om skulder p\u00e5 3,8 miljarder euro vilket var 76 procent av den totala skulden.<\/p>\n<p>L\u00e5ngivarna Banco Santander, BBVA, Banco Sabadell, La Caixa, Bankia och Banco Popular som tillsammans st\u00e5r f\u00f6r tre fj\u00e4rdedelar av kedjans l\u00e5nefinansiering &#8211; har godk\u00e4nt en \u00f6verenskommelse om l\u00e5n som ska betalas senast 2021.<\/p>\n<p>El Corte Ingl\u00e9s, som inte \u00e4r b\u00f6rsnoterat, har 98.000 anst\u00e4llda.<\/p>\n<p>Spaniens kris fick f\u00f6rs\u00e4ljningen att minska med 3,9 procent 2011, medan vinsten f\u00f6ll med 34 procent. <\/p>\n","protected":false},"excerpt":{"rendered":"<p>Santander tar \u00f6ver den finansiella kontrollen \u00f6ver varuhuskedjan El Corte Ingl\u00e9s f\u00f6r 140 miljoner euro. Alliansen skapar en stor j\u00e4tte med nio miljoner kunder. Banco Santander och El Corte Ingl\u00e9s har n\u00e5tt en \u00f6verenskommelse att Santander Consumer Finance (SCF) som \u00e4r en filial till banken tar \u00f6ver 51 procent av El Corte Ingl\u00e9s. Alliansen kommer [&hellip;]<\/p>\n","protected":false},"author":8,"featured_media":28787,"comment_status":"open","ping_status":"open","sticky":false,"template":"","format":"standard","meta":{"_et_pb_use_builder":"","_et_pb_old_content":"","_et_gb_content_width":"","footnotes":""},"categories":[395,3],"tags":[],"class_list":["post-28785","post","type-post","status-publish","format-standard","has-post-thumbnail","hentry","category-arkiv-nyheter","category-nyheter"],"yoast_head":"<!-- This site is optimized with the Yoast SEO Premium plugin v26.2 (Yoast SEO v27.4) - https:\/\/yoast.com\/product\/yoast-seo-premium-wordpress\/ -->\n<title>Santander tar \u00f6ver kontrollen av El Corte Ingl\u00e9s - Svenska Magasinet<\/title>\n<meta name=\"robots\" content=\"noindex, follow, max-snippet:-1, max-image-preview:large, max-video-preview:-1\" \/>\n<meta property=\"og:locale\" content=\"sv_SE\" \/>\n<meta property=\"og:type\" content=\"article\" \/>\n<meta property=\"og:title\" content=\"Santander tar \u00f6ver kontrollen av El Corte Ingl\u00e9s\" \/>\n<meta property=\"og:description\" content=\"Santander tar \u00f6ver den finansiella kontrollen \u00f6ver varuhuskedjan El Corte Ingl\u00e9s f\u00f6r 140 miljoner euro. Alliansen skapar en stor j\u00e4tte med nio miljoner kunder. Banco Santander och El Corte Ingl\u00e9s har n\u00e5tt en \u00f6verenskommelse att Santander Consumer Finance (SCF) som \u00e4r en filial till banken tar \u00f6ver 51 procent av El Corte Ingl\u00e9s. Alliansen kommer [&hellip;]\" \/>\n<meta property=\"og:url\" content=\"https:\/\/lightweb.dev\/l\/svm-temp\/nyheter\/santander-tar-over-kontrollen-av-el-corte-ingles\/\" \/>\n<meta property=\"og:site_name\" content=\"Svenska Magasinet\" \/>\n<meta property=\"article:publisher\" content=\"https:\/\/www.facebook.com\/svenskamagasinet\" \/>\n<meta property=\"article:published_time\" content=\"2013-10-07T22:00:00+00:00\" \/>\n<meta name=\"author\" content=\"Redaktionen SvM\" \/>\n<meta name=\"twitter:card\" content=\"summary_large_image\" \/>\n<meta name=\"twitter:creator\" content=\"@SvenskaMagasine\" \/>\n<meta name=\"twitter:site\" content=\"@SvenskaMagasine\" \/>\n<script type=\"application\/ld+json\" class=\"yoast-schema-graph\">{\"@context\":\"https:\\\/\\\/schema.org\",\"@graph\":[{\"@type\":\"Article\",\"@id\":\"https:\\\/\\\/lightweb.dev\\\/l\\\/svm-temp\\\/nyheter\\\/santander-tar-over-kontrollen-av-el-corte-ingles\\\/#article\",\"isPartOf\":{\"@id\":\"https:\\\/\\\/lightweb.dev\\\/l\\\/svm-temp\\\/nyheter\\\/santander-tar-over-kontrollen-av-el-corte-ingles\\\/\"},\"author\":{\"name\":\"Redaktionen SvM\",\"@id\":\"https:\\\/\\\/lightweb.dev\\\/l\\\/svm-temp\\\/#\\\/schema\\\/person\\\/206a3bda5b607b0c25e1749191e4d837\"},\"headline\":\"Santander tar \u00f6ver kontrollen av El Corte Ingl\u00e9s\",\"datePublished\":\"2013-10-07T22:00:00+00:00\",\"mainEntityOfPage\":{\"@id\":\"https:\\\/\\\/lightweb.dev\\\/l\\\/svm-temp\\\/nyheter\\\/santander-tar-over-kontrollen-av-el-corte-ingles\\\/\"},\"wordCount\":181,\"commentCount\":0,\"publisher\":{\"@id\":\"https:\\\/\\\/lightweb.dev\\\/l\\\/svm-temp\\\/#organization\"},\"image\":{\"@id\":\"https:\\\/\\\/lightweb.dev\\\/l\\\/svm-temp\\\/nyheter\\\/santander-tar-over-kontrollen-av-el-corte-ingles\\\/#primaryimage\"},\"thumbnailUrl\":\"https:\\\/\\\/lightweb.dev\\\/l\\\/svm-temp\\\/wp-content\\\/uploads\\\/2022\\\/06\\\/santander-tar-over-kontrollen-av-el-corte-ingles.png\",\"articleSection\":[\"Arkiv\",\"Nyheter\"],\"inLanguage\":\"sv-SE\"},{\"@type\":\"WebPage\",\"@id\":\"https:\\\/\\\/lightweb.dev\\\/l\\\/svm-temp\\\/nyheter\\\/santander-tar-over-kontrollen-av-el-corte-ingles\\\/\",\"url\":\"https:\\\/\\\/lightweb.dev\\\/l\\\/svm-temp\\\/nyheter\\\/santander-tar-over-kontrollen-av-el-corte-ingles\\\/\",\"name\":\"Santander tar \u00f6ver kontrollen av El Corte Ingl\u00e9s - Svenska Magasinet\",\"isPartOf\":{\"@id\":\"https:\\\/\\\/lightweb.dev\\\/l\\\/svm-temp\\\/#website\"},\"primaryImageOfPage\":{\"@id\":\"https:\\\/\\\/lightweb.dev\\\/l\\\/svm-temp\\\/nyheter\\\/santander-tar-over-kontrollen-av-el-corte-ingles\\\/#primaryimage\"},\"image\":{\"@id\":\"https:\\\/\\\/lightweb.dev\\\/l\\\/svm-temp\\\/nyheter\\\/santander-tar-over-kontrollen-av-el-corte-ingles\\\/#primaryimage\"},\"thumbnailUrl\":\"https:\\\/\\\/lightweb.dev\\\/l\\\/svm-temp\\\/wp-content\\\/uploads\\\/2022\\\/06\\\/santander-tar-over-kontrollen-av-el-corte-ingles.png\",\"datePublished\":\"2013-10-07T22:00:00+00:00\",\"breadcrumb\":{\"@id\":\"https:\\\/\\\/lightweb.dev\\\/l\\\/svm-temp\\\/nyheter\\\/santander-tar-over-kontrollen-av-el-corte-ingles\\\/#breadcrumb\"},\"inLanguage\":\"sv-SE\",\"potentialAction\":[{\"@type\":\"ReadAction\",\"target\":[\"https:\\\/\\\/lightweb.dev\\\/l\\\/svm-temp\\\/nyheter\\\/santander-tar-over-kontrollen-av-el-corte-ingles\\\/\"]}]},{\"@type\":\"ImageObject\",\"inLanguage\":\"sv-SE\",\"@id\":\"https:\\\/\\\/lightweb.dev\\\/l\\\/svm-temp\\\/nyheter\\\/santander-tar-over-kontrollen-av-el-corte-ingles\\\/#primaryimage\",\"url\":\"https:\\\/\\\/lightweb.dev\\\/l\\\/svm-temp\\\/wp-content\\\/uploads\\\/2022\\\/06\\\/santander-tar-over-kontrollen-av-el-corte-ingles.png\",\"contentUrl\":\"https:\\\/\\\/lightweb.dev\\\/l\\\/svm-temp\\\/wp-content\\\/uploads\\\/2022\\\/06\\\/santander-tar-over-kontrollen-av-el-corte-ingles.png\",\"width\":299,\"height\":200,\"caption\":\"El Corte Ingl\u00e9s \u00e4r en av flera aff\u00e4rer och shoppingcenter som har \u00f6ppet imorgon och p\u00e5 andra helgdagar.\"},{\"@type\":\"BreadcrumbList\",\"@id\":\"https:\\\/\\\/lightweb.dev\\\/l\\\/svm-temp\\\/nyheter\\\/santander-tar-over-kontrollen-av-el-corte-ingles\\\/#breadcrumb\",\"itemListElement\":[{\"@type\":\"ListItem\",\"position\":1,\"name\":\"Hem\",\"item\":\"https:\\\/\\\/lightweb.dev\\\/l\\\/svm-temp\\\/\"},{\"@type\":\"ListItem\",\"position\":2,\"name\":\"Santander tar \u00f6ver kontrollen av El Corte Ingl\u00e9s\"}]},{\"@type\":\"WebSite\",\"@id\":\"https:\\\/\\\/lightweb.dev\\\/l\\\/svm-temp\\\/#website\",\"url\":\"https:\\\/\\\/lightweb.dev\\\/l\\\/svm-temp\\\/\",\"name\":\"Svenska Magasinet\",\"description\":\"Dina Spanska nyheter p&aring; Svenska\",\"publisher\":{\"@id\":\"https:\\\/\\\/lightweb.dev\\\/l\\\/svm-temp\\\/#organization\"},\"potentialAction\":[{\"@type\":\"SearchAction\",\"target\":{\"@type\":\"EntryPoint\",\"urlTemplate\":\"https:\\\/\\\/lightweb.dev\\\/l\\\/svm-temp\\\/?s={search_term_string}\"},\"query-input\":{\"@type\":\"PropertyValueSpecification\",\"valueRequired\":true,\"valueName\":\"search_term_string\"}}],\"inLanguage\":\"sv-SE\"},{\"@type\":\"Organization\",\"@id\":\"https:\\\/\\\/lightweb.dev\\\/l\\\/svm-temp\\\/#organization\",\"name\":\"Melkerson y Nott SL\",\"alternateName\":\"Svenska Magasinet\",\"url\":\"https:\\\/\\\/lightweb.dev\\\/l\\\/svm-temp\\\/\",\"logo\":{\"@type\":\"ImageObject\",\"inLanguage\":\"sv-SE\",\"@id\":\"https:\\\/\\\/lightweb.dev\\\/l\\\/svm-temp\\\/#\\\/schema\\\/logo\\\/image\\\/\",\"url\":\"https:\\\/\\\/lightweb.dev\\\/l\\\/svm-temp\\\/wp-content\\\/uploads\\\/2025\\\/02\\\/SvM-logo-Xtra-Centrerad-SVART.png\",\"contentUrl\":\"https:\\\/\\\/lightweb.dev\\\/l\\\/svm-temp\\\/wp-content\\\/uploads\\\/2025\\\/02\\\/SvM-logo-Xtra-Centrerad-SVART.png\",\"width\":300,\"height\":99,\"caption\":\"Melkerson y Nott SL\"},\"image\":{\"@id\":\"https:\\\/\\\/lightweb.dev\\\/l\\\/svm-temp\\\/#\\\/schema\\\/logo\\\/image\\\/\"},\"sameAs\":[\"https:\\\/\\\/www.facebook.com\\\/svenskamagasinet\",\"https:\\\/\\\/x.com\\\/SvenskaMagasine\"]},{\"@type\":\"Person\",\"@id\":\"https:\\\/\\\/lightweb.dev\\\/l\\\/svm-temp\\\/#\\\/schema\\\/person\\\/206a3bda5b607b0c25e1749191e4d837\",\"name\":\"Redaktionen SvM\",\"description\":\"Redaktionen\",\"sameAs\":[\"https:\\\/\\\/lightweb.dev\\\/l\\\/svm-temp\"],\"url\":\"https:\\\/\\\/lightweb.dev\\\/l\\\/svm-temp\\\/reporter\\\/redaktionen\\\/\"}]}<\/script>\n<!-- \/ Yoast SEO Premium plugin. -->","yoast_head_json":{"title":"Santander tar \u00f6ver kontrollen av El Corte Ingl\u00e9s - Svenska Magasinet","robots":{"index":"noindex","follow":"follow","max-snippet":"max-snippet:-1","max-image-preview":"max-image-preview:large","max-video-preview":"max-video-preview:-1"},"og_locale":"sv_SE","og_type":"article","og_title":"Santander tar \u00f6ver kontrollen av El Corte Ingl\u00e9s","og_description":"Santander tar \u00f6ver den finansiella kontrollen \u00f6ver varuhuskedjan El Corte Ingl\u00e9s f\u00f6r 140 miljoner euro. Alliansen skapar en stor j\u00e4tte med nio miljoner kunder. Banco Santander och El Corte Ingl\u00e9s har n\u00e5tt en \u00f6verenskommelse att Santander Consumer Finance (SCF) som \u00e4r en filial till banken tar \u00f6ver 51 procent av El Corte Ingl\u00e9s. Alliansen kommer [&hellip;]","og_url":"https:\/\/lightweb.dev\/l\/svm-temp\/nyheter\/santander-tar-over-kontrollen-av-el-corte-ingles\/","og_site_name":"Svenska Magasinet","article_publisher":"https:\/\/www.facebook.com\/svenskamagasinet","article_published_time":"2013-10-07T22:00:00+00:00","author":"Redaktionen SvM","twitter_card":"summary_large_image","twitter_creator":"@SvenskaMagasine","twitter_site":"@SvenskaMagasine","schema":{"@context":"https:\/\/schema.org","@graph":[{"@type":"Article","@id":"https:\/\/lightweb.dev\/l\/svm-temp\/nyheter\/santander-tar-over-kontrollen-av-el-corte-ingles\/#article","isPartOf":{"@id":"https:\/\/lightweb.dev\/l\/svm-temp\/nyheter\/santander-tar-over-kontrollen-av-el-corte-ingles\/"},"author":{"name":"Redaktionen SvM","@id":"https:\/\/lightweb.dev\/l\/svm-temp\/#\/schema\/person\/206a3bda5b607b0c25e1749191e4d837"},"headline":"Santander tar \u00f6ver kontrollen av El Corte Ingl\u00e9s","datePublished":"2013-10-07T22:00:00+00:00","mainEntityOfPage":{"@id":"https:\/\/lightweb.dev\/l\/svm-temp\/nyheter\/santander-tar-over-kontrollen-av-el-corte-ingles\/"},"wordCount":181,"commentCount":0,"publisher":{"@id":"https:\/\/lightweb.dev\/l\/svm-temp\/#organization"},"image":{"@id":"https:\/\/lightweb.dev\/l\/svm-temp\/nyheter\/santander-tar-over-kontrollen-av-el-corte-ingles\/#primaryimage"},"thumbnailUrl":"https:\/\/lightweb.dev\/l\/svm-temp\/wp-content\/uploads\/2022\/06\/santander-tar-over-kontrollen-av-el-corte-ingles.png","articleSection":["Arkiv","Nyheter"],"inLanguage":"sv-SE"},{"@type":"WebPage","@id":"https:\/\/lightweb.dev\/l\/svm-temp\/nyheter\/santander-tar-over-kontrollen-av-el-corte-ingles\/","url":"https:\/\/lightweb.dev\/l\/svm-temp\/nyheter\/santander-tar-over-kontrollen-av-el-corte-ingles\/","name":"Santander tar \u00f6ver kontrollen av El Corte Ingl\u00e9s - Svenska Magasinet","isPartOf":{"@id":"https:\/\/lightweb.dev\/l\/svm-temp\/#website"},"primaryImageOfPage":{"@id":"https:\/\/lightweb.dev\/l\/svm-temp\/nyheter\/santander-tar-over-kontrollen-av-el-corte-ingles\/#primaryimage"},"image":{"@id":"https:\/\/lightweb.dev\/l\/svm-temp\/nyheter\/santander-tar-over-kontrollen-av-el-corte-ingles\/#primaryimage"},"thumbnailUrl":"https:\/\/lightweb.dev\/l\/svm-temp\/wp-content\/uploads\/2022\/06\/santander-tar-over-kontrollen-av-el-corte-ingles.png","datePublished":"2013-10-07T22:00:00+00:00","breadcrumb":{"@id":"https:\/\/lightweb.dev\/l\/svm-temp\/nyheter\/santander-tar-over-kontrollen-av-el-corte-ingles\/#breadcrumb"},"inLanguage":"sv-SE","potentialAction":[{"@type":"ReadAction","target":["https:\/\/lightweb.dev\/l\/svm-temp\/nyheter\/santander-tar-over-kontrollen-av-el-corte-ingles\/"]}]},{"@type":"ImageObject","inLanguage":"sv-SE","@id":"https:\/\/lightweb.dev\/l\/svm-temp\/nyheter\/santander-tar-over-kontrollen-av-el-corte-ingles\/#primaryimage","url":"https:\/\/lightweb.dev\/l\/svm-temp\/wp-content\/uploads\/2022\/06\/santander-tar-over-kontrollen-av-el-corte-ingles.png","contentUrl":"https:\/\/lightweb.dev\/l\/svm-temp\/wp-content\/uploads\/2022\/06\/santander-tar-over-kontrollen-av-el-corte-ingles.png","width":299,"height":200,"caption":"El Corte Ingl\u00e9s \u00e4r en av flera aff\u00e4rer och shoppingcenter som har \u00f6ppet imorgon och p\u00e5 andra helgdagar."},{"@type":"BreadcrumbList","@id":"https:\/\/lightweb.dev\/l\/svm-temp\/nyheter\/santander-tar-over-kontrollen-av-el-corte-ingles\/#breadcrumb","itemListElement":[{"@type":"ListItem","position":1,"name":"Hem","item":"https:\/\/lightweb.dev\/l\/svm-temp\/"},{"@type":"ListItem","position":2,"name":"Santander tar \u00f6ver kontrollen av El Corte Ingl\u00e9s"}]},{"@type":"WebSite","@id":"https:\/\/lightweb.dev\/l\/svm-temp\/#website","url":"https:\/\/lightweb.dev\/l\/svm-temp\/","name":"Svenska Magasinet","description":"Dina Spanska nyheter p&aring; Svenska","publisher":{"@id":"https:\/\/lightweb.dev\/l\/svm-temp\/#organization"},"potentialAction":[{"@type":"SearchAction","target":{"@type":"EntryPoint","urlTemplate":"https:\/\/lightweb.dev\/l\/svm-temp\/?s={search_term_string}"},"query-input":{"@type":"PropertyValueSpecification","valueRequired":true,"valueName":"search_term_string"}}],"inLanguage":"sv-SE"},{"@type":"Organization","@id":"https:\/\/lightweb.dev\/l\/svm-temp\/#organization","name":"Melkerson y Nott SL","alternateName":"Svenska Magasinet","url":"https:\/\/lightweb.dev\/l\/svm-temp\/","logo":{"@type":"ImageObject","inLanguage":"sv-SE","@id":"https:\/\/lightweb.dev\/l\/svm-temp\/#\/schema\/logo\/image\/","url":"https:\/\/lightweb.dev\/l\/svm-temp\/wp-content\/uploads\/2025\/02\/SvM-logo-Xtra-Centrerad-SVART.png","contentUrl":"https:\/\/lightweb.dev\/l\/svm-temp\/wp-content\/uploads\/2025\/02\/SvM-logo-Xtra-Centrerad-SVART.png","width":300,"height":99,"caption":"Melkerson y Nott SL"},"image":{"@id":"https:\/\/lightweb.dev\/l\/svm-temp\/#\/schema\/logo\/image\/"},"sameAs":["https:\/\/www.facebook.com\/svenskamagasinet","https:\/\/x.com\/SvenskaMagasine"]},{"@type":"Person","@id":"https:\/\/lightweb.dev\/l\/svm-temp\/#\/schema\/person\/206a3bda5b607b0c25e1749191e4d837","name":"Redaktionen SvM","description":"Redaktionen","sameAs":["https:\/\/lightweb.dev\/l\/svm-temp"],"url":"https:\/\/lightweb.dev\/l\/svm-temp\/reporter\/redaktionen\/"}]}},"_links":{"self":[{"href":"https:\/\/lightweb.dev\/l\/svm-temp\/wp-json\/wp\/v2\/posts\/28785","targetHints":{"allow":["GET"]}}],"collection":[{"href":"https:\/\/lightweb.dev\/l\/svm-temp\/wp-json\/wp\/v2\/posts"}],"about":[{"href":"https:\/\/lightweb.dev\/l\/svm-temp\/wp-json\/wp\/v2\/types\/post"}],"author":[{"embeddable":true,"href":"https:\/\/lightweb.dev\/l\/svm-temp\/wp-json\/wp\/v2\/users\/8"}],"replies":[{"embeddable":true,"href":"https:\/\/lightweb.dev\/l\/svm-temp\/wp-json\/wp\/v2\/comments?post=28785"}],"version-history":[{"count":0,"href":"https:\/\/lightweb.dev\/l\/svm-temp\/wp-json\/wp\/v2\/posts\/28785\/revisions"}],"wp:featuredmedia":[{"embeddable":true,"href":"https:\/\/lightweb.dev\/l\/svm-temp\/wp-json\/wp\/v2\/media\/28787"}],"wp:attachment":[{"href":"https:\/\/lightweb.dev\/l\/svm-temp\/wp-json\/wp\/v2\/media?parent=28785"}],"wp:term":[{"taxonomy":"category","embeddable":true,"href":"https:\/\/lightweb.dev\/l\/svm-temp\/wp-json\/wp\/v2\/categories?post=28785"},{"taxonomy":"post_tag","embeddable":true,"href":"https:\/\/lightweb.dev\/l\/svm-temp\/wp-json\/wp\/v2\/tags?post=28785"}],"curies":[{"name":"wp","href":"https:\/\/api.w.org\/{rel}","templated":true}]}}