{"id":28807,"date":"2013-10-07T00:00:00","date_gmt":"2013-10-06T22:00:00","guid":{"rendered":"https:\/\/lightweb.dev\/l\/svm-temp\/nyheter\/munoz-det-viktiga-ar-nu-att-aterstalla-marbella\/"},"modified":"2013-10-07T00:00:00","modified_gmt":"2013-10-06T22:00:00","slug":"munoz-det-viktiga-ar-nu-att-aterstalla-marbella","status":"publish","type":"post","link":"https:\/\/lightweb.dev\/l\/svm-temp\/nyheter\/munoz-det-viktiga-ar-nu-att-aterstalla-marbella\/","title":{"rendered":"Mu\u00f1oz: \u201dDet viktiga \u00e4r nu att \u00e5terst\u00e4lla Marbella\u201d"},"content":{"rendered":"<p> \u201dJag \u00e4r glad \u00f6ver att pengarna \u00e5terbetalas till Marbella\u201d. Det s\u00e4ger Marbellas borgm\u00e4stare \u00c1ngeles Mu\u00f1oz i samband med en presskonferens p\u00e5 Parador de Golf d\u00e4r hon kommenterar r\u00e4ttens domslut i \u201dcaso Malaya\u201d.<\/p>\n<p>Mu\u00f1oz \u00e4r mycket n\u00f6jd med beslutet att pengarna fr\u00e5n de inbetalda b\u00f6terna som f\u00f6ljde med domarna kommer att g\u00e5 direkt till Marbella s\u00e5 att kommunen kan betala sina skatteskulder till Hacienda och till socialf\u00f6rs\u00e4kringssystemet Seguridad Social.<\/p>\n<p>\u201dEtt av de viktigaste kraven som vi la fr\u00e5n b\u00f6rjan var att pengarna som plundrades skulle tillbaka till Marbella. Och s\u00e5 blir det\u201d.<\/p>\n<p>Marbella kommun har undertecknade avtal om att betala av alla skulder som uppg\u00e5r till n\u00e4ra 300 miljoner euro. Skulden ska betalas av inom 40 \u00e5r med en procents r\u00e4nta. <\/p>\n","protected":false},"excerpt":{"rendered":"<p>\u201dJag \u00e4r glad \u00f6ver att pengarna \u00e5terbetalas till Marbella\u201d. Det s\u00e4ger Marbellas borgm\u00e4stare \u00c1ngeles Mu\u00f1oz i samband med en presskonferens p\u00e5 Parador de Golf d\u00e4r hon kommenterar r\u00e4ttens domslut i \u201dcaso Malaya\u201d. Mu\u00f1oz \u00e4r mycket n\u00f6jd med beslutet att pengarna fr\u00e5n de inbetalda b\u00f6terna som f\u00f6ljde med domarna kommer att g\u00e5 direkt till Marbella s\u00e5 [&hellip;]<\/p>\n","protected":false},"author":8,"featured_media":28812,"comment_status":"open","ping_status":"open","sticky":false,"template":"","format":"standard","meta":{"_et_pb_use_builder":"","_et_pb_old_content":"","_et_gb_content_width":"","footnotes":""},"categories":[395,3],"tags":[],"class_list":["post-28807","post","type-post","status-publish","format-standard","has-post-thumbnail","hentry","category-arkiv-nyheter","category-nyheter"],"yoast_head":"<!-- This site is optimized with the Yoast SEO Premium plugin v26.2 (Yoast SEO v27.4) - https:\/\/yoast.com\/product\/yoast-seo-premium-wordpress\/ -->\n<title>Mu\u00f1oz: \u201dDet viktiga \u00e4r nu att \u00e5terst\u00e4lla Marbella\u201d - Svenska Magasinet<\/title>\n<meta name=\"robots\" content=\"noindex, follow, max-snippet:-1, max-image-preview:large, max-video-preview:-1\" \/>\n<meta property=\"og:locale\" content=\"sv_SE\" \/>\n<meta property=\"og:type\" content=\"article\" \/>\n<meta property=\"og:title\" content=\"Mu\u00f1oz: \u201dDet viktiga \u00e4r nu att \u00e5terst\u00e4lla Marbella\u201d\" \/>\n<meta property=\"og:description\" content=\"\u201dJag \u00e4r glad \u00f6ver att pengarna \u00e5terbetalas till Marbella\u201d. Det s\u00e4ger Marbellas borgm\u00e4stare \u00c1ngeles Mu\u00f1oz i samband med en presskonferens p\u00e5 Parador de Golf d\u00e4r hon kommenterar r\u00e4ttens domslut i \u201dcaso Malaya\u201d. Mu\u00f1oz \u00e4r mycket n\u00f6jd med beslutet att pengarna fr\u00e5n de inbetalda b\u00f6terna som f\u00f6ljde med domarna kommer att g\u00e5 direkt till Marbella s\u00e5 [&hellip;]\" \/>\n<meta property=\"og:url\" content=\"https:\/\/lightweb.dev\/l\/svm-temp\/nyheter\/munoz-det-viktiga-ar-nu-att-aterstalla-marbella\/\" \/>\n<meta property=\"og:site_name\" content=\"Svenska Magasinet\" \/>\n<meta property=\"article:publisher\" content=\"https:\/\/www.facebook.com\/svenskamagasinet\" \/>\n<meta property=\"article:published_time\" content=\"2013-10-06T22:00:00+00:00\" \/>\n<meta name=\"author\" content=\"Redaktionen SvM\" \/>\n<meta name=\"twitter:card\" content=\"summary_large_image\" \/>\n<meta name=\"twitter:creator\" content=\"@SvenskaMagasine\" \/>\n<meta name=\"twitter:site\" content=\"@SvenskaMagasine\" \/>\n<script type=\"application\/ld+json\" class=\"yoast-schema-graph\">{\"@context\":\"https:\\\/\\\/schema.org\",\"@graph\":[{\"@type\":\"Article\",\"@id\":\"https:\\\/\\\/lightweb.dev\\\/l\\\/svm-temp\\\/nyheter\\\/munoz-det-viktiga-ar-nu-att-aterstalla-marbella\\\/#article\",\"isPartOf\":{\"@id\":\"https:\\\/\\\/lightweb.dev\\\/l\\\/svm-temp\\\/nyheter\\\/munoz-det-viktiga-ar-nu-att-aterstalla-marbella\\\/\"},\"author\":{\"name\":\"Redaktionen SvM\",\"@id\":\"https:\\\/\\\/lightweb.dev\\\/l\\\/svm-temp\\\/#\\\/schema\\\/person\\\/206a3bda5b607b0c25e1749191e4d837\"},\"headline\":\"Mu\u00f1oz: \u201dDet viktiga \u00e4r nu att \u00e5terst\u00e4lla Marbella\u201d\",\"datePublished\":\"2013-10-06T22:00:00+00:00\",\"mainEntityOfPage\":{\"@id\":\"https:\\\/\\\/lightweb.dev\\\/l\\\/svm-temp\\\/nyheter\\\/munoz-det-viktiga-ar-nu-att-aterstalla-marbella\\\/\"},\"wordCount\":145,\"commentCount\":0,\"publisher\":{\"@id\":\"https:\\\/\\\/lightweb.dev\\\/l\\\/svm-temp\\\/#organization\"},\"image\":{\"@id\":\"https:\\\/\\\/lightweb.dev\\\/l\\\/svm-temp\\\/nyheter\\\/munoz-det-viktiga-ar-nu-att-aterstalla-marbella\\\/#primaryimage\"},\"thumbnailUrl\":\"https:\\\/\\\/lightweb.dev\\\/l\\\/svm-temp\\\/wp-content\\\/uploads\\\/2022\\\/06\\\/muoz-det-viktiga-ar-nu-att-aterstalla-marbella-1.png\",\"articleSection\":[\"Arkiv\",\"Nyheter\"],\"inLanguage\":\"sv-SE\"},{\"@type\":\"WebPage\",\"@id\":\"https:\\\/\\\/lightweb.dev\\\/l\\\/svm-temp\\\/nyheter\\\/munoz-det-viktiga-ar-nu-att-aterstalla-marbella\\\/\",\"url\":\"https:\\\/\\\/lightweb.dev\\\/l\\\/svm-temp\\\/nyheter\\\/munoz-det-viktiga-ar-nu-att-aterstalla-marbella\\\/\",\"name\":\"Mu\u00f1oz: \u201dDet viktiga \u00e4r nu att \u00e5terst\u00e4lla Marbella\u201d - Svenska Magasinet\",\"isPartOf\":{\"@id\":\"https:\\\/\\\/lightweb.dev\\\/l\\\/svm-temp\\\/#website\"},\"primaryImageOfPage\":{\"@id\":\"https:\\\/\\\/lightweb.dev\\\/l\\\/svm-temp\\\/nyheter\\\/munoz-det-viktiga-ar-nu-att-aterstalla-marbella\\\/#primaryimage\"},\"image\":{\"@id\":\"https:\\\/\\\/lightweb.dev\\\/l\\\/svm-temp\\\/nyheter\\\/munoz-det-viktiga-ar-nu-att-aterstalla-marbella\\\/#primaryimage\"},\"thumbnailUrl\":\"https:\\\/\\\/lightweb.dev\\\/l\\\/svm-temp\\\/wp-content\\\/uploads\\\/2022\\\/06\\\/muoz-det-viktiga-ar-nu-att-aterstalla-marbella-1.png\",\"datePublished\":\"2013-10-06T22:00:00+00:00\",\"breadcrumb\":{\"@id\":\"https:\\\/\\\/lightweb.dev\\\/l\\\/svm-temp\\\/nyheter\\\/munoz-det-viktiga-ar-nu-att-aterstalla-marbella\\\/#breadcrumb\"},\"inLanguage\":\"sv-SE\",\"potentialAction\":[{\"@type\":\"ReadAction\",\"target\":[\"https:\\\/\\\/lightweb.dev\\\/l\\\/svm-temp\\\/nyheter\\\/munoz-det-viktiga-ar-nu-att-aterstalla-marbella\\\/\"]}]},{\"@type\":\"ImageObject\",\"inLanguage\":\"sv-SE\",\"@id\":\"https:\\\/\\\/lightweb.dev\\\/l\\\/svm-temp\\\/nyheter\\\/munoz-det-viktiga-ar-nu-att-aterstalla-marbella\\\/#primaryimage\",\"url\":\"https:\\\/\\\/lightweb.dev\\\/l\\\/svm-temp\\\/wp-content\\\/uploads\\\/2022\\\/06\\\/muoz-det-viktiga-ar-nu-att-aterstalla-marbella-1.png\",\"contentUrl\":\"https:\\\/\\\/lightweb.dev\\\/l\\\/svm-temp\\\/wp-content\\\/uploads\\\/2022\\\/06\\\/muoz-det-viktiga-ar-nu-att-aterstalla-marbella-1.png\",\"width\":299,\"height\":200},{\"@type\":\"BreadcrumbList\",\"@id\":\"https:\\\/\\\/lightweb.dev\\\/l\\\/svm-temp\\\/nyheter\\\/munoz-det-viktiga-ar-nu-att-aterstalla-marbella\\\/#breadcrumb\",\"itemListElement\":[{\"@type\":\"ListItem\",\"position\":1,\"name\":\"Hem\",\"item\":\"https:\\\/\\\/lightweb.dev\\\/l\\\/svm-temp\\\/\"},{\"@type\":\"ListItem\",\"position\":2,\"name\":\"Mu\u00f1oz: \u201dDet viktiga \u00e4r nu att \u00e5terst\u00e4lla Marbella\u201d\"}]},{\"@type\":\"WebSite\",\"@id\":\"https:\\\/\\\/lightweb.dev\\\/l\\\/svm-temp\\\/#website\",\"url\":\"https:\\\/\\\/lightweb.dev\\\/l\\\/svm-temp\\\/\",\"name\":\"Svenska Magasinet\",\"description\":\"Dina Spanska nyheter p&aring; Svenska\",\"publisher\":{\"@id\":\"https:\\\/\\\/lightweb.dev\\\/l\\\/svm-temp\\\/#organization\"},\"potentialAction\":[{\"@type\":\"SearchAction\",\"target\":{\"@type\":\"EntryPoint\",\"urlTemplate\":\"https:\\\/\\\/lightweb.dev\\\/l\\\/svm-temp\\\/?s={search_term_string}\"},\"query-input\":{\"@type\":\"PropertyValueSpecification\",\"valueRequired\":true,\"valueName\":\"search_term_string\"}}],\"inLanguage\":\"sv-SE\"},{\"@type\":\"Organization\",\"@id\":\"https:\\\/\\\/lightweb.dev\\\/l\\\/svm-temp\\\/#organization\",\"name\":\"Melkerson y Nott SL\",\"alternateName\":\"Svenska Magasinet\",\"url\":\"https:\\\/\\\/lightweb.dev\\\/l\\\/svm-temp\\\/\",\"logo\":{\"@type\":\"ImageObject\",\"inLanguage\":\"sv-SE\",\"@id\":\"https:\\\/\\\/lightweb.dev\\\/l\\\/svm-temp\\\/#\\\/schema\\\/logo\\\/image\\\/\",\"url\":\"https:\\\/\\\/lightweb.dev\\\/l\\\/svm-temp\\\/wp-content\\\/uploads\\\/2025\\\/02\\\/SvM-logo-Xtra-Centrerad-SVART.png\",\"contentUrl\":\"https:\\\/\\\/lightweb.dev\\\/l\\\/svm-temp\\\/wp-content\\\/uploads\\\/2025\\\/02\\\/SvM-logo-Xtra-Centrerad-SVART.png\",\"width\":300,\"height\":99,\"caption\":\"Melkerson y Nott SL\"},\"image\":{\"@id\":\"https:\\\/\\\/lightweb.dev\\\/l\\\/svm-temp\\\/#\\\/schema\\\/logo\\\/image\\\/\"},\"sameAs\":[\"https:\\\/\\\/www.facebook.com\\\/svenskamagasinet\",\"https:\\\/\\\/x.com\\\/SvenskaMagasine\"]},{\"@type\":\"Person\",\"@id\":\"https:\\\/\\\/lightweb.dev\\\/l\\\/svm-temp\\\/#\\\/schema\\\/person\\\/206a3bda5b607b0c25e1749191e4d837\",\"name\":\"Redaktionen SvM\",\"description\":\"Redaktionen\",\"sameAs\":[\"https:\\\/\\\/lightweb.dev\\\/l\\\/svm-temp\"],\"url\":\"https:\\\/\\\/lightweb.dev\\\/l\\\/svm-temp\\\/reporter\\\/redaktionen\\\/\"}]}<\/script>\n<!-- \/ Yoast SEO Premium plugin. -->","yoast_head_json":{"title":"Mu\u00f1oz: \u201dDet viktiga \u00e4r nu att \u00e5terst\u00e4lla Marbella\u201d - Svenska Magasinet","robots":{"index":"noindex","follow":"follow","max-snippet":"max-snippet:-1","max-image-preview":"max-image-preview:large","max-video-preview":"max-video-preview:-1"},"og_locale":"sv_SE","og_type":"article","og_title":"Mu\u00f1oz: \u201dDet viktiga \u00e4r nu att \u00e5terst\u00e4lla Marbella\u201d","og_description":"\u201dJag \u00e4r glad \u00f6ver att pengarna \u00e5terbetalas till Marbella\u201d. Det s\u00e4ger Marbellas borgm\u00e4stare \u00c1ngeles Mu\u00f1oz i samband med en presskonferens p\u00e5 Parador de Golf d\u00e4r hon kommenterar r\u00e4ttens domslut i \u201dcaso Malaya\u201d. Mu\u00f1oz \u00e4r mycket n\u00f6jd med beslutet att pengarna fr\u00e5n de inbetalda b\u00f6terna som f\u00f6ljde med domarna kommer att g\u00e5 direkt till Marbella s\u00e5 [&hellip;]","og_url":"https:\/\/lightweb.dev\/l\/svm-temp\/nyheter\/munoz-det-viktiga-ar-nu-att-aterstalla-marbella\/","og_site_name":"Svenska Magasinet","article_publisher":"https:\/\/www.facebook.com\/svenskamagasinet","article_published_time":"2013-10-06T22:00:00+00:00","author":"Redaktionen SvM","twitter_card":"summary_large_image","twitter_creator":"@SvenskaMagasine","twitter_site":"@SvenskaMagasine","schema":{"@context":"https:\/\/schema.org","@graph":[{"@type":"Article","@id":"https:\/\/lightweb.dev\/l\/svm-temp\/nyheter\/munoz-det-viktiga-ar-nu-att-aterstalla-marbella\/#article","isPartOf":{"@id":"https:\/\/lightweb.dev\/l\/svm-temp\/nyheter\/munoz-det-viktiga-ar-nu-att-aterstalla-marbella\/"},"author":{"name":"Redaktionen SvM","@id":"https:\/\/lightweb.dev\/l\/svm-temp\/#\/schema\/person\/206a3bda5b607b0c25e1749191e4d837"},"headline":"Mu\u00f1oz: \u201dDet viktiga \u00e4r nu att \u00e5terst\u00e4lla Marbella\u201d","datePublished":"2013-10-06T22:00:00+00:00","mainEntityOfPage":{"@id":"https:\/\/lightweb.dev\/l\/svm-temp\/nyheter\/munoz-det-viktiga-ar-nu-att-aterstalla-marbella\/"},"wordCount":145,"commentCount":0,"publisher":{"@id":"https:\/\/lightweb.dev\/l\/svm-temp\/#organization"},"image":{"@id":"https:\/\/lightweb.dev\/l\/svm-temp\/nyheter\/munoz-det-viktiga-ar-nu-att-aterstalla-marbella\/#primaryimage"},"thumbnailUrl":"https:\/\/lightweb.dev\/l\/svm-temp\/wp-content\/uploads\/2022\/06\/muoz-det-viktiga-ar-nu-att-aterstalla-marbella-1.png","articleSection":["Arkiv","Nyheter"],"inLanguage":"sv-SE"},{"@type":"WebPage","@id":"https:\/\/lightweb.dev\/l\/svm-temp\/nyheter\/munoz-det-viktiga-ar-nu-att-aterstalla-marbella\/","url":"https:\/\/lightweb.dev\/l\/svm-temp\/nyheter\/munoz-det-viktiga-ar-nu-att-aterstalla-marbella\/","name":"Mu\u00f1oz: \u201dDet viktiga \u00e4r nu att \u00e5terst\u00e4lla Marbella\u201d - Svenska Magasinet","isPartOf":{"@id":"https:\/\/lightweb.dev\/l\/svm-temp\/#website"},"primaryImageOfPage":{"@id":"https:\/\/lightweb.dev\/l\/svm-temp\/nyheter\/munoz-det-viktiga-ar-nu-att-aterstalla-marbella\/#primaryimage"},"image":{"@id":"https:\/\/lightweb.dev\/l\/svm-temp\/nyheter\/munoz-det-viktiga-ar-nu-att-aterstalla-marbella\/#primaryimage"},"thumbnailUrl":"https:\/\/lightweb.dev\/l\/svm-temp\/wp-content\/uploads\/2022\/06\/muoz-det-viktiga-ar-nu-att-aterstalla-marbella-1.png","datePublished":"2013-10-06T22:00:00+00:00","breadcrumb":{"@id":"https:\/\/lightweb.dev\/l\/svm-temp\/nyheter\/munoz-det-viktiga-ar-nu-att-aterstalla-marbella\/#breadcrumb"},"inLanguage":"sv-SE","potentialAction":[{"@type":"ReadAction","target":["https:\/\/lightweb.dev\/l\/svm-temp\/nyheter\/munoz-det-viktiga-ar-nu-att-aterstalla-marbella\/"]}]},{"@type":"ImageObject","inLanguage":"sv-SE","@id":"https:\/\/lightweb.dev\/l\/svm-temp\/nyheter\/munoz-det-viktiga-ar-nu-att-aterstalla-marbella\/#primaryimage","url":"https:\/\/lightweb.dev\/l\/svm-temp\/wp-content\/uploads\/2022\/06\/muoz-det-viktiga-ar-nu-att-aterstalla-marbella-1.png","contentUrl":"https:\/\/lightweb.dev\/l\/svm-temp\/wp-content\/uploads\/2022\/06\/muoz-det-viktiga-ar-nu-att-aterstalla-marbella-1.png","width":299,"height":200},{"@type":"BreadcrumbList","@id":"https:\/\/lightweb.dev\/l\/svm-temp\/nyheter\/munoz-det-viktiga-ar-nu-att-aterstalla-marbella\/#breadcrumb","itemListElement":[{"@type":"ListItem","position":1,"name":"Hem","item":"https:\/\/lightweb.dev\/l\/svm-temp\/"},{"@type":"ListItem","position":2,"name":"Mu\u00f1oz: \u201dDet viktiga \u00e4r nu att \u00e5terst\u00e4lla Marbella\u201d"}]},{"@type":"WebSite","@id":"https:\/\/lightweb.dev\/l\/svm-temp\/#website","url":"https:\/\/lightweb.dev\/l\/svm-temp\/","name":"Svenska Magasinet","description":"Dina Spanska nyheter p&aring; Svenska","publisher":{"@id":"https:\/\/lightweb.dev\/l\/svm-temp\/#organization"},"potentialAction":[{"@type":"SearchAction","target":{"@type":"EntryPoint","urlTemplate":"https:\/\/lightweb.dev\/l\/svm-temp\/?s={search_term_string}"},"query-input":{"@type":"PropertyValueSpecification","valueRequired":true,"valueName":"search_term_string"}}],"inLanguage":"sv-SE"},{"@type":"Organization","@id":"https:\/\/lightweb.dev\/l\/svm-temp\/#organization","name":"Melkerson y Nott SL","alternateName":"Svenska Magasinet","url":"https:\/\/lightweb.dev\/l\/svm-temp\/","logo":{"@type":"ImageObject","inLanguage":"sv-SE","@id":"https:\/\/lightweb.dev\/l\/svm-temp\/#\/schema\/logo\/image\/","url":"https:\/\/lightweb.dev\/l\/svm-temp\/wp-content\/uploads\/2025\/02\/SvM-logo-Xtra-Centrerad-SVART.png","contentUrl":"https:\/\/lightweb.dev\/l\/svm-temp\/wp-content\/uploads\/2025\/02\/SvM-logo-Xtra-Centrerad-SVART.png","width":300,"height":99,"caption":"Melkerson y Nott SL"},"image":{"@id":"https:\/\/lightweb.dev\/l\/svm-temp\/#\/schema\/logo\/image\/"},"sameAs":["https:\/\/www.facebook.com\/svenskamagasinet","https:\/\/x.com\/SvenskaMagasine"]},{"@type":"Person","@id":"https:\/\/lightweb.dev\/l\/svm-temp\/#\/schema\/person\/206a3bda5b607b0c25e1749191e4d837","name":"Redaktionen SvM","description":"Redaktionen","sameAs":["https:\/\/lightweb.dev\/l\/svm-temp"],"url":"https:\/\/lightweb.dev\/l\/svm-temp\/reporter\/redaktionen\/"}]}},"_links":{"self":[{"href":"https:\/\/lightweb.dev\/l\/svm-temp\/wp-json\/wp\/v2\/posts\/28807","targetHints":{"allow":["GET"]}}],"collection":[{"href":"https:\/\/lightweb.dev\/l\/svm-temp\/wp-json\/wp\/v2\/posts"}],"about":[{"href":"https:\/\/lightweb.dev\/l\/svm-temp\/wp-json\/wp\/v2\/types\/post"}],"author":[{"embeddable":true,"href":"https:\/\/lightweb.dev\/l\/svm-temp\/wp-json\/wp\/v2\/users\/8"}],"replies":[{"embeddable":true,"href":"https:\/\/lightweb.dev\/l\/svm-temp\/wp-json\/wp\/v2\/comments?post=28807"}],"version-history":[{"count":0,"href":"https:\/\/lightweb.dev\/l\/svm-temp\/wp-json\/wp\/v2\/posts\/28807\/revisions"}],"wp:featuredmedia":[{"embeddable":true,"href":"https:\/\/lightweb.dev\/l\/svm-temp\/wp-json\/wp\/v2\/media\/28812"}],"wp:attachment":[{"href":"https:\/\/lightweb.dev\/l\/svm-temp\/wp-json\/wp\/v2\/media?parent=28807"}],"wp:term":[{"taxonomy":"category","embeddable":true,"href":"https:\/\/lightweb.dev\/l\/svm-temp\/wp-json\/wp\/v2\/categories?post=28807"},{"taxonomy":"post_tag","embeddable":true,"href":"https:\/\/lightweb.dev\/l\/svm-temp\/wp-json\/wp\/v2\/tags?post=28807"}],"curies":[{"name":"wp","href":"https:\/\/api.w.org\/{rel}","templated":true}]}}