{"id":28813,"date":"2013-10-07T00:00:00","date_gmt":"2013-10-06T22:00:00","guid":{"rendered":"https:\/\/lightweb.dev\/l\/svm-temp\/nyheter\/kastanjeskorden-i-full-gang\/"},"modified":"2013-10-07T00:00:00","modified_gmt":"2013-10-06T22:00:00","slug":"kastanjeskorden-i-full-gang","status":"publish","type":"post","link":"https:\/\/lightweb.dev\/l\/svm-temp\/nyheter\/kastanjeskorden-i-full-gang\/","title":{"rendered":"Kastanjesk\u00f6rden i full g\u00e5ng"},"content":{"rendered":"<p> Just nu p\u00e5g\u00e5r sk\u00f6rden av kastanjer som b\u00e4st i Valle del Genal eller Genal-dalen i Rondabergen norr om Solkusten. Omr\u00e5det \u00e4r ledande i Andalusien n\u00e4r det g\u00e4ller kastanjer och det tredje st\u00f6rsta i Spanien skriver dagstidningen Diario SUR.<\/p>\n<p>Runt 1.500 familjer lever p\u00e5 kastanjeproduktionen i Serran\u00eda de Ronda. Fr\u00e5n mitten av september och tv\u00e5 m\u00e5nader fram\u00e5t sk\u00f6rdas kastanjerna. Flera av g\u00e5rdarna \u00e4r sm\u00e5, p\u00e5 cirka tre hektar, medan byar som Igualeja och Pujerra har g\u00e5rdar med mark p\u00e5 30 och 40 hektar.<\/p>\n<p>I \u00e5r v\u00e4ntas sk\u00f6rden hamna p\u00e5 fyra miljoner kilo vilket \u00e4r ett bra resultat j\u00e4mf\u00f6rt med fjol\u00e5ret. Tack vare den senaste vintern rika nederb\u00f6rd blir sk\u00f6rden st\u00f6rre i h\u00f6st.<\/p>\n<p>I provinsen M\u00e1laga finns de st\u00f6rsta kastanjeodlingarna i Valle del Genal med 4.000 hektar samt 300 hektar i Yunquera i Sierra de las Nieves.<\/p>\n<p>H\u00e4lften av sk\u00f6rden stannar i Spanien medans den andra h\u00e4lften g\u00e5r p\u00e5 export till Italien, Tyskland, Belgien, Holland och Frankrike. <\/p>\n","protected":false},"excerpt":{"rendered":"<p>Just nu p\u00e5g\u00e5r sk\u00f6rden av kastanjer som b\u00e4st i Valle del Genal eller Genal-dalen i Rondabergen norr om Solkusten. Omr\u00e5det \u00e4r ledande i Andalusien n\u00e4r det g\u00e4ller kastanjer och det tredje st\u00f6rsta i Spanien skriver dagstidningen Diario SUR. Runt 1.500 familjer lever p\u00e5 kastanjeproduktionen i Serran\u00eda de Ronda. Fr\u00e5n mitten av september och tv\u00e5 m\u00e5nader [&hellip;]<\/p>\n","protected":false},"author":8,"featured_media":28816,"comment_status":"open","ping_status":"open","sticky":false,"template":"","format":"standard","meta":{"_et_pb_use_builder":"","_et_pb_old_content":"","_et_gb_content_width":"","footnotes":""},"categories":[395,3],"tags":[],"class_list":["post-28813","post","type-post","status-publish","format-standard","has-post-thumbnail","hentry","category-arkiv-nyheter","category-nyheter"],"yoast_head":"<!-- This site is optimized with the Yoast SEO Premium plugin v26.2 (Yoast SEO v27.4) - https:\/\/yoast.com\/product\/yoast-seo-premium-wordpress\/ -->\n<title>Kastanjesk\u00f6rden i full g\u00e5ng - Svenska Magasinet<\/title>\n<meta name=\"robots\" content=\"noindex, follow, max-snippet:-1, max-image-preview:large, max-video-preview:-1\" \/>\n<meta property=\"og:locale\" content=\"sv_SE\" \/>\n<meta property=\"og:type\" content=\"article\" \/>\n<meta property=\"og:title\" content=\"Kastanjesk\u00f6rden i full g\u00e5ng\" \/>\n<meta property=\"og:description\" content=\"Just nu p\u00e5g\u00e5r sk\u00f6rden av kastanjer som b\u00e4st i Valle del Genal eller Genal-dalen i Rondabergen norr om Solkusten. Omr\u00e5det \u00e4r ledande i Andalusien n\u00e4r det g\u00e4ller kastanjer och det tredje st\u00f6rsta i Spanien skriver dagstidningen Diario SUR. Runt 1.500 familjer lever p\u00e5 kastanjeproduktionen i Serran\u00eda de Ronda. Fr\u00e5n mitten av september och tv\u00e5 m\u00e5nader [&hellip;]\" \/>\n<meta property=\"og:url\" content=\"https:\/\/lightweb.dev\/l\/svm-temp\/nyheter\/kastanjeskorden-i-full-gang\/\" \/>\n<meta property=\"og:site_name\" content=\"Svenska Magasinet\" \/>\n<meta property=\"article:publisher\" content=\"https:\/\/www.facebook.com\/svenskamagasinet\" \/>\n<meta property=\"article:published_time\" content=\"2013-10-06T22:00:00+00:00\" \/>\n<meta name=\"author\" content=\"Redaktionen SvM\" \/>\n<meta name=\"twitter:card\" content=\"summary_large_image\" \/>\n<meta name=\"twitter:creator\" content=\"@SvenskaMagasine\" \/>\n<meta name=\"twitter:site\" content=\"@SvenskaMagasine\" \/>\n<script type=\"application\/ld+json\" class=\"yoast-schema-graph\">{\"@context\":\"https:\\\/\\\/schema.org\",\"@graph\":[{\"@type\":\"Article\",\"@id\":\"https:\\\/\\\/lightweb.dev\\\/l\\\/svm-temp\\\/nyheter\\\/kastanjeskorden-i-full-gang\\\/#article\",\"isPartOf\":{\"@id\":\"https:\\\/\\\/lightweb.dev\\\/l\\\/svm-temp\\\/nyheter\\\/kastanjeskorden-i-full-gang\\\/\"},\"author\":{\"name\":\"Redaktionen SvM\",\"@id\":\"https:\\\/\\\/lightweb.dev\\\/l\\\/svm-temp\\\/#\\\/schema\\\/person\\\/206a3bda5b607b0c25e1749191e4d837\"},\"headline\":\"Kastanjesk\u00f6rden i full g\u00e5ng\",\"datePublished\":\"2013-10-06T22:00:00+00:00\",\"mainEntityOfPage\":{\"@id\":\"https:\\\/\\\/lightweb.dev\\\/l\\\/svm-temp\\\/nyheter\\\/kastanjeskorden-i-full-gang\\\/\"},\"wordCount\":186,\"commentCount\":0,\"publisher\":{\"@id\":\"https:\\\/\\\/lightweb.dev\\\/l\\\/svm-temp\\\/#organization\"},\"image\":{\"@id\":\"https:\\\/\\\/lightweb.dev\\\/l\\\/svm-temp\\\/nyheter\\\/kastanjeskorden-i-full-gang\\\/#primaryimage\"},\"thumbnailUrl\":\"https:\\\/\\\/lightweb.dev\\\/l\\\/svm-temp\\\/wp-content\\\/uploads\\\/2022\\\/06\\\/kastanjeskorden-i-full-gang.png\",\"articleSection\":[\"Arkiv\",\"Nyheter\"],\"inLanguage\":\"sv-SE\"},{\"@type\":\"WebPage\",\"@id\":\"https:\\\/\\\/lightweb.dev\\\/l\\\/svm-temp\\\/nyheter\\\/kastanjeskorden-i-full-gang\\\/\",\"url\":\"https:\\\/\\\/lightweb.dev\\\/l\\\/svm-temp\\\/nyheter\\\/kastanjeskorden-i-full-gang\\\/\",\"name\":\"Kastanjesk\u00f6rden i full g\u00e5ng - Svenska Magasinet\",\"isPartOf\":{\"@id\":\"https:\\\/\\\/lightweb.dev\\\/l\\\/svm-temp\\\/#website\"},\"primaryImageOfPage\":{\"@id\":\"https:\\\/\\\/lightweb.dev\\\/l\\\/svm-temp\\\/nyheter\\\/kastanjeskorden-i-full-gang\\\/#primaryimage\"},\"image\":{\"@id\":\"https:\\\/\\\/lightweb.dev\\\/l\\\/svm-temp\\\/nyheter\\\/kastanjeskorden-i-full-gang\\\/#primaryimage\"},\"thumbnailUrl\":\"https:\\\/\\\/lightweb.dev\\\/l\\\/svm-temp\\\/wp-content\\\/uploads\\\/2022\\\/06\\\/kastanjeskorden-i-full-gang.png\",\"datePublished\":\"2013-10-06T22:00:00+00:00\",\"breadcrumb\":{\"@id\":\"https:\\\/\\\/lightweb.dev\\\/l\\\/svm-temp\\\/nyheter\\\/kastanjeskorden-i-full-gang\\\/#breadcrumb\"},\"inLanguage\":\"sv-SE\",\"potentialAction\":[{\"@type\":\"ReadAction\",\"target\":[\"https:\\\/\\\/lightweb.dev\\\/l\\\/svm-temp\\\/nyheter\\\/kastanjeskorden-i-full-gang\\\/\"]}]},{\"@type\":\"ImageObject\",\"inLanguage\":\"sv-SE\",\"@id\":\"https:\\\/\\\/lightweb.dev\\\/l\\\/svm-temp\\\/nyheter\\\/kastanjeskorden-i-full-gang\\\/#primaryimage\",\"url\":\"https:\\\/\\\/lightweb.dev\\\/l\\\/svm-temp\\\/wp-content\\\/uploads\\\/2022\\\/06\\\/kastanjeskorden-i-full-gang.png\",\"contentUrl\":\"https:\\\/\\\/lightweb.dev\\\/l\\\/svm-temp\\\/wp-content\\\/uploads\\\/2022\\\/06\\\/kastanjeskorden-i-full-gang.png\",\"width\":280,\"height\":206},{\"@type\":\"BreadcrumbList\",\"@id\":\"https:\\\/\\\/lightweb.dev\\\/l\\\/svm-temp\\\/nyheter\\\/kastanjeskorden-i-full-gang\\\/#breadcrumb\",\"itemListElement\":[{\"@type\":\"ListItem\",\"position\":1,\"name\":\"Hem\",\"item\":\"https:\\\/\\\/lightweb.dev\\\/l\\\/svm-temp\\\/\"},{\"@type\":\"ListItem\",\"position\":2,\"name\":\"Kastanjesk\u00f6rden i full g\u00e5ng\"}]},{\"@type\":\"WebSite\",\"@id\":\"https:\\\/\\\/lightweb.dev\\\/l\\\/svm-temp\\\/#website\",\"url\":\"https:\\\/\\\/lightweb.dev\\\/l\\\/svm-temp\\\/\",\"name\":\"Svenska Magasinet\",\"description\":\"Dina Spanska nyheter p&aring; Svenska\",\"publisher\":{\"@id\":\"https:\\\/\\\/lightweb.dev\\\/l\\\/svm-temp\\\/#organization\"},\"potentialAction\":[{\"@type\":\"SearchAction\",\"target\":{\"@type\":\"EntryPoint\",\"urlTemplate\":\"https:\\\/\\\/lightweb.dev\\\/l\\\/svm-temp\\\/?s={search_term_string}\"},\"query-input\":{\"@type\":\"PropertyValueSpecification\",\"valueRequired\":true,\"valueName\":\"search_term_string\"}}],\"inLanguage\":\"sv-SE\"},{\"@type\":\"Organization\",\"@id\":\"https:\\\/\\\/lightweb.dev\\\/l\\\/svm-temp\\\/#organization\",\"name\":\"Melkerson y Nott SL\",\"alternateName\":\"Svenska Magasinet\",\"url\":\"https:\\\/\\\/lightweb.dev\\\/l\\\/svm-temp\\\/\",\"logo\":{\"@type\":\"ImageObject\",\"inLanguage\":\"sv-SE\",\"@id\":\"https:\\\/\\\/lightweb.dev\\\/l\\\/svm-temp\\\/#\\\/schema\\\/logo\\\/image\\\/\",\"url\":\"https:\\\/\\\/lightweb.dev\\\/l\\\/svm-temp\\\/wp-content\\\/uploads\\\/2025\\\/02\\\/SvM-logo-Xtra-Centrerad-SVART.png\",\"contentUrl\":\"https:\\\/\\\/lightweb.dev\\\/l\\\/svm-temp\\\/wp-content\\\/uploads\\\/2025\\\/02\\\/SvM-logo-Xtra-Centrerad-SVART.png\",\"width\":300,\"height\":99,\"caption\":\"Melkerson y Nott SL\"},\"image\":{\"@id\":\"https:\\\/\\\/lightweb.dev\\\/l\\\/svm-temp\\\/#\\\/schema\\\/logo\\\/image\\\/\"},\"sameAs\":[\"https:\\\/\\\/www.facebook.com\\\/svenskamagasinet\",\"https:\\\/\\\/x.com\\\/SvenskaMagasine\"]},{\"@type\":\"Person\",\"@id\":\"https:\\\/\\\/lightweb.dev\\\/l\\\/svm-temp\\\/#\\\/schema\\\/person\\\/206a3bda5b607b0c25e1749191e4d837\",\"name\":\"Redaktionen SvM\",\"description\":\"Redaktionen\",\"sameAs\":[\"https:\\\/\\\/lightweb.dev\\\/l\\\/svm-temp\"],\"url\":\"https:\\\/\\\/lightweb.dev\\\/l\\\/svm-temp\\\/reporter\\\/redaktionen\\\/\"}]}<\/script>\n<!-- \/ Yoast SEO Premium plugin. -->","yoast_head_json":{"title":"Kastanjesk\u00f6rden i full g\u00e5ng - Svenska Magasinet","robots":{"index":"noindex","follow":"follow","max-snippet":"max-snippet:-1","max-image-preview":"max-image-preview:large","max-video-preview":"max-video-preview:-1"},"og_locale":"sv_SE","og_type":"article","og_title":"Kastanjesk\u00f6rden i full g\u00e5ng","og_description":"Just nu p\u00e5g\u00e5r sk\u00f6rden av kastanjer som b\u00e4st i Valle del Genal eller Genal-dalen i Rondabergen norr om Solkusten. Omr\u00e5det \u00e4r ledande i Andalusien n\u00e4r det g\u00e4ller kastanjer och det tredje st\u00f6rsta i Spanien skriver dagstidningen Diario SUR. Runt 1.500 familjer lever p\u00e5 kastanjeproduktionen i Serran\u00eda de Ronda. Fr\u00e5n mitten av september och tv\u00e5 m\u00e5nader [&hellip;]","og_url":"https:\/\/lightweb.dev\/l\/svm-temp\/nyheter\/kastanjeskorden-i-full-gang\/","og_site_name":"Svenska Magasinet","article_publisher":"https:\/\/www.facebook.com\/svenskamagasinet","article_published_time":"2013-10-06T22:00:00+00:00","author":"Redaktionen SvM","twitter_card":"summary_large_image","twitter_creator":"@SvenskaMagasine","twitter_site":"@SvenskaMagasine","schema":{"@context":"https:\/\/schema.org","@graph":[{"@type":"Article","@id":"https:\/\/lightweb.dev\/l\/svm-temp\/nyheter\/kastanjeskorden-i-full-gang\/#article","isPartOf":{"@id":"https:\/\/lightweb.dev\/l\/svm-temp\/nyheter\/kastanjeskorden-i-full-gang\/"},"author":{"name":"Redaktionen SvM","@id":"https:\/\/lightweb.dev\/l\/svm-temp\/#\/schema\/person\/206a3bda5b607b0c25e1749191e4d837"},"headline":"Kastanjesk\u00f6rden i full g\u00e5ng","datePublished":"2013-10-06T22:00:00+00:00","mainEntityOfPage":{"@id":"https:\/\/lightweb.dev\/l\/svm-temp\/nyheter\/kastanjeskorden-i-full-gang\/"},"wordCount":186,"commentCount":0,"publisher":{"@id":"https:\/\/lightweb.dev\/l\/svm-temp\/#organization"},"image":{"@id":"https:\/\/lightweb.dev\/l\/svm-temp\/nyheter\/kastanjeskorden-i-full-gang\/#primaryimage"},"thumbnailUrl":"https:\/\/lightweb.dev\/l\/svm-temp\/wp-content\/uploads\/2022\/06\/kastanjeskorden-i-full-gang.png","articleSection":["Arkiv","Nyheter"],"inLanguage":"sv-SE"},{"@type":"WebPage","@id":"https:\/\/lightweb.dev\/l\/svm-temp\/nyheter\/kastanjeskorden-i-full-gang\/","url":"https:\/\/lightweb.dev\/l\/svm-temp\/nyheter\/kastanjeskorden-i-full-gang\/","name":"Kastanjesk\u00f6rden i full g\u00e5ng - Svenska Magasinet","isPartOf":{"@id":"https:\/\/lightweb.dev\/l\/svm-temp\/#website"},"primaryImageOfPage":{"@id":"https:\/\/lightweb.dev\/l\/svm-temp\/nyheter\/kastanjeskorden-i-full-gang\/#primaryimage"},"image":{"@id":"https:\/\/lightweb.dev\/l\/svm-temp\/nyheter\/kastanjeskorden-i-full-gang\/#primaryimage"},"thumbnailUrl":"https:\/\/lightweb.dev\/l\/svm-temp\/wp-content\/uploads\/2022\/06\/kastanjeskorden-i-full-gang.png","datePublished":"2013-10-06T22:00:00+00:00","breadcrumb":{"@id":"https:\/\/lightweb.dev\/l\/svm-temp\/nyheter\/kastanjeskorden-i-full-gang\/#breadcrumb"},"inLanguage":"sv-SE","potentialAction":[{"@type":"ReadAction","target":["https:\/\/lightweb.dev\/l\/svm-temp\/nyheter\/kastanjeskorden-i-full-gang\/"]}]},{"@type":"ImageObject","inLanguage":"sv-SE","@id":"https:\/\/lightweb.dev\/l\/svm-temp\/nyheter\/kastanjeskorden-i-full-gang\/#primaryimage","url":"https:\/\/lightweb.dev\/l\/svm-temp\/wp-content\/uploads\/2022\/06\/kastanjeskorden-i-full-gang.png","contentUrl":"https:\/\/lightweb.dev\/l\/svm-temp\/wp-content\/uploads\/2022\/06\/kastanjeskorden-i-full-gang.png","width":280,"height":206},{"@type":"BreadcrumbList","@id":"https:\/\/lightweb.dev\/l\/svm-temp\/nyheter\/kastanjeskorden-i-full-gang\/#breadcrumb","itemListElement":[{"@type":"ListItem","position":1,"name":"Hem","item":"https:\/\/lightweb.dev\/l\/svm-temp\/"},{"@type":"ListItem","position":2,"name":"Kastanjesk\u00f6rden i full g\u00e5ng"}]},{"@type":"WebSite","@id":"https:\/\/lightweb.dev\/l\/svm-temp\/#website","url":"https:\/\/lightweb.dev\/l\/svm-temp\/","name":"Svenska Magasinet","description":"Dina Spanska nyheter p&aring; Svenska","publisher":{"@id":"https:\/\/lightweb.dev\/l\/svm-temp\/#organization"},"potentialAction":[{"@type":"SearchAction","target":{"@type":"EntryPoint","urlTemplate":"https:\/\/lightweb.dev\/l\/svm-temp\/?s={search_term_string}"},"query-input":{"@type":"PropertyValueSpecification","valueRequired":true,"valueName":"search_term_string"}}],"inLanguage":"sv-SE"},{"@type":"Organization","@id":"https:\/\/lightweb.dev\/l\/svm-temp\/#organization","name":"Melkerson y Nott SL","alternateName":"Svenska Magasinet","url":"https:\/\/lightweb.dev\/l\/svm-temp\/","logo":{"@type":"ImageObject","inLanguage":"sv-SE","@id":"https:\/\/lightweb.dev\/l\/svm-temp\/#\/schema\/logo\/image\/","url":"https:\/\/lightweb.dev\/l\/svm-temp\/wp-content\/uploads\/2025\/02\/SvM-logo-Xtra-Centrerad-SVART.png","contentUrl":"https:\/\/lightweb.dev\/l\/svm-temp\/wp-content\/uploads\/2025\/02\/SvM-logo-Xtra-Centrerad-SVART.png","width":300,"height":99,"caption":"Melkerson y Nott SL"},"image":{"@id":"https:\/\/lightweb.dev\/l\/svm-temp\/#\/schema\/logo\/image\/"},"sameAs":["https:\/\/www.facebook.com\/svenskamagasinet","https:\/\/x.com\/SvenskaMagasine"]},{"@type":"Person","@id":"https:\/\/lightweb.dev\/l\/svm-temp\/#\/schema\/person\/206a3bda5b607b0c25e1749191e4d837","name":"Redaktionen SvM","description":"Redaktionen","sameAs":["https:\/\/lightweb.dev\/l\/svm-temp"],"url":"https:\/\/lightweb.dev\/l\/svm-temp\/reporter\/redaktionen\/"}]}},"_links":{"self":[{"href":"https:\/\/lightweb.dev\/l\/svm-temp\/wp-json\/wp\/v2\/posts\/28813","targetHints":{"allow":["GET"]}}],"collection":[{"href":"https:\/\/lightweb.dev\/l\/svm-temp\/wp-json\/wp\/v2\/posts"}],"about":[{"href":"https:\/\/lightweb.dev\/l\/svm-temp\/wp-json\/wp\/v2\/types\/post"}],"author":[{"embeddable":true,"href":"https:\/\/lightweb.dev\/l\/svm-temp\/wp-json\/wp\/v2\/users\/8"}],"replies":[{"embeddable":true,"href":"https:\/\/lightweb.dev\/l\/svm-temp\/wp-json\/wp\/v2\/comments?post=28813"}],"version-history":[{"count":0,"href":"https:\/\/lightweb.dev\/l\/svm-temp\/wp-json\/wp\/v2\/posts\/28813\/revisions"}],"wp:featuredmedia":[{"embeddable":true,"href":"https:\/\/lightweb.dev\/l\/svm-temp\/wp-json\/wp\/v2\/media\/28816"}],"wp:attachment":[{"href":"https:\/\/lightweb.dev\/l\/svm-temp\/wp-json\/wp\/v2\/media?parent=28813"}],"wp:term":[{"taxonomy":"category","embeddable":true,"href":"https:\/\/lightweb.dev\/l\/svm-temp\/wp-json\/wp\/v2\/categories?post=28813"},{"taxonomy":"post_tag","embeddable":true,"href":"https:\/\/lightweb.dev\/l\/svm-temp\/wp-json\/wp\/v2\/tags?post=28813"}],"curies":[{"name":"wp","href":"https:\/\/api.w.org\/{rel}","templated":true}]}}