{"id":28819,"date":"2013-10-04T00:00:00","date_gmt":"2013-10-03T22:00:00","guid":{"rendered":"https:\/\/lightweb.dev\/l\/svm-temp\/nyheter\/kronprinsen-presiderar-vid-nationaldagen-for-forsta-gangen\/"},"modified":"2013-10-04T00:00:00","modified_gmt":"2013-10-03T22:00:00","slug":"kronprinsen-presiderar-vid-nationaldagen-for-forsta-gangen","status":"publish","type":"post","link":"https:\/\/lightweb.dev\/l\/svm-temp\/nyheter\/kronprinsen-presiderar-vid-nationaldagen-for-forsta-gangen\/","title":{"rendered":"Kronprinsen presiderar vid nationaldagen f\u00f6r f\u00f6rsta g\u00e5ngen"},"content":{"rendered":"<p> Spaniens kronprins don Felipe de Borb\u00f3n kommer f\u00f6r f\u00f6rsta g\u00e5ngen att presidera vid milit\u00e4rparaden i samband med nationaldagen den 12 oktober. Kung Juan Carlos \u00e4r konvalescent p\u00e5 grund av den senaste h\u00f6ftoperation.<\/p>\n<p>\u201dPr\u00edncipe de Asturias\u201d tar plats i den kungliga tribunen d\u00e4r hittills kung Juan Carlos har varit i samband med milit\u00e4rparaden. Eftersom kungens h\u00e4lsotillst\u00e5nd inte till\u00e5ter honom att medverka blir det kronprinsen som \u00e4r den h\u00f6gsta myndigheten i samband med h\u00f6gtidligh\u00e5llandet den 12 oktober.<\/p>\n<p>Tillsammans med Don Felipe medverkar under Fiesta Nacional \u00e4ven drottningen do\u00f1a Sof\u00eda, prinsessan Letizia och prinsessan Infanta Elena.<\/p>\n<p>Det blir f\u00f6rsta g\u00e5ngen som kungen inte medverkar vid festligheterna den 12 oktober. Den spanske monarken kommer inte heller att medverka vid m\u00f6tet Cumbre Iberoamericana den 18 och 19 oktober i Panam\u00e1.<\/p>\n<p>I samband med det toppm\u00f6tet har Kungahuset redan gjort klart att prinsen inte kan ers\u00e4tta monarken eftersom m\u00f6tet \u00e4r reserverat f\u00f6r presidenter och statschefer. D\u00e4rf\u00f6r blir den spanska representationen premi\u00e4rminister Mariano Rajoy. <\/p>\n","protected":false},"excerpt":{"rendered":"<p>Spaniens kronprins don Felipe de Borb\u00f3n kommer f\u00f6r f\u00f6rsta g\u00e5ngen att presidera vid milit\u00e4rparaden i samband med nationaldagen den 12 oktober. Kung Juan Carlos \u00e4r konvalescent p\u00e5 grund av den senaste h\u00f6ftoperation. \u201dPr\u00edncipe de Asturias\u201d tar plats i den kungliga tribunen d\u00e4r hittills kung Juan Carlos har varit i samband med milit\u00e4rparaden. Eftersom kungens h\u00e4lsotillst\u00e5nd [&hellip;]<\/p>\n","protected":false},"author":8,"featured_media":28822,"comment_status":"open","ping_status":"open","sticky":false,"template":"","format":"standard","meta":{"_et_pb_use_builder":"","_et_pb_old_content":"","_et_gb_content_width":"","footnotes":""},"categories":[395,3],"tags":[],"class_list":["post-28819","post","type-post","status-publish","format-standard","has-post-thumbnail","hentry","category-arkiv-nyheter","category-nyheter"],"yoast_head":"<!-- This site is optimized with the Yoast SEO Premium plugin v26.2 (Yoast SEO v27.4) - https:\/\/yoast.com\/product\/yoast-seo-premium-wordpress\/ -->\n<title>Kronprinsen presiderar vid nationaldagen f\u00f6r f\u00f6rsta g\u00e5ngen - Svenska Magasinet<\/title>\n<meta name=\"robots\" content=\"noindex, follow, max-snippet:-1, max-image-preview:large, max-video-preview:-1\" \/>\n<meta property=\"og:locale\" content=\"sv_SE\" \/>\n<meta property=\"og:type\" content=\"article\" \/>\n<meta property=\"og:title\" content=\"Kronprinsen presiderar vid nationaldagen f\u00f6r f\u00f6rsta g\u00e5ngen\" \/>\n<meta property=\"og:description\" content=\"Spaniens kronprins don Felipe de Borb\u00f3n kommer f\u00f6r f\u00f6rsta g\u00e5ngen att presidera vid milit\u00e4rparaden i samband med nationaldagen den 12 oktober. Kung Juan Carlos \u00e4r konvalescent p\u00e5 grund av den senaste h\u00f6ftoperation. \u201dPr\u00edncipe de Asturias\u201d tar plats i den kungliga tribunen d\u00e4r hittills kung Juan Carlos har varit i samband med milit\u00e4rparaden. Eftersom kungens h\u00e4lsotillst\u00e5nd [&hellip;]\" \/>\n<meta property=\"og:url\" content=\"https:\/\/lightweb.dev\/l\/svm-temp\/nyheter\/kronprinsen-presiderar-vid-nationaldagen-for-forsta-gangen\/\" \/>\n<meta property=\"og:site_name\" content=\"Svenska Magasinet\" \/>\n<meta property=\"article:publisher\" content=\"https:\/\/www.facebook.com\/svenskamagasinet\" \/>\n<meta property=\"article:published_time\" content=\"2013-10-03T22:00:00+00:00\" \/>\n<meta name=\"author\" content=\"Redaktionen SvM\" \/>\n<meta name=\"twitter:card\" content=\"summary_large_image\" \/>\n<meta name=\"twitter:creator\" content=\"@SvenskaMagasine\" \/>\n<meta name=\"twitter:site\" content=\"@SvenskaMagasine\" \/>\n<script type=\"application\/ld+json\" class=\"yoast-schema-graph\">{\"@context\":\"https:\\\/\\\/schema.org\",\"@graph\":[{\"@type\":\"Article\",\"@id\":\"https:\\\/\\\/lightweb.dev\\\/l\\\/svm-temp\\\/nyheter\\\/kronprinsen-presiderar-vid-nationaldagen-for-forsta-gangen\\\/#article\",\"isPartOf\":{\"@id\":\"https:\\\/\\\/lightweb.dev\\\/l\\\/svm-temp\\\/nyheter\\\/kronprinsen-presiderar-vid-nationaldagen-for-forsta-gangen\\\/\"},\"author\":{\"name\":\"Redaktionen SvM\",\"@id\":\"https:\\\/\\\/lightweb.dev\\\/l\\\/svm-temp\\\/#\\\/schema\\\/person\\\/206a3bda5b607b0c25e1749191e4d837\"},\"headline\":\"Kronprinsen presiderar vid nationaldagen f\u00f6r f\u00f6rsta g\u00e5ngen\",\"datePublished\":\"2013-10-03T22:00:00+00:00\",\"mainEntityOfPage\":{\"@id\":\"https:\\\/\\\/lightweb.dev\\\/l\\\/svm-temp\\\/nyheter\\\/kronprinsen-presiderar-vid-nationaldagen-for-forsta-gangen\\\/\"},\"wordCount\":189,\"commentCount\":0,\"publisher\":{\"@id\":\"https:\\\/\\\/lightweb.dev\\\/l\\\/svm-temp\\\/#organization\"},\"image\":{\"@id\":\"https:\\\/\\\/lightweb.dev\\\/l\\\/svm-temp\\\/nyheter\\\/kronprinsen-presiderar-vid-nationaldagen-for-forsta-gangen\\\/#primaryimage\"},\"thumbnailUrl\":\"https:\\\/\\\/lightweb.dev\\\/l\\\/svm-temp\\\/wp-content\\\/uploads\\\/2022\\\/06\\\/kronprinsen-presiderar-vid-nationaldagen-for-forsta-gangen.png\",\"articleSection\":[\"Arkiv\",\"Nyheter\"],\"inLanguage\":\"sv-SE\"},{\"@type\":\"WebPage\",\"@id\":\"https:\\\/\\\/lightweb.dev\\\/l\\\/svm-temp\\\/nyheter\\\/kronprinsen-presiderar-vid-nationaldagen-for-forsta-gangen\\\/\",\"url\":\"https:\\\/\\\/lightweb.dev\\\/l\\\/svm-temp\\\/nyheter\\\/kronprinsen-presiderar-vid-nationaldagen-for-forsta-gangen\\\/\",\"name\":\"Kronprinsen presiderar vid nationaldagen f\u00f6r f\u00f6rsta g\u00e5ngen - Svenska Magasinet\",\"isPartOf\":{\"@id\":\"https:\\\/\\\/lightweb.dev\\\/l\\\/svm-temp\\\/#website\"},\"primaryImageOfPage\":{\"@id\":\"https:\\\/\\\/lightweb.dev\\\/l\\\/svm-temp\\\/nyheter\\\/kronprinsen-presiderar-vid-nationaldagen-for-forsta-gangen\\\/#primaryimage\"},\"image\":{\"@id\":\"https:\\\/\\\/lightweb.dev\\\/l\\\/svm-temp\\\/nyheter\\\/kronprinsen-presiderar-vid-nationaldagen-for-forsta-gangen\\\/#primaryimage\"},\"thumbnailUrl\":\"https:\\\/\\\/lightweb.dev\\\/l\\\/svm-temp\\\/wp-content\\\/uploads\\\/2022\\\/06\\\/kronprinsen-presiderar-vid-nationaldagen-for-forsta-gangen.png\",\"datePublished\":\"2013-10-03T22:00:00+00:00\",\"breadcrumb\":{\"@id\":\"https:\\\/\\\/lightweb.dev\\\/l\\\/svm-temp\\\/nyheter\\\/kronprinsen-presiderar-vid-nationaldagen-for-forsta-gangen\\\/#breadcrumb\"},\"inLanguage\":\"sv-SE\",\"potentialAction\":[{\"@type\":\"ReadAction\",\"target\":[\"https:\\\/\\\/lightweb.dev\\\/l\\\/svm-temp\\\/nyheter\\\/kronprinsen-presiderar-vid-nationaldagen-for-forsta-gangen\\\/\"]}]},{\"@type\":\"ImageObject\",\"inLanguage\":\"sv-SE\",\"@id\":\"https:\\\/\\\/lightweb.dev\\\/l\\\/svm-temp\\\/nyheter\\\/kronprinsen-presiderar-vid-nationaldagen-for-forsta-gangen\\\/#primaryimage\",\"url\":\"https:\\\/\\\/lightweb.dev\\\/l\\\/svm-temp\\\/wp-content\\\/uploads\\\/2022\\\/06\\\/kronprinsen-presiderar-vid-nationaldagen-for-forsta-gangen.png\",\"contentUrl\":\"https:\\\/\\\/lightweb.dev\\\/l\\\/svm-temp\\\/wp-content\\\/uploads\\\/2022\\\/06\\\/kronprinsen-presiderar-vid-nationaldagen-for-forsta-gangen.png\",\"width\":280,\"height\":206},{\"@type\":\"BreadcrumbList\",\"@id\":\"https:\\\/\\\/lightweb.dev\\\/l\\\/svm-temp\\\/nyheter\\\/kronprinsen-presiderar-vid-nationaldagen-for-forsta-gangen\\\/#breadcrumb\",\"itemListElement\":[{\"@type\":\"ListItem\",\"position\":1,\"name\":\"Hem\",\"item\":\"https:\\\/\\\/lightweb.dev\\\/l\\\/svm-temp\\\/\"},{\"@type\":\"ListItem\",\"position\":2,\"name\":\"Kronprinsen presiderar vid nationaldagen f\u00f6r f\u00f6rsta g\u00e5ngen\"}]},{\"@type\":\"WebSite\",\"@id\":\"https:\\\/\\\/lightweb.dev\\\/l\\\/svm-temp\\\/#website\",\"url\":\"https:\\\/\\\/lightweb.dev\\\/l\\\/svm-temp\\\/\",\"name\":\"Svenska Magasinet\",\"description\":\"Dina Spanska nyheter p&aring; Svenska\",\"publisher\":{\"@id\":\"https:\\\/\\\/lightweb.dev\\\/l\\\/svm-temp\\\/#organization\"},\"potentialAction\":[{\"@type\":\"SearchAction\",\"target\":{\"@type\":\"EntryPoint\",\"urlTemplate\":\"https:\\\/\\\/lightweb.dev\\\/l\\\/svm-temp\\\/?s={search_term_string}\"},\"query-input\":{\"@type\":\"PropertyValueSpecification\",\"valueRequired\":true,\"valueName\":\"search_term_string\"}}],\"inLanguage\":\"sv-SE\"},{\"@type\":\"Organization\",\"@id\":\"https:\\\/\\\/lightweb.dev\\\/l\\\/svm-temp\\\/#organization\",\"name\":\"Melkerson y Nott SL\",\"alternateName\":\"Svenska Magasinet\",\"url\":\"https:\\\/\\\/lightweb.dev\\\/l\\\/svm-temp\\\/\",\"logo\":{\"@type\":\"ImageObject\",\"inLanguage\":\"sv-SE\",\"@id\":\"https:\\\/\\\/lightweb.dev\\\/l\\\/svm-temp\\\/#\\\/schema\\\/logo\\\/image\\\/\",\"url\":\"https:\\\/\\\/lightweb.dev\\\/l\\\/svm-temp\\\/wp-content\\\/uploads\\\/2025\\\/02\\\/SvM-logo-Xtra-Centrerad-SVART.png\",\"contentUrl\":\"https:\\\/\\\/lightweb.dev\\\/l\\\/svm-temp\\\/wp-content\\\/uploads\\\/2025\\\/02\\\/SvM-logo-Xtra-Centrerad-SVART.png\",\"width\":300,\"height\":99,\"caption\":\"Melkerson y Nott SL\"},\"image\":{\"@id\":\"https:\\\/\\\/lightweb.dev\\\/l\\\/svm-temp\\\/#\\\/schema\\\/logo\\\/image\\\/\"},\"sameAs\":[\"https:\\\/\\\/www.facebook.com\\\/svenskamagasinet\",\"https:\\\/\\\/x.com\\\/SvenskaMagasine\"]},{\"@type\":\"Person\",\"@id\":\"https:\\\/\\\/lightweb.dev\\\/l\\\/svm-temp\\\/#\\\/schema\\\/person\\\/206a3bda5b607b0c25e1749191e4d837\",\"name\":\"Redaktionen SvM\",\"description\":\"Redaktionen\",\"sameAs\":[\"https:\\\/\\\/lightweb.dev\\\/l\\\/svm-temp\"],\"url\":\"https:\\\/\\\/lightweb.dev\\\/l\\\/svm-temp\\\/reporter\\\/redaktionen\\\/\"}]}<\/script>\n<!-- \/ Yoast SEO Premium plugin. -->","yoast_head_json":{"title":"Kronprinsen presiderar vid nationaldagen f\u00f6r f\u00f6rsta g\u00e5ngen - Svenska Magasinet","robots":{"index":"noindex","follow":"follow","max-snippet":"max-snippet:-1","max-image-preview":"max-image-preview:large","max-video-preview":"max-video-preview:-1"},"og_locale":"sv_SE","og_type":"article","og_title":"Kronprinsen presiderar vid nationaldagen f\u00f6r f\u00f6rsta g\u00e5ngen","og_description":"Spaniens kronprins don Felipe de Borb\u00f3n kommer f\u00f6r f\u00f6rsta g\u00e5ngen att presidera vid milit\u00e4rparaden i samband med nationaldagen den 12 oktober. Kung Juan Carlos \u00e4r konvalescent p\u00e5 grund av den senaste h\u00f6ftoperation. \u201dPr\u00edncipe de Asturias\u201d tar plats i den kungliga tribunen d\u00e4r hittills kung Juan Carlos har varit i samband med milit\u00e4rparaden. Eftersom kungens h\u00e4lsotillst\u00e5nd [&hellip;]","og_url":"https:\/\/lightweb.dev\/l\/svm-temp\/nyheter\/kronprinsen-presiderar-vid-nationaldagen-for-forsta-gangen\/","og_site_name":"Svenska Magasinet","article_publisher":"https:\/\/www.facebook.com\/svenskamagasinet","article_published_time":"2013-10-03T22:00:00+00:00","author":"Redaktionen SvM","twitter_card":"summary_large_image","twitter_creator":"@SvenskaMagasine","twitter_site":"@SvenskaMagasine","schema":{"@context":"https:\/\/schema.org","@graph":[{"@type":"Article","@id":"https:\/\/lightweb.dev\/l\/svm-temp\/nyheter\/kronprinsen-presiderar-vid-nationaldagen-for-forsta-gangen\/#article","isPartOf":{"@id":"https:\/\/lightweb.dev\/l\/svm-temp\/nyheter\/kronprinsen-presiderar-vid-nationaldagen-for-forsta-gangen\/"},"author":{"name":"Redaktionen SvM","@id":"https:\/\/lightweb.dev\/l\/svm-temp\/#\/schema\/person\/206a3bda5b607b0c25e1749191e4d837"},"headline":"Kronprinsen presiderar vid nationaldagen f\u00f6r f\u00f6rsta g\u00e5ngen","datePublished":"2013-10-03T22:00:00+00:00","mainEntityOfPage":{"@id":"https:\/\/lightweb.dev\/l\/svm-temp\/nyheter\/kronprinsen-presiderar-vid-nationaldagen-for-forsta-gangen\/"},"wordCount":189,"commentCount":0,"publisher":{"@id":"https:\/\/lightweb.dev\/l\/svm-temp\/#organization"},"image":{"@id":"https:\/\/lightweb.dev\/l\/svm-temp\/nyheter\/kronprinsen-presiderar-vid-nationaldagen-for-forsta-gangen\/#primaryimage"},"thumbnailUrl":"https:\/\/lightweb.dev\/l\/svm-temp\/wp-content\/uploads\/2022\/06\/kronprinsen-presiderar-vid-nationaldagen-for-forsta-gangen.png","articleSection":["Arkiv","Nyheter"],"inLanguage":"sv-SE"},{"@type":"WebPage","@id":"https:\/\/lightweb.dev\/l\/svm-temp\/nyheter\/kronprinsen-presiderar-vid-nationaldagen-for-forsta-gangen\/","url":"https:\/\/lightweb.dev\/l\/svm-temp\/nyheter\/kronprinsen-presiderar-vid-nationaldagen-for-forsta-gangen\/","name":"Kronprinsen presiderar vid nationaldagen f\u00f6r f\u00f6rsta g\u00e5ngen - Svenska Magasinet","isPartOf":{"@id":"https:\/\/lightweb.dev\/l\/svm-temp\/#website"},"primaryImageOfPage":{"@id":"https:\/\/lightweb.dev\/l\/svm-temp\/nyheter\/kronprinsen-presiderar-vid-nationaldagen-for-forsta-gangen\/#primaryimage"},"image":{"@id":"https:\/\/lightweb.dev\/l\/svm-temp\/nyheter\/kronprinsen-presiderar-vid-nationaldagen-for-forsta-gangen\/#primaryimage"},"thumbnailUrl":"https:\/\/lightweb.dev\/l\/svm-temp\/wp-content\/uploads\/2022\/06\/kronprinsen-presiderar-vid-nationaldagen-for-forsta-gangen.png","datePublished":"2013-10-03T22:00:00+00:00","breadcrumb":{"@id":"https:\/\/lightweb.dev\/l\/svm-temp\/nyheter\/kronprinsen-presiderar-vid-nationaldagen-for-forsta-gangen\/#breadcrumb"},"inLanguage":"sv-SE","potentialAction":[{"@type":"ReadAction","target":["https:\/\/lightweb.dev\/l\/svm-temp\/nyheter\/kronprinsen-presiderar-vid-nationaldagen-for-forsta-gangen\/"]}]},{"@type":"ImageObject","inLanguage":"sv-SE","@id":"https:\/\/lightweb.dev\/l\/svm-temp\/nyheter\/kronprinsen-presiderar-vid-nationaldagen-for-forsta-gangen\/#primaryimage","url":"https:\/\/lightweb.dev\/l\/svm-temp\/wp-content\/uploads\/2022\/06\/kronprinsen-presiderar-vid-nationaldagen-for-forsta-gangen.png","contentUrl":"https:\/\/lightweb.dev\/l\/svm-temp\/wp-content\/uploads\/2022\/06\/kronprinsen-presiderar-vid-nationaldagen-for-forsta-gangen.png","width":280,"height":206},{"@type":"BreadcrumbList","@id":"https:\/\/lightweb.dev\/l\/svm-temp\/nyheter\/kronprinsen-presiderar-vid-nationaldagen-for-forsta-gangen\/#breadcrumb","itemListElement":[{"@type":"ListItem","position":1,"name":"Hem","item":"https:\/\/lightweb.dev\/l\/svm-temp\/"},{"@type":"ListItem","position":2,"name":"Kronprinsen presiderar vid nationaldagen f\u00f6r f\u00f6rsta g\u00e5ngen"}]},{"@type":"WebSite","@id":"https:\/\/lightweb.dev\/l\/svm-temp\/#website","url":"https:\/\/lightweb.dev\/l\/svm-temp\/","name":"Svenska Magasinet","description":"Dina Spanska nyheter p&aring; Svenska","publisher":{"@id":"https:\/\/lightweb.dev\/l\/svm-temp\/#organization"},"potentialAction":[{"@type":"SearchAction","target":{"@type":"EntryPoint","urlTemplate":"https:\/\/lightweb.dev\/l\/svm-temp\/?s={search_term_string}"},"query-input":{"@type":"PropertyValueSpecification","valueRequired":true,"valueName":"search_term_string"}}],"inLanguage":"sv-SE"},{"@type":"Organization","@id":"https:\/\/lightweb.dev\/l\/svm-temp\/#organization","name":"Melkerson y Nott SL","alternateName":"Svenska Magasinet","url":"https:\/\/lightweb.dev\/l\/svm-temp\/","logo":{"@type":"ImageObject","inLanguage":"sv-SE","@id":"https:\/\/lightweb.dev\/l\/svm-temp\/#\/schema\/logo\/image\/","url":"https:\/\/lightweb.dev\/l\/svm-temp\/wp-content\/uploads\/2025\/02\/SvM-logo-Xtra-Centrerad-SVART.png","contentUrl":"https:\/\/lightweb.dev\/l\/svm-temp\/wp-content\/uploads\/2025\/02\/SvM-logo-Xtra-Centrerad-SVART.png","width":300,"height":99,"caption":"Melkerson y Nott SL"},"image":{"@id":"https:\/\/lightweb.dev\/l\/svm-temp\/#\/schema\/logo\/image\/"},"sameAs":["https:\/\/www.facebook.com\/svenskamagasinet","https:\/\/x.com\/SvenskaMagasine"]},{"@type":"Person","@id":"https:\/\/lightweb.dev\/l\/svm-temp\/#\/schema\/person\/206a3bda5b607b0c25e1749191e4d837","name":"Redaktionen SvM","description":"Redaktionen","sameAs":["https:\/\/lightweb.dev\/l\/svm-temp"],"url":"https:\/\/lightweb.dev\/l\/svm-temp\/reporter\/redaktionen\/"}]}},"_links":{"self":[{"href":"https:\/\/lightweb.dev\/l\/svm-temp\/wp-json\/wp\/v2\/posts\/28819","targetHints":{"allow":["GET"]}}],"collection":[{"href":"https:\/\/lightweb.dev\/l\/svm-temp\/wp-json\/wp\/v2\/posts"}],"about":[{"href":"https:\/\/lightweb.dev\/l\/svm-temp\/wp-json\/wp\/v2\/types\/post"}],"author":[{"embeddable":true,"href":"https:\/\/lightweb.dev\/l\/svm-temp\/wp-json\/wp\/v2\/users\/8"}],"replies":[{"embeddable":true,"href":"https:\/\/lightweb.dev\/l\/svm-temp\/wp-json\/wp\/v2\/comments?post=28819"}],"version-history":[{"count":0,"href":"https:\/\/lightweb.dev\/l\/svm-temp\/wp-json\/wp\/v2\/posts\/28819\/revisions"}],"wp:featuredmedia":[{"embeddable":true,"href":"https:\/\/lightweb.dev\/l\/svm-temp\/wp-json\/wp\/v2\/media\/28822"}],"wp:attachment":[{"href":"https:\/\/lightweb.dev\/l\/svm-temp\/wp-json\/wp\/v2\/media?parent=28819"}],"wp:term":[{"taxonomy":"category","embeddable":true,"href":"https:\/\/lightweb.dev\/l\/svm-temp\/wp-json\/wp\/v2\/categories?post=28819"},{"taxonomy":"post_tag","embeddable":true,"href":"https:\/\/lightweb.dev\/l\/svm-temp\/wp-json\/wp\/v2\/tags?post=28819"}],"curies":[{"name":"wp","href":"https:\/\/api.w.org\/{rel}","templated":true}]}}