{"id":28827,"date":"2013-10-03T00:00:00","date_gmt":"2013-10-02T22:00:00","guid":{"rendered":"https:\/\/lightweb.dev\/l\/svm-temp\/nyheter\/bedrageriharva-rullas-upp-arbetslosa-spanjorer-utlovades-arbete-i-sverige\/"},"modified":"2013-10-03T00:00:00","modified_gmt":"2013-10-02T22:00:00","slug":"bedrageriharva-rullas-upp-arbetslosa-spanjorer-utlovades-arbete-i-sverige","status":"publish","type":"post","link":"https:\/\/lightweb.dev\/l\/svm-temp\/nyheter\/bedrageriharva-rullas-upp-arbetslosa-spanjorer-utlovades-arbete-i-sverige\/","title":{"rendered":"Bedr\u00e4gerih\u00e4rva rullas upp \u2013 arbetsl\u00f6sa spanjorer utlovades arbete i Sverige"},"content":{"rendered":"<p> En stor bedr\u00e4gerih\u00e4rva \u00e4r under uppsegling i Elche i provinsen Alicante d\u00e4r tv\u00e5 svenska m\u00e4n ska ha lurat ett trettiotal arbetsl\u00f6sa spanjorer med att de skulle f\u00e5 arbeten i Sverige, arbeten som inte existerade. Enligt spansk nationalpolis \u00e4r det 32 personer som har l\u00e4mnat in anm\u00e4lningar mot tv\u00e5 svenska f\u00f6retagare. Av Ola Josefsson<\/p>\n<p>Den ene svensken ska vara direkt\u00f6r f\u00f6r ett f\u00f6retag med namnet Nordic Sol medans den andre svensken arbetat som agent och s\u00f6kt arbetsl\u00f6sa personer i Elche.<\/p>\n<p>Hittills har det kommit in anm\u00e4lningar fr\u00e5n 32 personer men uppskattningsvis \u00e4r det mer \u00e4n hundra personer mestadels fr\u00e5n Elche men \u00e4ven fr\u00e5n andra regioner som har tecknat ett avtal f\u00f6r tre m\u00e5nader.<\/p>\n<p>Dagstidningen La Informaci\u00f3n skriver att 32 arbetsl\u00f6sa spanjorer ska ha betalat 49 euro per person till tv\u00e5 svenska f\u00f6retagare i Elche. I utbyte skulle de skicka de arbetss\u00f6kandes CV till ett f\u00f6retag i Sverige som skulle ge dem arbete med att installera solf\u00e5ngare i Sverige. Enligt tidningen kommer de bedr\u00e4gerimisst\u00e4nkta tv\u00e5 f\u00f6retagarna fr\u00e5n Sverige.<\/p>\n<p>N\u00e4r anm\u00e4lningarna mot de tv\u00e5 svenskarna b\u00f6rjade str\u00f6mma in inledde polisen en f\u00f6runders\u00f6kning. Tidningen skriver att polisen kontaktade den svenska ambassaden i Madrid.<\/p>\n<p>Men enligt den svenska Madridambassaden har inte polisen varit i kontakt med dem.<br \/>\n&#8211; Vi har inte blivit kontaktade av polisen. Skulle polisen kontakta oss skulle vi givetvis samarbete med dem, s\u00e4ger Monika Jagerman, ambassadr\u00e5d, till Svenska Magasinet.<\/p>\n<p>Enligt uppgifter i spanska medier skulle fabriken i Sverige d\u00e4r de arbetsl\u00f6sa spanjorerna utlovades arbeten inte existera och f\u00f6retaget finns inte registrerat.<\/p>\n<p>I tisdags avsl\u00f6jade n\u00e4t-tidningen Infoexpres att f\u00f6retaget gick under namnet Nordic Sol och att de bedr\u00e4gerimisst\u00e4nka har lockat arbetsl\u00f6sa spanjorer som de tr\u00e4ffat p\u00e5 caf\u00e9er.<\/p>\n<p>Enligt uppgifter till Svenska Magasinet ska f\u00f6retaget vara registrerat i Storbritannien. Den svenska ambassaden i Madrid har blivit kontaktade av spanjorer som fr\u00e5gat hur mycket det kostar att f\u00e5 ett svenskt personnummer. Detta kopplas samman med h\u00e4rvan som \u00e4r under uppsegling i Elche och de 49 euro som de arbetss\u00f6kande spanska medborgarna skulle betala till de tv\u00e5 svenska m\u00e4nnen.<\/p>\n<p>Flera av de drabbade ins\u00e5g att de hade g\u00e5tt i en f\u00e4lla n\u00e4r de hade k\u00f6pt flygbiljett till Sverige f\u00f6r att sedan uppt\u00e4cka att f\u00f6retaget de utlovades arbete hos inte existerade skriver La Informaci\u00f3n.<\/p>\n<p>\u00c5ter andra arbetsl\u00f6sa spanjorer sitter fast i Sverige och v\u00e4ntar p\u00e5 ekonomisk hj\u00e4lp till en flygbiljett s\u00e5 att de kan \u00e5terv\u00e4nda hem till Spanien. \u00c5ter andra har tagit sina barn ur spanska skolor f\u00f6r att planera flytten till Sverige i l\u00f6ftet om jobb och b\u00e4ttre l\u00f6ner.<\/p>\n","protected":false},"excerpt":{"rendered":"<p>En stor bedr\u00e4gerih\u00e4rva \u00e4r under uppsegling i Elche i provinsen Alicante d\u00e4r tv\u00e5 svenska m\u00e4n ska ha lurat ett trettiotal arbetsl\u00f6sa spanjorer med att de skulle f\u00e5 arbeten i Sverige, arbeten som inte existerade. Enligt spansk nationalpolis \u00e4r det 32 personer som har l\u00e4mnat in anm\u00e4lningar mot tv\u00e5 svenska f\u00f6retagare. Av Ola Josefsson Den ene [&hellip;]<\/p>\n","protected":false},"author":8,"featured_media":28830,"comment_status":"open","ping_status":"open","sticky":false,"template":"","format":"standard","meta":{"_et_pb_use_builder":"","_et_pb_old_content":"","_et_gb_content_width":"","footnotes":""},"categories":[395,3],"tags":[],"class_list":["post-28827","post","type-post","status-publish","format-standard","has-post-thumbnail","hentry","category-arkiv-nyheter","category-nyheter"],"yoast_head":"<!-- This site is optimized with the Yoast SEO Premium plugin v26.2 (Yoast SEO v27.4) - https:\/\/yoast.com\/product\/yoast-seo-premium-wordpress\/ -->\n<title>Bedr\u00e4gerih\u00e4rva rullas upp \u2013 arbetsl\u00f6sa spanjorer utlovades arbete i Sverige - Svenska Magasinet<\/title>\n<meta name=\"robots\" content=\"noindex, follow, max-snippet:-1, max-image-preview:large, max-video-preview:-1\" \/>\n<meta property=\"og:locale\" content=\"sv_SE\" \/>\n<meta property=\"og:type\" content=\"article\" \/>\n<meta property=\"og:title\" content=\"Bedr\u00e4gerih\u00e4rva rullas upp \u2013 arbetsl\u00f6sa spanjorer utlovades arbete i Sverige\" \/>\n<meta property=\"og:description\" content=\"En stor bedr\u00e4gerih\u00e4rva \u00e4r under uppsegling i Elche i provinsen Alicante d\u00e4r tv\u00e5 svenska m\u00e4n ska ha lurat ett trettiotal arbetsl\u00f6sa spanjorer med att de skulle f\u00e5 arbeten i Sverige, arbeten som inte existerade. Enligt spansk nationalpolis \u00e4r det 32 personer som har l\u00e4mnat in anm\u00e4lningar mot tv\u00e5 svenska f\u00f6retagare. Av Ola Josefsson Den ene [&hellip;]\" \/>\n<meta property=\"og:url\" content=\"https:\/\/lightweb.dev\/l\/svm-temp\/nyheter\/bedrageriharva-rullas-upp-arbetslosa-spanjorer-utlovades-arbete-i-sverige\/\" \/>\n<meta property=\"og:site_name\" content=\"Svenska Magasinet\" \/>\n<meta property=\"article:publisher\" content=\"https:\/\/www.facebook.com\/svenskamagasinet\" \/>\n<meta property=\"article:published_time\" content=\"2013-10-02T22:00:00+00:00\" \/>\n<meta name=\"author\" content=\"Redaktionen SvM\" \/>\n<meta name=\"twitter:card\" content=\"summary_large_image\" \/>\n<meta name=\"twitter:creator\" content=\"@SvenskaMagasine\" \/>\n<meta name=\"twitter:site\" content=\"@SvenskaMagasine\" \/>\n<script type=\"application\/ld+json\" class=\"yoast-schema-graph\">{\"@context\":\"https:\\\/\\\/schema.org\",\"@graph\":[{\"@type\":\"Article\",\"@id\":\"https:\\\/\\\/lightweb.dev\\\/l\\\/svm-temp\\\/nyheter\\\/bedrageriharva-rullas-upp-arbetslosa-spanjorer-utlovades-arbete-i-sverige\\\/#article\",\"isPartOf\":{\"@id\":\"https:\\\/\\\/lightweb.dev\\\/l\\\/svm-temp\\\/nyheter\\\/bedrageriharva-rullas-upp-arbetslosa-spanjorer-utlovades-arbete-i-sverige\\\/\"},\"author\":{\"name\":\"Redaktionen SvM\",\"@id\":\"https:\\\/\\\/lightweb.dev\\\/l\\\/svm-temp\\\/#\\\/schema\\\/person\\\/206a3bda5b607b0c25e1749191e4d837\"},\"headline\":\"Bedr\u00e4gerih\u00e4rva rullas upp \u2013 arbetsl\u00f6sa spanjorer utlovades arbete i Sverige\",\"datePublished\":\"2013-10-02T22:00:00+00:00\",\"mainEntityOfPage\":{\"@id\":\"https:\\\/\\\/lightweb.dev\\\/l\\\/svm-temp\\\/nyheter\\\/bedrageriharva-rullas-upp-arbetslosa-spanjorer-utlovades-arbete-i-sverige\\\/\"},\"wordCount\":490,\"commentCount\":0,\"publisher\":{\"@id\":\"https:\\\/\\\/lightweb.dev\\\/l\\\/svm-temp\\\/#organization\"},\"image\":{\"@id\":\"https:\\\/\\\/lightweb.dev\\\/l\\\/svm-temp\\\/nyheter\\\/bedrageriharva-rullas-upp-arbetslosa-spanjorer-utlovades-arbete-i-sverige\\\/#primaryimage\"},\"thumbnailUrl\":\"https:\\\/\\\/lightweb.dev\\\/l\\\/svm-temp\\\/wp-content\\\/uploads\\\/2022\\\/06\\\/bedrageriharva-rullas-upp-arbetslosa-spanjorer-utlovades-arbete-i-sverige.png\",\"articleSection\":[\"Arkiv\",\"Nyheter\"],\"inLanguage\":\"sv-SE\"},{\"@type\":\"WebPage\",\"@id\":\"https:\\\/\\\/lightweb.dev\\\/l\\\/svm-temp\\\/nyheter\\\/bedrageriharva-rullas-upp-arbetslosa-spanjorer-utlovades-arbete-i-sverige\\\/\",\"url\":\"https:\\\/\\\/lightweb.dev\\\/l\\\/svm-temp\\\/nyheter\\\/bedrageriharva-rullas-upp-arbetslosa-spanjorer-utlovades-arbete-i-sverige\\\/\",\"name\":\"Bedr\u00e4gerih\u00e4rva rullas upp \u2013 arbetsl\u00f6sa spanjorer utlovades arbete i Sverige - Svenska Magasinet\",\"isPartOf\":{\"@id\":\"https:\\\/\\\/lightweb.dev\\\/l\\\/svm-temp\\\/#website\"},\"primaryImageOfPage\":{\"@id\":\"https:\\\/\\\/lightweb.dev\\\/l\\\/svm-temp\\\/nyheter\\\/bedrageriharva-rullas-upp-arbetslosa-spanjorer-utlovades-arbete-i-sverige\\\/#primaryimage\"},\"image\":{\"@id\":\"https:\\\/\\\/lightweb.dev\\\/l\\\/svm-temp\\\/nyheter\\\/bedrageriharva-rullas-upp-arbetslosa-spanjorer-utlovades-arbete-i-sverige\\\/#primaryimage\"},\"thumbnailUrl\":\"https:\\\/\\\/lightweb.dev\\\/l\\\/svm-temp\\\/wp-content\\\/uploads\\\/2022\\\/06\\\/bedrageriharva-rullas-upp-arbetslosa-spanjorer-utlovades-arbete-i-sverige.png\",\"datePublished\":\"2013-10-02T22:00:00+00:00\",\"breadcrumb\":{\"@id\":\"https:\\\/\\\/lightweb.dev\\\/l\\\/svm-temp\\\/nyheter\\\/bedrageriharva-rullas-upp-arbetslosa-spanjorer-utlovades-arbete-i-sverige\\\/#breadcrumb\"},\"inLanguage\":\"sv-SE\",\"potentialAction\":[{\"@type\":\"ReadAction\",\"target\":[\"https:\\\/\\\/lightweb.dev\\\/l\\\/svm-temp\\\/nyheter\\\/bedrageriharva-rullas-upp-arbetslosa-spanjorer-utlovades-arbete-i-sverige\\\/\"]}]},{\"@type\":\"ImageObject\",\"inLanguage\":\"sv-SE\",\"@id\":\"https:\\\/\\\/lightweb.dev\\\/l\\\/svm-temp\\\/nyheter\\\/bedrageriharva-rullas-upp-arbetslosa-spanjorer-utlovades-arbete-i-sverige\\\/#primaryimage\",\"url\":\"https:\\\/\\\/lightweb.dev\\\/l\\\/svm-temp\\\/wp-content\\\/uploads\\\/2022\\\/06\\\/bedrageriharva-rullas-upp-arbetslosa-spanjorer-utlovades-arbete-i-sverige.png\",\"contentUrl\":\"https:\\\/\\\/lightweb.dev\\\/l\\\/svm-temp\\\/wp-content\\\/uploads\\\/2022\\\/06\\\/bedrageriharva-rullas-upp-arbetslosa-spanjorer-utlovades-arbete-i-sverige.png\",\"width\":431,\"height\":200},{\"@type\":\"BreadcrumbList\",\"@id\":\"https:\\\/\\\/lightweb.dev\\\/l\\\/svm-temp\\\/nyheter\\\/bedrageriharva-rullas-upp-arbetslosa-spanjorer-utlovades-arbete-i-sverige\\\/#breadcrumb\",\"itemListElement\":[{\"@type\":\"ListItem\",\"position\":1,\"name\":\"Hem\",\"item\":\"https:\\\/\\\/lightweb.dev\\\/l\\\/svm-temp\\\/\"},{\"@type\":\"ListItem\",\"position\":2,\"name\":\"Bedr\u00e4gerih\u00e4rva rullas upp \u2013 arbetsl\u00f6sa spanjorer utlovades arbete i Sverige\"}]},{\"@type\":\"WebSite\",\"@id\":\"https:\\\/\\\/lightweb.dev\\\/l\\\/svm-temp\\\/#website\",\"url\":\"https:\\\/\\\/lightweb.dev\\\/l\\\/svm-temp\\\/\",\"name\":\"Svenska Magasinet\",\"description\":\"Dina Spanska nyheter p&aring; Svenska\",\"publisher\":{\"@id\":\"https:\\\/\\\/lightweb.dev\\\/l\\\/svm-temp\\\/#organization\"},\"potentialAction\":[{\"@type\":\"SearchAction\",\"target\":{\"@type\":\"EntryPoint\",\"urlTemplate\":\"https:\\\/\\\/lightweb.dev\\\/l\\\/svm-temp\\\/?s={search_term_string}\"},\"query-input\":{\"@type\":\"PropertyValueSpecification\",\"valueRequired\":true,\"valueName\":\"search_term_string\"}}],\"inLanguage\":\"sv-SE\"},{\"@type\":\"Organization\",\"@id\":\"https:\\\/\\\/lightweb.dev\\\/l\\\/svm-temp\\\/#organization\",\"name\":\"Melkerson y Nott SL\",\"alternateName\":\"Svenska Magasinet\",\"url\":\"https:\\\/\\\/lightweb.dev\\\/l\\\/svm-temp\\\/\",\"logo\":{\"@type\":\"ImageObject\",\"inLanguage\":\"sv-SE\",\"@id\":\"https:\\\/\\\/lightweb.dev\\\/l\\\/svm-temp\\\/#\\\/schema\\\/logo\\\/image\\\/\",\"url\":\"https:\\\/\\\/lightweb.dev\\\/l\\\/svm-temp\\\/wp-content\\\/uploads\\\/2025\\\/02\\\/SvM-logo-Xtra-Centrerad-SVART.png\",\"contentUrl\":\"https:\\\/\\\/lightweb.dev\\\/l\\\/svm-temp\\\/wp-content\\\/uploads\\\/2025\\\/02\\\/SvM-logo-Xtra-Centrerad-SVART.png\",\"width\":300,\"height\":99,\"caption\":\"Melkerson y Nott SL\"},\"image\":{\"@id\":\"https:\\\/\\\/lightweb.dev\\\/l\\\/svm-temp\\\/#\\\/schema\\\/logo\\\/image\\\/\"},\"sameAs\":[\"https:\\\/\\\/www.facebook.com\\\/svenskamagasinet\",\"https:\\\/\\\/x.com\\\/SvenskaMagasine\"]},{\"@type\":\"Person\",\"@id\":\"https:\\\/\\\/lightweb.dev\\\/l\\\/svm-temp\\\/#\\\/schema\\\/person\\\/206a3bda5b607b0c25e1749191e4d837\",\"name\":\"Redaktionen SvM\",\"description\":\"Redaktionen\",\"sameAs\":[\"https:\\\/\\\/lightweb.dev\\\/l\\\/svm-temp\"],\"url\":\"https:\\\/\\\/lightweb.dev\\\/l\\\/svm-temp\\\/reporter\\\/redaktionen\\\/\"}]}<\/script>\n<!-- \/ Yoast SEO Premium plugin. -->","yoast_head_json":{"title":"Bedr\u00e4gerih\u00e4rva rullas upp \u2013 arbetsl\u00f6sa spanjorer utlovades arbete i Sverige - Svenska Magasinet","robots":{"index":"noindex","follow":"follow","max-snippet":"max-snippet:-1","max-image-preview":"max-image-preview:large","max-video-preview":"max-video-preview:-1"},"og_locale":"sv_SE","og_type":"article","og_title":"Bedr\u00e4gerih\u00e4rva rullas upp \u2013 arbetsl\u00f6sa spanjorer utlovades arbete i Sverige","og_description":"En stor bedr\u00e4gerih\u00e4rva \u00e4r under uppsegling i Elche i provinsen Alicante d\u00e4r tv\u00e5 svenska m\u00e4n ska ha lurat ett trettiotal arbetsl\u00f6sa spanjorer med att de skulle f\u00e5 arbeten i Sverige, arbeten som inte existerade. Enligt spansk nationalpolis \u00e4r det 32 personer som har l\u00e4mnat in anm\u00e4lningar mot tv\u00e5 svenska f\u00f6retagare. Av Ola Josefsson Den ene [&hellip;]","og_url":"https:\/\/lightweb.dev\/l\/svm-temp\/nyheter\/bedrageriharva-rullas-upp-arbetslosa-spanjorer-utlovades-arbete-i-sverige\/","og_site_name":"Svenska Magasinet","article_publisher":"https:\/\/www.facebook.com\/svenskamagasinet","article_published_time":"2013-10-02T22:00:00+00:00","author":"Redaktionen SvM","twitter_card":"summary_large_image","twitter_creator":"@SvenskaMagasine","twitter_site":"@SvenskaMagasine","schema":{"@context":"https:\/\/schema.org","@graph":[{"@type":"Article","@id":"https:\/\/lightweb.dev\/l\/svm-temp\/nyheter\/bedrageriharva-rullas-upp-arbetslosa-spanjorer-utlovades-arbete-i-sverige\/#article","isPartOf":{"@id":"https:\/\/lightweb.dev\/l\/svm-temp\/nyheter\/bedrageriharva-rullas-upp-arbetslosa-spanjorer-utlovades-arbete-i-sverige\/"},"author":{"name":"Redaktionen SvM","@id":"https:\/\/lightweb.dev\/l\/svm-temp\/#\/schema\/person\/206a3bda5b607b0c25e1749191e4d837"},"headline":"Bedr\u00e4gerih\u00e4rva rullas upp \u2013 arbetsl\u00f6sa spanjorer utlovades arbete i Sverige","datePublished":"2013-10-02T22:00:00+00:00","mainEntityOfPage":{"@id":"https:\/\/lightweb.dev\/l\/svm-temp\/nyheter\/bedrageriharva-rullas-upp-arbetslosa-spanjorer-utlovades-arbete-i-sverige\/"},"wordCount":490,"commentCount":0,"publisher":{"@id":"https:\/\/lightweb.dev\/l\/svm-temp\/#organization"},"image":{"@id":"https:\/\/lightweb.dev\/l\/svm-temp\/nyheter\/bedrageriharva-rullas-upp-arbetslosa-spanjorer-utlovades-arbete-i-sverige\/#primaryimage"},"thumbnailUrl":"https:\/\/lightweb.dev\/l\/svm-temp\/wp-content\/uploads\/2022\/06\/bedrageriharva-rullas-upp-arbetslosa-spanjorer-utlovades-arbete-i-sverige.png","articleSection":["Arkiv","Nyheter"],"inLanguage":"sv-SE"},{"@type":"WebPage","@id":"https:\/\/lightweb.dev\/l\/svm-temp\/nyheter\/bedrageriharva-rullas-upp-arbetslosa-spanjorer-utlovades-arbete-i-sverige\/","url":"https:\/\/lightweb.dev\/l\/svm-temp\/nyheter\/bedrageriharva-rullas-upp-arbetslosa-spanjorer-utlovades-arbete-i-sverige\/","name":"Bedr\u00e4gerih\u00e4rva rullas upp \u2013 arbetsl\u00f6sa spanjorer utlovades arbete i Sverige - Svenska Magasinet","isPartOf":{"@id":"https:\/\/lightweb.dev\/l\/svm-temp\/#website"},"primaryImageOfPage":{"@id":"https:\/\/lightweb.dev\/l\/svm-temp\/nyheter\/bedrageriharva-rullas-upp-arbetslosa-spanjorer-utlovades-arbete-i-sverige\/#primaryimage"},"image":{"@id":"https:\/\/lightweb.dev\/l\/svm-temp\/nyheter\/bedrageriharva-rullas-upp-arbetslosa-spanjorer-utlovades-arbete-i-sverige\/#primaryimage"},"thumbnailUrl":"https:\/\/lightweb.dev\/l\/svm-temp\/wp-content\/uploads\/2022\/06\/bedrageriharva-rullas-upp-arbetslosa-spanjorer-utlovades-arbete-i-sverige.png","datePublished":"2013-10-02T22:00:00+00:00","breadcrumb":{"@id":"https:\/\/lightweb.dev\/l\/svm-temp\/nyheter\/bedrageriharva-rullas-upp-arbetslosa-spanjorer-utlovades-arbete-i-sverige\/#breadcrumb"},"inLanguage":"sv-SE","potentialAction":[{"@type":"ReadAction","target":["https:\/\/lightweb.dev\/l\/svm-temp\/nyheter\/bedrageriharva-rullas-upp-arbetslosa-spanjorer-utlovades-arbete-i-sverige\/"]}]},{"@type":"ImageObject","inLanguage":"sv-SE","@id":"https:\/\/lightweb.dev\/l\/svm-temp\/nyheter\/bedrageriharva-rullas-upp-arbetslosa-spanjorer-utlovades-arbete-i-sverige\/#primaryimage","url":"https:\/\/lightweb.dev\/l\/svm-temp\/wp-content\/uploads\/2022\/06\/bedrageriharva-rullas-upp-arbetslosa-spanjorer-utlovades-arbete-i-sverige.png","contentUrl":"https:\/\/lightweb.dev\/l\/svm-temp\/wp-content\/uploads\/2022\/06\/bedrageriharva-rullas-upp-arbetslosa-spanjorer-utlovades-arbete-i-sverige.png","width":431,"height":200},{"@type":"BreadcrumbList","@id":"https:\/\/lightweb.dev\/l\/svm-temp\/nyheter\/bedrageriharva-rullas-upp-arbetslosa-spanjorer-utlovades-arbete-i-sverige\/#breadcrumb","itemListElement":[{"@type":"ListItem","position":1,"name":"Hem","item":"https:\/\/lightweb.dev\/l\/svm-temp\/"},{"@type":"ListItem","position":2,"name":"Bedr\u00e4gerih\u00e4rva rullas upp \u2013 arbetsl\u00f6sa spanjorer utlovades arbete i Sverige"}]},{"@type":"WebSite","@id":"https:\/\/lightweb.dev\/l\/svm-temp\/#website","url":"https:\/\/lightweb.dev\/l\/svm-temp\/","name":"Svenska Magasinet","description":"Dina Spanska nyheter p&aring; Svenska","publisher":{"@id":"https:\/\/lightweb.dev\/l\/svm-temp\/#organization"},"potentialAction":[{"@type":"SearchAction","target":{"@type":"EntryPoint","urlTemplate":"https:\/\/lightweb.dev\/l\/svm-temp\/?s={search_term_string}"},"query-input":{"@type":"PropertyValueSpecification","valueRequired":true,"valueName":"search_term_string"}}],"inLanguage":"sv-SE"},{"@type":"Organization","@id":"https:\/\/lightweb.dev\/l\/svm-temp\/#organization","name":"Melkerson y Nott SL","alternateName":"Svenska Magasinet","url":"https:\/\/lightweb.dev\/l\/svm-temp\/","logo":{"@type":"ImageObject","inLanguage":"sv-SE","@id":"https:\/\/lightweb.dev\/l\/svm-temp\/#\/schema\/logo\/image\/","url":"https:\/\/lightweb.dev\/l\/svm-temp\/wp-content\/uploads\/2025\/02\/SvM-logo-Xtra-Centrerad-SVART.png","contentUrl":"https:\/\/lightweb.dev\/l\/svm-temp\/wp-content\/uploads\/2025\/02\/SvM-logo-Xtra-Centrerad-SVART.png","width":300,"height":99,"caption":"Melkerson y Nott SL"},"image":{"@id":"https:\/\/lightweb.dev\/l\/svm-temp\/#\/schema\/logo\/image\/"},"sameAs":["https:\/\/www.facebook.com\/svenskamagasinet","https:\/\/x.com\/SvenskaMagasine"]},{"@type":"Person","@id":"https:\/\/lightweb.dev\/l\/svm-temp\/#\/schema\/person\/206a3bda5b607b0c25e1749191e4d837","name":"Redaktionen SvM","description":"Redaktionen","sameAs":["https:\/\/lightweb.dev\/l\/svm-temp"],"url":"https:\/\/lightweb.dev\/l\/svm-temp\/reporter\/redaktionen\/"}]}},"_links":{"self":[{"href":"https:\/\/lightweb.dev\/l\/svm-temp\/wp-json\/wp\/v2\/posts\/28827","targetHints":{"allow":["GET"]}}],"collection":[{"href":"https:\/\/lightweb.dev\/l\/svm-temp\/wp-json\/wp\/v2\/posts"}],"about":[{"href":"https:\/\/lightweb.dev\/l\/svm-temp\/wp-json\/wp\/v2\/types\/post"}],"author":[{"embeddable":true,"href":"https:\/\/lightweb.dev\/l\/svm-temp\/wp-json\/wp\/v2\/users\/8"}],"replies":[{"embeddable":true,"href":"https:\/\/lightweb.dev\/l\/svm-temp\/wp-json\/wp\/v2\/comments?post=28827"}],"version-history":[{"count":0,"href":"https:\/\/lightweb.dev\/l\/svm-temp\/wp-json\/wp\/v2\/posts\/28827\/revisions"}],"wp:featuredmedia":[{"embeddable":true,"href":"https:\/\/lightweb.dev\/l\/svm-temp\/wp-json\/wp\/v2\/media\/28830"}],"wp:attachment":[{"href":"https:\/\/lightweb.dev\/l\/svm-temp\/wp-json\/wp\/v2\/media?parent=28827"}],"wp:term":[{"taxonomy":"category","embeddable":true,"href":"https:\/\/lightweb.dev\/l\/svm-temp\/wp-json\/wp\/v2\/categories?post=28827"},{"taxonomy":"post_tag","embeddable":true,"href":"https:\/\/lightweb.dev\/l\/svm-temp\/wp-json\/wp\/v2\/tags?post=28827"}],"curies":[{"name":"wp","href":"https:\/\/api.w.org\/{rel}","templated":true}]}}