{"id":3046,"date":"2010-07-01T00:00:00","date_gmt":"2010-06-30T22:00:00","guid":{"rendered":"https:\/\/lightweb.dev\/l\/svm-temp\/enrique-bolin-berattar-om-sitt-svenska-ursprung-i-memoarbok\/"},"modified":"2025-06-11T13:24:25","modified_gmt":"2025-06-11T11:24:25","slug":"enrique-bolin-berattar-om-sitt-svenska-ursprung-i-memoarbok","status":"publish","type":"post","link":"https:\/\/lightweb.dev\/l\/svm-temp\/artiklar\/enrique-bolin-berattar-om-sitt-svenska-ursprung-i-memoarbok\/","title":{"rendered":"Enrique Bol\u00edn ber\u00e4ttar om sitt svenska ursprung i memoarbok"},"content":{"rendered":"<p class=\"ai-optimize-6 ai-optimize-introduction\"><strong>Enrique Bol\u00edn P\u00e9rez-Argem\u00ed var borgm\u00e4stare under flera perioder i Benalm\u00e1dena, sammanlagt i 24 \u00e5r. Han var borgm\u00e4stare under \u00e5tta \u00e5r under Francoregimen.<\/strong><\/p>\n<p class=\"ai-optimize-6 ai-optimize-introduction\"><strong>Han blev ocks\u00e5 Benalm\u00e1denas f\u00f6rsta demokratiskt valda borgm\u00e4stare. Under hans tid byggdes T\u00edvoli World, sm\u00e5b\u00e5tshamnen Puerto Marina, linbanan och filmveckan Semana de Cine de Autor blev ett faktum.<\/strong><\/p>\n<p class=\"ai-optimize-7\">Bokf\u00f6rlaget editorial Sepha har utgett Enrique Bol\u00edn P\u00e9rez-Argem\u00ed memoarer. Det handlar inte bara om hans politiska erfarenheter, det handlar \u00e4ven om hans svenska ursprung och livet p\u00e5 Costa del Sol.<\/p>\n<p class=\"ai-optimize-7\">\u201dEtt av sk\u00e4len till boken \u00e4r att min familjs ursprung \u00e4r ok\u00e4nt f\u00f6r m\u00e5nga\u201d, s\u00e4ger Enrique Bol\u00edn i en intervju i dagstidningen <a href=\"https:\/\/www.laopiniondemalaga.es\/malaga\/2010\/06\/13\/enrique-bolin-inventor-benalmadena-28949008.html\">La Opini\u00f3n de M\u00e1laga.<\/a><\/p>\n<p class=\"ai-optimize-8\">Den f\u00f6rsta Bol\u00edn som kom till M\u00e1laga var Juan Luis Bol\u00edn, en svensk aff\u00e4rsman, som var son till Nils Nilsson Bol\u00edn som gjorde fem resor till Kina. Juan Luis Bol\u00edn blev senare konsul f\u00f6r Norge och Sverige i M\u00e1laga. Enrique Bol\u00edns farfar var svensken Henry Bol\u00edn som fick sonen Enrique Bol\u00edn Bidwell som allts\u00e5 \u00e4r pappa till den som senare skulle bli borgm\u00e4stare i Benalm\u00e1dena. Mamma var Concha P\u00e9rez-Argemi.<\/p>\n<p class=\"ai-optimize-9\">Boken handlar \u00e4ven om hur familjemedlemmar var juvelerare i tsartidens Ryssland. Hur Enriques farbror Luis Antonio Bol\u00edn Bidwell deltog i operationen De Havilland 89, mer k\u00e4nd under namnet Drag\u00f3n Rapide, d\u00e5 Franco tog sina styrkor till fastlandet i samband med inb\u00f6rdeskriget och n\u00e4r pappan Enrique Bol\u00edn Bidwell \u00f6ppnade hotell La Roca 1941 i Torremolinos.<\/p>\n<p class=\"ai-optimize-10\">Boken b\u00f6rjar med att beskriva natten den 27 maj 2007 d\u00e5 det stod klart att Enrique Bol\u00edn f\u00f6rlorat lokalvalet och efter tolv \u00e5r sa adj\u00f6 som borgm\u00e4stare. Enrique Bol\u00edn b\u00f6rjade sin politiska bana 1963, d\u00e5 bara 23 \u00e5r, som kommunalr\u00e5d i M\u00e1laga. 1966 blev han utvald som borgm\u00e4stare i Benalm\u00e1dena av Spaniens statschef Franco.<\/p>\n<p class=\"ai-optimize-10\">Benalm\u00e1dena hade d\u00e5 1.200 inv\u00e5nare och kommunens budget l\u00e5g p\u00e5 fyra miljoner pesetas. 1969 fick kommunen ett pris f\u00f6r att de hade lyckats f\u00f6rsk\u00f6na byn som v\u00e4xte.<\/p>\n<p class=\"ai-optimize-11\">1987 avgick han som borgm\u00e4stare. I slutet p\u00e5 augusti 1989 greps den d\u00e5 49-\u00e5rige Enrique Bol\u00edn p\u00e5 Gibraltar och d\u00f6mdes f\u00f6r innehav av 28,13 gram kokain. Den g\u00e5ngen skyllde Bol\u00edn kokainet p\u00e5 att han tog det mot \u00e5ngest och att det var f\u00f6r personligt bruk vilket inte var straffbart i Spanien. Polisen gjorde fyndet efter att hans b\u00e5t Enrique III kolliderat med f\u00e4rjan Gibline One i Gibraltars hamn. Vid gripandet var dessutom Enrique i s\u00e4llskap med flera minder\u00e5riga plus innehav av tolv f\u00f6rbjudna pornografiska videofilmer. Skandalen var ett faktum f\u00f6r Bol\u00edn som d\u00e5 tillh\u00f6rde Partido Popular. Efter tre veckor i h\u00e4kte p\u00e5 Gibraltar sl\u00e4pptes han, blev utesluten ur PP och d\u00f6mdes till fyra m\u00e5naders f\u00e4ngelse och fick betala b\u00f6ter p\u00e5 1.500 pund.<\/p>\n<p class=\"ai-optimize-12\">D\u00e4refter startade han ett sj\u00e4lvst\u00e4ndigt parti f\u00f6r att \u00e5terta borgm\u00e4starrollen i Benalm\u00e1dena 1995 med partiet Grupo Independiente de Benalm\u00e1dena (GIB), Han vann senare tre kommunalval.<br \/>\nEnrique Bol\u00edn skriver i sina memoarer att han \u00e4r n\u00f6jd med de projekt han lyckades genomdriva under sin tid som borgm\u00e4stare i Benalm\u00e1dena.<\/p>\n<p class=\"ai-optimize-12\">2008 d\u00f6mdes Enrique Bol\u00edn till att under \u00e5tta \u00e5r inte f\u00e5 ha n\u00e5got politiskt \u00e4mbete. Domen kom efter att han hade brutit mot stadsplaneringen.<\/p>\n<h2 class=\"ai-optimize-6\">Artikelarkiv: <a href=\"https:\/\/lightweb.dev\/l\/svm-temp\/?s=Enrique+Bol%C3%ADn\">Enrique Bol\u00edn<\/a><\/h2>\n","protected":false},"excerpt":{"rendered":"<p>Enrique Bol\u00edn P\u00e9rez-Argem\u00ed var borgm\u00e4stare under flera perioder i Benalm\u00e1dena, sammanlagt i 24 \u00e5r. Han var borgm\u00e4stare under \u00e5tta \u00e5r under Francoregimen. Han blev ocks\u00e5 Benalm\u00e1denas f\u00f6rsta demokratiskt valda borgm\u00e4stare&#8230;<\/p>\n","protected":false},"author":7,"featured_media":82587,"comment_status":"closed","ping_status":"closed","sticky":false,"template":"","format":"standard","meta":{"_et_pb_use_builder":"","_et_pb_old_content":"","_et_gb_content_width":"","footnotes":""},"categories":[4,45],"tags":[],"class_list":["post-3046","post","type-post","status-publish","format-standard","has-post-thumbnail","hentry","category-artiklar","category-kultur"],"yoast_head":"<!-- This site is optimized with the Yoast SEO Premium plugin v26.2 (Yoast SEO v27.4) - https:\/\/yoast.com\/product\/yoast-seo-premium-wordpress\/ -->\n<title>Enrique Bol\u00edn ber\u00e4ttar om sitt svenska ursprung i memoarbok - Svenska Magasinet<\/title>\n<meta name=\"robots\" content=\"noindex, follow, max-snippet:-1, max-image-preview:large, max-video-preview:-1\" \/>\n<meta property=\"og:locale\" content=\"sv_SE\" \/>\n<meta property=\"og:type\" content=\"article\" \/>\n<meta property=\"og:title\" content=\"Enrique Bol\u00edn ber\u00e4ttar om sitt svenska ursprung i memoarbok\" \/>\n<meta property=\"og:description\" content=\"Enrique Bol\u00edn P\u00e9rez-Argem\u00ed var borgm\u00e4stare under flera perioder i Benalm\u00e1dena, sammanlagt i 24 \u00e5r. Han var borgm\u00e4stare under \u00e5tta \u00e5r under Francoregimen. Han blev ocks\u00e5 Benalm\u00e1denas f\u00f6rsta demokratiskt valda borgm\u00e4stare...\" \/>\n<meta property=\"og:url\" content=\"https:\/\/lightweb.dev\/l\/svm-temp\/artiklar\/enrique-bolin-berattar-om-sitt-svenska-ursprung-i-memoarbok\/\" \/>\n<meta property=\"og:site_name\" content=\"Svenska Magasinet\" \/>\n<meta property=\"article:publisher\" content=\"https:\/\/www.facebook.com\/svenskamagasinet\" \/>\n<meta property=\"article:published_time\" content=\"2010-06-30T22:00:00+00:00\" \/>\n<meta property=\"article:modified_time\" content=\"2025-06-11T11:24:25+00:00\" \/>\n<meta property=\"og:image\" content=\"https:\/\/lightweb.dev\/l\/svm-temp\/wp-content\/uploads\/2025\/06\/svm20250611111209.webp\" \/>\n\t<meta property=\"og:image:width\" content=\"900\" \/>\n\t<meta property=\"og:image:height\" content=\"400\" \/>\n\t<meta property=\"og:image:type\" content=\"image\/webp\" \/>\n<meta name=\"author\" content=\"Ola Josefsson\" \/>\n<meta name=\"twitter:card\" content=\"summary_large_image\" \/>\n<meta name=\"twitter:creator\" content=\"@SvenskaMagasine\" \/>\n<meta name=\"twitter:site\" content=\"@SvenskaMagasine\" \/>\n<script type=\"application\/ld+json\" class=\"yoast-schema-graph\">{\"@context\":\"https:\\\/\\\/schema.org\",\"@graph\":[{\"@type\":\"Article\",\"@id\":\"https:\\\/\\\/lightweb.dev\\\/l\\\/svm-temp\\\/artiklar\\\/enrique-bolin-berattar-om-sitt-svenska-ursprung-i-memoarbok\\\/#article\",\"isPartOf\":{\"@id\":\"https:\\\/\\\/lightweb.dev\\\/l\\\/svm-temp\\\/artiklar\\\/enrique-bolin-berattar-om-sitt-svenska-ursprung-i-memoarbok\\\/\"},\"author\":{\"name\":\"Ola Josefsson\",\"@id\":\"https:\\\/\\\/lightweb.dev\\\/l\\\/svm-temp\\\/#\\\/schema\\\/person\\\/7a82b8a73d171d32360a564b6d03508e\"},\"headline\":\"Enrique Bol\u00edn ber\u00e4ttar om sitt svenska ursprung i memoarbok\",\"datePublished\":\"2010-06-30T22:00:00+00:00\",\"dateModified\":\"2025-06-11T11:24:25+00:00\",\"mainEntityOfPage\":{\"@id\":\"https:\\\/\\\/lightweb.dev\\\/l\\\/svm-temp\\\/artiklar\\\/enrique-bolin-berattar-om-sitt-svenska-ursprung-i-memoarbok\\\/\"},\"wordCount\":599,\"publisher\":{\"@id\":\"https:\\\/\\\/lightweb.dev\\\/l\\\/svm-temp\\\/#organization\"},\"image\":{\"@id\":\"https:\\\/\\\/lightweb.dev\\\/l\\\/svm-temp\\\/artiklar\\\/enrique-bolin-berattar-om-sitt-svenska-ursprung-i-memoarbok\\\/#primaryimage\"},\"thumbnailUrl\":\"https:\\\/\\\/lightweb.dev\\\/l\\\/svm-temp\\\/wp-content\\\/uploads\\\/2025\\\/06\\\/svm20250611111209.webp\",\"articleSection\":[\"Artiklar\",\"Kultur &amp; historia\"],\"inLanguage\":\"sv-SE\"},{\"@type\":\"WebPage\",\"@id\":\"https:\\\/\\\/lightweb.dev\\\/l\\\/svm-temp\\\/artiklar\\\/enrique-bolin-berattar-om-sitt-svenska-ursprung-i-memoarbok\\\/\",\"url\":\"https:\\\/\\\/lightweb.dev\\\/l\\\/svm-temp\\\/artiklar\\\/enrique-bolin-berattar-om-sitt-svenska-ursprung-i-memoarbok\\\/\",\"name\":\"Enrique Bol\u00edn ber\u00e4ttar om sitt svenska ursprung i memoarbok - Svenska Magasinet\",\"isPartOf\":{\"@id\":\"https:\\\/\\\/lightweb.dev\\\/l\\\/svm-temp\\\/#website\"},\"primaryImageOfPage\":{\"@id\":\"https:\\\/\\\/lightweb.dev\\\/l\\\/svm-temp\\\/artiklar\\\/enrique-bolin-berattar-om-sitt-svenska-ursprung-i-memoarbok\\\/#primaryimage\"},\"image\":{\"@id\":\"https:\\\/\\\/lightweb.dev\\\/l\\\/svm-temp\\\/artiklar\\\/enrique-bolin-berattar-om-sitt-svenska-ursprung-i-memoarbok\\\/#primaryimage\"},\"thumbnailUrl\":\"https:\\\/\\\/lightweb.dev\\\/l\\\/svm-temp\\\/wp-content\\\/uploads\\\/2025\\\/06\\\/svm20250611111209.webp\",\"datePublished\":\"2010-06-30T22:00:00+00:00\",\"dateModified\":\"2025-06-11T11:24:25+00:00\",\"breadcrumb\":{\"@id\":\"https:\\\/\\\/lightweb.dev\\\/l\\\/svm-temp\\\/artiklar\\\/enrique-bolin-berattar-om-sitt-svenska-ursprung-i-memoarbok\\\/#breadcrumb\"},\"inLanguage\":\"sv-SE\",\"potentialAction\":[{\"@type\":\"ReadAction\",\"target\":[\"https:\\\/\\\/lightweb.dev\\\/l\\\/svm-temp\\\/artiklar\\\/enrique-bolin-berattar-om-sitt-svenska-ursprung-i-memoarbok\\\/\"]}]},{\"@type\":\"ImageObject\",\"inLanguage\":\"sv-SE\",\"@id\":\"https:\\\/\\\/lightweb.dev\\\/l\\\/svm-temp\\\/artiklar\\\/enrique-bolin-berattar-om-sitt-svenska-ursprung-i-memoarbok\\\/#primaryimage\",\"url\":\"https:\\\/\\\/lightweb.dev\\\/l\\\/svm-temp\\\/wp-content\\\/uploads\\\/2025\\\/06\\\/svm20250611111209.webp\",\"contentUrl\":\"https:\\\/\\\/lightweb.dev\\\/l\\\/svm-temp\\\/wp-content\\\/uploads\\\/2025\\\/06\\\/svm20250611111209.webp\",\"width\":900,\"height\":400,\"caption\":\"Kung Juan Carlos med svensk\u00e4ttlingen Enrique Bol\u00edn P\u00e9rez-Argem\u00ed.\"},{\"@type\":\"BreadcrumbList\",\"@id\":\"https:\\\/\\\/lightweb.dev\\\/l\\\/svm-temp\\\/artiklar\\\/enrique-bolin-berattar-om-sitt-svenska-ursprung-i-memoarbok\\\/#breadcrumb\",\"itemListElement\":[{\"@type\":\"ListItem\",\"position\":1,\"name\":\"Hem\",\"item\":\"https:\\\/\\\/lightweb.dev\\\/l\\\/svm-temp\\\/\"},{\"@type\":\"ListItem\",\"position\":2,\"name\":\"Enrique Bol\u00edn ber\u00e4ttar om sitt svenska ursprung i memoarbok\"}]},{\"@type\":\"WebSite\",\"@id\":\"https:\\\/\\\/lightweb.dev\\\/l\\\/svm-temp\\\/#website\",\"url\":\"https:\\\/\\\/lightweb.dev\\\/l\\\/svm-temp\\\/\",\"name\":\"Svenska Magasinet\",\"description\":\"Dina Spanska nyheter p&aring; Svenska\",\"publisher\":{\"@id\":\"https:\\\/\\\/lightweb.dev\\\/l\\\/svm-temp\\\/#organization\"},\"potentialAction\":[{\"@type\":\"SearchAction\",\"target\":{\"@type\":\"EntryPoint\",\"urlTemplate\":\"https:\\\/\\\/lightweb.dev\\\/l\\\/svm-temp\\\/?s={search_term_string}\"},\"query-input\":{\"@type\":\"PropertyValueSpecification\",\"valueRequired\":true,\"valueName\":\"search_term_string\"}}],\"inLanguage\":\"sv-SE\"},{\"@type\":\"Organization\",\"@id\":\"https:\\\/\\\/lightweb.dev\\\/l\\\/svm-temp\\\/#organization\",\"name\":\"Melkerson y Nott SL\",\"alternateName\":\"Svenska Magasinet\",\"url\":\"https:\\\/\\\/lightweb.dev\\\/l\\\/svm-temp\\\/\",\"logo\":{\"@type\":\"ImageObject\",\"inLanguage\":\"sv-SE\",\"@id\":\"https:\\\/\\\/lightweb.dev\\\/l\\\/svm-temp\\\/#\\\/schema\\\/logo\\\/image\\\/\",\"url\":\"https:\\\/\\\/lightweb.dev\\\/l\\\/svm-temp\\\/wp-content\\\/uploads\\\/2025\\\/02\\\/SvM-logo-Xtra-Centrerad-SVART.png\",\"contentUrl\":\"https:\\\/\\\/lightweb.dev\\\/l\\\/svm-temp\\\/wp-content\\\/uploads\\\/2025\\\/02\\\/SvM-logo-Xtra-Centrerad-SVART.png\",\"width\":300,\"height\":99,\"caption\":\"Melkerson y Nott SL\"},\"image\":{\"@id\":\"https:\\\/\\\/lightweb.dev\\\/l\\\/svm-temp\\\/#\\\/schema\\\/logo\\\/image\\\/\"},\"sameAs\":[\"https:\\\/\\\/www.facebook.com\\\/svenskamagasinet\",\"https:\\\/\\\/x.com\\\/SvenskaMagasine\"]},{\"@type\":\"Person\",\"@id\":\"https:\\\/\\\/lightweb.dev\\\/l\\\/svm-temp\\\/#\\\/schema\\\/person\\\/7a82b8a73d171d32360a564b6d03508e\",\"name\":\"Ola Josefsson\",\"description\":\"Bevakar Solkusten och Spanien sedan 1994.\",\"sameAs\":[\"https:\\\/\\\/lightweb.dev\\\/l\\\/svm-temp\"],\"url\":\"https:\\\/\\\/lightweb.dev\\\/l\\\/svm-temp\\\/reporter\\\/ola-josefsson\\\/\"}]}<\/script>\n<!-- \/ Yoast SEO Premium plugin. -->","yoast_head_json":{"title":"Enrique Bol\u00edn ber\u00e4ttar om sitt svenska ursprung i memoarbok - Svenska Magasinet","robots":{"index":"noindex","follow":"follow","max-snippet":"max-snippet:-1","max-image-preview":"max-image-preview:large","max-video-preview":"max-video-preview:-1"},"og_locale":"sv_SE","og_type":"article","og_title":"Enrique Bol\u00edn ber\u00e4ttar om sitt svenska ursprung i memoarbok","og_description":"Enrique Bol\u00edn P\u00e9rez-Argem\u00ed var borgm\u00e4stare under flera perioder i Benalm\u00e1dena, sammanlagt i 24 \u00e5r. Han var borgm\u00e4stare under \u00e5tta \u00e5r under Francoregimen. Han blev ocks\u00e5 Benalm\u00e1denas f\u00f6rsta demokratiskt valda borgm\u00e4stare...","og_url":"https:\/\/lightweb.dev\/l\/svm-temp\/artiklar\/enrique-bolin-berattar-om-sitt-svenska-ursprung-i-memoarbok\/","og_site_name":"Svenska Magasinet","article_publisher":"https:\/\/www.facebook.com\/svenskamagasinet","article_published_time":"2010-06-30T22:00:00+00:00","article_modified_time":"2025-06-11T11:24:25+00:00","og_image":[{"width":900,"height":400,"url":"https:\/\/lightweb.dev\/l\/svm-temp\/wp-content\/uploads\/2025\/06\/svm20250611111209.webp","type":"image\/webp"}],"author":"Ola Josefsson","twitter_card":"summary_large_image","twitter_creator":"@SvenskaMagasine","twitter_site":"@SvenskaMagasine","schema":{"@context":"https:\/\/schema.org","@graph":[{"@type":"Article","@id":"https:\/\/lightweb.dev\/l\/svm-temp\/artiklar\/enrique-bolin-berattar-om-sitt-svenska-ursprung-i-memoarbok\/#article","isPartOf":{"@id":"https:\/\/lightweb.dev\/l\/svm-temp\/artiklar\/enrique-bolin-berattar-om-sitt-svenska-ursprung-i-memoarbok\/"},"author":{"name":"Ola Josefsson","@id":"https:\/\/lightweb.dev\/l\/svm-temp\/#\/schema\/person\/7a82b8a73d171d32360a564b6d03508e"},"headline":"Enrique Bol\u00edn ber\u00e4ttar om sitt svenska ursprung i memoarbok","datePublished":"2010-06-30T22:00:00+00:00","dateModified":"2025-06-11T11:24:25+00:00","mainEntityOfPage":{"@id":"https:\/\/lightweb.dev\/l\/svm-temp\/artiklar\/enrique-bolin-berattar-om-sitt-svenska-ursprung-i-memoarbok\/"},"wordCount":599,"publisher":{"@id":"https:\/\/lightweb.dev\/l\/svm-temp\/#organization"},"image":{"@id":"https:\/\/lightweb.dev\/l\/svm-temp\/artiklar\/enrique-bolin-berattar-om-sitt-svenska-ursprung-i-memoarbok\/#primaryimage"},"thumbnailUrl":"https:\/\/lightweb.dev\/l\/svm-temp\/wp-content\/uploads\/2025\/06\/svm20250611111209.webp","articleSection":["Artiklar","Kultur &amp; historia"],"inLanguage":"sv-SE"},{"@type":"WebPage","@id":"https:\/\/lightweb.dev\/l\/svm-temp\/artiklar\/enrique-bolin-berattar-om-sitt-svenska-ursprung-i-memoarbok\/","url":"https:\/\/lightweb.dev\/l\/svm-temp\/artiklar\/enrique-bolin-berattar-om-sitt-svenska-ursprung-i-memoarbok\/","name":"Enrique Bol\u00edn ber\u00e4ttar om sitt svenska ursprung i memoarbok - Svenska Magasinet","isPartOf":{"@id":"https:\/\/lightweb.dev\/l\/svm-temp\/#website"},"primaryImageOfPage":{"@id":"https:\/\/lightweb.dev\/l\/svm-temp\/artiklar\/enrique-bolin-berattar-om-sitt-svenska-ursprung-i-memoarbok\/#primaryimage"},"image":{"@id":"https:\/\/lightweb.dev\/l\/svm-temp\/artiklar\/enrique-bolin-berattar-om-sitt-svenska-ursprung-i-memoarbok\/#primaryimage"},"thumbnailUrl":"https:\/\/lightweb.dev\/l\/svm-temp\/wp-content\/uploads\/2025\/06\/svm20250611111209.webp","datePublished":"2010-06-30T22:00:00+00:00","dateModified":"2025-06-11T11:24:25+00:00","breadcrumb":{"@id":"https:\/\/lightweb.dev\/l\/svm-temp\/artiklar\/enrique-bolin-berattar-om-sitt-svenska-ursprung-i-memoarbok\/#breadcrumb"},"inLanguage":"sv-SE","potentialAction":[{"@type":"ReadAction","target":["https:\/\/lightweb.dev\/l\/svm-temp\/artiklar\/enrique-bolin-berattar-om-sitt-svenska-ursprung-i-memoarbok\/"]}]},{"@type":"ImageObject","inLanguage":"sv-SE","@id":"https:\/\/lightweb.dev\/l\/svm-temp\/artiklar\/enrique-bolin-berattar-om-sitt-svenska-ursprung-i-memoarbok\/#primaryimage","url":"https:\/\/lightweb.dev\/l\/svm-temp\/wp-content\/uploads\/2025\/06\/svm20250611111209.webp","contentUrl":"https:\/\/lightweb.dev\/l\/svm-temp\/wp-content\/uploads\/2025\/06\/svm20250611111209.webp","width":900,"height":400,"caption":"Kung Juan Carlos med svensk\u00e4ttlingen Enrique Bol\u00edn P\u00e9rez-Argem\u00ed."},{"@type":"BreadcrumbList","@id":"https:\/\/lightweb.dev\/l\/svm-temp\/artiklar\/enrique-bolin-berattar-om-sitt-svenska-ursprung-i-memoarbok\/#breadcrumb","itemListElement":[{"@type":"ListItem","position":1,"name":"Hem","item":"https:\/\/lightweb.dev\/l\/svm-temp\/"},{"@type":"ListItem","position":2,"name":"Enrique Bol\u00edn ber\u00e4ttar om sitt svenska ursprung i memoarbok"}]},{"@type":"WebSite","@id":"https:\/\/lightweb.dev\/l\/svm-temp\/#website","url":"https:\/\/lightweb.dev\/l\/svm-temp\/","name":"Svenska Magasinet","description":"Dina Spanska nyheter p&aring; Svenska","publisher":{"@id":"https:\/\/lightweb.dev\/l\/svm-temp\/#organization"},"potentialAction":[{"@type":"SearchAction","target":{"@type":"EntryPoint","urlTemplate":"https:\/\/lightweb.dev\/l\/svm-temp\/?s={search_term_string}"},"query-input":{"@type":"PropertyValueSpecification","valueRequired":true,"valueName":"search_term_string"}}],"inLanguage":"sv-SE"},{"@type":"Organization","@id":"https:\/\/lightweb.dev\/l\/svm-temp\/#organization","name":"Melkerson y Nott SL","alternateName":"Svenska Magasinet","url":"https:\/\/lightweb.dev\/l\/svm-temp\/","logo":{"@type":"ImageObject","inLanguage":"sv-SE","@id":"https:\/\/lightweb.dev\/l\/svm-temp\/#\/schema\/logo\/image\/","url":"https:\/\/lightweb.dev\/l\/svm-temp\/wp-content\/uploads\/2025\/02\/SvM-logo-Xtra-Centrerad-SVART.png","contentUrl":"https:\/\/lightweb.dev\/l\/svm-temp\/wp-content\/uploads\/2025\/02\/SvM-logo-Xtra-Centrerad-SVART.png","width":300,"height":99,"caption":"Melkerson y Nott SL"},"image":{"@id":"https:\/\/lightweb.dev\/l\/svm-temp\/#\/schema\/logo\/image\/"},"sameAs":["https:\/\/www.facebook.com\/svenskamagasinet","https:\/\/x.com\/SvenskaMagasine"]},{"@type":"Person","@id":"https:\/\/lightweb.dev\/l\/svm-temp\/#\/schema\/person\/7a82b8a73d171d32360a564b6d03508e","name":"Ola Josefsson","description":"Bevakar Solkusten och Spanien sedan 1994.","sameAs":["https:\/\/lightweb.dev\/l\/svm-temp"],"url":"https:\/\/lightweb.dev\/l\/svm-temp\/reporter\/ola-josefsson\/"}]}},"_links":{"self":[{"href":"https:\/\/lightweb.dev\/l\/svm-temp\/wp-json\/wp\/v2\/posts\/3046","targetHints":{"allow":["GET"]}}],"collection":[{"href":"https:\/\/lightweb.dev\/l\/svm-temp\/wp-json\/wp\/v2\/posts"}],"about":[{"href":"https:\/\/lightweb.dev\/l\/svm-temp\/wp-json\/wp\/v2\/types\/post"}],"author":[{"embeddable":true,"href":"https:\/\/lightweb.dev\/l\/svm-temp\/wp-json\/wp\/v2\/users\/7"}],"replies":[{"embeddable":true,"href":"https:\/\/lightweb.dev\/l\/svm-temp\/wp-json\/wp\/v2\/comments?post=3046"}],"version-history":[{"count":0,"href":"https:\/\/lightweb.dev\/l\/svm-temp\/wp-json\/wp\/v2\/posts\/3046\/revisions"}],"wp:featuredmedia":[{"embeddable":true,"href":"https:\/\/lightweb.dev\/l\/svm-temp\/wp-json\/wp\/v2\/media\/82587"}],"wp:attachment":[{"href":"https:\/\/lightweb.dev\/l\/svm-temp\/wp-json\/wp\/v2\/media?parent=3046"}],"wp:term":[{"taxonomy":"category","embeddable":true,"href":"https:\/\/lightweb.dev\/l\/svm-temp\/wp-json\/wp\/v2\/categories?post=3046"},{"taxonomy":"post_tag","embeddable":true,"href":"https:\/\/lightweb.dev\/l\/svm-temp\/wp-json\/wp\/v2\/tags?post=3046"}],"curies":[{"name":"wp","href":"https:\/\/api.w.org\/{rel}","templated":true}]}}