{"id":3060,"date":"2010-07-01T00:00:00","date_gmt":"2010-06-30T22:00:00","guid":{"rendered":"https:\/\/lightweb.dev\/l\/svm-temp\/kopcentrum-och-andalusiska-stader\/"},"modified":"2010-07-01T00:00:00","modified_gmt":"2010-06-30T22:00:00","slug":"kopcentrum-och-andalusiska-stader","status":"publish","type":"post","link":"https:\/\/lightweb.dev\/l\/svm-temp\/artiklar\/kopcentrum-och-andalusiska-stader\/","title":{"rendered":"K\u00f6pcentrum och andalusiska st\u00e4der"},"content":{"rendered":"<p> Var hittar du n\u00e4rmaste stora k\u00f6pcentrum? Och vad har Andalusiens st\u00e4der att erbjuda? K\u00f6pcenter<br \/>\nN\u00e4r du tr\u00f6ttnar p\u00e5 solen och stranden, och vill kolla in sommarrean som b\u00f6rjade 1 juli och h\u00e5ller p\u00e5 till 31 augusti har Costa del Sol ett stort utbud av varuhus som erbjuder b\u00e5de bra shopping och rej\u00e4l svalka. <\/p>\n<p>\u2022 I utkanten av Algeciras, n\u00e4ra Los Barrios, precis intill motorv\u00e4gen hittar du ett stort omr\u00e5de med fabriksf\u00f6rs\u00e4ljning men ocks\u00e5 \u201dvanliga butiker\u201d bland annat MediaMarkt som har bra erbjudanden p\u00e5 h\u00e5rdvaror (data, tv etc).<br \/>\n\u2022 I utkanten av Estepona mot Marbella ligger Laguna Village, ett mindre shoppingomr\u00e5de intill stranden med lite lyxigare utbud. H\u00e4r ligger \u00e4ven svensk\u00e4gda strandklubben Puro Beach.<br \/>\n\u2022 I Puerto Banus ligger Tiendas Corte Ingl\u00e9s \/ Hipercor som s\u00e4ljer allt fr\u00e5n bildelar till lyxiga p\u00e5slakan.<br \/>\n\u2022 I utkanten av Marbella ligger La Ca\u00f1ada, kustens st\u00f6rsta k\u00f6pcenter. H\u00e4r ligger bland annat H&#038;M, Habitat, Zara, Alcampo och Boulanger.<br \/>\n\u2022 I Fuengirola ligger b\u00e5de k\u00f6pcentret Miramar och El Corte Ingl\u00e9s \/ Hipercor, som erbjuder bra shopping till bra priser, speciellt i reatider!<br \/>\n\u2022 I utkanten av M\u00e1laga ligger M\u00e1laga Nostrum som har flera butiker med fabriksf\u00f6rs\u00e4ljning, bland annat El Corte Ingl\u00e9s, MediaMarkt och Amichi. H\u00e4r hittar ni ocks\u00e5 Bauhaus f\u00f6r den som gillar skruvar och muttrar. Och saknar du IKEA, \u00e4r \u00e5rets glada nyhet att du \u00e4ven h\u00e4r p\u00e5 Solkusten kan inf\u00f6rskaffa bokhyllan Billy sedan oktober 2007.<br \/>\n\u2022 Inne i M\u00e1laga finns k\u00f6pcentret Larios, ett stort El Corte Ingl\u00e9s och det mysiga shoppingstr\u00e5ket l\u00e4ngs med Calle Larios och Calle Nueva.<br \/>\n\u2022 I utkanten av Torre del Mar ligger El Ingenio, bland annat med en stor Dunnes Store.<\/p>\n<p>\u00d6vriga Andalusien:<br \/>\nSom alltid understryker Svenska Magasinet att s\u00f6dra Spanien \u00e4r s\u00e5 mycket mer \u00e4n bara Costa del Sol och Gibraltar. Du kan n\u00e5 Cadiz str\u00e4nder och fiskrestauranger, Granadas moriska arv och imponerande byggnader, Almer\u00edas \u00f6kenlandskap och Hollywoodstudios samt Sevillas Guadalquivir och flamencokvarteret Triana p\u00e5 2-3 timmar i bil. V\u00e4ljer du att g\u00f6ra en avstickare, passar vi p\u00e5 att kortfattat rekommendera f\u00f6ljande i respektive provinsstad:<\/p>\n<p>Almer\u00eda<br \/>\n\u2022 Cinema Studios Fort Bravo. 950 06 60 14, www.fort-bravo.com<br \/>\n\u2022 Oasys \u201cMini Hollywood\u201d i Tabernas, norr om Almer\u00eda. H\u00e4r gjordes hundratals westernfilmer med bland annat Clint Eastwood in under 1960-talet. Ring 950 36 29 31 f\u00f6r mer information.<\/p>\n<p>C\u00e1diz<br \/>\n\u2022 Str\u00e4nderna<br \/>\n\u2022 Torre Tavira www.torretavira.com<br \/>\n\u2022 Byar l\u00e4ngs med C\u00e1dizkusten s\u00e5som Chipiona, El Puerto de Santa Maria, Zahara de los At\u00fanesl, Tarifa, Chiclana de la Frontera etc. Fantastiska str\u00e4nder, trevliga fiskrestauranger och mysig st\u00e4mning.<\/p>\n<p>C\u00f3rdoba<br \/>\n\u2022 Mosk\u00e9n som omvandlades till katedral<br \/>\n\u2022 De slingrande, skuggiga gr\u00e4nderna intill katedralen<\/p>\n<p>Granada<br \/>\n\u2022 Alhambra (oj, vad det \u00e4r vackert, men k\u00f6p biljetterna i f\u00f6rv\u00e4g, annars kommer ni kanske inte in) www.alhambra.org<br \/>\n\u2022 Albaic\u00edn (Vyer \u00f6ver Granada med flamencomusik i bakgrunden)<br \/>\n\u2022 Byarna i bergsomr\u00e5det Alpujarras (Lanjar\u00f3n, Trev\u00e9lez, Orgiva, Capileira etc). Underbar milj\u00f6, smaskiga tapas och lugn och ro.<\/p>\n<p>Huelva<br \/>\n\u2022 Parque la Do\u00f1ana, stort naturreservat med rikt djur- och v\u00e4xtliv<br \/>\n\u2022 K\u00f6ra \u00f6ver gr\u00e4nsen till Portugal, k\u00f6pa billiga handdukar och lakan i Vila Real de Santo Antonio och \u00e4ta god mat i lilla Montegordo precis intill havet<\/p>\n<p>Ja\u00e9n<br \/>\n\u2022 Olivtr\u00e4d, olivtr\u00e4d, olivtr\u00e4d och bra olivolja<br \/>\n\u2022 Katedralen<\/p>\n<p>M\u00e1laga<br \/>\n\u2022 Picassomus\u00e9et www.museopicassomalaga.org<br \/>\n\u2022 Konstmus\u00e9et CAC M\u00e1laga, \u00f6ppet tisdagar-s\u00f6ndagar, 10 till 20<br \/>\n\u2022 Katedralen i M\u00e1laga<br \/>\n\u2022 Castillo de Gibralfaro med vacker utsikt \u00f6ver hela M\u00e1lagabukten.<br \/>\n\u2022 Alcazaba (\u00f6ppet alla dagar utom m\u00e5ndagar, 09.30 till 20.<br \/>\n\u2022 Plaza de Toros med museum<\/p>\n<p>Sevilla<br \/>\n\u2022 Promenera intill floden Guadalquivir<br \/>\n\u2022 G\u00e5 upp i tornet La Giralda i stadens katedral<br \/>\n\u2022 Bes\u00f6ka stadsdelen Triana <\/p>\n","protected":false},"excerpt":{"rendered":"<p>Var hittar du n\u00e4rmaste stora k\u00f6pcentrum? Och vad har Andalusiens st\u00e4der att erbjuda? K\u00f6pcenter N\u00e4r du tr\u00f6ttnar p\u00e5 solen och stranden, och vill kolla in sommarrean som b\u00f6rjade 1 juli och h\u00e5ller p\u00e5 till 31 augusti har Costa del Sol ett stort utbud av varuhus som erbjuder b\u00e5de bra shopping och rej\u00e4l svalka. \u2022 I [&hellip;]<\/p>\n","protected":false},"author":8,"featured_media":3061,"comment_status":"open","ping_status":"open","sticky":false,"template":"","format":"standard","meta":{"_et_pb_use_builder":"","_et_pb_old_content":"","_et_gb_content_width":"","footnotes":""},"categories":[396,4],"tags":[],"class_list":["post-3060","post","type-post","status-publish","format-standard","has-post-thumbnail","hentry","category-arkiv-artiklar","category-artiklar"],"yoast_head":"<!-- This site is optimized with the Yoast SEO Premium plugin v26.2 (Yoast SEO v27.4) - https:\/\/yoast.com\/product\/yoast-seo-premium-wordpress\/ -->\n<title>K\u00f6pcentrum och andalusiska st\u00e4der - Svenska Magasinet<\/title>\n<meta name=\"robots\" content=\"noindex, follow, max-snippet:-1, max-image-preview:large, max-video-preview:-1\" \/>\n<meta property=\"og:locale\" content=\"sv_SE\" \/>\n<meta property=\"og:type\" content=\"article\" \/>\n<meta property=\"og:title\" content=\"K\u00f6pcentrum och andalusiska st\u00e4der\" \/>\n<meta property=\"og:description\" content=\"Var hittar du n\u00e4rmaste stora k\u00f6pcentrum? Och vad har Andalusiens st\u00e4der att erbjuda? K\u00f6pcenter N\u00e4r du tr\u00f6ttnar p\u00e5 solen och stranden, och vill kolla in sommarrean som b\u00f6rjade 1 juli och h\u00e5ller p\u00e5 till 31 augusti har Costa del Sol ett stort utbud av varuhus som erbjuder b\u00e5de bra shopping och rej\u00e4l svalka. \u2022 I [&hellip;]\" \/>\n<meta property=\"og:url\" content=\"https:\/\/lightweb.dev\/l\/svm-temp\/artiklar\/kopcentrum-och-andalusiska-stader\/\" \/>\n<meta property=\"og:site_name\" content=\"Svenska Magasinet\" \/>\n<meta property=\"article:publisher\" content=\"https:\/\/www.facebook.com\/svenskamagasinet\" \/>\n<meta property=\"article:published_time\" content=\"2010-06-30T22:00:00+00:00\" \/>\n<meta property=\"og:image\" content=\"https:\/\/lightweb.dev\/l\/svm-temp\/wp-content\/uploads\/2022\/04\/kpcentrum-och-andalusiska-stder.png\" \/>\n\t<meta property=\"og:image:width\" content=\"280\" \/>\n\t<meta property=\"og:image:height\" content=\"210\" \/>\n\t<meta property=\"og:image:type\" content=\"image\/png\" \/>\n<meta name=\"author\" content=\"Redaktionen SvM\" \/>\n<meta name=\"twitter:card\" content=\"summary_large_image\" \/>\n<meta name=\"twitter:creator\" content=\"@SvenskaMagasine\" \/>\n<meta name=\"twitter:site\" content=\"@SvenskaMagasine\" \/>\n<script type=\"application\/ld+json\" class=\"yoast-schema-graph\">{\"@context\":\"https:\\\/\\\/schema.org\",\"@graph\":[{\"@type\":\"Article\",\"@id\":\"https:\\\/\\\/lightweb.dev\\\/l\\\/svm-temp\\\/artiklar\\\/kopcentrum-och-andalusiska-stader\\\/#article\",\"isPartOf\":{\"@id\":\"https:\\\/\\\/lightweb.dev\\\/l\\\/svm-temp\\\/artiklar\\\/kopcentrum-och-andalusiska-stader\\\/\"},\"author\":{\"name\":\"Redaktionen SvM\",\"@id\":\"https:\\\/\\\/lightweb.dev\\\/l\\\/svm-temp\\\/#\\\/schema\\\/person\\\/206a3bda5b607b0c25e1749191e4d837\"},\"headline\":\"K\u00f6pcentrum och andalusiska st\u00e4der\",\"datePublished\":\"2010-06-30T22:00:00+00:00\",\"mainEntityOfPage\":{\"@id\":\"https:\\\/\\\/lightweb.dev\\\/l\\\/svm-temp\\\/artiklar\\\/kopcentrum-och-andalusiska-stader\\\/\"},\"wordCount\":641,\"commentCount\":0,\"publisher\":{\"@id\":\"https:\\\/\\\/lightweb.dev\\\/l\\\/svm-temp\\\/#organization\"},\"image\":{\"@id\":\"https:\\\/\\\/lightweb.dev\\\/l\\\/svm-temp\\\/artiklar\\\/kopcentrum-och-andalusiska-stader\\\/#primaryimage\"},\"thumbnailUrl\":\"https:\\\/\\\/lightweb.dev\\\/l\\\/svm-temp\\\/wp-content\\\/uploads\\\/2022\\\/04\\\/kpcentrum-och-andalusiska-stder.png\",\"articleSection\":[\"Arkiv\",\"Artiklar\"],\"inLanguage\":\"sv-SE\"},{\"@type\":\"WebPage\",\"@id\":\"https:\\\/\\\/lightweb.dev\\\/l\\\/svm-temp\\\/artiklar\\\/kopcentrum-och-andalusiska-stader\\\/\",\"url\":\"https:\\\/\\\/lightweb.dev\\\/l\\\/svm-temp\\\/artiklar\\\/kopcentrum-och-andalusiska-stader\\\/\",\"name\":\"K\u00f6pcentrum och andalusiska st\u00e4der - Svenska Magasinet\",\"isPartOf\":{\"@id\":\"https:\\\/\\\/lightweb.dev\\\/l\\\/svm-temp\\\/#website\"},\"primaryImageOfPage\":{\"@id\":\"https:\\\/\\\/lightweb.dev\\\/l\\\/svm-temp\\\/artiklar\\\/kopcentrum-och-andalusiska-stader\\\/#primaryimage\"},\"image\":{\"@id\":\"https:\\\/\\\/lightweb.dev\\\/l\\\/svm-temp\\\/artiklar\\\/kopcentrum-och-andalusiska-stader\\\/#primaryimage\"},\"thumbnailUrl\":\"https:\\\/\\\/lightweb.dev\\\/l\\\/svm-temp\\\/wp-content\\\/uploads\\\/2022\\\/04\\\/kpcentrum-och-andalusiska-stder.png\",\"datePublished\":\"2010-06-30T22:00:00+00:00\",\"breadcrumb\":{\"@id\":\"https:\\\/\\\/lightweb.dev\\\/l\\\/svm-temp\\\/artiklar\\\/kopcentrum-och-andalusiska-stader\\\/#breadcrumb\"},\"inLanguage\":\"sv-SE\",\"potentialAction\":[{\"@type\":\"ReadAction\",\"target\":[\"https:\\\/\\\/lightweb.dev\\\/l\\\/svm-temp\\\/artiklar\\\/kopcentrum-och-andalusiska-stader\\\/\"]}]},{\"@type\":\"ImageObject\",\"inLanguage\":\"sv-SE\",\"@id\":\"https:\\\/\\\/lightweb.dev\\\/l\\\/svm-temp\\\/artiklar\\\/kopcentrum-och-andalusiska-stader\\\/#primaryimage\",\"url\":\"https:\\\/\\\/lightweb.dev\\\/l\\\/svm-temp\\\/wp-content\\\/uploads\\\/2022\\\/04\\\/kpcentrum-och-andalusiska-stder.png\",\"contentUrl\":\"https:\\\/\\\/lightweb.dev\\\/l\\\/svm-temp\\\/wp-content\\\/uploads\\\/2022\\\/04\\\/kpcentrum-och-andalusiska-stder.png\",\"width\":280,\"height\":210},{\"@type\":\"BreadcrumbList\",\"@id\":\"https:\\\/\\\/lightweb.dev\\\/l\\\/svm-temp\\\/artiklar\\\/kopcentrum-och-andalusiska-stader\\\/#breadcrumb\",\"itemListElement\":[{\"@type\":\"ListItem\",\"position\":1,\"name\":\"Hem\",\"item\":\"https:\\\/\\\/lightweb.dev\\\/l\\\/svm-temp\\\/\"},{\"@type\":\"ListItem\",\"position\":2,\"name\":\"K\u00f6pcentrum och andalusiska st\u00e4der\"}]},{\"@type\":\"WebSite\",\"@id\":\"https:\\\/\\\/lightweb.dev\\\/l\\\/svm-temp\\\/#website\",\"url\":\"https:\\\/\\\/lightweb.dev\\\/l\\\/svm-temp\\\/\",\"name\":\"Svenska Magasinet\",\"description\":\"Dina Spanska nyheter p&aring; Svenska\",\"publisher\":{\"@id\":\"https:\\\/\\\/lightweb.dev\\\/l\\\/svm-temp\\\/#organization\"},\"potentialAction\":[{\"@type\":\"SearchAction\",\"target\":{\"@type\":\"EntryPoint\",\"urlTemplate\":\"https:\\\/\\\/lightweb.dev\\\/l\\\/svm-temp\\\/?s={search_term_string}\"},\"query-input\":{\"@type\":\"PropertyValueSpecification\",\"valueRequired\":true,\"valueName\":\"search_term_string\"}}],\"inLanguage\":\"sv-SE\"},{\"@type\":\"Organization\",\"@id\":\"https:\\\/\\\/lightweb.dev\\\/l\\\/svm-temp\\\/#organization\",\"name\":\"Melkerson y Nott SL\",\"alternateName\":\"Svenska Magasinet\",\"url\":\"https:\\\/\\\/lightweb.dev\\\/l\\\/svm-temp\\\/\",\"logo\":{\"@type\":\"ImageObject\",\"inLanguage\":\"sv-SE\",\"@id\":\"https:\\\/\\\/lightweb.dev\\\/l\\\/svm-temp\\\/#\\\/schema\\\/logo\\\/image\\\/\",\"url\":\"https:\\\/\\\/lightweb.dev\\\/l\\\/svm-temp\\\/wp-content\\\/uploads\\\/2025\\\/02\\\/SvM-logo-Xtra-Centrerad-SVART.png\",\"contentUrl\":\"https:\\\/\\\/lightweb.dev\\\/l\\\/svm-temp\\\/wp-content\\\/uploads\\\/2025\\\/02\\\/SvM-logo-Xtra-Centrerad-SVART.png\",\"width\":300,\"height\":99,\"caption\":\"Melkerson y Nott SL\"},\"image\":{\"@id\":\"https:\\\/\\\/lightweb.dev\\\/l\\\/svm-temp\\\/#\\\/schema\\\/logo\\\/image\\\/\"},\"sameAs\":[\"https:\\\/\\\/www.facebook.com\\\/svenskamagasinet\",\"https:\\\/\\\/x.com\\\/SvenskaMagasine\"]},{\"@type\":\"Person\",\"@id\":\"https:\\\/\\\/lightweb.dev\\\/l\\\/svm-temp\\\/#\\\/schema\\\/person\\\/206a3bda5b607b0c25e1749191e4d837\",\"name\":\"Redaktionen SvM\",\"description\":\"Redaktionen\",\"sameAs\":[\"https:\\\/\\\/lightweb.dev\\\/l\\\/svm-temp\"],\"url\":\"https:\\\/\\\/lightweb.dev\\\/l\\\/svm-temp\\\/reporter\\\/redaktionen\\\/\"}]}<\/script>\n<!-- \/ Yoast SEO Premium plugin. -->","yoast_head_json":{"title":"K\u00f6pcentrum och andalusiska st\u00e4der - Svenska Magasinet","robots":{"index":"noindex","follow":"follow","max-snippet":"max-snippet:-1","max-image-preview":"max-image-preview:large","max-video-preview":"max-video-preview:-1"},"og_locale":"sv_SE","og_type":"article","og_title":"K\u00f6pcentrum och andalusiska st\u00e4der","og_description":"Var hittar du n\u00e4rmaste stora k\u00f6pcentrum? Och vad har Andalusiens st\u00e4der att erbjuda? K\u00f6pcenter N\u00e4r du tr\u00f6ttnar p\u00e5 solen och stranden, och vill kolla in sommarrean som b\u00f6rjade 1 juli och h\u00e5ller p\u00e5 till 31 augusti har Costa del Sol ett stort utbud av varuhus som erbjuder b\u00e5de bra shopping och rej\u00e4l svalka. \u2022 I [&hellip;]","og_url":"https:\/\/lightweb.dev\/l\/svm-temp\/artiklar\/kopcentrum-och-andalusiska-stader\/","og_site_name":"Svenska Magasinet","article_publisher":"https:\/\/www.facebook.com\/svenskamagasinet","article_published_time":"2010-06-30T22:00:00+00:00","og_image":[{"width":280,"height":210,"url":"https:\/\/lightweb.dev\/l\/svm-temp\/wp-content\/uploads\/2022\/04\/kpcentrum-och-andalusiska-stder.png","type":"image\/png"}],"author":"Redaktionen SvM","twitter_card":"summary_large_image","twitter_creator":"@SvenskaMagasine","twitter_site":"@SvenskaMagasine","schema":{"@context":"https:\/\/schema.org","@graph":[{"@type":"Article","@id":"https:\/\/lightweb.dev\/l\/svm-temp\/artiklar\/kopcentrum-och-andalusiska-stader\/#article","isPartOf":{"@id":"https:\/\/lightweb.dev\/l\/svm-temp\/artiklar\/kopcentrum-och-andalusiska-stader\/"},"author":{"name":"Redaktionen SvM","@id":"https:\/\/lightweb.dev\/l\/svm-temp\/#\/schema\/person\/206a3bda5b607b0c25e1749191e4d837"},"headline":"K\u00f6pcentrum och andalusiska st\u00e4der","datePublished":"2010-06-30T22:00:00+00:00","mainEntityOfPage":{"@id":"https:\/\/lightweb.dev\/l\/svm-temp\/artiklar\/kopcentrum-och-andalusiska-stader\/"},"wordCount":641,"commentCount":0,"publisher":{"@id":"https:\/\/lightweb.dev\/l\/svm-temp\/#organization"},"image":{"@id":"https:\/\/lightweb.dev\/l\/svm-temp\/artiklar\/kopcentrum-och-andalusiska-stader\/#primaryimage"},"thumbnailUrl":"https:\/\/lightweb.dev\/l\/svm-temp\/wp-content\/uploads\/2022\/04\/kpcentrum-och-andalusiska-stder.png","articleSection":["Arkiv","Artiklar"],"inLanguage":"sv-SE"},{"@type":"WebPage","@id":"https:\/\/lightweb.dev\/l\/svm-temp\/artiklar\/kopcentrum-och-andalusiska-stader\/","url":"https:\/\/lightweb.dev\/l\/svm-temp\/artiklar\/kopcentrum-och-andalusiska-stader\/","name":"K\u00f6pcentrum och andalusiska st\u00e4der - Svenska Magasinet","isPartOf":{"@id":"https:\/\/lightweb.dev\/l\/svm-temp\/#website"},"primaryImageOfPage":{"@id":"https:\/\/lightweb.dev\/l\/svm-temp\/artiklar\/kopcentrum-och-andalusiska-stader\/#primaryimage"},"image":{"@id":"https:\/\/lightweb.dev\/l\/svm-temp\/artiklar\/kopcentrum-och-andalusiska-stader\/#primaryimage"},"thumbnailUrl":"https:\/\/lightweb.dev\/l\/svm-temp\/wp-content\/uploads\/2022\/04\/kpcentrum-och-andalusiska-stder.png","datePublished":"2010-06-30T22:00:00+00:00","breadcrumb":{"@id":"https:\/\/lightweb.dev\/l\/svm-temp\/artiklar\/kopcentrum-och-andalusiska-stader\/#breadcrumb"},"inLanguage":"sv-SE","potentialAction":[{"@type":"ReadAction","target":["https:\/\/lightweb.dev\/l\/svm-temp\/artiklar\/kopcentrum-och-andalusiska-stader\/"]}]},{"@type":"ImageObject","inLanguage":"sv-SE","@id":"https:\/\/lightweb.dev\/l\/svm-temp\/artiklar\/kopcentrum-och-andalusiska-stader\/#primaryimage","url":"https:\/\/lightweb.dev\/l\/svm-temp\/wp-content\/uploads\/2022\/04\/kpcentrum-och-andalusiska-stder.png","contentUrl":"https:\/\/lightweb.dev\/l\/svm-temp\/wp-content\/uploads\/2022\/04\/kpcentrum-och-andalusiska-stder.png","width":280,"height":210},{"@type":"BreadcrumbList","@id":"https:\/\/lightweb.dev\/l\/svm-temp\/artiklar\/kopcentrum-och-andalusiska-stader\/#breadcrumb","itemListElement":[{"@type":"ListItem","position":1,"name":"Hem","item":"https:\/\/lightweb.dev\/l\/svm-temp\/"},{"@type":"ListItem","position":2,"name":"K\u00f6pcentrum och andalusiska st\u00e4der"}]},{"@type":"WebSite","@id":"https:\/\/lightweb.dev\/l\/svm-temp\/#website","url":"https:\/\/lightweb.dev\/l\/svm-temp\/","name":"Svenska Magasinet","description":"Dina Spanska nyheter p&aring; Svenska","publisher":{"@id":"https:\/\/lightweb.dev\/l\/svm-temp\/#organization"},"potentialAction":[{"@type":"SearchAction","target":{"@type":"EntryPoint","urlTemplate":"https:\/\/lightweb.dev\/l\/svm-temp\/?s={search_term_string}"},"query-input":{"@type":"PropertyValueSpecification","valueRequired":true,"valueName":"search_term_string"}}],"inLanguage":"sv-SE"},{"@type":"Organization","@id":"https:\/\/lightweb.dev\/l\/svm-temp\/#organization","name":"Melkerson y Nott SL","alternateName":"Svenska Magasinet","url":"https:\/\/lightweb.dev\/l\/svm-temp\/","logo":{"@type":"ImageObject","inLanguage":"sv-SE","@id":"https:\/\/lightweb.dev\/l\/svm-temp\/#\/schema\/logo\/image\/","url":"https:\/\/lightweb.dev\/l\/svm-temp\/wp-content\/uploads\/2025\/02\/SvM-logo-Xtra-Centrerad-SVART.png","contentUrl":"https:\/\/lightweb.dev\/l\/svm-temp\/wp-content\/uploads\/2025\/02\/SvM-logo-Xtra-Centrerad-SVART.png","width":300,"height":99,"caption":"Melkerson y Nott SL"},"image":{"@id":"https:\/\/lightweb.dev\/l\/svm-temp\/#\/schema\/logo\/image\/"},"sameAs":["https:\/\/www.facebook.com\/svenskamagasinet","https:\/\/x.com\/SvenskaMagasine"]},{"@type":"Person","@id":"https:\/\/lightweb.dev\/l\/svm-temp\/#\/schema\/person\/206a3bda5b607b0c25e1749191e4d837","name":"Redaktionen SvM","description":"Redaktionen","sameAs":["https:\/\/lightweb.dev\/l\/svm-temp"],"url":"https:\/\/lightweb.dev\/l\/svm-temp\/reporter\/redaktionen\/"}]}},"_links":{"self":[{"href":"https:\/\/lightweb.dev\/l\/svm-temp\/wp-json\/wp\/v2\/posts\/3060","targetHints":{"allow":["GET"]}}],"collection":[{"href":"https:\/\/lightweb.dev\/l\/svm-temp\/wp-json\/wp\/v2\/posts"}],"about":[{"href":"https:\/\/lightweb.dev\/l\/svm-temp\/wp-json\/wp\/v2\/types\/post"}],"author":[{"embeddable":true,"href":"https:\/\/lightweb.dev\/l\/svm-temp\/wp-json\/wp\/v2\/users\/8"}],"replies":[{"embeddable":true,"href":"https:\/\/lightweb.dev\/l\/svm-temp\/wp-json\/wp\/v2\/comments?post=3060"}],"version-history":[{"count":0,"href":"https:\/\/lightweb.dev\/l\/svm-temp\/wp-json\/wp\/v2\/posts\/3060\/revisions"}],"wp:featuredmedia":[{"embeddable":true,"href":"https:\/\/lightweb.dev\/l\/svm-temp\/wp-json\/wp\/v2\/media\/3061"}],"wp:attachment":[{"href":"https:\/\/lightweb.dev\/l\/svm-temp\/wp-json\/wp\/v2\/media?parent=3060"}],"wp:term":[{"taxonomy":"category","embeddable":true,"href":"https:\/\/lightweb.dev\/l\/svm-temp\/wp-json\/wp\/v2\/categories?post=3060"},{"taxonomy":"post_tag","embeddable":true,"href":"https:\/\/lightweb.dev\/l\/svm-temp\/wp-json\/wp\/v2\/tags?post=3060"}],"curies":[{"name":"wp","href":"https:\/\/api.w.org\/{rel}","templated":true}]}}