{"id":3062,"date":"2010-07-01T00:00:00","date_gmt":"2010-06-30T22:00:00","guid":{"rendered":"https:\/\/lightweb.dev\/l\/svm-temp\/ja-eller-nej-till-sink-skatt-sa-har-sager-riksdagspartierna\/"},"modified":"2010-07-01T00:00:00","modified_gmt":"2010-06-30T22:00:00","slug":"ja-eller-nej-till-sink-skatt-sa-har-sager-riksdagspartierna","status":"publish","type":"post","link":"https:\/\/lightweb.dev\/l\/svm-temp\/artiklar\/ja-eller-nej-till-sink-skatt-sa-har-sager-riksdagspartierna\/","title":{"rendered":"Ja eller nej till SINK-skatt \u2013 s\u00e5 h\u00e4r s\u00e4ger riksdagspartierna"},"content":{"rendered":"<p> Inf\u00f6r valet den 19 september \u00e4r intresset stort bland svenskar i Spanien. Vilket parti ska vi r\u00f6sta p\u00e5? Den enskilda fr\u00e5ga som ber\u00f6r \u201dSpaniensvenskar\u201d mest \u00e4r SINK-skatten &#8211; S\u00e4rskild inkomstskatt f\u00f6r utomlands bosatta. Svenska Magasinet har l\u00e5tit st\u00e4lla tv\u00e5 fr\u00e5gor till samtliga riksdagspartier:<br \/>\n1) Vill ert parti f\u00f6r\u00e4ndra skatteavtalet s\u00e5 att beskattning endast sker i hemvistlandet, enligt OECD:s modellavtal?<br \/>\n2) Vill ert parti verka f\u00f6r att diskrimineringen av svenskar i Spanien upph\u00f6r? Svenskar som exempelvis bor i Frankrike eller Portugal betalar ingen SINK-skatt.<\/p>\n<p>H\u00e5kan Larsson<br \/>\nPolitiskt sakkunnig p\u00e5 Kristdemokraternas riksdagskansli<br \/>\n1) Ja! Vi ser positivt p\u00e5 en \u00f6versyn av skatteavtalet mellan Sverige och Spanien enligt OECD:s modellavtal.<br \/>\n2) Ja! Sverige har idag ett inkomstskatteavtal med ett 80-tal l\u00e4nder. Det finns ingen anledning att svenskar boende i Spanien skall vara ett undantag.<\/p>\n<p>Joakim Aspeheim<br \/>\nCenterpartiet &#8211; Alliansens gr\u00f6na r\u00f6st<br \/>\n1) Ja. Den kompromiss som dubbelbeskattningsavtalet med Spanien inneb\u00e4r b\u00f6r ifr\u00e5gas\u00e4ttas. Nuvarande ordning gynnar inte g\u00e4llande normer inom EU vad g\u00e4ller de grundl\u00e4ggande r\u00e4ttigheterna till fri r\u00f6rlighet. Dessutom upplevs skatteavtalet som or\u00e4ttvist, inte minst f\u00f6r pension\u00e4rer med l\u00e5ga inkomster. Centerpartiet kommer att forts\u00e4tta att verka f\u00f6r en \u00f6versyn av skattesituationen f\u00f6r svenska pension\u00e4rer bosatta i EU.<br \/>\n2) Ja. V\u00e5r politik utg\u00e5r fr\u00e5n att fr\u00e4mja fri r\u00f6rlighet och j\u00e4mlik behandling f\u00f6r svenska pension\u00e4rer varth\u00e4n de v\u00e4ljer att bos\u00e4tta sig inom EU.<\/p>\n<p>Henrik Hedberg<br \/>\nPressekreterare, Moderata samlingspartiet<br \/>\n1) Sverige har ett beskattningsavtal med Spanien. Det skiljer sig fr\u00e5n OECD:s modellavtal men inte mycket. Vi \u00e4r medvetna om likviditetsproblematiken som uppst\u00e5tt f\u00f6r utlandssvenskar i Spanien och det p\u00e5g\u00e5r kontakter mellan Sverige och Spanien f\u00f6r att f\u00f6rs\u00f6ka komma till en l\u00f6sning med problematiken.<br \/>\n2) Vi \u00e4r medvetna om den likviditetsproblematik som utlandssvenskar som bor i Spanien har. Att h\u00e4vda att svensk skattelagstiftning diskriminerar utlandssvenskar \u00e4r en \u00f6verdrift. Alla utlandssvenskar kan, som alternativ till SINK-skatten, v\u00e4lja att l\u00e5ta sig beskattas i Sverige. F\u00f6r m\u00e5nga utlandssvenskar \u00e4r detta alternativ f\u00f6rm\u00e5nligt i och med Alliansens tre f\u00f6rh\u00f6jda grundavdrag och det f\u00f6renklade jobbskatteavdraget som \u00e4r riktat mot personer som \u00e4r \u00f6ver 65 \u00e5r.<\/p>\n<p>Folkpartiet<br \/>\nCharlotte Tarschys<br \/>\nPolitisk sekreterare (fp)<br \/>\n1) SINK skatten, eller den s\u00e4rskilda inkomstskatten f\u00f6r utlandsboende svenskar, bygger p\u00e5 en internationell princip inom skattelagstiftningen att inkomster f\u00e5r beskattas i de land d\u00e4r de genererats. Vad det g\u00e4ller pensioner s\u00e5 \u00e4r det svenska pensionssystemet ocks\u00e5 utformat med h\u00e4nsyn tagen till att skatt ska betalas p\u00e5 pensionen n\u00e4r den v\u00e4l betalas ut. D\u00e4rf\u00f6r kan det vara rimligt att viss skatt betalas p\u00e5 pensionen \u00e4ven i de fall d\u00e5 mottagaren inte l\u00e4ngre bor i Sverige. Folkpartiet anser att sj\u00e4lva niv\u00e5n p\u00e5 skatten b\u00f6r analyseras tillsammans med \u00f6vrig skattepolitik i samband med en eventuell framtida skatte\u00f6versyn som folkpartiet g\u00e4rna f\u00e5r till st\u00e5nd.<br \/>\n2) Det \u00e4r ett problem att svenskar i Spanien beh\u00f6ver ligga ute med skatten f\u00f6r b\u00e5da l\u00e4nderna samtidigt. \u00c4ven om de sedan f\u00e5r tillbaka skatt \u00e4r detta n\u00e5got som Folkpartiet ser allvarligt p\u00e5 vi hoppas och arbetar f\u00f6r att Spanien ska s\u00e4lla sig till \u00f6vriga l\u00e4nders skatteprinciper. D\u00e4remot st\u00e4mmer det inte att svenskar i Frankrike och Portugal inte betalar SINK, men de slipper ligga ute med tv\u00e5 skattebetalningar samtidigt.<\/p>\n<p>Milj\u00f6partiet de Gr\u00f6na<br \/>\nAnna Linell, Politisk sekreterare, Finans och skattepolitik, Milj\u00f6partiet de Gr\u00f6na, Riksdagen<br \/>\n1) Milj\u00f6partiet har inga s\u00e5dana f\u00f6rslag.<br \/>\n2) Milj\u00f6partiet har inga s\u00e5dana f\u00f6rslag. Dubbelbeskattningsavtalet med Spanien inneh\u00e5ller \u2013 som alla skatteavtal \u2013 vissa kompromisser som \u00e4r ett resultat av att de avtalsslutande staterna har olika utg\u00e5ngspunkter och gjort olika prioriteringar vid avtalsf\u00f6rhandlingen. Sverige h\u00e4vdar av b\u00e5de ekonomiska och principiella sk\u00e4l r\u00e4tten att beskatta pensioner som intj\u00e4nats i Sverige och utbetalas fr\u00e5n Sverige till mottagare i andra l\u00e4nder. Vanligen leder detta till att beskattningen i de andra l\u00e4nderna s\u00e4tts ned i motsvarande m\u00e5n. Spanien accepterade emellertid inte denna ordning utan insisterade p\u00e5 att f\u00e5 den prim\u00e4ra beskattningsr\u00e4tten till pensionerna. Som en eftergift gick Sverige med p\u00e5 att medge avr\u00e4kning av den spanska skatten fr\u00e5n den svenska skatten, dvs. omv\u00e4nd avr\u00e4kning. Vi har f\u00f6rst\u00e5else f\u00f6r att nuvarande ordning kan upplevas som kr\u00e5nglig och dessutom vara besv\u00e4rlig f\u00f6r pension\u00e4rer med l\u00e5ga inkomster. Det \u00e4r dock resultatet av den kompromiss som l\u00e4nderna n\u00e5dde fram till n\u00e4r det g\u00e4llde beskattningsr\u00e4tten till bl.a. pensioner, och Sverige kan inte ensidigt g\u00f6ra n\u00e5gon \u00e4ndring i nuvarande skatteavtal.<\/p>\n<p>Socialdemokraterna<br \/>\nEva Lindau, Politisk sekreterare\/Enk\u00e4tansvarig, Socialdemokratiska riksdagskansliet, Riksdagen<br \/>\n1) Om tv\u00e5 stater beskattar samma person f\u00f6r en och samma inkomst &#8211; och den slutliga skatten \u00f6verstiger den skatt som tas p\u00e5 inkomst i den stat som har den h\u00f6gsta skatteniv\u00e5n &#8211; uppst\u00e5r internationell dubbelbeskattning. Genom bilaterala eller multilaterala skatteavtal f\u00f6rs\u00f6ker l\u00e4nderna undvika dubbelbeskattning. Den svenska staten kan inte ensidigt \u00e4ndra p\u00e5 skatteavtal. Men genom avtalen kan vi f\u00f6rhindra dubbelbeskattning, d\u00e5 de avtalsslutande staterna \u00f6msesidigt avst\u00e5r fr\u00e5n sina skatteanspr\u00e5k.<br \/>\n2) Dubbelbeskattningsavtalet med Spanien inneh\u00e5ller &#8211; som alla avtal &#8211; vissa kompromisser. Sverige h\u00e4vdar av ekonomiska och principiella sk\u00e4l r\u00e4tten att beskatta pensioner som intj\u00e4nats i Sverige och utbetalas fr\u00e5n Sverige till mottagare i andra l\u00e4nder. Vanligen leder det till att beskattningen i de andra l\u00e4nderna s\u00e4tts ned i motsvarande m\u00e5n. Spanien accepterade dock inte detta vid f\u00f6rhandlingarna, utan insisterade p\u00e5 att f\u00e5 prim\u00e4r beskattningsr\u00e4tt till pensionerna. Sverige gick med p\u00e5 en avr\u00e4kning av den spanska skatten fr\u00e5n den svenska skatten. Resultatet \u00e4r allts\u00e5 en kompromiss. Sverige kan inte ensidigt g\u00f6ra en \u00e4ndring i nuvarande skatteavtal. Vi Socialdemokrater har samma uppfattning som den borgerliga majoriteten i denna fr\u00e5ga.<br \/>\nSe vidare skatteutskottets enh\u00e4lliga bet\u00e4nkande 2009\/10:SkU26 p\u00e5 Riksdagens hemsida.<\/p>\n<p>V\u00e4nsterpartiet<br \/>\nHanna L\u00f6fqvist, V\u00e4nsterpartiets riksdagskansli<br \/>\n1) Se svar p\u00e5 fr\u00e5ga 2.<br \/>\n2) Dubbelbeskattningsavtalet med Spanien inneh\u00e5ller, liksom alla skatteavtal, vissa kompromisser som \u00e4r ett resultat av att de avtalsslutande staterna har olika utg\u00e5ngspunkter och gjort olika prioriteringar vid avtalsf\u00f6rhandlingen.<br \/>\nSverige h\u00e4vdar av b\u00e5de ekonomiska och principiella sk\u00e4l, r\u00e4tten att beskatta pensioner som intj\u00e4nats i Sverige och utbetalas fr\u00e5n Sverige till mottagare i andra l\u00e4nder. Vanligen leder detta till att beskattningen i de andra l\u00e4nderna s\u00e4tts ned i motsvarande m\u00e5n. Spanien accepterade emellertid inte denna ordning utan insisterade p\u00e5 att f\u00e5 den prim\u00e4ra beskattningsr\u00e4tten till pensionerna. Som en<br \/>\neftergift gick Sverige med p\u00e5 att medge avr\u00e4kning av den spanska skatten fr\u00e5n den svenska skatten.<br \/>\nSverige kan inte ensidigt \u00e4ndra skatteavtal, och vid en ny f\u00f6rhandling om skatteavtalets inneh\u00e5ll kan \u00e4ven best\u00e4mmelser p\u00e5 andra omr\u00e5den (som Sverige inte vill \u00e4ndra p\u00e5) bli f\u00f6rem\u00e5l f\u00f6r diskussion.<br \/>\nEtt enigt skatteutskott i riksdagen har st\u00e4llt sig bakom ett st\u00e4llningstagande enligt ovan, och V\u00e4nsterpartiet har ingen annan uppfattning. <\/p>\n","protected":false},"excerpt":{"rendered":"<p>Inf\u00f6r valet den 19 september \u00e4r intresset stort bland svenskar i Spanien. Vilket parti ska vi r\u00f6sta p\u00e5? Den enskilda fr\u00e5ga som ber\u00f6r \u201dSpaniensvenskar\u201d mest \u00e4r SINK-skatten &#8211; S\u00e4rskild inkomstskatt f\u00f6r utomlands bosatta. Svenska Magasinet har l\u00e5tit st\u00e4lla tv\u00e5 fr\u00e5gor till samtliga riksdagspartier: 1) Vill ert parti f\u00f6r\u00e4ndra skatteavtalet s\u00e5 att beskattning endast sker i [&hellip;]<\/p>\n","protected":false},"author":8,"featured_media":3063,"comment_status":"open","ping_status":"open","sticky":false,"template":"","format":"standard","meta":{"_et_pb_use_builder":"","_et_pb_old_content":"","_et_gb_content_width":"","footnotes":""},"categories":[396,4],"tags":[],"class_list":["post-3062","post","type-post","status-publish","format-standard","has-post-thumbnail","hentry","category-arkiv-artiklar","category-artiklar"],"yoast_head":"<!-- This site is optimized with the Yoast SEO Premium plugin v26.2 (Yoast SEO v27.4) - https:\/\/yoast.com\/product\/yoast-seo-premium-wordpress\/ -->\n<title>Ja eller nej till SINK-skatt \u2013 s\u00e5 h\u00e4r s\u00e4ger riksdagspartierna - Svenska Magasinet<\/title>\n<meta name=\"robots\" content=\"noindex, follow, max-snippet:-1, max-image-preview:large, max-video-preview:-1\" \/>\n<meta property=\"og:locale\" content=\"sv_SE\" \/>\n<meta property=\"og:type\" content=\"article\" \/>\n<meta property=\"og:title\" content=\"Ja eller nej till SINK-skatt \u2013 s\u00e5 h\u00e4r s\u00e4ger riksdagspartierna\" \/>\n<meta property=\"og:description\" content=\"Inf\u00f6r valet den 19 september \u00e4r intresset stort bland svenskar i Spanien. Vilket parti ska vi r\u00f6sta p\u00e5? Den enskilda fr\u00e5ga som ber\u00f6r \u201dSpaniensvenskar\u201d mest \u00e4r SINK-skatten &#8211; S\u00e4rskild inkomstskatt f\u00f6r utomlands bosatta. Svenska Magasinet har l\u00e5tit st\u00e4lla tv\u00e5 fr\u00e5gor till samtliga riksdagspartier: 1) Vill ert parti f\u00f6r\u00e4ndra skatteavtalet s\u00e5 att beskattning endast sker i [&hellip;]\" \/>\n<meta property=\"og:url\" content=\"https:\/\/lightweb.dev\/l\/svm-temp\/artiklar\/ja-eller-nej-till-sink-skatt-sa-har-sager-riksdagspartierna\/\" \/>\n<meta property=\"og:site_name\" content=\"Svenska Magasinet\" \/>\n<meta property=\"article:publisher\" content=\"https:\/\/www.facebook.com\/svenskamagasinet\" \/>\n<meta property=\"article:published_time\" content=\"2010-06-30T22:00:00+00:00\" \/>\n<meta property=\"og:image\" content=\"https:\/\/lightweb.dev\/l\/svm-temp\/wp-content\/uploads\/2022\/04\/ja-eller-nej-till-sink-skatt-s-hr-sger-riksdagspartierna.png\" \/>\n\t<meta property=\"og:image:width\" content=\"280\" \/>\n\t<meta property=\"og:image:height\" content=\"276\" \/>\n\t<meta property=\"og:image:type\" content=\"image\/png\" \/>\n<meta name=\"author\" content=\"Redaktionen SvM\" \/>\n<meta name=\"twitter:card\" content=\"summary_large_image\" \/>\n<meta name=\"twitter:creator\" content=\"@SvenskaMagasine\" \/>\n<meta name=\"twitter:site\" content=\"@SvenskaMagasine\" \/>\n<script type=\"application\/ld+json\" class=\"yoast-schema-graph\">{\"@context\":\"https:\\\/\\\/schema.org\",\"@graph\":[{\"@type\":\"Article\",\"@id\":\"https:\\\/\\\/lightweb.dev\\\/l\\\/svm-temp\\\/artiklar\\\/ja-eller-nej-till-sink-skatt-sa-har-sager-riksdagspartierna\\\/#article\",\"isPartOf\":{\"@id\":\"https:\\\/\\\/lightweb.dev\\\/l\\\/svm-temp\\\/artiklar\\\/ja-eller-nej-till-sink-skatt-sa-har-sager-riksdagspartierna\\\/\"},\"author\":{\"name\":\"Redaktionen SvM\",\"@id\":\"https:\\\/\\\/lightweb.dev\\\/l\\\/svm-temp\\\/#\\\/schema\\\/person\\\/206a3bda5b607b0c25e1749191e4d837\"},\"headline\":\"Ja eller nej till SINK-skatt \u2013 s\u00e5 h\u00e4r s\u00e4ger riksdagspartierna\",\"datePublished\":\"2010-06-30T22:00:00+00:00\",\"mainEntityOfPage\":{\"@id\":\"https:\\\/\\\/lightweb.dev\\\/l\\\/svm-temp\\\/artiklar\\\/ja-eller-nej-till-sink-skatt-sa-har-sager-riksdagspartierna\\\/\"},\"wordCount\":1242,\"commentCount\":0,\"publisher\":{\"@id\":\"https:\\\/\\\/lightweb.dev\\\/l\\\/svm-temp\\\/#organization\"},\"image\":{\"@id\":\"https:\\\/\\\/lightweb.dev\\\/l\\\/svm-temp\\\/artiklar\\\/ja-eller-nej-till-sink-skatt-sa-har-sager-riksdagspartierna\\\/#primaryimage\"},\"thumbnailUrl\":\"https:\\\/\\\/lightweb.dev\\\/l\\\/svm-temp\\\/wp-content\\\/uploads\\\/2022\\\/04\\\/ja-eller-nej-till-sink-skatt-s-hr-sger-riksdagspartierna.png\",\"articleSection\":[\"Arkiv\",\"Artiklar\"],\"inLanguage\":\"sv-SE\"},{\"@type\":\"WebPage\",\"@id\":\"https:\\\/\\\/lightweb.dev\\\/l\\\/svm-temp\\\/artiklar\\\/ja-eller-nej-till-sink-skatt-sa-har-sager-riksdagspartierna\\\/\",\"url\":\"https:\\\/\\\/lightweb.dev\\\/l\\\/svm-temp\\\/artiklar\\\/ja-eller-nej-till-sink-skatt-sa-har-sager-riksdagspartierna\\\/\",\"name\":\"Ja eller nej till SINK-skatt \u2013 s\u00e5 h\u00e4r s\u00e4ger riksdagspartierna - Svenska Magasinet\",\"isPartOf\":{\"@id\":\"https:\\\/\\\/lightweb.dev\\\/l\\\/svm-temp\\\/#website\"},\"primaryImageOfPage\":{\"@id\":\"https:\\\/\\\/lightweb.dev\\\/l\\\/svm-temp\\\/artiklar\\\/ja-eller-nej-till-sink-skatt-sa-har-sager-riksdagspartierna\\\/#primaryimage\"},\"image\":{\"@id\":\"https:\\\/\\\/lightweb.dev\\\/l\\\/svm-temp\\\/artiklar\\\/ja-eller-nej-till-sink-skatt-sa-har-sager-riksdagspartierna\\\/#primaryimage\"},\"thumbnailUrl\":\"https:\\\/\\\/lightweb.dev\\\/l\\\/svm-temp\\\/wp-content\\\/uploads\\\/2022\\\/04\\\/ja-eller-nej-till-sink-skatt-s-hr-sger-riksdagspartierna.png\",\"datePublished\":\"2010-06-30T22:00:00+00:00\",\"breadcrumb\":{\"@id\":\"https:\\\/\\\/lightweb.dev\\\/l\\\/svm-temp\\\/artiklar\\\/ja-eller-nej-till-sink-skatt-sa-har-sager-riksdagspartierna\\\/#breadcrumb\"},\"inLanguage\":\"sv-SE\",\"potentialAction\":[{\"@type\":\"ReadAction\",\"target\":[\"https:\\\/\\\/lightweb.dev\\\/l\\\/svm-temp\\\/artiklar\\\/ja-eller-nej-till-sink-skatt-sa-har-sager-riksdagspartierna\\\/\"]}]},{\"@type\":\"ImageObject\",\"inLanguage\":\"sv-SE\",\"@id\":\"https:\\\/\\\/lightweb.dev\\\/l\\\/svm-temp\\\/artiklar\\\/ja-eller-nej-till-sink-skatt-sa-har-sager-riksdagspartierna\\\/#primaryimage\",\"url\":\"https:\\\/\\\/lightweb.dev\\\/l\\\/svm-temp\\\/wp-content\\\/uploads\\\/2022\\\/04\\\/ja-eller-nej-till-sink-skatt-s-hr-sger-riksdagspartierna.png\",\"contentUrl\":\"https:\\\/\\\/lightweb.dev\\\/l\\\/svm-temp\\\/wp-content\\\/uploads\\\/2022\\\/04\\\/ja-eller-nej-till-sink-skatt-s-hr-sger-riksdagspartierna.png\",\"width\":280,\"height\":276},{\"@type\":\"BreadcrumbList\",\"@id\":\"https:\\\/\\\/lightweb.dev\\\/l\\\/svm-temp\\\/artiklar\\\/ja-eller-nej-till-sink-skatt-sa-har-sager-riksdagspartierna\\\/#breadcrumb\",\"itemListElement\":[{\"@type\":\"ListItem\",\"position\":1,\"name\":\"Hem\",\"item\":\"https:\\\/\\\/lightweb.dev\\\/l\\\/svm-temp\\\/\"},{\"@type\":\"ListItem\",\"position\":2,\"name\":\"Ja eller nej till SINK-skatt \u2013 s\u00e5 h\u00e4r s\u00e4ger riksdagspartierna\"}]},{\"@type\":\"WebSite\",\"@id\":\"https:\\\/\\\/lightweb.dev\\\/l\\\/svm-temp\\\/#website\",\"url\":\"https:\\\/\\\/lightweb.dev\\\/l\\\/svm-temp\\\/\",\"name\":\"Svenska Magasinet\",\"description\":\"Dina Spanska nyheter p&aring; Svenska\",\"publisher\":{\"@id\":\"https:\\\/\\\/lightweb.dev\\\/l\\\/svm-temp\\\/#organization\"},\"potentialAction\":[{\"@type\":\"SearchAction\",\"target\":{\"@type\":\"EntryPoint\",\"urlTemplate\":\"https:\\\/\\\/lightweb.dev\\\/l\\\/svm-temp\\\/?s={search_term_string}\"},\"query-input\":{\"@type\":\"PropertyValueSpecification\",\"valueRequired\":true,\"valueName\":\"search_term_string\"}}],\"inLanguage\":\"sv-SE\"},{\"@type\":\"Organization\",\"@id\":\"https:\\\/\\\/lightweb.dev\\\/l\\\/svm-temp\\\/#organization\",\"name\":\"Melkerson y Nott SL\",\"alternateName\":\"Svenska Magasinet\",\"url\":\"https:\\\/\\\/lightweb.dev\\\/l\\\/svm-temp\\\/\",\"logo\":{\"@type\":\"ImageObject\",\"inLanguage\":\"sv-SE\",\"@id\":\"https:\\\/\\\/lightweb.dev\\\/l\\\/svm-temp\\\/#\\\/schema\\\/logo\\\/image\\\/\",\"url\":\"https:\\\/\\\/lightweb.dev\\\/l\\\/svm-temp\\\/wp-content\\\/uploads\\\/2025\\\/02\\\/SvM-logo-Xtra-Centrerad-SVART.png\",\"contentUrl\":\"https:\\\/\\\/lightweb.dev\\\/l\\\/svm-temp\\\/wp-content\\\/uploads\\\/2025\\\/02\\\/SvM-logo-Xtra-Centrerad-SVART.png\",\"width\":300,\"height\":99,\"caption\":\"Melkerson y Nott SL\"},\"image\":{\"@id\":\"https:\\\/\\\/lightweb.dev\\\/l\\\/svm-temp\\\/#\\\/schema\\\/logo\\\/image\\\/\"},\"sameAs\":[\"https:\\\/\\\/www.facebook.com\\\/svenskamagasinet\",\"https:\\\/\\\/x.com\\\/SvenskaMagasine\"]},{\"@type\":\"Person\",\"@id\":\"https:\\\/\\\/lightweb.dev\\\/l\\\/svm-temp\\\/#\\\/schema\\\/person\\\/206a3bda5b607b0c25e1749191e4d837\",\"name\":\"Redaktionen SvM\",\"description\":\"Redaktionen\",\"sameAs\":[\"https:\\\/\\\/lightweb.dev\\\/l\\\/svm-temp\"],\"url\":\"https:\\\/\\\/lightweb.dev\\\/l\\\/svm-temp\\\/reporter\\\/redaktionen\\\/\"}]}<\/script>\n<!-- \/ Yoast SEO Premium plugin. -->","yoast_head_json":{"title":"Ja eller nej till SINK-skatt \u2013 s\u00e5 h\u00e4r s\u00e4ger riksdagspartierna - Svenska Magasinet","robots":{"index":"noindex","follow":"follow","max-snippet":"max-snippet:-1","max-image-preview":"max-image-preview:large","max-video-preview":"max-video-preview:-1"},"og_locale":"sv_SE","og_type":"article","og_title":"Ja eller nej till SINK-skatt \u2013 s\u00e5 h\u00e4r s\u00e4ger riksdagspartierna","og_description":"Inf\u00f6r valet den 19 september \u00e4r intresset stort bland svenskar i Spanien. Vilket parti ska vi r\u00f6sta p\u00e5? Den enskilda fr\u00e5ga som ber\u00f6r \u201dSpaniensvenskar\u201d mest \u00e4r SINK-skatten &#8211; S\u00e4rskild inkomstskatt f\u00f6r utomlands bosatta. Svenska Magasinet har l\u00e5tit st\u00e4lla tv\u00e5 fr\u00e5gor till samtliga riksdagspartier: 1) Vill ert parti f\u00f6r\u00e4ndra skatteavtalet s\u00e5 att beskattning endast sker i [&hellip;]","og_url":"https:\/\/lightweb.dev\/l\/svm-temp\/artiklar\/ja-eller-nej-till-sink-skatt-sa-har-sager-riksdagspartierna\/","og_site_name":"Svenska Magasinet","article_publisher":"https:\/\/www.facebook.com\/svenskamagasinet","article_published_time":"2010-06-30T22:00:00+00:00","og_image":[{"width":280,"height":276,"url":"https:\/\/lightweb.dev\/l\/svm-temp\/wp-content\/uploads\/2022\/04\/ja-eller-nej-till-sink-skatt-s-hr-sger-riksdagspartierna.png","type":"image\/png"}],"author":"Redaktionen SvM","twitter_card":"summary_large_image","twitter_creator":"@SvenskaMagasine","twitter_site":"@SvenskaMagasine","schema":{"@context":"https:\/\/schema.org","@graph":[{"@type":"Article","@id":"https:\/\/lightweb.dev\/l\/svm-temp\/artiklar\/ja-eller-nej-till-sink-skatt-sa-har-sager-riksdagspartierna\/#article","isPartOf":{"@id":"https:\/\/lightweb.dev\/l\/svm-temp\/artiklar\/ja-eller-nej-till-sink-skatt-sa-har-sager-riksdagspartierna\/"},"author":{"name":"Redaktionen SvM","@id":"https:\/\/lightweb.dev\/l\/svm-temp\/#\/schema\/person\/206a3bda5b607b0c25e1749191e4d837"},"headline":"Ja eller nej till SINK-skatt \u2013 s\u00e5 h\u00e4r s\u00e4ger riksdagspartierna","datePublished":"2010-06-30T22:00:00+00:00","mainEntityOfPage":{"@id":"https:\/\/lightweb.dev\/l\/svm-temp\/artiklar\/ja-eller-nej-till-sink-skatt-sa-har-sager-riksdagspartierna\/"},"wordCount":1242,"commentCount":0,"publisher":{"@id":"https:\/\/lightweb.dev\/l\/svm-temp\/#organization"},"image":{"@id":"https:\/\/lightweb.dev\/l\/svm-temp\/artiklar\/ja-eller-nej-till-sink-skatt-sa-har-sager-riksdagspartierna\/#primaryimage"},"thumbnailUrl":"https:\/\/lightweb.dev\/l\/svm-temp\/wp-content\/uploads\/2022\/04\/ja-eller-nej-till-sink-skatt-s-hr-sger-riksdagspartierna.png","articleSection":["Arkiv","Artiklar"],"inLanguage":"sv-SE"},{"@type":"WebPage","@id":"https:\/\/lightweb.dev\/l\/svm-temp\/artiklar\/ja-eller-nej-till-sink-skatt-sa-har-sager-riksdagspartierna\/","url":"https:\/\/lightweb.dev\/l\/svm-temp\/artiklar\/ja-eller-nej-till-sink-skatt-sa-har-sager-riksdagspartierna\/","name":"Ja eller nej till SINK-skatt \u2013 s\u00e5 h\u00e4r s\u00e4ger riksdagspartierna - Svenska Magasinet","isPartOf":{"@id":"https:\/\/lightweb.dev\/l\/svm-temp\/#website"},"primaryImageOfPage":{"@id":"https:\/\/lightweb.dev\/l\/svm-temp\/artiklar\/ja-eller-nej-till-sink-skatt-sa-har-sager-riksdagspartierna\/#primaryimage"},"image":{"@id":"https:\/\/lightweb.dev\/l\/svm-temp\/artiklar\/ja-eller-nej-till-sink-skatt-sa-har-sager-riksdagspartierna\/#primaryimage"},"thumbnailUrl":"https:\/\/lightweb.dev\/l\/svm-temp\/wp-content\/uploads\/2022\/04\/ja-eller-nej-till-sink-skatt-s-hr-sger-riksdagspartierna.png","datePublished":"2010-06-30T22:00:00+00:00","breadcrumb":{"@id":"https:\/\/lightweb.dev\/l\/svm-temp\/artiklar\/ja-eller-nej-till-sink-skatt-sa-har-sager-riksdagspartierna\/#breadcrumb"},"inLanguage":"sv-SE","potentialAction":[{"@type":"ReadAction","target":["https:\/\/lightweb.dev\/l\/svm-temp\/artiklar\/ja-eller-nej-till-sink-skatt-sa-har-sager-riksdagspartierna\/"]}]},{"@type":"ImageObject","inLanguage":"sv-SE","@id":"https:\/\/lightweb.dev\/l\/svm-temp\/artiklar\/ja-eller-nej-till-sink-skatt-sa-har-sager-riksdagspartierna\/#primaryimage","url":"https:\/\/lightweb.dev\/l\/svm-temp\/wp-content\/uploads\/2022\/04\/ja-eller-nej-till-sink-skatt-s-hr-sger-riksdagspartierna.png","contentUrl":"https:\/\/lightweb.dev\/l\/svm-temp\/wp-content\/uploads\/2022\/04\/ja-eller-nej-till-sink-skatt-s-hr-sger-riksdagspartierna.png","width":280,"height":276},{"@type":"BreadcrumbList","@id":"https:\/\/lightweb.dev\/l\/svm-temp\/artiklar\/ja-eller-nej-till-sink-skatt-sa-har-sager-riksdagspartierna\/#breadcrumb","itemListElement":[{"@type":"ListItem","position":1,"name":"Hem","item":"https:\/\/lightweb.dev\/l\/svm-temp\/"},{"@type":"ListItem","position":2,"name":"Ja eller nej till SINK-skatt \u2013 s\u00e5 h\u00e4r s\u00e4ger riksdagspartierna"}]},{"@type":"WebSite","@id":"https:\/\/lightweb.dev\/l\/svm-temp\/#website","url":"https:\/\/lightweb.dev\/l\/svm-temp\/","name":"Svenska Magasinet","description":"Dina Spanska nyheter p&aring; Svenska","publisher":{"@id":"https:\/\/lightweb.dev\/l\/svm-temp\/#organization"},"potentialAction":[{"@type":"SearchAction","target":{"@type":"EntryPoint","urlTemplate":"https:\/\/lightweb.dev\/l\/svm-temp\/?s={search_term_string}"},"query-input":{"@type":"PropertyValueSpecification","valueRequired":true,"valueName":"search_term_string"}}],"inLanguage":"sv-SE"},{"@type":"Organization","@id":"https:\/\/lightweb.dev\/l\/svm-temp\/#organization","name":"Melkerson y Nott SL","alternateName":"Svenska Magasinet","url":"https:\/\/lightweb.dev\/l\/svm-temp\/","logo":{"@type":"ImageObject","inLanguage":"sv-SE","@id":"https:\/\/lightweb.dev\/l\/svm-temp\/#\/schema\/logo\/image\/","url":"https:\/\/lightweb.dev\/l\/svm-temp\/wp-content\/uploads\/2025\/02\/SvM-logo-Xtra-Centrerad-SVART.png","contentUrl":"https:\/\/lightweb.dev\/l\/svm-temp\/wp-content\/uploads\/2025\/02\/SvM-logo-Xtra-Centrerad-SVART.png","width":300,"height":99,"caption":"Melkerson y Nott SL"},"image":{"@id":"https:\/\/lightweb.dev\/l\/svm-temp\/#\/schema\/logo\/image\/"},"sameAs":["https:\/\/www.facebook.com\/svenskamagasinet","https:\/\/x.com\/SvenskaMagasine"]},{"@type":"Person","@id":"https:\/\/lightweb.dev\/l\/svm-temp\/#\/schema\/person\/206a3bda5b607b0c25e1749191e4d837","name":"Redaktionen SvM","description":"Redaktionen","sameAs":["https:\/\/lightweb.dev\/l\/svm-temp"],"url":"https:\/\/lightweb.dev\/l\/svm-temp\/reporter\/redaktionen\/"}]}},"_links":{"self":[{"href":"https:\/\/lightweb.dev\/l\/svm-temp\/wp-json\/wp\/v2\/posts\/3062","targetHints":{"allow":["GET"]}}],"collection":[{"href":"https:\/\/lightweb.dev\/l\/svm-temp\/wp-json\/wp\/v2\/posts"}],"about":[{"href":"https:\/\/lightweb.dev\/l\/svm-temp\/wp-json\/wp\/v2\/types\/post"}],"author":[{"embeddable":true,"href":"https:\/\/lightweb.dev\/l\/svm-temp\/wp-json\/wp\/v2\/users\/8"}],"replies":[{"embeddable":true,"href":"https:\/\/lightweb.dev\/l\/svm-temp\/wp-json\/wp\/v2\/comments?post=3062"}],"version-history":[{"count":0,"href":"https:\/\/lightweb.dev\/l\/svm-temp\/wp-json\/wp\/v2\/posts\/3062\/revisions"}],"wp:featuredmedia":[{"embeddable":true,"href":"https:\/\/lightweb.dev\/l\/svm-temp\/wp-json\/wp\/v2\/media\/3063"}],"wp:attachment":[{"href":"https:\/\/lightweb.dev\/l\/svm-temp\/wp-json\/wp\/v2\/media?parent=3062"}],"wp:term":[{"taxonomy":"category","embeddable":true,"href":"https:\/\/lightweb.dev\/l\/svm-temp\/wp-json\/wp\/v2\/categories?post=3062"},{"taxonomy":"post_tag","embeddable":true,"href":"https:\/\/lightweb.dev\/l\/svm-temp\/wp-json\/wp\/v2\/tags?post=3062"}],"curies":[{"name":"wp","href":"https:\/\/api.w.org\/{rel}","templated":true}]}}