{"id":3069,"date":"2010-06-10T00:00:00","date_gmt":"2010-06-09T22:00:00","guid":{"rendered":"https:\/\/lightweb.dev\/l\/svm-temp\/lagg-ned-de-svenska-pseudokonsulaten\/"},"modified":"2010-06-10T00:00:00","modified_gmt":"2010-06-09T22:00:00","slug":"lagg-ned-de-svenska-pseudokonsulaten","status":"publish","type":"post","link":"https:\/\/lightweb.dev\/l\/svm-temp\/artiklar\/lagg-ned-de-svenska-pseudokonsulaten\/","title":{"rendered":"L\u00e4gg ned de svenska pseudokonsulaten!"},"content":{"rendered":"<p> I samband med att den svenska honor\u00e4rkonsuln i Sevilla gick i pension efter 15 \u00e5r p\u00e5 posten i mars 2010 fick jag p\u00e5 nytt tillf\u00e4lle att fr\u00e5ga mig sj\u00e4lv samma fr\u00e5gor som jag och m\u00e5nga andra Sevilla-svenskar alltid st\u00e4llt oss: Vilka krav st\u00e4lls p\u00e5 en honor\u00e4rkonsul? Vad vill Sverige som land f\u00e5 ut av att ha ett honor\u00e4rkonsulat? Den avg\u00e5ende konsuln i Sevilla pratade inte mer \u00e4n ett par ord svenska (inte heller s\u00e4rskilt bra engelska) och mig veterligen s\u00e5 hade han ingen relation till Sverige n\u00e4r han blev utsedd till konsul. Jag vet inte heller om han har fr\u00e4mjat de svensk-spanska relationerna under sin tid som konsul, han varken h\u00f6rdes eller syntes s\u00e4rskilt mycket. Observera att detta inte \u00e4r n\u00e5gon personlig kritik mot honom som person utan mot hela id\u00e9n med honor\u00e4rkonsulaten (f\u00f6r alla l\u00e4nder) och urvalsprocessen. F\u00f6r i det h\u00e4r fallet b\u00f6r man v\u00e4l \u00e4ven kritisera den eller de personer som uts\u00e5g den h\u00e4r personen till konsul. Vad baserade de sitt val p\u00e5? Och om de h\u00e4vdar att det var f\u00f6r \u201dl\u00e5ng och trogen tj\u00e4nst\u201d, vilken tj\u00e4nst i s\u00e5dana fall?!<\/p>\n<p>F\u00f6rst av allt b\u00f6r vi klarg\u00f6ra vilka officiella krav som g\u00e4ller. F\u00f6ljande \u00e4r h\u00e4mtat fr\u00e5n UD:s sida p\u00e5 den svenska regeringens webbplats: Att vara honor\u00e4rkonsul \u00e4r ett oavl\u00f6nat hedersuppdrag. En honor\u00e4rkonsul kan vara svensk eller utl\u00e4ndsk medborgare1. Jag har \u00e4ven varit i kontakt med den svenska ambassaden i Madrid och UD f\u00e5r att f\u00e5 mer information om vilka krav som st\u00e4lls p\u00e5 en honor\u00e4rkonsul och vilka kriterier som anv\u00e4nds n\u00e4r denna ska utn\u00e4mnas. Fr\u00e5n UD har jag tyv\u00e4rr inte f\u00e5tt n\u00e5got svar men fr\u00e5n ambassaden fick jag svaret att de enda kraven f\u00f6r att bli honor\u00e4rkonsul i Spanien \u00e4r att vara v\u00e4letablerad p\u00e5 orten, ha \u201dgoda kontakter\u201d och att han\/hon pratar bra spanska. Det anses vara en f\u00f6rdel om konsuln \u00e4r medborgare i verksamhetslandet. En honor\u00e4rkonsul utses av UD p\u00e5 f\u00f6rslag av ambassaden i det aktuella landet.<\/p>\n<p>Som ni m\u00e4rker ovan s\u00e5 st\u00e4lls det inte s\u00e4rskilt stora krav p\u00e5 en honor\u00e4rkonsul och det kanske \u00e4r naturligt eftersom det \u00e4r ett oavl\u00f6nat hedersuppdrag. Men jag undrar \u00e4nd\u00e5: Borde man som svensk inte kunna kr\u00e4va lite mer av en svensk konsul \u00e4ven om han eller hon \u00e4r honor\u00e4rkonsul? Kan man verkligen utse en person som inte pratar ett ord svenska och som inte har n\u00e5gon relation alls till Sverige (eller en v\u00e4ldigt blygsam relation). Det \u00e4r ett oavl\u00f6nat hedersuppdrag men kan man verkligen inte f\u00f6rs\u00f6ka engagera sig lite mer? Men det \u00e4r klart, om man inte har n\u00e5gon som helst relation till landet s\u00e5 kanske de \u00e4r sv\u00e5rt att engagera sig.<\/p>\n<p>Och vad vill Sverige som land f\u00e5 ut av att ha en honor\u00e4rkonsul? Kan det verkligen vara n\u00e5gon nytta med en person som varken h\u00f6rs eller syns och som inte g\u00f6r ett dyft f\u00f6r att fr\u00e4mja de spansk-svenska relationerna? Denna person kostar visserligen inte den svenska staten n\u00e5gonting men n\u00e5gon funktion m\u00e5ste v\u00e4l han eller hon \u00e4nd\u00e5 fylla? En svensk konsul b\u00f6r v\u00e4l rimligen representera och \u201ds\u00e4lja\u201d Sverige i Spanien.<\/p>\n<p>Problemet g\u00e4ller inte bara Sverige utan \u00e4ven andra l\u00e4nder. En person som tidigare var anst\u00e4lld p\u00e5 den andalusiska regionregeringen anm\u00e4lde sitt intresse f\u00f6r att bli honor\u00e4rkonsul f\u00f6r ett baltiskt land och fick uppdraget, trots att han inte kunde ett ord p\u00e5 spr\u00e5ket och kanske aldrig ens varit i landet. Samma sak g\u00e4ller f\u00f6r honor\u00e4rkonsuln f\u00f6r ett eurasiskt land h\u00e4r i Sevilla.<br \/>\nJag f\u00f6rst\u00e5r att det tidigare kunde vara sv\u00e5rt att hitta l\u00e4mpliga personer till uppdraget som honor\u00e4rkonsul f\u00f6r m\u00e5nga av de mindre l\u00e4nderna men i dagens globaliserade v\u00e4rld s\u00e5 m\u00e5ste v\u00e4l vara m\u00f6jligt att hitta n\u00e5gon som \u00e5tminstone pratar landets spr\u00e5k och k\u00e4nner till dess kultur? Eller kan man bli konsul f\u00f6r ett land bara f\u00f6r att man vill det?!<\/p>\n<p>Och om det finns en svensktalande person, eller som har n\u00e5gon typ av &#8221;svensk bakgrund&#8221;, i Sevilla som \u00e4r villig att ta p\u00e5 sig detta oavl\u00f6nade hedersuppdrag, borde inte han eller hon d\u00e5 ha f\u00f6retr\u00e4de framf\u00f6r en person som inte har n\u00e5gon eller liten relation till Sverige att g\u00f6ra och som inte pratar svenska?<\/p>\n<p>Personligen f\u00f6redrar jag att inte ha n\u00e5gon konsul alls \u00e4n att ha en d\u00e5lig s\u00e5dan. Jag har myntat uttrycket \u201dpseudokonsulat\u201d f\u00f6r det \u00e4r just vad det \u00e4r. Konsulat d\u00e4r man inte ens kan f\u00e5 hj\u00e4lp p\u00e5 sitt eget modersm\u00e5l, d\u00e4r personalen inte k\u00e4nner till ett dyft om landet och som inte engagerar sig f\u00f6r fem \u00f6re. Att Sverige ska ha s\u00e5dana h\u00e4r pseudokonsulat \u00e4r endast pinsamt och ger oerh\u00f6rt d\u00e5lig reklam f\u00f6r Sverige som land. \u00c4ndra reglerna eller l\u00e4gg ner dessa pseudokonsulat!<\/p>\n<p>Christer Aronsson (frilans\u00f6vers\u00e4ttare), bosatt sedan 1999 i Sevilla. Information fr\u00e5n svenska UD h\u00e4r<\/p>\n","protected":false},"excerpt":{"rendered":"<p>I samband med att den svenska honor\u00e4rkonsuln i Sevilla gick i pension efter 15 \u00e5r p\u00e5 posten i mars 2010 fick jag p\u00e5 nytt tillf\u00e4lle att fr\u00e5ga mig sj\u00e4lv samma fr\u00e5gor som jag och m\u00e5nga andra Sevilla-svenskar alltid st\u00e4llt oss: Vilka krav st\u00e4lls p\u00e5 en honor\u00e4rkonsul? Vad vill Sverige som land f\u00e5 ut av att [&hellip;]<\/p>\n","protected":false},"author":8,"featured_media":0,"comment_status":"open","ping_status":"open","sticky":false,"template":"","format":"standard","meta":{"_et_pb_use_builder":"","_et_pb_old_content":"","_et_gb_content_width":"","footnotes":""},"categories":[396,4],"tags":[],"class_list":["post-3069","post","type-post","status-publish","format-standard","hentry","category-arkiv-artiklar","category-artiklar"],"yoast_head":"<!-- This site is optimized with the Yoast SEO Premium plugin v26.2 (Yoast SEO v27.4) - https:\/\/yoast.com\/product\/yoast-seo-premium-wordpress\/ -->\n<title>L\u00e4gg ned de svenska pseudokonsulaten! - Svenska Magasinet<\/title>\n<meta name=\"robots\" content=\"noindex, follow, max-snippet:-1, max-image-preview:large, max-video-preview:-1\" \/>\n<meta property=\"og:locale\" content=\"sv_SE\" \/>\n<meta property=\"og:type\" content=\"article\" \/>\n<meta property=\"og:title\" content=\"L\u00e4gg ned de svenska pseudokonsulaten!\" \/>\n<meta property=\"og:description\" content=\"I samband med att den svenska honor\u00e4rkonsuln i Sevilla gick i pension efter 15 \u00e5r p\u00e5 posten i mars 2010 fick jag p\u00e5 nytt tillf\u00e4lle att fr\u00e5ga mig sj\u00e4lv samma fr\u00e5gor som jag och m\u00e5nga andra Sevilla-svenskar alltid st\u00e4llt oss: Vilka krav st\u00e4lls p\u00e5 en honor\u00e4rkonsul? Vad vill Sverige som land f\u00e5 ut av att [&hellip;]\" \/>\n<meta property=\"og:url\" content=\"https:\/\/lightweb.dev\/l\/svm-temp\/artiklar\/lagg-ned-de-svenska-pseudokonsulaten\/\" \/>\n<meta property=\"og:site_name\" content=\"Svenska Magasinet\" \/>\n<meta property=\"article:publisher\" content=\"https:\/\/www.facebook.com\/svenskamagasinet\" \/>\n<meta property=\"article:published_time\" content=\"2010-06-09T22:00:00+00:00\" \/>\n<meta name=\"author\" content=\"Redaktionen SvM\" \/>\n<meta name=\"twitter:card\" content=\"summary_large_image\" \/>\n<meta name=\"twitter:creator\" content=\"@SvenskaMagasine\" \/>\n<meta name=\"twitter:site\" content=\"@SvenskaMagasine\" \/>\n<script type=\"application\/ld+json\" class=\"yoast-schema-graph\">{\"@context\":\"https:\\\/\\\/schema.org\",\"@graph\":[{\"@type\":\"Article\",\"@id\":\"https:\\\/\\\/lightweb.dev\\\/l\\\/svm-temp\\\/artiklar\\\/lagg-ned-de-svenska-pseudokonsulaten\\\/#article\",\"isPartOf\":{\"@id\":\"https:\\\/\\\/lightweb.dev\\\/l\\\/svm-temp\\\/artiklar\\\/lagg-ned-de-svenska-pseudokonsulaten\\\/\"},\"author\":{\"name\":\"Redaktionen SvM\",\"@id\":\"https:\\\/\\\/lightweb.dev\\\/l\\\/svm-temp\\\/#\\\/schema\\\/person\\\/206a3bda5b607b0c25e1749191e4d837\"},\"headline\":\"L\u00e4gg ned de svenska pseudokonsulaten!\",\"datePublished\":\"2010-06-09T22:00:00+00:00\",\"mainEntityOfPage\":{\"@id\":\"https:\\\/\\\/lightweb.dev\\\/l\\\/svm-temp\\\/artiklar\\\/lagg-ned-de-svenska-pseudokonsulaten\\\/\"},\"wordCount\":921,\"commentCount\":0,\"publisher\":{\"@id\":\"https:\\\/\\\/lightweb.dev\\\/l\\\/svm-temp\\\/#organization\"},\"articleSection\":[\"Arkiv\",\"Artiklar\"],\"inLanguage\":\"sv-SE\"},{\"@type\":\"WebPage\",\"@id\":\"https:\\\/\\\/lightweb.dev\\\/l\\\/svm-temp\\\/artiklar\\\/lagg-ned-de-svenska-pseudokonsulaten\\\/\",\"url\":\"https:\\\/\\\/lightweb.dev\\\/l\\\/svm-temp\\\/artiklar\\\/lagg-ned-de-svenska-pseudokonsulaten\\\/\",\"name\":\"L\u00e4gg ned de svenska pseudokonsulaten! - Svenska Magasinet\",\"isPartOf\":{\"@id\":\"https:\\\/\\\/lightweb.dev\\\/l\\\/svm-temp\\\/#website\"},\"datePublished\":\"2010-06-09T22:00:00+00:00\",\"breadcrumb\":{\"@id\":\"https:\\\/\\\/lightweb.dev\\\/l\\\/svm-temp\\\/artiklar\\\/lagg-ned-de-svenska-pseudokonsulaten\\\/#breadcrumb\"},\"inLanguage\":\"sv-SE\",\"potentialAction\":[{\"@type\":\"ReadAction\",\"target\":[\"https:\\\/\\\/lightweb.dev\\\/l\\\/svm-temp\\\/artiklar\\\/lagg-ned-de-svenska-pseudokonsulaten\\\/\"]}]},{\"@type\":\"BreadcrumbList\",\"@id\":\"https:\\\/\\\/lightweb.dev\\\/l\\\/svm-temp\\\/artiklar\\\/lagg-ned-de-svenska-pseudokonsulaten\\\/#breadcrumb\",\"itemListElement\":[{\"@type\":\"ListItem\",\"position\":1,\"name\":\"Hem\",\"item\":\"https:\\\/\\\/lightweb.dev\\\/l\\\/svm-temp\\\/\"},{\"@type\":\"ListItem\",\"position\":2,\"name\":\"L\u00e4gg ned de svenska pseudokonsulaten!\"}]},{\"@type\":\"WebSite\",\"@id\":\"https:\\\/\\\/lightweb.dev\\\/l\\\/svm-temp\\\/#website\",\"url\":\"https:\\\/\\\/lightweb.dev\\\/l\\\/svm-temp\\\/\",\"name\":\"Svenska Magasinet\",\"description\":\"Dina Spanska nyheter p&aring; Svenska\",\"publisher\":{\"@id\":\"https:\\\/\\\/lightweb.dev\\\/l\\\/svm-temp\\\/#organization\"},\"potentialAction\":[{\"@type\":\"SearchAction\",\"target\":{\"@type\":\"EntryPoint\",\"urlTemplate\":\"https:\\\/\\\/lightweb.dev\\\/l\\\/svm-temp\\\/?s={search_term_string}\"},\"query-input\":{\"@type\":\"PropertyValueSpecification\",\"valueRequired\":true,\"valueName\":\"search_term_string\"}}],\"inLanguage\":\"sv-SE\"},{\"@type\":\"Organization\",\"@id\":\"https:\\\/\\\/lightweb.dev\\\/l\\\/svm-temp\\\/#organization\",\"name\":\"Melkerson y Nott SL\",\"alternateName\":\"Svenska Magasinet\",\"url\":\"https:\\\/\\\/lightweb.dev\\\/l\\\/svm-temp\\\/\",\"logo\":{\"@type\":\"ImageObject\",\"inLanguage\":\"sv-SE\",\"@id\":\"https:\\\/\\\/lightweb.dev\\\/l\\\/svm-temp\\\/#\\\/schema\\\/logo\\\/image\\\/\",\"url\":\"https:\\\/\\\/lightweb.dev\\\/l\\\/svm-temp\\\/wp-content\\\/uploads\\\/2025\\\/02\\\/SvM-logo-Xtra-Centrerad-SVART.png\",\"contentUrl\":\"https:\\\/\\\/lightweb.dev\\\/l\\\/svm-temp\\\/wp-content\\\/uploads\\\/2025\\\/02\\\/SvM-logo-Xtra-Centrerad-SVART.png\",\"width\":300,\"height\":99,\"caption\":\"Melkerson y Nott SL\"},\"image\":{\"@id\":\"https:\\\/\\\/lightweb.dev\\\/l\\\/svm-temp\\\/#\\\/schema\\\/logo\\\/image\\\/\"},\"sameAs\":[\"https:\\\/\\\/www.facebook.com\\\/svenskamagasinet\",\"https:\\\/\\\/x.com\\\/SvenskaMagasine\"]},{\"@type\":\"Person\",\"@id\":\"https:\\\/\\\/lightweb.dev\\\/l\\\/svm-temp\\\/#\\\/schema\\\/person\\\/206a3bda5b607b0c25e1749191e4d837\",\"name\":\"Redaktionen SvM\",\"description\":\"Redaktionen\",\"sameAs\":[\"https:\\\/\\\/lightweb.dev\\\/l\\\/svm-temp\"],\"url\":\"https:\\\/\\\/lightweb.dev\\\/l\\\/svm-temp\\\/reporter\\\/redaktionen\\\/\"}]}<\/script>\n<!-- \/ Yoast SEO Premium plugin. -->","yoast_head_json":{"title":"L\u00e4gg ned de svenska pseudokonsulaten! - Svenska Magasinet","robots":{"index":"noindex","follow":"follow","max-snippet":"max-snippet:-1","max-image-preview":"max-image-preview:large","max-video-preview":"max-video-preview:-1"},"og_locale":"sv_SE","og_type":"article","og_title":"L\u00e4gg ned de svenska pseudokonsulaten!","og_description":"I samband med att den svenska honor\u00e4rkonsuln i Sevilla gick i pension efter 15 \u00e5r p\u00e5 posten i mars 2010 fick jag p\u00e5 nytt tillf\u00e4lle att fr\u00e5ga mig sj\u00e4lv samma fr\u00e5gor som jag och m\u00e5nga andra Sevilla-svenskar alltid st\u00e4llt oss: Vilka krav st\u00e4lls p\u00e5 en honor\u00e4rkonsul? Vad vill Sverige som land f\u00e5 ut av att [&hellip;]","og_url":"https:\/\/lightweb.dev\/l\/svm-temp\/artiklar\/lagg-ned-de-svenska-pseudokonsulaten\/","og_site_name":"Svenska Magasinet","article_publisher":"https:\/\/www.facebook.com\/svenskamagasinet","article_published_time":"2010-06-09T22:00:00+00:00","author":"Redaktionen SvM","twitter_card":"summary_large_image","twitter_creator":"@SvenskaMagasine","twitter_site":"@SvenskaMagasine","schema":{"@context":"https:\/\/schema.org","@graph":[{"@type":"Article","@id":"https:\/\/lightweb.dev\/l\/svm-temp\/artiklar\/lagg-ned-de-svenska-pseudokonsulaten\/#article","isPartOf":{"@id":"https:\/\/lightweb.dev\/l\/svm-temp\/artiklar\/lagg-ned-de-svenska-pseudokonsulaten\/"},"author":{"name":"Redaktionen SvM","@id":"https:\/\/lightweb.dev\/l\/svm-temp\/#\/schema\/person\/206a3bda5b607b0c25e1749191e4d837"},"headline":"L\u00e4gg ned de svenska pseudokonsulaten!","datePublished":"2010-06-09T22:00:00+00:00","mainEntityOfPage":{"@id":"https:\/\/lightweb.dev\/l\/svm-temp\/artiklar\/lagg-ned-de-svenska-pseudokonsulaten\/"},"wordCount":921,"commentCount":0,"publisher":{"@id":"https:\/\/lightweb.dev\/l\/svm-temp\/#organization"},"articleSection":["Arkiv","Artiklar"],"inLanguage":"sv-SE"},{"@type":"WebPage","@id":"https:\/\/lightweb.dev\/l\/svm-temp\/artiklar\/lagg-ned-de-svenska-pseudokonsulaten\/","url":"https:\/\/lightweb.dev\/l\/svm-temp\/artiklar\/lagg-ned-de-svenska-pseudokonsulaten\/","name":"L\u00e4gg ned de svenska pseudokonsulaten! - Svenska Magasinet","isPartOf":{"@id":"https:\/\/lightweb.dev\/l\/svm-temp\/#website"},"datePublished":"2010-06-09T22:00:00+00:00","breadcrumb":{"@id":"https:\/\/lightweb.dev\/l\/svm-temp\/artiklar\/lagg-ned-de-svenska-pseudokonsulaten\/#breadcrumb"},"inLanguage":"sv-SE","potentialAction":[{"@type":"ReadAction","target":["https:\/\/lightweb.dev\/l\/svm-temp\/artiklar\/lagg-ned-de-svenska-pseudokonsulaten\/"]}]},{"@type":"BreadcrumbList","@id":"https:\/\/lightweb.dev\/l\/svm-temp\/artiklar\/lagg-ned-de-svenska-pseudokonsulaten\/#breadcrumb","itemListElement":[{"@type":"ListItem","position":1,"name":"Hem","item":"https:\/\/lightweb.dev\/l\/svm-temp\/"},{"@type":"ListItem","position":2,"name":"L\u00e4gg ned de svenska pseudokonsulaten!"}]},{"@type":"WebSite","@id":"https:\/\/lightweb.dev\/l\/svm-temp\/#website","url":"https:\/\/lightweb.dev\/l\/svm-temp\/","name":"Svenska Magasinet","description":"Dina Spanska nyheter p&aring; Svenska","publisher":{"@id":"https:\/\/lightweb.dev\/l\/svm-temp\/#organization"},"potentialAction":[{"@type":"SearchAction","target":{"@type":"EntryPoint","urlTemplate":"https:\/\/lightweb.dev\/l\/svm-temp\/?s={search_term_string}"},"query-input":{"@type":"PropertyValueSpecification","valueRequired":true,"valueName":"search_term_string"}}],"inLanguage":"sv-SE"},{"@type":"Organization","@id":"https:\/\/lightweb.dev\/l\/svm-temp\/#organization","name":"Melkerson y Nott SL","alternateName":"Svenska Magasinet","url":"https:\/\/lightweb.dev\/l\/svm-temp\/","logo":{"@type":"ImageObject","inLanguage":"sv-SE","@id":"https:\/\/lightweb.dev\/l\/svm-temp\/#\/schema\/logo\/image\/","url":"https:\/\/lightweb.dev\/l\/svm-temp\/wp-content\/uploads\/2025\/02\/SvM-logo-Xtra-Centrerad-SVART.png","contentUrl":"https:\/\/lightweb.dev\/l\/svm-temp\/wp-content\/uploads\/2025\/02\/SvM-logo-Xtra-Centrerad-SVART.png","width":300,"height":99,"caption":"Melkerson y Nott SL"},"image":{"@id":"https:\/\/lightweb.dev\/l\/svm-temp\/#\/schema\/logo\/image\/"},"sameAs":["https:\/\/www.facebook.com\/svenskamagasinet","https:\/\/x.com\/SvenskaMagasine"]},{"@type":"Person","@id":"https:\/\/lightweb.dev\/l\/svm-temp\/#\/schema\/person\/206a3bda5b607b0c25e1749191e4d837","name":"Redaktionen SvM","description":"Redaktionen","sameAs":["https:\/\/lightweb.dev\/l\/svm-temp"],"url":"https:\/\/lightweb.dev\/l\/svm-temp\/reporter\/redaktionen\/"}]}},"_links":{"self":[{"href":"https:\/\/lightweb.dev\/l\/svm-temp\/wp-json\/wp\/v2\/posts\/3069","targetHints":{"allow":["GET"]}}],"collection":[{"href":"https:\/\/lightweb.dev\/l\/svm-temp\/wp-json\/wp\/v2\/posts"}],"about":[{"href":"https:\/\/lightweb.dev\/l\/svm-temp\/wp-json\/wp\/v2\/types\/post"}],"author":[{"embeddable":true,"href":"https:\/\/lightweb.dev\/l\/svm-temp\/wp-json\/wp\/v2\/users\/8"}],"replies":[{"embeddable":true,"href":"https:\/\/lightweb.dev\/l\/svm-temp\/wp-json\/wp\/v2\/comments?post=3069"}],"version-history":[{"count":0,"href":"https:\/\/lightweb.dev\/l\/svm-temp\/wp-json\/wp\/v2\/posts\/3069\/revisions"}],"wp:attachment":[{"href":"https:\/\/lightweb.dev\/l\/svm-temp\/wp-json\/wp\/v2\/media?parent=3069"}],"wp:term":[{"taxonomy":"category","embeddable":true,"href":"https:\/\/lightweb.dev\/l\/svm-temp\/wp-json\/wp\/v2\/categories?post=3069"},{"taxonomy":"post_tag","embeddable":true,"href":"https:\/\/lightweb.dev\/l\/svm-temp\/wp-json\/wp\/v2\/tags?post=3069"}],"curies":[{"name":"wp","href":"https:\/\/api.w.org\/{rel}","templated":true}]}}