{"id":3074,"date":"2010-06-10T00:00:00","date_gmt":"2010-06-09T22:00:00","guid":{"rendered":"https:\/\/lightweb.dev\/l\/svm-temp\/halla-dar-marbellasvensken-michael-englund-vd-for-sporrong-och-kunglig-hovleverantor\/"},"modified":"2010-06-10T00:00:00","modified_gmt":"2010-06-09T22:00:00","slug":"halla-dar-marbellasvensken-michael-englund-vd-for-sporrong-och-kunglig-hovleverantor","status":"publish","type":"post","link":"https:\/\/lightweb.dev\/l\/svm-temp\/artiklar\/halla-dar-marbellasvensken-michael-englund-vd-for-sporrong-och-kunglig-hovleverantor\/","title":{"rendered":"Hall\u00e5 d\u00e4r! \u2013 Marbellasvensken Michael Englund, VD f\u00f6r Sporrong och Kunglig hovleverant\u00f6r"},"content":{"rendered":"<p> Hur fick du och f\u00f6retaget Sporrong detta privilegium? &#8221;N\u00e4r det blev klart att Kronprinsessan Victoria och Daniel skulle gifta sig skrev jag till hovet och bad om att f\u00e5 tillverka br\u00f6llopsmedaljen. Vi har tidigare tillverkat medaljer \u00e5t hovet som vid f\u00f6delsedagar och statsbes\u00f6k. Sporrong tillverkade ocks\u00e5 minnesmedaljen i samband med Kungens och Drottningens br\u00f6llop 1976. De bad mig komma med f\u00f6rslag som vi utarbetade i samband med flera konstn\u00e4rer. Vi valde Peter Linde som f\u00f6rst tog fram ett f\u00f6rslag som f\u00f6rest\u00e4llde ett portr\u00e4tt rakt framifr\u00e5n av Kronprinsessan Victoria och Daniel. De var inte helt n\u00f6jda med det s\u00e5 det blev i halvprofil i st\u00e4llet. Peter Linde har utarbetat en ren framsida, f\u00f6rutom portr\u00e4ttet&#8221;. Av Ola Josefsson<\/p>\n<p>S\u00e5 brudparet har sj\u00e4lva f\u00e5tt avg\u00f6ra medaljen?<br \/>\n-Kronprinsessan Victorias och Daniel \u00e4r delaktiga i detta och gett sitt godk\u00e4nnande. Jag har haft kontakt med Ingemar Eliasson som var riksmarskalk fram till ny\u00e5ret. Hovet har blivit striktare med hovleverant\u00f6rskapet. Vi har gjort ett avtal med hovet vad vi f\u00e5r g\u00f6ra br\u00f6llopsmedaljen.<\/p>\n<p>Vilket utseende har baksidan?<br \/>\n-Baksidan f\u00f6rest\u00e4ller ett tr\u00e4ds l\u00f6vverk som v\u00e4xer samman. Det ska f\u00f6rest\u00e4lla tv\u00e5 sl\u00e4kter som v\u00e4xer samman. P\u00e5 baksidan av br\u00f6llopsmedaljen f\u00f6rekommer \u00e4ven en fj\u00e4ril som symboliserar lycka och k\u00e4rlek. Fj\u00e4ril f\u00f6rknippas \u00e4ven med Haga slott, blivande bostad f\u00f6r kronprinsessparet. Fj\u00e4ril vingad syns p\u00e5 Haga, heter det ju i visan.<\/p>\n<p>Vilka k\u00f6per br\u00f6llopsmedaljen?<br \/>\n-Det \u00e4r sv\u00e5rt att s\u00e4ga exakt. Samlarmedaljer lockar i regel en smalare krets, i detta fall en bredare krets. Det \u00e4r m\u00e4nniskor som vill visa sitt st\u00f6d, identifiera sig med h\u00e4ndelsen och som beundrar denna historiska h\u00e4ndelse.<\/p>\n<p>Hur stor blir tillverkningen?<br \/>\n-Den tillverkas i begr\u00e4nsad upplaga i val\u00f6rerna brons (5.000), \u00e4kta silver (3.000) samt 18k guld (500). Upplagan denna g\u00e5ng bygger p\u00e5 ber\u00e4kningar fr\u00e5n 1976.<\/p>\n<p>Vad kostar minnesmedaljerna?<br \/>\n-Den i guld kostar 10.995 SEK, silver 995 och den i brons kostar 595 SEK. Varje medalj \u00e4r f\u00f6rsedd med konstn\u00e4rens signatur samt tillverkningsnummer p\u00e5 medaljens rand. Efter utgivningen makuleras stansarna varf\u00f6r nypr\u00e4gling ej kan ske. Minnesmedaljerna och smyckena s\u00e4ljs till f\u00f6rm\u00e5n f\u00f6r Kronprinsessparets Br\u00f6llopsstiftelse vars syfte \u00e4r att motverka utanf\u00f6rskap och fr\u00e4mja god h\u00e4lsa bland barn och ungdomar i Sverige.<\/p>\n<p>Sporrong \u00e4r v\u00e4l ett f\u00f6retag med gamla anor?<br \/>\n-1666 grundade Henrik Grau det f\u00f6retag som sedemera blev AB Sporrong. Fr\u00e5n b\u00f6rjan var det en g\u00f6rdelmakarverkstad. H\u00e4r tillverkades uniformsdetaljer och uniformsknappar \u00e4ven till amerikanska inb\u00f6rdeskriget. Det s\u00e4gs att Karl XII sk\u00f6ts med knapp fr\u00e5n Sporrong\u2026<br \/>\n-I snart 350 \u00e5r har vi tillverkat produkter f\u00f6r att profilera och premiera m\u00e4nniskor, organisationer och f\u00f6retag. Nu \u00e4r Sporrong Kunglig hovleverant\u00f6r och har tagit fram en serie produkter speciellt framtagna f\u00f6r att uppm\u00e4rksamma Kronprinsessan Victorias och Daniel Westlings br\u00f6llop.<\/p>\n<p>Vad g\u00f6r du sj\u00e4lv den 19 juni?<br \/>\n-Det blir faktiskt f\u00f6delsedagskalas f\u00f6r min del \u00e4ven om jag givetvis kommer att f\u00f6lja Kronprinsessans br\u00f6llop ocks\u00e5. Sedan v\u00e4ntar Solkusten<br \/>\n-Jag har l\u00e4genhet i Nueva Andalucia sedan 15 \u00e5r tillbaka. Jag kommer och g\u00e5r med j\u00e4mna mellanrum och nu ser jag fram emot n\u00e5gra h\u00e4rliga sommarveckor p\u00e5 Solkusten. Mer info och k\u00f6p av br\u00f6llopsmedaljerna h\u00e4r<\/p>\n","protected":false},"excerpt":{"rendered":"<p>Hur fick du och f\u00f6retaget Sporrong detta privilegium? &#8221;N\u00e4r det blev klart att Kronprinsessan Victoria och Daniel skulle gifta sig skrev jag till hovet och bad om att f\u00e5 tillverka br\u00f6llopsmedaljen. Vi har tidigare tillverkat medaljer \u00e5t hovet som vid f\u00f6delsedagar och statsbes\u00f6k. Sporrong tillverkade ocks\u00e5 minnesmedaljen i samband med Kungens och Drottningens br\u00f6llop 1976. [&hellip;]<\/p>\n","protected":false},"author":8,"featured_media":3075,"comment_status":"open","ping_status":"open","sticky":false,"template":"","format":"standard","meta":{"_et_pb_use_builder":"","_et_pb_old_content":"","_et_gb_content_width":"","footnotes":""},"categories":[396,4],"tags":[],"class_list":["post-3074","post","type-post","status-publish","format-standard","has-post-thumbnail","hentry","category-arkiv-artiklar","category-artiklar"],"yoast_head":"<!-- This site is optimized with the Yoast SEO Premium plugin v26.2 (Yoast SEO v27.4) - https:\/\/yoast.com\/product\/yoast-seo-premium-wordpress\/ -->\n<title>Hall\u00e5 d\u00e4r! \u2013 Marbellasvensken Michael Englund, VD f\u00f6r Sporrong och Kunglig hovleverant\u00f6r - Svenska Magasinet<\/title>\n<meta name=\"robots\" content=\"noindex, follow, max-snippet:-1, max-image-preview:large, max-video-preview:-1\" \/>\n<meta property=\"og:locale\" content=\"sv_SE\" \/>\n<meta property=\"og:type\" content=\"article\" \/>\n<meta property=\"og:title\" content=\"Hall\u00e5 d\u00e4r! \u2013 Marbellasvensken Michael Englund, VD f\u00f6r Sporrong och Kunglig hovleverant\u00f6r\" \/>\n<meta property=\"og:description\" content=\"Hur fick du och f\u00f6retaget Sporrong detta privilegium? &#8221;N\u00e4r det blev klart att Kronprinsessan Victoria och Daniel skulle gifta sig skrev jag till hovet och bad om att f\u00e5 tillverka br\u00f6llopsmedaljen. Vi har tidigare tillverkat medaljer \u00e5t hovet som vid f\u00f6delsedagar och statsbes\u00f6k. Sporrong tillverkade ocks\u00e5 minnesmedaljen i samband med Kungens och Drottningens br\u00f6llop 1976. [&hellip;]\" \/>\n<meta property=\"og:url\" content=\"https:\/\/lightweb.dev\/l\/svm-temp\/artiklar\/halla-dar-marbellasvensken-michael-englund-vd-for-sporrong-och-kunglig-hovleverantor\/\" \/>\n<meta property=\"og:site_name\" content=\"Svenska Magasinet\" \/>\n<meta property=\"article:publisher\" content=\"https:\/\/www.facebook.com\/svenskamagasinet\" \/>\n<meta property=\"article:published_time\" content=\"2010-06-09T22:00:00+00:00\" \/>\n<meta property=\"og:image\" content=\"https:\/\/lightweb.dev\/l\/svm-temp\/wp-content\/uploads\/2022\/04\/hall-dr-marbellasvensken-michael-englund-vd-fr-sporrong-och-kunglig-hovleverantr.png\" \/>\n\t<meta property=\"og:image:width\" content=\"280\" \/>\n\t<meta property=\"og:image:height\" content=\"367\" \/>\n\t<meta property=\"og:image:type\" content=\"image\/png\" \/>\n<meta name=\"author\" content=\"Redaktionen SvM\" \/>\n<meta name=\"twitter:card\" content=\"summary_large_image\" \/>\n<meta name=\"twitter:creator\" content=\"@SvenskaMagasine\" \/>\n<meta name=\"twitter:site\" content=\"@SvenskaMagasine\" \/>\n<script type=\"application\/ld+json\" class=\"yoast-schema-graph\">{\"@context\":\"https:\\\/\\\/schema.org\",\"@graph\":[{\"@type\":\"Article\",\"@id\":\"https:\\\/\\\/lightweb.dev\\\/l\\\/svm-temp\\\/artiklar\\\/halla-dar-marbellasvensken-michael-englund-vd-for-sporrong-och-kunglig-hovleverantor\\\/#article\",\"isPartOf\":{\"@id\":\"https:\\\/\\\/lightweb.dev\\\/l\\\/svm-temp\\\/artiklar\\\/halla-dar-marbellasvensken-michael-englund-vd-for-sporrong-och-kunglig-hovleverantor\\\/\"},\"author\":{\"name\":\"Redaktionen SvM\",\"@id\":\"https:\\\/\\\/lightweb.dev\\\/l\\\/svm-temp\\\/#\\\/schema\\\/person\\\/206a3bda5b607b0c25e1749191e4d837\"},\"headline\":\"Hall\u00e5 d\u00e4r! \u2013 Marbellasvensken Michael Englund, VD f\u00f6r Sporrong och Kunglig hovleverant\u00f6r\",\"datePublished\":\"2010-06-09T22:00:00+00:00\",\"mainEntityOfPage\":{\"@id\":\"https:\\\/\\\/lightweb.dev\\\/l\\\/svm-temp\\\/artiklar\\\/halla-dar-marbellasvensken-michael-englund-vd-for-sporrong-och-kunglig-hovleverantor\\\/\"},\"wordCount\":602,\"commentCount\":0,\"publisher\":{\"@id\":\"https:\\\/\\\/lightweb.dev\\\/l\\\/svm-temp\\\/#organization\"},\"image\":{\"@id\":\"https:\\\/\\\/lightweb.dev\\\/l\\\/svm-temp\\\/artiklar\\\/halla-dar-marbellasvensken-michael-englund-vd-for-sporrong-och-kunglig-hovleverantor\\\/#primaryimage\"},\"thumbnailUrl\":\"https:\\\/\\\/lightweb.dev\\\/l\\\/svm-temp\\\/wp-content\\\/uploads\\\/2022\\\/04\\\/hall-dr-marbellasvensken-michael-englund-vd-fr-sporrong-och-kunglig-hovleverantr.png\",\"articleSection\":[\"Arkiv\",\"Artiklar\"],\"inLanguage\":\"sv-SE\"},{\"@type\":\"WebPage\",\"@id\":\"https:\\\/\\\/lightweb.dev\\\/l\\\/svm-temp\\\/artiklar\\\/halla-dar-marbellasvensken-michael-englund-vd-for-sporrong-och-kunglig-hovleverantor\\\/\",\"url\":\"https:\\\/\\\/lightweb.dev\\\/l\\\/svm-temp\\\/artiklar\\\/halla-dar-marbellasvensken-michael-englund-vd-for-sporrong-och-kunglig-hovleverantor\\\/\",\"name\":\"Hall\u00e5 d\u00e4r! \u2013 Marbellasvensken Michael Englund, VD f\u00f6r Sporrong och Kunglig hovleverant\u00f6r - Svenska Magasinet\",\"isPartOf\":{\"@id\":\"https:\\\/\\\/lightweb.dev\\\/l\\\/svm-temp\\\/#website\"},\"primaryImageOfPage\":{\"@id\":\"https:\\\/\\\/lightweb.dev\\\/l\\\/svm-temp\\\/artiklar\\\/halla-dar-marbellasvensken-michael-englund-vd-for-sporrong-och-kunglig-hovleverantor\\\/#primaryimage\"},\"image\":{\"@id\":\"https:\\\/\\\/lightweb.dev\\\/l\\\/svm-temp\\\/artiklar\\\/halla-dar-marbellasvensken-michael-englund-vd-for-sporrong-och-kunglig-hovleverantor\\\/#primaryimage\"},\"thumbnailUrl\":\"https:\\\/\\\/lightweb.dev\\\/l\\\/svm-temp\\\/wp-content\\\/uploads\\\/2022\\\/04\\\/hall-dr-marbellasvensken-michael-englund-vd-fr-sporrong-och-kunglig-hovleverantr.png\",\"datePublished\":\"2010-06-09T22:00:00+00:00\",\"breadcrumb\":{\"@id\":\"https:\\\/\\\/lightweb.dev\\\/l\\\/svm-temp\\\/artiklar\\\/halla-dar-marbellasvensken-michael-englund-vd-for-sporrong-och-kunglig-hovleverantor\\\/#breadcrumb\"},\"inLanguage\":\"sv-SE\",\"potentialAction\":[{\"@type\":\"ReadAction\",\"target\":[\"https:\\\/\\\/lightweb.dev\\\/l\\\/svm-temp\\\/artiklar\\\/halla-dar-marbellasvensken-michael-englund-vd-for-sporrong-och-kunglig-hovleverantor\\\/\"]}]},{\"@type\":\"ImageObject\",\"inLanguage\":\"sv-SE\",\"@id\":\"https:\\\/\\\/lightweb.dev\\\/l\\\/svm-temp\\\/artiklar\\\/halla-dar-marbellasvensken-michael-englund-vd-for-sporrong-och-kunglig-hovleverantor\\\/#primaryimage\",\"url\":\"https:\\\/\\\/lightweb.dev\\\/l\\\/svm-temp\\\/wp-content\\\/uploads\\\/2022\\\/04\\\/hall-dr-marbellasvensken-michael-englund-vd-fr-sporrong-och-kunglig-hovleverantr.png\",\"contentUrl\":\"https:\\\/\\\/lightweb.dev\\\/l\\\/svm-temp\\\/wp-content\\\/uploads\\\/2022\\\/04\\\/hall-dr-marbellasvensken-michael-englund-vd-fr-sporrong-och-kunglig-hovleverantr.png\",\"width\":280,\"height\":367},{\"@type\":\"BreadcrumbList\",\"@id\":\"https:\\\/\\\/lightweb.dev\\\/l\\\/svm-temp\\\/artiklar\\\/halla-dar-marbellasvensken-michael-englund-vd-for-sporrong-och-kunglig-hovleverantor\\\/#breadcrumb\",\"itemListElement\":[{\"@type\":\"ListItem\",\"position\":1,\"name\":\"Hem\",\"item\":\"https:\\\/\\\/lightweb.dev\\\/l\\\/svm-temp\\\/\"},{\"@type\":\"ListItem\",\"position\":2,\"name\":\"Hall\u00e5 d\u00e4r! \u2013 Marbellasvensken Michael Englund, VD f\u00f6r Sporrong och Kunglig hovleverant\u00f6r\"}]},{\"@type\":\"WebSite\",\"@id\":\"https:\\\/\\\/lightweb.dev\\\/l\\\/svm-temp\\\/#website\",\"url\":\"https:\\\/\\\/lightweb.dev\\\/l\\\/svm-temp\\\/\",\"name\":\"Svenska Magasinet\",\"description\":\"Dina Spanska nyheter p&aring; Svenska\",\"publisher\":{\"@id\":\"https:\\\/\\\/lightweb.dev\\\/l\\\/svm-temp\\\/#organization\"},\"potentialAction\":[{\"@type\":\"SearchAction\",\"target\":{\"@type\":\"EntryPoint\",\"urlTemplate\":\"https:\\\/\\\/lightweb.dev\\\/l\\\/svm-temp\\\/?s={search_term_string}\"},\"query-input\":{\"@type\":\"PropertyValueSpecification\",\"valueRequired\":true,\"valueName\":\"search_term_string\"}}],\"inLanguage\":\"sv-SE\"},{\"@type\":\"Organization\",\"@id\":\"https:\\\/\\\/lightweb.dev\\\/l\\\/svm-temp\\\/#organization\",\"name\":\"Melkerson y Nott SL\",\"alternateName\":\"Svenska Magasinet\",\"url\":\"https:\\\/\\\/lightweb.dev\\\/l\\\/svm-temp\\\/\",\"logo\":{\"@type\":\"ImageObject\",\"inLanguage\":\"sv-SE\",\"@id\":\"https:\\\/\\\/lightweb.dev\\\/l\\\/svm-temp\\\/#\\\/schema\\\/logo\\\/image\\\/\",\"url\":\"https:\\\/\\\/lightweb.dev\\\/l\\\/svm-temp\\\/wp-content\\\/uploads\\\/2025\\\/02\\\/SvM-logo-Xtra-Centrerad-SVART.png\",\"contentUrl\":\"https:\\\/\\\/lightweb.dev\\\/l\\\/svm-temp\\\/wp-content\\\/uploads\\\/2025\\\/02\\\/SvM-logo-Xtra-Centrerad-SVART.png\",\"width\":300,\"height\":99,\"caption\":\"Melkerson y Nott SL\"},\"image\":{\"@id\":\"https:\\\/\\\/lightweb.dev\\\/l\\\/svm-temp\\\/#\\\/schema\\\/logo\\\/image\\\/\"},\"sameAs\":[\"https:\\\/\\\/www.facebook.com\\\/svenskamagasinet\",\"https:\\\/\\\/x.com\\\/SvenskaMagasine\"]},{\"@type\":\"Person\",\"@id\":\"https:\\\/\\\/lightweb.dev\\\/l\\\/svm-temp\\\/#\\\/schema\\\/person\\\/206a3bda5b607b0c25e1749191e4d837\",\"name\":\"Redaktionen SvM\",\"description\":\"Redaktionen\",\"sameAs\":[\"https:\\\/\\\/lightweb.dev\\\/l\\\/svm-temp\"],\"url\":\"https:\\\/\\\/lightweb.dev\\\/l\\\/svm-temp\\\/reporter\\\/redaktionen\\\/\"}]}<\/script>\n<!-- \/ Yoast SEO Premium plugin. -->","yoast_head_json":{"title":"Hall\u00e5 d\u00e4r! \u2013 Marbellasvensken Michael Englund, VD f\u00f6r Sporrong och Kunglig hovleverant\u00f6r - Svenska Magasinet","robots":{"index":"noindex","follow":"follow","max-snippet":"max-snippet:-1","max-image-preview":"max-image-preview:large","max-video-preview":"max-video-preview:-1"},"og_locale":"sv_SE","og_type":"article","og_title":"Hall\u00e5 d\u00e4r! \u2013 Marbellasvensken Michael Englund, VD f\u00f6r Sporrong och Kunglig hovleverant\u00f6r","og_description":"Hur fick du och f\u00f6retaget Sporrong detta privilegium? &#8221;N\u00e4r det blev klart att Kronprinsessan Victoria och Daniel skulle gifta sig skrev jag till hovet och bad om att f\u00e5 tillverka br\u00f6llopsmedaljen. Vi har tidigare tillverkat medaljer \u00e5t hovet som vid f\u00f6delsedagar och statsbes\u00f6k. Sporrong tillverkade ocks\u00e5 minnesmedaljen i samband med Kungens och Drottningens br\u00f6llop 1976. [&hellip;]","og_url":"https:\/\/lightweb.dev\/l\/svm-temp\/artiklar\/halla-dar-marbellasvensken-michael-englund-vd-for-sporrong-och-kunglig-hovleverantor\/","og_site_name":"Svenska Magasinet","article_publisher":"https:\/\/www.facebook.com\/svenskamagasinet","article_published_time":"2010-06-09T22:00:00+00:00","og_image":[{"width":280,"height":367,"url":"https:\/\/lightweb.dev\/l\/svm-temp\/wp-content\/uploads\/2022\/04\/hall-dr-marbellasvensken-michael-englund-vd-fr-sporrong-och-kunglig-hovleverantr.png","type":"image\/png"}],"author":"Redaktionen SvM","twitter_card":"summary_large_image","twitter_creator":"@SvenskaMagasine","twitter_site":"@SvenskaMagasine","schema":{"@context":"https:\/\/schema.org","@graph":[{"@type":"Article","@id":"https:\/\/lightweb.dev\/l\/svm-temp\/artiklar\/halla-dar-marbellasvensken-michael-englund-vd-for-sporrong-och-kunglig-hovleverantor\/#article","isPartOf":{"@id":"https:\/\/lightweb.dev\/l\/svm-temp\/artiklar\/halla-dar-marbellasvensken-michael-englund-vd-for-sporrong-och-kunglig-hovleverantor\/"},"author":{"name":"Redaktionen SvM","@id":"https:\/\/lightweb.dev\/l\/svm-temp\/#\/schema\/person\/206a3bda5b607b0c25e1749191e4d837"},"headline":"Hall\u00e5 d\u00e4r! \u2013 Marbellasvensken Michael Englund, VD f\u00f6r Sporrong och Kunglig hovleverant\u00f6r","datePublished":"2010-06-09T22:00:00+00:00","mainEntityOfPage":{"@id":"https:\/\/lightweb.dev\/l\/svm-temp\/artiklar\/halla-dar-marbellasvensken-michael-englund-vd-for-sporrong-och-kunglig-hovleverantor\/"},"wordCount":602,"commentCount":0,"publisher":{"@id":"https:\/\/lightweb.dev\/l\/svm-temp\/#organization"},"image":{"@id":"https:\/\/lightweb.dev\/l\/svm-temp\/artiklar\/halla-dar-marbellasvensken-michael-englund-vd-for-sporrong-och-kunglig-hovleverantor\/#primaryimage"},"thumbnailUrl":"https:\/\/lightweb.dev\/l\/svm-temp\/wp-content\/uploads\/2022\/04\/hall-dr-marbellasvensken-michael-englund-vd-fr-sporrong-och-kunglig-hovleverantr.png","articleSection":["Arkiv","Artiklar"],"inLanguage":"sv-SE"},{"@type":"WebPage","@id":"https:\/\/lightweb.dev\/l\/svm-temp\/artiklar\/halla-dar-marbellasvensken-michael-englund-vd-for-sporrong-och-kunglig-hovleverantor\/","url":"https:\/\/lightweb.dev\/l\/svm-temp\/artiklar\/halla-dar-marbellasvensken-michael-englund-vd-for-sporrong-och-kunglig-hovleverantor\/","name":"Hall\u00e5 d\u00e4r! \u2013 Marbellasvensken Michael Englund, VD f\u00f6r Sporrong och Kunglig hovleverant\u00f6r - Svenska Magasinet","isPartOf":{"@id":"https:\/\/lightweb.dev\/l\/svm-temp\/#website"},"primaryImageOfPage":{"@id":"https:\/\/lightweb.dev\/l\/svm-temp\/artiklar\/halla-dar-marbellasvensken-michael-englund-vd-for-sporrong-och-kunglig-hovleverantor\/#primaryimage"},"image":{"@id":"https:\/\/lightweb.dev\/l\/svm-temp\/artiklar\/halla-dar-marbellasvensken-michael-englund-vd-for-sporrong-och-kunglig-hovleverantor\/#primaryimage"},"thumbnailUrl":"https:\/\/lightweb.dev\/l\/svm-temp\/wp-content\/uploads\/2022\/04\/hall-dr-marbellasvensken-michael-englund-vd-fr-sporrong-och-kunglig-hovleverantr.png","datePublished":"2010-06-09T22:00:00+00:00","breadcrumb":{"@id":"https:\/\/lightweb.dev\/l\/svm-temp\/artiklar\/halla-dar-marbellasvensken-michael-englund-vd-for-sporrong-och-kunglig-hovleverantor\/#breadcrumb"},"inLanguage":"sv-SE","potentialAction":[{"@type":"ReadAction","target":["https:\/\/lightweb.dev\/l\/svm-temp\/artiklar\/halla-dar-marbellasvensken-michael-englund-vd-for-sporrong-och-kunglig-hovleverantor\/"]}]},{"@type":"ImageObject","inLanguage":"sv-SE","@id":"https:\/\/lightweb.dev\/l\/svm-temp\/artiklar\/halla-dar-marbellasvensken-michael-englund-vd-for-sporrong-och-kunglig-hovleverantor\/#primaryimage","url":"https:\/\/lightweb.dev\/l\/svm-temp\/wp-content\/uploads\/2022\/04\/hall-dr-marbellasvensken-michael-englund-vd-fr-sporrong-och-kunglig-hovleverantr.png","contentUrl":"https:\/\/lightweb.dev\/l\/svm-temp\/wp-content\/uploads\/2022\/04\/hall-dr-marbellasvensken-michael-englund-vd-fr-sporrong-och-kunglig-hovleverantr.png","width":280,"height":367},{"@type":"BreadcrumbList","@id":"https:\/\/lightweb.dev\/l\/svm-temp\/artiklar\/halla-dar-marbellasvensken-michael-englund-vd-for-sporrong-och-kunglig-hovleverantor\/#breadcrumb","itemListElement":[{"@type":"ListItem","position":1,"name":"Hem","item":"https:\/\/lightweb.dev\/l\/svm-temp\/"},{"@type":"ListItem","position":2,"name":"Hall\u00e5 d\u00e4r! \u2013 Marbellasvensken Michael Englund, VD f\u00f6r Sporrong och Kunglig hovleverant\u00f6r"}]},{"@type":"WebSite","@id":"https:\/\/lightweb.dev\/l\/svm-temp\/#website","url":"https:\/\/lightweb.dev\/l\/svm-temp\/","name":"Svenska Magasinet","description":"Dina Spanska nyheter p&aring; Svenska","publisher":{"@id":"https:\/\/lightweb.dev\/l\/svm-temp\/#organization"},"potentialAction":[{"@type":"SearchAction","target":{"@type":"EntryPoint","urlTemplate":"https:\/\/lightweb.dev\/l\/svm-temp\/?s={search_term_string}"},"query-input":{"@type":"PropertyValueSpecification","valueRequired":true,"valueName":"search_term_string"}}],"inLanguage":"sv-SE"},{"@type":"Organization","@id":"https:\/\/lightweb.dev\/l\/svm-temp\/#organization","name":"Melkerson y Nott SL","alternateName":"Svenska Magasinet","url":"https:\/\/lightweb.dev\/l\/svm-temp\/","logo":{"@type":"ImageObject","inLanguage":"sv-SE","@id":"https:\/\/lightweb.dev\/l\/svm-temp\/#\/schema\/logo\/image\/","url":"https:\/\/lightweb.dev\/l\/svm-temp\/wp-content\/uploads\/2025\/02\/SvM-logo-Xtra-Centrerad-SVART.png","contentUrl":"https:\/\/lightweb.dev\/l\/svm-temp\/wp-content\/uploads\/2025\/02\/SvM-logo-Xtra-Centrerad-SVART.png","width":300,"height":99,"caption":"Melkerson y Nott SL"},"image":{"@id":"https:\/\/lightweb.dev\/l\/svm-temp\/#\/schema\/logo\/image\/"},"sameAs":["https:\/\/www.facebook.com\/svenskamagasinet","https:\/\/x.com\/SvenskaMagasine"]},{"@type":"Person","@id":"https:\/\/lightweb.dev\/l\/svm-temp\/#\/schema\/person\/206a3bda5b607b0c25e1749191e4d837","name":"Redaktionen SvM","description":"Redaktionen","sameAs":["https:\/\/lightweb.dev\/l\/svm-temp"],"url":"https:\/\/lightweb.dev\/l\/svm-temp\/reporter\/redaktionen\/"}]}},"_links":{"self":[{"href":"https:\/\/lightweb.dev\/l\/svm-temp\/wp-json\/wp\/v2\/posts\/3074","targetHints":{"allow":["GET"]}}],"collection":[{"href":"https:\/\/lightweb.dev\/l\/svm-temp\/wp-json\/wp\/v2\/posts"}],"about":[{"href":"https:\/\/lightweb.dev\/l\/svm-temp\/wp-json\/wp\/v2\/types\/post"}],"author":[{"embeddable":true,"href":"https:\/\/lightweb.dev\/l\/svm-temp\/wp-json\/wp\/v2\/users\/8"}],"replies":[{"embeddable":true,"href":"https:\/\/lightweb.dev\/l\/svm-temp\/wp-json\/wp\/v2\/comments?post=3074"}],"version-history":[{"count":0,"href":"https:\/\/lightweb.dev\/l\/svm-temp\/wp-json\/wp\/v2\/posts\/3074\/revisions"}],"wp:featuredmedia":[{"embeddable":true,"href":"https:\/\/lightweb.dev\/l\/svm-temp\/wp-json\/wp\/v2\/media\/3075"}],"wp:attachment":[{"href":"https:\/\/lightweb.dev\/l\/svm-temp\/wp-json\/wp\/v2\/media?parent=3074"}],"wp:term":[{"taxonomy":"category","embeddable":true,"href":"https:\/\/lightweb.dev\/l\/svm-temp\/wp-json\/wp\/v2\/categories?post=3074"},{"taxonomy":"post_tag","embeddable":true,"href":"https:\/\/lightweb.dev\/l\/svm-temp\/wp-json\/wp\/v2\/tags?post=3074"}],"curies":[{"name":"wp","href":"https:\/\/api.w.org\/{rel}","templated":true}]}}