{"id":3084,"date":"2010-06-10T00:00:00","date_gmt":"2010-06-09T22:00:00","guid":{"rendered":"https:\/\/lightweb.dev\/l\/svm-temp\/mote-med-forfattarinnan-kitty-sewell\/"},"modified":"2010-06-10T00:00:00","modified_gmt":"2010-06-09T22:00:00","slug":"mote-med-forfattarinnan-kitty-sewell","status":"publish","type":"post","link":"https:\/\/lightweb.dev\/l\/svm-temp\/artiklar\/mote-med-forfattarinnan-kitty-sewell\/","title":{"rendered":"M\u00f6te med f\u00f6rfattarinnan Kitty Sewell"},"content":{"rendered":"<p> F\u00f6r n\u00e5gra \u00e5r sedan kom jag i kontakt med f\u00f6rfattarinnan Kitty Sewell via hennes svenska bokf\u00f6rlag Damm i Stockholm. Margareta och jag fick hennes f\u00f6rsta bok f\u00f6r recension. Att s\u00e4ga att vi satt trollbundna och helt fascinerade av denna enormt sp\u00e4nnande thriller \u00e4r det \u00e5rets understatement. H\u00e4r hade vi en debutant som gick utanp\u00e5 det mesta. Vilken story, vilken sp\u00e4nning och vilken sp\u00e4nst i skrivandet. Att sj\u00e4lva storyn\/intrigen var baserad p\u00e5 verklighet och faktiskt hade h\u00e4nt Kitty och hennes blivande man gjorde ju inte l\u00e4sningen s\u00e4mre Av Iwan &#038; Margareta Morelius<\/p>\n<p>I stora drag ber\u00e4ttar Kitty vad som h\u00e4nde hennes blivande man n\u00e4r han pl\u00f6tsligt konfronteras med det faktum att han pl\u00f6tsligt kontaktas av en 14-\u00e5rig flicka som p\u00e5st\u00e5r att han \u00e4r far till henne. Han hade under fjorton \u00e5r inte haft den ringaste aning om att han var far till flickan ifr\u00e5ga. Han beslutar sig naturligtvis f\u00f6r att ta kontakt med flickan ifr\u00e5ga och reser genast till Canada, d\u00e4r hon finns.  Kitty har gjort om denna story till en thriller av h\u00f6gsta karat.<\/p>\n<p>Margareta och jag har recenserat boken plus hennes \u00f6vriga b\u00f6cker i v\u00e5rt m\u00e5nadsmagazin  L\u00c4ST &#038; H\u00d6RT I H\u00c4NGMATTAN. Men nu var vi p\u00e5 v\u00e4g f\u00f6r ett s\u00e5 kallat HEMMA-HOS-REPORTAGE hos Kitty och hennes man John, bosatta uppe i bergen s\u00f6der om Granada.<\/p>\n<p>Vi k\u00f6rde kustv\u00e4gen  fr\u00e5n Pilar de la Horadada mot Cartagena och vidare genom Almeria (v\u00e4g A7\/E-15) mot Almu\u00f1\u00e9car, d\u00e4r vi skulle sv\u00e4nga av norrut mot lilla staden Jete. D\u00e4r blev det en mycket slingrig v\u00e4g genom en vacker dal och sedan 3 km upp i bergen. Nu var vi faktiskt uppe p\u00e5 ganska h\u00f6g h\u00f6jd \u00f6ver havet och utsikten var str\u00e5lande \u00e5t alla h\u00e5ll. S\u00e5 sm\u00e5ningom kom vi in p\u00e5 en v\u00e4g d\u00e4r vi enligt instruktionerna skulle \u201df\u00f6lja elstolparna till deras slut\u201d. Vi gjorde s\u00e5 och d\u00e4r slutade v\u00e4gen, om man nu vill kalla den v\u00e4g. D\u00e4r l\u00e5g i alla fall parets vackra hus och vi kunde parkera.<\/p>\n<p>Norr om denna vackra dal och den gigantiska bron som skymtar i fj\u00e4rran \u00e4r Kitty Sewells hus bel\u00e4get.<br \/>\nV\u00e4gen upp till huset som ligger p\u00e5 en h\u00f6jd, \u00e5tskilliga meter \u00f6ver havet, \u00e4r sagolikt vacker att k\u00f6ra och man kan vid flera tillf\u00e4llen se Medelhavet glittra i fj\u00e4rran.<\/p>\n<p>Ja, nu hade vi \u00e4ntligen kommit fram och m\u00f6ttes av paret Sewell, som vi tidigare endast haft en e-mail kontakt med. Ett sp\u00e4nnande m\u00f6te, som vi sett fram emot. Kitty \u00e4r ju f\u00f6dd i Sverige, uppvuxen i Canada, Kanarie\u00f6arna och nu allts\u00e5 bosatt i Spanien. Ett varmt v\u00e4lkomnande och start p\u00e5 svenska, som senare \u00f6vergick till engelska och d\u00e4refter varvades under den underbara lunch vi bj\u00f6ds p\u00e5 i deras lika underbara hus, som de byggt till efter hand. Efter den v\u00e4lsmakande \u201dHavets-l\u00e4ckerheters-lunchen\u201d visades vi runt i huset med omgivningar, kunde kolla in alla vackra statyetter, statyer och skulpturer innan det s\u00e5 var dags f\u00f6r v\u00e5r intervju med Kitty.<\/p>\n<p>HM: Du har idag fyra (?) b\u00f6cker bakom dig. N\u00e4r visste du att du verkligen ville bli f\u00f6rfattare? Eller i alla fall f\u00f6rs\u00f6ka bli en.<br \/>\nKS: Jag har egentligen aldrig haft n\u00e5gon ambition att bli f\u00f6rfattare. Det var konstn\u00e4r jag ville bli. Jag har alltid m\u00e5lat och skulpterat och jag fantiserade alltid om att bli en ber\u00f6md skulptris. Men mitt yrke som psykoterapeut har jag alltid prioriterat. Till sist best\u00e4mde jag mig f\u00f6r att sluta med min praktik i Wales och b\u00f6rjade ist\u00e4llet ett 3-\u00e5rs college program i skulptering. Jag fick min examen och skaffade mig en egen atelj\u00e9, kavlade upp \u00e4rmarna och b\u00f6rjade hugga i stora stenblock. Gud vad det var jobbigt! Men jag hade i alla fall n\u00e5gra utst\u00e4llningar och s\u00e5lde en hel del plus att jag fick tv\u00e5 priser f\u00f6r mina skulpturer.<br \/>\nUnder min college tid blev jag ocks\u00e5 \u00f6vertalad att g\u00f6ra ett kv\u00e4llsprogram (master\u00b4s degree) i s\u00e5 kallad \u201dcreative writing\u201d. Det innebar att jag skrev och skulpterade och pluggade dygnet runt. Men det var succ\u00e9n med boken Ice Trap som fick mig att \u00e4ndra  m\u00e5l och inriktning. Det verkade som om folk tyckte mera om att l\u00e4sa det jag skrev \u00e4n att dom ville k\u00f6pa mina skulpturer<\/p>\n<p>HM: Vad l\u00e4ste du i unga \u00e5r? Hade du n\u00e5gra speciella favoriter, titlar (b\u00f6cker)?<br \/>\nKS: Jag var helt tokig i science fiction \u00e4nda sedan unga \u00e5r och d\u00e5 fr\u00e4mst John Wyndham, Ursula Leguin, Isaac Asimov etc. Jag l\u00e4ste dock mest p\u00e5 spanska i ton\u00e5ren eftersom jag ju gick i skola i Spanien. Gabriel Garcia Marquez var en favorit liksom Adelaida Garcia Morales.<\/p>\n<p>HM: Du har med dina hittills ganska f\u00e5 b\u00f6cker gjort stor succ\u00e9\u00b4 och b\u00f6ckerna har tryckts i r\u00e4tt stora upplagor. I alla har jag h\u00f6rt att s\u00e5 skett utomland i t. Ex. Frankrike. Kan du ber\u00e4tta hur det egentligen kom sig att du faktiskt hamnade i s\u00f6dra Spanien? Det hade ju kunnat bli b\u00e5de Sverige och Canada, eller hur?<br \/>\nKS: Ja, mina b\u00f6cker s\u00e4ljs mest i Frankrike, Tyskland, Holland och Italien, men de \u00e4r hittills \u00f6versatta till 14 spr\u00e5k. Varf\u00f6r jag valde att bos\u00e4tta mig i Spanien \u00e4r kanske mest f\u00f6r att jag k\u00e4nner landet v\u00e4l sedan ton\u00e5ren. Mina barn \u00e4r f\u00f6dda i Kanada och min man \u00e4r fr\u00e5n England, s\u00e5 hela min familj \u00e4r faktiskt spridd \u00f6ver hela v\u00e4rlden. Tack och lov  att man kan flyga. I Sverige har jag inte bott sedan jag var 13 \u00e5r.<\/p>\n<p>HM: En bok per \u00e5r tycks vara lagom f\u00f6r dig. Hur g\u00f6r du din research och hur l\u00e4gger du upp ditt skrivande?<br \/>\nKS: De f\u00f6rsta fyra b\u00f6ckerna tog ett \u00e5r vardera att skriva, men den jag arbetar med just nu kommer att ta tv\u00e5 \u00e5r, tror jag. Min man, John, tycker jag ska lugna ner mig lite och inte arbeta f\u00f6r h\u00e5rt. Mina b\u00f6cker utspelas ju p\u00e5 v\u00e4ldigt exotiska platser, vilket ju \u00e4r roligt f\u00f6r mig. D\u00e5 f\u00e5r jag chansen att resa och g\u00f6ra research p\u00e5 plats, som till exempel den arktiska delen av Kanada, Florida Keys, Indien, Tibet och Ladakh. Den jag skriver nu utspelas p\u00e5 Gibraltar. Jag skriver cirka sex (6) timmar per dag sammanlagt och inte i en f\u00f6ljd. Jag b\u00f6rjar n\u00e4stan uteslutande med de mera dramatiska scenerna eftersom jag d\u00e5 l\u00e4r k\u00e4nna mina karakt\u00e4rer b\u00e4ttre.<\/p>\n<p>HM: Hur kom det sig att du valde att skriva deckare\/thrillers? Har du n\u00e5gra f\u00f6rfattare som du vill s\u00e4tta fr\u00e4mst eller n\u00e5gra du haft som f\u00f6rebilder?<br \/>\nKS: Jag skriver ju den typ av b\u00f6cker som kallas \u201dpsykologiska thrillers\u201d eller \u201dsuspense\u201d. Deckare kan man inte kalla dem direkt. Jag har inga f\u00f6rebilder, men jag l\u00e4ser m\u00e5nga thrillers och de jag gillar b\u00e4st \u00e4r de av Ruth Rendell\/Barbara Vine typen, men jag l\u00e4ser \u00e4ven aktuella thrillers av Val McDermid, Ian Rankin och Martina Cole. Jag f\u00f6rs\u00f6ker h\u00e5lla mig fr\u00e5n alltf\u00f6r mycket spekulativt v\u00e5ld. Jag vill skriva och skildra en sp\u00e4nnande historia som f\u00e5r l\u00e4saren att rysa av r\u00e4dsla och obehag utan att det m\u00e5ste flyta massor av blod p\u00e5 varje sida. Jag tycker om flera svenska f\u00f6rfattare som till exempel Majgull Axelsson (\u201dAprilh\u00e4xan\u201d var mycket bra) och Marie Hermanson (\u201dMusselstranden\u201d) samt naturligtvis Stieg Larsson och Henning Mankell. Det \u00e4r nyttigt f\u00f6r mig att l\u00e4sa dem p\u00e5 svenska. P\u00e5 det s\u00e4ttet underh\u00e5ller jag min egen svenska.<\/p>\n<p>HM: Din man \u00e4r l\u00e4kare och fr\u00e5n Wales. Delar han ditt intresse f\u00f6r b\u00f6cker och skrivande. Hur tr\u00e4ffades ni egentligen och var?<br \/>\nKS: Jag tr\u00e4ffade John i norra Kanada i en by d\u00e4r vi b\u00e5da arbetade, han som doktor och jag som notarie. Jag hade tv\u00e5 barn fr\u00e5n ett tidigare \u00e4ktenskap, men John tog sig an mina barn och efter tv\u00e5 \u00e5r flyttade vi till Wales. John l\u00e4ser mycket men har inget intresse av att skriva. Han \u00e4r en typ av m\u00e4nniska som har sv\u00e5rt att sitta stilla. Just nu tr\u00e4nar han f\u00f6r Ironman Triathlon som g\u00e5r av stapeln i juni i \u00e5r.<\/p>\n<p>HM: Har du n\u00e5gra hobbies vid sidan av skrivandet?<br \/>\nKS: Jag har alldeles f\u00f6r m\u00e5nga hobbies och kunde bara \u00f6nska att varje vecka hade tio dagar ist\u00e4llet f\u00f6r sju. Jag m\u00e5lar och skulpterar n\u00e4r jag kan, jag g\u00f6r stora mosaiker samt skapar konst med m\u00e5nga andra material. Mitt hem och v\u00e5r tr\u00e4dg\u00e5rd \u00e4r en stor hobby medan jag \u00e4r helt ointresserad av matlagning. Jag har en mycket fin kamera och jag spelar gitarr och sjunger. Varje dag f\u00f6rs\u00f6ker jag f\u00e5 tid \u00f6ver f\u00f6r fysisk tr\u00e4ning. Jag simmar, promenerar, cyklar och ut\u00f6var yoga. Detta delvis f\u00f6r att f\u00f6rs\u00f6ka h\u00e4nge med John. D\u00e5 och d\u00e5 har jag funderingar hur mitt spirituella liv ska utveckla sig, men l\u00e4ngre kommer jag inte.<\/p>\n<p>HM: Varf\u00f6r blev det just h\u00e4r ni hamnade och varf\u00f6r en hacienda\/fruktodling?<br \/>\nKS:  Ja, det kan man fr\u00e5ga sig. Jag tror nog att det var rena slumpen. Vi var i Spanien f\u00f6r att se oss omkring lite och kanske ge en offert p\u00e5 n\u00e5got litet hus. En sk\u00e4rpt m\u00e4klare tog med oss upp i bergen och visade oss detta v\u00e5rt blivande Paradis. Vi k\u00f6pte det p\u00e5 stubben.<\/p>\n<p>HM: Du har hittills ingen huvudperson som kommer igen i bok efter bok. Varf\u00f6r inte?<br \/>\nKS: Jag \u00e4r faktiskt hela tiden frestad att skriva en serie. Andra f\u00f6rfattare har blivit rika p\u00e5 det. Dessutom vore det kanske mycket l\u00e4ttare eftersom man d\u00e5 har sina huvudpersoner f\u00e4rdiga och klara efter f\u00f6rsta boken, vilket ju ofta \u00e4ven g\u00e4ller platsen. D\u00e5 kan man bara forts\u00e4tta d\u00e4r man slutade. Jag tycker det \u00e4r mycket mer stimulerande  att hitta p\u00e5 nya personer, nya platser och nya situationer. Men en vacker dag faller jag kanske  i f\u00e4llan. Det g\u00f6r jag s\u00e4kert.<\/p>\n<p>HM: Kan du rekommendera 3 b\u00f6cker\/f\u00f6rfattare som du s\u00e4tter h\u00f6gst p\u00e5 din lista.<br \/>\nKS:  Mina favoritb\u00f6cker under  2010 har varit: The Colour av Rose Tremain, The Rapture av Liz Jensen, och El Lapiz del Carpintero(p\u00e5 spanska) av Manuel Rivas.<\/p>\n<p>HM: Hur \u00e4r det med musikintresset? Vad lyssnar Du helst p\u00e5?<br \/>\nKS: Jag lyssnar mycket p\u00e5 klassisk musik, men ibland s\u00e4tter jag p\u00e5 n\u00e5got h\u00e4ftigt att dansa till. Jag \u00e4r heltokig i sydamerikansk musik just nu, och av nostalgiska sk\u00e4l lyssnar\u00a8 p\u00e5 Leonard Cohen, Bob Dylan, Meatloaf, Dire Strait och Joe Cocker.<\/p>\n<p>HM: \u00c4r du i Sverige ofta? Bokm\u00e4ssan i G\u00f6teborg till exempel?<br \/>\nKS: Min mamma, som \u00e4r 88 \u00e5r, bor i Stockholm, varf\u00f6r jag \u00e5ker dit n\u00e4r jag kan, men hon kommer lika g\u00e4rna till oss . S\u00e5 jag ser inte s\u00e5 mycket av mitt hemland som jag kanske skulle vilja g\u00f6ra. Dessutom bor min son i Kanada och min dotter i Wales. Jag blev bjuden till M\u00c4SSAN i G\u00f6teborg f\u00f6r tv\u00e5 \u00e5r sedan. D\u00e4r gav jag tv\u00e5 f\u00f6redrag. Ett om hur det \u00e4r att vara svensk och skriva p\u00e5 engelska. Vid ett tillf\u00e4lle stod jag vid mitt f\u00f6rlag och f\u00f6rs\u00f6kte intressera de som passerade f\u00f6rbi f\u00f6r mina b\u00f6cker. Det gick inte bra. Alla var enbart intresserade av en stor man som stod och orerade ungef\u00e4r 10 meter fr\u00e5n min plats. Jag tyckte verkligen att killen ifr\u00e5ga var mycket irriterande. Det visade sig att det var ingen mindre (st\u00f6rre) \u00e4n Jan Guillou!!!<\/p>\n<p>HM: Framtidsplanerna. N\u00e4sta bok?<br \/>\nKS: N\u00e4sta bok \u00e4r till h\u00e4lften klar. Jag tror den ska heta Moonjean, men jag hinner s\u00e4kert \u00e4ndra mig hundra g\u00e5nger. Det handlar om en ung man som \u00e4r ett geni i s\u00e5 kallad \u201dstructural  engineering\u201d och han ska utf\u00f6ra ett j\u00e4tteprojekt p\u00e5 Gibraltar. Men bakom hans polerade fasad finns en helt annan man. Gibraltar \u00e4r dessutom ett mycket intressant st\u00e4lle med mycket g\u00f6mt under ytan, precis som huvudpersonen sj\u00e4lv.<\/p>\n<p>HM: V\u00e5gar jag fr\u00e5ga om du \u00e4r n\u00f6jd med ditt svenska f\u00f6rlag hittills? Tycker du att de g\u00f6r god PR f\u00f6r dinas b\u00f6cker<br \/>\nKS: Det d\u00e4r \u00e4r en mycket k\u00e4nslig fr\u00e5ga, men jag m\u00e5ste nog erk\u00e4nna att jag \u00e4r lite besviken att mina b\u00f6cker inte haft samma stora succ\u00e9\u00b4 i Sverige som i andra l\u00e4nder. Detta har delvis att g\u00f6ra med PR. Det kanske inte r\u00e4cker att jag \u00e4r svensk. Kanske m\u00e5ste b\u00f6ckerna utspelas i Sverige f\u00f6r att svenskarna ska tycka om dem. Det \u00e4r f\u00f6r mig lite sv\u00e5rt att f\u00f6rst\u00e5 hur det hela fungerar. En sak \u00e4r s\u00e4ker och det \u00e4r att min svenska inte \u00e4r av den klassen att jag kan skriva en hel bok p\u00e5 svenska. D\u00e4remot har det varit kul att l\u00e4sa \u00f6vers\u00e4ttningarna. <\/p>\n","protected":false},"excerpt":{"rendered":"<p>F\u00f6r n\u00e5gra \u00e5r sedan kom jag i kontakt med f\u00f6rfattarinnan Kitty Sewell via hennes svenska bokf\u00f6rlag Damm i Stockholm. Margareta och jag fick hennes f\u00f6rsta bok f\u00f6r recension. Att s\u00e4ga att vi satt trollbundna och helt fascinerade av denna enormt sp\u00e4nnande thriller \u00e4r det \u00e5rets understatement. H\u00e4r hade vi en debutant som gick utanp\u00e5 det [&hellip;]<\/p>\n","protected":false},"author":8,"featured_media":3085,"comment_status":"open","ping_status":"open","sticky":false,"template":"","format":"standard","meta":{"_et_pb_use_builder":"","_et_pb_old_content":"","_et_gb_content_width":"","footnotes":""},"categories":[4,45],"tags":[],"class_list":["post-3084","post","type-post","status-publish","format-standard","has-post-thumbnail","hentry","category-artiklar","category-kultur"],"yoast_head":"<!-- This site is optimized with the Yoast SEO Premium plugin v26.2 (Yoast SEO v27.4) - https:\/\/yoast.com\/product\/yoast-seo-premium-wordpress\/ -->\n<title>M\u00f6te med f\u00f6rfattarinnan Kitty Sewell - Svenska Magasinet<\/title>\n<meta name=\"robots\" content=\"noindex, follow, max-snippet:-1, max-image-preview:large, max-video-preview:-1\" \/>\n<meta property=\"og:locale\" content=\"sv_SE\" \/>\n<meta property=\"og:type\" content=\"article\" \/>\n<meta property=\"og:title\" content=\"M\u00f6te med f\u00f6rfattarinnan Kitty Sewell\" \/>\n<meta property=\"og:description\" content=\"F\u00f6r n\u00e5gra \u00e5r sedan kom jag i kontakt med f\u00f6rfattarinnan Kitty Sewell via hennes svenska bokf\u00f6rlag Damm i Stockholm. Margareta och jag fick hennes f\u00f6rsta bok f\u00f6r recension. Att s\u00e4ga att vi satt trollbundna och helt fascinerade av denna enormt sp\u00e4nnande thriller \u00e4r det \u00e5rets understatement. H\u00e4r hade vi en debutant som gick utanp\u00e5 det [&hellip;]\" \/>\n<meta property=\"og:url\" content=\"https:\/\/lightweb.dev\/l\/svm-temp\/artiklar\/mote-med-forfattarinnan-kitty-sewell\/\" \/>\n<meta property=\"og:site_name\" content=\"Svenska Magasinet\" \/>\n<meta property=\"article:publisher\" content=\"https:\/\/www.facebook.com\/svenskamagasinet\" \/>\n<meta property=\"article:published_time\" content=\"2010-06-09T22:00:00+00:00\" \/>\n<meta property=\"og:image\" content=\"https:\/\/lightweb.dev\/l\/svm-temp\/wp-content\/uploads\/2022\/04\/mte-med-frfattarinnan-kitty-sewell.png\" \/>\n\t<meta property=\"og:image:width\" content=\"280\" \/>\n\t<meta property=\"og:image:height\" content=\"423\" \/>\n\t<meta property=\"og:image:type\" content=\"image\/png\" \/>\n<meta name=\"author\" content=\"Redaktionen SvM\" \/>\n<meta name=\"twitter:card\" content=\"summary_large_image\" \/>\n<meta name=\"twitter:creator\" content=\"@SvenskaMagasine\" \/>\n<meta name=\"twitter:site\" content=\"@SvenskaMagasine\" \/>\n<script type=\"application\/ld+json\" class=\"yoast-schema-graph\">{\"@context\":\"https:\\\/\\\/schema.org\",\"@graph\":[{\"@type\":\"Article\",\"@id\":\"https:\\\/\\\/lightweb.dev\\\/l\\\/svm-temp\\\/artiklar\\\/mote-med-forfattarinnan-kitty-sewell\\\/#article\",\"isPartOf\":{\"@id\":\"https:\\\/\\\/lightweb.dev\\\/l\\\/svm-temp\\\/artiklar\\\/mote-med-forfattarinnan-kitty-sewell\\\/\"},\"author\":{\"name\":\"Redaktionen SvM\",\"@id\":\"https:\\\/\\\/lightweb.dev\\\/l\\\/svm-temp\\\/#\\\/schema\\\/person\\\/206a3bda5b607b0c25e1749191e4d837\"},\"headline\":\"M\u00f6te med f\u00f6rfattarinnan Kitty Sewell\",\"datePublished\":\"2010-06-09T22:00:00+00:00\",\"mainEntityOfPage\":{\"@id\":\"https:\\\/\\\/lightweb.dev\\\/l\\\/svm-temp\\\/artiklar\\\/mote-med-forfattarinnan-kitty-sewell\\\/\"},\"wordCount\":2313,\"commentCount\":0,\"publisher\":{\"@id\":\"https:\\\/\\\/lightweb.dev\\\/l\\\/svm-temp\\\/#organization\"},\"image\":{\"@id\":\"https:\\\/\\\/lightweb.dev\\\/l\\\/svm-temp\\\/artiklar\\\/mote-med-forfattarinnan-kitty-sewell\\\/#primaryimage\"},\"thumbnailUrl\":\"https:\\\/\\\/lightweb.dev\\\/l\\\/svm-temp\\\/wp-content\\\/uploads\\\/2022\\\/04\\\/mte-med-frfattarinnan-kitty-sewell.png\",\"articleSection\":[\"Artiklar\",\"Kultur &amp; historia\"],\"inLanguage\":\"sv-SE\"},{\"@type\":\"WebPage\",\"@id\":\"https:\\\/\\\/lightweb.dev\\\/l\\\/svm-temp\\\/artiklar\\\/mote-med-forfattarinnan-kitty-sewell\\\/\",\"url\":\"https:\\\/\\\/lightweb.dev\\\/l\\\/svm-temp\\\/artiklar\\\/mote-med-forfattarinnan-kitty-sewell\\\/\",\"name\":\"M\u00f6te med f\u00f6rfattarinnan Kitty Sewell - Svenska Magasinet\",\"isPartOf\":{\"@id\":\"https:\\\/\\\/lightweb.dev\\\/l\\\/svm-temp\\\/#website\"},\"primaryImageOfPage\":{\"@id\":\"https:\\\/\\\/lightweb.dev\\\/l\\\/svm-temp\\\/artiklar\\\/mote-med-forfattarinnan-kitty-sewell\\\/#primaryimage\"},\"image\":{\"@id\":\"https:\\\/\\\/lightweb.dev\\\/l\\\/svm-temp\\\/artiklar\\\/mote-med-forfattarinnan-kitty-sewell\\\/#primaryimage\"},\"thumbnailUrl\":\"https:\\\/\\\/lightweb.dev\\\/l\\\/svm-temp\\\/wp-content\\\/uploads\\\/2022\\\/04\\\/mte-med-frfattarinnan-kitty-sewell.png\",\"datePublished\":\"2010-06-09T22:00:00+00:00\",\"breadcrumb\":{\"@id\":\"https:\\\/\\\/lightweb.dev\\\/l\\\/svm-temp\\\/artiklar\\\/mote-med-forfattarinnan-kitty-sewell\\\/#breadcrumb\"},\"inLanguage\":\"sv-SE\",\"potentialAction\":[{\"@type\":\"ReadAction\",\"target\":[\"https:\\\/\\\/lightweb.dev\\\/l\\\/svm-temp\\\/artiklar\\\/mote-med-forfattarinnan-kitty-sewell\\\/\"]}]},{\"@type\":\"ImageObject\",\"inLanguage\":\"sv-SE\",\"@id\":\"https:\\\/\\\/lightweb.dev\\\/l\\\/svm-temp\\\/artiklar\\\/mote-med-forfattarinnan-kitty-sewell\\\/#primaryimage\",\"url\":\"https:\\\/\\\/lightweb.dev\\\/l\\\/svm-temp\\\/wp-content\\\/uploads\\\/2022\\\/04\\\/mte-med-frfattarinnan-kitty-sewell.png\",\"contentUrl\":\"https:\\\/\\\/lightweb.dev\\\/l\\\/svm-temp\\\/wp-content\\\/uploads\\\/2022\\\/04\\\/mte-med-frfattarinnan-kitty-sewell.png\",\"width\":280,\"height\":423},{\"@type\":\"BreadcrumbList\",\"@id\":\"https:\\\/\\\/lightweb.dev\\\/l\\\/svm-temp\\\/artiklar\\\/mote-med-forfattarinnan-kitty-sewell\\\/#breadcrumb\",\"itemListElement\":[{\"@type\":\"ListItem\",\"position\":1,\"name\":\"Hem\",\"item\":\"https:\\\/\\\/lightweb.dev\\\/l\\\/svm-temp\\\/\"},{\"@type\":\"ListItem\",\"position\":2,\"name\":\"M\u00f6te med f\u00f6rfattarinnan Kitty Sewell\"}]},{\"@type\":\"WebSite\",\"@id\":\"https:\\\/\\\/lightweb.dev\\\/l\\\/svm-temp\\\/#website\",\"url\":\"https:\\\/\\\/lightweb.dev\\\/l\\\/svm-temp\\\/\",\"name\":\"Svenska Magasinet\",\"description\":\"Dina Spanska nyheter p&aring; Svenska\",\"publisher\":{\"@id\":\"https:\\\/\\\/lightweb.dev\\\/l\\\/svm-temp\\\/#organization\"},\"potentialAction\":[{\"@type\":\"SearchAction\",\"target\":{\"@type\":\"EntryPoint\",\"urlTemplate\":\"https:\\\/\\\/lightweb.dev\\\/l\\\/svm-temp\\\/?s={search_term_string}\"},\"query-input\":{\"@type\":\"PropertyValueSpecification\",\"valueRequired\":true,\"valueName\":\"search_term_string\"}}],\"inLanguage\":\"sv-SE\"},{\"@type\":\"Organization\",\"@id\":\"https:\\\/\\\/lightweb.dev\\\/l\\\/svm-temp\\\/#organization\",\"name\":\"Melkerson y Nott SL\",\"alternateName\":\"Svenska Magasinet\",\"url\":\"https:\\\/\\\/lightweb.dev\\\/l\\\/svm-temp\\\/\",\"logo\":{\"@type\":\"ImageObject\",\"inLanguage\":\"sv-SE\",\"@id\":\"https:\\\/\\\/lightweb.dev\\\/l\\\/svm-temp\\\/#\\\/schema\\\/logo\\\/image\\\/\",\"url\":\"https:\\\/\\\/lightweb.dev\\\/l\\\/svm-temp\\\/wp-content\\\/uploads\\\/2025\\\/02\\\/SvM-logo-Xtra-Centrerad-SVART.png\",\"contentUrl\":\"https:\\\/\\\/lightweb.dev\\\/l\\\/svm-temp\\\/wp-content\\\/uploads\\\/2025\\\/02\\\/SvM-logo-Xtra-Centrerad-SVART.png\",\"width\":300,\"height\":99,\"caption\":\"Melkerson y Nott SL\"},\"image\":{\"@id\":\"https:\\\/\\\/lightweb.dev\\\/l\\\/svm-temp\\\/#\\\/schema\\\/logo\\\/image\\\/\"},\"sameAs\":[\"https:\\\/\\\/www.facebook.com\\\/svenskamagasinet\",\"https:\\\/\\\/x.com\\\/SvenskaMagasine\"]},{\"@type\":\"Person\",\"@id\":\"https:\\\/\\\/lightweb.dev\\\/l\\\/svm-temp\\\/#\\\/schema\\\/person\\\/206a3bda5b607b0c25e1749191e4d837\",\"name\":\"Redaktionen SvM\",\"description\":\"Redaktionen\",\"sameAs\":[\"https:\\\/\\\/lightweb.dev\\\/l\\\/svm-temp\"],\"url\":\"https:\\\/\\\/lightweb.dev\\\/l\\\/svm-temp\\\/reporter\\\/redaktionen\\\/\"}]}<\/script>\n<!-- \/ Yoast SEO Premium plugin. -->","yoast_head_json":{"title":"M\u00f6te med f\u00f6rfattarinnan Kitty Sewell - Svenska Magasinet","robots":{"index":"noindex","follow":"follow","max-snippet":"max-snippet:-1","max-image-preview":"max-image-preview:large","max-video-preview":"max-video-preview:-1"},"og_locale":"sv_SE","og_type":"article","og_title":"M\u00f6te med f\u00f6rfattarinnan Kitty Sewell","og_description":"F\u00f6r n\u00e5gra \u00e5r sedan kom jag i kontakt med f\u00f6rfattarinnan Kitty Sewell via hennes svenska bokf\u00f6rlag Damm i Stockholm. Margareta och jag fick hennes f\u00f6rsta bok f\u00f6r recension. Att s\u00e4ga att vi satt trollbundna och helt fascinerade av denna enormt sp\u00e4nnande thriller \u00e4r det \u00e5rets understatement. H\u00e4r hade vi en debutant som gick utanp\u00e5 det [&hellip;]","og_url":"https:\/\/lightweb.dev\/l\/svm-temp\/artiklar\/mote-med-forfattarinnan-kitty-sewell\/","og_site_name":"Svenska Magasinet","article_publisher":"https:\/\/www.facebook.com\/svenskamagasinet","article_published_time":"2010-06-09T22:00:00+00:00","og_image":[{"width":280,"height":423,"url":"https:\/\/lightweb.dev\/l\/svm-temp\/wp-content\/uploads\/2022\/04\/mte-med-frfattarinnan-kitty-sewell.png","type":"image\/png"}],"author":"Redaktionen SvM","twitter_card":"summary_large_image","twitter_creator":"@SvenskaMagasine","twitter_site":"@SvenskaMagasine","schema":{"@context":"https:\/\/schema.org","@graph":[{"@type":"Article","@id":"https:\/\/lightweb.dev\/l\/svm-temp\/artiklar\/mote-med-forfattarinnan-kitty-sewell\/#article","isPartOf":{"@id":"https:\/\/lightweb.dev\/l\/svm-temp\/artiklar\/mote-med-forfattarinnan-kitty-sewell\/"},"author":{"name":"Redaktionen SvM","@id":"https:\/\/lightweb.dev\/l\/svm-temp\/#\/schema\/person\/206a3bda5b607b0c25e1749191e4d837"},"headline":"M\u00f6te med f\u00f6rfattarinnan Kitty Sewell","datePublished":"2010-06-09T22:00:00+00:00","mainEntityOfPage":{"@id":"https:\/\/lightweb.dev\/l\/svm-temp\/artiklar\/mote-med-forfattarinnan-kitty-sewell\/"},"wordCount":2313,"commentCount":0,"publisher":{"@id":"https:\/\/lightweb.dev\/l\/svm-temp\/#organization"},"image":{"@id":"https:\/\/lightweb.dev\/l\/svm-temp\/artiklar\/mote-med-forfattarinnan-kitty-sewell\/#primaryimage"},"thumbnailUrl":"https:\/\/lightweb.dev\/l\/svm-temp\/wp-content\/uploads\/2022\/04\/mte-med-frfattarinnan-kitty-sewell.png","articleSection":["Artiklar","Kultur &amp; historia"],"inLanguage":"sv-SE"},{"@type":"WebPage","@id":"https:\/\/lightweb.dev\/l\/svm-temp\/artiklar\/mote-med-forfattarinnan-kitty-sewell\/","url":"https:\/\/lightweb.dev\/l\/svm-temp\/artiklar\/mote-med-forfattarinnan-kitty-sewell\/","name":"M\u00f6te med f\u00f6rfattarinnan Kitty Sewell - Svenska Magasinet","isPartOf":{"@id":"https:\/\/lightweb.dev\/l\/svm-temp\/#website"},"primaryImageOfPage":{"@id":"https:\/\/lightweb.dev\/l\/svm-temp\/artiklar\/mote-med-forfattarinnan-kitty-sewell\/#primaryimage"},"image":{"@id":"https:\/\/lightweb.dev\/l\/svm-temp\/artiklar\/mote-med-forfattarinnan-kitty-sewell\/#primaryimage"},"thumbnailUrl":"https:\/\/lightweb.dev\/l\/svm-temp\/wp-content\/uploads\/2022\/04\/mte-med-frfattarinnan-kitty-sewell.png","datePublished":"2010-06-09T22:00:00+00:00","breadcrumb":{"@id":"https:\/\/lightweb.dev\/l\/svm-temp\/artiklar\/mote-med-forfattarinnan-kitty-sewell\/#breadcrumb"},"inLanguage":"sv-SE","potentialAction":[{"@type":"ReadAction","target":["https:\/\/lightweb.dev\/l\/svm-temp\/artiklar\/mote-med-forfattarinnan-kitty-sewell\/"]}]},{"@type":"ImageObject","inLanguage":"sv-SE","@id":"https:\/\/lightweb.dev\/l\/svm-temp\/artiklar\/mote-med-forfattarinnan-kitty-sewell\/#primaryimage","url":"https:\/\/lightweb.dev\/l\/svm-temp\/wp-content\/uploads\/2022\/04\/mte-med-frfattarinnan-kitty-sewell.png","contentUrl":"https:\/\/lightweb.dev\/l\/svm-temp\/wp-content\/uploads\/2022\/04\/mte-med-frfattarinnan-kitty-sewell.png","width":280,"height":423},{"@type":"BreadcrumbList","@id":"https:\/\/lightweb.dev\/l\/svm-temp\/artiklar\/mote-med-forfattarinnan-kitty-sewell\/#breadcrumb","itemListElement":[{"@type":"ListItem","position":1,"name":"Hem","item":"https:\/\/lightweb.dev\/l\/svm-temp\/"},{"@type":"ListItem","position":2,"name":"M\u00f6te med f\u00f6rfattarinnan Kitty Sewell"}]},{"@type":"WebSite","@id":"https:\/\/lightweb.dev\/l\/svm-temp\/#website","url":"https:\/\/lightweb.dev\/l\/svm-temp\/","name":"Svenska Magasinet","description":"Dina Spanska nyheter p&aring; Svenska","publisher":{"@id":"https:\/\/lightweb.dev\/l\/svm-temp\/#organization"},"potentialAction":[{"@type":"SearchAction","target":{"@type":"EntryPoint","urlTemplate":"https:\/\/lightweb.dev\/l\/svm-temp\/?s={search_term_string}"},"query-input":{"@type":"PropertyValueSpecification","valueRequired":true,"valueName":"search_term_string"}}],"inLanguage":"sv-SE"},{"@type":"Organization","@id":"https:\/\/lightweb.dev\/l\/svm-temp\/#organization","name":"Melkerson y Nott SL","alternateName":"Svenska Magasinet","url":"https:\/\/lightweb.dev\/l\/svm-temp\/","logo":{"@type":"ImageObject","inLanguage":"sv-SE","@id":"https:\/\/lightweb.dev\/l\/svm-temp\/#\/schema\/logo\/image\/","url":"https:\/\/lightweb.dev\/l\/svm-temp\/wp-content\/uploads\/2025\/02\/SvM-logo-Xtra-Centrerad-SVART.png","contentUrl":"https:\/\/lightweb.dev\/l\/svm-temp\/wp-content\/uploads\/2025\/02\/SvM-logo-Xtra-Centrerad-SVART.png","width":300,"height":99,"caption":"Melkerson y Nott SL"},"image":{"@id":"https:\/\/lightweb.dev\/l\/svm-temp\/#\/schema\/logo\/image\/"},"sameAs":["https:\/\/www.facebook.com\/svenskamagasinet","https:\/\/x.com\/SvenskaMagasine"]},{"@type":"Person","@id":"https:\/\/lightweb.dev\/l\/svm-temp\/#\/schema\/person\/206a3bda5b607b0c25e1749191e4d837","name":"Redaktionen SvM","description":"Redaktionen","sameAs":["https:\/\/lightweb.dev\/l\/svm-temp"],"url":"https:\/\/lightweb.dev\/l\/svm-temp\/reporter\/redaktionen\/"}]}},"_links":{"self":[{"href":"https:\/\/lightweb.dev\/l\/svm-temp\/wp-json\/wp\/v2\/posts\/3084","targetHints":{"allow":["GET"]}}],"collection":[{"href":"https:\/\/lightweb.dev\/l\/svm-temp\/wp-json\/wp\/v2\/posts"}],"about":[{"href":"https:\/\/lightweb.dev\/l\/svm-temp\/wp-json\/wp\/v2\/types\/post"}],"author":[{"embeddable":true,"href":"https:\/\/lightweb.dev\/l\/svm-temp\/wp-json\/wp\/v2\/users\/8"}],"replies":[{"embeddable":true,"href":"https:\/\/lightweb.dev\/l\/svm-temp\/wp-json\/wp\/v2\/comments?post=3084"}],"version-history":[{"count":0,"href":"https:\/\/lightweb.dev\/l\/svm-temp\/wp-json\/wp\/v2\/posts\/3084\/revisions"}],"wp:featuredmedia":[{"embeddable":true,"href":"https:\/\/lightweb.dev\/l\/svm-temp\/wp-json\/wp\/v2\/media\/3085"}],"wp:attachment":[{"href":"https:\/\/lightweb.dev\/l\/svm-temp\/wp-json\/wp\/v2\/media?parent=3084"}],"wp:term":[{"taxonomy":"category","embeddable":true,"href":"https:\/\/lightweb.dev\/l\/svm-temp\/wp-json\/wp\/v2\/categories?post=3084"},{"taxonomy":"post_tag","embeddable":true,"href":"https:\/\/lightweb.dev\/l\/svm-temp\/wp-json\/wp\/v2\/tags?post=3084"}],"curies":[{"name":"wp","href":"https:\/\/api.w.org\/{rel}","templated":true}]}}