{"id":3221,"date":"2011-10-11T00:00:00","date_gmt":"2011-10-10T22:00:00","guid":{"rendered":"https:\/\/lightweb.dev\/l\/svm-temp\/hon-var-32-roster-fran-nerjas-kommunfullmaktige\/"},"modified":"2011-10-11T00:00:00","modified_gmt":"2011-10-10T22:00:00","slug":"hon-var-32-roster-fran-nerjas-kommunfullmaktige","status":"publish","type":"post","link":"https:\/\/lightweb.dev\/l\/svm-temp\/artiklar\/hon-var-32-roster-fran-nerjas-kommunfullmaktige\/","title":{"rendered":"Hon var 32 r\u00f6ster fr\u00e5n Nerjas kommunfullm\u00e4ktige"},"content":{"rendered":"<p> Hon var en h\u00e5rsm\u00e5n fr\u00e5n att bli invald till kommunfullm\u00e4ktige vid senaste kommunvalet. De styrande kommunpolitikerna vill ha 26-\u00e5riga Emelie \u00d6sterl\u00f6f till att f\u00f6ra utl\u00e4nningarnas talan i Nerja, en p\u00e4rla p\u00e5 Solkusten Av Ola Josefsson<br \/>\nDet saknades 32 r\u00f6ster fr\u00e5n att svenskan Emelie \u00d6sterl\u00f6f, 26, hade kommit in i Nerjas kommunfullm\u00e4ktige vid senaste lokalvalet 22 maj. Hon stod som nummer 13 p\u00e5 listan f\u00f6r Partido Popular, d\u00e4r de tolv f\u00f6rsta kom in.<br \/>\n&#8211; N\u00e4r Emma Hall fr\u00e5n Storbritannien slutade vid kommunen kontaktade PP mig och fr\u00e5gade om jag var intresserad av att f\u00f6ra utl\u00e4nningarnas talan. Det k\u00e4ndes bra att bli tillfr\u00e5gad s\u00e5 jag svarade ja, s\u00e4ger Emelie \u00d6sterl\u00f6f n\u00e4r Svenska Magasinet m\u00f6ter henne vid stranden playa Burriana.<br \/>\nDet var f\u00f6rsta g\u00e5ngen i sitt liv hon satsade p\u00e5 politiken. Att dessutom g\u00f6ra det i ett annat land k\u00e4ndes till en b\u00f6rjan lite \u201dl\u00e4skigt\u201d.<br \/>\n-Det blev en rolig och intressant tid i samband med valkampanjen.<\/p>\n<p>Nerja har cirka 20.000 inv\u00e5nare som blir 100.000 under sommaren med alla turister.<br \/>\n-Senaste tre \u00e5ren har mycket moderniserats och blivit b\u00e4ttre. Vi har en bra och driftig borgm\u00e4stare och flera nya sp\u00e4nnande projekt som det nya museet vid Plaza de Espa\u00f1a.<br \/>\nAtt Nerja fortfarande st\u00e5r utan reningsverk 2011 har man sv\u00e5rt att tro.<br \/>\n-Det \u00e4r helt f\u00f6rskr\u00e4ckligt, helt f\u00f6rf\u00e4rligt och det m\u00e5ste prioriteras, menar Emelie \u00d6sterl\u00f6f. Vi hoppas att det ska st\u00e5 klart om tre \u00e5r. Dessutom finns ett nytt sjukhus p\u00e5 projektstadiet \u00e5terigen. Det blev ju en brandstation p\u00e5 den tomt d\u00e4r den nya v\u00e5rdcentralen skulle ha legat.<br \/>\nFr\u00e5n l\u00e4sekretsen har Svenska Magasinet f\u00e5tt fr\u00e5gor kring varf\u00f6r h\u00e4stekipagen och turistt\u00e5get \u00e4r borta?<br \/>\n-H\u00e4stekipagen stod tidigare vid Balkong Europa men det var ingen bra plats f\u00f6r h\u00e4starna. De stod f\u00f6r mycket i solen och det var ingen bra plats n\u00e4r de beh\u00f6vde dricka vatten. Den nya platsen som de blev h\u00e4nvisade till ville h\u00e4st\u00e4garna inte acceptera. \u00c4ven om en del s\u00e5g h\u00e4stekipagen som n\u00e5got popul\u00e4rt bland turister, tycker andra tv\u00e4rtom. Turistt\u00e5get g\u00e5r precis som tidigare bara under sommaren.<br \/>\nF\u00f6r n\u00e5gra \u00e5r sedan flyttades marknaden fr\u00e5n centrum till Almijara, norr om centrum?<br \/>\n-Det handlar om parkeringsproblem i centrum. N\u00e4r det var marknad p\u00e5 tisdagar blev det stora problem d\u00e5 boende i centrum var tvungna att flytta sina bilar. Kommunen mottog m\u00e5nga klagom\u00e5l d\u00e5 det \u00e4r brist p\u00e5 parkeringar i centrum. \u00c5 andra sidan har vi inga parkeringsavgifter utmed Nerjas gator. H\u00e4r \u00e4r det gratis att parkera.<br \/>\nEmelie \u00d6sterl\u00f6f kom till Spanien 2006 och b\u00f6rjade l\u00e4sa spanska i Granada. Det fortsatte med utbildning inom inredning vid konstskolan Escuela de arte San Telmo i M\u00e1laga. Sedan blev det semester i Nerja d\u00e4r hon tr\u00e4ffade pojkv\u00e4nnen och blivit kvar.<br \/>\nSedan n\u00e5gra \u00e5r arbetar hon f\u00f6r Destination Nerja som anordnar gruppresor och konferensresor genom det svenska f\u00f6retaget Friscordia AB i Bolln\u00e4s.<br \/>\n&#8211; Just nu arbetar jag med ett forum som ska gynna f\u00f6retagarna i Nerja. Det blir en plattform d\u00e4r personliga kontakter kan knytas och samarbetsprojekt kan planeras.<br \/>\nN\u00e4r projektet \u00e4r klart ska det sj\u00f6s\u00e4ttas p\u00e5 Internet d\u00e4r bes\u00f6kare kan best\u00e4lla paketresor med sp\u00e4nnande upplevelser inom kultur och mat ing\u00e5r.<br \/>\n-Lokalbefolkningen ska k\u00e4nna att de \u00e4r delaktiga i satsningen. Vi ska g\u00f6ra detta tillsammans f\u00f6r Nerjas b\u00e4sta, s\u00e4ger Emelie \u00d6sterl\u00f6f.<\/p>\n<p>Emelies fem b\u00e4sta med Nerja<br \/>\n1) Vandringsleden utmed Rio Chillar \u00e4r en sann naturupplevelse. Dramatisk och vacker natur, frisk luft och motion p\u00e5 samma g\u00e5ng.<br \/>\n2) Takterrassen vid Buddha bar i gamla stan i Nerja. Baren ligger mellan Calle Pintada och Calle Christo. Fin utsikt och en vacker inredd bar. H\u00e4r serveras stans b\u00e4sta Mojito.<br \/>\n3) Playa El Sal\u00f3n, b\u00e4sta och trevligaste stranden i Nerja. Inte s\u00e5 mycket folk j\u00e4mf\u00f6rt med andra str\u00e4nder.<br \/>\n4) Restaurante Calabaza p\u00e5 Calle Pintada. Favoritrestaurangen, internationellt k\u00f6k.<br \/>\n5) Meson de Antonio p\u00e5 Calle Diputacion Provincial med \u201dv\u00e4rldens b\u00e4sta pepparstek\u201d. <\/p>\n","protected":false},"excerpt":{"rendered":"<p>Hon var en h\u00e5rsm\u00e5n fr\u00e5n att bli invald till kommunfullm\u00e4ktige vid senaste kommunvalet. De styrande kommunpolitikerna vill ha 26-\u00e5riga Emelie \u00d6sterl\u00f6f till att f\u00f6ra utl\u00e4nningarnas talan i Nerja, en p\u00e4rla p\u00e5 Solkusten Av Ola Josefsson Det saknades 32 r\u00f6ster fr\u00e5n att svenskan Emelie \u00d6sterl\u00f6f, 26, hade kommit in i Nerjas kommunfullm\u00e4ktige vid senaste lokalvalet 22 [&hellip;]<\/p>\n","protected":false},"author":8,"featured_media":3222,"comment_status":"open","ping_status":"open","sticky":false,"template":"","format":"standard","meta":{"_et_pb_use_builder":"","_et_pb_old_content":"","_et_gb_content_width":"","footnotes":""},"categories":[396,4],"tags":[],"class_list":["post-3221","post","type-post","status-publish","format-standard","has-post-thumbnail","hentry","category-arkiv-artiklar","category-artiklar"],"yoast_head":"<!-- This site is optimized with the Yoast SEO Premium plugin v26.2 (Yoast SEO v28.2) - https:\/\/yoast.com\/product\/yoast-seo-premium-wordpress\/ -->\n<title>Hon var 32 r\u00f6ster fr\u00e5n Nerjas kommunfullm\u00e4ktige - Svenska Magasinet<\/title>\n<meta name=\"robots\" content=\"noindex, follow, max-snippet:-1, max-image-preview:large, max-video-preview:-1\" \/>\n<meta property=\"og:locale\" content=\"sv_SE\" \/>\n<meta property=\"og:type\" content=\"article\" \/>\n<meta property=\"og:title\" content=\"Hon var 32 r\u00f6ster fr\u00e5n Nerjas kommunfullm\u00e4ktige\" \/>\n<meta property=\"og:description\" content=\"Hon var en h\u00e5rsm\u00e5n fr\u00e5n att bli invald till kommunfullm\u00e4ktige vid senaste kommunvalet. De styrande kommunpolitikerna vill ha 26-\u00e5riga Emelie \u00d6sterl\u00f6f till att f\u00f6ra utl\u00e4nningarnas talan i Nerja, en p\u00e4rla p\u00e5 Solkusten Av Ola Josefsson Det saknades 32 r\u00f6ster fr\u00e5n att svenskan Emelie \u00d6sterl\u00f6f, 26, hade kommit in i Nerjas kommunfullm\u00e4ktige vid senaste lokalvalet 22 [&hellip;]\" \/>\n<meta property=\"og:url\" content=\"https:\/\/lightweb.dev\/l\/svm-temp\/artiklar\/hon-var-32-roster-fran-nerjas-kommunfullmaktige\/\" \/>\n<meta property=\"og:site_name\" content=\"Svenska Magasinet\" \/>\n<meta property=\"article:publisher\" content=\"https:\/\/www.facebook.com\/svenskamagasinet\" \/>\n<meta property=\"article:published_time\" content=\"2011-10-10T22:00:00+00:00\" \/>\n<meta property=\"og:image\" content=\"https:\/\/lightweb.dev\/l\/svm-temp\/wp-content\/uploads\/2022\/04\/hon-var-32-rster-frn-nerjas-kommunfullmktige.png\" \/>\n\t<meta property=\"og:image:width\" content=\"301\" \/>\n\t<meta property=\"og:image:height\" content=\"200\" \/>\n\t<meta property=\"og:image:type\" content=\"image\/png\" \/>\n<meta name=\"author\" content=\"Redaktionen SvM\" \/>\n<meta name=\"twitter:card\" content=\"summary_large_image\" \/>\n<meta name=\"twitter:creator\" content=\"@SvenskaMagasine\" \/>\n<meta name=\"twitter:site\" content=\"@SvenskaMagasine\" \/>\n<script type=\"application\/ld+json\" class=\"yoast-schema-graph\">{\"@context\":\"https:\\\/\\\/schema.org\",\"@graph\":[{\"@type\":\"Article\",\"@id\":\"https:\\\/\\\/lightweb.dev\\\/l\\\/svm-temp\\\/artiklar\\\/hon-var-32-roster-fran-nerjas-kommunfullmaktige\\\/#article\",\"isPartOf\":{\"@id\":\"https:\\\/\\\/lightweb.dev\\\/l\\\/svm-temp\\\/artiklar\\\/hon-var-32-roster-fran-nerjas-kommunfullmaktige\\\/\"},\"author\":{\"name\":\"Redaktionen SvM\",\"@id\":\"https:\\\/\\\/lightweb.dev\\\/l\\\/svm-temp\\\/#\\\/schema\\\/person\\\/206a3bda5b607b0c25e1749191e4d837\"},\"headline\":\"Hon var 32 r\u00f6ster fr\u00e5n Nerjas kommunfullm\u00e4ktige\",\"datePublished\":\"2011-10-10T22:00:00+00:00\",\"mainEntityOfPage\":{\"@id\":\"https:\\\/\\\/lightweb.dev\\\/l\\\/svm-temp\\\/artiklar\\\/hon-var-32-roster-fran-nerjas-kommunfullmaktige\\\/\"},\"wordCount\":735,\"commentCount\":0,\"publisher\":{\"@id\":\"https:\\\/\\\/lightweb.dev\\\/l\\\/svm-temp\\\/#organization\"},\"image\":{\"@id\":\"https:\\\/\\\/lightweb.dev\\\/l\\\/svm-temp\\\/artiklar\\\/hon-var-32-roster-fran-nerjas-kommunfullmaktige\\\/#primaryimage\"},\"thumbnailUrl\":\"https:\\\/\\\/lightweb.dev\\\/l\\\/svm-temp\\\/wp-content\\\/uploads\\\/2022\\\/04\\\/hon-var-32-rster-frn-nerjas-kommunfullmktige.png\",\"articleSection\":[\"Arkiv\",\"Artiklar\"],\"inLanguage\":\"sv-SE\"},{\"@type\":\"WebPage\",\"@id\":\"https:\\\/\\\/lightweb.dev\\\/l\\\/svm-temp\\\/artiklar\\\/hon-var-32-roster-fran-nerjas-kommunfullmaktige\\\/\",\"url\":\"https:\\\/\\\/lightweb.dev\\\/l\\\/svm-temp\\\/artiklar\\\/hon-var-32-roster-fran-nerjas-kommunfullmaktige\\\/\",\"name\":\"Hon var 32 r\u00f6ster fr\u00e5n Nerjas kommunfullm\u00e4ktige - Svenska Magasinet\",\"isPartOf\":{\"@id\":\"https:\\\/\\\/lightweb.dev\\\/l\\\/svm-temp\\\/#website\"},\"primaryImageOfPage\":{\"@id\":\"https:\\\/\\\/lightweb.dev\\\/l\\\/svm-temp\\\/artiklar\\\/hon-var-32-roster-fran-nerjas-kommunfullmaktige\\\/#primaryimage\"},\"image\":{\"@id\":\"https:\\\/\\\/lightweb.dev\\\/l\\\/svm-temp\\\/artiklar\\\/hon-var-32-roster-fran-nerjas-kommunfullmaktige\\\/#primaryimage\"},\"thumbnailUrl\":\"https:\\\/\\\/lightweb.dev\\\/l\\\/svm-temp\\\/wp-content\\\/uploads\\\/2022\\\/04\\\/hon-var-32-rster-frn-nerjas-kommunfullmktige.png\",\"datePublished\":\"2011-10-10T22:00:00+00:00\",\"breadcrumb\":{\"@id\":\"https:\\\/\\\/lightweb.dev\\\/l\\\/svm-temp\\\/artiklar\\\/hon-var-32-roster-fran-nerjas-kommunfullmaktige\\\/#breadcrumb\"},\"inLanguage\":\"sv-SE\",\"potentialAction\":[{\"@type\":\"ReadAction\",\"target\":[\"https:\\\/\\\/lightweb.dev\\\/l\\\/svm-temp\\\/artiklar\\\/hon-var-32-roster-fran-nerjas-kommunfullmaktige\\\/\"]}]},{\"@type\":\"ImageObject\",\"inLanguage\":\"sv-SE\",\"@id\":\"https:\\\/\\\/lightweb.dev\\\/l\\\/svm-temp\\\/artiklar\\\/hon-var-32-roster-fran-nerjas-kommunfullmaktige\\\/#primaryimage\",\"url\":\"https:\\\/\\\/lightweb.dev\\\/l\\\/svm-temp\\\/wp-content\\\/uploads\\\/2022\\\/04\\\/hon-var-32-rster-frn-nerjas-kommunfullmktige.png\",\"contentUrl\":\"https:\\\/\\\/lightweb.dev\\\/l\\\/svm-temp\\\/wp-content\\\/uploads\\\/2022\\\/04\\\/hon-var-32-rster-frn-nerjas-kommunfullmktige.png\",\"width\":301,\"height\":200},{\"@type\":\"BreadcrumbList\",\"@id\":\"https:\\\/\\\/lightweb.dev\\\/l\\\/svm-temp\\\/artiklar\\\/hon-var-32-roster-fran-nerjas-kommunfullmaktige\\\/#breadcrumb\",\"itemListElement\":[{\"@type\":\"ListItem\",\"position\":1,\"name\":\"Hem\",\"item\":\"https:\\\/\\\/lightweb.dev\\\/l\\\/svm-temp\\\/\"},{\"@type\":\"ListItem\",\"position\":2,\"name\":\"Hon var 32 r\u00f6ster fr\u00e5n Nerjas kommunfullm\u00e4ktige\"}]},{\"@type\":\"WebSite\",\"@id\":\"https:\\\/\\\/lightweb.dev\\\/l\\\/svm-temp\\\/#website\",\"url\":\"https:\\\/\\\/lightweb.dev\\\/l\\\/svm-temp\\\/\",\"name\":\"Svenska Magasinet\",\"description\":\"Dina Spanska nyheter p&aring; Svenska\",\"publisher\":{\"@id\":\"https:\\\/\\\/lightweb.dev\\\/l\\\/svm-temp\\\/#organization\"},\"potentialAction\":[{\"@type\":\"SearchAction\",\"target\":{\"@type\":\"EntryPoint\",\"urlTemplate\":\"https:\\\/\\\/lightweb.dev\\\/l\\\/svm-temp\\\/?s={search_term_string}\"},\"query-input\":{\"@type\":\"PropertyValueSpecification\",\"valueRequired\":true,\"valueName\":\"search_term_string\"}}],\"inLanguage\":\"sv-SE\"},{\"@type\":\"Organization\",\"@id\":\"https:\\\/\\\/lightweb.dev\\\/l\\\/svm-temp\\\/#organization\",\"name\":\"Melkerson y Nott SL\",\"alternateName\":\"Svenska Magasinet\",\"url\":\"https:\\\/\\\/lightweb.dev\\\/l\\\/svm-temp\\\/\",\"logo\":{\"@type\":\"ImageObject\",\"inLanguage\":\"sv-SE\",\"@id\":\"https:\\\/\\\/lightweb.dev\\\/l\\\/svm-temp\\\/#\\\/schema\\\/logo\\\/image\\\/\",\"url\":\"https:\\\/\\\/lightweb.dev\\\/l\\\/svm-temp\\\/wp-content\\\/uploads\\\/2025\\\/02\\\/SvM-logo-Xtra-Centrerad-SVART.png\",\"contentUrl\":\"https:\\\/\\\/lightweb.dev\\\/l\\\/svm-temp\\\/wp-content\\\/uploads\\\/2025\\\/02\\\/SvM-logo-Xtra-Centrerad-SVART.png\",\"width\":300,\"height\":99,\"caption\":\"Melkerson y Nott SL\"},\"image\":{\"@id\":\"https:\\\/\\\/lightweb.dev\\\/l\\\/svm-temp\\\/#\\\/schema\\\/logo\\\/image\\\/\"},\"sameAs\":[\"https:\\\/\\\/www.facebook.com\\\/svenskamagasinet\",\"https:\\\/\\\/x.com\\\/SvenskaMagasine\"]},{\"@type\":\"Person\",\"@id\":\"https:\\\/\\\/lightweb.dev\\\/l\\\/svm-temp\\\/#\\\/schema\\\/person\\\/206a3bda5b607b0c25e1749191e4d837\",\"name\":\"Redaktionen SvM\",\"description\":\"Redaktionen\",\"sameAs\":[\"https:\\\/\\\/lightweb.dev\\\/l\\\/svm-temp\"],\"url\":\"https:\\\/\\\/lightweb.dev\\\/l\\\/svm-temp\\\/reporter\\\/redaktionen\\\/\"}]}<\/script>\n<!-- \/ Yoast SEO Premium plugin. -->","yoast_head_json":{"title":"Hon var 32 r\u00f6ster fr\u00e5n Nerjas kommunfullm\u00e4ktige - Svenska Magasinet","robots":{"index":"noindex","follow":"follow","max-snippet":"max-snippet:-1","max-image-preview":"max-image-preview:large","max-video-preview":"max-video-preview:-1"},"og_locale":"sv_SE","og_type":"article","og_title":"Hon var 32 r\u00f6ster fr\u00e5n Nerjas kommunfullm\u00e4ktige","og_description":"Hon var en h\u00e5rsm\u00e5n fr\u00e5n att bli invald till kommunfullm\u00e4ktige vid senaste kommunvalet. De styrande kommunpolitikerna vill ha 26-\u00e5riga Emelie \u00d6sterl\u00f6f till att f\u00f6ra utl\u00e4nningarnas talan i Nerja, en p\u00e4rla p\u00e5 Solkusten Av Ola Josefsson Det saknades 32 r\u00f6ster fr\u00e5n att svenskan Emelie \u00d6sterl\u00f6f, 26, hade kommit in i Nerjas kommunfullm\u00e4ktige vid senaste lokalvalet 22 [&hellip;]","og_url":"https:\/\/lightweb.dev\/l\/svm-temp\/artiklar\/hon-var-32-roster-fran-nerjas-kommunfullmaktige\/","og_site_name":"Svenska Magasinet","article_publisher":"https:\/\/www.facebook.com\/svenskamagasinet","article_published_time":"2011-10-10T22:00:00+00:00","og_image":[{"width":301,"height":200,"url":"https:\/\/lightweb.dev\/l\/svm-temp\/wp-content\/uploads\/2022\/04\/hon-var-32-rster-frn-nerjas-kommunfullmktige.png","type":"image\/png"}],"author":"Redaktionen SvM","twitter_card":"summary_large_image","twitter_creator":"@SvenskaMagasine","twitter_site":"@SvenskaMagasine","schema":{"@context":"https:\/\/schema.org","@graph":[{"@type":"Article","@id":"https:\/\/lightweb.dev\/l\/svm-temp\/artiklar\/hon-var-32-roster-fran-nerjas-kommunfullmaktige\/#article","isPartOf":{"@id":"https:\/\/lightweb.dev\/l\/svm-temp\/artiklar\/hon-var-32-roster-fran-nerjas-kommunfullmaktige\/"},"author":{"name":"Redaktionen SvM","@id":"https:\/\/lightweb.dev\/l\/svm-temp\/#\/schema\/person\/206a3bda5b607b0c25e1749191e4d837"},"headline":"Hon var 32 r\u00f6ster fr\u00e5n Nerjas kommunfullm\u00e4ktige","datePublished":"2011-10-10T22:00:00+00:00","mainEntityOfPage":{"@id":"https:\/\/lightweb.dev\/l\/svm-temp\/artiklar\/hon-var-32-roster-fran-nerjas-kommunfullmaktige\/"},"wordCount":735,"commentCount":0,"publisher":{"@id":"https:\/\/lightweb.dev\/l\/svm-temp\/#organization"},"image":{"@id":"https:\/\/lightweb.dev\/l\/svm-temp\/artiklar\/hon-var-32-roster-fran-nerjas-kommunfullmaktige\/#primaryimage"},"thumbnailUrl":"https:\/\/lightweb.dev\/l\/svm-temp\/wp-content\/uploads\/2022\/04\/hon-var-32-rster-frn-nerjas-kommunfullmktige.png","articleSection":["Arkiv","Artiklar"],"inLanguage":"sv-SE"},{"@type":"WebPage","@id":"https:\/\/lightweb.dev\/l\/svm-temp\/artiklar\/hon-var-32-roster-fran-nerjas-kommunfullmaktige\/","url":"https:\/\/lightweb.dev\/l\/svm-temp\/artiklar\/hon-var-32-roster-fran-nerjas-kommunfullmaktige\/","name":"Hon var 32 r\u00f6ster fr\u00e5n Nerjas kommunfullm\u00e4ktige - Svenska Magasinet","isPartOf":{"@id":"https:\/\/lightweb.dev\/l\/svm-temp\/#website"},"primaryImageOfPage":{"@id":"https:\/\/lightweb.dev\/l\/svm-temp\/artiklar\/hon-var-32-roster-fran-nerjas-kommunfullmaktige\/#primaryimage"},"image":{"@id":"https:\/\/lightweb.dev\/l\/svm-temp\/artiklar\/hon-var-32-roster-fran-nerjas-kommunfullmaktige\/#primaryimage"},"thumbnailUrl":"https:\/\/lightweb.dev\/l\/svm-temp\/wp-content\/uploads\/2022\/04\/hon-var-32-rster-frn-nerjas-kommunfullmktige.png","datePublished":"2011-10-10T22:00:00+00:00","breadcrumb":{"@id":"https:\/\/lightweb.dev\/l\/svm-temp\/artiklar\/hon-var-32-roster-fran-nerjas-kommunfullmaktige\/#breadcrumb"},"inLanguage":"sv-SE","potentialAction":[{"@type":"ReadAction","target":["https:\/\/lightweb.dev\/l\/svm-temp\/artiklar\/hon-var-32-roster-fran-nerjas-kommunfullmaktige\/"]}]},{"@type":"ImageObject","inLanguage":"sv-SE","@id":"https:\/\/lightweb.dev\/l\/svm-temp\/artiklar\/hon-var-32-roster-fran-nerjas-kommunfullmaktige\/#primaryimage","url":"https:\/\/lightweb.dev\/l\/svm-temp\/wp-content\/uploads\/2022\/04\/hon-var-32-rster-frn-nerjas-kommunfullmktige.png","contentUrl":"https:\/\/lightweb.dev\/l\/svm-temp\/wp-content\/uploads\/2022\/04\/hon-var-32-rster-frn-nerjas-kommunfullmktige.png","width":301,"height":200},{"@type":"BreadcrumbList","@id":"https:\/\/lightweb.dev\/l\/svm-temp\/artiklar\/hon-var-32-roster-fran-nerjas-kommunfullmaktige\/#breadcrumb","itemListElement":[{"@type":"ListItem","position":1,"name":"Hem","item":"https:\/\/lightweb.dev\/l\/svm-temp\/"},{"@type":"ListItem","position":2,"name":"Hon var 32 r\u00f6ster fr\u00e5n Nerjas kommunfullm\u00e4ktige"}]},{"@type":"WebSite","@id":"https:\/\/lightweb.dev\/l\/svm-temp\/#website","url":"https:\/\/lightweb.dev\/l\/svm-temp\/","name":"Svenska Magasinet","description":"Dina Spanska nyheter p&aring; Svenska","publisher":{"@id":"https:\/\/lightweb.dev\/l\/svm-temp\/#organization"},"potentialAction":[{"@type":"SearchAction","target":{"@type":"EntryPoint","urlTemplate":"https:\/\/lightweb.dev\/l\/svm-temp\/?s={search_term_string}"},"query-input":{"@type":"PropertyValueSpecification","valueRequired":true,"valueName":"search_term_string"}}],"inLanguage":"sv-SE"},{"@type":"Organization","@id":"https:\/\/lightweb.dev\/l\/svm-temp\/#organization","name":"Melkerson y Nott SL","alternateName":"Svenska Magasinet","url":"https:\/\/lightweb.dev\/l\/svm-temp\/","logo":{"@type":"ImageObject","inLanguage":"sv-SE","@id":"https:\/\/lightweb.dev\/l\/svm-temp\/#\/schema\/logo\/image\/","url":"https:\/\/lightweb.dev\/l\/svm-temp\/wp-content\/uploads\/2025\/02\/SvM-logo-Xtra-Centrerad-SVART.png","contentUrl":"https:\/\/lightweb.dev\/l\/svm-temp\/wp-content\/uploads\/2025\/02\/SvM-logo-Xtra-Centrerad-SVART.png","width":300,"height":99,"caption":"Melkerson y Nott SL"},"image":{"@id":"https:\/\/lightweb.dev\/l\/svm-temp\/#\/schema\/logo\/image\/"},"sameAs":["https:\/\/www.facebook.com\/svenskamagasinet","https:\/\/x.com\/SvenskaMagasine"]},{"@type":"Person","@id":"https:\/\/lightweb.dev\/l\/svm-temp\/#\/schema\/person\/206a3bda5b607b0c25e1749191e4d837","name":"Redaktionen SvM","description":"Redaktionen","sameAs":["https:\/\/lightweb.dev\/l\/svm-temp"],"url":"https:\/\/lightweb.dev\/l\/svm-temp\/reporter\/redaktionen\/"}]}},"_links":{"self":[{"href":"https:\/\/lightweb.dev\/l\/svm-temp\/wp-json\/wp\/v2\/posts\/3221","targetHints":{"allow":["GET"]}}],"collection":[{"href":"https:\/\/lightweb.dev\/l\/svm-temp\/wp-json\/wp\/v2\/posts"}],"about":[{"href":"https:\/\/lightweb.dev\/l\/svm-temp\/wp-json\/wp\/v2\/types\/post"}],"author":[{"embeddable":true,"href":"https:\/\/lightweb.dev\/l\/svm-temp\/wp-json\/wp\/v2\/users\/8"}],"replies":[{"embeddable":true,"href":"https:\/\/lightweb.dev\/l\/svm-temp\/wp-json\/wp\/v2\/comments?post=3221"}],"version-history":[{"count":0,"href":"https:\/\/lightweb.dev\/l\/svm-temp\/wp-json\/wp\/v2\/posts\/3221\/revisions"}],"wp:featuredmedia":[{"embeddable":true,"href":"https:\/\/lightweb.dev\/l\/svm-temp\/wp-json\/wp\/v2\/media\/3222"}],"wp:attachment":[{"href":"https:\/\/lightweb.dev\/l\/svm-temp\/wp-json\/wp\/v2\/media?parent=3221"}],"wp:term":[{"taxonomy":"category","embeddable":true,"href":"https:\/\/lightweb.dev\/l\/svm-temp\/wp-json\/wp\/v2\/categories?post=3221"},{"taxonomy":"post_tag","embeddable":true,"href":"https:\/\/lightweb.dev\/l\/svm-temp\/wp-json\/wp\/v2\/tags?post=3221"}],"curies":[{"name":"wp","href":"https:\/\/api.w.org\/{rel}","templated":true}]}}