{"id":3231,"date":"2011-10-11T00:00:00","date_gmt":"2011-10-10T22:00:00","guid":{"rendered":"https:\/\/lightweb.dev\/l\/svm-temp\/spanien-just-nu-hoger-eller-vanster\/"},"modified":"2011-10-11T00:00:00","modified_gmt":"2011-10-10T22:00:00","slug":"spanien-just-nu-hoger-eller-vanster","status":"publish","type":"post","link":"https:\/\/lightweb.dev\/l\/svm-temp\/artiklar\/spanien-just-nu-hoger-eller-vanster\/","title":{"rendered":"Spanien just nu \u2013 h\u00f6ger eller v\u00e4nster"},"content":{"rendered":"<p> Allm\u00e4nna val kommer att h\u00e5llas i Spanien den 20 november. Bed\u00f6mare och politiska kommentatorer menar att valkampanjen kommer att fokusera p\u00e5 ekonomin som \u00e4r h\u00e5rt belastad med 21 procents arbetsl\u00f6shet, en ungdomsarbetsl\u00f6shet p\u00e5 46,2 procent, svag tillv\u00e4xt och dystra framtidsutsikter Av Ola Josefsson<br \/>\nF\u00f6rutom arbetsl\u00f6sheten och svag tillv\u00e4xt \u00e4r Spaniens l\u00e5nekostnader skyh\u00f6ga eftersom ekonomin k\u00e4mpar med problem som uppstod i k\u00f6lvattnet efter att fastighetsbubblan sprack. Att den tidigare \u00f6verhettade fastighetsbranschen skulle falla till fryspunkten blundade regeringen f\u00f6r.<br \/>\nDet \u00e4r ett land i kaos som Jos\u00e9 Luis Rodr\u00edguez Zapatero l\u00e4mnar efter sig. Han \u00e5ngrar inte n\u00e5got av det han gjort, eller borde ha gjort, han f\u00f6rsvarar sin regering fullt ut. Anspr\u00e5ksl\u00f6shet \u00e4r inte Zapateros starka sida.<br \/>\nDet \u00e4r mycket som inte st\u00e5r r\u00e4tt till i nationen. Fr\u00e5gan \u00e4r om Spanien i modern tid har varit mer splittrat \u00e4n vad landet \u00e4r just nu. Regionalt sj\u00e4lvstyre kr\u00e4ver enorma resurser i form av tid, pengar och anstr\u00e4ngningar. Den som f\u00f6rs\u00f6ker anstr\u00e4nga sig i att se om Spaniens olika regioner drar \u00e5t samma h\u00e5ll m\u00f6dar sig f\u00f6rg\u00e4ves.<br \/>\nDet \u00e4r m\u00e4rkligt att det inte finns st\u00f6rre intresse i att g\u00f6ra jobbet och f\u00e5 Spanien p\u00e5 f\u00f6tter. I st\u00e4llet handlar det om att f\u00f6rsvara regionernas r\u00e4ttigheter (l\u00e4s sina egna intressen) till vilken kostnad som helst. Nu st\u00e5r Spanien upp \u00f6ver \u00f6ronen med skuldtyngda kommuner och skuldtyngda regionala parlament.<br \/>\nHur provinsen M\u00e1laga kan ha s\u00e5 m\u00e5nga som 101 olika kommuner d\u00e4r flera av dem har endast n\u00e5gra hundra inv\u00e5nare f\u00f6rundras de flesta utl\u00e4ndska bes\u00f6kare av. Jag f\u00e5r ofta den fr\u00e5gan och mannen p\u00e5 gatan till\u00e4gger \u201dvilket sl\u00f6seri med tillg\u00e5ngar och resurser\u201d.<br \/>\nAtt den nuvarande PSOE-regeringen v\u00e4ljer att tillf\u00e4lligt inf\u00f6ra f\u00f6rm\u00f6genhetsskatten, som togs bort 2008, ska ses i det perspektivet att de vill g\u00e5 protestr\u00f6relsen till m\u00f6tes. Med en s\u00e5dan handling visar PSOE att personer med f\u00f6rm\u00f6genheter och kapital ska betala mer. Det appl\u00e5deras av de grupper som sedan maj samlas p\u00e5 gator och torg i Spanien under namnet \u201dMovimiento M-15\u201d. En och annan av dessa kommer att sv\u00e4lja PSOE:s lockbete.<br \/>\nPartido Popular leder stort i opinionsunders\u00f6kningar och har ett \u00f6vertag p\u00e5 omkring tio procentenheter. Det skulle ge PP majoritet om det vore val idag. F\u00f6r att PP skulle f\u00f6rlora valet den 20 november kr\u00e4vs n\u00e5got riktigt dramatiskt &#8211; som 2004 d\u00e5 terroristattentat i Madrid fick v\u00e4ljaropinionen att sv\u00e4nga \u00f6ver till PSOE:s f\u00f6rdel p\u00e5 bara n\u00e5gra timmar.<br \/>\nInom vissa delar av etablissemanget i Spanien har det bl\u00e5st v\u00e4nstervindar. Det \u00e4r delar av samh\u00e4llet som syns och h\u00f6rs mest i medier. Spanjoren p\u00e5 gatan eller \u201dverklighetens folk\u201d f\u00f6r att planka ett KD-uttryck st\u00e5r f\u00f6r v\u00e4rderingar som starka familjeband, trygghet p\u00e5 gator och torg.<br \/>\nValet kring vem som f\u00e5r flytta in i regeringsbostaden La Moncloa st\u00e5r mellan tv\u00e5 gr\u00e5nande herrar, Mariano Rajoy, inte direkt den f\u00e4rgstarkaste partiledaren f\u00f6r PP, och PSOE:s Alfredo P\u00e9rez Rubalc\u00e1ba. B\u00e5da granskas intensivt i spanska medier.<br \/>\nI en analys s\u00e4ger Juan Manuel Sabucedo, professor i socialpsykologi vid universitetet i Santiago de Compostela, att varken Rajoy eller Rubalcaba har den karisma som beh\u00f6vs f\u00f6r att f\u00f6rmedla en illusion. De \u00e4r snarare m\u00e4n tillverkade i en \u201dpolitisk maskin\u201d och b\u00e5da har trist kroppsspr\u00e5k.<br \/>\nVad s\u00e4ger spanjorerna sj\u00e4lva om huvudkandidaterna? I en unders\u00f6kning fr\u00e5n Spaniens motsvarighet till SCB, Centro de Investigaciones Sociol\u00f3gicas (CIS), f\u00e5r Rubalcaba h\u00f6gre betyg \u00e4n Rajoy men 40,2 procent av befolkningen anser att PP \u00e4r mer kompetenta i ekonomiska fr\u00e5gor \u00e4n den nuvarande regeringen som f\u00e5r 21,1 procents st\u00f6d.<br \/>\nFr\u00e5gan \u00e4r vad herrarna har att komma med i ekonomiska fr\u00e5gor. \u201dDessa tv\u00e5 har jobbat inom de flesta omr\u00e5den, men det viktigaste, ekonomin, \u00e4r de ganska gr\u00f6na i\u201d, skriver Ignacio Marco-Gardoqui, tidigare generaldirekt\u00f6r vid La Caixa Banca Privada och numera kr\u00f6nik\u00f6r i tidningskoncernen Vocento.<br \/>\nI Andalusien \u00e4r det regionval i mars n\u00e4sta \u00e5r. Valet till det andalusiska parlamentet tidigarel\u00e4ggs inte. Kanske det blir en r\u00e4ddningsplanka f\u00f6r det nu styrande PSOE i Andalusien. Partido Popular leder i opinionsunders\u00f6kningarna inf\u00f6r regionvalet. Men ledningen \u00e4r knapp.<br \/>\nAtt PP vinner det allm\u00e4nna valet i november \u00e4r de flesta i nul\u00e4get inst\u00e4llda p\u00e5. D\u00e5 tvingas partiet att g\u00f6ra ordentliga nedsk\u00e4rningar i den offentliga sektorn och strama upp hela den spanska samh\u00e4llsstrukturen. F\u00f6r det traditionellt \u201dr\u00f6da\u201d Andalusien kommer det att upplevas som skr\u00e4mselskott. Det \u00e4r ett inte alltf\u00f6r troligt scenario att opinionen i Andalusien kan sv\u00e4nga \u00f6ver till PSOE:s f\u00f6rdel lagom till regionvalet i mars 2012. <\/p>\n","protected":false},"excerpt":{"rendered":"<p>Allm\u00e4nna val kommer att h\u00e5llas i Spanien den 20 november. Bed\u00f6mare och politiska kommentatorer menar att valkampanjen kommer att fokusera p\u00e5 ekonomin som \u00e4r h\u00e5rt belastad med 21 procents arbetsl\u00f6shet, en ungdomsarbetsl\u00f6shet p\u00e5 46,2 procent, svag tillv\u00e4xt och dystra framtidsutsikter Av Ola Josefsson F\u00f6rutom arbetsl\u00f6sheten och svag tillv\u00e4xt \u00e4r Spaniens l\u00e5nekostnader skyh\u00f6ga eftersom ekonomin k\u00e4mpar [&hellip;]<\/p>\n","protected":false},"author":8,"featured_media":3232,"comment_status":"open","ping_status":"open","sticky":false,"template":"","format":"standard","meta":{"_et_pb_use_builder":"","_et_pb_old_content":"","_et_gb_content_width":"","footnotes":""},"categories":[4,36],"tags":[],"class_list":["post-3231","post","type-post","status-publish","format-standard","has-post-thumbnail","hentry","category-artiklar","category-spanien-just-nu"],"yoast_head":"<!-- This site is optimized with the Yoast SEO Premium plugin v26.2 (Yoast SEO v28.2) - https:\/\/yoast.com\/product\/yoast-seo-premium-wordpress\/ -->\n<title>Spanien just nu \u2013 h\u00f6ger eller v\u00e4nster - Svenska Magasinet<\/title>\n<meta name=\"robots\" content=\"noindex, follow, max-snippet:-1, max-image-preview:large, max-video-preview:-1\" \/>\n<meta property=\"og:locale\" content=\"sv_SE\" \/>\n<meta property=\"og:type\" content=\"article\" \/>\n<meta property=\"og:title\" content=\"Spanien just nu \u2013 h\u00f6ger eller v\u00e4nster\" \/>\n<meta property=\"og:description\" content=\"Allm\u00e4nna val kommer att h\u00e5llas i Spanien den 20 november. Bed\u00f6mare och politiska kommentatorer menar att valkampanjen kommer att fokusera p\u00e5 ekonomin som \u00e4r h\u00e5rt belastad med 21 procents arbetsl\u00f6shet, en ungdomsarbetsl\u00f6shet p\u00e5 46,2 procent, svag tillv\u00e4xt och dystra framtidsutsikter Av Ola Josefsson F\u00f6rutom arbetsl\u00f6sheten och svag tillv\u00e4xt \u00e4r Spaniens l\u00e5nekostnader skyh\u00f6ga eftersom ekonomin k\u00e4mpar [&hellip;]\" \/>\n<meta property=\"og:url\" content=\"https:\/\/lightweb.dev\/l\/svm-temp\/artiklar\/spanien-just-nu-hoger-eller-vanster\/\" \/>\n<meta property=\"og:site_name\" content=\"Svenska Magasinet\" \/>\n<meta property=\"article:publisher\" content=\"https:\/\/www.facebook.com\/svenskamagasinet\" \/>\n<meta property=\"article:published_time\" content=\"2011-10-10T22:00:00+00:00\" \/>\n<meta property=\"og:image\" content=\"https:\/\/lightweb.dev\/l\/svm-temp\/wp-content\/uploads\/2022\/04\/spanien-just-nu-hger-eller-vnster.png\" \/>\n\t<meta property=\"og:image:width\" content=\"348\" \/>\n\t<meta property=\"og:image:height\" content=\"200\" \/>\n\t<meta property=\"og:image:type\" content=\"image\/png\" \/>\n<meta name=\"author\" content=\"Redaktionen SvM\" \/>\n<meta name=\"twitter:card\" content=\"summary_large_image\" \/>\n<meta name=\"twitter:creator\" content=\"@SvenskaMagasine\" \/>\n<meta name=\"twitter:site\" content=\"@SvenskaMagasine\" \/>\n<script type=\"application\/ld+json\" class=\"yoast-schema-graph\">{\"@context\":\"https:\\\/\\\/schema.org\",\"@graph\":[{\"@type\":\"Article\",\"@id\":\"https:\\\/\\\/lightweb.dev\\\/l\\\/svm-temp\\\/artiklar\\\/spanien-just-nu-hoger-eller-vanster\\\/#article\",\"isPartOf\":{\"@id\":\"https:\\\/\\\/lightweb.dev\\\/l\\\/svm-temp\\\/artiklar\\\/spanien-just-nu-hoger-eller-vanster\\\/\"},\"author\":{\"name\":\"Redaktionen SvM\",\"@id\":\"https:\\\/\\\/lightweb.dev\\\/l\\\/svm-temp\\\/#\\\/schema\\\/person\\\/206a3bda5b607b0c25e1749191e4d837\"},\"headline\":\"Spanien just nu \u2013 h\u00f6ger eller v\u00e4nster\",\"datePublished\":\"2011-10-10T22:00:00+00:00\",\"mainEntityOfPage\":{\"@id\":\"https:\\\/\\\/lightweb.dev\\\/l\\\/svm-temp\\\/artiklar\\\/spanien-just-nu-hoger-eller-vanster\\\/\"},\"wordCount\":850,\"commentCount\":0,\"publisher\":{\"@id\":\"https:\\\/\\\/lightweb.dev\\\/l\\\/svm-temp\\\/#organization\"},\"image\":{\"@id\":\"https:\\\/\\\/lightweb.dev\\\/l\\\/svm-temp\\\/artiklar\\\/spanien-just-nu-hoger-eller-vanster\\\/#primaryimage\"},\"thumbnailUrl\":\"https:\\\/\\\/lightweb.dev\\\/l\\\/svm-temp\\\/wp-content\\\/uploads\\\/2022\\\/04\\\/spanien-just-nu-hger-eller-vnster.png\",\"articleSection\":[\"Artiklar\",\"Spanien just nu\"],\"inLanguage\":\"sv-SE\"},{\"@type\":\"WebPage\",\"@id\":\"https:\\\/\\\/lightweb.dev\\\/l\\\/svm-temp\\\/artiklar\\\/spanien-just-nu-hoger-eller-vanster\\\/\",\"url\":\"https:\\\/\\\/lightweb.dev\\\/l\\\/svm-temp\\\/artiklar\\\/spanien-just-nu-hoger-eller-vanster\\\/\",\"name\":\"Spanien just nu \u2013 h\u00f6ger eller v\u00e4nster - Svenska Magasinet\",\"isPartOf\":{\"@id\":\"https:\\\/\\\/lightweb.dev\\\/l\\\/svm-temp\\\/#website\"},\"primaryImageOfPage\":{\"@id\":\"https:\\\/\\\/lightweb.dev\\\/l\\\/svm-temp\\\/artiklar\\\/spanien-just-nu-hoger-eller-vanster\\\/#primaryimage\"},\"image\":{\"@id\":\"https:\\\/\\\/lightweb.dev\\\/l\\\/svm-temp\\\/artiklar\\\/spanien-just-nu-hoger-eller-vanster\\\/#primaryimage\"},\"thumbnailUrl\":\"https:\\\/\\\/lightweb.dev\\\/l\\\/svm-temp\\\/wp-content\\\/uploads\\\/2022\\\/04\\\/spanien-just-nu-hger-eller-vnster.png\",\"datePublished\":\"2011-10-10T22:00:00+00:00\",\"breadcrumb\":{\"@id\":\"https:\\\/\\\/lightweb.dev\\\/l\\\/svm-temp\\\/artiklar\\\/spanien-just-nu-hoger-eller-vanster\\\/#breadcrumb\"},\"inLanguage\":\"sv-SE\",\"potentialAction\":[{\"@type\":\"ReadAction\",\"target\":[\"https:\\\/\\\/lightweb.dev\\\/l\\\/svm-temp\\\/artiklar\\\/spanien-just-nu-hoger-eller-vanster\\\/\"]}]},{\"@type\":\"ImageObject\",\"inLanguage\":\"sv-SE\",\"@id\":\"https:\\\/\\\/lightweb.dev\\\/l\\\/svm-temp\\\/artiklar\\\/spanien-just-nu-hoger-eller-vanster\\\/#primaryimage\",\"url\":\"https:\\\/\\\/lightweb.dev\\\/l\\\/svm-temp\\\/wp-content\\\/uploads\\\/2022\\\/04\\\/spanien-just-nu-hger-eller-vnster.png\",\"contentUrl\":\"https:\\\/\\\/lightweb.dev\\\/l\\\/svm-temp\\\/wp-content\\\/uploads\\\/2022\\\/04\\\/spanien-just-nu-hger-eller-vnster.png\",\"width\":348,\"height\":200},{\"@type\":\"BreadcrumbList\",\"@id\":\"https:\\\/\\\/lightweb.dev\\\/l\\\/svm-temp\\\/artiklar\\\/spanien-just-nu-hoger-eller-vanster\\\/#breadcrumb\",\"itemListElement\":[{\"@type\":\"ListItem\",\"position\":1,\"name\":\"Hem\",\"item\":\"https:\\\/\\\/lightweb.dev\\\/l\\\/svm-temp\\\/\"},{\"@type\":\"ListItem\",\"position\":2,\"name\":\"Spanien just nu \u2013 h\u00f6ger eller v\u00e4nster\"}]},{\"@type\":\"WebSite\",\"@id\":\"https:\\\/\\\/lightweb.dev\\\/l\\\/svm-temp\\\/#website\",\"url\":\"https:\\\/\\\/lightweb.dev\\\/l\\\/svm-temp\\\/\",\"name\":\"Svenska Magasinet\",\"description\":\"Dina Spanska nyheter p&aring; Svenska\",\"publisher\":{\"@id\":\"https:\\\/\\\/lightweb.dev\\\/l\\\/svm-temp\\\/#organization\"},\"potentialAction\":[{\"@type\":\"SearchAction\",\"target\":{\"@type\":\"EntryPoint\",\"urlTemplate\":\"https:\\\/\\\/lightweb.dev\\\/l\\\/svm-temp\\\/?s={search_term_string}\"},\"query-input\":{\"@type\":\"PropertyValueSpecification\",\"valueRequired\":true,\"valueName\":\"search_term_string\"}}],\"inLanguage\":\"sv-SE\"},{\"@type\":\"Organization\",\"@id\":\"https:\\\/\\\/lightweb.dev\\\/l\\\/svm-temp\\\/#organization\",\"name\":\"Melkerson y Nott SL\",\"alternateName\":\"Svenska Magasinet\",\"url\":\"https:\\\/\\\/lightweb.dev\\\/l\\\/svm-temp\\\/\",\"logo\":{\"@type\":\"ImageObject\",\"inLanguage\":\"sv-SE\",\"@id\":\"https:\\\/\\\/lightweb.dev\\\/l\\\/svm-temp\\\/#\\\/schema\\\/logo\\\/image\\\/\",\"url\":\"https:\\\/\\\/lightweb.dev\\\/l\\\/svm-temp\\\/wp-content\\\/uploads\\\/2025\\\/02\\\/SvM-logo-Xtra-Centrerad-SVART.png\",\"contentUrl\":\"https:\\\/\\\/lightweb.dev\\\/l\\\/svm-temp\\\/wp-content\\\/uploads\\\/2025\\\/02\\\/SvM-logo-Xtra-Centrerad-SVART.png\",\"width\":300,\"height\":99,\"caption\":\"Melkerson y Nott SL\"},\"image\":{\"@id\":\"https:\\\/\\\/lightweb.dev\\\/l\\\/svm-temp\\\/#\\\/schema\\\/logo\\\/image\\\/\"},\"sameAs\":[\"https:\\\/\\\/www.facebook.com\\\/svenskamagasinet\",\"https:\\\/\\\/x.com\\\/SvenskaMagasine\"]},{\"@type\":\"Person\",\"@id\":\"https:\\\/\\\/lightweb.dev\\\/l\\\/svm-temp\\\/#\\\/schema\\\/person\\\/206a3bda5b607b0c25e1749191e4d837\",\"name\":\"Redaktionen SvM\",\"description\":\"Redaktionen\",\"sameAs\":[\"https:\\\/\\\/lightweb.dev\\\/l\\\/svm-temp\"],\"url\":\"https:\\\/\\\/lightweb.dev\\\/l\\\/svm-temp\\\/reporter\\\/redaktionen\\\/\"}]}<\/script>\n<!-- \/ Yoast SEO Premium plugin. -->","yoast_head_json":{"title":"Spanien just nu \u2013 h\u00f6ger eller v\u00e4nster - Svenska Magasinet","robots":{"index":"noindex","follow":"follow","max-snippet":"max-snippet:-1","max-image-preview":"max-image-preview:large","max-video-preview":"max-video-preview:-1"},"og_locale":"sv_SE","og_type":"article","og_title":"Spanien just nu \u2013 h\u00f6ger eller v\u00e4nster","og_description":"Allm\u00e4nna val kommer att h\u00e5llas i Spanien den 20 november. Bed\u00f6mare och politiska kommentatorer menar att valkampanjen kommer att fokusera p\u00e5 ekonomin som \u00e4r h\u00e5rt belastad med 21 procents arbetsl\u00f6shet, en ungdomsarbetsl\u00f6shet p\u00e5 46,2 procent, svag tillv\u00e4xt och dystra framtidsutsikter Av Ola Josefsson F\u00f6rutom arbetsl\u00f6sheten och svag tillv\u00e4xt \u00e4r Spaniens l\u00e5nekostnader skyh\u00f6ga eftersom ekonomin k\u00e4mpar [&hellip;]","og_url":"https:\/\/lightweb.dev\/l\/svm-temp\/artiklar\/spanien-just-nu-hoger-eller-vanster\/","og_site_name":"Svenska Magasinet","article_publisher":"https:\/\/www.facebook.com\/svenskamagasinet","article_published_time":"2011-10-10T22:00:00+00:00","og_image":[{"width":348,"height":200,"url":"https:\/\/lightweb.dev\/l\/svm-temp\/wp-content\/uploads\/2022\/04\/spanien-just-nu-hger-eller-vnster.png","type":"image\/png"}],"author":"Redaktionen SvM","twitter_card":"summary_large_image","twitter_creator":"@SvenskaMagasine","twitter_site":"@SvenskaMagasine","schema":{"@context":"https:\/\/schema.org","@graph":[{"@type":"Article","@id":"https:\/\/lightweb.dev\/l\/svm-temp\/artiklar\/spanien-just-nu-hoger-eller-vanster\/#article","isPartOf":{"@id":"https:\/\/lightweb.dev\/l\/svm-temp\/artiklar\/spanien-just-nu-hoger-eller-vanster\/"},"author":{"name":"Redaktionen SvM","@id":"https:\/\/lightweb.dev\/l\/svm-temp\/#\/schema\/person\/206a3bda5b607b0c25e1749191e4d837"},"headline":"Spanien just nu \u2013 h\u00f6ger eller v\u00e4nster","datePublished":"2011-10-10T22:00:00+00:00","mainEntityOfPage":{"@id":"https:\/\/lightweb.dev\/l\/svm-temp\/artiklar\/spanien-just-nu-hoger-eller-vanster\/"},"wordCount":850,"commentCount":0,"publisher":{"@id":"https:\/\/lightweb.dev\/l\/svm-temp\/#organization"},"image":{"@id":"https:\/\/lightweb.dev\/l\/svm-temp\/artiklar\/spanien-just-nu-hoger-eller-vanster\/#primaryimage"},"thumbnailUrl":"https:\/\/lightweb.dev\/l\/svm-temp\/wp-content\/uploads\/2022\/04\/spanien-just-nu-hger-eller-vnster.png","articleSection":["Artiklar","Spanien just nu"],"inLanguage":"sv-SE"},{"@type":"WebPage","@id":"https:\/\/lightweb.dev\/l\/svm-temp\/artiklar\/spanien-just-nu-hoger-eller-vanster\/","url":"https:\/\/lightweb.dev\/l\/svm-temp\/artiklar\/spanien-just-nu-hoger-eller-vanster\/","name":"Spanien just nu \u2013 h\u00f6ger eller v\u00e4nster - Svenska Magasinet","isPartOf":{"@id":"https:\/\/lightweb.dev\/l\/svm-temp\/#website"},"primaryImageOfPage":{"@id":"https:\/\/lightweb.dev\/l\/svm-temp\/artiklar\/spanien-just-nu-hoger-eller-vanster\/#primaryimage"},"image":{"@id":"https:\/\/lightweb.dev\/l\/svm-temp\/artiklar\/spanien-just-nu-hoger-eller-vanster\/#primaryimage"},"thumbnailUrl":"https:\/\/lightweb.dev\/l\/svm-temp\/wp-content\/uploads\/2022\/04\/spanien-just-nu-hger-eller-vnster.png","datePublished":"2011-10-10T22:00:00+00:00","breadcrumb":{"@id":"https:\/\/lightweb.dev\/l\/svm-temp\/artiklar\/spanien-just-nu-hoger-eller-vanster\/#breadcrumb"},"inLanguage":"sv-SE","potentialAction":[{"@type":"ReadAction","target":["https:\/\/lightweb.dev\/l\/svm-temp\/artiklar\/spanien-just-nu-hoger-eller-vanster\/"]}]},{"@type":"ImageObject","inLanguage":"sv-SE","@id":"https:\/\/lightweb.dev\/l\/svm-temp\/artiklar\/spanien-just-nu-hoger-eller-vanster\/#primaryimage","url":"https:\/\/lightweb.dev\/l\/svm-temp\/wp-content\/uploads\/2022\/04\/spanien-just-nu-hger-eller-vnster.png","contentUrl":"https:\/\/lightweb.dev\/l\/svm-temp\/wp-content\/uploads\/2022\/04\/spanien-just-nu-hger-eller-vnster.png","width":348,"height":200},{"@type":"BreadcrumbList","@id":"https:\/\/lightweb.dev\/l\/svm-temp\/artiklar\/spanien-just-nu-hoger-eller-vanster\/#breadcrumb","itemListElement":[{"@type":"ListItem","position":1,"name":"Hem","item":"https:\/\/lightweb.dev\/l\/svm-temp\/"},{"@type":"ListItem","position":2,"name":"Spanien just nu \u2013 h\u00f6ger eller v\u00e4nster"}]},{"@type":"WebSite","@id":"https:\/\/lightweb.dev\/l\/svm-temp\/#website","url":"https:\/\/lightweb.dev\/l\/svm-temp\/","name":"Svenska Magasinet","description":"Dina Spanska nyheter p&aring; Svenska","publisher":{"@id":"https:\/\/lightweb.dev\/l\/svm-temp\/#organization"},"potentialAction":[{"@type":"SearchAction","target":{"@type":"EntryPoint","urlTemplate":"https:\/\/lightweb.dev\/l\/svm-temp\/?s={search_term_string}"},"query-input":{"@type":"PropertyValueSpecification","valueRequired":true,"valueName":"search_term_string"}}],"inLanguage":"sv-SE"},{"@type":"Organization","@id":"https:\/\/lightweb.dev\/l\/svm-temp\/#organization","name":"Melkerson y Nott SL","alternateName":"Svenska Magasinet","url":"https:\/\/lightweb.dev\/l\/svm-temp\/","logo":{"@type":"ImageObject","inLanguage":"sv-SE","@id":"https:\/\/lightweb.dev\/l\/svm-temp\/#\/schema\/logo\/image\/","url":"https:\/\/lightweb.dev\/l\/svm-temp\/wp-content\/uploads\/2025\/02\/SvM-logo-Xtra-Centrerad-SVART.png","contentUrl":"https:\/\/lightweb.dev\/l\/svm-temp\/wp-content\/uploads\/2025\/02\/SvM-logo-Xtra-Centrerad-SVART.png","width":300,"height":99,"caption":"Melkerson y Nott SL"},"image":{"@id":"https:\/\/lightweb.dev\/l\/svm-temp\/#\/schema\/logo\/image\/"},"sameAs":["https:\/\/www.facebook.com\/svenskamagasinet","https:\/\/x.com\/SvenskaMagasine"]},{"@type":"Person","@id":"https:\/\/lightweb.dev\/l\/svm-temp\/#\/schema\/person\/206a3bda5b607b0c25e1749191e4d837","name":"Redaktionen SvM","description":"Redaktionen","sameAs":["https:\/\/lightweb.dev\/l\/svm-temp"],"url":"https:\/\/lightweb.dev\/l\/svm-temp\/reporter\/redaktionen\/"}]}},"_links":{"self":[{"href":"https:\/\/lightweb.dev\/l\/svm-temp\/wp-json\/wp\/v2\/posts\/3231","targetHints":{"allow":["GET"]}}],"collection":[{"href":"https:\/\/lightweb.dev\/l\/svm-temp\/wp-json\/wp\/v2\/posts"}],"about":[{"href":"https:\/\/lightweb.dev\/l\/svm-temp\/wp-json\/wp\/v2\/types\/post"}],"author":[{"embeddable":true,"href":"https:\/\/lightweb.dev\/l\/svm-temp\/wp-json\/wp\/v2\/users\/8"}],"replies":[{"embeddable":true,"href":"https:\/\/lightweb.dev\/l\/svm-temp\/wp-json\/wp\/v2\/comments?post=3231"}],"version-history":[{"count":0,"href":"https:\/\/lightweb.dev\/l\/svm-temp\/wp-json\/wp\/v2\/posts\/3231\/revisions"}],"wp:featuredmedia":[{"embeddable":true,"href":"https:\/\/lightweb.dev\/l\/svm-temp\/wp-json\/wp\/v2\/media\/3232"}],"wp:attachment":[{"href":"https:\/\/lightweb.dev\/l\/svm-temp\/wp-json\/wp\/v2\/media?parent=3231"}],"wp:term":[{"taxonomy":"category","embeddable":true,"href":"https:\/\/lightweb.dev\/l\/svm-temp\/wp-json\/wp\/v2\/categories?post=3231"},{"taxonomy":"post_tag","embeddable":true,"href":"https:\/\/lightweb.dev\/l\/svm-temp\/wp-json\/wp\/v2\/tags?post=3231"}],"curies":[{"name":"wp","href":"https:\/\/api.w.org\/{rel}","templated":true}]}}