{"id":3242,"date":"2011-10-11T00:00:00","date_gmt":"2011-10-10T22:00:00","guid":{"rendered":"https:\/\/lightweb.dev\/l\/svm-temp\/elva-heta-punkter-i-malagas-kulturliv\/"},"modified":"2011-10-11T00:00:00","modified_gmt":"2011-10-10T22:00:00","slug":"elva-heta-punkter-i-malagas-kulturliv","status":"publish","type":"post","link":"https:\/\/lightweb.dev\/l\/svm-temp\/artiklar\/elva-heta-punkter-i-malagas-kulturliv\/","title":{"rendered":"Elva heta punkter i M\u00e1lagas kulturliv"},"content":{"rendered":"<p> 1) Museo Automovil\u00edstico (Bilmuseum) Gamla tobaksfabriken Edificio Tabacalera, Avda Sor Teresa Prat, 15. Guidade turer p\u00e5 engelska och p\u00e5 spanska f\u00f6r m\u00e5nga utl\u00e4ndska spr\u00e5kstudenter. 35 procent av bes\u00f6karna under \u00e5rets f\u00f6rsta sex m\u00e5nader \u00e4r fr\u00e5n utlandet, varav m\u00e5nga finl\u00e4ndare 2) CAC M\u00e1laga<br \/>\nC\/ Alemania<br \/>\nFinns tryckt information p\u00e5 engelska. 43 procent utl\u00e4ndska bes\u00f6kare, fr\u00e4mst britter och tyskar.<br \/>\n3) Museo Picasso M\u00e1laga<br \/>\nCalle San Agust\u00edn<br \/>\nVarje morgon klockan 11.30 guidad tur p\u00e5 engelska. Med reservation \u00e4ven guidade turer p\u00e5 tyska och franska. De utl\u00e4ndska bes\u00f6karna st\u00e5r f\u00f6r 79,4 procent av bes\u00f6ken.<br \/>\n4) Fundaci\u00f3n Picasso<br \/>\nPlaza de la Merced<br \/>\nS\u00e5 kallade \u201daudiogu\u00edas\u201d, inspelade guider finns p\u00e5 engelska, franska, tyska och italienska. Guidade turer p\u00e5 engelska och franska. 66 procent utl\u00e4ndska bes\u00f6kare varav flest britter, sex procent fr\u00e5n Asien.<br \/>\n5) Museo Carmen Thyssen<br \/>\nCalle Compa\u00f1\u00eda, 10<br \/>\nInspelade guider p\u00e5 engelska, franska, tyska och italienska. Guidade turer p\u00e5 flera spr\u00e5k, d\u00e4ribland danska. 22 procent utl\u00e4nningar bland bes\u00f6ken, flest europ\u00e9er.<br \/>\n6) Teatro Cervantes<br \/>\nCalle Ramos Mar\u00edn<br \/>\n\u201dButaca Cervantes\u201d heter ett trevligt erbjudande som inneb\u00e4r guidad visning, vinprovning och 20 procents rabatt f\u00f6r utl\u00e4ndska grupper. Den utl\u00e4ndska publiken kan vid vissa perioder n\u00e5 40 procent.<br \/>\n7) Plaza de Toros &#8211; La Malagueta<br \/>\nPaseo Reding, 8<br \/>\nLos toros eller tjurarna \u00e4r en klassiker f\u00f6r m\u00e5nga utl\u00e4nningar. Fem procent av bes\u00f6karna vid La Malagueta \u00e4r utl\u00e4nningar. M\u00e5nga fler utl\u00e4nningar k\u00f6per intr\u00e4de i samband med f\u00f6rest\u00e4llningarna vid ferian i augusti.<br \/>\n8) Museo del Vidrio y Cristal (Glasmuseum)<br \/>\nPlazuela Sant\u00edsimo Cristo de la Sangre, 2 (Tidigare Calle Gaona, 20)<br \/>\nErbjuder guidade turer p\u00e5 engelska, franska, italienska och tyska. All information \u00e4r \u00f6versatt. 18 procent kommer fr\u00e5n utlandet, varav flest britter.<br \/>\n9) Museo del Vino (Vinmuseum)<br \/>\nPlaza de los Vi\u00f1eros 1<br \/>\nAllt \u00e4r \u00f6versatt till engelska, franska och tyska och det erbjuds provsmakningar p\u00e5 dessa spr\u00e5k. 31 procent av 5.000 bes\u00f6kare under fjol\u00e5ret var utl\u00e4nningar.<br \/>\n10 )Liceo Flamenco<br \/>\nCalle Beatas, 21<br \/>\nFlamencoshow varje kv\u00e4ll med en aperitif och ett glas M\u00e1lagavin. Publiken \u00e4r internationell till 75 procent. De flesta kommer fr\u00e5n spanska spr\u00e5kskolor i M\u00e1laga.<br \/>\n11) Museo Casas de Mu\u00f1ecas (Dockmuseum)<br \/>\nC\/ \u00c1lamos, 32<br \/>\nGuidade turer p\u00e5 engelska och det finns \u00f6versatt information p\u00e5 tyska. 60 procent av bes\u00f6karna \u00e4r utl\u00e4nningar. Museet har f\u00e5tt mycket ber\u00f6m av de nordiska bes\u00f6karna.<br \/>\nK\u00e4lla: Diario SUR <\/p>\n","protected":false},"excerpt":{"rendered":"<p>1) Museo Automovil\u00edstico (Bilmuseum) Gamla tobaksfabriken Edificio Tabacalera, Avda Sor Teresa Prat, 15. Guidade turer p\u00e5 engelska och p\u00e5 spanska f\u00f6r m\u00e5nga utl\u00e4ndska spr\u00e5kstudenter. 35 procent av bes\u00f6karna under \u00e5rets f\u00f6rsta sex m\u00e5nader \u00e4r fr\u00e5n utlandet, varav m\u00e5nga finl\u00e4ndare 2) CAC M\u00e1laga C\/ Alemania Finns tryckt information p\u00e5 engelska. 43 procent utl\u00e4ndska bes\u00f6kare, fr\u00e4mst britter [&hellip;]<\/p>\n","protected":false},"author":8,"featured_media":3243,"comment_status":"open","ping_status":"open","sticky":false,"template":"","format":"standard","meta":{"_et_pb_use_builder":"","_et_pb_old_content":"","_et_gb_content_width":"","footnotes":""},"categories":[4,45],"tags":[],"class_list":["post-3242","post","type-post","status-publish","format-standard","has-post-thumbnail","hentry","category-artiklar","category-kultur"],"yoast_head":"<!-- This site is optimized with the Yoast SEO Premium plugin v26.2 (Yoast SEO v28.2) - https:\/\/yoast.com\/product\/yoast-seo-premium-wordpress\/ -->\n<title>Elva heta punkter i M\u00e1lagas kulturliv - Svenska Magasinet<\/title>\n<meta name=\"robots\" content=\"noindex, follow, max-snippet:-1, max-image-preview:large, max-video-preview:-1\" \/>\n<meta property=\"og:locale\" content=\"sv_SE\" \/>\n<meta property=\"og:type\" content=\"article\" \/>\n<meta property=\"og:title\" content=\"Elva heta punkter i M\u00e1lagas kulturliv\" \/>\n<meta property=\"og:description\" content=\"1) Museo Automovil\u00edstico (Bilmuseum) Gamla tobaksfabriken Edificio Tabacalera, Avda Sor Teresa Prat, 15. Guidade turer p\u00e5 engelska och p\u00e5 spanska f\u00f6r m\u00e5nga utl\u00e4ndska spr\u00e5kstudenter. 35 procent av bes\u00f6karna under \u00e5rets f\u00f6rsta sex m\u00e5nader \u00e4r fr\u00e5n utlandet, varav m\u00e5nga finl\u00e4ndare 2) CAC M\u00e1laga C\/ Alemania Finns tryckt information p\u00e5 engelska. 43 procent utl\u00e4ndska bes\u00f6kare, fr\u00e4mst britter [&hellip;]\" \/>\n<meta property=\"og:url\" content=\"https:\/\/lightweb.dev\/l\/svm-temp\/artiklar\/elva-heta-punkter-i-malagas-kulturliv\/\" \/>\n<meta property=\"og:site_name\" content=\"Svenska Magasinet\" \/>\n<meta property=\"article:publisher\" content=\"https:\/\/www.facebook.com\/svenskamagasinet\" \/>\n<meta property=\"article:published_time\" content=\"2011-10-10T22:00:00+00:00\" \/>\n<meta property=\"og:image\" content=\"https:\/\/lightweb.dev\/l\/svm-temp\/wp-content\/uploads\/2022\/04\/elva-heta-punkter-i-mlagas-kulturliv.png\" \/>\n\t<meta property=\"og:image:width\" content=\"301\" \/>\n\t<meta property=\"og:image:height\" content=\"200\" \/>\n\t<meta property=\"og:image:type\" content=\"image\/png\" \/>\n<meta name=\"author\" content=\"Redaktionen SvM\" \/>\n<meta name=\"twitter:card\" content=\"summary_large_image\" \/>\n<meta name=\"twitter:creator\" content=\"@SvenskaMagasine\" \/>\n<meta name=\"twitter:site\" content=\"@SvenskaMagasine\" \/>\n<script type=\"application\/ld+json\" class=\"yoast-schema-graph\">{\"@context\":\"https:\\\/\\\/schema.org\",\"@graph\":[{\"@type\":\"Article\",\"@id\":\"https:\\\/\\\/lightweb.dev\\\/l\\\/svm-temp\\\/artiklar\\\/elva-heta-punkter-i-malagas-kulturliv\\\/#article\",\"isPartOf\":{\"@id\":\"https:\\\/\\\/lightweb.dev\\\/l\\\/svm-temp\\\/artiklar\\\/elva-heta-punkter-i-malagas-kulturliv\\\/\"},\"author\":{\"name\":\"Redaktionen SvM\",\"@id\":\"https:\\\/\\\/lightweb.dev\\\/l\\\/svm-temp\\\/#\\\/schema\\\/person\\\/206a3bda5b607b0c25e1749191e4d837\"},\"headline\":\"Elva heta punkter i M\u00e1lagas kulturliv\",\"datePublished\":\"2011-10-10T22:00:00+00:00\",\"mainEntityOfPage\":{\"@id\":\"https:\\\/\\\/lightweb.dev\\\/l\\\/svm-temp\\\/artiklar\\\/elva-heta-punkter-i-malagas-kulturliv\\\/\"},\"wordCount\":415,\"commentCount\":0,\"publisher\":{\"@id\":\"https:\\\/\\\/lightweb.dev\\\/l\\\/svm-temp\\\/#organization\"},\"image\":{\"@id\":\"https:\\\/\\\/lightweb.dev\\\/l\\\/svm-temp\\\/artiklar\\\/elva-heta-punkter-i-malagas-kulturliv\\\/#primaryimage\"},\"thumbnailUrl\":\"https:\\\/\\\/lightweb.dev\\\/l\\\/svm-temp\\\/wp-content\\\/uploads\\\/2022\\\/04\\\/elva-heta-punkter-i-mlagas-kulturliv.png\",\"articleSection\":[\"Artiklar\",\"Kultur &amp; historia\"],\"inLanguage\":\"sv-SE\"},{\"@type\":\"WebPage\",\"@id\":\"https:\\\/\\\/lightweb.dev\\\/l\\\/svm-temp\\\/artiklar\\\/elva-heta-punkter-i-malagas-kulturliv\\\/\",\"url\":\"https:\\\/\\\/lightweb.dev\\\/l\\\/svm-temp\\\/artiklar\\\/elva-heta-punkter-i-malagas-kulturliv\\\/\",\"name\":\"Elva heta punkter i M\u00e1lagas kulturliv - Svenska Magasinet\",\"isPartOf\":{\"@id\":\"https:\\\/\\\/lightweb.dev\\\/l\\\/svm-temp\\\/#website\"},\"primaryImageOfPage\":{\"@id\":\"https:\\\/\\\/lightweb.dev\\\/l\\\/svm-temp\\\/artiklar\\\/elva-heta-punkter-i-malagas-kulturliv\\\/#primaryimage\"},\"image\":{\"@id\":\"https:\\\/\\\/lightweb.dev\\\/l\\\/svm-temp\\\/artiklar\\\/elva-heta-punkter-i-malagas-kulturliv\\\/#primaryimage\"},\"thumbnailUrl\":\"https:\\\/\\\/lightweb.dev\\\/l\\\/svm-temp\\\/wp-content\\\/uploads\\\/2022\\\/04\\\/elva-heta-punkter-i-mlagas-kulturliv.png\",\"datePublished\":\"2011-10-10T22:00:00+00:00\",\"breadcrumb\":{\"@id\":\"https:\\\/\\\/lightweb.dev\\\/l\\\/svm-temp\\\/artiklar\\\/elva-heta-punkter-i-malagas-kulturliv\\\/#breadcrumb\"},\"inLanguage\":\"sv-SE\",\"potentialAction\":[{\"@type\":\"ReadAction\",\"target\":[\"https:\\\/\\\/lightweb.dev\\\/l\\\/svm-temp\\\/artiklar\\\/elva-heta-punkter-i-malagas-kulturliv\\\/\"]}]},{\"@type\":\"ImageObject\",\"inLanguage\":\"sv-SE\",\"@id\":\"https:\\\/\\\/lightweb.dev\\\/l\\\/svm-temp\\\/artiklar\\\/elva-heta-punkter-i-malagas-kulturliv\\\/#primaryimage\",\"url\":\"https:\\\/\\\/lightweb.dev\\\/l\\\/svm-temp\\\/wp-content\\\/uploads\\\/2022\\\/04\\\/elva-heta-punkter-i-mlagas-kulturliv.png\",\"contentUrl\":\"https:\\\/\\\/lightweb.dev\\\/l\\\/svm-temp\\\/wp-content\\\/uploads\\\/2022\\\/04\\\/elva-heta-punkter-i-mlagas-kulturliv.png\",\"width\":301,\"height\":200},{\"@type\":\"BreadcrumbList\",\"@id\":\"https:\\\/\\\/lightweb.dev\\\/l\\\/svm-temp\\\/artiklar\\\/elva-heta-punkter-i-malagas-kulturliv\\\/#breadcrumb\",\"itemListElement\":[{\"@type\":\"ListItem\",\"position\":1,\"name\":\"Hem\",\"item\":\"https:\\\/\\\/lightweb.dev\\\/l\\\/svm-temp\\\/\"},{\"@type\":\"ListItem\",\"position\":2,\"name\":\"Elva heta punkter i M\u00e1lagas kulturliv\"}]},{\"@type\":\"WebSite\",\"@id\":\"https:\\\/\\\/lightweb.dev\\\/l\\\/svm-temp\\\/#website\",\"url\":\"https:\\\/\\\/lightweb.dev\\\/l\\\/svm-temp\\\/\",\"name\":\"Svenska Magasinet\",\"description\":\"Dina Spanska nyheter p&aring; Svenska\",\"publisher\":{\"@id\":\"https:\\\/\\\/lightweb.dev\\\/l\\\/svm-temp\\\/#organization\"},\"potentialAction\":[{\"@type\":\"SearchAction\",\"target\":{\"@type\":\"EntryPoint\",\"urlTemplate\":\"https:\\\/\\\/lightweb.dev\\\/l\\\/svm-temp\\\/?s={search_term_string}\"},\"query-input\":{\"@type\":\"PropertyValueSpecification\",\"valueRequired\":true,\"valueName\":\"search_term_string\"}}],\"inLanguage\":\"sv-SE\"},{\"@type\":\"Organization\",\"@id\":\"https:\\\/\\\/lightweb.dev\\\/l\\\/svm-temp\\\/#organization\",\"name\":\"Melkerson y Nott SL\",\"alternateName\":\"Svenska Magasinet\",\"url\":\"https:\\\/\\\/lightweb.dev\\\/l\\\/svm-temp\\\/\",\"logo\":{\"@type\":\"ImageObject\",\"inLanguage\":\"sv-SE\",\"@id\":\"https:\\\/\\\/lightweb.dev\\\/l\\\/svm-temp\\\/#\\\/schema\\\/logo\\\/image\\\/\",\"url\":\"https:\\\/\\\/lightweb.dev\\\/l\\\/svm-temp\\\/wp-content\\\/uploads\\\/2025\\\/02\\\/SvM-logo-Xtra-Centrerad-SVART.png\",\"contentUrl\":\"https:\\\/\\\/lightweb.dev\\\/l\\\/svm-temp\\\/wp-content\\\/uploads\\\/2025\\\/02\\\/SvM-logo-Xtra-Centrerad-SVART.png\",\"width\":300,\"height\":99,\"caption\":\"Melkerson y Nott SL\"},\"image\":{\"@id\":\"https:\\\/\\\/lightweb.dev\\\/l\\\/svm-temp\\\/#\\\/schema\\\/logo\\\/image\\\/\"},\"sameAs\":[\"https:\\\/\\\/www.facebook.com\\\/svenskamagasinet\",\"https:\\\/\\\/x.com\\\/SvenskaMagasine\"]},{\"@type\":\"Person\",\"@id\":\"https:\\\/\\\/lightweb.dev\\\/l\\\/svm-temp\\\/#\\\/schema\\\/person\\\/206a3bda5b607b0c25e1749191e4d837\",\"name\":\"Redaktionen SvM\",\"description\":\"Redaktionen\",\"sameAs\":[\"https:\\\/\\\/lightweb.dev\\\/l\\\/svm-temp\"],\"url\":\"https:\\\/\\\/lightweb.dev\\\/l\\\/svm-temp\\\/reporter\\\/redaktionen\\\/\"}]}<\/script>\n<!-- \/ Yoast SEO Premium plugin. -->","yoast_head_json":{"title":"Elva heta punkter i M\u00e1lagas kulturliv - Svenska Magasinet","robots":{"index":"noindex","follow":"follow","max-snippet":"max-snippet:-1","max-image-preview":"max-image-preview:large","max-video-preview":"max-video-preview:-1"},"og_locale":"sv_SE","og_type":"article","og_title":"Elva heta punkter i M\u00e1lagas kulturliv","og_description":"1) Museo Automovil\u00edstico (Bilmuseum) Gamla tobaksfabriken Edificio Tabacalera, Avda Sor Teresa Prat, 15. Guidade turer p\u00e5 engelska och p\u00e5 spanska f\u00f6r m\u00e5nga utl\u00e4ndska spr\u00e5kstudenter. 35 procent av bes\u00f6karna under \u00e5rets f\u00f6rsta sex m\u00e5nader \u00e4r fr\u00e5n utlandet, varav m\u00e5nga finl\u00e4ndare 2) CAC M\u00e1laga C\/ Alemania Finns tryckt information p\u00e5 engelska. 43 procent utl\u00e4ndska bes\u00f6kare, fr\u00e4mst britter [&hellip;]","og_url":"https:\/\/lightweb.dev\/l\/svm-temp\/artiklar\/elva-heta-punkter-i-malagas-kulturliv\/","og_site_name":"Svenska Magasinet","article_publisher":"https:\/\/www.facebook.com\/svenskamagasinet","article_published_time":"2011-10-10T22:00:00+00:00","og_image":[{"width":301,"height":200,"url":"https:\/\/lightweb.dev\/l\/svm-temp\/wp-content\/uploads\/2022\/04\/elva-heta-punkter-i-mlagas-kulturliv.png","type":"image\/png"}],"author":"Redaktionen SvM","twitter_card":"summary_large_image","twitter_creator":"@SvenskaMagasine","twitter_site":"@SvenskaMagasine","schema":{"@context":"https:\/\/schema.org","@graph":[{"@type":"Article","@id":"https:\/\/lightweb.dev\/l\/svm-temp\/artiklar\/elva-heta-punkter-i-malagas-kulturliv\/#article","isPartOf":{"@id":"https:\/\/lightweb.dev\/l\/svm-temp\/artiklar\/elva-heta-punkter-i-malagas-kulturliv\/"},"author":{"name":"Redaktionen SvM","@id":"https:\/\/lightweb.dev\/l\/svm-temp\/#\/schema\/person\/206a3bda5b607b0c25e1749191e4d837"},"headline":"Elva heta punkter i M\u00e1lagas kulturliv","datePublished":"2011-10-10T22:00:00+00:00","mainEntityOfPage":{"@id":"https:\/\/lightweb.dev\/l\/svm-temp\/artiklar\/elva-heta-punkter-i-malagas-kulturliv\/"},"wordCount":415,"commentCount":0,"publisher":{"@id":"https:\/\/lightweb.dev\/l\/svm-temp\/#organization"},"image":{"@id":"https:\/\/lightweb.dev\/l\/svm-temp\/artiklar\/elva-heta-punkter-i-malagas-kulturliv\/#primaryimage"},"thumbnailUrl":"https:\/\/lightweb.dev\/l\/svm-temp\/wp-content\/uploads\/2022\/04\/elva-heta-punkter-i-mlagas-kulturliv.png","articleSection":["Artiklar","Kultur &amp; historia"],"inLanguage":"sv-SE"},{"@type":"WebPage","@id":"https:\/\/lightweb.dev\/l\/svm-temp\/artiklar\/elva-heta-punkter-i-malagas-kulturliv\/","url":"https:\/\/lightweb.dev\/l\/svm-temp\/artiklar\/elva-heta-punkter-i-malagas-kulturliv\/","name":"Elva heta punkter i M\u00e1lagas kulturliv - Svenska Magasinet","isPartOf":{"@id":"https:\/\/lightweb.dev\/l\/svm-temp\/#website"},"primaryImageOfPage":{"@id":"https:\/\/lightweb.dev\/l\/svm-temp\/artiklar\/elva-heta-punkter-i-malagas-kulturliv\/#primaryimage"},"image":{"@id":"https:\/\/lightweb.dev\/l\/svm-temp\/artiklar\/elva-heta-punkter-i-malagas-kulturliv\/#primaryimage"},"thumbnailUrl":"https:\/\/lightweb.dev\/l\/svm-temp\/wp-content\/uploads\/2022\/04\/elva-heta-punkter-i-mlagas-kulturliv.png","datePublished":"2011-10-10T22:00:00+00:00","breadcrumb":{"@id":"https:\/\/lightweb.dev\/l\/svm-temp\/artiklar\/elva-heta-punkter-i-malagas-kulturliv\/#breadcrumb"},"inLanguage":"sv-SE","potentialAction":[{"@type":"ReadAction","target":["https:\/\/lightweb.dev\/l\/svm-temp\/artiklar\/elva-heta-punkter-i-malagas-kulturliv\/"]}]},{"@type":"ImageObject","inLanguage":"sv-SE","@id":"https:\/\/lightweb.dev\/l\/svm-temp\/artiklar\/elva-heta-punkter-i-malagas-kulturliv\/#primaryimage","url":"https:\/\/lightweb.dev\/l\/svm-temp\/wp-content\/uploads\/2022\/04\/elva-heta-punkter-i-mlagas-kulturliv.png","contentUrl":"https:\/\/lightweb.dev\/l\/svm-temp\/wp-content\/uploads\/2022\/04\/elva-heta-punkter-i-mlagas-kulturliv.png","width":301,"height":200},{"@type":"BreadcrumbList","@id":"https:\/\/lightweb.dev\/l\/svm-temp\/artiklar\/elva-heta-punkter-i-malagas-kulturliv\/#breadcrumb","itemListElement":[{"@type":"ListItem","position":1,"name":"Hem","item":"https:\/\/lightweb.dev\/l\/svm-temp\/"},{"@type":"ListItem","position":2,"name":"Elva heta punkter i M\u00e1lagas kulturliv"}]},{"@type":"WebSite","@id":"https:\/\/lightweb.dev\/l\/svm-temp\/#website","url":"https:\/\/lightweb.dev\/l\/svm-temp\/","name":"Svenska Magasinet","description":"Dina Spanska nyheter p&aring; Svenska","publisher":{"@id":"https:\/\/lightweb.dev\/l\/svm-temp\/#organization"},"potentialAction":[{"@type":"SearchAction","target":{"@type":"EntryPoint","urlTemplate":"https:\/\/lightweb.dev\/l\/svm-temp\/?s={search_term_string}"},"query-input":{"@type":"PropertyValueSpecification","valueRequired":true,"valueName":"search_term_string"}}],"inLanguage":"sv-SE"},{"@type":"Organization","@id":"https:\/\/lightweb.dev\/l\/svm-temp\/#organization","name":"Melkerson y Nott SL","alternateName":"Svenska Magasinet","url":"https:\/\/lightweb.dev\/l\/svm-temp\/","logo":{"@type":"ImageObject","inLanguage":"sv-SE","@id":"https:\/\/lightweb.dev\/l\/svm-temp\/#\/schema\/logo\/image\/","url":"https:\/\/lightweb.dev\/l\/svm-temp\/wp-content\/uploads\/2025\/02\/SvM-logo-Xtra-Centrerad-SVART.png","contentUrl":"https:\/\/lightweb.dev\/l\/svm-temp\/wp-content\/uploads\/2025\/02\/SvM-logo-Xtra-Centrerad-SVART.png","width":300,"height":99,"caption":"Melkerson y Nott SL"},"image":{"@id":"https:\/\/lightweb.dev\/l\/svm-temp\/#\/schema\/logo\/image\/"},"sameAs":["https:\/\/www.facebook.com\/svenskamagasinet","https:\/\/x.com\/SvenskaMagasine"]},{"@type":"Person","@id":"https:\/\/lightweb.dev\/l\/svm-temp\/#\/schema\/person\/206a3bda5b607b0c25e1749191e4d837","name":"Redaktionen SvM","description":"Redaktionen","sameAs":["https:\/\/lightweb.dev\/l\/svm-temp"],"url":"https:\/\/lightweb.dev\/l\/svm-temp\/reporter\/redaktionen\/"}]}},"_links":{"self":[{"href":"https:\/\/lightweb.dev\/l\/svm-temp\/wp-json\/wp\/v2\/posts\/3242","targetHints":{"allow":["GET"]}}],"collection":[{"href":"https:\/\/lightweb.dev\/l\/svm-temp\/wp-json\/wp\/v2\/posts"}],"about":[{"href":"https:\/\/lightweb.dev\/l\/svm-temp\/wp-json\/wp\/v2\/types\/post"}],"author":[{"embeddable":true,"href":"https:\/\/lightweb.dev\/l\/svm-temp\/wp-json\/wp\/v2\/users\/8"}],"replies":[{"embeddable":true,"href":"https:\/\/lightweb.dev\/l\/svm-temp\/wp-json\/wp\/v2\/comments?post=3242"}],"version-history":[{"count":0,"href":"https:\/\/lightweb.dev\/l\/svm-temp\/wp-json\/wp\/v2\/posts\/3242\/revisions"}],"wp:featuredmedia":[{"embeddable":true,"href":"https:\/\/lightweb.dev\/l\/svm-temp\/wp-json\/wp\/v2\/media\/3243"}],"wp:attachment":[{"href":"https:\/\/lightweb.dev\/l\/svm-temp\/wp-json\/wp\/v2\/media?parent=3242"}],"wp:term":[{"taxonomy":"category","embeddable":true,"href":"https:\/\/lightweb.dev\/l\/svm-temp\/wp-json\/wp\/v2\/categories?post=3242"},{"taxonomy":"post_tag","embeddable":true,"href":"https:\/\/lightweb.dev\/l\/svm-temp\/wp-json\/wp\/v2\/tags?post=3242"}],"curies":[{"name":"wp","href":"https:\/\/api.w.org\/{rel}","templated":true}]}}