{"id":3244,"date":"2011-09-21T00:00:00","date_gmt":"2011-09-20T22:00:00","guid":{"rendered":"https:\/\/lightweb.dev\/l\/svm-temp\/christina-radics-blir-delagare-vid-nordic-dental-centre\/"},"modified":"2011-09-21T00:00:00","modified_gmt":"2011-09-20T22:00:00","slug":"christina-radics-blir-delagare-vid-nordic-dental-centre","status":"publish","type":"post","link":"https:\/\/lightweb.dev\/l\/svm-temp\/artiklar\/christina-radics-blir-delagare-vid-nordic-dental-centre\/","title":{"rendered":"Christina Radics blir del\u00e4gare vid Nordic Dental Centre"},"content":{"rendered":"<p> Christina Radics som har varit assistenttandl\u00e4kare sedan sex \u00e5r vid Nordic Dental Centre nu ocks\u00e5 \u00e4r del\u00e4gare i kliniken. Tandl\u00e4kare Peter Broberg och Christina har bildat det nya bolaget Nordic DentalCentre S.L.P. (Sociedad Limitada Profesional). Det skriver f\u00f6retaget i ett pressmeddelande.<br \/>\n\u201dChristina \u00e4r utbildad p\u00e5 Tandv\u00e5rdh\u00f6gskolan i Malm\u00f6 (Sverige) och \u00e4r omtyckt f\u00f6r sin bland annat \u201dfj\u00e4derl\u00e4tta hand\u201d och mjuka omh\u00e4ndertagande av v\u00e5ra patienter\u201d.<br \/>\n\u201dF\u00f6r att fira detta fina samarbete mellan kollegerna Peter och Christina vill vi erbjuda alla v\u00e5ra patienter (nya som \u201dgamla\u201d) tv\u00e5 blekningar f\u00f6r priset av en p\u00e5 fredagar tills \u00e5rets slut\u201d, skriver Nordic Dental Centre.<br \/>\nNordic Dental Centre<br \/>\nC\/ Alfonso XIII, 2<br \/>\nEdif. Virgen del Carmen, 2C<br \/>\n29640 Fuengirola, Espa\u00f1a<br \/>\n+34 952 66 53 06<br \/>\n+34 657 89 06 74 L\u00e4s mer h\u00e4r<\/p>\n","protected":false},"excerpt":{"rendered":"<p>Christina Radics som har varit assistenttandl\u00e4kare sedan sex \u00e5r vid Nordic Dental Centre nu ocks\u00e5 \u00e4r del\u00e4gare i kliniken. Tandl\u00e4kare Peter Broberg och Christina har bildat det nya bolaget Nordic DentalCentre S.L.P. (Sociedad Limitada Profesional). Det skriver f\u00f6retaget i ett pressmeddelande. \u201dChristina \u00e4r utbildad p\u00e5 Tandv\u00e5rdh\u00f6gskolan i Malm\u00f6 (Sverige) och \u00e4r omtyckt f\u00f6r sin bland [&hellip;]<\/p>\n","protected":false},"author":8,"featured_media":3245,"comment_status":"open","ping_status":"open","sticky":false,"template":"","format":"standard","meta":{"_et_pb_use_builder":"","_et_pb_old_content":"","_et_gb_content_width":"","footnotes":""},"categories":[396,4],"tags":[],"class_list":["post-3244","post","type-post","status-publish","format-standard","has-post-thumbnail","hentry","category-arkiv-artiklar","category-artiklar"],"yoast_head":"<!-- This site is optimized with the Yoast SEO Premium plugin v26.2 (Yoast SEO v28.2) - https:\/\/yoast.com\/product\/yoast-seo-premium-wordpress\/ -->\n<title>Christina Radics blir del\u00e4gare vid Nordic Dental Centre - Svenska Magasinet<\/title>\n<meta name=\"robots\" content=\"noindex, follow, max-snippet:-1, max-image-preview:large, max-video-preview:-1\" \/>\n<meta property=\"og:locale\" content=\"sv_SE\" \/>\n<meta property=\"og:type\" content=\"article\" \/>\n<meta property=\"og:title\" content=\"Christina Radics blir del\u00e4gare vid Nordic Dental Centre\" \/>\n<meta property=\"og:description\" content=\"Christina Radics som har varit assistenttandl\u00e4kare sedan sex \u00e5r vid Nordic Dental Centre nu ocks\u00e5 \u00e4r del\u00e4gare i kliniken. Tandl\u00e4kare Peter Broberg och Christina har bildat det nya bolaget Nordic DentalCentre S.L.P. (Sociedad Limitada Profesional). Det skriver f\u00f6retaget i ett pressmeddelande. \u201dChristina \u00e4r utbildad p\u00e5 Tandv\u00e5rdh\u00f6gskolan i Malm\u00f6 (Sverige) och \u00e4r omtyckt f\u00f6r sin bland [&hellip;]\" \/>\n<meta property=\"og:url\" content=\"https:\/\/lightweb.dev\/l\/svm-temp\/artiklar\/christina-radics-blir-delagare-vid-nordic-dental-centre\/\" \/>\n<meta property=\"og:site_name\" content=\"Svenska Magasinet\" \/>\n<meta property=\"article:publisher\" content=\"https:\/\/www.facebook.com\/svenskamagasinet\" \/>\n<meta property=\"article:published_time\" content=\"2011-09-20T22:00:00+00:00\" \/>\n<meta property=\"og:image\" content=\"https:\/\/lightweb.dev\/l\/svm-temp\/wp-content\/uploads\/2022\/04\/christina-radics-blir-delgare-vid-nordic-dental-centre.png\" \/>\n\t<meta property=\"og:image:width\" content=\"280\" \/>\n\t<meta property=\"og:image:height\" content=\"287\" \/>\n\t<meta property=\"og:image:type\" content=\"image\/png\" \/>\n<meta name=\"author\" content=\"Redaktionen SvM\" \/>\n<meta name=\"twitter:card\" content=\"summary_large_image\" \/>\n<meta name=\"twitter:creator\" content=\"@SvenskaMagasine\" \/>\n<meta name=\"twitter:site\" content=\"@SvenskaMagasine\" \/>\n<script type=\"application\/ld+json\" class=\"yoast-schema-graph\">{\"@context\":\"https:\\\/\\\/schema.org\",\"@graph\":[{\"@type\":\"Article\",\"@id\":\"https:\\\/\\\/lightweb.dev\\\/l\\\/svm-temp\\\/artiklar\\\/christina-radics-blir-delagare-vid-nordic-dental-centre\\\/#article\",\"isPartOf\":{\"@id\":\"https:\\\/\\\/lightweb.dev\\\/l\\\/svm-temp\\\/artiklar\\\/christina-radics-blir-delagare-vid-nordic-dental-centre\\\/\"},\"author\":{\"name\":\"Redaktionen SvM\",\"@id\":\"https:\\\/\\\/lightweb.dev\\\/l\\\/svm-temp\\\/#\\\/schema\\\/person\\\/206a3bda5b607b0c25e1749191e4d837\"},\"headline\":\"Christina Radics blir del\u00e4gare vid Nordic Dental Centre\",\"datePublished\":\"2011-09-20T22:00:00+00:00\",\"mainEntityOfPage\":{\"@id\":\"https:\\\/\\\/lightweb.dev\\\/l\\\/svm-temp\\\/artiklar\\\/christina-radics-blir-delagare-vid-nordic-dental-centre\\\/\"},\"wordCount\":143,\"commentCount\":0,\"publisher\":{\"@id\":\"https:\\\/\\\/lightweb.dev\\\/l\\\/svm-temp\\\/#organization\"},\"image\":{\"@id\":\"https:\\\/\\\/lightweb.dev\\\/l\\\/svm-temp\\\/artiklar\\\/christina-radics-blir-delagare-vid-nordic-dental-centre\\\/#primaryimage\"},\"thumbnailUrl\":\"https:\\\/\\\/lightweb.dev\\\/l\\\/svm-temp\\\/wp-content\\\/uploads\\\/2022\\\/04\\\/christina-radics-blir-delgare-vid-nordic-dental-centre.png\",\"articleSection\":[\"Arkiv\",\"Artiklar\"],\"inLanguage\":\"sv-SE\"},{\"@type\":\"WebPage\",\"@id\":\"https:\\\/\\\/lightweb.dev\\\/l\\\/svm-temp\\\/artiklar\\\/christina-radics-blir-delagare-vid-nordic-dental-centre\\\/\",\"url\":\"https:\\\/\\\/lightweb.dev\\\/l\\\/svm-temp\\\/artiklar\\\/christina-radics-blir-delagare-vid-nordic-dental-centre\\\/\",\"name\":\"Christina Radics blir del\u00e4gare vid Nordic Dental Centre - Svenska Magasinet\",\"isPartOf\":{\"@id\":\"https:\\\/\\\/lightweb.dev\\\/l\\\/svm-temp\\\/#website\"},\"primaryImageOfPage\":{\"@id\":\"https:\\\/\\\/lightweb.dev\\\/l\\\/svm-temp\\\/artiklar\\\/christina-radics-blir-delagare-vid-nordic-dental-centre\\\/#primaryimage\"},\"image\":{\"@id\":\"https:\\\/\\\/lightweb.dev\\\/l\\\/svm-temp\\\/artiklar\\\/christina-radics-blir-delagare-vid-nordic-dental-centre\\\/#primaryimage\"},\"thumbnailUrl\":\"https:\\\/\\\/lightweb.dev\\\/l\\\/svm-temp\\\/wp-content\\\/uploads\\\/2022\\\/04\\\/christina-radics-blir-delgare-vid-nordic-dental-centre.png\",\"datePublished\":\"2011-09-20T22:00:00+00:00\",\"breadcrumb\":{\"@id\":\"https:\\\/\\\/lightweb.dev\\\/l\\\/svm-temp\\\/artiklar\\\/christina-radics-blir-delagare-vid-nordic-dental-centre\\\/#breadcrumb\"},\"inLanguage\":\"sv-SE\",\"potentialAction\":[{\"@type\":\"ReadAction\",\"target\":[\"https:\\\/\\\/lightweb.dev\\\/l\\\/svm-temp\\\/artiklar\\\/christina-radics-blir-delagare-vid-nordic-dental-centre\\\/\"]}]},{\"@type\":\"ImageObject\",\"inLanguage\":\"sv-SE\",\"@id\":\"https:\\\/\\\/lightweb.dev\\\/l\\\/svm-temp\\\/artiklar\\\/christina-radics-blir-delagare-vid-nordic-dental-centre\\\/#primaryimage\",\"url\":\"https:\\\/\\\/lightweb.dev\\\/l\\\/svm-temp\\\/wp-content\\\/uploads\\\/2022\\\/04\\\/christina-radics-blir-delgare-vid-nordic-dental-centre.png\",\"contentUrl\":\"https:\\\/\\\/lightweb.dev\\\/l\\\/svm-temp\\\/wp-content\\\/uploads\\\/2022\\\/04\\\/christina-radics-blir-delgare-vid-nordic-dental-centre.png\",\"width\":280,\"height\":287},{\"@type\":\"BreadcrumbList\",\"@id\":\"https:\\\/\\\/lightweb.dev\\\/l\\\/svm-temp\\\/artiklar\\\/christina-radics-blir-delagare-vid-nordic-dental-centre\\\/#breadcrumb\",\"itemListElement\":[{\"@type\":\"ListItem\",\"position\":1,\"name\":\"Hem\",\"item\":\"https:\\\/\\\/lightweb.dev\\\/l\\\/svm-temp\\\/\"},{\"@type\":\"ListItem\",\"position\":2,\"name\":\"Christina Radics blir del\u00e4gare vid Nordic Dental Centre\"}]},{\"@type\":\"WebSite\",\"@id\":\"https:\\\/\\\/lightweb.dev\\\/l\\\/svm-temp\\\/#website\",\"url\":\"https:\\\/\\\/lightweb.dev\\\/l\\\/svm-temp\\\/\",\"name\":\"Svenska Magasinet\",\"description\":\"Dina Spanska nyheter p&aring; Svenska\",\"publisher\":{\"@id\":\"https:\\\/\\\/lightweb.dev\\\/l\\\/svm-temp\\\/#organization\"},\"potentialAction\":[{\"@type\":\"SearchAction\",\"target\":{\"@type\":\"EntryPoint\",\"urlTemplate\":\"https:\\\/\\\/lightweb.dev\\\/l\\\/svm-temp\\\/?s={search_term_string}\"},\"query-input\":{\"@type\":\"PropertyValueSpecification\",\"valueRequired\":true,\"valueName\":\"search_term_string\"}}],\"inLanguage\":\"sv-SE\"},{\"@type\":\"Organization\",\"@id\":\"https:\\\/\\\/lightweb.dev\\\/l\\\/svm-temp\\\/#organization\",\"name\":\"Melkerson y Nott SL\",\"alternateName\":\"Svenska Magasinet\",\"url\":\"https:\\\/\\\/lightweb.dev\\\/l\\\/svm-temp\\\/\",\"logo\":{\"@type\":\"ImageObject\",\"inLanguage\":\"sv-SE\",\"@id\":\"https:\\\/\\\/lightweb.dev\\\/l\\\/svm-temp\\\/#\\\/schema\\\/logo\\\/image\\\/\",\"url\":\"https:\\\/\\\/lightweb.dev\\\/l\\\/svm-temp\\\/wp-content\\\/uploads\\\/2025\\\/02\\\/SvM-logo-Xtra-Centrerad-SVART.png\",\"contentUrl\":\"https:\\\/\\\/lightweb.dev\\\/l\\\/svm-temp\\\/wp-content\\\/uploads\\\/2025\\\/02\\\/SvM-logo-Xtra-Centrerad-SVART.png\",\"width\":300,\"height\":99,\"caption\":\"Melkerson y Nott SL\"},\"image\":{\"@id\":\"https:\\\/\\\/lightweb.dev\\\/l\\\/svm-temp\\\/#\\\/schema\\\/logo\\\/image\\\/\"},\"sameAs\":[\"https:\\\/\\\/www.facebook.com\\\/svenskamagasinet\",\"https:\\\/\\\/x.com\\\/SvenskaMagasine\"]},{\"@type\":\"Person\",\"@id\":\"https:\\\/\\\/lightweb.dev\\\/l\\\/svm-temp\\\/#\\\/schema\\\/person\\\/206a3bda5b607b0c25e1749191e4d837\",\"name\":\"Redaktionen SvM\",\"description\":\"Redaktionen\",\"sameAs\":[\"https:\\\/\\\/lightweb.dev\\\/l\\\/svm-temp\"],\"url\":\"https:\\\/\\\/lightweb.dev\\\/l\\\/svm-temp\\\/reporter\\\/redaktionen\\\/\"}]}<\/script>\n<!-- \/ Yoast SEO Premium plugin. -->","yoast_head_json":{"title":"Christina Radics blir del\u00e4gare vid Nordic Dental Centre - Svenska Magasinet","robots":{"index":"noindex","follow":"follow","max-snippet":"max-snippet:-1","max-image-preview":"max-image-preview:large","max-video-preview":"max-video-preview:-1"},"og_locale":"sv_SE","og_type":"article","og_title":"Christina Radics blir del\u00e4gare vid Nordic Dental Centre","og_description":"Christina Radics som har varit assistenttandl\u00e4kare sedan sex \u00e5r vid Nordic Dental Centre nu ocks\u00e5 \u00e4r del\u00e4gare i kliniken. Tandl\u00e4kare Peter Broberg och Christina har bildat det nya bolaget Nordic DentalCentre S.L.P. (Sociedad Limitada Profesional). Det skriver f\u00f6retaget i ett pressmeddelande. \u201dChristina \u00e4r utbildad p\u00e5 Tandv\u00e5rdh\u00f6gskolan i Malm\u00f6 (Sverige) och \u00e4r omtyckt f\u00f6r sin bland [&hellip;]","og_url":"https:\/\/lightweb.dev\/l\/svm-temp\/artiklar\/christina-radics-blir-delagare-vid-nordic-dental-centre\/","og_site_name":"Svenska Magasinet","article_publisher":"https:\/\/www.facebook.com\/svenskamagasinet","article_published_time":"2011-09-20T22:00:00+00:00","og_image":[{"width":280,"height":287,"url":"https:\/\/lightweb.dev\/l\/svm-temp\/wp-content\/uploads\/2022\/04\/christina-radics-blir-delgare-vid-nordic-dental-centre.png","type":"image\/png"}],"author":"Redaktionen SvM","twitter_card":"summary_large_image","twitter_creator":"@SvenskaMagasine","twitter_site":"@SvenskaMagasine","schema":{"@context":"https:\/\/schema.org","@graph":[{"@type":"Article","@id":"https:\/\/lightweb.dev\/l\/svm-temp\/artiklar\/christina-radics-blir-delagare-vid-nordic-dental-centre\/#article","isPartOf":{"@id":"https:\/\/lightweb.dev\/l\/svm-temp\/artiklar\/christina-radics-blir-delagare-vid-nordic-dental-centre\/"},"author":{"name":"Redaktionen SvM","@id":"https:\/\/lightweb.dev\/l\/svm-temp\/#\/schema\/person\/206a3bda5b607b0c25e1749191e4d837"},"headline":"Christina Radics blir del\u00e4gare vid Nordic Dental Centre","datePublished":"2011-09-20T22:00:00+00:00","mainEntityOfPage":{"@id":"https:\/\/lightweb.dev\/l\/svm-temp\/artiklar\/christina-radics-blir-delagare-vid-nordic-dental-centre\/"},"wordCount":143,"commentCount":0,"publisher":{"@id":"https:\/\/lightweb.dev\/l\/svm-temp\/#organization"},"image":{"@id":"https:\/\/lightweb.dev\/l\/svm-temp\/artiklar\/christina-radics-blir-delagare-vid-nordic-dental-centre\/#primaryimage"},"thumbnailUrl":"https:\/\/lightweb.dev\/l\/svm-temp\/wp-content\/uploads\/2022\/04\/christina-radics-blir-delgare-vid-nordic-dental-centre.png","articleSection":["Arkiv","Artiklar"],"inLanguage":"sv-SE"},{"@type":"WebPage","@id":"https:\/\/lightweb.dev\/l\/svm-temp\/artiklar\/christina-radics-blir-delagare-vid-nordic-dental-centre\/","url":"https:\/\/lightweb.dev\/l\/svm-temp\/artiklar\/christina-radics-blir-delagare-vid-nordic-dental-centre\/","name":"Christina Radics blir del\u00e4gare vid Nordic Dental Centre - Svenska Magasinet","isPartOf":{"@id":"https:\/\/lightweb.dev\/l\/svm-temp\/#website"},"primaryImageOfPage":{"@id":"https:\/\/lightweb.dev\/l\/svm-temp\/artiklar\/christina-radics-blir-delagare-vid-nordic-dental-centre\/#primaryimage"},"image":{"@id":"https:\/\/lightweb.dev\/l\/svm-temp\/artiklar\/christina-radics-blir-delagare-vid-nordic-dental-centre\/#primaryimage"},"thumbnailUrl":"https:\/\/lightweb.dev\/l\/svm-temp\/wp-content\/uploads\/2022\/04\/christina-radics-blir-delgare-vid-nordic-dental-centre.png","datePublished":"2011-09-20T22:00:00+00:00","breadcrumb":{"@id":"https:\/\/lightweb.dev\/l\/svm-temp\/artiklar\/christina-radics-blir-delagare-vid-nordic-dental-centre\/#breadcrumb"},"inLanguage":"sv-SE","potentialAction":[{"@type":"ReadAction","target":["https:\/\/lightweb.dev\/l\/svm-temp\/artiklar\/christina-radics-blir-delagare-vid-nordic-dental-centre\/"]}]},{"@type":"ImageObject","inLanguage":"sv-SE","@id":"https:\/\/lightweb.dev\/l\/svm-temp\/artiklar\/christina-radics-blir-delagare-vid-nordic-dental-centre\/#primaryimage","url":"https:\/\/lightweb.dev\/l\/svm-temp\/wp-content\/uploads\/2022\/04\/christina-radics-blir-delgare-vid-nordic-dental-centre.png","contentUrl":"https:\/\/lightweb.dev\/l\/svm-temp\/wp-content\/uploads\/2022\/04\/christina-radics-blir-delgare-vid-nordic-dental-centre.png","width":280,"height":287},{"@type":"BreadcrumbList","@id":"https:\/\/lightweb.dev\/l\/svm-temp\/artiklar\/christina-radics-blir-delagare-vid-nordic-dental-centre\/#breadcrumb","itemListElement":[{"@type":"ListItem","position":1,"name":"Hem","item":"https:\/\/lightweb.dev\/l\/svm-temp\/"},{"@type":"ListItem","position":2,"name":"Christina Radics blir del\u00e4gare vid Nordic Dental Centre"}]},{"@type":"WebSite","@id":"https:\/\/lightweb.dev\/l\/svm-temp\/#website","url":"https:\/\/lightweb.dev\/l\/svm-temp\/","name":"Svenska Magasinet","description":"Dina Spanska nyheter p&aring; Svenska","publisher":{"@id":"https:\/\/lightweb.dev\/l\/svm-temp\/#organization"},"potentialAction":[{"@type":"SearchAction","target":{"@type":"EntryPoint","urlTemplate":"https:\/\/lightweb.dev\/l\/svm-temp\/?s={search_term_string}"},"query-input":{"@type":"PropertyValueSpecification","valueRequired":true,"valueName":"search_term_string"}}],"inLanguage":"sv-SE"},{"@type":"Organization","@id":"https:\/\/lightweb.dev\/l\/svm-temp\/#organization","name":"Melkerson y Nott SL","alternateName":"Svenska Magasinet","url":"https:\/\/lightweb.dev\/l\/svm-temp\/","logo":{"@type":"ImageObject","inLanguage":"sv-SE","@id":"https:\/\/lightweb.dev\/l\/svm-temp\/#\/schema\/logo\/image\/","url":"https:\/\/lightweb.dev\/l\/svm-temp\/wp-content\/uploads\/2025\/02\/SvM-logo-Xtra-Centrerad-SVART.png","contentUrl":"https:\/\/lightweb.dev\/l\/svm-temp\/wp-content\/uploads\/2025\/02\/SvM-logo-Xtra-Centrerad-SVART.png","width":300,"height":99,"caption":"Melkerson y Nott SL"},"image":{"@id":"https:\/\/lightweb.dev\/l\/svm-temp\/#\/schema\/logo\/image\/"},"sameAs":["https:\/\/www.facebook.com\/svenskamagasinet","https:\/\/x.com\/SvenskaMagasine"]},{"@type":"Person","@id":"https:\/\/lightweb.dev\/l\/svm-temp\/#\/schema\/person\/206a3bda5b607b0c25e1749191e4d837","name":"Redaktionen SvM","description":"Redaktionen","sameAs":["https:\/\/lightweb.dev\/l\/svm-temp"],"url":"https:\/\/lightweb.dev\/l\/svm-temp\/reporter\/redaktionen\/"}]}},"_links":{"self":[{"href":"https:\/\/lightweb.dev\/l\/svm-temp\/wp-json\/wp\/v2\/posts\/3244","targetHints":{"allow":["GET"]}}],"collection":[{"href":"https:\/\/lightweb.dev\/l\/svm-temp\/wp-json\/wp\/v2\/posts"}],"about":[{"href":"https:\/\/lightweb.dev\/l\/svm-temp\/wp-json\/wp\/v2\/types\/post"}],"author":[{"embeddable":true,"href":"https:\/\/lightweb.dev\/l\/svm-temp\/wp-json\/wp\/v2\/users\/8"}],"replies":[{"embeddable":true,"href":"https:\/\/lightweb.dev\/l\/svm-temp\/wp-json\/wp\/v2\/comments?post=3244"}],"version-history":[{"count":0,"href":"https:\/\/lightweb.dev\/l\/svm-temp\/wp-json\/wp\/v2\/posts\/3244\/revisions"}],"wp:featuredmedia":[{"embeddable":true,"href":"https:\/\/lightweb.dev\/l\/svm-temp\/wp-json\/wp\/v2\/media\/3245"}],"wp:attachment":[{"href":"https:\/\/lightweb.dev\/l\/svm-temp\/wp-json\/wp\/v2\/media?parent=3244"}],"wp:term":[{"taxonomy":"category","embeddable":true,"href":"https:\/\/lightweb.dev\/l\/svm-temp\/wp-json\/wp\/v2\/categories?post=3244"},{"taxonomy":"post_tag","embeddable":true,"href":"https:\/\/lightweb.dev\/l\/svm-temp\/wp-json\/wp\/v2\/tags?post=3244"}],"curies":[{"name":"wp","href":"https:\/\/api.w.org\/{rel}","templated":true}]}}