{"id":3246,"date":"2011-09-16T00:00:00","date_gmt":"2011-09-15T22:00:00","guid":{"rendered":"https:\/\/lightweb.dev\/l\/svm-temp\/datordoktorn-hittar-du-i-fuengirola\/"},"modified":"2011-09-16T00:00:00","modified_gmt":"2011-09-15T22:00:00","slug":"datordoktorn-hittar-du-i-fuengirola","status":"publish","type":"post","link":"https:\/\/lightweb.dev\/l\/svm-temp\/artiklar\/datordoktorn-hittar-du-i-fuengirola\/","title":{"rendered":"Datordoktorn hittar du i Fuengirola"},"content":{"rendered":"<p> Det har g\u00e5tt 12,5 \u00e5r sedan G\u00f6teborgaren Peter Alm slog upp d\u00f6rrarna till datorbutiken Daytona Computer i centrala Fuengirola. I st\u00e4llet f\u00f6r att ta ett jobb i Stockholm valde Peter att flytta till den spanska Solkusten -Jag blev erbjuden ett jobb i Stockholm men det var om\u00f6jligt att hitta en l\u00e4genhet. Betydligt enklare p\u00e5 Solkusten, s\u00e4ger Peter Alm med 20 \u00e5r i ITbranschen.<br \/>\nPeter hamnade f\u00f6rst i Nerja innan det blev Fuengirola. Han kollade runt bland datorbutiker om n\u00e5gon kunde engelska och uppt\u00e4ckte att spr\u00e5kkunskaperna var d\u00e5liga. \u201dPratar n\u00e5gon engelska h\u00e4r\u201d, fr\u00e5gade Peter och fick till svar: \u201dKom tillbaka om n\u00e5gon timme, d\u00e5 \u00e4r han tillbaka som pratar engelska\u201d.<br \/>\nDet blev en datorbutik i Fuengirola, till gl\u00e4dje f\u00f6r framf\u00f6r allt nordbor och britter. Nu \u00e4r 75 procent av kunderna ickespanjorer. Spanskan fick han n\u00e4stan p\u00e5 k\u00f6pet. Peter gifte sig med sin spanskl\u00e4rare 2003\u2026<\/p>\n<p>M\u00e5nga som kommer till Daytona Computer vill ha sin dator lagad.<br \/>\n-Vi g\u00f6r en utv\u00e4rdering om exempelvis h\u00e5rdvaran eller mjukvaran beh\u00f6ver fixas. \u00c4r det till exempel moderkortet i en b\u00e4rbar som \u00e4r trasigt, \u00e4r det oftast inte v\u00e4rt att ers\u00e4tta. Blir det ny dator hj\u00e4lper vi till att flytta \u00f6ver materialet till den nya.<br \/>\n-Utvecklingen p\u00e5 datoromr\u00e5det \u00e4r otrolig. Det g\u00e4ller att l\u00e4sa och f\u00f6lja med. Som ett litet f\u00f6retag hinner man ju inte resa p\u00e5 m\u00e4ssor, det g\u00e4ller att f\u00f6lja med p\u00e5 annat s\u00e4tt.<br \/>\n80 procent av det som s\u00e4ljs idag \u00e4r b\u00e4rbara datorer.<br \/>\n-Anv\u00e4ndarna vill kunna ta med sig datorn och bli mobila p\u00e5 ett s\u00e4tt som inte gjordes f\u00f6r 10 \u00e5r sedan.<br \/>\n-De flesta b\u00e4rbara datorer som Peter s\u00e4ljer \u00e4r spanska maskiner som spr\u00e5kkonverteras. Vi har s\u00e5lt tusentals p\u00e5 det s\u00e4ttet. Men vi utesluter inte m\u00f6jligheten att special best\u00e4lla en helskandinavisk dator \u00e4ven om den inte \u00e4r vanlig.<br \/>\nN\u00e5gra nyheter inf\u00f6r h\u00f6sten?<br \/>\n-Det som kommer \u00e4r surfplattorna med Android systemet vilket \u00e4r hett just nu. Det kommer inte att ta \u00f6ver datorn roll utan mer fungera som ett tillbeh\u00f6r. F\u00f6rs\u00e4ljningen p\u00e5 dessa har inte b\u00f6rjat ta fart \u00e4nnu, men jag tror att det kommer fram\u00f6ver.<br \/>\n-D\u00e4remot har vi b\u00f6rjat med mobiltelefoni\/mobilt internet tillsammans med norsk\u00e4gda M\u00e1s Movil som har mycket f\u00f6rdelaktiga priser, s\u00e4ger Peter Alm avslutningsvis.<br \/>\nDaytona Computer hittar du p\u00e5:<br \/>\nC\/ Martinez Catena 1, Edif. SolPlaya 6, local 27, 29640 Fuengirola<br \/>\n\u00d6ppettider: M\u00e5ndag \u2013 Fredag: 10-14 \/ 17-20 och L\u00f6rdagar 11-14.<br \/>\nTlf: 952 667 395 L\u00e4s mer h\u00e4r<\/p>\n","protected":false},"excerpt":{"rendered":"<p>Det har g\u00e5tt 12,5 \u00e5r sedan G\u00f6teborgaren Peter Alm slog upp d\u00f6rrarna till datorbutiken Daytona Computer i centrala Fuengirola. I st\u00e4llet f\u00f6r att ta ett jobb i Stockholm valde Peter att flytta till den spanska Solkusten -Jag blev erbjuden ett jobb i Stockholm men det var om\u00f6jligt att hitta en l\u00e4genhet. Betydligt enklare p\u00e5 Solkusten, [&hellip;]<\/p>\n","protected":false},"author":8,"featured_media":3247,"comment_status":"open","ping_status":"open","sticky":false,"template":"","format":"standard","meta":{"_et_pb_use_builder":"","_et_pb_old_content":"","_et_gb_content_width":"","footnotes":""},"categories":[396,4],"tags":[],"class_list":["post-3246","post","type-post","status-publish","format-standard","has-post-thumbnail","hentry","category-arkiv-artiklar","category-artiklar"],"yoast_head":"<!-- This site is optimized with the Yoast SEO Premium plugin v26.2 (Yoast SEO v28.2) - https:\/\/yoast.com\/product\/yoast-seo-premium-wordpress\/ -->\n<title>Datordoktorn hittar du i Fuengirola - Svenska Magasinet<\/title>\n<meta name=\"robots\" content=\"noindex, follow, max-snippet:-1, max-image-preview:large, max-video-preview:-1\" \/>\n<meta property=\"og:locale\" content=\"sv_SE\" \/>\n<meta property=\"og:type\" content=\"article\" \/>\n<meta property=\"og:title\" content=\"Datordoktorn hittar du i Fuengirola\" \/>\n<meta property=\"og:description\" content=\"Det har g\u00e5tt 12,5 \u00e5r sedan G\u00f6teborgaren Peter Alm slog upp d\u00f6rrarna till datorbutiken Daytona Computer i centrala Fuengirola. I st\u00e4llet f\u00f6r att ta ett jobb i Stockholm valde Peter att flytta till den spanska Solkusten -Jag blev erbjuden ett jobb i Stockholm men det var om\u00f6jligt att hitta en l\u00e4genhet. Betydligt enklare p\u00e5 Solkusten, [&hellip;]\" \/>\n<meta property=\"og:url\" content=\"https:\/\/lightweb.dev\/l\/svm-temp\/artiklar\/datordoktorn-hittar-du-i-fuengirola\/\" \/>\n<meta property=\"og:site_name\" content=\"Svenska Magasinet\" \/>\n<meta property=\"article:publisher\" content=\"https:\/\/www.facebook.com\/svenskamagasinet\" \/>\n<meta property=\"article:published_time\" content=\"2011-09-15T22:00:00+00:00\" \/>\n<meta property=\"og:image\" content=\"https:\/\/lightweb.dev\/l\/svm-temp\/wp-content\/uploads\/2022\/04\/datordoktorn-hittar-du-i-fuengirola.png\" \/>\n\t<meta property=\"og:image:width\" content=\"280\" \/>\n\t<meta property=\"og:image:height\" content=\"210\" \/>\n\t<meta property=\"og:image:type\" content=\"image\/png\" \/>\n<meta name=\"author\" content=\"Redaktionen SvM\" \/>\n<meta name=\"twitter:card\" content=\"summary_large_image\" \/>\n<meta name=\"twitter:creator\" content=\"@SvenskaMagasine\" \/>\n<meta name=\"twitter:site\" content=\"@SvenskaMagasine\" \/>\n<script type=\"application\/ld+json\" class=\"yoast-schema-graph\">{\"@context\":\"https:\\\/\\\/schema.org\",\"@graph\":[{\"@type\":\"Article\",\"@id\":\"https:\\\/\\\/lightweb.dev\\\/l\\\/svm-temp\\\/artiklar\\\/datordoktorn-hittar-du-i-fuengirola\\\/#article\",\"isPartOf\":{\"@id\":\"https:\\\/\\\/lightweb.dev\\\/l\\\/svm-temp\\\/artiklar\\\/datordoktorn-hittar-du-i-fuengirola\\\/\"},\"author\":{\"name\":\"Redaktionen SvM\",\"@id\":\"https:\\\/\\\/lightweb.dev\\\/l\\\/svm-temp\\\/#\\\/schema\\\/person\\\/206a3bda5b607b0c25e1749191e4d837\"},\"headline\":\"Datordoktorn hittar du i Fuengirola\",\"datePublished\":\"2011-09-15T22:00:00+00:00\",\"mainEntityOfPage\":{\"@id\":\"https:\\\/\\\/lightweb.dev\\\/l\\\/svm-temp\\\/artiklar\\\/datordoktorn-hittar-du-i-fuengirola\\\/\"},\"wordCount\":457,\"commentCount\":0,\"publisher\":{\"@id\":\"https:\\\/\\\/lightweb.dev\\\/l\\\/svm-temp\\\/#organization\"},\"image\":{\"@id\":\"https:\\\/\\\/lightweb.dev\\\/l\\\/svm-temp\\\/artiklar\\\/datordoktorn-hittar-du-i-fuengirola\\\/#primaryimage\"},\"thumbnailUrl\":\"https:\\\/\\\/lightweb.dev\\\/l\\\/svm-temp\\\/wp-content\\\/uploads\\\/2022\\\/04\\\/datordoktorn-hittar-du-i-fuengirola.png\",\"articleSection\":[\"Arkiv\",\"Artiklar\"],\"inLanguage\":\"sv-SE\"},{\"@type\":\"WebPage\",\"@id\":\"https:\\\/\\\/lightweb.dev\\\/l\\\/svm-temp\\\/artiklar\\\/datordoktorn-hittar-du-i-fuengirola\\\/\",\"url\":\"https:\\\/\\\/lightweb.dev\\\/l\\\/svm-temp\\\/artiklar\\\/datordoktorn-hittar-du-i-fuengirola\\\/\",\"name\":\"Datordoktorn hittar du i Fuengirola - Svenska Magasinet\",\"isPartOf\":{\"@id\":\"https:\\\/\\\/lightweb.dev\\\/l\\\/svm-temp\\\/#website\"},\"primaryImageOfPage\":{\"@id\":\"https:\\\/\\\/lightweb.dev\\\/l\\\/svm-temp\\\/artiklar\\\/datordoktorn-hittar-du-i-fuengirola\\\/#primaryimage\"},\"image\":{\"@id\":\"https:\\\/\\\/lightweb.dev\\\/l\\\/svm-temp\\\/artiklar\\\/datordoktorn-hittar-du-i-fuengirola\\\/#primaryimage\"},\"thumbnailUrl\":\"https:\\\/\\\/lightweb.dev\\\/l\\\/svm-temp\\\/wp-content\\\/uploads\\\/2022\\\/04\\\/datordoktorn-hittar-du-i-fuengirola.png\",\"datePublished\":\"2011-09-15T22:00:00+00:00\",\"breadcrumb\":{\"@id\":\"https:\\\/\\\/lightweb.dev\\\/l\\\/svm-temp\\\/artiklar\\\/datordoktorn-hittar-du-i-fuengirola\\\/#breadcrumb\"},\"inLanguage\":\"sv-SE\",\"potentialAction\":[{\"@type\":\"ReadAction\",\"target\":[\"https:\\\/\\\/lightweb.dev\\\/l\\\/svm-temp\\\/artiklar\\\/datordoktorn-hittar-du-i-fuengirola\\\/\"]}]},{\"@type\":\"ImageObject\",\"inLanguage\":\"sv-SE\",\"@id\":\"https:\\\/\\\/lightweb.dev\\\/l\\\/svm-temp\\\/artiklar\\\/datordoktorn-hittar-du-i-fuengirola\\\/#primaryimage\",\"url\":\"https:\\\/\\\/lightweb.dev\\\/l\\\/svm-temp\\\/wp-content\\\/uploads\\\/2022\\\/04\\\/datordoktorn-hittar-du-i-fuengirola.png\",\"contentUrl\":\"https:\\\/\\\/lightweb.dev\\\/l\\\/svm-temp\\\/wp-content\\\/uploads\\\/2022\\\/04\\\/datordoktorn-hittar-du-i-fuengirola.png\",\"width\":280,\"height\":210},{\"@type\":\"BreadcrumbList\",\"@id\":\"https:\\\/\\\/lightweb.dev\\\/l\\\/svm-temp\\\/artiklar\\\/datordoktorn-hittar-du-i-fuengirola\\\/#breadcrumb\",\"itemListElement\":[{\"@type\":\"ListItem\",\"position\":1,\"name\":\"Hem\",\"item\":\"https:\\\/\\\/lightweb.dev\\\/l\\\/svm-temp\\\/\"},{\"@type\":\"ListItem\",\"position\":2,\"name\":\"Datordoktorn hittar du i Fuengirola\"}]},{\"@type\":\"WebSite\",\"@id\":\"https:\\\/\\\/lightweb.dev\\\/l\\\/svm-temp\\\/#website\",\"url\":\"https:\\\/\\\/lightweb.dev\\\/l\\\/svm-temp\\\/\",\"name\":\"Svenska Magasinet\",\"description\":\"Dina Spanska nyheter p&aring; Svenska\",\"publisher\":{\"@id\":\"https:\\\/\\\/lightweb.dev\\\/l\\\/svm-temp\\\/#organization\"},\"potentialAction\":[{\"@type\":\"SearchAction\",\"target\":{\"@type\":\"EntryPoint\",\"urlTemplate\":\"https:\\\/\\\/lightweb.dev\\\/l\\\/svm-temp\\\/?s={search_term_string}\"},\"query-input\":{\"@type\":\"PropertyValueSpecification\",\"valueRequired\":true,\"valueName\":\"search_term_string\"}}],\"inLanguage\":\"sv-SE\"},{\"@type\":\"Organization\",\"@id\":\"https:\\\/\\\/lightweb.dev\\\/l\\\/svm-temp\\\/#organization\",\"name\":\"Melkerson y Nott SL\",\"alternateName\":\"Svenska Magasinet\",\"url\":\"https:\\\/\\\/lightweb.dev\\\/l\\\/svm-temp\\\/\",\"logo\":{\"@type\":\"ImageObject\",\"inLanguage\":\"sv-SE\",\"@id\":\"https:\\\/\\\/lightweb.dev\\\/l\\\/svm-temp\\\/#\\\/schema\\\/logo\\\/image\\\/\",\"url\":\"https:\\\/\\\/lightweb.dev\\\/l\\\/svm-temp\\\/wp-content\\\/uploads\\\/2025\\\/02\\\/SvM-logo-Xtra-Centrerad-SVART.png\",\"contentUrl\":\"https:\\\/\\\/lightweb.dev\\\/l\\\/svm-temp\\\/wp-content\\\/uploads\\\/2025\\\/02\\\/SvM-logo-Xtra-Centrerad-SVART.png\",\"width\":300,\"height\":99,\"caption\":\"Melkerson y Nott SL\"},\"image\":{\"@id\":\"https:\\\/\\\/lightweb.dev\\\/l\\\/svm-temp\\\/#\\\/schema\\\/logo\\\/image\\\/\"},\"sameAs\":[\"https:\\\/\\\/www.facebook.com\\\/svenskamagasinet\",\"https:\\\/\\\/x.com\\\/SvenskaMagasine\"]},{\"@type\":\"Person\",\"@id\":\"https:\\\/\\\/lightweb.dev\\\/l\\\/svm-temp\\\/#\\\/schema\\\/person\\\/206a3bda5b607b0c25e1749191e4d837\",\"name\":\"Redaktionen SvM\",\"description\":\"Redaktionen\",\"sameAs\":[\"https:\\\/\\\/lightweb.dev\\\/l\\\/svm-temp\"],\"url\":\"https:\\\/\\\/lightweb.dev\\\/l\\\/svm-temp\\\/reporter\\\/redaktionen\\\/\"}]}<\/script>\n<!-- \/ Yoast SEO Premium plugin. -->","yoast_head_json":{"title":"Datordoktorn hittar du i Fuengirola - Svenska Magasinet","robots":{"index":"noindex","follow":"follow","max-snippet":"max-snippet:-1","max-image-preview":"max-image-preview:large","max-video-preview":"max-video-preview:-1"},"og_locale":"sv_SE","og_type":"article","og_title":"Datordoktorn hittar du i Fuengirola","og_description":"Det har g\u00e5tt 12,5 \u00e5r sedan G\u00f6teborgaren Peter Alm slog upp d\u00f6rrarna till datorbutiken Daytona Computer i centrala Fuengirola. I st\u00e4llet f\u00f6r att ta ett jobb i Stockholm valde Peter att flytta till den spanska Solkusten -Jag blev erbjuden ett jobb i Stockholm men det var om\u00f6jligt att hitta en l\u00e4genhet. Betydligt enklare p\u00e5 Solkusten, [&hellip;]","og_url":"https:\/\/lightweb.dev\/l\/svm-temp\/artiklar\/datordoktorn-hittar-du-i-fuengirola\/","og_site_name":"Svenska Magasinet","article_publisher":"https:\/\/www.facebook.com\/svenskamagasinet","article_published_time":"2011-09-15T22:00:00+00:00","og_image":[{"width":280,"height":210,"url":"https:\/\/lightweb.dev\/l\/svm-temp\/wp-content\/uploads\/2022\/04\/datordoktorn-hittar-du-i-fuengirola.png","type":"image\/png"}],"author":"Redaktionen SvM","twitter_card":"summary_large_image","twitter_creator":"@SvenskaMagasine","twitter_site":"@SvenskaMagasine","schema":{"@context":"https:\/\/schema.org","@graph":[{"@type":"Article","@id":"https:\/\/lightweb.dev\/l\/svm-temp\/artiklar\/datordoktorn-hittar-du-i-fuengirola\/#article","isPartOf":{"@id":"https:\/\/lightweb.dev\/l\/svm-temp\/artiklar\/datordoktorn-hittar-du-i-fuengirola\/"},"author":{"name":"Redaktionen SvM","@id":"https:\/\/lightweb.dev\/l\/svm-temp\/#\/schema\/person\/206a3bda5b607b0c25e1749191e4d837"},"headline":"Datordoktorn hittar du i Fuengirola","datePublished":"2011-09-15T22:00:00+00:00","mainEntityOfPage":{"@id":"https:\/\/lightweb.dev\/l\/svm-temp\/artiklar\/datordoktorn-hittar-du-i-fuengirola\/"},"wordCount":457,"commentCount":0,"publisher":{"@id":"https:\/\/lightweb.dev\/l\/svm-temp\/#organization"},"image":{"@id":"https:\/\/lightweb.dev\/l\/svm-temp\/artiklar\/datordoktorn-hittar-du-i-fuengirola\/#primaryimage"},"thumbnailUrl":"https:\/\/lightweb.dev\/l\/svm-temp\/wp-content\/uploads\/2022\/04\/datordoktorn-hittar-du-i-fuengirola.png","articleSection":["Arkiv","Artiklar"],"inLanguage":"sv-SE"},{"@type":"WebPage","@id":"https:\/\/lightweb.dev\/l\/svm-temp\/artiklar\/datordoktorn-hittar-du-i-fuengirola\/","url":"https:\/\/lightweb.dev\/l\/svm-temp\/artiklar\/datordoktorn-hittar-du-i-fuengirola\/","name":"Datordoktorn hittar du i Fuengirola - Svenska Magasinet","isPartOf":{"@id":"https:\/\/lightweb.dev\/l\/svm-temp\/#website"},"primaryImageOfPage":{"@id":"https:\/\/lightweb.dev\/l\/svm-temp\/artiklar\/datordoktorn-hittar-du-i-fuengirola\/#primaryimage"},"image":{"@id":"https:\/\/lightweb.dev\/l\/svm-temp\/artiklar\/datordoktorn-hittar-du-i-fuengirola\/#primaryimage"},"thumbnailUrl":"https:\/\/lightweb.dev\/l\/svm-temp\/wp-content\/uploads\/2022\/04\/datordoktorn-hittar-du-i-fuengirola.png","datePublished":"2011-09-15T22:00:00+00:00","breadcrumb":{"@id":"https:\/\/lightweb.dev\/l\/svm-temp\/artiklar\/datordoktorn-hittar-du-i-fuengirola\/#breadcrumb"},"inLanguage":"sv-SE","potentialAction":[{"@type":"ReadAction","target":["https:\/\/lightweb.dev\/l\/svm-temp\/artiklar\/datordoktorn-hittar-du-i-fuengirola\/"]}]},{"@type":"ImageObject","inLanguage":"sv-SE","@id":"https:\/\/lightweb.dev\/l\/svm-temp\/artiklar\/datordoktorn-hittar-du-i-fuengirola\/#primaryimage","url":"https:\/\/lightweb.dev\/l\/svm-temp\/wp-content\/uploads\/2022\/04\/datordoktorn-hittar-du-i-fuengirola.png","contentUrl":"https:\/\/lightweb.dev\/l\/svm-temp\/wp-content\/uploads\/2022\/04\/datordoktorn-hittar-du-i-fuengirola.png","width":280,"height":210},{"@type":"BreadcrumbList","@id":"https:\/\/lightweb.dev\/l\/svm-temp\/artiklar\/datordoktorn-hittar-du-i-fuengirola\/#breadcrumb","itemListElement":[{"@type":"ListItem","position":1,"name":"Hem","item":"https:\/\/lightweb.dev\/l\/svm-temp\/"},{"@type":"ListItem","position":2,"name":"Datordoktorn hittar du i Fuengirola"}]},{"@type":"WebSite","@id":"https:\/\/lightweb.dev\/l\/svm-temp\/#website","url":"https:\/\/lightweb.dev\/l\/svm-temp\/","name":"Svenska Magasinet","description":"Dina Spanska nyheter p&aring; Svenska","publisher":{"@id":"https:\/\/lightweb.dev\/l\/svm-temp\/#organization"},"potentialAction":[{"@type":"SearchAction","target":{"@type":"EntryPoint","urlTemplate":"https:\/\/lightweb.dev\/l\/svm-temp\/?s={search_term_string}"},"query-input":{"@type":"PropertyValueSpecification","valueRequired":true,"valueName":"search_term_string"}}],"inLanguage":"sv-SE"},{"@type":"Organization","@id":"https:\/\/lightweb.dev\/l\/svm-temp\/#organization","name":"Melkerson y Nott SL","alternateName":"Svenska Magasinet","url":"https:\/\/lightweb.dev\/l\/svm-temp\/","logo":{"@type":"ImageObject","inLanguage":"sv-SE","@id":"https:\/\/lightweb.dev\/l\/svm-temp\/#\/schema\/logo\/image\/","url":"https:\/\/lightweb.dev\/l\/svm-temp\/wp-content\/uploads\/2025\/02\/SvM-logo-Xtra-Centrerad-SVART.png","contentUrl":"https:\/\/lightweb.dev\/l\/svm-temp\/wp-content\/uploads\/2025\/02\/SvM-logo-Xtra-Centrerad-SVART.png","width":300,"height":99,"caption":"Melkerson y Nott SL"},"image":{"@id":"https:\/\/lightweb.dev\/l\/svm-temp\/#\/schema\/logo\/image\/"},"sameAs":["https:\/\/www.facebook.com\/svenskamagasinet","https:\/\/x.com\/SvenskaMagasine"]},{"@type":"Person","@id":"https:\/\/lightweb.dev\/l\/svm-temp\/#\/schema\/person\/206a3bda5b607b0c25e1749191e4d837","name":"Redaktionen SvM","description":"Redaktionen","sameAs":["https:\/\/lightweb.dev\/l\/svm-temp"],"url":"https:\/\/lightweb.dev\/l\/svm-temp\/reporter\/redaktionen\/"}]}},"_links":{"self":[{"href":"https:\/\/lightweb.dev\/l\/svm-temp\/wp-json\/wp\/v2\/posts\/3246","targetHints":{"allow":["GET"]}}],"collection":[{"href":"https:\/\/lightweb.dev\/l\/svm-temp\/wp-json\/wp\/v2\/posts"}],"about":[{"href":"https:\/\/lightweb.dev\/l\/svm-temp\/wp-json\/wp\/v2\/types\/post"}],"author":[{"embeddable":true,"href":"https:\/\/lightweb.dev\/l\/svm-temp\/wp-json\/wp\/v2\/users\/8"}],"replies":[{"embeddable":true,"href":"https:\/\/lightweb.dev\/l\/svm-temp\/wp-json\/wp\/v2\/comments?post=3246"}],"version-history":[{"count":0,"href":"https:\/\/lightweb.dev\/l\/svm-temp\/wp-json\/wp\/v2\/posts\/3246\/revisions"}],"wp:featuredmedia":[{"embeddable":true,"href":"https:\/\/lightweb.dev\/l\/svm-temp\/wp-json\/wp\/v2\/media\/3247"}],"wp:attachment":[{"href":"https:\/\/lightweb.dev\/l\/svm-temp\/wp-json\/wp\/v2\/media?parent=3246"}],"wp:term":[{"taxonomy":"category","embeddable":true,"href":"https:\/\/lightweb.dev\/l\/svm-temp\/wp-json\/wp\/v2\/categories?post=3246"},{"taxonomy":"post_tag","embeddable":true,"href":"https:\/\/lightweb.dev\/l\/svm-temp\/wp-json\/wp\/v2\/tags?post=3246"}],"curies":[{"name":"wp","href":"https:\/\/api.w.org\/{rel}","templated":true}]}}