{"id":3248,"date":"2011-09-14T00:00:00","date_gmt":"2011-09-13T22:00:00","guid":{"rendered":"https:\/\/lightweb.dev\/l\/svm-temp\/solens-mat-pa-costa-del-sol\/"},"modified":"2011-09-14T00:00:00","modified_gmt":"2011-09-13T22:00:00","slug":"solens-mat-pa-costa-del-sol","status":"publish","type":"post","link":"https:\/\/lightweb.dev\/l\/svm-temp\/artiklar\/solens-mat-pa-costa-del-sol\/","title":{"rendered":"Solens mat p\u00e5 Costa del Sol"},"content":{"rendered":"<p> S\u00e5 h\u00e4r i slutet av sommaren sveper de varma vindarna \u00f6ver Costa del Sol, varmare \u00e4n n\u00e5gon annanstans i Europa. Att kunna sitta \u201dAl fresco\u201d och \u00e4ta en god middag utomhus p\u00e5 kv\u00e4llen \u00e4r n\u00e5got vi nordbor njuter av Av Pernilla Gavrell, Restaurante El Castillo<\/p>\n<p>De matintresserade letar i kokboken efter nya recept som skall inspirera till matlagning och ge en liten Ah-upplevelse n\u00e4r man tar f\u00f6rsta tuggan. G\u00e4rna i goda v\u00e4nners samvaro.<\/p>\n<p>Jag serverar g\u00e4rna kycklingen med chiliaioli som s\u00e4tter pricken \u00f6ver i\u00b4et. Till detta dricks, f\u00f6rutom ett glas iskallt vatten, en Alsac Gewurztraminer eller det Spanska vinet Garci Grande Sauvignon Blanc.<\/p>\n<p>Som en extra liten bonus kan ni g\u00e5 in p\u00e5 v\u00e5r hemsida www.elcastillo.eu och under recept h\u00e4mta receptet p\u00e5 chiliaiolin och en h\u00e4rlig f\u00f6rr\u00e4tt p\u00e5 sparris.<\/p>\n<p>Smaklig m\u00e5ltid!<\/p>\n<p>Grillad marinerad kyckling med ljummen potatissallad f\u00f6r 4 personer<\/p>\n<p>Till kycklingen k\u00f6ps:<br \/>\n800 gr kycklingfil\u00e9<br \/>\n2 vitl\u00f6ksklyftor<br \/>\nSaften av 1 lime<br \/>\n1\/2 tsk av Sambal Oleak<br \/>\n4 msk olivolja<br \/>\n2 msk paprikapulver<br \/>\nSalt och peppar<\/p>\n<p>Marinad:<br \/>\nPressa vitl\u00f6ken och blanda med saften av limen, Sambal Oleak, olivoljan, paprikapulvret, salt och peppar.<br \/>\nDela fil\u00e9n p\u00e5 l\u00e4ngden och l\u00e4gg i marinaden. L\u00e5t st\u00e5 i minst 3 timmar i kylen.<\/p>\n<p>Till potatissalladen ink\u00f6ps:<br \/>\nca 1 kg f\u00e4rsk potatis<br \/>\n2 r\u00f6dl\u00f6kar<br \/>\n2 vitl\u00f6ksklyftor<br \/>\nca 1 dl olivolja<br \/>\n1 dl vatten<br \/>\n1 dl vitvinsvin\u00e4ger<br \/>\nF\u00e4rsk Timjan, salt och peppar<br \/>\nSallad, t ex ruccola eller blandsallad<br \/>\nKoka potatisen och h\u00e4ll av vattnet n\u00e4r potatisen \u00e4r klar. St\u00e4ll \u00e5t sidan.<br \/>\nSk\u00e4r l\u00f6ken i ringar och skiva vitl\u00f6ken fint.<br \/>\nTa en klick sm\u00f6r i en kastrull och l\u00e4gg i all l\u00f6k. Fr\u00e4s n\u00e5gon minut och h\u00e4ll sedan p\u00e5 olivolja, vatten och vin\u00e4ger. Koka under n\u00e5gra minuter under svag v\u00e4rme. Salta och peppra.<br \/>\nSk\u00e4r den avsvalnade potatisen i skivor och l\u00e4gg i en sk\u00e5l tillsammans med salladen. Tag s\u00e5 mycket av l\u00f6kdressingen som passar din smak. Dra av n\u00e5gra blad fr\u00e5n timjanen och str\u00f6 \u00f6ver. L\u00e4gg resten av kvistarna \u00f6verst.<\/p>\n<p>Grilla eller stek fil\u00e9erna. L\u00e4gg upp p\u00e5 tallriken tillsammans med den ljumna potatissalladen och g\u00e4rna med chiliaiol. <\/p>\n","protected":false},"excerpt":{"rendered":"<p>S\u00e5 h\u00e4r i slutet av sommaren sveper de varma vindarna \u00f6ver Costa del Sol, varmare \u00e4n n\u00e5gon annanstans i Europa. Att kunna sitta \u201dAl fresco\u201d och \u00e4ta en god middag utomhus p\u00e5 kv\u00e4llen \u00e4r n\u00e5got vi nordbor njuter av Av Pernilla Gavrell, Restaurante El Castillo De matintresserade letar i kokboken efter nya recept som skall [&hellip;]<\/p>\n","protected":false},"author":8,"featured_media":3249,"comment_status":"open","ping_status":"open","sticky":false,"template":"","format":"standard","meta":{"_et_pb_use_builder":"","_et_pb_old_content":"","_et_gb_content_width":"","footnotes":""},"categories":[4,38],"tags":[],"class_list":["post-3248","post","type-post","status-publish","format-standard","has-post-thumbnail","hentry","category-artiklar","category-mat-vin"],"yoast_head":"<!-- This site is optimized with the Yoast SEO Premium plugin v26.2 (Yoast SEO v28.2) - https:\/\/yoast.com\/product\/yoast-seo-premium-wordpress\/ -->\n<title>Solens mat p\u00e5 Costa del Sol - Svenska Magasinet<\/title>\n<meta name=\"robots\" content=\"noindex, follow, max-snippet:-1, max-image-preview:large, max-video-preview:-1\" \/>\n<meta property=\"og:locale\" content=\"sv_SE\" \/>\n<meta property=\"og:type\" content=\"article\" \/>\n<meta property=\"og:title\" content=\"Solens mat p\u00e5 Costa del Sol\" \/>\n<meta property=\"og:description\" content=\"S\u00e5 h\u00e4r i slutet av sommaren sveper de varma vindarna \u00f6ver Costa del Sol, varmare \u00e4n n\u00e5gon annanstans i Europa. Att kunna sitta \u201dAl fresco\u201d och \u00e4ta en god middag utomhus p\u00e5 kv\u00e4llen \u00e4r n\u00e5got vi nordbor njuter av Av Pernilla Gavrell, Restaurante El Castillo De matintresserade letar i kokboken efter nya recept som skall [&hellip;]\" \/>\n<meta property=\"og:url\" content=\"https:\/\/lightweb.dev\/l\/svm-temp\/artiklar\/solens-mat-pa-costa-del-sol\/\" \/>\n<meta property=\"og:site_name\" content=\"Svenska Magasinet\" \/>\n<meta property=\"article:publisher\" content=\"https:\/\/www.facebook.com\/svenskamagasinet\" \/>\n<meta property=\"article:published_time\" content=\"2011-09-13T22:00:00+00:00\" \/>\n<meta property=\"og:image\" content=\"https:\/\/lightweb.dev\/l\/svm-temp\/wp-content\/uploads\/2022\/04\/solens-mat-p-costa-del-sol.png\" \/>\n\t<meta property=\"og:image:width\" content=\"301\" \/>\n\t<meta property=\"og:image:height\" content=\"200\" \/>\n\t<meta property=\"og:image:type\" content=\"image\/png\" \/>\n<meta name=\"author\" content=\"Redaktionen SvM\" \/>\n<meta name=\"twitter:card\" content=\"summary_large_image\" \/>\n<meta name=\"twitter:creator\" content=\"@SvenskaMagasine\" \/>\n<meta name=\"twitter:site\" content=\"@SvenskaMagasine\" \/>\n<script type=\"application\/ld+json\" class=\"yoast-schema-graph\">{\"@context\":\"https:\\\/\\\/schema.org\",\"@graph\":[{\"@type\":\"Article\",\"@id\":\"https:\\\/\\\/lightweb.dev\\\/l\\\/svm-temp\\\/artiklar\\\/solens-mat-pa-costa-del-sol\\\/#article\",\"isPartOf\":{\"@id\":\"https:\\\/\\\/lightweb.dev\\\/l\\\/svm-temp\\\/artiklar\\\/solens-mat-pa-costa-del-sol\\\/\"},\"author\":{\"name\":\"Redaktionen SvM\",\"@id\":\"https:\\\/\\\/lightweb.dev\\\/l\\\/svm-temp\\\/#\\\/schema\\\/person\\\/206a3bda5b607b0c25e1749191e4d837\"},\"headline\":\"Solens mat p\u00e5 Costa del Sol\",\"datePublished\":\"2011-09-13T22:00:00+00:00\",\"mainEntityOfPage\":{\"@id\":\"https:\\\/\\\/lightweb.dev\\\/l\\\/svm-temp\\\/artiklar\\\/solens-mat-pa-costa-del-sol\\\/\"},\"wordCount\":391,\"commentCount\":0,\"publisher\":{\"@id\":\"https:\\\/\\\/lightweb.dev\\\/l\\\/svm-temp\\\/#organization\"},\"image\":{\"@id\":\"https:\\\/\\\/lightweb.dev\\\/l\\\/svm-temp\\\/artiklar\\\/solens-mat-pa-costa-del-sol\\\/#primaryimage\"},\"thumbnailUrl\":\"https:\\\/\\\/lightweb.dev\\\/l\\\/svm-temp\\\/wp-content\\\/uploads\\\/2022\\\/04\\\/solens-mat-p-costa-del-sol.png\",\"articleSection\":[\"Artiklar\",\"Mat &amp; vin\"],\"inLanguage\":\"sv-SE\"},{\"@type\":\"WebPage\",\"@id\":\"https:\\\/\\\/lightweb.dev\\\/l\\\/svm-temp\\\/artiklar\\\/solens-mat-pa-costa-del-sol\\\/\",\"url\":\"https:\\\/\\\/lightweb.dev\\\/l\\\/svm-temp\\\/artiklar\\\/solens-mat-pa-costa-del-sol\\\/\",\"name\":\"Solens mat p\u00e5 Costa del Sol - Svenska Magasinet\",\"isPartOf\":{\"@id\":\"https:\\\/\\\/lightweb.dev\\\/l\\\/svm-temp\\\/#website\"},\"primaryImageOfPage\":{\"@id\":\"https:\\\/\\\/lightweb.dev\\\/l\\\/svm-temp\\\/artiklar\\\/solens-mat-pa-costa-del-sol\\\/#primaryimage\"},\"image\":{\"@id\":\"https:\\\/\\\/lightweb.dev\\\/l\\\/svm-temp\\\/artiklar\\\/solens-mat-pa-costa-del-sol\\\/#primaryimage\"},\"thumbnailUrl\":\"https:\\\/\\\/lightweb.dev\\\/l\\\/svm-temp\\\/wp-content\\\/uploads\\\/2022\\\/04\\\/solens-mat-p-costa-del-sol.png\",\"datePublished\":\"2011-09-13T22:00:00+00:00\",\"breadcrumb\":{\"@id\":\"https:\\\/\\\/lightweb.dev\\\/l\\\/svm-temp\\\/artiklar\\\/solens-mat-pa-costa-del-sol\\\/#breadcrumb\"},\"inLanguage\":\"sv-SE\",\"potentialAction\":[{\"@type\":\"ReadAction\",\"target\":[\"https:\\\/\\\/lightweb.dev\\\/l\\\/svm-temp\\\/artiklar\\\/solens-mat-pa-costa-del-sol\\\/\"]}]},{\"@type\":\"ImageObject\",\"inLanguage\":\"sv-SE\",\"@id\":\"https:\\\/\\\/lightweb.dev\\\/l\\\/svm-temp\\\/artiklar\\\/solens-mat-pa-costa-del-sol\\\/#primaryimage\",\"url\":\"https:\\\/\\\/lightweb.dev\\\/l\\\/svm-temp\\\/wp-content\\\/uploads\\\/2022\\\/04\\\/solens-mat-p-costa-del-sol.png\",\"contentUrl\":\"https:\\\/\\\/lightweb.dev\\\/l\\\/svm-temp\\\/wp-content\\\/uploads\\\/2022\\\/04\\\/solens-mat-p-costa-del-sol.png\",\"width\":301,\"height\":200},{\"@type\":\"BreadcrumbList\",\"@id\":\"https:\\\/\\\/lightweb.dev\\\/l\\\/svm-temp\\\/artiklar\\\/solens-mat-pa-costa-del-sol\\\/#breadcrumb\",\"itemListElement\":[{\"@type\":\"ListItem\",\"position\":1,\"name\":\"Hem\",\"item\":\"https:\\\/\\\/lightweb.dev\\\/l\\\/svm-temp\\\/\"},{\"@type\":\"ListItem\",\"position\":2,\"name\":\"Solens mat p\u00e5 Costa del Sol\"}]},{\"@type\":\"WebSite\",\"@id\":\"https:\\\/\\\/lightweb.dev\\\/l\\\/svm-temp\\\/#website\",\"url\":\"https:\\\/\\\/lightweb.dev\\\/l\\\/svm-temp\\\/\",\"name\":\"Svenska Magasinet\",\"description\":\"Dina Spanska nyheter p&aring; Svenska\",\"publisher\":{\"@id\":\"https:\\\/\\\/lightweb.dev\\\/l\\\/svm-temp\\\/#organization\"},\"potentialAction\":[{\"@type\":\"SearchAction\",\"target\":{\"@type\":\"EntryPoint\",\"urlTemplate\":\"https:\\\/\\\/lightweb.dev\\\/l\\\/svm-temp\\\/?s={search_term_string}\"},\"query-input\":{\"@type\":\"PropertyValueSpecification\",\"valueRequired\":true,\"valueName\":\"search_term_string\"}}],\"inLanguage\":\"sv-SE\"},{\"@type\":\"Organization\",\"@id\":\"https:\\\/\\\/lightweb.dev\\\/l\\\/svm-temp\\\/#organization\",\"name\":\"Melkerson y Nott SL\",\"alternateName\":\"Svenska Magasinet\",\"url\":\"https:\\\/\\\/lightweb.dev\\\/l\\\/svm-temp\\\/\",\"logo\":{\"@type\":\"ImageObject\",\"inLanguage\":\"sv-SE\",\"@id\":\"https:\\\/\\\/lightweb.dev\\\/l\\\/svm-temp\\\/#\\\/schema\\\/logo\\\/image\\\/\",\"url\":\"https:\\\/\\\/lightweb.dev\\\/l\\\/svm-temp\\\/wp-content\\\/uploads\\\/2025\\\/02\\\/SvM-logo-Xtra-Centrerad-SVART.png\",\"contentUrl\":\"https:\\\/\\\/lightweb.dev\\\/l\\\/svm-temp\\\/wp-content\\\/uploads\\\/2025\\\/02\\\/SvM-logo-Xtra-Centrerad-SVART.png\",\"width\":300,\"height\":99,\"caption\":\"Melkerson y Nott SL\"},\"image\":{\"@id\":\"https:\\\/\\\/lightweb.dev\\\/l\\\/svm-temp\\\/#\\\/schema\\\/logo\\\/image\\\/\"},\"sameAs\":[\"https:\\\/\\\/www.facebook.com\\\/svenskamagasinet\",\"https:\\\/\\\/x.com\\\/SvenskaMagasine\"]},{\"@type\":\"Person\",\"@id\":\"https:\\\/\\\/lightweb.dev\\\/l\\\/svm-temp\\\/#\\\/schema\\\/person\\\/206a3bda5b607b0c25e1749191e4d837\",\"name\":\"Redaktionen SvM\",\"description\":\"Redaktionen\",\"sameAs\":[\"https:\\\/\\\/lightweb.dev\\\/l\\\/svm-temp\"],\"url\":\"https:\\\/\\\/lightweb.dev\\\/l\\\/svm-temp\\\/reporter\\\/redaktionen\\\/\"}]}<\/script>\n<!-- \/ Yoast SEO Premium plugin. -->","yoast_head_json":{"title":"Solens mat p\u00e5 Costa del Sol - Svenska Magasinet","robots":{"index":"noindex","follow":"follow","max-snippet":"max-snippet:-1","max-image-preview":"max-image-preview:large","max-video-preview":"max-video-preview:-1"},"og_locale":"sv_SE","og_type":"article","og_title":"Solens mat p\u00e5 Costa del Sol","og_description":"S\u00e5 h\u00e4r i slutet av sommaren sveper de varma vindarna \u00f6ver Costa del Sol, varmare \u00e4n n\u00e5gon annanstans i Europa. Att kunna sitta \u201dAl fresco\u201d och \u00e4ta en god middag utomhus p\u00e5 kv\u00e4llen \u00e4r n\u00e5got vi nordbor njuter av Av Pernilla Gavrell, Restaurante El Castillo De matintresserade letar i kokboken efter nya recept som skall [&hellip;]","og_url":"https:\/\/lightweb.dev\/l\/svm-temp\/artiklar\/solens-mat-pa-costa-del-sol\/","og_site_name":"Svenska Magasinet","article_publisher":"https:\/\/www.facebook.com\/svenskamagasinet","article_published_time":"2011-09-13T22:00:00+00:00","og_image":[{"width":301,"height":200,"url":"https:\/\/lightweb.dev\/l\/svm-temp\/wp-content\/uploads\/2022\/04\/solens-mat-p-costa-del-sol.png","type":"image\/png"}],"author":"Redaktionen SvM","twitter_card":"summary_large_image","twitter_creator":"@SvenskaMagasine","twitter_site":"@SvenskaMagasine","schema":{"@context":"https:\/\/schema.org","@graph":[{"@type":"Article","@id":"https:\/\/lightweb.dev\/l\/svm-temp\/artiklar\/solens-mat-pa-costa-del-sol\/#article","isPartOf":{"@id":"https:\/\/lightweb.dev\/l\/svm-temp\/artiklar\/solens-mat-pa-costa-del-sol\/"},"author":{"name":"Redaktionen SvM","@id":"https:\/\/lightweb.dev\/l\/svm-temp\/#\/schema\/person\/206a3bda5b607b0c25e1749191e4d837"},"headline":"Solens mat p\u00e5 Costa del Sol","datePublished":"2011-09-13T22:00:00+00:00","mainEntityOfPage":{"@id":"https:\/\/lightweb.dev\/l\/svm-temp\/artiklar\/solens-mat-pa-costa-del-sol\/"},"wordCount":391,"commentCount":0,"publisher":{"@id":"https:\/\/lightweb.dev\/l\/svm-temp\/#organization"},"image":{"@id":"https:\/\/lightweb.dev\/l\/svm-temp\/artiklar\/solens-mat-pa-costa-del-sol\/#primaryimage"},"thumbnailUrl":"https:\/\/lightweb.dev\/l\/svm-temp\/wp-content\/uploads\/2022\/04\/solens-mat-p-costa-del-sol.png","articleSection":["Artiklar","Mat &amp; vin"],"inLanguage":"sv-SE"},{"@type":"WebPage","@id":"https:\/\/lightweb.dev\/l\/svm-temp\/artiklar\/solens-mat-pa-costa-del-sol\/","url":"https:\/\/lightweb.dev\/l\/svm-temp\/artiklar\/solens-mat-pa-costa-del-sol\/","name":"Solens mat p\u00e5 Costa del Sol - Svenska Magasinet","isPartOf":{"@id":"https:\/\/lightweb.dev\/l\/svm-temp\/#website"},"primaryImageOfPage":{"@id":"https:\/\/lightweb.dev\/l\/svm-temp\/artiklar\/solens-mat-pa-costa-del-sol\/#primaryimage"},"image":{"@id":"https:\/\/lightweb.dev\/l\/svm-temp\/artiklar\/solens-mat-pa-costa-del-sol\/#primaryimage"},"thumbnailUrl":"https:\/\/lightweb.dev\/l\/svm-temp\/wp-content\/uploads\/2022\/04\/solens-mat-p-costa-del-sol.png","datePublished":"2011-09-13T22:00:00+00:00","breadcrumb":{"@id":"https:\/\/lightweb.dev\/l\/svm-temp\/artiklar\/solens-mat-pa-costa-del-sol\/#breadcrumb"},"inLanguage":"sv-SE","potentialAction":[{"@type":"ReadAction","target":["https:\/\/lightweb.dev\/l\/svm-temp\/artiklar\/solens-mat-pa-costa-del-sol\/"]}]},{"@type":"ImageObject","inLanguage":"sv-SE","@id":"https:\/\/lightweb.dev\/l\/svm-temp\/artiklar\/solens-mat-pa-costa-del-sol\/#primaryimage","url":"https:\/\/lightweb.dev\/l\/svm-temp\/wp-content\/uploads\/2022\/04\/solens-mat-p-costa-del-sol.png","contentUrl":"https:\/\/lightweb.dev\/l\/svm-temp\/wp-content\/uploads\/2022\/04\/solens-mat-p-costa-del-sol.png","width":301,"height":200},{"@type":"BreadcrumbList","@id":"https:\/\/lightweb.dev\/l\/svm-temp\/artiklar\/solens-mat-pa-costa-del-sol\/#breadcrumb","itemListElement":[{"@type":"ListItem","position":1,"name":"Hem","item":"https:\/\/lightweb.dev\/l\/svm-temp\/"},{"@type":"ListItem","position":2,"name":"Solens mat p\u00e5 Costa del Sol"}]},{"@type":"WebSite","@id":"https:\/\/lightweb.dev\/l\/svm-temp\/#website","url":"https:\/\/lightweb.dev\/l\/svm-temp\/","name":"Svenska Magasinet","description":"Dina Spanska nyheter p&aring; Svenska","publisher":{"@id":"https:\/\/lightweb.dev\/l\/svm-temp\/#organization"},"potentialAction":[{"@type":"SearchAction","target":{"@type":"EntryPoint","urlTemplate":"https:\/\/lightweb.dev\/l\/svm-temp\/?s={search_term_string}"},"query-input":{"@type":"PropertyValueSpecification","valueRequired":true,"valueName":"search_term_string"}}],"inLanguage":"sv-SE"},{"@type":"Organization","@id":"https:\/\/lightweb.dev\/l\/svm-temp\/#organization","name":"Melkerson y Nott SL","alternateName":"Svenska Magasinet","url":"https:\/\/lightweb.dev\/l\/svm-temp\/","logo":{"@type":"ImageObject","inLanguage":"sv-SE","@id":"https:\/\/lightweb.dev\/l\/svm-temp\/#\/schema\/logo\/image\/","url":"https:\/\/lightweb.dev\/l\/svm-temp\/wp-content\/uploads\/2025\/02\/SvM-logo-Xtra-Centrerad-SVART.png","contentUrl":"https:\/\/lightweb.dev\/l\/svm-temp\/wp-content\/uploads\/2025\/02\/SvM-logo-Xtra-Centrerad-SVART.png","width":300,"height":99,"caption":"Melkerson y Nott SL"},"image":{"@id":"https:\/\/lightweb.dev\/l\/svm-temp\/#\/schema\/logo\/image\/"},"sameAs":["https:\/\/www.facebook.com\/svenskamagasinet","https:\/\/x.com\/SvenskaMagasine"]},{"@type":"Person","@id":"https:\/\/lightweb.dev\/l\/svm-temp\/#\/schema\/person\/206a3bda5b607b0c25e1749191e4d837","name":"Redaktionen SvM","description":"Redaktionen","sameAs":["https:\/\/lightweb.dev\/l\/svm-temp"],"url":"https:\/\/lightweb.dev\/l\/svm-temp\/reporter\/redaktionen\/"}]}},"_links":{"self":[{"href":"https:\/\/lightweb.dev\/l\/svm-temp\/wp-json\/wp\/v2\/posts\/3248","targetHints":{"allow":["GET"]}}],"collection":[{"href":"https:\/\/lightweb.dev\/l\/svm-temp\/wp-json\/wp\/v2\/posts"}],"about":[{"href":"https:\/\/lightweb.dev\/l\/svm-temp\/wp-json\/wp\/v2\/types\/post"}],"author":[{"embeddable":true,"href":"https:\/\/lightweb.dev\/l\/svm-temp\/wp-json\/wp\/v2\/users\/8"}],"replies":[{"embeddable":true,"href":"https:\/\/lightweb.dev\/l\/svm-temp\/wp-json\/wp\/v2\/comments?post=3248"}],"version-history":[{"count":0,"href":"https:\/\/lightweb.dev\/l\/svm-temp\/wp-json\/wp\/v2\/posts\/3248\/revisions"}],"wp:featuredmedia":[{"embeddable":true,"href":"https:\/\/lightweb.dev\/l\/svm-temp\/wp-json\/wp\/v2\/media\/3249"}],"wp:attachment":[{"href":"https:\/\/lightweb.dev\/l\/svm-temp\/wp-json\/wp\/v2\/media?parent=3248"}],"wp:term":[{"taxonomy":"category","embeddable":true,"href":"https:\/\/lightweb.dev\/l\/svm-temp\/wp-json\/wp\/v2\/categories?post=3248"},{"taxonomy":"post_tag","embeddable":true,"href":"https:\/\/lightweb.dev\/l\/svm-temp\/wp-json\/wp\/v2\/tags?post=3248"}],"curies":[{"name":"wp","href":"https:\/\/api.w.org\/{rel}","templated":true}]}}