{"id":3254,"date":"2011-09-12T00:00:00","date_gmt":"2011-09-11T22:00:00","guid":{"rendered":"https:\/\/lightweb.dev\/l\/svm-temp\/ett-paradis-pa-jorden-hemma-hos-joanna-och-nina\/"},"modified":"2011-09-12T00:00:00","modified_gmt":"2011-09-11T22:00:00","slug":"ett-paradis-pa-jorden-hemma-hos-joanna-och-nina","status":"publish","type":"post","link":"https:\/\/lightweb.dev\/l\/svm-temp\/artiklar\/ett-paradis-pa-jorden-hemma-hos-joanna-och-nina\/","title":{"rendered":"Ett paradis p\u00e5 jorden &#8211; hemma hos Joanna och Nina"},"content":{"rendered":"<p> Det \u00e4r alltid intressant att kika in hos folk f\u00f6r att se hur de bor och hur de har inrett sina hus. Ett v\u00e4ldesignat hem ber\u00e4tta en hel del om de som bor d\u00e4r. Det h\u00e4r \u00e4r ett s\u00e5dant hem. Huset ligger strax utanf\u00f6r Mijas Pueblo i en oas av olivtr\u00e4d, hibiskus, och alla t\u00e4nkbara andra tr\u00e4d och blommor. Ett absolut paradis! Av Annika Jonsson<\/p>\n<p>I den h\u00e4r fantastiska fincan bor Joanna och Nina med sina fyra katter, Sylvester, Boysie, Neffi ochTinto, alla sex fr\u00e5n Oslo. Nina \u00e4r k\u00e4nd reklam- och djurfotograf [presenterad i Svenska Magasinet april 2011] och Joanna konservator.<\/p>\n<p>Hur l\u00e4nge har ni bott h\u00e4r?<br \/>\nJoanna: Vi flyttade hit i juni f\u00f6rra \u00e5ret men vi \u00e4r inte helt nya i Mijas. Vi har haft en l\u00e4genhet inne i Mijas Pueblo i \u00e5tta \u00e5r nu som vi har anv\u00e4nt s\u00e5 fort vi har haft tid.<\/p>\n<p>Hur kom det sig att ni valde just Mijas?<br \/>\nJoanna: N\u00e4r vi hade best\u00e4mt oss f\u00f6r att k\u00f6pa oss ett semesterboende s\u00e5 tog vi fram kartan \u00f6ver Spanien, f\u00f6r vi visste att vi ville bo i Spanien,  och b\u00f6rjade diskutera f\u00f6rdelar och nackdelar i de olika delarna av landet.<br \/>\nDet gick faktiskt snabbt att komma fram till solkusten. Det \u00e4r ju givetvis v\u00e4dret.<br \/>\nSedan, n\u00e4r vi v\u00e4l hade best\u00e4mt det s\u00e5 satte vi upp olika kriterier. Vi ville bo \u201dspanskt\u201d, d\u00e4r byn levde \u00e4ven p\u00e5 vintern. En urbanisation blev i och med det uteslutet.<br \/>\nVi ville ha m\u00f6jligheter att enkelt kunna utforska andra delar av Spanien. Vi ville ha bra flygf\u00f6rbindelser, allts\u00e5 inte s\u00e5 l\u00e5ngt ifr\u00e5n en flygplats. S\u00e5 ville vi komma s\u00e5 l\u00e5ngt s\u00f6derut som m\u00f6jligt som man kan ta sig p\u00e5 fyra hjul. Med andra ord ingen \u00f6. S\u00e5 hittade vi Mijas Pueblo och det har vi aldrig \u00e5ngrat.<\/p>\n<p>L\u00e4ngtar ni aldrig tillbaka till Oslo?<br \/>\nJoanna: Icke!<br \/>\nNina: Nja, kanske lite, men med dagens teknologi som Skype etc s\u00e5 kan vi h\u00e5lla en v\u00e4ldigt bra kontakt med v\u00e5ra v\u00e4nner d\u00e4r.<\/p>\n<p>Jag skulle vilja veta lite om er inredning och design. Vem av er \u00e4r det som \u201dbest\u00e4mmer\u201d?<br \/>\nJoanna och Nina samtidigt: Det g\u00f6r vi tillsammans!<\/p>\n<p>S\u00e5 aldrig n\u00e5gra diskussioner d\u00e5?<br \/>\nNina: Jovisst, alltid! Men vi kommer alltid \u00f6verrens i sista \u00e4nden.<\/p>\n<p>Vad har ni f\u00f6r inspiration och hur ser ni p\u00e5 er design?<br \/>\n Joanna: Vi bor i Spanien s\u00e5 vi vill ha det spanskt, g\u00e4rna med inslag fr\u00e5n det moriska. Men samtidigt s\u00e5 \u00e4r vi nordbor s\u00e5 ljuset \u00e4r f\u00f6r oss v\u00e4ldigt viktigt. (Nina nickar inst\u00e4mmande).<br \/>\nVi h\u00e5ller just nu p\u00e5 med att s\u00e4tta in ett nytt k\u00f6k och det vill vi ha ljust och praktiskt, skandinaviskt skulle man kunna s\u00e4ga.<br \/>\nEn annan sak som var viktigt f\u00f6r oss var att ha utsikt. H\u00e4r uppe i bergen s\u00e5 har vi den vackraste mest underbara utsikt man \u00f6ver huvudet taget kan \u00f6nska sig. Det ger  rymd och utrymme och den k\u00e4nslan vill vi g\u00f6rna forts\u00e4tta med inomhus.<br \/>\nVi k\u00f6pte ju ett hus som var otroligt charmigt redan fr\u00e5n b\u00f6rjan s\u00e5 vi beh\u00f6ver inte g\u00f6ra s\u00e5 hemskt mycket \u00e5t det. Det vi efterstr\u00e4var \u00e4r harmoni.<\/p>\n<p>Ni har ju ocks\u00e5 en stor och uppvuxen tr\u00e4dg\u00e5rd. Ett paradis skulle jag s\u00e4ga. Var det viktigt att ert hus hade tr\u00e4dg\u00e5rd?<br \/>\nNina: Absolut! Inte bara f\u00f6r oss men vi har ju fyra underbara katter ocks\u00e5 som \u00e4r medlemmar i familjen. S\u00e5 tr\u00e4dg\u00e5rd var ett m\u00e5ste.<\/p>\n<p>\u00c4r det inte mycket jobb med en s\u00e5dan stor tr\u00e4dg\u00e5rd?<br \/>\nJoanna: Mycket jobb? Det \u00e4r inte dubbelt s\u00e5 mycket jobb som du tror, det \u00e4r tio g\u00e5nger mer. Det v\u00e4xer ju s\u00e5 det knakar h\u00e4r nere. Vi jobbar med att f\u00e5 den lite mer l\u00e4ttarbetad. Jag tror att vi skall ut\u00f6ka terasserna en hel del, med de vackra terracotta plattorna, och i och med det mindre rabatter att ta hand om.<br \/>\nNina: Va? Stopp, stopp!<br \/>\nJoanna: Ja kanske inte s\u00e5 stora terasser n\u00e4r jag t\u00e4nker efter. Hm, ganska sm\u00e5 skall de nog vara, egentligen.<\/p>\n<p>Hur ser en typisk dag ut f\u00f6r er?<br \/>\nNina: Nu under sommaren d\u00e5 det \u00e4r s\u00e5 varmt s\u00e5 g\u00e5r vi ut och jobbar i tr\u00e4dg\u00e5rden mellan klockan nio och tolv. Vad var det du sa Joanna? St\u00f6rre terasser och mindre rabatter, det \u00e4r ju en lysnade ide\u2019!<br \/>\nJoanna: Ja visst \u00e4r det!<br \/>\nNina: N\u00e4r klockan sl\u00e5r tolv s\u00e5 g\u00f6r vi precis som katterna, vi l\u00e4gger oss p\u00e5 soffan och bara latar oss. F\u00f6rs\u00f6ker att g\u00f6ra s\u00e5 lite som m\u00f6jligt.<\/p>\n<p>Hur \u00e4r det med jobb? M\u00e5nga som dr\u00f6mmer om att flytta hit och inte \u00e4r pension\u00e4rer oroar sig mycket f\u00f6r f\u00f6rs\u00f6rjningen. Vad \u00e4r era planer?<br \/>\nNina: Ja, det \u00e4r den stora fr\u00e5gan. Jag har b\u00f6rjat med fotokurser h\u00e4r nere. Mitt stora intresse \u00e4r ocks\u00e5 djuren som jag \u00e4lskar att fotografera, s\u00e5 jag hoppas p\u00e5 att f\u00e5 lite uppdrag h\u00e4r nere p\u00e5 kusten. Vi hyr ocks\u00e5 ut v\u00e5r cassita (det lilla huset) h\u00e4r och det fungerar hur bra som helst. Vi \u00e4r fullbokade till och med oktober. S\u00e5 vi skall nog \u00f6verleva.<br \/>\nJoanna: S\u00e5 klart! Livet \u00e4r kort och v\u00e4rlden har s\u00e5 mycket att erbjuda s\u00e5 ibland \u00e4r det bara att v\u00e5ga ta steget eller hur?  H\u00e4r kan ni se mer av Ninas bilder<\/p>\n<p>H\u00e4r kan ni boka Cassitan<\/p>\n","protected":false},"excerpt":{"rendered":"<p>Det \u00e4r alltid intressant att kika in hos folk f\u00f6r att se hur de bor och hur de har inrett sina hus. Ett v\u00e4ldesignat hem ber\u00e4tta en hel del om de som bor d\u00e4r. Det h\u00e4r \u00e4r ett s\u00e5dant hem. Huset ligger strax utanf\u00f6r Mijas Pueblo i en oas av olivtr\u00e4d, hibiskus, och alla t\u00e4nkbara [&hellip;]<\/p>\n","protected":false},"author":8,"featured_media":3255,"comment_status":"open","ping_status":"open","sticky":false,"template":"","format":"standard","meta":{"_et_pb_use_builder":"","_et_pb_old_content":"","_et_gb_content_width":"","footnotes":""},"categories":[4,37],"tags":[],"class_list":["post-3254","post","type-post","status-publish","format-standard","has-post-thumbnail","hentry","category-artiklar","category-hem-bostad"],"yoast_head":"<!-- This site is optimized with the Yoast SEO Premium plugin v26.2 (Yoast SEO v28.2) - https:\/\/yoast.com\/product\/yoast-seo-premium-wordpress\/ -->\n<title>Ett paradis p\u00e5 jorden - hemma hos Joanna och Nina - Svenska Magasinet<\/title>\n<meta name=\"robots\" content=\"noindex, follow, max-snippet:-1, max-image-preview:large, max-video-preview:-1\" \/>\n<meta property=\"og:locale\" content=\"sv_SE\" \/>\n<meta property=\"og:type\" content=\"article\" \/>\n<meta property=\"og:title\" content=\"Ett paradis p\u00e5 jorden - hemma hos Joanna och Nina\" \/>\n<meta property=\"og:description\" content=\"Det \u00e4r alltid intressant att kika in hos folk f\u00f6r att se hur de bor och hur de har inrett sina hus. Ett v\u00e4ldesignat hem ber\u00e4tta en hel del om de som bor d\u00e4r. Det h\u00e4r \u00e4r ett s\u00e5dant hem. Huset ligger strax utanf\u00f6r Mijas Pueblo i en oas av olivtr\u00e4d, hibiskus, och alla t\u00e4nkbara [&hellip;]\" \/>\n<meta property=\"og:url\" content=\"https:\/\/lightweb.dev\/l\/svm-temp\/artiklar\/ett-paradis-pa-jorden-hemma-hos-joanna-och-nina\/\" \/>\n<meta property=\"og:site_name\" content=\"Svenska Magasinet\" \/>\n<meta property=\"article:publisher\" content=\"https:\/\/www.facebook.com\/svenskamagasinet\" \/>\n<meta property=\"article:published_time\" content=\"2011-09-11T22:00:00+00:00\" \/>\n<meta property=\"og:image\" content=\"https:\/\/lightweb.dev\/l\/svm-temp\/wp-content\/uploads\/2022\/04\/ett-paradis-p-jorden-hemma-hos-joanna-och-nina.png\" \/>\n\t<meta property=\"og:image:width\" content=\"301\" \/>\n\t<meta property=\"og:image:height\" content=\"200\" \/>\n\t<meta property=\"og:image:type\" content=\"image\/png\" \/>\n<meta name=\"author\" content=\"Redaktionen SvM\" \/>\n<meta name=\"twitter:card\" content=\"summary_large_image\" \/>\n<meta name=\"twitter:creator\" content=\"@SvenskaMagasine\" \/>\n<meta name=\"twitter:site\" content=\"@SvenskaMagasine\" \/>\n<script type=\"application\/ld+json\" class=\"yoast-schema-graph\">{\"@context\":\"https:\\\/\\\/schema.org\",\"@graph\":[{\"@type\":\"Article\",\"@id\":\"https:\\\/\\\/lightweb.dev\\\/l\\\/svm-temp\\\/artiklar\\\/ett-paradis-pa-jorden-hemma-hos-joanna-och-nina\\\/#article\",\"isPartOf\":{\"@id\":\"https:\\\/\\\/lightweb.dev\\\/l\\\/svm-temp\\\/artiklar\\\/ett-paradis-pa-jorden-hemma-hos-joanna-och-nina\\\/\"},\"author\":{\"name\":\"Redaktionen SvM\",\"@id\":\"https:\\\/\\\/lightweb.dev\\\/l\\\/svm-temp\\\/#\\\/schema\\\/person\\\/206a3bda5b607b0c25e1749191e4d837\"},\"headline\":\"Ett paradis p\u00e5 jorden &#8211; hemma hos Joanna och Nina\",\"datePublished\":\"2011-09-11T22:00:00+00:00\",\"mainEntityOfPage\":{\"@id\":\"https:\\\/\\\/lightweb.dev\\\/l\\\/svm-temp\\\/artiklar\\\/ett-paradis-pa-jorden-hemma-hos-joanna-och-nina\\\/\"},\"wordCount\":981,\"commentCount\":0,\"publisher\":{\"@id\":\"https:\\\/\\\/lightweb.dev\\\/l\\\/svm-temp\\\/#organization\"},\"image\":{\"@id\":\"https:\\\/\\\/lightweb.dev\\\/l\\\/svm-temp\\\/artiklar\\\/ett-paradis-pa-jorden-hemma-hos-joanna-och-nina\\\/#primaryimage\"},\"thumbnailUrl\":\"https:\\\/\\\/lightweb.dev\\\/l\\\/svm-temp\\\/wp-content\\\/uploads\\\/2022\\\/04\\\/ett-paradis-p-jorden-hemma-hos-joanna-och-nina.png\",\"articleSection\":[\"Artiklar\",\"Hem &amp; bostad\"],\"inLanguage\":\"sv-SE\"},{\"@type\":\"WebPage\",\"@id\":\"https:\\\/\\\/lightweb.dev\\\/l\\\/svm-temp\\\/artiklar\\\/ett-paradis-pa-jorden-hemma-hos-joanna-och-nina\\\/\",\"url\":\"https:\\\/\\\/lightweb.dev\\\/l\\\/svm-temp\\\/artiklar\\\/ett-paradis-pa-jorden-hemma-hos-joanna-och-nina\\\/\",\"name\":\"Ett paradis p\u00e5 jorden - hemma hos Joanna och Nina - Svenska Magasinet\",\"isPartOf\":{\"@id\":\"https:\\\/\\\/lightweb.dev\\\/l\\\/svm-temp\\\/#website\"},\"primaryImageOfPage\":{\"@id\":\"https:\\\/\\\/lightweb.dev\\\/l\\\/svm-temp\\\/artiklar\\\/ett-paradis-pa-jorden-hemma-hos-joanna-och-nina\\\/#primaryimage\"},\"image\":{\"@id\":\"https:\\\/\\\/lightweb.dev\\\/l\\\/svm-temp\\\/artiklar\\\/ett-paradis-pa-jorden-hemma-hos-joanna-och-nina\\\/#primaryimage\"},\"thumbnailUrl\":\"https:\\\/\\\/lightweb.dev\\\/l\\\/svm-temp\\\/wp-content\\\/uploads\\\/2022\\\/04\\\/ett-paradis-p-jorden-hemma-hos-joanna-och-nina.png\",\"datePublished\":\"2011-09-11T22:00:00+00:00\",\"breadcrumb\":{\"@id\":\"https:\\\/\\\/lightweb.dev\\\/l\\\/svm-temp\\\/artiklar\\\/ett-paradis-pa-jorden-hemma-hos-joanna-och-nina\\\/#breadcrumb\"},\"inLanguage\":\"sv-SE\",\"potentialAction\":[{\"@type\":\"ReadAction\",\"target\":[\"https:\\\/\\\/lightweb.dev\\\/l\\\/svm-temp\\\/artiklar\\\/ett-paradis-pa-jorden-hemma-hos-joanna-och-nina\\\/\"]}]},{\"@type\":\"ImageObject\",\"inLanguage\":\"sv-SE\",\"@id\":\"https:\\\/\\\/lightweb.dev\\\/l\\\/svm-temp\\\/artiklar\\\/ett-paradis-pa-jorden-hemma-hos-joanna-och-nina\\\/#primaryimage\",\"url\":\"https:\\\/\\\/lightweb.dev\\\/l\\\/svm-temp\\\/wp-content\\\/uploads\\\/2022\\\/04\\\/ett-paradis-p-jorden-hemma-hos-joanna-och-nina.png\",\"contentUrl\":\"https:\\\/\\\/lightweb.dev\\\/l\\\/svm-temp\\\/wp-content\\\/uploads\\\/2022\\\/04\\\/ett-paradis-p-jorden-hemma-hos-joanna-och-nina.png\",\"width\":301,\"height\":200},{\"@type\":\"BreadcrumbList\",\"@id\":\"https:\\\/\\\/lightweb.dev\\\/l\\\/svm-temp\\\/artiklar\\\/ett-paradis-pa-jorden-hemma-hos-joanna-och-nina\\\/#breadcrumb\",\"itemListElement\":[{\"@type\":\"ListItem\",\"position\":1,\"name\":\"Hem\",\"item\":\"https:\\\/\\\/lightweb.dev\\\/l\\\/svm-temp\\\/\"},{\"@type\":\"ListItem\",\"position\":2,\"name\":\"Ett paradis p\u00e5 jorden &#8211; hemma hos Joanna och Nina\"}]},{\"@type\":\"WebSite\",\"@id\":\"https:\\\/\\\/lightweb.dev\\\/l\\\/svm-temp\\\/#website\",\"url\":\"https:\\\/\\\/lightweb.dev\\\/l\\\/svm-temp\\\/\",\"name\":\"Svenska Magasinet\",\"description\":\"Dina Spanska nyheter p&aring; Svenska\",\"publisher\":{\"@id\":\"https:\\\/\\\/lightweb.dev\\\/l\\\/svm-temp\\\/#organization\"},\"potentialAction\":[{\"@type\":\"SearchAction\",\"target\":{\"@type\":\"EntryPoint\",\"urlTemplate\":\"https:\\\/\\\/lightweb.dev\\\/l\\\/svm-temp\\\/?s={search_term_string}\"},\"query-input\":{\"@type\":\"PropertyValueSpecification\",\"valueRequired\":true,\"valueName\":\"search_term_string\"}}],\"inLanguage\":\"sv-SE\"},{\"@type\":\"Organization\",\"@id\":\"https:\\\/\\\/lightweb.dev\\\/l\\\/svm-temp\\\/#organization\",\"name\":\"Melkerson y Nott SL\",\"alternateName\":\"Svenska Magasinet\",\"url\":\"https:\\\/\\\/lightweb.dev\\\/l\\\/svm-temp\\\/\",\"logo\":{\"@type\":\"ImageObject\",\"inLanguage\":\"sv-SE\",\"@id\":\"https:\\\/\\\/lightweb.dev\\\/l\\\/svm-temp\\\/#\\\/schema\\\/logo\\\/image\\\/\",\"url\":\"https:\\\/\\\/lightweb.dev\\\/l\\\/svm-temp\\\/wp-content\\\/uploads\\\/2025\\\/02\\\/SvM-logo-Xtra-Centrerad-SVART.png\",\"contentUrl\":\"https:\\\/\\\/lightweb.dev\\\/l\\\/svm-temp\\\/wp-content\\\/uploads\\\/2025\\\/02\\\/SvM-logo-Xtra-Centrerad-SVART.png\",\"width\":300,\"height\":99,\"caption\":\"Melkerson y Nott SL\"},\"image\":{\"@id\":\"https:\\\/\\\/lightweb.dev\\\/l\\\/svm-temp\\\/#\\\/schema\\\/logo\\\/image\\\/\"},\"sameAs\":[\"https:\\\/\\\/www.facebook.com\\\/svenskamagasinet\",\"https:\\\/\\\/x.com\\\/SvenskaMagasine\"]},{\"@type\":\"Person\",\"@id\":\"https:\\\/\\\/lightweb.dev\\\/l\\\/svm-temp\\\/#\\\/schema\\\/person\\\/206a3bda5b607b0c25e1749191e4d837\",\"name\":\"Redaktionen SvM\",\"description\":\"Redaktionen\",\"sameAs\":[\"https:\\\/\\\/lightweb.dev\\\/l\\\/svm-temp\"],\"url\":\"https:\\\/\\\/lightweb.dev\\\/l\\\/svm-temp\\\/reporter\\\/redaktionen\\\/\"}]}<\/script>\n<!-- \/ Yoast SEO Premium plugin. -->","yoast_head_json":{"title":"Ett paradis p\u00e5 jorden - hemma hos Joanna och Nina - Svenska Magasinet","robots":{"index":"noindex","follow":"follow","max-snippet":"max-snippet:-1","max-image-preview":"max-image-preview:large","max-video-preview":"max-video-preview:-1"},"og_locale":"sv_SE","og_type":"article","og_title":"Ett paradis p\u00e5 jorden - hemma hos Joanna och Nina","og_description":"Det \u00e4r alltid intressant att kika in hos folk f\u00f6r att se hur de bor och hur de har inrett sina hus. Ett v\u00e4ldesignat hem ber\u00e4tta en hel del om de som bor d\u00e4r. Det h\u00e4r \u00e4r ett s\u00e5dant hem. Huset ligger strax utanf\u00f6r Mijas Pueblo i en oas av olivtr\u00e4d, hibiskus, och alla t\u00e4nkbara [&hellip;]","og_url":"https:\/\/lightweb.dev\/l\/svm-temp\/artiklar\/ett-paradis-pa-jorden-hemma-hos-joanna-och-nina\/","og_site_name":"Svenska Magasinet","article_publisher":"https:\/\/www.facebook.com\/svenskamagasinet","article_published_time":"2011-09-11T22:00:00+00:00","og_image":[{"width":301,"height":200,"url":"https:\/\/lightweb.dev\/l\/svm-temp\/wp-content\/uploads\/2022\/04\/ett-paradis-p-jorden-hemma-hos-joanna-och-nina.png","type":"image\/png"}],"author":"Redaktionen SvM","twitter_card":"summary_large_image","twitter_creator":"@SvenskaMagasine","twitter_site":"@SvenskaMagasine","schema":{"@context":"https:\/\/schema.org","@graph":[{"@type":"Article","@id":"https:\/\/lightweb.dev\/l\/svm-temp\/artiklar\/ett-paradis-pa-jorden-hemma-hos-joanna-och-nina\/#article","isPartOf":{"@id":"https:\/\/lightweb.dev\/l\/svm-temp\/artiklar\/ett-paradis-pa-jorden-hemma-hos-joanna-och-nina\/"},"author":{"name":"Redaktionen SvM","@id":"https:\/\/lightweb.dev\/l\/svm-temp\/#\/schema\/person\/206a3bda5b607b0c25e1749191e4d837"},"headline":"Ett paradis p\u00e5 jorden &#8211; hemma hos Joanna och Nina","datePublished":"2011-09-11T22:00:00+00:00","mainEntityOfPage":{"@id":"https:\/\/lightweb.dev\/l\/svm-temp\/artiklar\/ett-paradis-pa-jorden-hemma-hos-joanna-och-nina\/"},"wordCount":981,"commentCount":0,"publisher":{"@id":"https:\/\/lightweb.dev\/l\/svm-temp\/#organization"},"image":{"@id":"https:\/\/lightweb.dev\/l\/svm-temp\/artiklar\/ett-paradis-pa-jorden-hemma-hos-joanna-och-nina\/#primaryimage"},"thumbnailUrl":"https:\/\/lightweb.dev\/l\/svm-temp\/wp-content\/uploads\/2022\/04\/ett-paradis-p-jorden-hemma-hos-joanna-och-nina.png","articleSection":["Artiklar","Hem &amp; bostad"],"inLanguage":"sv-SE"},{"@type":"WebPage","@id":"https:\/\/lightweb.dev\/l\/svm-temp\/artiklar\/ett-paradis-pa-jorden-hemma-hos-joanna-och-nina\/","url":"https:\/\/lightweb.dev\/l\/svm-temp\/artiklar\/ett-paradis-pa-jorden-hemma-hos-joanna-och-nina\/","name":"Ett paradis p\u00e5 jorden - hemma hos Joanna och Nina - Svenska Magasinet","isPartOf":{"@id":"https:\/\/lightweb.dev\/l\/svm-temp\/#website"},"primaryImageOfPage":{"@id":"https:\/\/lightweb.dev\/l\/svm-temp\/artiklar\/ett-paradis-pa-jorden-hemma-hos-joanna-och-nina\/#primaryimage"},"image":{"@id":"https:\/\/lightweb.dev\/l\/svm-temp\/artiklar\/ett-paradis-pa-jorden-hemma-hos-joanna-och-nina\/#primaryimage"},"thumbnailUrl":"https:\/\/lightweb.dev\/l\/svm-temp\/wp-content\/uploads\/2022\/04\/ett-paradis-p-jorden-hemma-hos-joanna-och-nina.png","datePublished":"2011-09-11T22:00:00+00:00","breadcrumb":{"@id":"https:\/\/lightweb.dev\/l\/svm-temp\/artiklar\/ett-paradis-pa-jorden-hemma-hos-joanna-och-nina\/#breadcrumb"},"inLanguage":"sv-SE","potentialAction":[{"@type":"ReadAction","target":["https:\/\/lightweb.dev\/l\/svm-temp\/artiklar\/ett-paradis-pa-jorden-hemma-hos-joanna-och-nina\/"]}]},{"@type":"ImageObject","inLanguage":"sv-SE","@id":"https:\/\/lightweb.dev\/l\/svm-temp\/artiklar\/ett-paradis-pa-jorden-hemma-hos-joanna-och-nina\/#primaryimage","url":"https:\/\/lightweb.dev\/l\/svm-temp\/wp-content\/uploads\/2022\/04\/ett-paradis-p-jorden-hemma-hos-joanna-och-nina.png","contentUrl":"https:\/\/lightweb.dev\/l\/svm-temp\/wp-content\/uploads\/2022\/04\/ett-paradis-p-jorden-hemma-hos-joanna-och-nina.png","width":301,"height":200},{"@type":"BreadcrumbList","@id":"https:\/\/lightweb.dev\/l\/svm-temp\/artiklar\/ett-paradis-pa-jorden-hemma-hos-joanna-och-nina\/#breadcrumb","itemListElement":[{"@type":"ListItem","position":1,"name":"Hem","item":"https:\/\/lightweb.dev\/l\/svm-temp\/"},{"@type":"ListItem","position":2,"name":"Ett paradis p\u00e5 jorden &#8211; hemma hos Joanna och Nina"}]},{"@type":"WebSite","@id":"https:\/\/lightweb.dev\/l\/svm-temp\/#website","url":"https:\/\/lightweb.dev\/l\/svm-temp\/","name":"Svenska Magasinet","description":"Dina Spanska nyheter p&aring; Svenska","publisher":{"@id":"https:\/\/lightweb.dev\/l\/svm-temp\/#organization"},"potentialAction":[{"@type":"SearchAction","target":{"@type":"EntryPoint","urlTemplate":"https:\/\/lightweb.dev\/l\/svm-temp\/?s={search_term_string}"},"query-input":{"@type":"PropertyValueSpecification","valueRequired":true,"valueName":"search_term_string"}}],"inLanguage":"sv-SE"},{"@type":"Organization","@id":"https:\/\/lightweb.dev\/l\/svm-temp\/#organization","name":"Melkerson y Nott SL","alternateName":"Svenska Magasinet","url":"https:\/\/lightweb.dev\/l\/svm-temp\/","logo":{"@type":"ImageObject","inLanguage":"sv-SE","@id":"https:\/\/lightweb.dev\/l\/svm-temp\/#\/schema\/logo\/image\/","url":"https:\/\/lightweb.dev\/l\/svm-temp\/wp-content\/uploads\/2025\/02\/SvM-logo-Xtra-Centrerad-SVART.png","contentUrl":"https:\/\/lightweb.dev\/l\/svm-temp\/wp-content\/uploads\/2025\/02\/SvM-logo-Xtra-Centrerad-SVART.png","width":300,"height":99,"caption":"Melkerson y Nott SL"},"image":{"@id":"https:\/\/lightweb.dev\/l\/svm-temp\/#\/schema\/logo\/image\/"},"sameAs":["https:\/\/www.facebook.com\/svenskamagasinet","https:\/\/x.com\/SvenskaMagasine"]},{"@type":"Person","@id":"https:\/\/lightweb.dev\/l\/svm-temp\/#\/schema\/person\/206a3bda5b607b0c25e1749191e4d837","name":"Redaktionen SvM","description":"Redaktionen","sameAs":["https:\/\/lightweb.dev\/l\/svm-temp"],"url":"https:\/\/lightweb.dev\/l\/svm-temp\/reporter\/redaktionen\/"}]}},"_links":{"self":[{"href":"https:\/\/lightweb.dev\/l\/svm-temp\/wp-json\/wp\/v2\/posts\/3254","targetHints":{"allow":["GET"]}}],"collection":[{"href":"https:\/\/lightweb.dev\/l\/svm-temp\/wp-json\/wp\/v2\/posts"}],"about":[{"href":"https:\/\/lightweb.dev\/l\/svm-temp\/wp-json\/wp\/v2\/types\/post"}],"author":[{"embeddable":true,"href":"https:\/\/lightweb.dev\/l\/svm-temp\/wp-json\/wp\/v2\/users\/8"}],"replies":[{"embeddable":true,"href":"https:\/\/lightweb.dev\/l\/svm-temp\/wp-json\/wp\/v2\/comments?post=3254"}],"version-history":[{"count":0,"href":"https:\/\/lightweb.dev\/l\/svm-temp\/wp-json\/wp\/v2\/posts\/3254\/revisions"}],"wp:featuredmedia":[{"embeddable":true,"href":"https:\/\/lightweb.dev\/l\/svm-temp\/wp-json\/wp\/v2\/media\/3255"}],"wp:attachment":[{"href":"https:\/\/lightweb.dev\/l\/svm-temp\/wp-json\/wp\/v2\/media?parent=3254"}],"wp:term":[{"taxonomy":"category","embeddable":true,"href":"https:\/\/lightweb.dev\/l\/svm-temp\/wp-json\/wp\/v2\/categories?post=3254"},{"taxonomy":"post_tag","embeddable":true,"href":"https:\/\/lightweb.dev\/l\/svm-temp\/wp-json\/wp\/v2\/tags?post=3254"}],"curies":[{"name":"wp","href":"https:\/\/api.w.org\/{rel}","templated":true}]}}