{"id":3289,"date":"2011-07-01T00:00:00","date_gmt":"2011-06-30T22:00:00","guid":{"rendered":"https:\/\/lightweb.dev\/l\/svm-temp\/res-med-oss-till-barcelona\/"},"modified":"2011-07-01T00:00:00","modified_gmt":"2011-06-30T22:00:00","slug":"res-med-oss-till-barcelona","status":"publish","type":"post","link":"https:\/\/lightweb.dev\/l\/svm-temp\/artiklar\/res-med-oss-till-barcelona\/","title":{"rendered":"Res med oss till Barcelona"},"content":{"rendered":"<p> Efter v\u00e5rens succ\u00e9er forts\u00e4tter resorna med guiden Siv Ling under h\u00f6sten. Vi b\u00f6rjar med programmet f\u00f6r resan till Barcelona. \u00c4ven om den inte g\u00e5r f\u00f6rr\u00e4n den 24 november s\u00e5 \u00e4r det viktigt att anm\u00e4la sig och betala i god tid p\u00e5 grund av flygbiljetterna, se betalningsvillkor nedan Program: Siv Ling<\/p>\n<p>M\u00e5nga har h\u00f6rt av sig med \u00f6nskem\u00e5l om att v\u00e5rens lyckade och trevliga resor b\u00f6r upprepas. Succ\u00e9n med flyg fr\u00e5n M\u00e1laga till Casablanca  och Marrakech i mars, Portugal med kryssning p\u00e5 Douro-floden i april och Pilgrimsresan till Santiago de Compostela p\u00e5 f\u00f6rsommaren \u00e4r n\u00e5gra av resorna den senaste tiden.<\/p>\n<p>OS 1992 satte Barcelona i v\u00e4rldens blickpunkt och sedan dess har antalet bes\u00f6kare bara \u00f6kat. Barcelona \u00e4r Spaniens n\u00e4st st\u00f6rsta stad och den har mycket att erbjuda. Det skulle vara om\u00f6jligt att se \u201dallt\u201d under de fyra dagar som vi \u00e4r d\u00e4r, d\u00e4rf\u00f6r har jag f\u00f6rs\u00f6kt att v\u00e4lja \u201dgodbitarna\u201d.<br \/>\nMen det finns mycket, mycket mer att se och uppleva i denna speciella stad d\u00e4r gammalt och nytt m\u00f6ts. Barcelona blev grundlagt f\u00f6r 2.000 \u00e5r sedan och har genom \u00e5rhundradena varit centrum f\u00f6r v\u00e4stgotisk, morisk och kristen kultur.<\/p>\n<p>Barcelona \u00e4r vackert bel\u00e4get mellan bergskedjan Collserola och Medelhavet och \u00e4r huvudstad i Katalonien, en av Spaniens 17 delstater. Katalonien \u00e4r av tradition en av Spaniens mest kulturellt progressiva och ekonomiskt framg\u00e5ngsrika region och befinner sig \u00e4nnu idag i t\u00e4ten.<br \/>\nElegant arkitektur, vackra promenadstr\u00e5k och torg \u00e4r k\u00e4nnetecknande f\u00f6r staden. H\u00e4r tillbringade Pablo Ruiz Picasso sin ungdom, och h\u00e4r skapade m\u00e4sterarkitekten Antoni Gaud\u00ed sina mest k\u00e4nda konstverk. Joan Mir\u00f3, som tillsammans med sin n\u00e4ra v\u00e4n Joan Prats \u00f6ppnade ett konstcentrum f\u00f6ddes i Barcelona.<br \/>\nStaden har ett fyrtiotal museer. Folklivet i Barcelona \u00e4r enormt. P\u00e5 det ber\u00f6mda Las Ramblas, str\u00e5ket som b\u00f6rjar vid Pla\u00e7a Catalunya och slutar vid Columbusstatyn, m\u00f6ter man folk fr\u00e5n hela v\u00e4rlden, och de tusentals utecaf\u00e9er bes\u00f6ks flitigt av lokalbefolkningen.<\/p>\n<p>PRIS:<br \/>\n525 euro per person i dubbelrum<br \/>\n100 euro i enkelrumstill\u00e4gg<br \/>\n55 euro i till\u00e4gg f\u00f6r utflykt till Figueres med Dalimuseum plus lunch (minimum 20 personer). OBS! Ska bokas och betalas tillsammans med den \u00f6vriga resan.<br \/>\nI priset ing\u00e5r: Flyg M\u00e1laga-Barcelona-Malaga, buss med luftkonditionering, tre n\u00e4tter p\u00e5 trestj\u00e4rniga hotell Rialto med halvpension(frukost och middag) plus tre luncher.<\/p>\n<p>Guide p\u00e5 resan:<br \/>\nSiv Ling, e-post: siv.ling@telefonica.net<br \/>\nTel: +34 609 577 162<br \/>\nAnm\u00e4lan och betalning till resan g\u00f6rs hos researrang\u00f6r Ruta Solar, Resebyr\u00e5, Pasaje La Pandereta s\/n, 29640 Fuengirola.<br \/>\ne-post: fuengirola@rutasolar.com<br \/>\ntel:    +34  952 479 954<br \/>\nVid anm\u00e4lan per e-post, skicka g\u00e4rna en kopia till Siv Ling.<\/p>\n<p>Resprogram:<br \/>\nBarcelona 24 till 27 november med Svenska Magasinet<\/p>\n<p>Dag 1, torsdag 24\/11, M\u00e1laga-Barcelona<br \/>\nSamling p\u00e5 M\u00e1lagas flygplats vid incheckningsdisken till Barcelona, vid ankomsten v\u00e4ntar bussen och vi b\u00f6rjar med en Panoramatur f\u00f6r att l\u00e4ra k\u00e4nna denna vackra och sp\u00e4nnande stad. Vi k\u00f6r upp p\u00e5 det gr\u00f6na berget Montjuic d\u00e4r vi har en praktfull utsikt, \u00e5t ena h\u00e5llet ser vi Spaniens st\u00f6rsta hamn vid Medelhavet med Christoffer Columbus amerikaskepp Santa Maria och \u00e5t det andra h\u00e5llet har vi Barcelona.<br \/>\nMontjuic, som \u00e4r en parkanl\u00e4ggning, \u00e4r Barcelonas friluftsomr\u00e5de med restauranger, museer, sportinstallationer. H\u00e4r ligger OS-stadion fr\u00e5n 1992 och Fundaci\u00f3 Joan Mir\u00f3s centrum. Vi bes\u00f6ker Poble Espanyol d\u00e4r vi \u00e4ter dagens lunch (ing\u00e5r).<br \/>\nVi ska ocks\u00e5 se Antonio Gaudis m\u00e4sterverk La Sagrada Familia, d\u00e4r vi har m\u00f6jlighet att fotografera denna ber\u00f6mda kyrka fr\u00e5n alla vinklar. Vi g\u00f6r en rundvandring i den vackra och annorlunda Parc G\u00fcell, anlagd av arkitekten Antonio Gaudi d\u00e4r han bodde fram till sin d\u00f6d 1926.<br \/>\nMiddag och \u00f6vernattning p\u00e5 centralt bel\u00e4gna hotell Rialto***<\/p>\n<p>Dag 2, fredag 25\/11, Barcelona centrum och de gotiska kvarteren<br \/>\nDen h\u00e4r dagen ska vi l\u00e4ra k\u00e4nna Barcelona till fots, vi b\u00f6rjar d\u00e4r vi bor, i Barri G\u00f3tic som egentligen \u00e4r den gamla romerska staden med smala gr\u00e4nder och sm\u00e5 torg.<br \/>\nI de gotiska kvarteren ligger b\u00e5de La Seu-katedralen, Picassomuseet, Generalitat (katalanska regionalregeringen) och inte minst \u2013 Barcelonas r\u00e5dhus med balkongen, d\u00e4r FC Barcelonas fotbollslag har hyllats \u00e5tskilliga g\u00e5nger.<br \/>\nVi promenerar tillsammans till Las Ramblas, det v\u00e4rldsber\u00f6mda str\u00e5ket d\u00e4r<br \/>\ntiden aldrig st\u00e5r still. H\u00e4r ligger Gran Teatre del Liceu, och lite l\u00e4ngre ned Boqueria, Barcelonas mest popul\u00e4ra salumarknad. Lunchen (ing\u00e5r) \u00e4ter vi p\u00e5 Els Quatre Gats, som i b\u00f6rjan av 1900-talet var m\u00f6tesplats f\u00f6r stadens unga konstn\u00e4rer som Pablo Ruiz Picasso.<br \/>\nEfter lunch forts\u00e4tter promenaden p\u00e5 Paseo de Gracia, Barcelonas kanske elegantaste promenad med vacker arkitektur i art nouveau stil. H\u00e4r ligger Antonio Gaudis tv\u00e5 mest k\u00e4nda civila byggnader, rikemanspalatsen, La Pedrera och Casa Battlo, som f\u00f6r inte s\u00e5 l\u00e4nge sedan \u00e4r inr\u00e4ttade som museer och \u00f6ppna f\u00f6r allm\u00e4nheten. Eventuellt bes\u00f6k \u00e4r inte inkluderat i resans pris. Middag och \u00f6vernattning p\u00e5 hotell Rialto***<\/p>\n<p>Dag 3, l\u00f6rdag 26\/11, Barcelona p\u00e5 egen hand<br \/>\nFrukost p\u00e5 hotellet d\u00e4refter \u00e4r dagen fri till att uppleva Barcelona p\u00e5 egen hand. Staden har o\u00e4ndliga m\u00f6jligheter till olika \u00f6nskem\u00e5l, fr\u00e5ga g\u00e4rna Siv om tips. Den h\u00e4r dagen g\u00f6r vi ocks\u00e5 en extra utflykt (den \u00e4r inte inkluderad i resans pris) till Salvador Dalis f\u00f6delseby Figueres.<br \/>\nVi g\u00f6r en vacker busstur norrut till Figueres, d\u00e4r Salvador var f\u00f6dd och uppv\u00e4xt. Vi bes\u00f6ker museet som \u00f6ppnades 1974. Dali fick stadens nerbrunna teater till f\u00f6rfogande och han ledde sj\u00e4lv inredningen av museet som man utan att \u00f6verdriva kan kalla speciellt. P\u00e5 tre etager finns f\u00f6rutom en stor del av hans m\u00e5lningar \u00e4ven skulpturer.<br \/>\nVi \u00e4ter gemensam lunch (ing\u00e5r) under dagen. \u00c5terresan g\u00e5r genom det gr\u00f6na katalanska inlandet, genom ett av de mest pittoreska omr\u00e5dena, d\u00e4r vi bes\u00f6ker medel\u00e5ldersbyn Besalu med sina smala gr\u00e4nder som g\u00e5r 1000 \u00e5r tillbaka.<br \/>\nDen h\u00e4r utflykten ska best\u00e4llas och betalas samtidigt som Barcelonaresan. Pris f\u00f6r utflykten som inkluderar entr\u00e9biljetter till museet samt lunch.<br \/>\nMiddag och \u00f6vernattning p\u00e5 hotel Rialto*** i Barcelona<\/p>\n<p>Dag 4, s\u00f6ndag 27\/11, Barcelona-Pened\u00e9s-Montserrat-Barcelona-M\u00e1laga<br \/>\nEfter frukost l\u00e4mnar vi Barcelona och \u00e5ker genom vidstr\u00e4ckta vinodlingar med bergsmassivet Montserrats siluett i horisonten och k\u00f6r mot \u201dChampagnestaden\u201d Sant Sadurni d\u00c1noia. 80 producenter framst\u00e4ller 90 procent av all Cava som det mousserande vinet heter i Spanien. Vi bes\u00f6ker Bodegas Freixenet innan vi forts\u00e4tter till Montserrat d\u00e4r vi har det ber\u00f6mda och vackert bel\u00e4gna Benediktinerklostret.<br \/>\nI den imponerande klosterkyrkan p\u00e5 750 m h\u00f6jd finns det svarta Madonnan, \u201dLa Moreneta\u201d som \u00e4r klostrets st\u00f6rsta skatt och blev utskuret i tr\u00e4 f\u00f6r ca 1000 \u00e4r sedan. I det h\u00e4r klostret finns en av Spaniens mest estimerade pojkskolor, d\u00e4r munkarna undervisar. S\u00e5ng och musik \u00e4r mycket viktiga \u00e4mnen i klostrets exklusiva skola, \u201dLa Escolania\u201d. Gossarna sjunger n\u00e5gra f\u00e5 s\u00e5nger i klosterkyrkan vid huvudaltaret varje dag klockan 13.<br \/>\nInnan vi l\u00e4mnar klostret \u00e4ter vi v\u00e5r gemensamma lunch (ing\u00e5r). Fr\u00e5n Montserrat \u00e5ker vi till Barcelonas flygplats f\u00f6r att ta flyget till M\u00e1laga.<\/p>\n<p>Resor till Madrid och Marocko i november<br \/>\nF\u00f6rra \u00e5rets stora succ\u00e9, resan till Madrid kommer att g\u00e5 i repris till h\u00f6sten, den 18 till 21 november. Mer information om det i kommande nummer av Svenska Magasinet\/Spa\u00f1ien Magasinet.<\/p>\n<p>Efter succ\u00e9n med flygresan M\u00e1laga-Marocko i mars g\u00f6r Siv Ling en Marockoresa den 5-12 november med flyg, d\u00e5 vi \u00e5ker \u00f6ver h\u00f6ga Atlasbergen ut i \u00f6knen, och f\u00f6r golfspelare m\u00f6jlighet till green fee i Marrakech och Ouarzazate, be Siv om program, e-mail: siv.ling@telefonica.net. <\/p>\n","protected":false},"excerpt":{"rendered":"<p>Efter v\u00e5rens succ\u00e9er forts\u00e4tter resorna med guiden Siv Ling under h\u00f6sten. Vi b\u00f6rjar med programmet f\u00f6r resan till Barcelona. \u00c4ven om den inte g\u00e5r f\u00f6rr\u00e4n den 24 november s\u00e5 \u00e4r det viktigt att anm\u00e4la sig och betala i god tid p\u00e5 grund av flygbiljetterna, se betalningsvillkor nedan Program: Siv Ling M\u00e5nga har h\u00f6rt av sig [&hellip;]<\/p>\n","protected":false},"author":8,"featured_media":3290,"comment_status":"open","ping_status":"open","sticky":false,"template":"","format":"standard","meta":{"_et_pb_use_builder":"","_et_pb_old_content":"","_et_gb_content_width":"","footnotes":""},"categories":[396,4],"tags":[],"class_list":["post-3289","post","type-post","status-publish","format-standard","has-post-thumbnail","hentry","category-arkiv-artiklar","category-artiklar"],"yoast_head":"<!-- This site is optimized with the Yoast SEO Premium plugin v26.2 (Yoast SEO v28.2) - https:\/\/yoast.com\/product\/yoast-seo-premium-wordpress\/ -->\n<title>Res med oss till Barcelona - Svenska Magasinet<\/title>\n<meta name=\"robots\" content=\"noindex, follow, max-snippet:-1, max-image-preview:large, max-video-preview:-1\" \/>\n<meta property=\"og:locale\" content=\"sv_SE\" \/>\n<meta property=\"og:type\" content=\"article\" \/>\n<meta property=\"og:title\" content=\"Res med oss till Barcelona\" \/>\n<meta property=\"og:description\" content=\"Efter v\u00e5rens succ\u00e9er forts\u00e4tter resorna med guiden Siv Ling under h\u00f6sten. Vi b\u00f6rjar med programmet f\u00f6r resan till Barcelona. \u00c4ven om den inte g\u00e5r f\u00f6rr\u00e4n den 24 november s\u00e5 \u00e4r det viktigt att anm\u00e4la sig och betala i god tid p\u00e5 grund av flygbiljetterna, se betalningsvillkor nedan Program: Siv Ling M\u00e5nga har h\u00f6rt av sig [&hellip;]\" \/>\n<meta property=\"og:url\" content=\"https:\/\/lightweb.dev\/l\/svm-temp\/artiklar\/res-med-oss-till-barcelona\/\" \/>\n<meta property=\"og:site_name\" content=\"Svenska Magasinet\" \/>\n<meta property=\"article:publisher\" content=\"https:\/\/www.facebook.com\/svenskamagasinet\" \/>\n<meta property=\"article:published_time\" content=\"2011-06-30T22:00:00+00:00\" \/>\n<meta property=\"og:image\" content=\"https:\/\/lightweb.dev\/l\/svm-temp\/wp-content\/uploads\/2022\/04\/res-med-oss-till-barcelona.png\" \/>\n\t<meta property=\"og:image:width\" content=\"280\" \/>\n\t<meta property=\"og:image:height\" content=\"217\" \/>\n\t<meta property=\"og:image:type\" content=\"image\/png\" \/>\n<meta name=\"author\" content=\"Redaktionen SvM\" \/>\n<meta name=\"twitter:card\" content=\"summary_large_image\" \/>\n<meta name=\"twitter:creator\" content=\"@SvenskaMagasine\" \/>\n<meta name=\"twitter:site\" content=\"@SvenskaMagasine\" \/>\n<script type=\"application\/ld+json\" class=\"yoast-schema-graph\">{\"@context\":\"https:\\\/\\\/schema.org\",\"@graph\":[{\"@type\":\"Article\",\"@id\":\"https:\\\/\\\/lightweb.dev\\\/l\\\/svm-temp\\\/artiklar\\\/res-med-oss-till-barcelona\\\/#article\",\"isPartOf\":{\"@id\":\"https:\\\/\\\/lightweb.dev\\\/l\\\/svm-temp\\\/artiklar\\\/res-med-oss-till-barcelona\\\/\"},\"author\":{\"name\":\"Redaktionen SvM\",\"@id\":\"https:\\\/\\\/lightweb.dev\\\/l\\\/svm-temp\\\/#\\\/schema\\\/person\\\/206a3bda5b607b0c25e1749191e4d837\"},\"headline\":\"Res med oss till Barcelona\",\"datePublished\":\"2011-06-30T22:00:00+00:00\",\"mainEntityOfPage\":{\"@id\":\"https:\\\/\\\/lightweb.dev\\\/l\\\/svm-temp\\\/artiklar\\\/res-med-oss-till-barcelona\\\/\"},\"wordCount\":1346,\"commentCount\":0,\"publisher\":{\"@id\":\"https:\\\/\\\/lightweb.dev\\\/l\\\/svm-temp\\\/#organization\"},\"image\":{\"@id\":\"https:\\\/\\\/lightweb.dev\\\/l\\\/svm-temp\\\/artiklar\\\/res-med-oss-till-barcelona\\\/#primaryimage\"},\"thumbnailUrl\":\"https:\\\/\\\/lightweb.dev\\\/l\\\/svm-temp\\\/wp-content\\\/uploads\\\/2022\\\/04\\\/res-med-oss-till-barcelona.png\",\"articleSection\":[\"Arkiv\",\"Artiklar\"],\"inLanguage\":\"sv-SE\"},{\"@type\":\"WebPage\",\"@id\":\"https:\\\/\\\/lightweb.dev\\\/l\\\/svm-temp\\\/artiklar\\\/res-med-oss-till-barcelona\\\/\",\"url\":\"https:\\\/\\\/lightweb.dev\\\/l\\\/svm-temp\\\/artiklar\\\/res-med-oss-till-barcelona\\\/\",\"name\":\"Res med oss till Barcelona - Svenska Magasinet\",\"isPartOf\":{\"@id\":\"https:\\\/\\\/lightweb.dev\\\/l\\\/svm-temp\\\/#website\"},\"primaryImageOfPage\":{\"@id\":\"https:\\\/\\\/lightweb.dev\\\/l\\\/svm-temp\\\/artiklar\\\/res-med-oss-till-barcelona\\\/#primaryimage\"},\"image\":{\"@id\":\"https:\\\/\\\/lightweb.dev\\\/l\\\/svm-temp\\\/artiklar\\\/res-med-oss-till-barcelona\\\/#primaryimage\"},\"thumbnailUrl\":\"https:\\\/\\\/lightweb.dev\\\/l\\\/svm-temp\\\/wp-content\\\/uploads\\\/2022\\\/04\\\/res-med-oss-till-barcelona.png\",\"datePublished\":\"2011-06-30T22:00:00+00:00\",\"breadcrumb\":{\"@id\":\"https:\\\/\\\/lightweb.dev\\\/l\\\/svm-temp\\\/artiklar\\\/res-med-oss-till-barcelona\\\/#breadcrumb\"},\"inLanguage\":\"sv-SE\",\"potentialAction\":[{\"@type\":\"ReadAction\",\"target\":[\"https:\\\/\\\/lightweb.dev\\\/l\\\/svm-temp\\\/artiklar\\\/res-med-oss-till-barcelona\\\/\"]}]},{\"@type\":\"ImageObject\",\"inLanguage\":\"sv-SE\",\"@id\":\"https:\\\/\\\/lightweb.dev\\\/l\\\/svm-temp\\\/artiklar\\\/res-med-oss-till-barcelona\\\/#primaryimage\",\"url\":\"https:\\\/\\\/lightweb.dev\\\/l\\\/svm-temp\\\/wp-content\\\/uploads\\\/2022\\\/04\\\/res-med-oss-till-barcelona.png\",\"contentUrl\":\"https:\\\/\\\/lightweb.dev\\\/l\\\/svm-temp\\\/wp-content\\\/uploads\\\/2022\\\/04\\\/res-med-oss-till-barcelona.png\",\"width\":280,\"height\":217},{\"@type\":\"BreadcrumbList\",\"@id\":\"https:\\\/\\\/lightweb.dev\\\/l\\\/svm-temp\\\/artiklar\\\/res-med-oss-till-barcelona\\\/#breadcrumb\",\"itemListElement\":[{\"@type\":\"ListItem\",\"position\":1,\"name\":\"Hem\",\"item\":\"https:\\\/\\\/lightweb.dev\\\/l\\\/svm-temp\\\/\"},{\"@type\":\"ListItem\",\"position\":2,\"name\":\"Res med oss till Barcelona\"}]},{\"@type\":\"WebSite\",\"@id\":\"https:\\\/\\\/lightweb.dev\\\/l\\\/svm-temp\\\/#website\",\"url\":\"https:\\\/\\\/lightweb.dev\\\/l\\\/svm-temp\\\/\",\"name\":\"Svenska Magasinet\",\"description\":\"Dina Spanska nyheter p&aring; Svenska\",\"publisher\":{\"@id\":\"https:\\\/\\\/lightweb.dev\\\/l\\\/svm-temp\\\/#organization\"},\"potentialAction\":[{\"@type\":\"SearchAction\",\"target\":{\"@type\":\"EntryPoint\",\"urlTemplate\":\"https:\\\/\\\/lightweb.dev\\\/l\\\/svm-temp\\\/?s={search_term_string}\"},\"query-input\":{\"@type\":\"PropertyValueSpecification\",\"valueRequired\":true,\"valueName\":\"search_term_string\"}}],\"inLanguage\":\"sv-SE\"},{\"@type\":\"Organization\",\"@id\":\"https:\\\/\\\/lightweb.dev\\\/l\\\/svm-temp\\\/#organization\",\"name\":\"Melkerson y Nott SL\",\"alternateName\":\"Svenska Magasinet\",\"url\":\"https:\\\/\\\/lightweb.dev\\\/l\\\/svm-temp\\\/\",\"logo\":{\"@type\":\"ImageObject\",\"inLanguage\":\"sv-SE\",\"@id\":\"https:\\\/\\\/lightweb.dev\\\/l\\\/svm-temp\\\/#\\\/schema\\\/logo\\\/image\\\/\",\"url\":\"https:\\\/\\\/lightweb.dev\\\/l\\\/svm-temp\\\/wp-content\\\/uploads\\\/2025\\\/02\\\/SvM-logo-Xtra-Centrerad-SVART.png\",\"contentUrl\":\"https:\\\/\\\/lightweb.dev\\\/l\\\/svm-temp\\\/wp-content\\\/uploads\\\/2025\\\/02\\\/SvM-logo-Xtra-Centrerad-SVART.png\",\"width\":300,\"height\":99,\"caption\":\"Melkerson y Nott SL\"},\"image\":{\"@id\":\"https:\\\/\\\/lightweb.dev\\\/l\\\/svm-temp\\\/#\\\/schema\\\/logo\\\/image\\\/\"},\"sameAs\":[\"https:\\\/\\\/www.facebook.com\\\/svenskamagasinet\",\"https:\\\/\\\/x.com\\\/SvenskaMagasine\"]},{\"@type\":\"Person\",\"@id\":\"https:\\\/\\\/lightweb.dev\\\/l\\\/svm-temp\\\/#\\\/schema\\\/person\\\/206a3bda5b607b0c25e1749191e4d837\",\"name\":\"Redaktionen SvM\",\"description\":\"Redaktionen\",\"sameAs\":[\"https:\\\/\\\/lightweb.dev\\\/l\\\/svm-temp\"],\"url\":\"https:\\\/\\\/lightweb.dev\\\/l\\\/svm-temp\\\/reporter\\\/redaktionen\\\/\"}]}<\/script>\n<!-- \/ Yoast SEO Premium plugin. -->","yoast_head_json":{"title":"Res med oss till Barcelona - Svenska Magasinet","robots":{"index":"noindex","follow":"follow","max-snippet":"max-snippet:-1","max-image-preview":"max-image-preview:large","max-video-preview":"max-video-preview:-1"},"og_locale":"sv_SE","og_type":"article","og_title":"Res med oss till Barcelona","og_description":"Efter v\u00e5rens succ\u00e9er forts\u00e4tter resorna med guiden Siv Ling under h\u00f6sten. Vi b\u00f6rjar med programmet f\u00f6r resan till Barcelona. \u00c4ven om den inte g\u00e5r f\u00f6rr\u00e4n den 24 november s\u00e5 \u00e4r det viktigt att anm\u00e4la sig och betala i god tid p\u00e5 grund av flygbiljetterna, se betalningsvillkor nedan Program: Siv Ling M\u00e5nga har h\u00f6rt av sig [&hellip;]","og_url":"https:\/\/lightweb.dev\/l\/svm-temp\/artiklar\/res-med-oss-till-barcelona\/","og_site_name":"Svenska Magasinet","article_publisher":"https:\/\/www.facebook.com\/svenskamagasinet","article_published_time":"2011-06-30T22:00:00+00:00","og_image":[{"width":280,"height":217,"url":"https:\/\/lightweb.dev\/l\/svm-temp\/wp-content\/uploads\/2022\/04\/res-med-oss-till-barcelona.png","type":"image\/png"}],"author":"Redaktionen SvM","twitter_card":"summary_large_image","twitter_creator":"@SvenskaMagasine","twitter_site":"@SvenskaMagasine","schema":{"@context":"https:\/\/schema.org","@graph":[{"@type":"Article","@id":"https:\/\/lightweb.dev\/l\/svm-temp\/artiklar\/res-med-oss-till-barcelona\/#article","isPartOf":{"@id":"https:\/\/lightweb.dev\/l\/svm-temp\/artiklar\/res-med-oss-till-barcelona\/"},"author":{"name":"Redaktionen SvM","@id":"https:\/\/lightweb.dev\/l\/svm-temp\/#\/schema\/person\/206a3bda5b607b0c25e1749191e4d837"},"headline":"Res med oss till Barcelona","datePublished":"2011-06-30T22:00:00+00:00","mainEntityOfPage":{"@id":"https:\/\/lightweb.dev\/l\/svm-temp\/artiklar\/res-med-oss-till-barcelona\/"},"wordCount":1346,"commentCount":0,"publisher":{"@id":"https:\/\/lightweb.dev\/l\/svm-temp\/#organization"},"image":{"@id":"https:\/\/lightweb.dev\/l\/svm-temp\/artiklar\/res-med-oss-till-barcelona\/#primaryimage"},"thumbnailUrl":"https:\/\/lightweb.dev\/l\/svm-temp\/wp-content\/uploads\/2022\/04\/res-med-oss-till-barcelona.png","articleSection":["Arkiv","Artiklar"],"inLanguage":"sv-SE"},{"@type":"WebPage","@id":"https:\/\/lightweb.dev\/l\/svm-temp\/artiklar\/res-med-oss-till-barcelona\/","url":"https:\/\/lightweb.dev\/l\/svm-temp\/artiklar\/res-med-oss-till-barcelona\/","name":"Res med oss till Barcelona - Svenska Magasinet","isPartOf":{"@id":"https:\/\/lightweb.dev\/l\/svm-temp\/#website"},"primaryImageOfPage":{"@id":"https:\/\/lightweb.dev\/l\/svm-temp\/artiklar\/res-med-oss-till-barcelona\/#primaryimage"},"image":{"@id":"https:\/\/lightweb.dev\/l\/svm-temp\/artiklar\/res-med-oss-till-barcelona\/#primaryimage"},"thumbnailUrl":"https:\/\/lightweb.dev\/l\/svm-temp\/wp-content\/uploads\/2022\/04\/res-med-oss-till-barcelona.png","datePublished":"2011-06-30T22:00:00+00:00","breadcrumb":{"@id":"https:\/\/lightweb.dev\/l\/svm-temp\/artiklar\/res-med-oss-till-barcelona\/#breadcrumb"},"inLanguage":"sv-SE","potentialAction":[{"@type":"ReadAction","target":["https:\/\/lightweb.dev\/l\/svm-temp\/artiklar\/res-med-oss-till-barcelona\/"]}]},{"@type":"ImageObject","inLanguage":"sv-SE","@id":"https:\/\/lightweb.dev\/l\/svm-temp\/artiklar\/res-med-oss-till-barcelona\/#primaryimage","url":"https:\/\/lightweb.dev\/l\/svm-temp\/wp-content\/uploads\/2022\/04\/res-med-oss-till-barcelona.png","contentUrl":"https:\/\/lightweb.dev\/l\/svm-temp\/wp-content\/uploads\/2022\/04\/res-med-oss-till-barcelona.png","width":280,"height":217},{"@type":"BreadcrumbList","@id":"https:\/\/lightweb.dev\/l\/svm-temp\/artiklar\/res-med-oss-till-barcelona\/#breadcrumb","itemListElement":[{"@type":"ListItem","position":1,"name":"Hem","item":"https:\/\/lightweb.dev\/l\/svm-temp\/"},{"@type":"ListItem","position":2,"name":"Res med oss till Barcelona"}]},{"@type":"WebSite","@id":"https:\/\/lightweb.dev\/l\/svm-temp\/#website","url":"https:\/\/lightweb.dev\/l\/svm-temp\/","name":"Svenska Magasinet","description":"Dina Spanska nyheter p&aring; Svenska","publisher":{"@id":"https:\/\/lightweb.dev\/l\/svm-temp\/#organization"},"potentialAction":[{"@type":"SearchAction","target":{"@type":"EntryPoint","urlTemplate":"https:\/\/lightweb.dev\/l\/svm-temp\/?s={search_term_string}"},"query-input":{"@type":"PropertyValueSpecification","valueRequired":true,"valueName":"search_term_string"}}],"inLanguage":"sv-SE"},{"@type":"Organization","@id":"https:\/\/lightweb.dev\/l\/svm-temp\/#organization","name":"Melkerson y Nott SL","alternateName":"Svenska Magasinet","url":"https:\/\/lightweb.dev\/l\/svm-temp\/","logo":{"@type":"ImageObject","inLanguage":"sv-SE","@id":"https:\/\/lightweb.dev\/l\/svm-temp\/#\/schema\/logo\/image\/","url":"https:\/\/lightweb.dev\/l\/svm-temp\/wp-content\/uploads\/2025\/02\/SvM-logo-Xtra-Centrerad-SVART.png","contentUrl":"https:\/\/lightweb.dev\/l\/svm-temp\/wp-content\/uploads\/2025\/02\/SvM-logo-Xtra-Centrerad-SVART.png","width":300,"height":99,"caption":"Melkerson y Nott SL"},"image":{"@id":"https:\/\/lightweb.dev\/l\/svm-temp\/#\/schema\/logo\/image\/"},"sameAs":["https:\/\/www.facebook.com\/svenskamagasinet","https:\/\/x.com\/SvenskaMagasine"]},{"@type":"Person","@id":"https:\/\/lightweb.dev\/l\/svm-temp\/#\/schema\/person\/206a3bda5b607b0c25e1749191e4d837","name":"Redaktionen SvM","description":"Redaktionen","sameAs":["https:\/\/lightweb.dev\/l\/svm-temp"],"url":"https:\/\/lightweb.dev\/l\/svm-temp\/reporter\/redaktionen\/"}]}},"_links":{"self":[{"href":"https:\/\/lightweb.dev\/l\/svm-temp\/wp-json\/wp\/v2\/posts\/3289","targetHints":{"allow":["GET"]}}],"collection":[{"href":"https:\/\/lightweb.dev\/l\/svm-temp\/wp-json\/wp\/v2\/posts"}],"about":[{"href":"https:\/\/lightweb.dev\/l\/svm-temp\/wp-json\/wp\/v2\/types\/post"}],"author":[{"embeddable":true,"href":"https:\/\/lightweb.dev\/l\/svm-temp\/wp-json\/wp\/v2\/users\/8"}],"replies":[{"embeddable":true,"href":"https:\/\/lightweb.dev\/l\/svm-temp\/wp-json\/wp\/v2\/comments?post=3289"}],"version-history":[{"count":0,"href":"https:\/\/lightweb.dev\/l\/svm-temp\/wp-json\/wp\/v2\/posts\/3289\/revisions"}],"wp:featuredmedia":[{"embeddable":true,"href":"https:\/\/lightweb.dev\/l\/svm-temp\/wp-json\/wp\/v2\/media\/3290"}],"wp:attachment":[{"href":"https:\/\/lightweb.dev\/l\/svm-temp\/wp-json\/wp\/v2\/media?parent=3289"}],"wp:term":[{"taxonomy":"category","embeddable":true,"href":"https:\/\/lightweb.dev\/l\/svm-temp\/wp-json\/wp\/v2\/categories?post=3289"},{"taxonomy":"post_tag","embeddable":true,"href":"https:\/\/lightweb.dev\/l\/svm-temp\/wp-json\/wp\/v2\/tags?post=3289"}],"curies":[{"name":"wp","href":"https:\/\/api.w.org\/{rel}","templated":true}]}}