{"id":3345,"date":"2011-05-09T00:00:00","date_gmt":"2011-05-08T22:00:00","guid":{"rendered":"https:\/\/lightweb.dev\/l\/svm-temp\/spanien-just-nu-solkustens-gra-pantrar\/"},"modified":"2011-05-09T00:00:00","modified_gmt":"2011-05-08T22:00:00","slug":"spanien-just-nu-solkustens-gra-pantrar","status":"publish","type":"post","link":"https:\/\/lightweb.dev\/l\/svm-temp\/artiklar\/spanien-just-nu-solkustens-gra-pantrar\/","title":{"rendered":"Spanien just nu \u2013 Solkustens gr\u00e5 pantrar"},"content":{"rendered":"<p> Livet \u00e4r riktigt kul, s\u00e4ger n\u00e5gra \u00e4ldre svenskar p\u00e5 Solkusten. Att f\u00e5 bo i Europas b\u00e4sta klimat ger n\u00e5gra extra levnads\u00e5r \u00e4r de flesta \u00f6verrens om Av Ola Josefsson<\/p>\n<p>Provinsens gr\u00e5 pantrar blir allt fler. Fr\u00e5n \u00e5r 2000 till 2010 \u00f6kade befolkningen \u00f6ver 65 \u00e5r med 33 procent till 240.953 personer. Ungdomarna d\u00e4remot \u00f6kade inte i samma omfattning. De av befolkningen som \u00e4r under 15 \u00e5r \u00f6kade med 28 procent till 275.486 personer.<br \/>\nProvinsens befolkningspyramid med 17 procent barn och ungdomar och 14 procent pension\u00e4rer liknar den \u201dbefolkningst\u00e5rta\u201d som vi ser nationellt i Spanien och \u00f6vriga Europa. De \u00e4ldre blir \u00e4ldre och friskare.<\/p>\n<p>Sol och v\u00e4rme \u00e4ven p\u00e5 vintern utan att halka runt p\u00e5 gator och torg. Promenaden p\u00e5 paseon utan att beh\u00f6va s\u00e4tta p\u00e5 broddar st\u00e5r h\u00f6gt i kurs f\u00f6r Solkustens pension\u00e4rer. Och de som flyttar hem \u00e5ngrar sig. Det \u00e4r en stor skillnad i att vara h\u00e4r och d\u00e4r, s\u00e4ger en svensk kvinna och pension\u00e4r till mig.<br \/>\n\u201dOch t\u00e4nk att kunna ta ett glas vin ute p\u00e5 stan med sina v\u00e4nner\u201d, s\u00e4ger hon och jag vet att hon har en stor umg\u00e4ngeskrets.<\/p>\n<p>V\u00e5ren 2010 ber\u00e4ttade Svenska Magasinet om Maj Wallin, 93, i samband med att golft\u00e4vlingen Nordico fyllde 35 \u00e5r. Maj var med och startade golft\u00e4vlingen p\u00e5 Guadalmina. \u201dStr\u00e5lande och vid full vig\u00f6r h\u00f6ll Maj Wallin ett bejublat rimmat poem om golfarens vederm\u00f6dor och gl\u00e4dje\u00e4mnen. Helt utan manus, som skulle f\u00e5 \u00e4ven den mest namnkunnige estrad\u00f6r att blekna\u2026\u201d.<\/p>\n<p>Under \u00e5rens lopp har jag tr\u00e4ffat n\u00e5gra stycken som passerat 100-\u00e5rsdagen som exempelvis Svend Christensen i Fuengirola och Margit Stenberg i V\u00e9lez M\u00e1laga. Eugenie Trullemans Rydeberg som var gift med Georg Rydeberg fram till 1979 fyller 102 \u00e5r i sommar. Margaretha Holmdahl \u00e4r p\u00e5 v\u00e4g mot 100. Margaretha och hennes man Stellan som har en gata (Calle Holmdahl) uppkallad efter sig i Calahonda i Mijas Costa. Andra som \u00e4r p\u00e5 v\u00e4g mot 100 \u00e4r Monika Mollb\u00e4ck och Amalia S\u00f6derhjelm.<\/p>\n<p>Solkusten brukar ibland sk\u00e4mtsamt beskrivas som Europas st\u00f6rsta pension\u00e4rsreservat, kanske d\u00e5 i konkurrens med Costa Blanca och franska Rivieran. I en tidningsartikel nyligen togs \u00e4mnet upp med den st\u00e4ndiga str\u00f6mmen av pension\u00e4rer fr\u00e5n EU-l\u00e4nder som st\u00e4ller nya krav p\u00e5 de offentliga institutionerna utmed Costa del Sol.<br \/>\nF\u00f6rutom det egna landets medborgare \u00f6kar tillstr\u00f6mningen av residenta utl\u00e4nningar till sjukhusen. Redan nu har det morrats vid apoteken n\u00e4r pension\u00e4rer fr\u00e5n EU-l\u00e4nder p\u00e5 tillf\u00e4lligt bes\u00f6k har r\u00e4tt till utskriven medicin gratis. N\u00e5got som Svenska Magasinet skrev om i marsnumret efter att EU anm\u00e4lt Spanien f\u00f6r diskriminering av europeiska pension\u00e4rer. Att Spanien vid flera tillf\u00e4llen nekat utl\u00e4ndska pension\u00e4rer gratis medicin eller kr\u00e4vt extra intyg p\u00e5 att individen \u00e4r pension\u00e4rer har f\u00e5tt EU-kommissionen att reagera. Givetvis kommer Svenska Magasinet att bevaka utvecklingen.<\/p>\n<p>Ekonomen Vincen\u00e7 Navarro har skrivet en bok som belyser sjukv\u00e5rdens nya utmaningar p\u00e5 Costa del Sol. Professor Miguel \u00c1ngel Garc\u00eda medverkar och beskriver kusten som en trivsam plats som dock skapar vissa kontroverser. Klimatet inbjuder till sk\u00f6nt golfspel i stort sett hela \u00e5ret, trevliga middagar p\u00e5 bra restauranger \u2013 givetvis lockas pension\u00e4rer av detta.<br \/>\nF\u00f6r sjukv\u00e5rden betyder det ocks\u00e5 ut\u00f6kade kostnader i h\u00f6ftledsoperationer och prostatabehandlingar, skriver professor Miguel \u00c1ngel Garc\u00eda.<\/p>\n<p>Den utl\u00e4ndska befolkningen p\u00e5 \u00f6ver 65 \u00e5r, det g\u00e4ller i synnerhet pension\u00e4rer fr\u00e5n EU-l\u00e4nder, har \u00f6kat under de senaste tio \u00e5ren i provinsen M\u00e1laga. Det g\u00e4ller speciellt i 17 kommuner som ligger utmed kusten. Dessa kommuner innehar 80 procent av den totala befolkningen i provinsen. Idag lever 43.100 personer som \u00e4r f\u00f6dda utanf\u00f6r Spanien enbart i M\u00e1laga stad. I b\u00f6rjan p\u00e5 2000-talet l\u00e5g siffran p\u00e5 14.000.<\/p>\n<p>Enligt Miguel \u00c1ngel Garc\u00eda upplever m\u00e5nga sjukv\u00e5rdare en enorm stress n\u00e4r nu antalet \u00e5ldringar \u00f6kar. Spr\u00e5kproblem spelar in i vissa fall. I framtiden menar bed\u00f6mare att hembes\u00f6ken m\u00e5ste \u00f6ka liksom antalet v\u00e5rdhem och seniorboende. Det beh\u00f6vs \u00e4ven fler s\u00f6kande till utbildningar inom branschen f\u00f6r att m\u00f6ta det v\u00e4xande behovet som kommer av att antalet \u00e5ldringar v\u00e4xer. H\u00e4r tittar Spanien p\u00e5 de nordiska l\u00e4nderna som goda exempel.<\/p>\n<p>Samtidigt har dagens pension\u00e4rer blivit friskare, mer aktiva och kr\u00e4ver en st\u00f6rre roll i samh\u00e4llet. Det s\u00e4tter en press p\u00e5 myndigheterna i att erbjuda livskvalitet med sp\u00e4nnande och stimulerande aktiviteter. Ana Navarro vid socialtj\u00e4nsten i M\u00e1laga menar att socialtj\u00e4nsten oftast kopplas in n\u00e4r inte n\u00e4tverket familjen fungerar. En person som \u00e4r 65 \u00e5r och som \u00e4r i sina b\u00e4sta \u00e5r har mycket fritid men kr\u00e4ver samtidigt att det ska finnas valm\u00f6jligheter och aktiviteter.<\/p>\n<p>Kurser, resor eller bes\u00f6k p\u00e5 dagcenter som erbjuder kultur- eller fritidsaktiviteter \u00e4r viktigt. Vid dessa dagcenter finns \u00e4ven speciella menyer som erbjuds till pension\u00e4rer till \u00f6verkomliga priser.<\/p>\n<p>Det \u00e4r viktigt att de \u00e4ldre k\u00e4nner sig nyttiga och uppskattade p\u00e5 \u00e5lderns h\u00f6st. Att de f\u00e5r avnjuta sitt pension\u00e4rsliv i frihet med sp\u00e4nnande aktiviteter. D\u00e5 h\u00e5ller de \u00e4ldre sig friska. Vi som \u00e4r unga (n\u00e5ja) och fortfarande arbetar uppskattar verkligen att ha er \u00e4ldre bland oss. <\/p>\n","protected":false},"excerpt":{"rendered":"<p>Livet \u00e4r riktigt kul, s\u00e4ger n\u00e5gra \u00e4ldre svenskar p\u00e5 Solkusten. Att f\u00e5 bo i Europas b\u00e4sta klimat ger n\u00e5gra extra levnads\u00e5r \u00e4r de flesta \u00f6verrens om Av Ola Josefsson Provinsens gr\u00e5 pantrar blir allt fler. Fr\u00e5n \u00e5r 2000 till 2010 \u00f6kade befolkningen \u00f6ver 65 \u00e5r med 33 procent till 240.953 personer. Ungdomarna d\u00e4remot \u00f6kade inte [&hellip;]<\/p>\n","protected":false},"author":8,"featured_media":3346,"comment_status":"open","ping_status":"open","sticky":false,"template":"","format":"standard","meta":{"_et_pb_use_builder":"","_et_pb_old_content":"","_et_gb_content_width":"","footnotes":""},"categories":[4,36],"tags":[],"class_list":["post-3345","post","type-post","status-publish","format-standard","has-post-thumbnail","hentry","category-artiklar","category-spanien-just-nu"],"yoast_head":"<!-- This site is optimized with the Yoast SEO Premium plugin v26.2 (Yoast SEO v28.2) - https:\/\/yoast.com\/product\/yoast-seo-premium-wordpress\/ -->\n<title>Spanien just nu \u2013 Solkustens gr\u00e5 pantrar - Svenska Magasinet<\/title>\n<meta name=\"robots\" content=\"noindex, follow, max-snippet:-1, max-image-preview:large, max-video-preview:-1\" \/>\n<meta property=\"og:locale\" content=\"sv_SE\" \/>\n<meta property=\"og:type\" content=\"article\" \/>\n<meta property=\"og:title\" content=\"Spanien just nu \u2013 Solkustens gr\u00e5 pantrar\" \/>\n<meta property=\"og:description\" content=\"Livet \u00e4r riktigt kul, s\u00e4ger n\u00e5gra \u00e4ldre svenskar p\u00e5 Solkusten. Att f\u00e5 bo i Europas b\u00e4sta klimat ger n\u00e5gra extra levnads\u00e5r \u00e4r de flesta \u00f6verrens om Av Ola Josefsson Provinsens gr\u00e5 pantrar blir allt fler. Fr\u00e5n \u00e5r 2000 till 2010 \u00f6kade befolkningen \u00f6ver 65 \u00e5r med 33 procent till 240.953 personer. Ungdomarna d\u00e4remot \u00f6kade inte [&hellip;]\" \/>\n<meta property=\"og:url\" content=\"https:\/\/lightweb.dev\/l\/svm-temp\/artiklar\/spanien-just-nu-solkustens-gra-pantrar\/\" \/>\n<meta property=\"og:site_name\" content=\"Svenska Magasinet\" \/>\n<meta property=\"article:publisher\" content=\"https:\/\/www.facebook.com\/svenskamagasinet\" \/>\n<meta property=\"article:published_time\" content=\"2011-05-08T22:00:00+00:00\" \/>\n<meta property=\"og:image\" content=\"https:\/\/lightweb.dev\/l\/svm-temp\/wp-content\/uploads\/2022\/04\/spanien-just-nu-solkustens-gr-pantrar.png\" \/>\n\t<meta property=\"og:image:width\" content=\"280\" \/>\n\t<meta property=\"og:image:height\" content=\"419\" \/>\n\t<meta property=\"og:image:type\" content=\"image\/png\" \/>\n<meta name=\"author\" content=\"Redaktionen SvM\" \/>\n<meta name=\"twitter:card\" content=\"summary_large_image\" \/>\n<meta name=\"twitter:creator\" content=\"@SvenskaMagasine\" \/>\n<meta name=\"twitter:site\" content=\"@SvenskaMagasine\" \/>\n<script type=\"application\/ld+json\" class=\"yoast-schema-graph\">{\"@context\":\"https:\\\/\\\/schema.org\",\"@graph\":[{\"@type\":\"Article\",\"@id\":\"https:\\\/\\\/lightweb.dev\\\/l\\\/svm-temp\\\/artiklar\\\/spanien-just-nu-solkustens-gra-pantrar\\\/#article\",\"isPartOf\":{\"@id\":\"https:\\\/\\\/lightweb.dev\\\/l\\\/svm-temp\\\/artiklar\\\/spanien-just-nu-solkustens-gra-pantrar\\\/\"},\"author\":{\"name\":\"Redaktionen SvM\",\"@id\":\"https:\\\/\\\/lightweb.dev\\\/l\\\/svm-temp\\\/#\\\/schema\\\/person\\\/206a3bda5b607b0c25e1749191e4d837\"},\"headline\":\"Spanien just nu \u2013 Solkustens gr\u00e5 pantrar\",\"datePublished\":\"2011-05-08T22:00:00+00:00\",\"mainEntityOfPage\":{\"@id\":\"https:\\\/\\\/lightweb.dev\\\/l\\\/svm-temp\\\/artiklar\\\/spanien-just-nu-solkustens-gra-pantrar\\\/\"},\"wordCount\":911,\"commentCount\":0,\"publisher\":{\"@id\":\"https:\\\/\\\/lightweb.dev\\\/l\\\/svm-temp\\\/#organization\"},\"image\":{\"@id\":\"https:\\\/\\\/lightweb.dev\\\/l\\\/svm-temp\\\/artiklar\\\/spanien-just-nu-solkustens-gra-pantrar\\\/#primaryimage\"},\"thumbnailUrl\":\"https:\\\/\\\/lightweb.dev\\\/l\\\/svm-temp\\\/wp-content\\\/uploads\\\/2022\\\/04\\\/spanien-just-nu-solkustens-gr-pantrar.png\",\"articleSection\":[\"Artiklar\",\"Spanien just nu\"],\"inLanguage\":\"sv-SE\"},{\"@type\":\"WebPage\",\"@id\":\"https:\\\/\\\/lightweb.dev\\\/l\\\/svm-temp\\\/artiklar\\\/spanien-just-nu-solkustens-gra-pantrar\\\/\",\"url\":\"https:\\\/\\\/lightweb.dev\\\/l\\\/svm-temp\\\/artiklar\\\/spanien-just-nu-solkustens-gra-pantrar\\\/\",\"name\":\"Spanien just nu \u2013 Solkustens gr\u00e5 pantrar - Svenska Magasinet\",\"isPartOf\":{\"@id\":\"https:\\\/\\\/lightweb.dev\\\/l\\\/svm-temp\\\/#website\"},\"primaryImageOfPage\":{\"@id\":\"https:\\\/\\\/lightweb.dev\\\/l\\\/svm-temp\\\/artiklar\\\/spanien-just-nu-solkustens-gra-pantrar\\\/#primaryimage\"},\"image\":{\"@id\":\"https:\\\/\\\/lightweb.dev\\\/l\\\/svm-temp\\\/artiklar\\\/spanien-just-nu-solkustens-gra-pantrar\\\/#primaryimage\"},\"thumbnailUrl\":\"https:\\\/\\\/lightweb.dev\\\/l\\\/svm-temp\\\/wp-content\\\/uploads\\\/2022\\\/04\\\/spanien-just-nu-solkustens-gr-pantrar.png\",\"datePublished\":\"2011-05-08T22:00:00+00:00\",\"breadcrumb\":{\"@id\":\"https:\\\/\\\/lightweb.dev\\\/l\\\/svm-temp\\\/artiklar\\\/spanien-just-nu-solkustens-gra-pantrar\\\/#breadcrumb\"},\"inLanguage\":\"sv-SE\",\"potentialAction\":[{\"@type\":\"ReadAction\",\"target\":[\"https:\\\/\\\/lightweb.dev\\\/l\\\/svm-temp\\\/artiklar\\\/spanien-just-nu-solkustens-gra-pantrar\\\/\"]}]},{\"@type\":\"ImageObject\",\"inLanguage\":\"sv-SE\",\"@id\":\"https:\\\/\\\/lightweb.dev\\\/l\\\/svm-temp\\\/artiklar\\\/spanien-just-nu-solkustens-gra-pantrar\\\/#primaryimage\",\"url\":\"https:\\\/\\\/lightweb.dev\\\/l\\\/svm-temp\\\/wp-content\\\/uploads\\\/2022\\\/04\\\/spanien-just-nu-solkustens-gr-pantrar.png\",\"contentUrl\":\"https:\\\/\\\/lightweb.dev\\\/l\\\/svm-temp\\\/wp-content\\\/uploads\\\/2022\\\/04\\\/spanien-just-nu-solkustens-gr-pantrar.png\",\"width\":280,\"height\":419},{\"@type\":\"BreadcrumbList\",\"@id\":\"https:\\\/\\\/lightweb.dev\\\/l\\\/svm-temp\\\/artiklar\\\/spanien-just-nu-solkustens-gra-pantrar\\\/#breadcrumb\",\"itemListElement\":[{\"@type\":\"ListItem\",\"position\":1,\"name\":\"Hem\",\"item\":\"https:\\\/\\\/lightweb.dev\\\/l\\\/svm-temp\\\/\"},{\"@type\":\"ListItem\",\"position\":2,\"name\":\"Spanien just nu \u2013 Solkustens gr\u00e5 pantrar\"}]},{\"@type\":\"WebSite\",\"@id\":\"https:\\\/\\\/lightweb.dev\\\/l\\\/svm-temp\\\/#website\",\"url\":\"https:\\\/\\\/lightweb.dev\\\/l\\\/svm-temp\\\/\",\"name\":\"Svenska Magasinet\",\"description\":\"Dina Spanska nyheter p&aring; Svenska\",\"publisher\":{\"@id\":\"https:\\\/\\\/lightweb.dev\\\/l\\\/svm-temp\\\/#organization\"},\"potentialAction\":[{\"@type\":\"SearchAction\",\"target\":{\"@type\":\"EntryPoint\",\"urlTemplate\":\"https:\\\/\\\/lightweb.dev\\\/l\\\/svm-temp\\\/?s={search_term_string}\"},\"query-input\":{\"@type\":\"PropertyValueSpecification\",\"valueRequired\":true,\"valueName\":\"search_term_string\"}}],\"inLanguage\":\"sv-SE\"},{\"@type\":\"Organization\",\"@id\":\"https:\\\/\\\/lightweb.dev\\\/l\\\/svm-temp\\\/#organization\",\"name\":\"Melkerson y Nott SL\",\"alternateName\":\"Svenska Magasinet\",\"url\":\"https:\\\/\\\/lightweb.dev\\\/l\\\/svm-temp\\\/\",\"logo\":{\"@type\":\"ImageObject\",\"inLanguage\":\"sv-SE\",\"@id\":\"https:\\\/\\\/lightweb.dev\\\/l\\\/svm-temp\\\/#\\\/schema\\\/logo\\\/image\\\/\",\"url\":\"https:\\\/\\\/lightweb.dev\\\/l\\\/svm-temp\\\/wp-content\\\/uploads\\\/2025\\\/02\\\/SvM-logo-Xtra-Centrerad-SVART.png\",\"contentUrl\":\"https:\\\/\\\/lightweb.dev\\\/l\\\/svm-temp\\\/wp-content\\\/uploads\\\/2025\\\/02\\\/SvM-logo-Xtra-Centrerad-SVART.png\",\"width\":300,\"height\":99,\"caption\":\"Melkerson y Nott SL\"},\"image\":{\"@id\":\"https:\\\/\\\/lightweb.dev\\\/l\\\/svm-temp\\\/#\\\/schema\\\/logo\\\/image\\\/\"},\"sameAs\":[\"https:\\\/\\\/www.facebook.com\\\/svenskamagasinet\",\"https:\\\/\\\/x.com\\\/SvenskaMagasine\"]},{\"@type\":\"Person\",\"@id\":\"https:\\\/\\\/lightweb.dev\\\/l\\\/svm-temp\\\/#\\\/schema\\\/person\\\/206a3bda5b607b0c25e1749191e4d837\",\"name\":\"Redaktionen SvM\",\"description\":\"Redaktionen\",\"sameAs\":[\"https:\\\/\\\/lightweb.dev\\\/l\\\/svm-temp\"],\"url\":\"https:\\\/\\\/lightweb.dev\\\/l\\\/svm-temp\\\/reporter\\\/redaktionen\\\/\"}]}<\/script>\n<!-- \/ Yoast SEO Premium plugin. -->","yoast_head_json":{"title":"Spanien just nu \u2013 Solkustens gr\u00e5 pantrar - Svenska Magasinet","robots":{"index":"noindex","follow":"follow","max-snippet":"max-snippet:-1","max-image-preview":"max-image-preview:large","max-video-preview":"max-video-preview:-1"},"og_locale":"sv_SE","og_type":"article","og_title":"Spanien just nu \u2013 Solkustens gr\u00e5 pantrar","og_description":"Livet \u00e4r riktigt kul, s\u00e4ger n\u00e5gra \u00e4ldre svenskar p\u00e5 Solkusten. Att f\u00e5 bo i Europas b\u00e4sta klimat ger n\u00e5gra extra levnads\u00e5r \u00e4r de flesta \u00f6verrens om Av Ola Josefsson Provinsens gr\u00e5 pantrar blir allt fler. Fr\u00e5n \u00e5r 2000 till 2010 \u00f6kade befolkningen \u00f6ver 65 \u00e5r med 33 procent till 240.953 personer. Ungdomarna d\u00e4remot \u00f6kade inte [&hellip;]","og_url":"https:\/\/lightweb.dev\/l\/svm-temp\/artiklar\/spanien-just-nu-solkustens-gra-pantrar\/","og_site_name":"Svenska Magasinet","article_publisher":"https:\/\/www.facebook.com\/svenskamagasinet","article_published_time":"2011-05-08T22:00:00+00:00","og_image":[{"width":280,"height":419,"url":"https:\/\/lightweb.dev\/l\/svm-temp\/wp-content\/uploads\/2022\/04\/spanien-just-nu-solkustens-gr-pantrar.png","type":"image\/png"}],"author":"Redaktionen SvM","twitter_card":"summary_large_image","twitter_creator":"@SvenskaMagasine","twitter_site":"@SvenskaMagasine","schema":{"@context":"https:\/\/schema.org","@graph":[{"@type":"Article","@id":"https:\/\/lightweb.dev\/l\/svm-temp\/artiklar\/spanien-just-nu-solkustens-gra-pantrar\/#article","isPartOf":{"@id":"https:\/\/lightweb.dev\/l\/svm-temp\/artiklar\/spanien-just-nu-solkustens-gra-pantrar\/"},"author":{"name":"Redaktionen SvM","@id":"https:\/\/lightweb.dev\/l\/svm-temp\/#\/schema\/person\/206a3bda5b607b0c25e1749191e4d837"},"headline":"Spanien just nu \u2013 Solkustens gr\u00e5 pantrar","datePublished":"2011-05-08T22:00:00+00:00","mainEntityOfPage":{"@id":"https:\/\/lightweb.dev\/l\/svm-temp\/artiklar\/spanien-just-nu-solkustens-gra-pantrar\/"},"wordCount":911,"commentCount":0,"publisher":{"@id":"https:\/\/lightweb.dev\/l\/svm-temp\/#organization"},"image":{"@id":"https:\/\/lightweb.dev\/l\/svm-temp\/artiklar\/spanien-just-nu-solkustens-gra-pantrar\/#primaryimage"},"thumbnailUrl":"https:\/\/lightweb.dev\/l\/svm-temp\/wp-content\/uploads\/2022\/04\/spanien-just-nu-solkustens-gr-pantrar.png","articleSection":["Artiklar","Spanien just nu"],"inLanguage":"sv-SE"},{"@type":"WebPage","@id":"https:\/\/lightweb.dev\/l\/svm-temp\/artiklar\/spanien-just-nu-solkustens-gra-pantrar\/","url":"https:\/\/lightweb.dev\/l\/svm-temp\/artiklar\/spanien-just-nu-solkustens-gra-pantrar\/","name":"Spanien just nu \u2013 Solkustens gr\u00e5 pantrar - Svenska Magasinet","isPartOf":{"@id":"https:\/\/lightweb.dev\/l\/svm-temp\/#website"},"primaryImageOfPage":{"@id":"https:\/\/lightweb.dev\/l\/svm-temp\/artiklar\/spanien-just-nu-solkustens-gra-pantrar\/#primaryimage"},"image":{"@id":"https:\/\/lightweb.dev\/l\/svm-temp\/artiklar\/spanien-just-nu-solkustens-gra-pantrar\/#primaryimage"},"thumbnailUrl":"https:\/\/lightweb.dev\/l\/svm-temp\/wp-content\/uploads\/2022\/04\/spanien-just-nu-solkustens-gr-pantrar.png","datePublished":"2011-05-08T22:00:00+00:00","breadcrumb":{"@id":"https:\/\/lightweb.dev\/l\/svm-temp\/artiklar\/spanien-just-nu-solkustens-gra-pantrar\/#breadcrumb"},"inLanguage":"sv-SE","potentialAction":[{"@type":"ReadAction","target":["https:\/\/lightweb.dev\/l\/svm-temp\/artiklar\/spanien-just-nu-solkustens-gra-pantrar\/"]}]},{"@type":"ImageObject","inLanguage":"sv-SE","@id":"https:\/\/lightweb.dev\/l\/svm-temp\/artiklar\/spanien-just-nu-solkustens-gra-pantrar\/#primaryimage","url":"https:\/\/lightweb.dev\/l\/svm-temp\/wp-content\/uploads\/2022\/04\/spanien-just-nu-solkustens-gr-pantrar.png","contentUrl":"https:\/\/lightweb.dev\/l\/svm-temp\/wp-content\/uploads\/2022\/04\/spanien-just-nu-solkustens-gr-pantrar.png","width":280,"height":419},{"@type":"BreadcrumbList","@id":"https:\/\/lightweb.dev\/l\/svm-temp\/artiklar\/spanien-just-nu-solkustens-gra-pantrar\/#breadcrumb","itemListElement":[{"@type":"ListItem","position":1,"name":"Hem","item":"https:\/\/lightweb.dev\/l\/svm-temp\/"},{"@type":"ListItem","position":2,"name":"Spanien just nu \u2013 Solkustens gr\u00e5 pantrar"}]},{"@type":"WebSite","@id":"https:\/\/lightweb.dev\/l\/svm-temp\/#website","url":"https:\/\/lightweb.dev\/l\/svm-temp\/","name":"Svenska Magasinet","description":"Dina Spanska nyheter p&aring; Svenska","publisher":{"@id":"https:\/\/lightweb.dev\/l\/svm-temp\/#organization"},"potentialAction":[{"@type":"SearchAction","target":{"@type":"EntryPoint","urlTemplate":"https:\/\/lightweb.dev\/l\/svm-temp\/?s={search_term_string}"},"query-input":{"@type":"PropertyValueSpecification","valueRequired":true,"valueName":"search_term_string"}}],"inLanguage":"sv-SE"},{"@type":"Organization","@id":"https:\/\/lightweb.dev\/l\/svm-temp\/#organization","name":"Melkerson y Nott SL","alternateName":"Svenska Magasinet","url":"https:\/\/lightweb.dev\/l\/svm-temp\/","logo":{"@type":"ImageObject","inLanguage":"sv-SE","@id":"https:\/\/lightweb.dev\/l\/svm-temp\/#\/schema\/logo\/image\/","url":"https:\/\/lightweb.dev\/l\/svm-temp\/wp-content\/uploads\/2025\/02\/SvM-logo-Xtra-Centrerad-SVART.png","contentUrl":"https:\/\/lightweb.dev\/l\/svm-temp\/wp-content\/uploads\/2025\/02\/SvM-logo-Xtra-Centrerad-SVART.png","width":300,"height":99,"caption":"Melkerson y Nott SL"},"image":{"@id":"https:\/\/lightweb.dev\/l\/svm-temp\/#\/schema\/logo\/image\/"},"sameAs":["https:\/\/www.facebook.com\/svenskamagasinet","https:\/\/x.com\/SvenskaMagasine"]},{"@type":"Person","@id":"https:\/\/lightweb.dev\/l\/svm-temp\/#\/schema\/person\/206a3bda5b607b0c25e1749191e4d837","name":"Redaktionen SvM","description":"Redaktionen","sameAs":["https:\/\/lightweb.dev\/l\/svm-temp"],"url":"https:\/\/lightweb.dev\/l\/svm-temp\/reporter\/redaktionen\/"}]}},"_links":{"self":[{"href":"https:\/\/lightweb.dev\/l\/svm-temp\/wp-json\/wp\/v2\/posts\/3345","targetHints":{"allow":["GET"]}}],"collection":[{"href":"https:\/\/lightweb.dev\/l\/svm-temp\/wp-json\/wp\/v2\/posts"}],"about":[{"href":"https:\/\/lightweb.dev\/l\/svm-temp\/wp-json\/wp\/v2\/types\/post"}],"author":[{"embeddable":true,"href":"https:\/\/lightweb.dev\/l\/svm-temp\/wp-json\/wp\/v2\/users\/8"}],"replies":[{"embeddable":true,"href":"https:\/\/lightweb.dev\/l\/svm-temp\/wp-json\/wp\/v2\/comments?post=3345"}],"version-history":[{"count":0,"href":"https:\/\/lightweb.dev\/l\/svm-temp\/wp-json\/wp\/v2\/posts\/3345\/revisions"}],"wp:featuredmedia":[{"embeddable":true,"href":"https:\/\/lightweb.dev\/l\/svm-temp\/wp-json\/wp\/v2\/media\/3346"}],"wp:attachment":[{"href":"https:\/\/lightweb.dev\/l\/svm-temp\/wp-json\/wp\/v2\/media?parent=3345"}],"wp:term":[{"taxonomy":"category","embeddable":true,"href":"https:\/\/lightweb.dev\/l\/svm-temp\/wp-json\/wp\/v2\/categories?post=3345"},{"taxonomy":"post_tag","embeddable":true,"href":"https:\/\/lightweb.dev\/l\/svm-temp\/wp-json\/wp\/v2\/tags?post=3345"}],"curies":[{"name":"wp","href":"https:\/\/api.w.org\/{rel}","templated":true}]}}