{"id":3371,"date":"2011-04-13T00:00:00","date_gmt":"2011-04-12T22:00:00","guid":{"rendered":"https:\/\/lightweb.dev\/l\/svm-temp\/nu-ar-museo-carmen-thyssen-invigt\/"},"modified":"2011-04-13T00:00:00","modified_gmt":"2011-04-12T22:00:00","slug":"nu-ar-museo-carmen-thyssen-invigt","status":"publish","type":"post","link":"https:\/\/lightweb.dev\/l\/svm-temp\/artiklar\/nu-ar-museo-carmen-thyssen-invigt\/","title":{"rendered":"Nu \u00e4r Museo Carmen Thyssen invigt"},"content":{"rendered":"<p> S\u00e5 \u00e4r d\u00e5 Museo Carmen Thyssen en verklighet. Efter sju \u00e5rs arbete med byggnaden Palacio Villal\u00f3n och fyra \u00e5rs planering med baronessan Carmen Thyssens privata samling \u00f6ppnade museet den 24 mars under n\u00e4rvaro av bland annat sk\u00e5despelaren Antonio Banderas och hustrun Melanie Griffith Av Ola Josefsson<\/p>\n<p>11.000 bes\u00f6kare kom under de tre f\u00f6rsta dagarna efter att museet \u00f6ppnade officiellt den 25 mars. M\u00e1lagas borgm\u00e4stare Francisco de la Torre hoppas p\u00e5 mellan 200.000 till 250.000 bes\u00f6kare under det f\u00f6rsta \u00e5ret:<br \/>\n\u201dMed detta museum tror vi att bes\u00f6karna i M\u00e1laga kommer att f\u00f6rl\u00e4nga sitt uppeh\u00e4lle i staden vilket gagnar hela kommunen ekonomiskt\u201d, s\u00e4ger de la Torre till tidningen La Opini\u00f3n.<\/p>\n<p>Kommunen kommer att st\u00f6tta museet med tv\u00e5 miljoner \u00e5rligen. Intr\u00e4det p\u00e5 sex euro plus f\u00f6rs\u00e4ljningen i butiken och privata donationer ska minska de kommunala utgifterna.<\/p>\n<p>Carmen Thyssen har valt att st\u00e4lla ut 230 verk som utg\u00f6r den permanenta samlingen \u201df\u00f6r sin sk\u00f6nhet, kvalitet och eftersom de tillh\u00f6r Andalusien men det finns \u00e4ven andra utst\u00e4llare som Sorolla, Berruguete och Regoyos\u201d.<\/p>\n<p>Det finns \u00e4ven flera konstverk som visar motiv fr\u00e5n provinsen M\u00e1laga. Som exempelvis Guillermo G\u00f3mez Gils \u201dLa fuente de Reding\u201d fr\u00e5n 1880-1885 (bilden) samt verk av Manuel Barr\u00f3n y Carrillo fr\u00e5n 1847, tysken Fritz Bamberger samt Emilio Oc\u00f3n y Rivas och Mu\u00f1oz Degrain.<\/p>\n<p>I salen \u201dMaestros Antiguos\u201d visas verk fr\u00e5n 1300-talet fram till 1700-talet bland annat en Kristusstaty fr\u00e5n 1230 och ett konstverk p\u00e5 Zurbar\u00e1n Santa Marina (1640-1650).<\/p>\n<p>Museet Carmen Thyssen har tre utst\u00e4llningshallar med permanent konst best\u00e5ende av 230 verk fr\u00e5n 1900-talet. Den 11 april \u00f6ppnar en tillf\u00e4llig utst\u00e4llning under namnet \u201dDe Picasso a T\u00e0pies\u201d. P\u00e5 museet finns \u00e4ven en hall med 100 sittplatser i h\u00e4ndelse av andra evenemang.<\/p>\n<p>Konstmuseet Museo Carmen Thyssen ligger i gamla stan, Centro Hist\u00f3rico, i M\u00e1laga. Och det \u00e4r en gammal anrik fastighet som inhyser museet.<\/p>\n<p>Palacio de Villal\u00f3n p\u00e5 calle Compa\u00f1\u00eda \u00e4r en palatsliknande byggnad med l\u00e5ng historia. F\u00f6rfattaren Antonio Lara har studerat byggnadens historia och kommit fram till att m\u00e5nga intressanta karakt\u00e4rer har varit h\u00e4r.<\/p>\n<p>Palacio de Villal\u00f3n byggdes p\u00e5 1600-talet av en familj fr\u00e5n Burgos och kom senare att \u00e4gas av familjen Fern\u00e1ndez de Villal\u00f3n fr\u00e5n Setenil i provinsen C\u00e1diz. Genom ett \u00e4ktenskap 1707 mellan Catalina Victoria de Villal\u00f3n y Mendoza med Gaspar de Bracamonte y Zapata kom palatset att hamna i deras \u00e4gor. Familjens vapensk\u00f6ld kan \u00e4nnu ses i fasaden till byggnaden.<\/p>\n<p>Paret bodde i byggnaden fram till att mannen avled 1733. Familjen hamnade sedan i en sv\u00e5r ekonomisk situation. D\u00f6ttrarna Mariana och Ana Villal\u00f3n var k\u00e4nda i M\u00e1laga som \u201dlas Villalonas\u201d och de var med om att reparera kyrkan efter jordskalven i M\u00e1laga 1680 och 1755.<\/p>\n<p>Fram till mitten av 1800-talet var byggnaden obebodd. P\u00e5 1900-talet inhyste byggnaden b\u00e5de en j\u00e4rnhandel som tygaff\u00e4r. P\u00e5 senare tid har det funnits glas- och porslinsaff\u00e4r. Nu kommer palacio de Villal\u00f3n att inhysa vacker konst och m\u00e5nga sp\u00e4nnande konstutst\u00e4llningar v\u00e4ntar.<\/p>\n<p>Fakta\/<br \/>\nMuseo Carmen Thyssen, Calle Compa\u00f1\u00eda, 10, 29016 M\u00e1laga.<br \/>\n\u00d6ppettider: Tisdag till fredag, klockan 10 till 20<br \/>\nL\u00f6rdag och s\u00f6ndag, klockan 10 till 21<br \/>\nM\u00e5ndagar st\u00e4ngt.<br \/>\nIntr\u00e4de till den permanenta utst\u00e4llningen: 6 euro<br \/>\nTempor\u00e4ra utst\u00e4llningar: 6 euro<br \/>\nSamtliga utst\u00e4llningar: 9 euro<br \/>\nStudenter, pension\u00e4rer \u00f6ver 65 \u00e5r: 3,50 euro.<br \/>\nBarn upp till 12 \u00e5r g\u00e5r in gratis <\/p>\n","protected":false},"excerpt":{"rendered":"<p>S\u00e5 \u00e4r d\u00e5 Museo Carmen Thyssen en verklighet. Efter sju \u00e5rs arbete med byggnaden Palacio Villal\u00f3n och fyra \u00e5rs planering med baronessan Carmen Thyssens privata samling \u00f6ppnade museet den 24 mars under n\u00e4rvaro av bland annat sk\u00e5despelaren Antonio Banderas och hustrun Melanie Griffith Av Ola Josefsson 11.000 bes\u00f6kare kom under de tre f\u00f6rsta dagarna efter [&hellip;]<\/p>\n","protected":false},"author":8,"featured_media":3372,"comment_status":"open","ping_status":"open","sticky":false,"template":"","format":"standard","meta":{"_et_pb_use_builder":"","_et_pb_old_content":"","_et_gb_content_width":"","footnotes":""},"categories":[4,45],"tags":[],"class_list":["post-3371","post","type-post","status-publish","format-standard","has-post-thumbnail","hentry","category-artiklar","category-kultur"],"yoast_head":"<!-- This site is optimized with the Yoast SEO Premium plugin v26.2 (Yoast SEO v28.2) - https:\/\/yoast.com\/product\/yoast-seo-premium-wordpress\/ -->\n<title>Nu \u00e4r Museo Carmen Thyssen invigt - Svenska Magasinet<\/title>\n<meta name=\"robots\" content=\"noindex, follow, max-snippet:-1, max-image-preview:large, max-video-preview:-1\" \/>\n<meta property=\"og:locale\" content=\"sv_SE\" \/>\n<meta property=\"og:type\" content=\"article\" \/>\n<meta property=\"og:title\" content=\"Nu \u00e4r Museo Carmen Thyssen invigt\" \/>\n<meta property=\"og:description\" content=\"S\u00e5 \u00e4r d\u00e5 Museo Carmen Thyssen en verklighet. Efter sju \u00e5rs arbete med byggnaden Palacio Villal\u00f3n och fyra \u00e5rs planering med baronessan Carmen Thyssens privata samling \u00f6ppnade museet den 24 mars under n\u00e4rvaro av bland annat sk\u00e5despelaren Antonio Banderas och hustrun Melanie Griffith Av Ola Josefsson 11.000 bes\u00f6kare kom under de tre f\u00f6rsta dagarna efter [&hellip;]\" \/>\n<meta property=\"og:url\" content=\"https:\/\/lightweb.dev\/l\/svm-temp\/artiklar\/nu-ar-museo-carmen-thyssen-invigt\/\" \/>\n<meta property=\"og:site_name\" content=\"Svenska Magasinet\" \/>\n<meta property=\"article:publisher\" content=\"https:\/\/www.facebook.com\/svenskamagasinet\" \/>\n<meta property=\"article:published_time\" content=\"2011-04-12T22:00:00+00:00\" \/>\n<meta property=\"og:image\" content=\"https:\/\/lightweb.dev\/l\/svm-temp\/wp-content\/uploads\/2022\/04\/nu-r-museo-carmen-thyssen-invigt.png\" \/>\n\t<meta property=\"og:image:width\" content=\"280\" \/>\n\t<meta property=\"og:image:height\" content=\"210\" \/>\n\t<meta property=\"og:image:type\" content=\"image\/png\" \/>\n<meta name=\"author\" content=\"Redaktionen SvM\" \/>\n<meta name=\"twitter:card\" content=\"summary_large_image\" \/>\n<meta name=\"twitter:creator\" content=\"@SvenskaMagasine\" \/>\n<meta name=\"twitter:site\" content=\"@SvenskaMagasine\" \/>\n<script type=\"application\/ld+json\" class=\"yoast-schema-graph\">{\"@context\":\"https:\\\/\\\/schema.org\",\"@graph\":[{\"@type\":\"Article\",\"@id\":\"https:\\\/\\\/lightweb.dev\\\/l\\\/svm-temp\\\/artiklar\\\/nu-ar-museo-carmen-thyssen-invigt\\\/#article\",\"isPartOf\":{\"@id\":\"https:\\\/\\\/lightweb.dev\\\/l\\\/svm-temp\\\/artiklar\\\/nu-ar-museo-carmen-thyssen-invigt\\\/\"},\"author\":{\"name\":\"Redaktionen SvM\",\"@id\":\"https:\\\/\\\/lightweb.dev\\\/l\\\/svm-temp\\\/#\\\/schema\\\/person\\\/206a3bda5b607b0c25e1749191e4d837\"},\"headline\":\"Nu \u00e4r Museo Carmen Thyssen invigt\",\"datePublished\":\"2011-04-12T22:00:00+00:00\",\"mainEntityOfPage\":{\"@id\":\"https:\\\/\\\/lightweb.dev\\\/l\\\/svm-temp\\\/artiklar\\\/nu-ar-museo-carmen-thyssen-invigt\\\/\"},\"wordCount\":598,\"commentCount\":0,\"publisher\":{\"@id\":\"https:\\\/\\\/lightweb.dev\\\/l\\\/svm-temp\\\/#organization\"},\"image\":{\"@id\":\"https:\\\/\\\/lightweb.dev\\\/l\\\/svm-temp\\\/artiklar\\\/nu-ar-museo-carmen-thyssen-invigt\\\/#primaryimage\"},\"thumbnailUrl\":\"https:\\\/\\\/lightweb.dev\\\/l\\\/svm-temp\\\/wp-content\\\/uploads\\\/2022\\\/04\\\/nu-r-museo-carmen-thyssen-invigt.png\",\"articleSection\":[\"Artiklar\",\"Kultur &amp; historia\"],\"inLanguage\":\"sv-SE\"},{\"@type\":\"WebPage\",\"@id\":\"https:\\\/\\\/lightweb.dev\\\/l\\\/svm-temp\\\/artiklar\\\/nu-ar-museo-carmen-thyssen-invigt\\\/\",\"url\":\"https:\\\/\\\/lightweb.dev\\\/l\\\/svm-temp\\\/artiklar\\\/nu-ar-museo-carmen-thyssen-invigt\\\/\",\"name\":\"Nu \u00e4r Museo Carmen Thyssen invigt - Svenska Magasinet\",\"isPartOf\":{\"@id\":\"https:\\\/\\\/lightweb.dev\\\/l\\\/svm-temp\\\/#website\"},\"primaryImageOfPage\":{\"@id\":\"https:\\\/\\\/lightweb.dev\\\/l\\\/svm-temp\\\/artiklar\\\/nu-ar-museo-carmen-thyssen-invigt\\\/#primaryimage\"},\"image\":{\"@id\":\"https:\\\/\\\/lightweb.dev\\\/l\\\/svm-temp\\\/artiklar\\\/nu-ar-museo-carmen-thyssen-invigt\\\/#primaryimage\"},\"thumbnailUrl\":\"https:\\\/\\\/lightweb.dev\\\/l\\\/svm-temp\\\/wp-content\\\/uploads\\\/2022\\\/04\\\/nu-r-museo-carmen-thyssen-invigt.png\",\"datePublished\":\"2011-04-12T22:00:00+00:00\",\"breadcrumb\":{\"@id\":\"https:\\\/\\\/lightweb.dev\\\/l\\\/svm-temp\\\/artiklar\\\/nu-ar-museo-carmen-thyssen-invigt\\\/#breadcrumb\"},\"inLanguage\":\"sv-SE\",\"potentialAction\":[{\"@type\":\"ReadAction\",\"target\":[\"https:\\\/\\\/lightweb.dev\\\/l\\\/svm-temp\\\/artiklar\\\/nu-ar-museo-carmen-thyssen-invigt\\\/\"]}]},{\"@type\":\"ImageObject\",\"inLanguage\":\"sv-SE\",\"@id\":\"https:\\\/\\\/lightweb.dev\\\/l\\\/svm-temp\\\/artiklar\\\/nu-ar-museo-carmen-thyssen-invigt\\\/#primaryimage\",\"url\":\"https:\\\/\\\/lightweb.dev\\\/l\\\/svm-temp\\\/wp-content\\\/uploads\\\/2022\\\/04\\\/nu-r-museo-carmen-thyssen-invigt.png\",\"contentUrl\":\"https:\\\/\\\/lightweb.dev\\\/l\\\/svm-temp\\\/wp-content\\\/uploads\\\/2022\\\/04\\\/nu-r-museo-carmen-thyssen-invigt.png\",\"width\":280,\"height\":210},{\"@type\":\"BreadcrumbList\",\"@id\":\"https:\\\/\\\/lightweb.dev\\\/l\\\/svm-temp\\\/artiklar\\\/nu-ar-museo-carmen-thyssen-invigt\\\/#breadcrumb\",\"itemListElement\":[{\"@type\":\"ListItem\",\"position\":1,\"name\":\"Hem\",\"item\":\"https:\\\/\\\/lightweb.dev\\\/l\\\/svm-temp\\\/\"},{\"@type\":\"ListItem\",\"position\":2,\"name\":\"Nu \u00e4r Museo Carmen Thyssen invigt\"}]},{\"@type\":\"WebSite\",\"@id\":\"https:\\\/\\\/lightweb.dev\\\/l\\\/svm-temp\\\/#website\",\"url\":\"https:\\\/\\\/lightweb.dev\\\/l\\\/svm-temp\\\/\",\"name\":\"Svenska Magasinet\",\"description\":\"Dina Spanska nyheter p&aring; Svenska\",\"publisher\":{\"@id\":\"https:\\\/\\\/lightweb.dev\\\/l\\\/svm-temp\\\/#organization\"},\"potentialAction\":[{\"@type\":\"SearchAction\",\"target\":{\"@type\":\"EntryPoint\",\"urlTemplate\":\"https:\\\/\\\/lightweb.dev\\\/l\\\/svm-temp\\\/?s={search_term_string}\"},\"query-input\":{\"@type\":\"PropertyValueSpecification\",\"valueRequired\":true,\"valueName\":\"search_term_string\"}}],\"inLanguage\":\"sv-SE\"},{\"@type\":\"Organization\",\"@id\":\"https:\\\/\\\/lightweb.dev\\\/l\\\/svm-temp\\\/#organization\",\"name\":\"Melkerson y Nott SL\",\"alternateName\":\"Svenska Magasinet\",\"url\":\"https:\\\/\\\/lightweb.dev\\\/l\\\/svm-temp\\\/\",\"logo\":{\"@type\":\"ImageObject\",\"inLanguage\":\"sv-SE\",\"@id\":\"https:\\\/\\\/lightweb.dev\\\/l\\\/svm-temp\\\/#\\\/schema\\\/logo\\\/image\\\/\",\"url\":\"https:\\\/\\\/lightweb.dev\\\/l\\\/svm-temp\\\/wp-content\\\/uploads\\\/2025\\\/02\\\/SvM-logo-Xtra-Centrerad-SVART.png\",\"contentUrl\":\"https:\\\/\\\/lightweb.dev\\\/l\\\/svm-temp\\\/wp-content\\\/uploads\\\/2025\\\/02\\\/SvM-logo-Xtra-Centrerad-SVART.png\",\"width\":300,\"height\":99,\"caption\":\"Melkerson y Nott SL\"},\"image\":{\"@id\":\"https:\\\/\\\/lightweb.dev\\\/l\\\/svm-temp\\\/#\\\/schema\\\/logo\\\/image\\\/\"},\"sameAs\":[\"https:\\\/\\\/www.facebook.com\\\/svenskamagasinet\",\"https:\\\/\\\/x.com\\\/SvenskaMagasine\"]},{\"@type\":\"Person\",\"@id\":\"https:\\\/\\\/lightweb.dev\\\/l\\\/svm-temp\\\/#\\\/schema\\\/person\\\/206a3bda5b607b0c25e1749191e4d837\",\"name\":\"Redaktionen SvM\",\"description\":\"Redaktionen\",\"sameAs\":[\"https:\\\/\\\/lightweb.dev\\\/l\\\/svm-temp\"],\"url\":\"https:\\\/\\\/lightweb.dev\\\/l\\\/svm-temp\\\/reporter\\\/redaktionen\\\/\"}]}<\/script>\n<!-- \/ Yoast SEO Premium plugin. -->","yoast_head_json":{"title":"Nu \u00e4r Museo Carmen Thyssen invigt - Svenska Magasinet","robots":{"index":"noindex","follow":"follow","max-snippet":"max-snippet:-1","max-image-preview":"max-image-preview:large","max-video-preview":"max-video-preview:-1"},"og_locale":"sv_SE","og_type":"article","og_title":"Nu \u00e4r Museo Carmen Thyssen invigt","og_description":"S\u00e5 \u00e4r d\u00e5 Museo Carmen Thyssen en verklighet. Efter sju \u00e5rs arbete med byggnaden Palacio Villal\u00f3n och fyra \u00e5rs planering med baronessan Carmen Thyssens privata samling \u00f6ppnade museet den 24 mars under n\u00e4rvaro av bland annat sk\u00e5despelaren Antonio Banderas och hustrun Melanie Griffith Av Ola Josefsson 11.000 bes\u00f6kare kom under de tre f\u00f6rsta dagarna efter [&hellip;]","og_url":"https:\/\/lightweb.dev\/l\/svm-temp\/artiklar\/nu-ar-museo-carmen-thyssen-invigt\/","og_site_name":"Svenska Magasinet","article_publisher":"https:\/\/www.facebook.com\/svenskamagasinet","article_published_time":"2011-04-12T22:00:00+00:00","og_image":[{"width":280,"height":210,"url":"https:\/\/lightweb.dev\/l\/svm-temp\/wp-content\/uploads\/2022\/04\/nu-r-museo-carmen-thyssen-invigt.png","type":"image\/png"}],"author":"Redaktionen SvM","twitter_card":"summary_large_image","twitter_creator":"@SvenskaMagasine","twitter_site":"@SvenskaMagasine","schema":{"@context":"https:\/\/schema.org","@graph":[{"@type":"Article","@id":"https:\/\/lightweb.dev\/l\/svm-temp\/artiklar\/nu-ar-museo-carmen-thyssen-invigt\/#article","isPartOf":{"@id":"https:\/\/lightweb.dev\/l\/svm-temp\/artiklar\/nu-ar-museo-carmen-thyssen-invigt\/"},"author":{"name":"Redaktionen SvM","@id":"https:\/\/lightweb.dev\/l\/svm-temp\/#\/schema\/person\/206a3bda5b607b0c25e1749191e4d837"},"headline":"Nu \u00e4r Museo Carmen Thyssen invigt","datePublished":"2011-04-12T22:00:00+00:00","mainEntityOfPage":{"@id":"https:\/\/lightweb.dev\/l\/svm-temp\/artiklar\/nu-ar-museo-carmen-thyssen-invigt\/"},"wordCount":598,"commentCount":0,"publisher":{"@id":"https:\/\/lightweb.dev\/l\/svm-temp\/#organization"},"image":{"@id":"https:\/\/lightweb.dev\/l\/svm-temp\/artiklar\/nu-ar-museo-carmen-thyssen-invigt\/#primaryimage"},"thumbnailUrl":"https:\/\/lightweb.dev\/l\/svm-temp\/wp-content\/uploads\/2022\/04\/nu-r-museo-carmen-thyssen-invigt.png","articleSection":["Artiklar","Kultur &amp; historia"],"inLanguage":"sv-SE"},{"@type":"WebPage","@id":"https:\/\/lightweb.dev\/l\/svm-temp\/artiklar\/nu-ar-museo-carmen-thyssen-invigt\/","url":"https:\/\/lightweb.dev\/l\/svm-temp\/artiklar\/nu-ar-museo-carmen-thyssen-invigt\/","name":"Nu \u00e4r Museo Carmen Thyssen invigt - Svenska Magasinet","isPartOf":{"@id":"https:\/\/lightweb.dev\/l\/svm-temp\/#website"},"primaryImageOfPage":{"@id":"https:\/\/lightweb.dev\/l\/svm-temp\/artiklar\/nu-ar-museo-carmen-thyssen-invigt\/#primaryimage"},"image":{"@id":"https:\/\/lightweb.dev\/l\/svm-temp\/artiklar\/nu-ar-museo-carmen-thyssen-invigt\/#primaryimage"},"thumbnailUrl":"https:\/\/lightweb.dev\/l\/svm-temp\/wp-content\/uploads\/2022\/04\/nu-r-museo-carmen-thyssen-invigt.png","datePublished":"2011-04-12T22:00:00+00:00","breadcrumb":{"@id":"https:\/\/lightweb.dev\/l\/svm-temp\/artiklar\/nu-ar-museo-carmen-thyssen-invigt\/#breadcrumb"},"inLanguage":"sv-SE","potentialAction":[{"@type":"ReadAction","target":["https:\/\/lightweb.dev\/l\/svm-temp\/artiklar\/nu-ar-museo-carmen-thyssen-invigt\/"]}]},{"@type":"ImageObject","inLanguage":"sv-SE","@id":"https:\/\/lightweb.dev\/l\/svm-temp\/artiklar\/nu-ar-museo-carmen-thyssen-invigt\/#primaryimage","url":"https:\/\/lightweb.dev\/l\/svm-temp\/wp-content\/uploads\/2022\/04\/nu-r-museo-carmen-thyssen-invigt.png","contentUrl":"https:\/\/lightweb.dev\/l\/svm-temp\/wp-content\/uploads\/2022\/04\/nu-r-museo-carmen-thyssen-invigt.png","width":280,"height":210},{"@type":"BreadcrumbList","@id":"https:\/\/lightweb.dev\/l\/svm-temp\/artiklar\/nu-ar-museo-carmen-thyssen-invigt\/#breadcrumb","itemListElement":[{"@type":"ListItem","position":1,"name":"Hem","item":"https:\/\/lightweb.dev\/l\/svm-temp\/"},{"@type":"ListItem","position":2,"name":"Nu \u00e4r Museo Carmen Thyssen invigt"}]},{"@type":"WebSite","@id":"https:\/\/lightweb.dev\/l\/svm-temp\/#website","url":"https:\/\/lightweb.dev\/l\/svm-temp\/","name":"Svenska Magasinet","description":"Dina Spanska nyheter p&aring; Svenska","publisher":{"@id":"https:\/\/lightweb.dev\/l\/svm-temp\/#organization"},"potentialAction":[{"@type":"SearchAction","target":{"@type":"EntryPoint","urlTemplate":"https:\/\/lightweb.dev\/l\/svm-temp\/?s={search_term_string}"},"query-input":{"@type":"PropertyValueSpecification","valueRequired":true,"valueName":"search_term_string"}}],"inLanguage":"sv-SE"},{"@type":"Organization","@id":"https:\/\/lightweb.dev\/l\/svm-temp\/#organization","name":"Melkerson y Nott SL","alternateName":"Svenska Magasinet","url":"https:\/\/lightweb.dev\/l\/svm-temp\/","logo":{"@type":"ImageObject","inLanguage":"sv-SE","@id":"https:\/\/lightweb.dev\/l\/svm-temp\/#\/schema\/logo\/image\/","url":"https:\/\/lightweb.dev\/l\/svm-temp\/wp-content\/uploads\/2025\/02\/SvM-logo-Xtra-Centrerad-SVART.png","contentUrl":"https:\/\/lightweb.dev\/l\/svm-temp\/wp-content\/uploads\/2025\/02\/SvM-logo-Xtra-Centrerad-SVART.png","width":300,"height":99,"caption":"Melkerson y Nott SL"},"image":{"@id":"https:\/\/lightweb.dev\/l\/svm-temp\/#\/schema\/logo\/image\/"},"sameAs":["https:\/\/www.facebook.com\/svenskamagasinet","https:\/\/x.com\/SvenskaMagasine"]},{"@type":"Person","@id":"https:\/\/lightweb.dev\/l\/svm-temp\/#\/schema\/person\/206a3bda5b607b0c25e1749191e4d837","name":"Redaktionen SvM","description":"Redaktionen","sameAs":["https:\/\/lightweb.dev\/l\/svm-temp"],"url":"https:\/\/lightweb.dev\/l\/svm-temp\/reporter\/redaktionen\/"}]}},"_links":{"self":[{"href":"https:\/\/lightweb.dev\/l\/svm-temp\/wp-json\/wp\/v2\/posts\/3371","targetHints":{"allow":["GET"]}}],"collection":[{"href":"https:\/\/lightweb.dev\/l\/svm-temp\/wp-json\/wp\/v2\/posts"}],"about":[{"href":"https:\/\/lightweb.dev\/l\/svm-temp\/wp-json\/wp\/v2\/types\/post"}],"author":[{"embeddable":true,"href":"https:\/\/lightweb.dev\/l\/svm-temp\/wp-json\/wp\/v2\/users\/8"}],"replies":[{"embeddable":true,"href":"https:\/\/lightweb.dev\/l\/svm-temp\/wp-json\/wp\/v2\/comments?post=3371"}],"version-history":[{"count":0,"href":"https:\/\/lightweb.dev\/l\/svm-temp\/wp-json\/wp\/v2\/posts\/3371\/revisions"}],"wp:featuredmedia":[{"embeddable":true,"href":"https:\/\/lightweb.dev\/l\/svm-temp\/wp-json\/wp\/v2\/media\/3372"}],"wp:attachment":[{"href":"https:\/\/lightweb.dev\/l\/svm-temp\/wp-json\/wp\/v2\/media?parent=3371"}],"wp:term":[{"taxonomy":"category","embeddable":true,"href":"https:\/\/lightweb.dev\/l\/svm-temp\/wp-json\/wp\/v2\/categories?post=3371"},{"taxonomy":"post_tag","embeddable":true,"href":"https:\/\/lightweb.dev\/l\/svm-temp\/wp-json\/wp\/v2\/tags?post=3371"}],"curies":[{"name":"wp","href":"https:\/\/api.w.org\/{rel}","templated":true}]}}