{"id":3374,"date":"2011-04-12T00:00:00","date_gmt":"2011-04-11T22:00:00","guid":{"rendered":"https:\/\/lightweb.dev\/l\/svm-temp\/lagesrapport-marocko-demonstrationer-moskeer-ormar-och-ricks-cafe\/"},"modified":"2011-04-12T00:00:00","modified_gmt":"2011-04-11T22:00:00","slug":"lagesrapport-marocko-demonstrationer-moskeer-ormar-och-ricks-cafe","status":"publish","type":"post","link":"https:\/\/lightweb.dev\/l\/svm-temp\/artiklar\/lagesrapport-marocko-demonstrationer-moskeer-ormar-och-ricks-cafe\/","title":{"rendered":"L\u00e4gesrapport Marocko: Demonstrationer, mosk\u00e9er, ormar och Rick\u00b4s Caf\u00e9"},"content":{"rendered":"<p> \u00c4r detta v\u00e4gen till Marrakech? \u201dJa, om Allah vill (inshallah), svarar marockanen. I Marocko kretsar det mesta kring Allah. Det finns liksom ingen anledning till att bekymra sig om sakernas tillst\u00e5nd &#8211; f\u00f6r allt h\u00e4nger p\u00e5 Allah\u2026 Av Ola Josefsson<\/p>\n<p>N\u00e4r jag som tio\u00e5ring bes\u00f6kte Agadir minns jag texten som var skriven p\u00e5 en mur som stod kvar efter det stora jordskalvet den 29 februari 1960 som \u00f6delade staden: \u201dNu har Allah gjort sitt, nu ska vi g\u00f6ra v\u00e5rt\u201d, och s\u00e5 byggde befolkningen upp en ny stad fr\u00e5n grunden.<\/p>\n<p>Konungariket Marocko styrs sedan 1999 av Mohammed VI efter att hans far Hassan II gick bort. Mohammed VI har kungliga palats i samtliga st\u00f6rre marockanska st\u00e4der. N\u00e4r jag bes\u00f6ker Marrakech vajar den r\u00f6da marockanska flaggan med den gr\u00f6na stj\u00e4rnan utmed Marrakech boulevarder samtidigt som den extra belysningen \u00e4r p\u00e5.<br \/>\nS\u00e5 \u00e4r det i Marockos st\u00e4der medan kung Mohammed VI flyttar runt mellan sina palats. I den stad d\u00e4r han f\u00f6r tillf\u00e4llet bor, d\u00e4r flaggas det. Kungen flyttar vidare och flaggorna halas.<\/p>\n<p>Samtidigt som det f\u00f6rsta muslimska partiet har etablerat sig i Spanien har situationen i Arabv\u00e4rlden k\u00e4nnetecknats av oro och revolutionsiver under v\u00e5ren. Den muslimska befolkningen i Spanien \u00f6verstiger 1,3 miljon, varav 700.000 av dessa kommer fr\u00e5n Marocko. Partido Renacimiento y Uni\u00f3n de Espa\u00f1a (PRUNE) \u00e4r Spaniens f\u00f6rsta islamska parti. Det grundades officiellt i Granada den 23 juli 2009 och nu ska partiet delta i kommunalvalen 2011.<br \/>\nGranada, Asturien, Madrid, Barcelona, Valencia och Zaragoza blir de f\u00f6rsta platserna i Spanien inf\u00f6r kommunalvalet 2011. \u201dVi vill s\u00e4kerst\u00e4lla minoriteters intressen\u201d, s\u00e4ger Mostafa Bakkach El Aamarani, en av grundarna. Partiet kan bli att r\u00e4kna med, med tanke p\u00e5 de n\u00e4ra en och en halv miljon muslimer som \u00e4r bosatta i Spanien.<\/p>\n<p>Det skiljer 14 kilometer p\u00e5 det smalaste st\u00e4llet mellan Marocko och Spanien. Tv\u00e5 olika l\u00e4nder, tv\u00e5 olika v\u00e4rldsdelar. \u00c4ven Marocko har k\u00e4nt av revolutionsyran. Tusentals marockaner i demonstrationer kr\u00e4vt en ny f\u00f6rfattning och demokratisk f\u00f6r\u00e4ndring trots den senaste tidens tillk\u00e4nnagivande av Kung Mohammed VI att det planeras f\u00f6r konstitutionella reformer.<br \/>\nI Marocko \u00e4r det i f\u00f6rsta hand ungdomsr\u00f6relsen \u201d20 februari\u201d som har organiserat demonstrationer de senaste tv\u00e5 m\u00e5naderna. Fr\u00e4mst i landets st\u00f6rsta stad Casablanca, den ekonomiska motorn, d\u00e4r \u00f6ver 15.000 personer sl\u00f6t upp den 20 mars p\u00e5 plaza de la Victoria f\u00f6r att sedan t\u00e5ga till omr\u00e5det Derb Omar.<\/p>\n<p>\u201dMot korruption\u201d, \u201didag eller i morgon \u00e4r frihet obligatoriskt\u201d, \u201dfolket kommer att st\u00f6rta konstitutionen\u201d och \u201dlyssna till medborgarna\u201d har h\u00f6rts fr\u00e5n demonstrationst\u00e5gen. Marockanen Said Benhamani som \u00e4r medlem i v\u00e4nsterpartiet \u201dV\u00eda Democr\u00e1tica\u201d s\u00e4ger till den spanska nyhetsbyr\u00e5n Efe att talet som kung Mohammed VI h\u00f6ll den 9 mars \u201dinte \u00e4r n\u00e5got svar p\u00e5 vad samh\u00e4llet kr\u00e4ver\u201d.<br \/>\n\u201dManifestationerna kommer att forts\u00e4tta tills m\u00e4nniskorna f\u00e5r det som de beh\u00f6ver, en parlamentarisk monarki\u201d, f\u00f6rs\u00e4krar Benhamani.<br \/>\n\u00c4ven i huvudstaden Rabat samlades omkring 5.000 personer f\u00f6r att demonstrera utmed avenida Mohamed V. \u201dVi vill att kungen ska g\u00e5 fr\u00e5n ord till handling, i tio \u00e5rs tid har vi lyssnat p\u00e5 tal utan att n\u00e5got h\u00e4nder\u201d, s\u00e4ger arbetsl\u00f6se Yunes Kuarti. \u00c4ven i Tanger, Tetu\u00e1n och Alhucemas h\u00f6lls det demonstrationer d\u00e4r huvudbudskapet var att \u201dkorruptionen m\u00e5ste f\u00e5 ett slut\u201d.<\/p>\n<p>Eva Benrhamous \u00e4r svensk honor\u00e4rkonsul i Marrakech. Eva studerade som ung i Schweiz d\u00e4r hon tr\u00e4ffade sin nuvarande marockanske man. Sedan n\u00e5gra \u00e5r tillbaka \u00e4r Eva Benrhamous svensk honor\u00e4rkonsul i Marrakech och chef p\u00e5 resebyr\u00e5n Dynamic Tours.<\/p>\n<p>Turismen har blivit allt viktigare f\u00f6r Marocko. 2001 d\u00e5 landet endast hade tre miljoner turister under ett \u00e5r presenterades en tio\u00e5rsplan som skulle utmynna i att Marocko 2010 skulle ta emot tio miljoner turister om \u00e5ret. Det m\u00e5let har man inte lyckats n\u00e5. Ifjol kom det \u00e5tta miljoner turister.<br \/>\n-Mohammed VI inf\u00f6rde reformer och \u00f6ppnade upp flygmonopolet som gjorde det m\u00f6jligt f\u00f6r andra flygbolag \u00e4n Royal Marroc Air att flyga p\u00e5 vissa marockanska destinationer. Nu flyger exempelvis Norwegian till Marrakech fr\u00e5n b\u00e5de Stockholm, Oslo och K\u00f6penhamn. Nu flyger man hit p\u00e5 fyra timmar. Tidigare med regulj\u00e4rflyg kunde en resa fr\u00e5n Sverige ta 14 timmar.<br \/>\n-Och med hav, berg, \u00f6ken och vackra st\u00e4der har Marocko mycket att erbjuda. F\u00f6r varje budget s\u00e5 finns det en resa, ber\u00e4ttar Eva Benrhamous n\u00e4r Svenska Magasinet bes\u00f6ker det svenska honor\u00e4rkonsulatet i Marrakech.<\/p>\n<p>Eva \u00e4r chef p\u00e5 resebyr\u00e5n Dynamic Tours som arbetar med \u00e4ventyrsresor f\u00f6r inkommande turister. Det g\u00e4ller trek, bergs \u2013och \u00f6kenturer, resor utmed kusten men \u00e4ven specialgjorda program som riktar in sig p\u00e5 kultur, botanik, arkitektur som rundturer.<br \/>\n-Det \u00e4r ingen massturism vi jobbar med utan det handlar om skr\u00e4ddarsydda paketresor f\u00f6r respektive m\u00e5lgrupp och intresse. Vi har inte m\u00e4rkt av den nedg\u00e5ng som viss turism har drabbats av efter den ekonomiska krisen.<\/p>\n<p>Oroligheterna i arabv\u00e4rlden har varit en l\u00e5ng f\u00f6ljetong i medierna. \u00c4ven Marocko har drabbats, dock i betydligt mindre skala \u00e4n l\u00e4nderna i Nordafrika. Det \u00e4r ytterst sv\u00e5rt att j\u00e4mf\u00f6ra kungariket Marocko med republiker som Libyen, Algeriet, Tunisien eller Egypten. H\u00e4r finns ingen egyptisk Mubarak eller tunisk Ben Ali eller en \u00f6verste som Gaddafi.<\/p>\n<p>Den 20 februari rapporterade medierna om oroligheter i Marockos huvudstad Rabat n\u00e4r revolutionsv\u00e5gen i Nordafrika \u00e4ven n\u00e5dde Marocko. Enligt Eva Benrhamous var det fr\u00e5ga om en auktoriserad och legal demonstration.<br \/>\n-Det \u00e4r inte f\u00f6rbjudet att demonstrera, demonstationen i Rabat var auktoriserad, men sedan hakade huliganer p\u00e5 och blandade sig i den skara som hade utlyst demonstationen och som inte betecknades som br\u00e5kmakare.<\/p>\n<p>Efter att Mohammed VI blev kung har det gjorts flera f\u00f6r\u00e4ndringar i landet. Det \u00e4r skolplikt f\u00f6r b\u00e5de pojkar och flickor och familjelagen \u00e4ndrades f\u00f6r n\u00e5gra \u00e5r sedan s\u00e5 att kvinnor fick ut\u00f6kade r\u00e4ttigheter och kan skilja sig. Efter Hassan II d\u00f6d reformerades lagfartssystemet som gjorde det l\u00e4ttare att bygga varp\u00e5 byggbranschen fick ett rej\u00e4lt uppsving. Den som bes\u00f6ker de centrala delarna av landet konstaterar ganska snart att landet har imponerande m\u00e5nga nya hotell och bostadskvarter.<br \/>\n-Familjelagen \u00e4r inspirerad av koranen men koranen kan man tolka p\u00e5 olika s\u00e4tt. Kung Mohammed VI har plockat in ett antal r\u00e5dgivare som har arbetat fram den nya lagen, f\u00f6rklarar Eva Benrhamous, svensk honor\u00e4rkonsul i Marrakech.<\/p>\n<p>N\u00e4r Svenska Magasinet bes\u00f6ker Marocko har varenda dagstidning den 12 mars som nyhet p\u00e5 f\u00f6rstasidan att konstitutionen ska reformeras. Den franskspr\u00e5kiga tidningen Aujourd\u00b4hui Le Maroc utropar p\u00e5 f\u00f6rstasidan att \u201dlandet st\u00e5r inf\u00f6r en konstitutionell revolution och att hans majest\u00e4t tar landet in i den moderna tiden\u201d liksom tidningen L\u00f3bservateur de Maroc. Tidningarna citerar \u00e4ven kommentarer fr\u00e5n politiska ledare i Europa.<br \/>\nI franskspr\u00e5kiga L\u00e9conomiste kr\u00e4ver fackf\u00f6rbundet UMT att minimil\u00f6nerna ska h\u00f6jas fr\u00e5n 2.000 till 3.500 dirham, en h\u00f6jning som de som Svenska Magasinet talar med st\u00e4ller sig fr\u00e5gande till verkligen kommer att intr\u00e4ffa.<\/p>\n<p>Det startas \u00e4ven nya dagstidningar i Marocko som exempelvis Al Massae som p\u00e5 ett par \u00e5r har seglat upp och blivit landets st\u00f6rsta opinionsbildande tidning. Vid bes\u00f6ket i Marocko kunde jag konstatera att de flesta fr\u00e5n busschauff\u00f6rer, aff\u00e4rsm\u00e4n till caf\u00e9bes\u00f6kare l\u00e4ste ett nummer av Al Massae. Ett popul\u00e4rt nyhetsmagasin \u00e4r Telquel, som enligt min marockanske guide inte r\u00e4ds att skriva om k\u00e4nsliga \u00e4mnen.<\/p>\n<p>Dagstidningen Al Massae har i flera nummer ber\u00e4ttat om hur Fuad Ali el Himma som \u00e4r en av de st\u00f6rsta bidragsgivarna till kungen \u00e4r indragen i ett n\u00e4t av korruption. Tidningen skriver ocks\u00e5 om hur generaldirekt\u00f6ren p\u00e5 det nationella elbolaget har anst\u00e4llt El Himma som konsult utan att respektera den marockanska lagen om offentlig upphandling. El Himma skulle ha tj\u00e4nat 6,6 miljoner euro samtidigt som han \u00e4r ledare f\u00f6r partiet Partido Autenticidad y Modernidad (PAM) och k\u00e4nd som \u201dgod v\u00e4n till kungen\u201d och i senaste valet fick flest r\u00f6ster.<\/p>\n<p>S\u00f6ndagen den 13 mars skadades ett dussintal demonstranter, n\u00e5gra allvarligt, n\u00e4r marockanska s\u00e4kerhetsstyrkor stormade ett v\u00e4nsterinriktat partis (PSU) lokaler i Casablanca. De skadade hade s\u00f6kt sig dit efter att polis hade uppl\u00f6st en demonstration p\u00e5 Place Mohammed V i centrala Casablanca.<br \/>\nUngdomsr\u00f6relsen \u201d20 februari\u201d startades p\u00e5 initiativ av ett antal ungdomar p\u00e5 det sociala n\u00e4tverket Facebook och de l\u00e5g bakom demonstrationerna i flera marockanska st\u00e4der den 20 mars. En annan r\u00f6relse \u00e4r \u201dJamaa Al Adl Wal Ihssane\u201d som vill avskaffa monarkin och inf\u00f6ra sharialagar. Enligt rapporter fr\u00e5n PSU skulle milit\u00e4rer och poliser ha blockerat v\u00e4garna som gick till Place Mohammed V. En av ungdomsr\u00f6relsens medlemmar, Amine Mkadem, beskriver h\u00e4ndelsen i tidningen Aujourd\u00b4hui Le Maroc som \u201dblodig\u201d.<\/p>\n<p>Sj\u00e4lv s\u00e5 f\u00e4rdades jag tillsammans med ett tjugotal andra svenskar och skandinaver i en buss rakt \u00f6ver torget samtidigt som demonstrationen p\u00e5gick. Torget eller Place Mohammed V var inte avsp\u00e4rrat och det som Svenska Magasinet s\u00e5g var att kravallpolis ledde bort tv\u00e5 personer.<\/p>\n<p>Enligt officiella k\u00e4llor som senare citerades av nyhetsbyr\u00e5n MAP fick sju demonstranter och en polis l\u00e4ttare skador medan ett obest\u00e4mt antal av de cirka 200 demonstranterna greps och senare sl\u00e4pptes. Enligt uttalande fr\u00e5n det socialistiska partiet PSU skulle 120 medlemmar blivet s\u00e5rade eller skadade. Enligt nyhetsnotiser fr\u00e5n de internationella nyhetsbyr\u00e5erna skulle det r\u00f6ra sig om ett dussintal skadade. Den spanska dagstidningen ABC rapporterade om hur polis med v\u00e5ld hade skingrat tv\u00e5 demonstrationer. Detta var den f\u00f6rsta demonstrationerna efter att kung Mohammed VI aviserat en omfattande konstitutionell reform som inneb\u00e4r st\u00f6rre befogenheter f\u00f6r premi\u00e4rministern, erk\u00e4nnande av r\u00e4ttvisa och mer makt till parlamentet.<\/p>\n<p>Hittills har kungen utsett premi\u00e4rministern. Men enligt den nya konstitutionen kommer premi\u00e4rministern att utses efter \u201ddet politiska parti som har f\u00e5tt flest r\u00f6ster i valet till kammaren\u201d. En konstitutionell kommission ledd av Abdelatif Mennouni har utsetts f\u00f6r att \u00e4ndra konstitutionen. Partierna ska bli \u201dsj\u00e4lvst\u00e4ndiga\u201d och framh\u00e4va den naturliga pluralistiska marockanska naturen som \u00e4ven innefattar folkslagen amazig och berber.<\/p>\n<p>Demonstranterna i Casablanca den 13 mars visade sitt missn\u00f6je och kr\u00e4vde i st\u00e4llet en ny konstitution och att parlamentet skulle uppl\u00f6sas. Den marockanska m\u00e4nniskor\u00e4ttsorganisationen Asociaci\u00f3n Marroqu\u00ed de Derechos Humanos (AMDH) f\u00f6rd\u00f6mde \u201dden onda attacken mot den fredliga demonstrationen\u201d. Samtidigt rapporterade den f\u00f6rbjudna islamistiska organisationen \u201dJamaa Al Adl Wal Ihssane\u201d (R\u00e4ttvisa och Barmh\u00e4rtighet) att flera av deras medlemmar deltog i demonstrationen.<br \/>\nEnligt r\u00f6relsens spr\u00e5kr\u00f6r, Hasan Bennajeh, strider polisens insats mot kungens tal om reformer att d\u00f6rren skulle \u00f6ppnas f\u00f6r politiska r\u00e4ttigheter inklusive r\u00e4ttigheter till att protestera och demonstrera.<br \/>\nMohamed Balful, 26 \u00e5r, och medlem i den illegala muslimska r\u00f6relsen och s\u00e4ger till nyhetsbyr\u00e5n Efe:<br \/>\n\u201dMarocko \u00e4r inget paradis och \u00e4r inget undantag bland l\u00e4nder som Algeriet och Tunisien. Vi har samma problem, bara med vissa skillnader\u201d.<br \/>\nDemonstrationerna som h\u00f6lls den 20 februari p\u00e5 flera platser i landet handlade fr\u00e4mst om korruption inom den offentliga sektorn och bland dem som agerar r\u00e5dgivare till kungen.<\/p>\n<p>N\u00e4r den marockanske kungen Mohammed VI den 9 mars ber\u00e4ttade om den kommande reformen fanns kungens endast 8 \u00e5r unga son vid hans sida. Han var kl\u00e4dd precis som kungen, i m\u00f6rk kostym, vit skjorta, svart slips och en n\u00e4sduk som stack upp ur fickan. H\u00e4r stod den marockanska kronprinsen med allvarligt min som omst\u00e4ndigheterna kr\u00e4ver medan hans far h\u00f6ll ett tal till nationen f\u00f6r att tillk\u00e4nnage demokratiska reformer.<\/p>\n<p>Den 8 maj fyller Marockos kronprins Mulay Hassan 8 \u00e5r. Trots sin ringa \u00e5lder finns han med vid officiella sammanhang. Vid bokm\u00e4ssan Sal\u00f3n Internacional del Libro i Casablanca ifjol var han d\u00e4r ensam som representant f\u00f6r kungahuset tillsammans med tre tj\u00e4nstem\u00e4n. Kronprins Mulay Hassan kommer att bli Hassan III den dag hans far inte finns till.<\/p>\n<p>I sj\u00e4lva verket f\u00f6ljer Mulay Hassan i sin pappas fotsp\u00e5r. Mohammed VI var endast 4 \u00e5r gammal d\u00e5 han i februari 1967 f\u00f6ljde med sin pappa f\u00f6r f\u00f6rsta g\u00e5ngen p\u00e5 ett officiellt bes\u00f6k i USA. Vid 10 \u00e5rs \u00e5lder var han p\u00e5 sitt f\u00f6rsta officiella uppdrag utomlands d\u00e5 han deltog p\u00e5 uppdrag av kung Hassan II vid begravningen av Frankrikes president Georges Pompidou i katedralen N\u00f4tre Dame i Paris.<\/p>\n<p>Marocko \u00e4r allts\u00e5 under press \u00e4ven om antalet demonstranter i Marocko \u00e4r relativt f\u00e5 j\u00e4mf\u00f6rt med andra manifestationer i andra arabl\u00e4nder. Journalisten Ali Lmrabet har suttit i f\u00e4ngelset f\u00f6r att han gjorde en karikatyr av kung Mohammed VI och f\u00f6r att han har g\u00e5tt emot Marockoregimen och skrivit om v\u00e4stsahariska flyktingarna.<br \/>\n-M\u00e4nniskor v\u00e5gar sig ut f\u00f6r att kritisera kungen och hans regim. Revolten har startat och det finns ingen \u00e5terv\u00e4ndo, s\u00e4ger Ali Lmrabet i en intervju. <\/p>\n","protected":false},"excerpt":{"rendered":"<p>\u00c4r detta v\u00e4gen till Marrakech? \u201dJa, om Allah vill (inshallah), svarar marockanen. I Marocko kretsar det mesta kring Allah. Det finns liksom ingen anledning till att bekymra sig om sakernas tillst\u00e5nd &#8211; f\u00f6r allt h\u00e4nger p\u00e5 Allah\u2026 Av Ola Josefsson N\u00e4r jag som tio\u00e5ring bes\u00f6kte Agadir minns jag texten som var skriven p\u00e5 en mur [&hellip;]<\/p>\n","protected":false},"author":8,"featured_media":3375,"comment_status":"open","ping_status":"open","sticky":false,"template":"","format":"standard","meta":{"_et_pb_use_builder":"","_et_pb_old_content":"","_et_gb_content_width":"","footnotes":""},"categories":[396,4],"tags":[],"class_list":["post-3374","post","type-post","status-publish","format-standard","has-post-thumbnail","hentry","category-arkiv-artiklar","category-artiklar"],"yoast_head":"<!-- This site is optimized with the Yoast SEO Premium plugin v26.2 (Yoast SEO v28.2) - https:\/\/yoast.com\/product\/yoast-seo-premium-wordpress\/ -->\n<title>L\u00e4gesrapport Marocko: Demonstrationer, mosk\u00e9er, ormar och Rick\u00b4s Caf\u00e9 - Svenska Magasinet<\/title>\n<meta name=\"robots\" content=\"noindex, follow, max-snippet:-1, max-image-preview:large, max-video-preview:-1\" \/>\n<meta property=\"og:locale\" content=\"sv_SE\" \/>\n<meta property=\"og:type\" content=\"article\" \/>\n<meta property=\"og:title\" content=\"L\u00e4gesrapport Marocko: Demonstrationer, mosk\u00e9er, ormar och Rick\u00b4s Caf\u00e9\" \/>\n<meta property=\"og:description\" content=\"\u00c4r detta v\u00e4gen till Marrakech? \u201dJa, om Allah vill (inshallah), svarar marockanen. I Marocko kretsar det mesta kring Allah. Det finns liksom ingen anledning till att bekymra sig om sakernas tillst\u00e5nd &#8211; f\u00f6r allt h\u00e4nger p\u00e5 Allah\u2026 Av Ola Josefsson N\u00e4r jag som tio\u00e5ring bes\u00f6kte Agadir minns jag texten som var skriven p\u00e5 en mur [&hellip;]\" \/>\n<meta property=\"og:url\" content=\"https:\/\/lightweb.dev\/l\/svm-temp\/artiklar\/lagesrapport-marocko-demonstrationer-moskeer-ormar-och-ricks-cafe\/\" \/>\n<meta property=\"og:site_name\" content=\"Svenska Magasinet\" \/>\n<meta property=\"article:publisher\" content=\"https:\/\/www.facebook.com\/svenskamagasinet\" \/>\n<meta property=\"article:published_time\" content=\"2011-04-11T22:00:00+00:00\" \/>\n<meta property=\"og:image\" content=\"https:\/\/lightweb.dev\/l\/svm-temp\/wp-content\/uploads\/2022\/04\/lgesrapport-marocko-demonstrationer-mosker-ormar-och-rick-s-caf.png\" \/>\n\t<meta property=\"og:image:width\" content=\"299\" \/>\n\t<meta property=\"og:image:height\" content=\"200\" \/>\n\t<meta property=\"og:image:type\" content=\"image\/png\" \/>\n<meta name=\"author\" content=\"Redaktionen SvM\" \/>\n<meta name=\"twitter:card\" content=\"summary_large_image\" \/>\n<meta name=\"twitter:creator\" content=\"@SvenskaMagasine\" \/>\n<meta name=\"twitter:site\" content=\"@SvenskaMagasine\" \/>\n<script type=\"application\/ld+json\" class=\"yoast-schema-graph\">{\"@context\":\"https:\\\/\\\/schema.org\",\"@graph\":[{\"@type\":\"Article\",\"@id\":\"https:\\\/\\\/lightweb.dev\\\/l\\\/svm-temp\\\/artiklar\\\/lagesrapport-marocko-demonstrationer-moskeer-ormar-och-ricks-cafe\\\/#article\",\"isPartOf\":{\"@id\":\"https:\\\/\\\/lightweb.dev\\\/l\\\/svm-temp\\\/artiklar\\\/lagesrapport-marocko-demonstrationer-moskeer-ormar-och-ricks-cafe\\\/\"},\"author\":{\"name\":\"Redaktionen SvM\",\"@id\":\"https:\\\/\\\/lightweb.dev\\\/l\\\/svm-temp\\\/#\\\/schema\\\/person\\\/206a3bda5b607b0c25e1749191e4d837\"},\"headline\":\"L\u00e4gesrapport Marocko: Demonstrationer, mosk\u00e9er, ormar och Rick\u00b4s Caf\u00e9\",\"datePublished\":\"2011-04-11T22:00:00+00:00\",\"mainEntityOfPage\":{\"@id\":\"https:\\\/\\\/lightweb.dev\\\/l\\\/svm-temp\\\/artiklar\\\/lagesrapport-marocko-demonstrationer-moskeer-ormar-och-ricks-cafe\\\/\"},\"wordCount\":2256,\"commentCount\":0,\"publisher\":{\"@id\":\"https:\\\/\\\/lightweb.dev\\\/l\\\/svm-temp\\\/#organization\"},\"image\":{\"@id\":\"https:\\\/\\\/lightweb.dev\\\/l\\\/svm-temp\\\/artiklar\\\/lagesrapport-marocko-demonstrationer-moskeer-ormar-och-ricks-cafe\\\/#primaryimage\"},\"thumbnailUrl\":\"https:\\\/\\\/lightweb.dev\\\/l\\\/svm-temp\\\/wp-content\\\/uploads\\\/2022\\\/04\\\/lgesrapport-marocko-demonstrationer-mosker-ormar-och-rick-s-caf.png\",\"articleSection\":[\"Arkiv\",\"Artiklar\"],\"inLanguage\":\"sv-SE\"},{\"@type\":\"WebPage\",\"@id\":\"https:\\\/\\\/lightweb.dev\\\/l\\\/svm-temp\\\/artiklar\\\/lagesrapport-marocko-demonstrationer-moskeer-ormar-och-ricks-cafe\\\/\",\"url\":\"https:\\\/\\\/lightweb.dev\\\/l\\\/svm-temp\\\/artiklar\\\/lagesrapport-marocko-demonstrationer-moskeer-ormar-och-ricks-cafe\\\/\",\"name\":\"L\u00e4gesrapport Marocko: Demonstrationer, mosk\u00e9er, ormar och Rick\u00b4s Caf\u00e9 - Svenska Magasinet\",\"isPartOf\":{\"@id\":\"https:\\\/\\\/lightweb.dev\\\/l\\\/svm-temp\\\/#website\"},\"primaryImageOfPage\":{\"@id\":\"https:\\\/\\\/lightweb.dev\\\/l\\\/svm-temp\\\/artiklar\\\/lagesrapport-marocko-demonstrationer-moskeer-ormar-och-ricks-cafe\\\/#primaryimage\"},\"image\":{\"@id\":\"https:\\\/\\\/lightweb.dev\\\/l\\\/svm-temp\\\/artiklar\\\/lagesrapport-marocko-demonstrationer-moskeer-ormar-och-ricks-cafe\\\/#primaryimage\"},\"thumbnailUrl\":\"https:\\\/\\\/lightweb.dev\\\/l\\\/svm-temp\\\/wp-content\\\/uploads\\\/2022\\\/04\\\/lgesrapport-marocko-demonstrationer-mosker-ormar-och-rick-s-caf.png\",\"datePublished\":\"2011-04-11T22:00:00+00:00\",\"breadcrumb\":{\"@id\":\"https:\\\/\\\/lightweb.dev\\\/l\\\/svm-temp\\\/artiklar\\\/lagesrapport-marocko-demonstrationer-moskeer-ormar-och-ricks-cafe\\\/#breadcrumb\"},\"inLanguage\":\"sv-SE\",\"potentialAction\":[{\"@type\":\"ReadAction\",\"target\":[\"https:\\\/\\\/lightweb.dev\\\/l\\\/svm-temp\\\/artiklar\\\/lagesrapport-marocko-demonstrationer-moskeer-ormar-och-ricks-cafe\\\/\"]}]},{\"@type\":\"ImageObject\",\"inLanguage\":\"sv-SE\",\"@id\":\"https:\\\/\\\/lightweb.dev\\\/l\\\/svm-temp\\\/artiklar\\\/lagesrapport-marocko-demonstrationer-moskeer-ormar-och-ricks-cafe\\\/#primaryimage\",\"url\":\"https:\\\/\\\/lightweb.dev\\\/l\\\/svm-temp\\\/wp-content\\\/uploads\\\/2022\\\/04\\\/lgesrapport-marocko-demonstrationer-mosker-ormar-och-rick-s-caf.png\",\"contentUrl\":\"https:\\\/\\\/lightweb.dev\\\/l\\\/svm-temp\\\/wp-content\\\/uploads\\\/2022\\\/04\\\/lgesrapport-marocko-demonstrationer-mosker-ormar-och-rick-s-caf.png\",\"width\":299,\"height\":200},{\"@type\":\"BreadcrumbList\",\"@id\":\"https:\\\/\\\/lightweb.dev\\\/l\\\/svm-temp\\\/artiklar\\\/lagesrapport-marocko-demonstrationer-moskeer-ormar-och-ricks-cafe\\\/#breadcrumb\",\"itemListElement\":[{\"@type\":\"ListItem\",\"position\":1,\"name\":\"Hem\",\"item\":\"https:\\\/\\\/lightweb.dev\\\/l\\\/svm-temp\\\/\"},{\"@type\":\"ListItem\",\"position\":2,\"name\":\"L\u00e4gesrapport Marocko: Demonstrationer, mosk\u00e9er, ormar och Rick\u00b4s Caf\u00e9\"}]},{\"@type\":\"WebSite\",\"@id\":\"https:\\\/\\\/lightweb.dev\\\/l\\\/svm-temp\\\/#website\",\"url\":\"https:\\\/\\\/lightweb.dev\\\/l\\\/svm-temp\\\/\",\"name\":\"Svenska Magasinet\",\"description\":\"Dina Spanska nyheter p&aring; Svenska\",\"publisher\":{\"@id\":\"https:\\\/\\\/lightweb.dev\\\/l\\\/svm-temp\\\/#organization\"},\"potentialAction\":[{\"@type\":\"SearchAction\",\"target\":{\"@type\":\"EntryPoint\",\"urlTemplate\":\"https:\\\/\\\/lightweb.dev\\\/l\\\/svm-temp\\\/?s={search_term_string}\"},\"query-input\":{\"@type\":\"PropertyValueSpecification\",\"valueRequired\":true,\"valueName\":\"search_term_string\"}}],\"inLanguage\":\"sv-SE\"},{\"@type\":\"Organization\",\"@id\":\"https:\\\/\\\/lightweb.dev\\\/l\\\/svm-temp\\\/#organization\",\"name\":\"Melkerson y Nott SL\",\"alternateName\":\"Svenska Magasinet\",\"url\":\"https:\\\/\\\/lightweb.dev\\\/l\\\/svm-temp\\\/\",\"logo\":{\"@type\":\"ImageObject\",\"inLanguage\":\"sv-SE\",\"@id\":\"https:\\\/\\\/lightweb.dev\\\/l\\\/svm-temp\\\/#\\\/schema\\\/logo\\\/image\\\/\",\"url\":\"https:\\\/\\\/lightweb.dev\\\/l\\\/svm-temp\\\/wp-content\\\/uploads\\\/2025\\\/02\\\/SvM-logo-Xtra-Centrerad-SVART.png\",\"contentUrl\":\"https:\\\/\\\/lightweb.dev\\\/l\\\/svm-temp\\\/wp-content\\\/uploads\\\/2025\\\/02\\\/SvM-logo-Xtra-Centrerad-SVART.png\",\"width\":300,\"height\":99,\"caption\":\"Melkerson y Nott SL\"},\"image\":{\"@id\":\"https:\\\/\\\/lightweb.dev\\\/l\\\/svm-temp\\\/#\\\/schema\\\/logo\\\/image\\\/\"},\"sameAs\":[\"https:\\\/\\\/www.facebook.com\\\/svenskamagasinet\",\"https:\\\/\\\/x.com\\\/SvenskaMagasine\"]},{\"@type\":\"Person\",\"@id\":\"https:\\\/\\\/lightweb.dev\\\/l\\\/svm-temp\\\/#\\\/schema\\\/person\\\/206a3bda5b607b0c25e1749191e4d837\",\"name\":\"Redaktionen SvM\",\"description\":\"Redaktionen\",\"sameAs\":[\"https:\\\/\\\/lightweb.dev\\\/l\\\/svm-temp\"],\"url\":\"https:\\\/\\\/lightweb.dev\\\/l\\\/svm-temp\\\/reporter\\\/redaktionen\\\/\"}]}<\/script>\n<!-- \/ Yoast SEO Premium plugin. -->","yoast_head_json":{"title":"L\u00e4gesrapport Marocko: Demonstrationer, mosk\u00e9er, ormar och Rick\u00b4s Caf\u00e9 - Svenska Magasinet","robots":{"index":"noindex","follow":"follow","max-snippet":"max-snippet:-1","max-image-preview":"max-image-preview:large","max-video-preview":"max-video-preview:-1"},"og_locale":"sv_SE","og_type":"article","og_title":"L\u00e4gesrapport Marocko: Demonstrationer, mosk\u00e9er, ormar och Rick\u00b4s Caf\u00e9","og_description":"\u00c4r detta v\u00e4gen till Marrakech? \u201dJa, om Allah vill (inshallah), svarar marockanen. I Marocko kretsar det mesta kring Allah. Det finns liksom ingen anledning till att bekymra sig om sakernas tillst\u00e5nd &#8211; f\u00f6r allt h\u00e4nger p\u00e5 Allah\u2026 Av Ola Josefsson N\u00e4r jag som tio\u00e5ring bes\u00f6kte Agadir minns jag texten som var skriven p\u00e5 en mur [&hellip;]","og_url":"https:\/\/lightweb.dev\/l\/svm-temp\/artiklar\/lagesrapport-marocko-demonstrationer-moskeer-ormar-och-ricks-cafe\/","og_site_name":"Svenska Magasinet","article_publisher":"https:\/\/www.facebook.com\/svenskamagasinet","article_published_time":"2011-04-11T22:00:00+00:00","og_image":[{"width":299,"height":200,"url":"https:\/\/lightweb.dev\/l\/svm-temp\/wp-content\/uploads\/2022\/04\/lgesrapport-marocko-demonstrationer-mosker-ormar-och-rick-s-caf.png","type":"image\/png"}],"author":"Redaktionen SvM","twitter_card":"summary_large_image","twitter_creator":"@SvenskaMagasine","twitter_site":"@SvenskaMagasine","schema":{"@context":"https:\/\/schema.org","@graph":[{"@type":"Article","@id":"https:\/\/lightweb.dev\/l\/svm-temp\/artiklar\/lagesrapport-marocko-demonstrationer-moskeer-ormar-och-ricks-cafe\/#article","isPartOf":{"@id":"https:\/\/lightweb.dev\/l\/svm-temp\/artiklar\/lagesrapport-marocko-demonstrationer-moskeer-ormar-och-ricks-cafe\/"},"author":{"name":"Redaktionen SvM","@id":"https:\/\/lightweb.dev\/l\/svm-temp\/#\/schema\/person\/206a3bda5b607b0c25e1749191e4d837"},"headline":"L\u00e4gesrapport Marocko: Demonstrationer, mosk\u00e9er, ormar och Rick\u00b4s Caf\u00e9","datePublished":"2011-04-11T22:00:00+00:00","mainEntityOfPage":{"@id":"https:\/\/lightweb.dev\/l\/svm-temp\/artiklar\/lagesrapport-marocko-demonstrationer-moskeer-ormar-och-ricks-cafe\/"},"wordCount":2256,"commentCount":0,"publisher":{"@id":"https:\/\/lightweb.dev\/l\/svm-temp\/#organization"},"image":{"@id":"https:\/\/lightweb.dev\/l\/svm-temp\/artiklar\/lagesrapport-marocko-demonstrationer-moskeer-ormar-och-ricks-cafe\/#primaryimage"},"thumbnailUrl":"https:\/\/lightweb.dev\/l\/svm-temp\/wp-content\/uploads\/2022\/04\/lgesrapport-marocko-demonstrationer-mosker-ormar-och-rick-s-caf.png","articleSection":["Arkiv","Artiklar"],"inLanguage":"sv-SE"},{"@type":"WebPage","@id":"https:\/\/lightweb.dev\/l\/svm-temp\/artiklar\/lagesrapport-marocko-demonstrationer-moskeer-ormar-och-ricks-cafe\/","url":"https:\/\/lightweb.dev\/l\/svm-temp\/artiklar\/lagesrapport-marocko-demonstrationer-moskeer-ormar-och-ricks-cafe\/","name":"L\u00e4gesrapport Marocko: Demonstrationer, mosk\u00e9er, ormar och Rick\u00b4s Caf\u00e9 - Svenska Magasinet","isPartOf":{"@id":"https:\/\/lightweb.dev\/l\/svm-temp\/#website"},"primaryImageOfPage":{"@id":"https:\/\/lightweb.dev\/l\/svm-temp\/artiklar\/lagesrapport-marocko-demonstrationer-moskeer-ormar-och-ricks-cafe\/#primaryimage"},"image":{"@id":"https:\/\/lightweb.dev\/l\/svm-temp\/artiklar\/lagesrapport-marocko-demonstrationer-moskeer-ormar-och-ricks-cafe\/#primaryimage"},"thumbnailUrl":"https:\/\/lightweb.dev\/l\/svm-temp\/wp-content\/uploads\/2022\/04\/lgesrapport-marocko-demonstrationer-mosker-ormar-och-rick-s-caf.png","datePublished":"2011-04-11T22:00:00+00:00","breadcrumb":{"@id":"https:\/\/lightweb.dev\/l\/svm-temp\/artiklar\/lagesrapport-marocko-demonstrationer-moskeer-ormar-och-ricks-cafe\/#breadcrumb"},"inLanguage":"sv-SE","potentialAction":[{"@type":"ReadAction","target":["https:\/\/lightweb.dev\/l\/svm-temp\/artiklar\/lagesrapport-marocko-demonstrationer-moskeer-ormar-och-ricks-cafe\/"]}]},{"@type":"ImageObject","inLanguage":"sv-SE","@id":"https:\/\/lightweb.dev\/l\/svm-temp\/artiklar\/lagesrapport-marocko-demonstrationer-moskeer-ormar-och-ricks-cafe\/#primaryimage","url":"https:\/\/lightweb.dev\/l\/svm-temp\/wp-content\/uploads\/2022\/04\/lgesrapport-marocko-demonstrationer-mosker-ormar-och-rick-s-caf.png","contentUrl":"https:\/\/lightweb.dev\/l\/svm-temp\/wp-content\/uploads\/2022\/04\/lgesrapport-marocko-demonstrationer-mosker-ormar-och-rick-s-caf.png","width":299,"height":200},{"@type":"BreadcrumbList","@id":"https:\/\/lightweb.dev\/l\/svm-temp\/artiklar\/lagesrapport-marocko-demonstrationer-moskeer-ormar-och-ricks-cafe\/#breadcrumb","itemListElement":[{"@type":"ListItem","position":1,"name":"Hem","item":"https:\/\/lightweb.dev\/l\/svm-temp\/"},{"@type":"ListItem","position":2,"name":"L\u00e4gesrapport Marocko: Demonstrationer, mosk\u00e9er, ormar och Rick\u00b4s Caf\u00e9"}]},{"@type":"WebSite","@id":"https:\/\/lightweb.dev\/l\/svm-temp\/#website","url":"https:\/\/lightweb.dev\/l\/svm-temp\/","name":"Svenska Magasinet","description":"Dina Spanska nyheter p&aring; Svenska","publisher":{"@id":"https:\/\/lightweb.dev\/l\/svm-temp\/#organization"},"potentialAction":[{"@type":"SearchAction","target":{"@type":"EntryPoint","urlTemplate":"https:\/\/lightweb.dev\/l\/svm-temp\/?s={search_term_string}"},"query-input":{"@type":"PropertyValueSpecification","valueRequired":true,"valueName":"search_term_string"}}],"inLanguage":"sv-SE"},{"@type":"Organization","@id":"https:\/\/lightweb.dev\/l\/svm-temp\/#organization","name":"Melkerson y Nott SL","alternateName":"Svenska Magasinet","url":"https:\/\/lightweb.dev\/l\/svm-temp\/","logo":{"@type":"ImageObject","inLanguage":"sv-SE","@id":"https:\/\/lightweb.dev\/l\/svm-temp\/#\/schema\/logo\/image\/","url":"https:\/\/lightweb.dev\/l\/svm-temp\/wp-content\/uploads\/2025\/02\/SvM-logo-Xtra-Centrerad-SVART.png","contentUrl":"https:\/\/lightweb.dev\/l\/svm-temp\/wp-content\/uploads\/2025\/02\/SvM-logo-Xtra-Centrerad-SVART.png","width":300,"height":99,"caption":"Melkerson y Nott SL"},"image":{"@id":"https:\/\/lightweb.dev\/l\/svm-temp\/#\/schema\/logo\/image\/"},"sameAs":["https:\/\/www.facebook.com\/svenskamagasinet","https:\/\/x.com\/SvenskaMagasine"]},{"@type":"Person","@id":"https:\/\/lightweb.dev\/l\/svm-temp\/#\/schema\/person\/206a3bda5b607b0c25e1749191e4d837","name":"Redaktionen SvM","description":"Redaktionen","sameAs":["https:\/\/lightweb.dev\/l\/svm-temp"],"url":"https:\/\/lightweb.dev\/l\/svm-temp\/reporter\/redaktionen\/"}]}},"_links":{"self":[{"href":"https:\/\/lightweb.dev\/l\/svm-temp\/wp-json\/wp\/v2\/posts\/3374","targetHints":{"allow":["GET"]}}],"collection":[{"href":"https:\/\/lightweb.dev\/l\/svm-temp\/wp-json\/wp\/v2\/posts"}],"about":[{"href":"https:\/\/lightweb.dev\/l\/svm-temp\/wp-json\/wp\/v2\/types\/post"}],"author":[{"embeddable":true,"href":"https:\/\/lightweb.dev\/l\/svm-temp\/wp-json\/wp\/v2\/users\/8"}],"replies":[{"embeddable":true,"href":"https:\/\/lightweb.dev\/l\/svm-temp\/wp-json\/wp\/v2\/comments?post=3374"}],"version-history":[{"count":0,"href":"https:\/\/lightweb.dev\/l\/svm-temp\/wp-json\/wp\/v2\/posts\/3374\/revisions"}],"wp:featuredmedia":[{"embeddable":true,"href":"https:\/\/lightweb.dev\/l\/svm-temp\/wp-json\/wp\/v2\/media\/3375"}],"wp:attachment":[{"href":"https:\/\/lightweb.dev\/l\/svm-temp\/wp-json\/wp\/v2\/media?parent=3374"}],"wp:term":[{"taxonomy":"category","embeddable":true,"href":"https:\/\/lightweb.dev\/l\/svm-temp\/wp-json\/wp\/v2\/categories?post=3374"},{"taxonomy":"post_tag","embeddable":true,"href":"https:\/\/lightweb.dev\/l\/svm-temp\/wp-json\/wp\/v2\/tags?post=3374"}],"curies":[{"name":"wp","href":"https:\/\/api.w.org\/{rel}","templated":true}]}}