{"id":3378,"date":"2011-04-12T00:00:00","date_gmt":"2011-04-11T22:00:00","guid":{"rendered":"https:\/\/lightweb.dev\/l\/svm-temp\/vad-hander-med-den-spanska-arvsskatten\/"},"modified":"2011-04-12T00:00:00","modified_gmt":"2011-04-11T22:00:00","slug":"vad-hander-med-den-spanska-arvsskatten","status":"publish","type":"post","link":"https:\/\/lightweb.dev\/l\/svm-temp\/artiklar\/vad-hander-med-den-spanska-arvsskatten\/","title":{"rendered":"Vad h\u00e4nder med den spanska arvsskatten?"},"content":{"rendered":"<p> M\u00e5nga planerar f\u00f6r den spanska arvsskatten. Vissa drabbas medan andra inte drabbas. Varf\u00f6r \u00e4r det s\u00e5??? Vad kommer att h\u00e4nda????? Bo Wennertorp vid den svenska revisionsbyr\u00e5n Global Accounting p\u00e5 Costa del Sol ger sin syn F\u00f6rr hade Spanien en enhetlig arvsbeskattning. Endast ett system fanns. Spanien best\u00e5r av ett tjugotal olika regioner. Dessa regioner ville ha st\u00f6rre best\u00e4mmander\u00e4tt i skatteh\u00e4nseende. Centralregeringen i Madrid besl\u00f6t d\u00e5 att regionerna sj\u00e4lva fick best\u00e4mma \u00f6ver arvsbeskattningen av regionernas innev\u00e5nare. Det \u00e4r arvingen som betalar arvsskatten. Problemet som d\u00e5 uppstod var att best\u00e4mma i vilken region arvingarna  bosatta utomlands skulle beskattas. Madrid best\u00e4mmde att dessa skulle bli en egen region och beskattas  direkt av Madrid i en egen f\u00e5lla. Och s\u00e5 blev det.<\/p>\n<p>Varje region beslutar om sin egen arvsskatt. Rent generellt kan s\u00e4gas att de regioner som styrs av PP (vilket torde motsvara moderaterna i Sverige) har l\u00e5g eller ingen arvsskatt. De regioner som styrs av PSOE (vilket torde motsvara socialdemokraterna i Sverige) har h\u00f6gre arvsskatt. Flera undantag finns emellertid. F\u00f6r de arvvingar som bosatt sig utomlands uppg\u00e5r arvsskatten till 7-34 % beroende p\u00e5 arvets storlek.<\/p>\n<p>Vad \u00e4r d\u00e5 problemet med detta? Jo, det \u00e4r att det torde strida mot EUs grundl\u00e4ggande regler att alla EUmedborgare skall behandlas lika oberoende av medborgarskap och var man bor. S\u00e4rbehandling \u00e4r f\u00f6rbjudet inom EU. I Spanien finns tv\u00e5 s\u00e4rbehandlingar. Dels beror det p\u00e5 var i Spanien arvingarna bor eftersom varje region har sina egna regler. Dels behandlas de arvingar som bor utomlands h\u00e5rdast. Knappast n\u00e5gon region har s\u00e5 tuffa regler som de som g\u00e4ller f\u00f6r utlandsbosatta arvingar.<\/p>\n<p>En av v\u00e5ra kunder reagerade kraftigt p\u00e5 dessa regler som uppenbart strider mot EUs krav p\u00e5 likabehandling. Under v\u00e5ren 2010 skickade han en skrivelse till EUkommissionen i Stockholm. D\u00e4r p\u00e5talades dessa or\u00e4ttvisor. Den svenska EUkommissionen reagerade snabbt och kraftfullt.<\/p>\n<p>F\u00f6rhandlingar med spanska skattemyndigheten inleddes omedelbart. Spanska myndigheterna har kommit med ett nytt arvsskattef\u00f6rslag som emellertid EU f\u00f6rkastade. N\u00e4r detta skrivs f\u00f6rbereder Spanien ytterligare ett \u00e4ndrat f\u00f6rslag till f\u00f6r\u00e4ndring av arvsskatten. Det \u00e4r f\u00f6r tidigt att sia om detta f\u00f6rslag kommer att accepteras av EU. Inom kort vet vi emellertid om EU kommer att acceptera det nya spanska f\u00f6rslaget till ny lagstiftning som skulle harmonisera dagens s\u00e4rbehandling.<\/p>\n<p>Du kan n\u00e5 Bo Wennertorp p\u00e5 mail bosse@globalaccounting.es <\/p>\n","protected":false},"excerpt":{"rendered":"<p>M\u00e5nga planerar f\u00f6r den spanska arvsskatten. Vissa drabbas medan andra inte drabbas. Varf\u00f6r \u00e4r det s\u00e5??? Vad kommer att h\u00e4nda????? Bo Wennertorp vid den svenska revisionsbyr\u00e5n Global Accounting p\u00e5 Costa del Sol ger sin syn F\u00f6rr hade Spanien en enhetlig arvsbeskattning. Endast ett system fanns. Spanien best\u00e5r av ett tjugotal olika regioner. Dessa regioner ville [&hellip;]<\/p>\n","protected":false},"author":8,"featured_media":0,"comment_status":"open","ping_status":"open","sticky":false,"template":"","format":"standard","meta":{"_et_pb_use_builder":"","_et_pb_old_content":"","_et_gb_content_width":"","footnotes":""},"categories":[396,4],"tags":[],"class_list":["post-3378","post","type-post","status-publish","format-standard","hentry","category-arkiv-artiklar","category-artiklar"],"yoast_head":"<!-- This site is optimized with the Yoast SEO Premium plugin v26.2 (Yoast SEO v28.2) - https:\/\/yoast.com\/product\/yoast-seo-premium-wordpress\/ -->\n<title>Vad h\u00e4nder med den spanska arvsskatten? - Svenska Magasinet<\/title>\n<meta name=\"robots\" content=\"noindex, follow, max-snippet:-1, max-image-preview:large, max-video-preview:-1\" \/>\n<meta property=\"og:locale\" content=\"sv_SE\" \/>\n<meta property=\"og:type\" content=\"article\" \/>\n<meta property=\"og:title\" content=\"Vad h\u00e4nder med den spanska arvsskatten?\" \/>\n<meta property=\"og:description\" content=\"M\u00e5nga planerar f\u00f6r den spanska arvsskatten. Vissa drabbas medan andra inte drabbas. Varf\u00f6r \u00e4r det s\u00e5??? Vad kommer att h\u00e4nda????? Bo Wennertorp vid den svenska revisionsbyr\u00e5n Global Accounting p\u00e5 Costa del Sol ger sin syn F\u00f6rr hade Spanien en enhetlig arvsbeskattning. Endast ett system fanns. Spanien best\u00e5r av ett tjugotal olika regioner. Dessa regioner ville [&hellip;]\" \/>\n<meta property=\"og:url\" content=\"https:\/\/lightweb.dev\/l\/svm-temp\/artiklar\/vad-hander-med-den-spanska-arvsskatten\/\" \/>\n<meta property=\"og:site_name\" content=\"Svenska Magasinet\" \/>\n<meta property=\"article:publisher\" content=\"https:\/\/www.facebook.com\/svenskamagasinet\" \/>\n<meta property=\"article:published_time\" content=\"2011-04-11T22:00:00+00:00\" \/>\n<meta name=\"author\" content=\"Redaktionen SvM\" \/>\n<meta name=\"twitter:card\" content=\"summary_large_image\" \/>\n<meta name=\"twitter:creator\" content=\"@SvenskaMagasine\" \/>\n<meta name=\"twitter:site\" content=\"@SvenskaMagasine\" \/>\n<script type=\"application\/ld+json\" class=\"yoast-schema-graph\">{\"@context\":\"https:\\\/\\\/schema.org\",\"@graph\":[{\"@type\":\"Article\",\"@id\":\"https:\\\/\\\/lightweb.dev\\\/l\\\/svm-temp\\\/artiklar\\\/vad-hander-med-den-spanska-arvsskatten\\\/#article\",\"isPartOf\":{\"@id\":\"https:\\\/\\\/lightweb.dev\\\/l\\\/svm-temp\\\/artiklar\\\/vad-hander-med-den-spanska-arvsskatten\\\/\"},\"author\":{\"name\":\"Redaktionen SvM\",\"@id\":\"https:\\\/\\\/lightweb.dev\\\/l\\\/svm-temp\\\/#\\\/schema\\\/person\\\/206a3bda5b607b0c25e1749191e4d837\"},\"headline\":\"Vad h\u00e4nder med den spanska arvsskatten?\",\"datePublished\":\"2011-04-11T22:00:00+00:00\",\"mainEntityOfPage\":{\"@id\":\"https:\\\/\\\/lightweb.dev\\\/l\\\/svm-temp\\\/artiklar\\\/vad-hander-med-den-spanska-arvsskatten\\\/\"},\"wordCount\":429,\"commentCount\":0,\"publisher\":{\"@id\":\"https:\\\/\\\/lightweb.dev\\\/l\\\/svm-temp\\\/#organization\"},\"articleSection\":[\"Arkiv\",\"Artiklar\"],\"inLanguage\":\"sv-SE\"},{\"@type\":\"WebPage\",\"@id\":\"https:\\\/\\\/lightweb.dev\\\/l\\\/svm-temp\\\/artiklar\\\/vad-hander-med-den-spanska-arvsskatten\\\/\",\"url\":\"https:\\\/\\\/lightweb.dev\\\/l\\\/svm-temp\\\/artiklar\\\/vad-hander-med-den-spanska-arvsskatten\\\/\",\"name\":\"Vad h\u00e4nder med den spanska arvsskatten? - Svenska Magasinet\",\"isPartOf\":{\"@id\":\"https:\\\/\\\/lightweb.dev\\\/l\\\/svm-temp\\\/#website\"},\"datePublished\":\"2011-04-11T22:00:00+00:00\",\"breadcrumb\":{\"@id\":\"https:\\\/\\\/lightweb.dev\\\/l\\\/svm-temp\\\/artiklar\\\/vad-hander-med-den-spanska-arvsskatten\\\/#breadcrumb\"},\"inLanguage\":\"sv-SE\",\"potentialAction\":[{\"@type\":\"ReadAction\",\"target\":[\"https:\\\/\\\/lightweb.dev\\\/l\\\/svm-temp\\\/artiklar\\\/vad-hander-med-den-spanska-arvsskatten\\\/\"]}]},{\"@type\":\"BreadcrumbList\",\"@id\":\"https:\\\/\\\/lightweb.dev\\\/l\\\/svm-temp\\\/artiklar\\\/vad-hander-med-den-spanska-arvsskatten\\\/#breadcrumb\",\"itemListElement\":[{\"@type\":\"ListItem\",\"position\":1,\"name\":\"Hem\",\"item\":\"https:\\\/\\\/lightweb.dev\\\/l\\\/svm-temp\\\/\"},{\"@type\":\"ListItem\",\"position\":2,\"name\":\"Vad h\u00e4nder med den spanska arvsskatten?\"}]},{\"@type\":\"WebSite\",\"@id\":\"https:\\\/\\\/lightweb.dev\\\/l\\\/svm-temp\\\/#website\",\"url\":\"https:\\\/\\\/lightweb.dev\\\/l\\\/svm-temp\\\/\",\"name\":\"Svenska Magasinet\",\"description\":\"Dina Spanska nyheter p&aring; Svenska\",\"publisher\":{\"@id\":\"https:\\\/\\\/lightweb.dev\\\/l\\\/svm-temp\\\/#organization\"},\"potentialAction\":[{\"@type\":\"SearchAction\",\"target\":{\"@type\":\"EntryPoint\",\"urlTemplate\":\"https:\\\/\\\/lightweb.dev\\\/l\\\/svm-temp\\\/?s={search_term_string}\"},\"query-input\":{\"@type\":\"PropertyValueSpecification\",\"valueRequired\":true,\"valueName\":\"search_term_string\"}}],\"inLanguage\":\"sv-SE\"},{\"@type\":\"Organization\",\"@id\":\"https:\\\/\\\/lightweb.dev\\\/l\\\/svm-temp\\\/#organization\",\"name\":\"Melkerson y Nott SL\",\"alternateName\":\"Svenska Magasinet\",\"url\":\"https:\\\/\\\/lightweb.dev\\\/l\\\/svm-temp\\\/\",\"logo\":{\"@type\":\"ImageObject\",\"inLanguage\":\"sv-SE\",\"@id\":\"https:\\\/\\\/lightweb.dev\\\/l\\\/svm-temp\\\/#\\\/schema\\\/logo\\\/image\\\/\",\"url\":\"https:\\\/\\\/lightweb.dev\\\/l\\\/svm-temp\\\/wp-content\\\/uploads\\\/2025\\\/02\\\/SvM-logo-Xtra-Centrerad-SVART.png\",\"contentUrl\":\"https:\\\/\\\/lightweb.dev\\\/l\\\/svm-temp\\\/wp-content\\\/uploads\\\/2025\\\/02\\\/SvM-logo-Xtra-Centrerad-SVART.png\",\"width\":300,\"height\":99,\"caption\":\"Melkerson y Nott SL\"},\"image\":{\"@id\":\"https:\\\/\\\/lightweb.dev\\\/l\\\/svm-temp\\\/#\\\/schema\\\/logo\\\/image\\\/\"},\"sameAs\":[\"https:\\\/\\\/www.facebook.com\\\/svenskamagasinet\",\"https:\\\/\\\/x.com\\\/SvenskaMagasine\"]},{\"@type\":\"Person\",\"@id\":\"https:\\\/\\\/lightweb.dev\\\/l\\\/svm-temp\\\/#\\\/schema\\\/person\\\/206a3bda5b607b0c25e1749191e4d837\",\"name\":\"Redaktionen SvM\",\"description\":\"Redaktionen\",\"sameAs\":[\"https:\\\/\\\/lightweb.dev\\\/l\\\/svm-temp\"],\"url\":\"https:\\\/\\\/lightweb.dev\\\/l\\\/svm-temp\\\/reporter\\\/redaktionen\\\/\"}]}<\/script>\n<!-- \/ Yoast SEO Premium plugin. -->","yoast_head_json":{"title":"Vad h\u00e4nder med den spanska arvsskatten? - Svenska Magasinet","robots":{"index":"noindex","follow":"follow","max-snippet":"max-snippet:-1","max-image-preview":"max-image-preview:large","max-video-preview":"max-video-preview:-1"},"og_locale":"sv_SE","og_type":"article","og_title":"Vad h\u00e4nder med den spanska arvsskatten?","og_description":"M\u00e5nga planerar f\u00f6r den spanska arvsskatten. Vissa drabbas medan andra inte drabbas. Varf\u00f6r \u00e4r det s\u00e5??? Vad kommer att h\u00e4nda????? Bo Wennertorp vid den svenska revisionsbyr\u00e5n Global Accounting p\u00e5 Costa del Sol ger sin syn F\u00f6rr hade Spanien en enhetlig arvsbeskattning. Endast ett system fanns. Spanien best\u00e5r av ett tjugotal olika regioner. Dessa regioner ville [&hellip;]","og_url":"https:\/\/lightweb.dev\/l\/svm-temp\/artiklar\/vad-hander-med-den-spanska-arvsskatten\/","og_site_name":"Svenska Magasinet","article_publisher":"https:\/\/www.facebook.com\/svenskamagasinet","article_published_time":"2011-04-11T22:00:00+00:00","author":"Redaktionen SvM","twitter_card":"summary_large_image","twitter_creator":"@SvenskaMagasine","twitter_site":"@SvenskaMagasine","schema":{"@context":"https:\/\/schema.org","@graph":[{"@type":"Article","@id":"https:\/\/lightweb.dev\/l\/svm-temp\/artiklar\/vad-hander-med-den-spanska-arvsskatten\/#article","isPartOf":{"@id":"https:\/\/lightweb.dev\/l\/svm-temp\/artiklar\/vad-hander-med-den-spanska-arvsskatten\/"},"author":{"name":"Redaktionen SvM","@id":"https:\/\/lightweb.dev\/l\/svm-temp\/#\/schema\/person\/206a3bda5b607b0c25e1749191e4d837"},"headline":"Vad h\u00e4nder med den spanska arvsskatten?","datePublished":"2011-04-11T22:00:00+00:00","mainEntityOfPage":{"@id":"https:\/\/lightweb.dev\/l\/svm-temp\/artiklar\/vad-hander-med-den-spanska-arvsskatten\/"},"wordCount":429,"commentCount":0,"publisher":{"@id":"https:\/\/lightweb.dev\/l\/svm-temp\/#organization"},"articleSection":["Arkiv","Artiklar"],"inLanguage":"sv-SE"},{"@type":"WebPage","@id":"https:\/\/lightweb.dev\/l\/svm-temp\/artiklar\/vad-hander-med-den-spanska-arvsskatten\/","url":"https:\/\/lightweb.dev\/l\/svm-temp\/artiklar\/vad-hander-med-den-spanska-arvsskatten\/","name":"Vad h\u00e4nder med den spanska arvsskatten? - Svenska Magasinet","isPartOf":{"@id":"https:\/\/lightweb.dev\/l\/svm-temp\/#website"},"datePublished":"2011-04-11T22:00:00+00:00","breadcrumb":{"@id":"https:\/\/lightweb.dev\/l\/svm-temp\/artiklar\/vad-hander-med-den-spanska-arvsskatten\/#breadcrumb"},"inLanguage":"sv-SE","potentialAction":[{"@type":"ReadAction","target":["https:\/\/lightweb.dev\/l\/svm-temp\/artiklar\/vad-hander-med-den-spanska-arvsskatten\/"]}]},{"@type":"BreadcrumbList","@id":"https:\/\/lightweb.dev\/l\/svm-temp\/artiklar\/vad-hander-med-den-spanska-arvsskatten\/#breadcrumb","itemListElement":[{"@type":"ListItem","position":1,"name":"Hem","item":"https:\/\/lightweb.dev\/l\/svm-temp\/"},{"@type":"ListItem","position":2,"name":"Vad h\u00e4nder med den spanska arvsskatten?"}]},{"@type":"WebSite","@id":"https:\/\/lightweb.dev\/l\/svm-temp\/#website","url":"https:\/\/lightweb.dev\/l\/svm-temp\/","name":"Svenska Magasinet","description":"Dina Spanska nyheter p&aring; Svenska","publisher":{"@id":"https:\/\/lightweb.dev\/l\/svm-temp\/#organization"},"potentialAction":[{"@type":"SearchAction","target":{"@type":"EntryPoint","urlTemplate":"https:\/\/lightweb.dev\/l\/svm-temp\/?s={search_term_string}"},"query-input":{"@type":"PropertyValueSpecification","valueRequired":true,"valueName":"search_term_string"}}],"inLanguage":"sv-SE"},{"@type":"Organization","@id":"https:\/\/lightweb.dev\/l\/svm-temp\/#organization","name":"Melkerson y Nott SL","alternateName":"Svenska Magasinet","url":"https:\/\/lightweb.dev\/l\/svm-temp\/","logo":{"@type":"ImageObject","inLanguage":"sv-SE","@id":"https:\/\/lightweb.dev\/l\/svm-temp\/#\/schema\/logo\/image\/","url":"https:\/\/lightweb.dev\/l\/svm-temp\/wp-content\/uploads\/2025\/02\/SvM-logo-Xtra-Centrerad-SVART.png","contentUrl":"https:\/\/lightweb.dev\/l\/svm-temp\/wp-content\/uploads\/2025\/02\/SvM-logo-Xtra-Centrerad-SVART.png","width":300,"height":99,"caption":"Melkerson y Nott SL"},"image":{"@id":"https:\/\/lightweb.dev\/l\/svm-temp\/#\/schema\/logo\/image\/"},"sameAs":["https:\/\/www.facebook.com\/svenskamagasinet","https:\/\/x.com\/SvenskaMagasine"]},{"@type":"Person","@id":"https:\/\/lightweb.dev\/l\/svm-temp\/#\/schema\/person\/206a3bda5b607b0c25e1749191e4d837","name":"Redaktionen SvM","description":"Redaktionen","sameAs":["https:\/\/lightweb.dev\/l\/svm-temp"],"url":"https:\/\/lightweb.dev\/l\/svm-temp\/reporter\/redaktionen\/"}]}},"_links":{"self":[{"href":"https:\/\/lightweb.dev\/l\/svm-temp\/wp-json\/wp\/v2\/posts\/3378","targetHints":{"allow":["GET"]}}],"collection":[{"href":"https:\/\/lightweb.dev\/l\/svm-temp\/wp-json\/wp\/v2\/posts"}],"about":[{"href":"https:\/\/lightweb.dev\/l\/svm-temp\/wp-json\/wp\/v2\/types\/post"}],"author":[{"embeddable":true,"href":"https:\/\/lightweb.dev\/l\/svm-temp\/wp-json\/wp\/v2\/users\/8"}],"replies":[{"embeddable":true,"href":"https:\/\/lightweb.dev\/l\/svm-temp\/wp-json\/wp\/v2\/comments?post=3378"}],"version-history":[{"count":0,"href":"https:\/\/lightweb.dev\/l\/svm-temp\/wp-json\/wp\/v2\/posts\/3378\/revisions"}],"wp:attachment":[{"href":"https:\/\/lightweb.dev\/l\/svm-temp\/wp-json\/wp\/v2\/media?parent=3378"}],"wp:term":[{"taxonomy":"category","embeddable":true,"href":"https:\/\/lightweb.dev\/l\/svm-temp\/wp-json\/wp\/v2\/categories?post=3378"},{"taxonomy":"post_tag","embeddable":true,"href":"https:\/\/lightweb.dev\/l\/svm-temp\/wp-json\/wp\/v2\/tags?post=3378"}],"curies":[{"name":"wp","href":"https:\/\/api.w.org\/{rel}","templated":true}]}}