{"id":3400,"date":"2011-03-08T00:00:00","date_gmt":"2011-03-07T23:00:00","guid":{"rendered":"https:\/\/lightweb.dev\/l\/svm-temp\/generosa-kraftpaket-fran-malagas-aldsta-bodega\/"},"modified":"2011-03-08T00:00:00","modified_gmt":"2011-03-07T23:00:00","slug":"generosa-kraftpaket-fran-malagas-aldsta-bodega","status":"publish","type":"post","link":"https:\/\/lightweb.dev\/l\/svm-temp\/artiklar\/generosa-kraftpaket-fran-malagas-aldsta-bodega\/","title":{"rendered":"Gener\u00f6sa kraftpaket fr\u00e5n M\u00e1lagas \u00e4ldsta bodega"},"content":{"rendered":"<p> Egentligen ganska n\u00e4ra, men \u00e4nd\u00e5 s\u00e5 l\u00e5ngt borta. Vi l\u00e4mnar kustv\u00e4gen efter El Palo strax \u00f6ster om M\u00e1laga. En smal och slingrande v\u00e4g leder oss sedan upp i bergen, Montes de M\u00e1laga, till byn Ol\u00edas. En by s\u00e5 liten att vi knappt hinner in i den f\u00f6rr\u00e4n vi \u00e4r ute igen! N\u00e5gon kilometer senare dyker skylten upp bland grenarna i ett eukalyptustr\u00e4d: Bodega Antigua Casa de Guardia Av Morgan Skantz<\/p>\n<p>Namnet l\u00e5ter bekant, och n\u00e5gra av l\u00e4sarna har s\u00e4kert kommit i kontakt med det f\u00f6rut. Men d\u00e5 h\u00f6gst sannolikt fr\u00e5n centrum av M\u00e1laga. N\u00e4rmare best\u00e4mt fr\u00e5n en bar med samma namn, och d\u00e5 mitt i storstadssmeten. P\u00e5 huvudgatan Alameda Principal nummer 18. Jod\u00e5, b\u00e5de baren i gamla stan och bodegan uppe i bergen har samma \u00e4gare. Och b\u00e4gge har funnits sedan 1840. Namnet kommer fr\u00e5n den f\u00f6rste \u00e4garen, Jos\u00e9 de la Guardia. Dagens \u00e4garfamilj, som tog \u00f6ver 1932, heter Garijo.<\/p>\n<p>Missa inte baren<br \/>\nBaren p\u00e5 Alamedan \u00e4r sedan \u00e5tskilliga \u00e5r en av M\u00e1lagas mest bes\u00f6kta turistattraktioner. Men \u00e4ven lokalbefolkningen hittar g\u00e4rna hit f\u00f6r att njuta av en copita med n\u00e5got av de m\u00e5nga olika viner som erbjuds. Ni som aldrig varit h\u00e4r; missa inte ett bes\u00f6k n\u00e4sta g\u00e5ng ni \u00e4r i provinshuvudstaden. Mer om baren om en stund. Nu ska vi tillbaka till bodegan uppe i bergen.<\/p>\n<p>Antonio, el Capitaz<br \/>\nVi f\u00e5r b\u00e4sta t\u00e4nkbara v\u00e4lkomnande. Antonio Torres Rodriguez har 23 \u00e5rs erfarenhet av vinframst\u00e4llning p\u00e5 Antigua Casa de Guardia. Han \u00e4r bodegans \u201dk\u00e4llarm\u00e4stare\u201d, el Capitaz, och i sin katedralliknande lagringslokal basar han \u00f6ver n\u00e4rmare 300 ekfat. Ungef\u00e4r lika m\u00e5nga botas, 480 liters, som bocoyas, 640 liters. Alla rej\u00e4lt gamla, n\u00e4rmare 200 \u00e5r. Detta \u00e4r en av hemligheterna till varf\u00f6r vinerna blir s\u00e5 smakrika.<\/p>\n<p>\u201dUppfostrade\u201d viner<br \/>\nVarje enskilt vinfat ing\u00e5r dessutom i ett sinnrikt system, en criadera, d\u00e4r vinerna st\u00e4ndigt flyttas runt.<br \/>\nN\u00e4r det blir dags att tappa upp vinet p\u00e5 flaskor fyller man alltid p\u00e5 med lika mycket nytt vin. Ekfaten blir allts\u00e5 aldrig torra. Resultatet blir att i varje nytappad flaska finns alltid ett st\u00e4nk av n\u00e4stan 200-\u00e5rigt vin!<br \/>\nCriadera \u00f6versatt till svenska blir ungef\u00e4r uppfostringsanstalt. Till\u00e4ggas b\u00f6r att alla vinerna i samband med tappningen \u201dspritas upp\u201d, fortifieras, till 16 %. Spriten \u00e4r 96,3-procentig och naturligtvis vinsprit. Fortifierade viner kallas p\u00e5 spanska Vinos Generosos, Gener\u00f6sa Viner allts\u00e5.<\/p>\n<p>Tv\u00e5 klassiker<br \/>\nI bodegans vinodling, Finca El Romerillo, \u00e4r jordm\u00e5nen minst sagt karg. Mera berg \u00e4n jord. Mest skiffer, brun och gr\u00e5. Gott om mineraler, som druvstockarna gillar.<br \/>\nDruvsorterna \u00e4r de b\u00e5da M\u00e1lagaklassikerna Moscatel de Alejandr\u00eda och Pedro Xim\u00e9nez, eller Pedro Jim\u00e9n som en \u00e4kta m\u00e1lague\u00f1o s\u00e4ger. Av druvorna, efter att de har f\u00e5tt torka i solen, g\u00f6rs numera<br \/>\ntio (!)olika viner. Ett torrt, ett halvtorrt och resten s\u00f6ta. Samtliga otroligt goda. Med smaker som ofta f\u00f6r tanken till choklad, kaffe och kryddiga fikon.<\/p>\n<p>Olika \u00e5ldersklasser<br \/>\nBodega Antigua Casa de Guardia tillh\u00f6r sedan 1997 D.O. M\u00e1laga y Sierras de M\u00e1laga.  Alla vinerna f\u00f6ljer d\u00e4rf\u00f6r ett strikt klassningssystem, som bygger p\u00e5 hur l\u00e4nge vinet \u201duppfostrats\u201d i criaderan innan tappningen.<br \/>\nEn noble mellan 2 och 3 \u00e5r. En a\u00f1ejo mellan 3 och 5 \u00e5r. En trasa\u00f1ejo mer \u00e4n 5 \u00e5r.<br \/>\nMed detta sagt \u00e5terst\u00e5r egentligen bara provsmakningen av de olika vinerna, och d\u00e4rf\u00f6r \u00e5terv\u00e4nder vi till baren Antigua Casa de Guardia i M\u00e1laga.<\/p>\n<p>L\u00e4tt att hitta<br \/>\nOm vi st\u00e5r p\u00e5 Alamedan med El Corte Ingl\u00e9s i ryggen s\u00e5 ligger den p\u00e5 v\u00e4nster sida inte s\u00e5 l\u00e5ngt fr\u00e5n blomsterkioskerna. N\u00e5gra trappsteg ned i lokalen och vi f\u00f6rflyttar oss l\u00e5ngt tillbaka i tiden. Kyparna bakom disken ser ut idag som de gjorde p\u00e5 1930-talet, och notan skriver de fortfarande med krita p\u00e5 tr\u00e4disken. F\u00f6r att underl\u00e4tta ert provningsbes\u00f6k har jag sammanst\u00e4llt en lista \u00f6ver de olika vinerna. Bara att ta med och peka!<\/p>\n<p>Jag f\u00f6resl\u00e5r nedanst\u00e5ende provningsordning:<br \/>\n1. Verdiales Seco, a\u00f1ejo, PX<br \/>\n2. PX 1908, trasa\u00f1ejo, PX<br \/>\n3. Verdiales Con Arte, a\u00f1ejo, PX och Moscatel<br \/>\n4. El Chavea, dulce natural, M<br \/>\n5. Guardia, noble, M och PX<br \/>\n6. Cream Verdiales, a\u00f1ejo, PX<br \/>\n7.  Guinda, a\u00f1ejo, M<br \/>\n8. Isabel II, trasa\u00f1ejo, M<br \/>\n9. Pajarete, trasa\u00f1ejo, PX<br \/>\n10. Garijo, M\u00e1laga dulce, PX<\/p>\n<p>\u00a1Salud!<br \/>\nLycka till med provningen! <\/p>\n","protected":false},"excerpt":{"rendered":"<p>Egentligen ganska n\u00e4ra, men \u00e4nd\u00e5 s\u00e5 l\u00e5ngt borta. Vi l\u00e4mnar kustv\u00e4gen efter El Palo strax \u00f6ster om M\u00e1laga. En smal och slingrande v\u00e4g leder oss sedan upp i bergen, Montes de M\u00e1laga, till byn Ol\u00edas. En by s\u00e5 liten att vi knappt hinner in i den f\u00f6rr\u00e4n vi \u00e4r ute igen! N\u00e5gon kilometer senare dyker [&hellip;]<\/p>\n","protected":false},"author":8,"featured_media":3401,"comment_status":"open","ping_status":"open","sticky":false,"template":"","format":"standard","meta":{"_et_pb_use_builder":"","_et_pb_old_content":"","_et_gb_content_width":"","footnotes":""},"categories":[4,38],"tags":[],"class_list":["post-3400","post","type-post","status-publish","format-standard","has-post-thumbnail","hentry","category-artiklar","category-mat-vin"],"yoast_head":"<!-- This site is optimized with the Yoast SEO Premium plugin v26.2 (Yoast SEO v28.2) - https:\/\/yoast.com\/product\/yoast-seo-premium-wordpress\/ -->\n<title>Gener\u00f6sa kraftpaket fr\u00e5n M\u00e1lagas \u00e4ldsta bodega - Svenska Magasinet<\/title>\n<meta name=\"robots\" content=\"noindex, follow, max-snippet:-1, max-image-preview:large, max-video-preview:-1\" \/>\n<meta property=\"og:locale\" content=\"sv_SE\" \/>\n<meta property=\"og:type\" content=\"article\" \/>\n<meta property=\"og:title\" content=\"Gener\u00f6sa kraftpaket fr\u00e5n M\u00e1lagas \u00e4ldsta bodega\" \/>\n<meta property=\"og:description\" content=\"Egentligen ganska n\u00e4ra, men \u00e4nd\u00e5 s\u00e5 l\u00e5ngt borta. Vi l\u00e4mnar kustv\u00e4gen efter El Palo strax \u00f6ster om M\u00e1laga. En smal och slingrande v\u00e4g leder oss sedan upp i bergen, Montes de M\u00e1laga, till byn Ol\u00edas. En by s\u00e5 liten att vi knappt hinner in i den f\u00f6rr\u00e4n vi \u00e4r ute igen! N\u00e5gon kilometer senare dyker [&hellip;]\" \/>\n<meta property=\"og:url\" content=\"https:\/\/lightweb.dev\/l\/svm-temp\/artiklar\/generosa-kraftpaket-fran-malagas-aldsta-bodega\/\" \/>\n<meta property=\"og:site_name\" content=\"Svenska Magasinet\" \/>\n<meta property=\"article:publisher\" content=\"https:\/\/www.facebook.com\/svenskamagasinet\" \/>\n<meta property=\"article:published_time\" content=\"2011-03-07T23:00:00+00:00\" \/>\n<meta property=\"og:image\" content=\"https:\/\/lightweb.dev\/l\/svm-temp\/wp-content\/uploads\/2022\/04\/genersa-kraftpaket-frn-mlagas-ldsta-bodega.png\" \/>\n\t<meta property=\"og:image:width\" content=\"280\" \/>\n\t<meta property=\"og:image:height\" content=\"373\" \/>\n\t<meta property=\"og:image:type\" content=\"image\/png\" \/>\n<meta name=\"author\" content=\"Redaktionen SvM\" \/>\n<meta name=\"twitter:card\" content=\"summary_large_image\" \/>\n<meta name=\"twitter:creator\" content=\"@SvenskaMagasine\" \/>\n<meta name=\"twitter:site\" content=\"@SvenskaMagasine\" \/>\n<script type=\"application\/ld+json\" class=\"yoast-schema-graph\">{\"@context\":\"https:\\\/\\\/schema.org\",\"@graph\":[{\"@type\":\"Article\",\"@id\":\"https:\\\/\\\/lightweb.dev\\\/l\\\/svm-temp\\\/artiklar\\\/generosa-kraftpaket-fran-malagas-aldsta-bodega\\\/#article\",\"isPartOf\":{\"@id\":\"https:\\\/\\\/lightweb.dev\\\/l\\\/svm-temp\\\/artiklar\\\/generosa-kraftpaket-fran-malagas-aldsta-bodega\\\/\"},\"author\":{\"name\":\"Redaktionen SvM\",\"@id\":\"https:\\\/\\\/lightweb.dev\\\/l\\\/svm-temp\\\/#\\\/schema\\\/person\\\/206a3bda5b607b0c25e1749191e4d837\"},\"headline\":\"Gener\u00f6sa kraftpaket fr\u00e5n M\u00e1lagas \u00e4ldsta bodega\",\"datePublished\":\"2011-03-07T23:00:00+00:00\",\"mainEntityOfPage\":{\"@id\":\"https:\\\/\\\/lightweb.dev\\\/l\\\/svm-temp\\\/artiklar\\\/generosa-kraftpaket-fran-malagas-aldsta-bodega\\\/\"},\"wordCount\":775,\"commentCount\":0,\"publisher\":{\"@id\":\"https:\\\/\\\/lightweb.dev\\\/l\\\/svm-temp\\\/#organization\"},\"image\":{\"@id\":\"https:\\\/\\\/lightweb.dev\\\/l\\\/svm-temp\\\/artiklar\\\/generosa-kraftpaket-fran-malagas-aldsta-bodega\\\/#primaryimage\"},\"thumbnailUrl\":\"https:\\\/\\\/lightweb.dev\\\/l\\\/svm-temp\\\/wp-content\\\/uploads\\\/2022\\\/04\\\/genersa-kraftpaket-frn-mlagas-ldsta-bodega.png\",\"articleSection\":[\"Artiklar\",\"Mat &amp; vin\"],\"inLanguage\":\"sv-SE\"},{\"@type\":\"WebPage\",\"@id\":\"https:\\\/\\\/lightweb.dev\\\/l\\\/svm-temp\\\/artiklar\\\/generosa-kraftpaket-fran-malagas-aldsta-bodega\\\/\",\"url\":\"https:\\\/\\\/lightweb.dev\\\/l\\\/svm-temp\\\/artiklar\\\/generosa-kraftpaket-fran-malagas-aldsta-bodega\\\/\",\"name\":\"Gener\u00f6sa kraftpaket fr\u00e5n M\u00e1lagas \u00e4ldsta bodega - Svenska Magasinet\",\"isPartOf\":{\"@id\":\"https:\\\/\\\/lightweb.dev\\\/l\\\/svm-temp\\\/#website\"},\"primaryImageOfPage\":{\"@id\":\"https:\\\/\\\/lightweb.dev\\\/l\\\/svm-temp\\\/artiklar\\\/generosa-kraftpaket-fran-malagas-aldsta-bodega\\\/#primaryimage\"},\"image\":{\"@id\":\"https:\\\/\\\/lightweb.dev\\\/l\\\/svm-temp\\\/artiklar\\\/generosa-kraftpaket-fran-malagas-aldsta-bodega\\\/#primaryimage\"},\"thumbnailUrl\":\"https:\\\/\\\/lightweb.dev\\\/l\\\/svm-temp\\\/wp-content\\\/uploads\\\/2022\\\/04\\\/genersa-kraftpaket-frn-mlagas-ldsta-bodega.png\",\"datePublished\":\"2011-03-07T23:00:00+00:00\",\"breadcrumb\":{\"@id\":\"https:\\\/\\\/lightweb.dev\\\/l\\\/svm-temp\\\/artiklar\\\/generosa-kraftpaket-fran-malagas-aldsta-bodega\\\/#breadcrumb\"},\"inLanguage\":\"sv-SE\",\"potentialAction\":[{\"@type\":\"ReadAction\",\"target\":[\"https:\\\/\\\/lightweb.dev\\\/l\\\/svm-temp\\\/artiklar\\\/generosa-kraftpaket-fran-malagas-aldsta-bodega\\\/\"]}]},{\"@type\":\"ImageObject\",\"inLanguage\":\"sv-SE\",\"@id\":\"https:\\\/\\\/lightweb.dev\\\/l\\\/svm-temp\\\/artiklar\\\/generosa-kraftpaket-fran-malagas-aldsta-bodega\\\/#primaryimage\",\"url\":\"https:\\\/\\\/lightweb.dev\\\/l\\\/svm-temp\\\/wp-content\\\/uploads\\\/2022\\\/04\\\/genersa-kraftpaket-frn-mlagas-ldsta-bodega.png\",\"contentUrl\":\"https:\\\/\\\/lightweb.dev\\\/l\\\/svm-temp\\\/wp-content\\\/uploads\\\/2022\\\/04\\\/genersa-kraftpaket-frn-mlagas-ldsta-bodega.png\",\"width\":280,\"height\":373},{\"@type\":\"BreadcrumbList\",\"@id\":\"https:\\\/\\\/lightweb.dev\\\/l\\\/svm-temp\\\/artiklar\\\/generosa-kraftpaket-fran-malagas-aldsta-bodega\\\/#breadcrumb\",\"itemListElement\":[{\"@type\":\"ListItem\",\"position\":1,\"name\":\"Hem\",\"item\":\"https:\\\/\\\/lightweb.dev\\\/l\\\/svm-temp\\\/\"},{\"@type\":\"ListItem\",\"position\":2,\"name\":\"Gener\u00f6sa kraftpaket fr\u00e5n M\u00e1lagas \u00e4ldsta bodega\"}]},{\"@type\":\"WebSite\",\"@id\":\"https:\\\/\\\/lightweb.dev\\\/l\\\/svm-temp\\\/#website\",\"url\":\"https:\\\/\\\/lightweb.dev\\\/l\\\/svm-temp\\\/\",\"name\":\"Svenska Magasinet\",\"description\":\"Dina Spanska nyheter p&aring; Svenska\",\"publisher\":{\"@id\":\"https:\\\/\\\/lightweb.dev\\\/l\\\/svm-temp\\\/#organization\"},\"potentialAction\":[{\"@type\":\"SearchAction\",\"target\":{\"@type\":\"EntryPoint\",\"urlTemplate\":\"https:\\\/\\\/lightweb.dev\\\/l\\\/svm-temp\\\/?s={search_term_string}\"},\"query-input\":{\"@type\":\"PropertyValueSpecification\",\"valueRequired\":true,\"valueName\":\"search_term_string\"}}],\"inLanguage\":\"sv-SE\"},{\"@type\":\"Organization\",\"@id\":\"https:\\\/\\\/lightweb.dev\\\/l\\\/svm-temp\\\/#organization\",\"name\":\"Melkerson y Nott SL\",\"alternateName\":\"Svenska Magasinet\",\"url\":\"https:\\\/\\\/lightweb.dev\\\/l\\\/svm-temp\\\/\",\"logo\":{\"@type\":\"ImageObject\",\"inLanguage\":\"sv-SE\",\"@id\":\"https:\\\/\\\/lightweb.dev\\\/l\\\/svm-temp\\\/#\\\/schema\\\/logo\\\/image\\\/\",\"url\":\"https:\\\/\\\/lightweb.dev\\\/l\\\/svm-temp\\\/wp-content\\\/uploads\\\/2025\\\/02\\\/SvM-logo-Xtra-Centrerad-SVART.png\",\"contentUrl\":\"https:\\\/\\\/lightweb.dev\\\/l\\\/svm-temp\\\/wp-content\\\/uploads\\\/2025\\\/02\\\/SvM-logo-Xtra-Centrerad-SVART.png\",\"width\":300,\"height\":99,\"caption\":\"Melkerson y Nott SL\"},\"image\":{\"@id\":\"https:\\\/\\\/lightweb.dev\\\/l\\\/svm-temp\\\/#\\\/schema\\\/logo\\\/image\\\/\"},\"sameAs\":[\"https:\\\/\\\/www.facebook.com\\\/svenskamagasinet\",\"https:\\\/\\\/x.com\\\/SvenskaMagasine\"]},{\"@type\":\"Person\",\"@id\":\"https:\\\/\\\/lightweb.dev\\\/l\\\/svm-temp\\\/#\\\/schema\\\/person\\\/206a3bda5b607b0c25e1749191e4d837\",\"name\":\"Redaktionen SvM\",\"description\":\"Redaktionen\",\"sameAs\":[\"https:\\\/\\\/lightweb.dev\\\/l\\\/svm-temp\"],\"url\":\"https:\\\/\\\/lightweb.dev\\\/l\\\/svm-temp\\\/reporter\\\/redaktionen\\\/\"}]}<\/script>\n<!-- \/ Yoast SEO Premium plugin. -->","yoast_head_json":{"title":"Gener\u00f6sa kraftpaket fr\u00e5n M\u00e1lagas \u00e4ldsta bodega - Svenska Magasinet","robots":{"index":"noindex","follow":"follow","max-snippet":"max-snippet:-1","max-image-preview":"max-image-preview:large","max-video-preview":"max-video-preview:-1"},"og_locale":"sv_SE","og_type":"article","og_title":"Gener\u00f6sa kraftpaket fr\u00e5n M\u00e1lagas \u00e4ldsta bodega","og_description":"Egentligen ganska n\u00e4ra, men \u00e4nd\u00e5 s\u00e5 l\u00e5ngt borta. Vi l\u00e4mnar kustv\u00e4gen efter El Palo strax \u00f6ster om M\u00e1laga. En smal och slingrande v\u00e4g leder oss sedan upp i bergen, Montes de M\u00e1laga, till byn Ol\u00edas. En by s\u00e5 liten att vi knappt hinner in i den f\u00f6rr\u00e4n vi \u00e4r ute igen! N\u00e5gon kilometer senare dyker [&hellip;]","og_url":"https:\/\/lightweb.dev\/l\/svm-temp\/artiklar\/generosa-kraftpaket-fran-malagas-aldsta-bodega\/","og_site_name":"Svenska Magasinet","article_publisher":"https:\/\/www.facebook.com\/svenskamagasinet","article_published_time":"2011-03-07T23:00:00+00:00","og_image":[{"width":280,"height":373,"url":"https:\/\/lightweb.dev\/l\/svm-temp\/wp-content\/uploads\/2022\/04\/genersa-kraftpaket-frn-mlagas-ldsta-bodega.png","type":"image\/png"}],"author":"Redaktionen SvM","twitter_card":"summary_large_image","twitter_creator":"@SvenskaMagasine","twitter_site":"@SvenskaMagasine","schema":{"@context":"https:\/\/schema.org","@graph":[{"@type":"Article","@id":"https:\/\/lightweb.dev\/l\/svm-temp\/artiklar\/generosa-kraftpaket-fran-malagas-aldsta-bodega\/#article","isPartOf":{"@id":"https:\/\/lightweb.dev\/l\/svm-temp\/artiklar\/generosa-kraftpaket-fran-malagas-aldsta-bodega\/"},"author":{"name":"Redaktionen SvM","@id":"https:\/\/lightweb.dev\/l\/svm-temp\/#\/schema\/person\/206a3bda5b607b0c25e1749191e4d837"},"headline":"Gener\u00f6sa kraftpaket fr\u00e5n M\u00e1lagas \u00e4ldsta bodega","datePublished":"2011-03-07T23:00:00+00:00","mainEntityOfPage":{"@id":"https:\/\/lightweb.dev\/l\/svm-temp\/artiklar\/generosa-kraftpaket-fran-malagas-aldsta-bodega\/"},"wordCount":775,"commentCount":0,"publisher":{"@id":"https:\/\/lightweb.dev\/l\/svm-temp\/#organization"},"image":{"@id":"https:\/\/lightweb.dev\/l\/svm-temp\/artiklar\/generosa-kraftpaket-fran-malagas-aldsta-bodega\/#primaryimage"},"thumbnailUrl":"https:\/\/lightweb.dev\/l\/svm-temp\/wp-content\/uploads\/2022\/04\/genersa-kraftpaket-frn-mlagas-ldsta-bodega.png","articleSection":["Artiklar","Mat &amp; vin"],"inLanguage":"sv-SE"},{"@type":"WebPage","@id":"https:\/\/lightweb.dev\/l\/svm-temp\/artiklar\/generosa-kraftpaket-fran-malagas-aldsta-bodega\/","url":"https:\/\/lightweb.dev\/l\/svm-temp\/artiklar\/generosa-kraftpaket-fran-malagas-aldsta-bodega\/","name":"Gener\u00f6sa kraftpaket fr\u00e5n M\u00e1lagas \u00e4ldsta bodega - Svenska Magasinet","isPartOf":{"@id":"https:\/\/lightweb.dev\/l\/svm-temp\/#website"},"primaryImageOfPage":{"@id":"https:\/\/lightweb.dev\/l\/svm-temp\/artiklar\/generosa-kraftpaket-fran-malagas-aldsta-bodega\/#primaryimage"},"image":{"@id":"https:\/\/lightweb.dev\/l\/svm-temp\/artiklar\/generosa-kraftpaket-fran-malagas-aldsta-bodega\/#primaryimage"},"thumbnailUrl":"https:\/\/lightweb.dev\/l\/svm-temp\/wp-content\/uploads\/2022\/04\/genersa-kraftpaket-frn-mlagas-ldsta-bodega.png","datePublished":"2011-03-07T23:00:00+00:00","breadcrumb":{"@id":"https:\/\/lightweb.dev\/l\/svm-temp\/artiklar\/generosa-kraftpaket-fran-malagas-aldsta-bodega\/#breadcrumb"},"inLanguage":"sv-SE","potentialAction":[{"@type":"ReadAction","target":["https:\/\/lightweb.dev\/l\/svm-temp\/artiklar\/generosa-kraftpaket-fran-malagas-aldsta-bodega\/"]}]},{"@type":"ImageObject","inLanguage":"sv-SE","@id":"https:\/\/lightweb.dev\/l\/svm-temp\/artiklar\/generosa-kraftpaket-fran-malagas-aldsta-bodega\/#primaryimage","url":"https:\/\/lightweb.dev\/l\/svm-temp\/wp-content\/uploads\/2022\/04\/genersa-kraftpaket-frn-mlagas-ldsta-bodega.png","contentUrl":"https:\/\/lightweb.dev\/l\/svm-temp\/wp-content\/uploads\/2022\/04\/genersa-kraftpaket-frn-mlagas-ldsta-bodega.png","width":280,"height":373},{"@type":"BreadcrumbList","@id":"https:\/\/lightweb.dev\/l\/svm-temp\/artiklar\/generosa-kraftpaket-fran-malagas-aldsta-bodega\/#breadcrumb","itemListElement":[{"@type":"ListItem","position":1,"name":"Hem","item":"https:\/\/lightweb.dev\/l\/svm-temp\/"},{"@type":"ListItem","position":2,"name":"Gener\u00f6sa kraftpaket fr\u00e5n M\u00e1lagas \u00e4ldsta bodega"}]},{"@type":"WebSite","@id":"https:\/\/lightweb.dev\/l\/svm-temp\/#website","url":"https:\/\/lightweb.dev\/l\/svm-temp\/","name":"Svenska Magasinet","description":"Dina Spanska nyheter p&aring; Svenska","publisher":{"@id":"https:\/\/lightweb.dev\/l\/svm-temp\/#organization"},"potentialAction":[{"@type":"SearchAction","target":{"@type":"EntryPoint","urlTemplate":"https:\/\/lightweb.dev\/l\/svm-temp\/?s={search_term_string}"},"query-input":{"@type":"PropertyValueSpecification","valueRequired":true,"valueName":"search_term_string"}}],"inLanguage":"sv-SE"},{"@type":"Organization","@id":"https:\/\/lightweb.dev\/l\/svm-temp\/#organization","name":"Melkerson y Nott SL","alternateName":"Svenska Magasinet","url":"https:\/\/lightweb.dev\/l\/svm-temp\/","logo":{"@type":"ImageObject","inLanguage":"sv-SE","@id":"https:\/\/lightweb.dev\/l\/svm-temp\/#\/schema\/logo\/image\/","url":"https:\/\/lightweb.dev\/l\/svm-temp\/wp-content\/uploads\/2025\/02\/SvM-logo-Xtra-Centrerad-SVART.png","contentUrl":"https:\/\/lightweb.dev\/l\/svm-temp\/wp-content\/uploads\/2025\/02\/SvM-logo-Xtra-Centrerad-SVART.png","width":300,"height":99,"caption":"Melkerson y Nott SL"},"image":{"@id":"https:\/\/lightweb.dev\/l\/svm-temp\/#\/schema\/logo\/image\/"},"sameAs":["https:\/\/www.facebook.com\/svenskamagasinet","https:\/\/x.com\/SvenskaMagasine"]},{"@type":"Person","@id":"https:\/\/lightweb.dev\/l\/svm-temp\/#\/schema\/person\/206a3bda5b607b0c25e1749191e4d837","name":"Redaktionen SvM","description":"Redaktionen","sameAs":["https:\/\/lightweb.dev\/l\/svm-temp"],"url":"https:\/\/lightweb.dev\/l\/svm-temp\/reporter\/redaktionen\/"}]}},"_links":{"self":[{"href":"https:\/\/lightweb.dev\/l\/svm-temp\/wp-json\/wp\/v2\/posts\/3400","targetHints":{"allow":["GET"]}}],"collection":[{"href":"https:\/\/lightweb.dev\/l\/svm-temp\/wp-json\/wp\/v2\/posts"}],"about":[{"href":"https:\/\/lightweb.dev\/l\/svm-temp\/wp-json\/wp\/v2\/types\/post"}],"author":[{"embeddable":true,"href":"https:\/\/lightweb.dev\/l\/svm-temp\/wp-json\/wp\/v2\/users\/8"}],"replies":[{"embeddable":true,"href":"https:\/\/lightweb.dev\/l\/svm-temp\/wp-json\/wp\/v2\/comments?post=3400"}],"version-history":[{"count":0,"href":"https:\/\/lightweb.dev\/l\/svm-temp\/wp-json\/wp\/v2\/posts\/3400\/revisions"}],"wp:featuredmedia":[{"embeddable":true,"href":"https:\/\/lightweb.dev\/l\/svm-temp\/wp-json\/wp\/v2\/media\/3401"}],"wp:attachment":[{"href":"https:\/\/lightweb.dev\/l\/svm-temp\/wp-json\/wp\/v2\/media?parent=3400"}],"wp:term":[{"taxonomy":"category","embeddable":true,"href":"https:\/\/lightweb.dev\/l\/svm-temp\/wp-json\/wp\/v2\/categories?post=3400"},{"taxonomy":"post_tag","embeddable":true,"href":"https:\/\/lightweb.dev\/l\/svm-temp\/wp-json\/wp\/v2\/tags?post=3400"}],"curies":[{"name":"wp","href":"https:\/\/api.w.org\/{rel}","templated":true}]}}