{"id":3486,"date":"2012-12-12T00:00:00","date_gmt":"2012-12-11T23:00:00","guid":{"rendered":"https:\/\/lightweb.dev\/l\/svm-temp\/fukt-mogel-varme-ventilation-golvvarme-och-varma-friska-hus\/"},"modified":"2012-12-12T00:00:00","modified_gmt":"2012-12-11T23:00:00","slug":"fukt-mogel-varme-ventilation-golvvarme-och-varma-friska-hus","status":"publish","type":"post","link":"https:\/\/lightweb.dev\/l\/svm-temp\/artiklar\/fukt-mogel-varme-ventilation-golvvarme-och-varma-friska-hus\/","title":{"rendered":"Fukt, m\u00f6gel, v\u00e4rme, ventilation, golvv\u00e4rme och varma friska hus"},"content":{"rendered":"<p> Det b\u00f6rjade i oktober 1997. Feriaveckan hade varit. Det f\u00f6rsta regnet hade kommit. Det hade blivit fuktigt och r\u00e5tt. Hade inte vi flyttat till solen och v\u00e4rmen? Bort fr\u00e5n kyla, fukt och skrapa bilrutor N\u00e4r jag tog ut flickornas skoltr\u00f6jor ur garderoben var de fuktiga. V\u00e4ggar, golv och gardiner likas\u00e5. Vi k\u00f6pte v\u00e4rmeelement och eldade i \u00f6ppna spisen. Mysigt men det r\u00f6k in. Jag ringde till min kompis p\u00e5 golvv\u00e4rmefabriken i G\u00f6teborg. \u201dKan du skicka ner lite material hit!\u201d \u201dHade inte du flyttat till solen och v\u00e4rmen?\u201d<br \/>\nSom sagt, det var s\u00e5 det b\u00f6rjade. Nu har vi installerat golvv\u00e4rme p\u00e5 SOL-Kusten i 15 \u00e5r! Det brukar b\u00f6rja med att folk vill ha det i badrummet. S\u00e5 efter ett par veckor ringer de och fr\u00e5gar: \u201dKan man ha det i sovrummet ocks\u00e5?\u201d \u201dOch vardagsrummet och k\u00f6ket&#8230;&#8230;&#8230;.?\u201d Sj\u00e4lvklart, i hela huset. I f\u00f6rr\u00e5den, i garderoberna.<br \/>\nVarf\u00f6r m\u00f6gla ner i f\u00f6rr\u00e5den? Kontor och l\u00e4karmottagningar. Bort med v\u00e4rmefl\u00e4ktar som virvlar damm. Hur m\u00e5nga m\u00f6gelsaneringar har vi inte gjort genom \u00e5ren! M\u00e5nga har hus eller l\u00e4genhet h\u00e4r nere som \u201dsommarstuga\u201d. De kommer ner \u00f6ver jul. St\u00e4nger igen huset hermetiskt och \u00e5ker hem till Stockholm, Hamburg eller Oslo. Och s\u00e5 kommer de ner till p\u00e5sk. \u00d6ppnar d\u00f6rren och m\u00f6ts av en m\u00f6gelstank. Gr\u00f6na v\u00e4ggar och mj\u00f6liga soffor. F\u00f6r att inte tala om kl\u00e4derna i den igenst\u00e4ngda garderoben.<\/p>\n<p>H\u00e4r har n\u00e4mligen regnat och h\u00e4r finns en luftfuktighet h\u00f6gre \u00e4n den finska bastun! Ingen isolering i v\u00e4ggar eller i marken under golvplattan. Tegel och r\u00e5betong.  Lika effektiva att suga vatten som l\u00e4skpapper. P\u00e5 s\u00e5 s\u00e4tt vandrar fukten in i huset! Det blir att skura, tv\u00e4tta och m\u00e5la.<br \/>\nK\u00f6pa nya kl\u00e4der? M\u00f6gelsvampar \u00e4lskar fukt och stillast\u00e5ende luft. D\u00e4rf\u00f6r borrar vi upp ventilationsh\u00e5l i alla rum. M\u00e5lar med riktig f\u00e4rg, vattenavvisande, p\u00e5 ytterv\u00e4ggarna. Och installerar golvv\u00e4rme! Blir inte det dyrt och kr\u00e5ngligt? Nix. Tekniken g\u00e5r ju fram\u00e5t. N\u00e4r vi flyttade hit fanns inga mobil- telefoner. Nu har alla en mobil eller Ipad.  Man beh\u00f6ver inte bryta upp marmorgolven. Applicerar ovanp\u00e5. Nytt klinker eller tr\u00e4golv. De nya digital- termostaterna reglerar b\u00e5de med klocka och v\u00e4rmesensor. N\u00e4r man \u00e4r bortrest, sl\u00e5s v\u00e4rmen p\u00e5 i n\u00e5gra rum ett par timmar p\u00e5 natten. N\u00e4r man \u00e4r h\u00e4r regleras den under den tiden man \u00e4r i huset. P\u00e5 natten kan den vara avst\u00e4ngd. Avsev\u00e4rt billigare \u00e4n de bl\u00e5smaskiner som st\u00e5r och bl\u00e5ser en i h\u00e5ret. Och s\u00e5 blir man varm om f\u00f6tterna \u00e4ven under bordet. Stengolv \u00e4r kalla golv. Barnen leker g\u00e4rna p\u00e5 golvet. T\u00e4nka att s\u00e4tta ner f\u00f6tterna p\u00e5 morgonen p\u00e5 ett ljummet tr\u00e4golv och g\u00e5 in i badrummet och det k\u00e4nns som en varm badstrand!<\/p>\n<p>Svante Fogelberg, \u00e5terf\u00f6rs\u00e4ljare f\u00f6r skandinaviens st\u00f6rsta golvv\u00e4rmefabrik, EBECO. Tel 667 435 738.<\/p>\n","protected":false},"excerpt":{"rendered":"<p>Det b\u00f6rjade i oktober 1997. Feriaveckan hade varit. Det f\u00f6rsta regnet hade kommit. Det hade blivit fuktigt och r\u00e5tt. Hade inte vi flyttat till solen och v\u00e4rmen? Bort fr\u00e5n kyla, fukt och skrapa bilrutor N\u00e4r jag tog ut flickornas skoltr\u00f6jor ur garderoben var de fuktiga. V\u00e4ggar, golv och gardiner likas\u00e5. Vi k\u00f6pte v\u00e4rmeelement och eldade [&hellip;]<\/p>\n","protected":false},"author":8,"featured_media":3487,"comment_status":"open","ping_status":"open","sticky":false,"template":"","format":"standard","meta":{"_et_pb_use_builder":"","_et_pb_old_content":"","_et_gb_content_width":"","footnotes":""},"categories":[396,4],"tags":[],"class_list":["post-3486","post","type-post","status-publish","format-standard","has-post-thumbnail","hentry","category-arkiv-artiklar","category-artiklar"],"yoast_head":"<!-- This site is optimized with the Yoast SEO Premium plugin v26.2 (Yoast SEO v27.5) - https:\/\/yoast.com\/product\/yoast-seo-premium-wordpress\/ -->\n<title>Fukt, m\u00f6gel, v\u00e4rme, ventilation, golvv\u00e4rme och varma friska hus - Svenska Magasinet<\/title>\n<meta name=\"robots\" content=\"noindex, follow, max-snippet:-1, max-image-preview:large, max-video-preview:-1\" \/>\n<meta property=\"og:locale\" content=\"sv_SE\" \/>\n<meta property=\"og:type\" content=\"article\" \/>\n<meta property=\"og:title\" content=\"Fukt, m\u00f6gel, v\u00e4rme, ventilation, golvv\u00e4rme och varma friska hus\" \/>\n<meta property=\"og:description\" content=\"Det b\u00f6rjade i oktober 1997. Feriaveckan hade varit. Det f\u00f6rsta regnet hade kommit. Det hade blivit fuktigt och r\u00e5tt. Hade inte vi flyttat till solen och v\u00e4rmen? Bort fr\u00e5n kyla, fukt och skrapa bilrutor N\u00e4r jag tog ut flickornas skoltr\u00f6jor ur garderoben var de fuktiga. V\u00e4ggar, golv och gardiner likas\u00e5. Vi k\u00f6pte v\u00e4rmeelement och eldade [&hellip;]\" \/>\n<meta property=\"og:url\" content=\"https:\/\/lightweb.dev\/l\/svm-temp\/artiklar\/fukt-mogel-varme-ventilation-golvvarme-och-varma-friska-hus\/\" \/>\n<meta property=\"og:site_name\" content=\"Svenska Magasinet\" \/>\n<meta property=\"article:publisher\" content=\"https:\/\/www.facebook.com\/svenskamagasinet\" \/>\n<meta property=\"article:published_time\" content=\"2012-12-11T23:00:00+00:00\" \/>\n<meta property=\"og:image\" content=\"https:\/\/lightweb.dev\/l\/svm-temp\/wp-content\/uploads\/2022\/04\/fukt-mgel-vrme-ventilation-golvvrme-och-varma-friska-hus.png\" \/>\n\t<meta property=\"og:image:width\" content=\"280\" \/>\n\t<meta property=\"og:image:height\" content=\"210\" \/>\n\t<meta property=\"og:image:type\" content=\"image\/png\" \/>\n<meta name=\"author\" content=\"Redaktionen SvM\" \/>\n<meta name=\"twitter:card\" content=\"summary_large_image\" \/>\n<meta name=\"twitter:creator\" content=\"@SvenskaMagasine\" \/>\n<meta name=\"twitter:site\" content=\"@SvenskaMagasine\" \/>\n<script type=\"application\/ld+json\" class=\"yoast-schema-graph\">{\"@context\":\"https:\\\/\\\/schema.org\",\"@graph\":[{\"@type\":\"Article\",\"@id\":\"https:\\\/\\\/lightweb.dev\\\/l\\\/svm-temp\\\/artiklar\\\/fukt-mogel-varme-ventilation-golvvarme-och-varma-friska-hus\\\/#article\",\"isPartOf\":{\"@id\":\"https:\\\/\\\/lightweb.dev\\\/l\\\/svm-temp\\\/artiklar\\\/fukt-mogel-varme-ventilation-golvvarme-och-varma-friska-hus\\\/\"},\"author\":{\"name\":\"Redaktionen SvM\",\"@id\":\"https:\\\/\\\/lightweb.dev\\\/l\\\/svm-temp\\\/#\\\/schema\\\/person\\\/206a3bda5b607b0c25e1749191e4d837\"},\"headline\":\"Fukt, m\u00f6gel, v\u00e4rme, ventilation, golvv\u00e4rme och varma friska hus\",\"datePublished\":\"2012-12-11T23:00:00+00:00\",\"mainEntityOfPage\":{\"@id\":\"https:\\\/\\\/lightweb.dev\\\/l\\\/svm-temp\\\/artiklar\\\/fukt-mogel-varme-ventilation-golvvarme-och-varma-friska-hus\\\/\"},\"wordCount\":549,\"commentCount\":1,\"publisher\":{\"@id\":\"https:\\\/\\\/lightweb.dev\\\/l\\\/svm-temp\\\/#organization\"},\"image\":{\"@id\":\"https:\\\/\\\/lightweb.dev\\\/l\\\/svm-temp\\\/artiklar\\\/fukt-mogel-varme-ventilation-golvvarme-och-varma-friska-hus\\\/#primaryimage\"},\"thumbnailUrl\":\"https:\\\/\\\/lightweb.dev\\\/l\\\/svm-temp\\\/wp-content\\\/uploads\\\/2022\\\/04\\\/fukt-mgel-vrme-ventilation-golvvrme-och-varma-friska-hus.png\",\"articleSection\":[\"Arkiv\",\"Artiklar\"],\"inLanguage\":\"sv-SE\"},{\"@type\":\"WebPage\",\"@id\":\"https:\\\/\\\/lightweb.dev\\\/l\\\/svm-temp\\\/artiklar\\\/fukt-mogel-varme-ventilation-golvvarme-och-varma-friska-hus\\\/\",\"url\":\"https:\\\/\\\/lightweb.dev\\\/l\\\/svm-temp\\\/artiklar\\\/fukt-mogel-varme-ventilation-golvvarme-och-varma-friska-hus\\\/\",\"name\":\"Fukt, m\u00f6gel, v\u00e4rme, ventilation, golvv\u00e4rme och varma friska hus - Svenska Magasinet\",\"isPartOf\":{\"@id\":\"https:\\\/\\\/lightweb.dev\\\/l\\\/svm-temp\\\/#website\"},\"primaryImageOfPage\":{\"@id\":\"https:\\\/\\\/lightweb.dev\\\/l\\\/svm-temp\\\/artiklar\\\/fukt-mogel-varme-ventilation-golvvarme-och-varma-friska-hus\\\/#primaryimage\"},\"image\":{\"@id\":\"https:\\\/\\\/lightweb.dev\\\/l\\\/svm-temp\\\/artiklar\\\/fukt-mogel-varme-ventilation-golvvarme-och-varma-friska-hus\\\/#primaryimage\"},\"thumbnailUrl\":\"https:\\\/\\\/lightweb.dev\\\/l\\\/svm-temp\\\/wp-content\\\/uploads\\\/2022\\\/04\\\/fukt-mgel-vrme-ventilation-golvvrme-och-varma-friska-hus.png\",\"datePublished\":\"2012-12-11T23:00:00+00:00\",\"breadcrumb\":{\"@id\":\"https:\\\/\\\/lightweb.dev\\\/l\\\/svm-temp\\\/artiklar\\\/fukt-mogel-varme-ventilation-golvvarme-och-varma-friska-hus\\\/#breadcrumb\"},\"inLanguage\":\"sv-SE\",\"potentialAction\":[{\"@type\":\"ReadAction\",\"target\":[\"https:\\\/\\\/lightweb.dev\\\/l\\\/svm-temp\\\/artiklar\\\/fukt-mogel-varme-ventilation-golvvarme-och-varma-friska-hus\\\/\"]}]},{\"@type\":\"ImageObject\",\"inLanguage\":\"sv-SE\",\"@id\":\"https:\\\/\\\/lightweb.dev\\\/l\\\/svm-temp\\\/artiklar\\\/fukt-mogel-varme-ventilation-golvvarme-och-varma-friska-hus\\\/#primaryimage\",\"url\":\"https:\\\/\\\/lightweb.dev\\\/l\\\/svm-temp\\\/wp-content\\\/uploads\\\/2022\\\/04\\\/fukt-mgel-vrme-ventilation-golvvrme-och-varma-friska-hus.png\",\"contentUrl\":\"https:\\\/\\\/lightweb.dev\\\/l\\\/svm-temp\\\/wp-content\\\/uploads\\\/2022\\\/04\\\/fukt-mgel-vrme-ventilation-golvvrme-och-varma-friska-hus.png\",\"width\":280,\"height\":210},{\"@type\":\"BreadcrumbList\",\"@id\":\"https:\\\/\\\/lightweb.dev\\\/l\\\/svm-temp\\\/artiklar\\\/fukt-mogel-varme-ventilation-golvvarme-och-varma-friska-hus\\\/#breadcrumb\",\"itemListElement\":[{\"@type\":\"ListItem\",\"position\":1,\"name\":\"Hem\",\"item\":\"https:\\\/\\\/lightweb.dev\\\/l\\\/svm-temp\\\/\"},{\"@type\":\"ListItem\",\"position\":2,\"name\":\"Fukt, m\u00f6gel, v\u00e4rme, ventilation, golvv\u00e4rme och varma friska hus\"}]},{\"@type\":\"WebSite\",\"@id\":\"https:\\\/\\\/lightweb.dev\\\/l\\\/svm-temp\\\/#website\",\"url\":\"https:\\\/\\\/lightweb.dev\\\/l\\\/svm-temp\\\/\",\"name\":\"Svenska Magasinet\",\"description\":\"Dina Spanska nyheter p&aring; Svenska\",\"publisher\":{\"@id\":\"https:\\\/\\\/lightweb.dev\\\/l\\\/svm-temp\\\/#organization\"},\"potentialAction\":[{\"@type\":\"SearchAction\",\"target\":{\"@type\":\"EntryPoint\",\"urlTemplate\":\"https:\\\/\\\/lightweb.dev\\\/l\\\/svm-temp\\\/?s={search_term_string}\"},\"query-input\":{\"@type\":\"PropertyValueSpecification\",\"valueRequired\":true,\"valueName\":\"search_term_string\"}}],\"inLanguage\":\"sv-SE\"},{\"@type\":\"Organization\",\"@id\":\"https:\\\/\\\/lightweb.dev\\\/l\\\/svm-temp\\\/#organization\",\"name\":\"Melkerson y Nott SL\",\"alternateName\":\"Svenska Magasinet\",\"url\":\"https:\\\/\\\/lightweb.dev\\\/l\\\/svm-temp\\\/\",\"logo\":{\"@type\":\"ImageObject\",\"inLanguage\":\"sv-SE\",\"@id\":\"https:\\\/\\\/lightweb.dev\\\/l\\\/svm-temp\\\/#\\\/schema\\\/logo\\\/image\\\/\",\"url\":\"https:\\\/\\\/lightweb.dev\\\/l\\\/svm-temp\\\/wp-content\\\/uploads\\\/2025\\\/02\\\/SvM-logo-Xtra-Centrerad-SVART.png\",\"contentUrl\":\"https:\\\/\\\/lightweb.dev\\\/l\\\/svm-temp\\\/wp-content\\\/uploads\\\/2025\\\/02\\\/SvM-logo-Xtra-Centrerad-SVART.png\",\"width\":300,\"height\":99,\"caption\":\"Melkerson y Nott SL\"},\"image\":{\"@id\":\"https:\\\/\\\/lightweb.dev\\\/l\\\/svm-temp\\\/#\\\/schema\\\/logo\\\/image\\\/\"},\"sameAs\":[\"https:\\\/\\\/www.facebook.com\\\/svenskamagasinet\",\"https:\\\/\\\/x.com\\\/SvenskaMagasine\"]},{\"@type\":\"Person\",\"@id\":\"https:\\\/\\\/lightweb.dev\\\/l\\\/svm-temp\\\/#\\\/schema\\\/person\\\/206a3bda5b607b0c25e1749191e4d837\",\"name\":\"Redaktionen SvM\",\"description\":\"Redaktionen\",\"sameAs\":[\"https:\\\/\\\/lightweb.dev\\\/l\\\/svm-temp\"],\"url\":\"https:\\\/\\\/lightweb.dev\\\/l\\\/svm-temp\\\/reporter\\\/redaktionen\\\/\"}]}<\/script>\n<!-- \/ Yoast SEO Premium plugin. -->","yoast_head_json":{"title":"Fukt, m\u00f6gel, v\u00e4rme, ventilation, golvv\u00e4rme och varma friska hus - Svenska Magasinet","robots":{"index":"noindex","follow":"follow","max-snippet":"max-snippet:-1","max-image-preview":"max-image-preview:large","max-video-preview":"max-video-preview:-1"},"og_locale":"sv_SE","og_type":"article","og_title":"Fukt, m\u00f6gel, v\u00e4rme, ventilation, golvv\u00e4rme och varma friska hus","og_description":"Det b\u00f6rjade i oktober 1997. Feriaveckan hade varit. Det f\u00f6rsta regnet hade kommit. Det hade blivit fuktigt och r\u00e5tt. Hade inte vi flyttat till solen och v\u00e4rmen? Bort fr\u00e5n kyla, fukt och skrapa bilrutor N\u00e4r jag tog ut flickornas skoltr\u00f6jor ur garderoben var de fuktiga. V\u00e4ggar, golv och gardiner likas\u00e5. Vi k\u00f6pte v\u00e4rmeelement och eldade [&hellip;]","og_url":"https:\/\/lightweb.dev\/l\/svm-temp\/artiklar\/fukt-mogel-varme-ventilation-golvvarme-och-varma-friska-hus\/","og_site_name":"Svenska Magasinet","article_publisher":"https:\/\/www.facebook.com\/svenskamagasinet","article_published_time":"2012-12-11T23:00:00+00:00","og_image":[{"width":280,"height":210,"url":"https:\/\/lightweb.dev\/l\/svm-temp\/wp-content\/uploads\/2022\/04\/fukt-mgel-vrme-ventilation-golvvrme-och-varma-friska-hus.png","type":"image\/png"}],"author":"Redaktionen SvM","twitter_card":"summary_large_image","twitter_creator":"@SvenskaMagasine","twitter_site":"@SvenskaMagasine","schema":{"@context":"https:\/\/schema.org","@graph":[{"@type":"Article","@id":"https:\/\/lightweb.dev\/l\/svm-temp\/artiklar\/fukt-mogel-varme-ventilation-golvvarme-och-varma-friska-hus\/#article","isPartOf":{"@id":"https:\/\/lightweb.dev\/l\/svm-temp\/artiklar\/fukt-mogel-varme-ventilation-golvvarme-och-varma-friska-hus\/"},"author":{"name":"Redaktionen SvM","@id":"https:\/\/lightweb.dev\/l\/svm-temp\/#\/schema\/person\/206a3bda5b607b0c25e1749191e4d837"},"headline":"Fukt, m\u00f6gel, v\u00e4rme, ventilation, golvv\u00e4rme och varma friska hus","datePublished":"2012-12-11T23:00:00+00:00","mainEntityOfPage":{"@id":"https:\/\/lightweb.dev\/l\/svm-temp\/artiklar\/fukt-mogel-varme-ventilation-golvvarme-och-varma-friska-hus\/"},"wordCount":549,"commentCount":1,"publisher":{"@id":"https:\/\/lightweb.dev\/l\/svm-temp\/#organization"},"image":{"@id":"https:\/\/lightweb.dev\/l\/svm-temp\/artiklar\/fukt-mogel-varme-ventilation-golvvarme-och-varma-friska-hus\/#primaryimage"},"thumbnailUrl":"https:\/\/lightweb.dev\/l\/svm-temp\/wp-content\/uploads\/2022\/04\/fukt-mgel-vrme-ventilation-golvvrme-och-varma-friska-hus.png","articleSection":["Arkiv","Artiklar"],"inLanguage":"sv-SE"},{"@type":"WebPage","@id":"https:\/\/lightweb.dev\/l\/svm-temp\/artiklar\/fukt-mogel-varme-ventilation-golvvarme-och-varma-friska-hus\/","url":"https:\/\/lightweb.dev\/l\/svm-temp\/artiklar\/fukt-mogel-varme-ventilation-golvvarme-och-varma-friska-hus\/","name":"Fukt, m\u00f6gel, v\u00e4rme, ventilation, golvv\u00e4rme och varma friska hus - Svenska Magasinet","isPartOf":{"@id":"https:\/\/lightweb.dev\/l\/svm-temp\/#website"},"primaryImageOfPage":{"@id":"https:\/\/lightweb.dev\/l\/svm-temp\/artiklar\/fukt-mogel-varme-ventilation-golvvarme-och-varma-friska-hus\/#primaryimage"},"image":{"@id":"https:\/\/lightweb.dev\/l\/svm-temp\/artiklar\/fukt-mogel-varme-ventilation-golvvarme-och-varma-friska-hus\/#primaryimage"},"thumbnailUrl":"https:\/\/lightweb.dev\/l\/svm-temp\/wp-content\/uploads\/2022\/04\/fukt-mgel-vrme-ventilation-golvvrme-och-varma-friska-hus.png","datePublished":"2012-12-11T23:00:00+00:00","breadcrumb":{"@id":"https:\/\/lightweb.dev\/l\/svm-temp\/artiklar\/fukt-mogel-varme-ventilation-golvvarme-och-varma-friska-hus\/#breadcrumb"},"inLanguage":"sv-SE","potentialAction":[{"@type":"ReadAction","target":["https:\/\/lightweb.dev\/l\/svm-temp\/artiklar\/fukt-mogel-varme-ventilation-golvvarme-och-varma-friska-hus\/"]}]},{"@type":"ImageObject","inLanguage":"sv-SE","@id":"https:\/\/lightweb.dev\/l\/svm-temp\/artiklar\/fukt-mogel-varme-ventilation-golvvarme-och-varma-friska-hus\/#primaryimage","url":"https:\/\/lightweb.dev\/l\/svm-temp\/wp-content\/uploads\/2022\/04\/fukt-mgel-vrme-ventilation-golvvrme-och-varma-friska-hus.png","contentUrl":"https:\/\/lightweb.dev\/l\/svm-temp\/wp-content\/uploads\/2022\/04\/fukt-mgel-vrme-ventilation-golvvrme-och-varma-friska-hus.png","width":280,"height":210},{"@type":"BreadcrumbList","@id":"https:\/\/lightweb.dev\/l\/svm-temp\/artiklar\/fukt-mogel-varme-ventilation-golvvarme-och-varma-friska-hus\/#breadcrumb","itemListElement":[{"@type":"ListItem","position":1,"name":"Hem","item":"https:\/\/lightweb.dev\/l\/svm-temp\/"},{"@type":"ListItem","position":2,"name":"Fukt, m\u00f6gel, v\u00e4rme, ventilation, golvv\u00e4rme och varma friska hus"}]},{"@type":"WebSite","@id":"https:\/\/lightweb.dev\/l\/svm-temp\/#website","url":"https:\/\/lightweb.dev\/l\/svm-temp\/","name":"Svenska Magasinet","description":"Dina Spanska nyheter p&aring; Svenska","publisher":{"@id":"https:\/\/lightweb.dev\/l\/svm-temp\/#organization"},"potentialAction":[{"@type":"SearchAction","target":{"@type":"EntryPoint","urlTemplate":"https:\/\/lightweb.dev\/l\/svm-temp\/?s={search_term_string}"},"query-input":{"@type":"PropertyValueSpecification","valueRequired":true,"valueName":"search_term_string"}}],"inLanguage":"sv-SE"},{"@type":"Organization","@id":"https:\/\/lightweb.dev\/l\/svm-temp\/#organization","name":"Melkerson y Nott SL","alternateName":"Svenska Magasinet","url":"https:\/\/lightweb.dev\/l\/svm-temp\/","logo":{"@type":"ImageObject","inLanguage":"sv-SE","@id":"https:\/\/lightweb.dev\/l\/svm-temp\/#\/schema\/logo\/image\/","url":"https:\/\/lightweb.dev\/l\/svm-temp\/wp-content\/uploads\/2025\/02\/SvM-logo-Xtra-Centrerad-SVART.png","contentUrl":"https:\/\/lightweb.dev\/l\/svm-temp\/wp-content\/uploads\/2025\/02\/SvM-logo-Xtra-Centrerad-SVART.png","width":300,"height":99,"caption":"Melkerson y Nott SL"},"image":{"@id":"https:\/\/lightweb.dev\/l\/svm-temp\/#\/schema\/logo\/image\/"},"sameAs":["https:\/\/www.facebook.com\/svenskamagasinet","https:\/\/x.com\/SvenskaMagasine"]},{"@type":"Person","@id":"https:\/\/lightweb.dev\/l\/svm-temp\/#\/schema\/person\/206a3bda5b607b0c25e1749191e4d837","name":"Redaktionen SvM","description":"Redaktionen","sameAs":["https:\/\/lightweb.dev\/l\/svm-temp"],"url":"https:\/\/lightweb.dev\/l\/svm-temp\/reporter\/redaktionen\/"}]}},"_links":{"self":[{"href":"https:\/\/lightweb.dev\/l\/svm-temp\/wp-json\/wp\/v2\/posts\/3486","targetHints":{"allow":["GET"]}}],"collection":[{"href":"https:\/\/lightweb.dev\/l\/svm-temp\/wp-json\/wp\/v2\/posts"}],"about":[{"href":"https:\/\/lightweb.dev\/l\/svm-temp\/wp-json\/wp\/v2\/types\/post"}],"author":[{"embeddable":true,"href":"https:\/\/lightweb.dev\/l\/svm-temp\/wp-json\/wp\/v2\/users\/8"}],"replies":[{"embeddable":true,"href":"https:\/\/lightweb.dev\/l\/svm-temp\/wp-json\/wp\/v2\/comments?post=3486"}],"version-history":[{"count":0,"href":"https:\/\/lightweb.dev\/l\/svm-temp\/wp-json\/wp\/v2\/posts\/3486\/revisions"}],"wp:featuredmedia":[{"embeddable":true,"href":"https:\/\/lightweb.dev\/l\/svm-temp\/wp-json\/wp\/v2\/media\/3487"}],"wp:attachment":[{"href":"https:\/\/lightweb.dev\/l\/svm-temp\/wp-json\/wp\/v2\/media?parent=3486"}],"wp:term":[{"taxonomy":"category","embeddable":true,"href":"https:\/\/lightweb.dev\/l\/svm-temp\/wp-json\/wp\/v2\/categories?post=3486"},{"taxonomy":"post_tag","embeddable":true,"href":"https:\/\/lightweb.dev\/l\/svm-temp\/wp-json\/wp\/v2\/tags?post=3486"}],"curies":[{"name":"wp","href":"https:\/\/api.w.org\/{rel}","templated":true}]}}