{"id":3492,"date":"2012-12-12T00:00:00","date_gmt":"2012-12-11T23:00:00","guid":{"rendered":"https:\/\/lightweb.dev\/l\/svm-temp\/nanna-firar-tio-ar-med-citron\/"},"modified":"2012-12-12T00:00:00","modified_gmt":"2012-12-11T23:00:00","slug":"nanna-firar-tio-ar-med-citron","status":"publish","type":"post","link":"https:\/\/lightweb.dev\/l\/svm-temp\/artiklar\/nanna-firar-tio-ar-med-citron\/","title":{"rendered":"Nanna firar tio \u00e5r med Citron"},"content":{"rendered":"<p> Svensk\u00e4gda restaurangen Citron som ligger n\u00e5gra stenkast fr\u00e5n Picassos f\u00f6delsehem vid La Plaza de la Merced i M\u00e1laga firar 10-\u00e5rs jubileum. Citron var en av pionj\u00e4rerna n\u00e4r det g\u00e4ller \u201dcross kitchen\u201d i M\u00e1laga. Bakom framg\u00e5ngen ligger ett antal klassiker men \u00e4ven f\u00f6rm\u00e5gan att utvecklas och f\u00f6rnya sig. Citron erbjuder exempelvis ett flertal glutenfria alternativ och tar in allt fler ekologiska produkter i sin matlagning. Det skriver restaurangen i ett pressmeddelande.<br \/>\n&#8211; M\u00e1laga \u00e4r fantastiskt vackert under julen, boka in en dag med julshopping och avsluta den med v\u00e5r julmeny, rekommenderar kr\u00f6garen Nanna Tommola som driver Citron med buisness partnern Javier Jimenez Tejada.<br \/>\nCitron har f\u00f6rutom en prisv\u00e4rd specialmeny f\u00f6r grupper, flera s\u00e4songsbetonade menyer under \u00e5ret, d\u00e4ribland San Valentin och s\u00e5 julen f\u00f6rst\u00e5s! P\u00e5 \u00e5rets julmeny, som best\u00e5r av f\u00f6rr\u00e4tt, huvudr\u00e4tt och efterr\u00e4tt f\u00f6r 27 euro per person, finns bland annat sm\u00f6rdegsbakelse med mousse av iberisk pat\u00e9 och bl\u00e5b\u00e4rss\u00e5s samt en fl\u00e4skfil\u00e9gryta med russin, plommon och s\u00f6tt M\u00e1lagavin.<\/p>\n<p>&#8211; Citron har skapat en trend i M\u00e1laga, s\u00e4ger Nanna Tommola. Vi utg\u00e5r ifr\u00e5n lokala andalusiska produkter som vi blandar upp med internationella influenser. Vi har m\u00e5nga stamkunder som kommer f\u00f6r klassikerna som varit med fr\u00e5n start, samtidigt f\u00f6rs\u00f6ker vi st\u00e4ndigt l\u00e4ra oss nya saker och bli allt mer kreativa.<br \/>\nEkologiska produkter ligger i tiden och Citron har ocks\u00e5 satsat p\u00e5 alternativ f\u00f6r glutenallergiker. F\u00f6rutom risotto, woks, glutenfri brownie, med flera andra r\u00e4tter, har Citron ocks\u00e5 glutenfri soja, \u00f6l och br\u00f6d. F\u00f6r Nanna \u00e4r det dock inte enbart r\u00e5varorna som \u00e4r viktiga f\u00f6r att bevara och h\u00f6ja kvaliteten.<br \/>\n&#8211; Lika viktig \u00e4r den energi som uppst\u00e5r i k\u00f6ket n\u00e4r vi tillreder maten, det m\u00e5ste vara bra st\u00e4mning i k\u00f6ket. Musiken, k\u00e4nslan bland personalen, hur vi tar i produkterna, allt bildar en helhet som n\u00e5r ut till g\u00e4sterna och f\u00e5r dem att m\u00e5 bra.<br \/>\nNanna intresserar sig generellt f\u00f6r fysiskt och psykiskt v\u00e4lm\u00e5ende och f\u00f6rs\u00f6ker hela tiden utveckla Citrons koncept, g\u00e5r kurser och provar nya r\u00e5varor tillsammans med sin personal.<br \/>\nAtmosf\u00e4ren och mysfaktorn i lokalen \u00e4r minst lika viktig och som en bonus ut\u00f6ver den varma hemtrevliga milj\u00f6n, kan Citrons g\u00e4ster just nu njuta av alster av M\u00e1lagakonstn\u00e4ren Antonio Gallero. <\/p>\n","protected":false},"excerpt":{"rendered":"<p>Svensk\u00e4gda restaurangen Citron som ligger n\u00e5gra stenkast fr\u00e5n Picassos f\u00f6delsehem vid La Plaza de la Merced i M\u00e1laga firar 10-\u00e5rs jubileum. Citron var en av pionj\u00e4rerna n\u00e4r det g\u00e4ller \u201dcross kitchen\u201d i M\u00e1laga. Bakom framg\u00e5ngen ligger ett antal klassiker men \u00e4ven f\u00f6rm\u00e5gan att utvecklas och f\u00f6rnya sig. Citron erbjuder exempelvis ett flertal glutenfria alternativ och [&hellip;]<\/p>\n","protected":false},"author":8,"featured_media":3493,"comment_status":"open","ping_status":"open","sticky":false,"template":"","format":"standard","meta":{"_et_pb_use_builder":"","_et_pb_old_content":"","_et_gb_content_width":"","footnotes":""},"categories":[396,4],"tags":[],"class_list":["post-3492","post","type-post","status-publish","format-standard","has-post-thumbnail","hentry","category-arkiv-artiklar","category-artiklar"],"yoast_head":"<!-- This site is optimized with the Yoast SEO Premium plugin v26.2 (Yoast SEO v27.5) - https:\/\/yoast.com\/product\/yoast-seo-premium-wordpress\/ -->\n<title>Nanna firar tio \u00e5r med Citron - Svenska Magasinet<\/title>\n<meta name=\"robots\" content=\"noindex, follow, max-snippet:-1, max-image-preview:large, max-video-preview:-1\" \/>\n<meta property=\"og:locale\" content=\"sv_SE\" \/>\n<meta property=\"og:type\" content=\"article\" \/>\n<meta property=\"og:title\" content=\"Nanna firar tio \u00e5r med Citron\" \/>\n<meta property=\"og:description\" content=\"Svensk\u00e4gda restaurangen Citron som ligger n\u00e5gra stenkast fr\u00e5n Picassos f\u00f6delsehem vid La Plaza de la Merced i M\u00e1laga firar 10-\u00e5rs jubileum. Citron var en av pionj\u00e4rerna n\u00e4r det g\u00e4ller \u201dcross kitchen\u201d i M\u00e1laga. Bakom framg\u00e5ngen ligger ett antal klassiker men \u00e4ven f\u00f6rm\u00e5gan att utvecklas och f\u00f6rnya sig. Citron erbjuder exempelvis ett flertal glutenfria alternativ och [&hellip;]\" \/>\n<meta property=\"og:url\" content=\"https:\/\/lightweb.dev\/l\/svm-temp\/artiklar\/nanna-firar-tio-ar-med-citron\/\" \/>\n<meta property=\"og:site_name\" content=\"Svenska Magasinet\" \/>\n<meta property=\"article:publisher\" content=\"https:\/\/www.facebook.com\/svenskamagasinet\" \/>\n<meta property=\"article:published_time\" content=\"2012-12-11T23:00:00+00:00\" \/>\n<meta property=\"og:image\" content=\"https:\/\/lightweb.dev\/l\/svm-temp\/wp-content\/uploads\/2022\/04\/nanna-firar-tio-r-med-citron.png\" \/>\n\t<meta property=\"og:image:width\" content=\"292\" \/>\n\t<meta property=\"og:image:height\" content=\"200\" \/>\n\t<meta property=\"og:image:type\" content=\"image\/png\" \/>\n<meta name=\"author\" content=\"Redaktionen SvM\" \/>\n<meta name=\"twitter:card\" content=\"summary_large_image\" \/>\n<meta name=\"twitter:creator\" content=\"@SvenskaMagasine\" \/>\n<meta name=\"twitter:site\" content=\"@SvenskaMagasine\" \/>\n<script type=\"application\/ld+json\" class=\"yoast-schema-graph\">{\"@context\":\"https:\\\/\\\/schema.org\",\"@graph\":[{\"@type\":\"Article\",\"@id\":\"https:\\\/\\\/lightweb.dev\\\/l\\\/svm-temp\\\/artiklar\\\/nanna-firar-tio-ar-med-citron\\\/#article\",\"isPartOf\":{\"@id\":\"https:\\\/\\\/lightweb.dev\\\/l\\\/svm-temp\\\/artiklar\\\/nanna-firar-tio-ar-med-citron\\\/\"},\"author\":{\"name\":\"Redaktionen SvM\",\"@id\":\"https:\\\/\\\/lightweb.dev\\\/l\\\/svm-temp\\\/#\\\/schema\\\/person\\\/206a3bda5b607b0c25e1749191e4d837\"},\"headline\":\"Nanna firar tio \u00e5r med Citron\",\"datePublished\":\"2012-12-11T23:00:00+00:00\",\"mainEntityOfPage\":{\"@id\":\"https:\\\/\\\/lightweb.dev\\\/l\\\/svm-temp\\\/artiklar\\\/nanna-firar-tio-ar-med-citron\\\/\"},\"wordCount\":441,\"commentCount\":0,\"publisher\":{\"@id\":\"https:\\\/\\\/lightweb.dev\\\/l\\\/svm-temp\\\/#organization\"},\"image\":{\"@id\":\"https:\\\/\\\/lightweb.dev\\\/l\\\/svm-temp\\\/artiklar\\\/nanna-firar-tio-ar-med-citron\\\/#primaryimage\"},\"thumbnailUrl\":\"https:\\\/\\\/lightweb.dev\\\/l\\\/svm-temp\\\/wp-content\\\/uploads\\\/2022\\\/04\\\/nanna-firar-tio-r-med-citron.png\",\"articleSection\":[\"Arkiv\",\"Artiklar\"],\"inLanguage\":\"sv-SE\"},{\"@type\":\"WebPage\",\"@id\":\"https:\\\/\\\/lightweb.dev\\\/l\\\/svm-temp\\\/artiklar\\\/nanna-firar-tio-ar-med-citron\\\/\",\"url\":\"https:\\\/\\\/lightweb.dev\\\/l\\\/svm-temp\\\/artiklar\\\/nanna-firar-tio-ar-med-citron\\\/\",\"name\":\"Nanna firar tio \u00e5r med Citron - Svenska Magasinet\",\"isPartOf\":{\"@id\":\"https:\\\/\\\/lightweb.dev\\\/l\\\/svm-temp\\\/#website\"},\"primaryImageOfPage\":{\"@id\":\"https:\\\/\\\/lightweb.dev\\\/l\\\/svm-temp\\\/artiklar\\\/nanna-firar-tio-ar-med-citron\\\/#primaryimage\"},\"image\":{\"@id\":\"https:\\\/\\\/lightweb.dev\\\/l\\\/svm-temp\\\/artiklar\\\/nanna-firar-tio-ar-med-citron\\\/#primaryimage\"},\"thumbnailUrl\":\"https:\\\/\\\/lightweb.dev\\\/l\\\/svm-temp\\\/wp-content\\\/uploads\\\/2022\\\/04\\\/nanna-firar-tio-r-med-citron.png\",\"datePublished\":\"2012-12-11T23:00:00+00:00\",\"breadcrumb\":{\"@id\":\"https:\\\/\\\/lightweb.dev\\\/l\\\/svm-temp\\\/artiklar\\\/nanna-firar-tio-ar-med-citron\\\/#breadcrumb\"},\"inLanguage\":\"sv-SE\",\"potentialAction\":[{\"@type\":\"ReadAction\",\"target\":[\"https:\\\/\\\/lightweb.dev\\\/l\\\/svm-temp\\\/artiklar\\\/nanna-firar-tio-ar-med-citron\\\/\"]}]},{\"@type\":\"ImageObject\",\"inLanguage\":\"sv-SE\",\"@id\":\"https:\\\/\\\/lightweb.dev\\\/l\\\/svm-temp\\\/artiklar\\\/nanna-firar-tio-ar-med-citron\\\/#primaryimage\",\"url\":\"https:\\\/\\\/lightweb.dev\\\/l\\\/svm-temp\\\/wp-content\\\/uploads\\\/2022\\\/04\\\/nanna-firar-tio-r-med-citron.png\",\"contentUrl\":\"https:\\\/\\\/lightweb.dev\\\/l\\\/svm-temp\\\/wp-content\\\/uploads\\\/2022\\\/04\\\/nanna-firar-tio-r-med-citron.png\",\"width\":292,\"height\":200},{\"@type\":\"BreadcrumbList\",\"@id\":\"https:\\\/\\\/lightweb.dev\\\/l\\\/svm-temp\\\/artiklar\\\/nanna-firar-tio-ar-med-citron\\\/#breadcrumb\",\"itemListElement\":[{\"@type\":\"ListItem\",\"position\":1,\"name\":\"Hem\",\"item\":\"https:\\\/\\\/lightweb.dev\\\/l\\\/svm-temp\\\/\"},{\"@type\":\"ListItem\",\"position\":2,\"name\":\"Nanna firar tio \u00e5r med Citron\"}]},{\"@type\":\"WebSite\",\"@id\":\"https:\\\/\\\/lightweb.dev\\\/l\\\/svm-temp\\\/#website\",\"url\":\"https:\\\/\\\/lightweb.dev\\\/l\\\/svm-temp\\\/\",\"name\":\"Svenska Magasinet\",\"description\":\"Dina Spanska nyheter p&aring; Svenska\",\"publisher\":{\"@id\":\"https:\\\/\\\/lightweb.dev\\\/l\\\/svm-temp\\\/#organization\"},\"potentialAction\":[{\"@type\":\"SearchAction\",\"target\":{\"@type\":\"EntryPoint\",\"urlTemplate\":\"https:\\\/\\\/lightweb.dev\\\/l\\\/svm-temp\\\/?s={search_term_string}\"},\"query-input\":{\"@type\":\"PropertyValueSpecification\",\"valueRequired\":true,\"valueName\":\"search_term_string\"}}],\"inLanguage\":\"sv-SE\"},{\"@type\":\"Organization\",\"@id\":\"https:\\\/\\\/lightweb.dev\\\/l\\\/svm-temp\\\/#organization\",\"name\":\"Melkerson y Nott SL\",\"alternateName\":\"Svenska Magasinet\",\"url\":\"https:\\\/\\\/lightweb.dev\\\/l\\\/svm-temp\\\/\",\"logo\":{\"@type\":\"ImageObject\",\"inLanguage\":\"sv-SE\",\"@id\":\"https:\\\/\\\/lightweb.dev\\\/l\\\/svm-temp\\\/#\\\/schema\\\/logo\\\/image\\\/\",\"url\":\"https:\\\/\\\/lightweb.dev\\\/l\\\/svm-temp\\\/wp-content\\\/uploads\\\/2025\\\/02\\\/SvM-logo-Xtra-Centrerad-SVART.png\",\"contentUrl\":\"https:\\\/\\\/lightweb.dev\\\/l\\\/svm-temp\\\/wp-content\\\/uploads\\\/2025\\\/02\\\/SvM-logo-Xtra-Centrerad-SVART.png\",\"width\":300,\"height\":99,\"caption\":\"Melkerson y Nott SL\"},\"image\":{\"@id\":\"https:\\\/\\\/lightweb.dev\\\/l\\\/svm-temp\\\/#\\\/schema\\\/logo\\\/image\\\/\"},\"sameAs\":[\"https:\\\/\\\/www.facebook.com\\\/svenskamagasinet\",\"https:\\\/\\\/x.com\\\/SvenskaMagasine\"]},{\"@type\":\"Person\",\"@id\":\"https:\\\/\\\/lightweb.dev\\\/l\\\/svm-temp\\\/#\\\/schema\\\/person\\\/206a3bda5b607b0c25e1749191e4d837\",\"name\":\"Redaktionen SvM\",\"description\":\"Redaktionen\",\"sameAs\":[\"https:\\\/\\\/lightweb.dev\\\/l\\\/svm-temp\"],\"url\":\"https:\\\/\\\/lightweb.dev\\\/l\\\/svm-temp\\\/reporter\\\/redaktionen\\\/\"}]}<\/script>\n<!-- \/ Yoast SEO Premium plugin. -->","yoast_head_json":{"title":"Nanna firar tio \u00e5r med Citron - Svenska Magasinet","robots":{"index":"noindex","follow":"follow","max-snippet":"max-snippet:-1","max-image-preview":"max-image-preview:large","max-video-preview":"max-video-preview:-1"},"og_locale":"sv_SE","og_type":"article","og_title":"Nanna firar tio \u00e5r med Citron","og_description":"Svensk\u00e4gda restaurangen Citron som ligger n\u00e5gra stenkast fr\u00e5n Picassos f\u00f6delsehem vid La Plaza de la Merced i M\u00e1laga firar 10-\u00e5rs jubileum. Citron var en av pionj\u00e4rerna n\u00e4r det g\u00e4ller \u201dcross kitchen\u201d i M\u00e1laga. Bakom framg\u00e5ngen ligger ett antal klassiker men \u00e4ven f\u00f6rm\u00e5gan att utvecklas och f\u00f6rnya sig. Citron erbjuder exempelvis ett flertal glutenfria alternativ och [&hellip;]","og_url":"https:\/\/lightweb.dev\/l\/svm-temp\/artiklar\/nanna-firar-tio-ar-med-citron\/","og_site_name":"Svenska Magasinet","article_publisher":"https:\/\/www.facebook.com\/svenskamagasinet","article_published_time":"2012-12-11T23:00:00+00:00","og_image":[{"width":292,"height":200,"url":"https:\/\/lightweb.dev\/l\/svm-temp\/wp-content\/uploads\/2022\/04\/nanna-firar-tio-r-med-citron.png","type":"image\/png"}],"author":"Redaktionen SvM","twitter_card":"summary_large_image","twitter_creator":"@SvenskaMagasine","twitter_site":"@SvenskaMagasine","schema":{"@context":"https:\/\/schema.org","@graph":[{"@type":"Article","@id":"https:\/\/lightweb.dev\/l\/svm-temp\/artiklar\/nanna-firar-tio-ar-med-citron\/#article","isPartOf":{"@id":"https:\/\/lightweb.dev\/l\/svm-temp\/artiklar\/nanna-firar-tio-ar-med-citron\/"},"author":{"name":"Redaktionen SvM","@id":"https:\/\/lightweb.dev\/l\/svm-temp\/#\/schema\/person\/206a3bda5b607b0c25e1749191e4d837"},"headline":"Nanna firar tio \u00e5r med Citron","datePublished":"2012-12-11T23:00:00+00:00","mainEntityOfPage":{"@id":"https:\/\/lightweb.dev\/l\/svm-temp\/artiklar\/nanna-firar-tio-ar-med-citron\/"},"wordCount":441,"commentCount":0,"publisher":{"@id":"https:\/\/lightweb.dev\/l\/svm-temp\/#organization"},"image":{"@id":"https:\/\/lightweb.dev\/l\/svm-temp\/artiklar\/nanna-firar-tio-ar-med-citron\/#primaryimage"},"thumbnailUrl":"https:\/\/lightweb.dev\/l\/svm-temp\/wp-content\/uploads\/2022\/04\/nanna-firar-tio-r-med-citron.png","articleSection":["Arkiv","Artiklar"],"inLanguage":"sv-SE"},{"@type":"WebPage","@id":"https:\/\/lightweb.dev\/l\/svm-temp\/artiklar\/nanna-firar-tio-ar-med-citron\/","url":"https:\/\/lightweb.dev\/l\/svm-temp\/artiklar\/nanna-firar-tio-ar-med-citron\/","name":"Nanna firar tio \u00e5r med Citron - Svenska Magasinet","isPartOf":{"@id":"https:\/\/lightweb.dev\/l\/svm-temp\/#website"},"primaryImageOfPage":{"@id":"https:\/\/lightweb.dev\/l\/svm-temp\/artiklar\/nanna-firar-tio-ar-med-citron\/#primaryimage"},"image":{"@id":"https:\/\/lightweb.dev\/l\/svm-temp\/artiklar\/nanna-firar-tio-ar-med-citron\/#primaryimage"},"thumbnailUrl":"https:\/\/lightweb.dev\/l\/svm-temp\/wp-content\/uploads\/2022\/04\/nanna-firar-tio-r-med-citron.png","datePublished":"2012-12-11T23:00:00+00:00","breadcrumb":{"@id":"https:\/\/lightweb.dev\/l\/svm-temp\/artiklar\/nanna-firar-tio-ar-med-citron\/#breadcrumb"},"inLanguage":"sv-SE","potentialAction":[{"@type":"ReadAction","target":["https:\/\/lightweb.dev\/l\/svm-temp\/artiklar\/nanna-firar-tio-ar-med-citron\/"]}]},{"@type":"ImageObject","inLanguage":"sv-SE","@id":"https:\/\/lightweb.dev\/l\/svm-temp\/artiklar\/nanna-firar-tio-ar-med-citron\/#primaryimage","url":"https:\/\/lightweb.dev\/l\/svm-temp\/wp-content\/uploads\/2022\/04\/nanna-firar-tio-r-med-citron.png","contentUrl":"https:\/\/lightweb.dev\/l\/svm-temp\/wp-content\/uploads\/2022\/04\/nanna-firar-tio-r-med-citron.png","width":292,"height":200},{"@type":"BreadcrumbList","@id":"https:\/\/lightweb.dev\/l\/svm-temp\/artiklar\/nanna-firar-tio-ar-med-citron\/#breadcrumb","itemListElement":[{"@type":"ListItem","position":1,"name":"Hem","item":"https:\/\/lightweb.dev\/l\/svm-temp\/"},{"@type":"ListItem","position":2,"name":"Nanna firar tio \u00e5r med Citron"}]},{"@type":"WebSite","@id":"https:\/\/lightweb.dev\/l\/svm-temp\/#website","url":"https:\/\/lightweb.dev\/l\/svm-temp\/","name":"Svenska Magasinet","description":"Dina Spanska nyheter p&aring; Svenska","publisher":{"@id":"https:\/\/lightweb.dev\/l\/svm-temp\/#organization"},"potentialAction":[{"@type":"SearchAction","target":{"@type":"EntryPoint","urlTemplate":"https:\/\/lightweb.dev\/l\/svm-temp\/?s={search_term_string}"},"query-input":{"@type":"PropertyValueSpecification","valueRequired":true,"valueName":"search_term_string"}}],"inLanguage":"sv-SE"},{"@type":"Organization","@id":"https:\/\/lightweb.dev\/l\/svm-temp\/#organization","name":"Melkerson y Nott SL","alternateName":"Svenska Magasinet","url":"https:\/\/lightweb.dev\/l\/svm-temp\/","logo":{"@type":"ImageObject","inLanguage":"sv-SE","@id":"https:\/\/lightweb.dev\/l\/svm-temp\/#\/schema\/logo\/image\/","url":"https:\/\/lightweb.dev\/l\/svm-temp\/wp-content\/uploads\/2025\/02\/SvM-logo-Xtra-Centrerad-SVART.png","contentUrl":"https:\/\/lightweb.dev\/l\/svm-temp\/wp-content\/uploads\/2025\/02\/SvM-logo-Xtra-Centrerad-SVART.png","width":300,"height":99,"caption":"Melkerson y Nott SL"},"image":{"@id":"https:\/\/lightweb.dev\/l\/svm-temp\/#\/schema\/logo\/image\/"},"sameAs":["https:\/\/www.facebook.com\/svenskamagasinet","https:\/\/x.com\/SvenskaMagasine"]},{"@type":"Person","@id":"https:\/\/lightweb.dev\/l\/svm-temp\/#\/schema\/person\/206a3bda5b607b0c25e1749191e4d837","name":"Redaktionen SvM","description":"Redaktionen","sameAs":["https:\/\/lightweb.dev\/l\/svm-temp"],"url":"https:\/\/lightweb.dev\/l\/svm-temp\/reporter\/redaktionen\/"}]}},"_links":{"self":[{"href":"https:\/\/lightweb.dev\/l\/svm-temp\/wp-json\/wp\/v2\/posts\/3492","targetHints":{"allow":["GET"]}}],"collection":[{"href":"https:\/\/lightweb.dev\/l\/svm-temp\/wp-json\/wp\/v2\/posts"}],"about":[{"href":"https:\/\/lightweb.dev\/l\/svm-temp\/wp-json\/wp\/v2\/types\/post"}],"author":[{"embeddable":true,"href":"https:\/\/lightweb.dev\/l\/svm-temp\/wp-json\/wp\/v2\/users\/8"}],"replies":[{"embeddable":true,"href":"https:\/\/lightweb.dev\/l\/svm-temp\/wp-json\/wp\/v2\/comments?post=3492"}],"version-history":[{"count":0,"href":"https:\/\/lightweb.dev\/l\/svm-temp\/wp-json\/wp\/v2\/posts\/3492\/revisions"}],"wp:featuredmedia":[{"embeddable":true,"href":"https:\/\/lightweb.dev\/l\/svm-temp\/wp-json\/wp\/v2\/media\/3493"}],"wp:attachment":[{"href":"https:\/\/lightweb.dev\/l\/svm-temp\/wp-json\/wp\/v2\/media?parent=3492"}],"wp:term":[{"taxonomy":"category","embeddable":true,"href":"https:\/\/lightweb.dev\/l\/svm-temp\/wp-json\/wp\/v2\/categories?post=3492"},{"taxonomy":"post_tag","embeddable":true,"href":"https:\/\/lightweb.dev\/l\/svm-temp\/wp-json\/wp\/v2\/tags?post=3492"}],"curies":[{"name":"wp","href":"https:\/\/api.w.org\/{rel}","templated":true}]}}