{"id":3499,"date":"2012-12-11T00:00:00","date_gmt":"2012-12-10T23:00:00","guid":{"rendered":"https:\/\/lightweb.dev\/l\/svm-temp\/spanien-en-stat-flera-nationer-politik-samhalle-och-vardagsliv-i-dagens-spanien\/"},"modified":"2012-12-11T00:00:00","modified_gmt":"2012-12-10T23:00:00","slug":"spanien-en-stat-flera-nationer-politik-samhalle-och-vardagsliv-i-dagens-spanien","status":"publish","type":"post","link":"https:\/\/lightweb.dev\/l\/svm-temp\/artiklar\/spanien-en-stat-flera-nationer-politik-samhalle-och-vardagsliv-i-dagens-spanien\/","title":{"rendered":"Spanien \u2013 En stat, flera nationer &#8211; Politik, samh\u00e4lle och vardagsliv i dagens Spanien"},"content":{"rendered":"<p> F\u00f6rfattaren Thomas Gustafsson har nyligen utgett den andra volymen i en fackboksserie om fem delar. F\u00f6rsta delen utkom 2009 med undertiteln En f\u00e4rd genom historien. Den andra delen heter En stat, flera nationer. Sedan v\u00e4ntar ytterligare tre; Fiesta f\u00f6ljt av Blod, sol och kultur, Ib\u00e9rikoskinkan och de sju spanska k\u00f6ken. Thomas Gustafsson \u00e4r en vanligt f\u00f6rekommande expert som sitter med i morgonsoffor i direkts\u00e4nd SVT-tv f\u00f6r att kommentera h\u00e4ndelser i fr\u00e4mst Spanien men ocks\u00e5 Kuba. Under h\u00f6sten har Kalmarsonen, som inledde sin journalistbana p\u00e5 \u00d6stra Sm\u00e5land, f\u00f6rel\u00e4st p\u00e5 Costa del Sol och ber\u00e4ttat om sin nya bok.<br \/>\nPrecis som den f\u00f6rsta volymen En f\u00e4rd genom historien bygger den andra volymen, En stat, flera nationer, till stora delar p\u00e5 f\u00f6rfattarens bok fr\u00e5n 2001, \u201dSpanien \u2013 Sol och skugga\u201d. N\u00e4r denna \u201dtegelsten\u201d med 667 sidor utkom var det den mest omf\u00e5ngsrika boken om Spanien p\u00e5 svenska som hade n\u00e5tt bokdiskarna.<br \/>\nMycket av inneh\u00e5llet i En stat, flera nationer (499 s.) k\u00e4nns igen fr\u00e5n Spanien \u2013 Sol och skugga. Kapitel 29 i Spanien \u2013 Sol och skugga har just rubriken En stat&#8230;, flera nationer. Materialet \u00e4r omarbetat och uppdaterat. I kapitlet Samh\u00e4llets gift som ber\u00f6r ett av landets tyngsta problem, den utbredda drogkonsumtionen, ber\u00e4ttar f\u00f6rfattaren om sitt m\u00f6te med heroinisten Martina. Samma episod var med i boken fr\u00e5n 2001. Vi f\u00e5r inte veta om Martina \u00e4nnu lever d\u00e5 hon redan 2001 beskrevs som \u201drej\u00e4lt nedk\u00f6rd\u201d och med \u201dtrasiga t\u00e4nder\u201d.<\/p>\n<p>Kapitlet Alla spanjorers kung ber\u00e4ttar om Juan Carlos, Gitanos beskriver zigenarnas liv i landet, Sex till salu behandlar den r\u00e5a sexmarknaden, De marginaliserade behandlar sociala or\u00e4ttvisor och djupa klassklyftor, \u00e4r exempel p\u00e5 \u00e4mnen och kapitel som l\u00e4saren k\u00e4nner igen fr\u00e5n Spanien \u2013 Sol och skugga liksom kapitlet Muren mot Afrika (tidigare Porten till Europa) och spansk media, Den fj\u00e4rde statsmakten.<\/p>\n<p>Milj\u00f6n \u00e4r ett problem som tas upp helt flyktigt. Med \u00f6ver 50 miljoner turister p\u00e5 ett \u00e5r \u00e4r slitaget p\u00e5 den spanska naturen omfattande. Den s\u00e5rbara naturen avverkas p\u00e5 endast fyra sidor.<\/p>\n<p>Andra kapitel \u00e4r \u00e5 andra sidan helt nya. Det g\u00e4ller Tystnadens pakt \u00e4r bruten som ber\u00e4ttar om hur diktaturens offer kr\u00e4ver r\u00e4ttvisa samt kapitlet Francos skugga d\u00e4r f\u00f6rfattarens delger sin syn kring striden om den spanska historien som p\u00e5g\u00e5r i Spanien och internationellt.<\/p>\n<p>Kapitlet De indignerade ber\u00e4ttar om gr\u00e4srotsr\u00f6relsen \u201dMovimiento 15-M\u201d och i Spruckna dr\u00f6mmar ber\u00e4ttar f\u00f6rfattaren om bostadsbubblan och om hur alla blev fastighetsklippare under perioden med den \u00f6verhettade bostadsmarknaden.<\/p>\n<p>Spaniensvenskarna har f\u00e5tt sitt eget kapitel som ber\u00e4ttar om de nordiska emigranterna som slagit sig ned fr\u00e4mst p\u00e5 Costa Blanca och Costa del Sol. Madridomr\u00e5det drog till sig de f\u00f6rsta svenskarna med skandinavisk skola 1944.<\/p>\n<p>Volymen En stat, flera nationer kommer s\u00e4kert att f\u00e5nga Spaniensvenskarnas intresse. Varje kapitel och \u00e4mnesomr\u00e5de avslutas med en faktaruta. Det finns flera intressanta passager i boken som s\u00e4kert kommer att \u00f6verraska m\u00e5nga. Exempelvis att i regionen Baskien \u00e4r korruptionen bland de l\u00e4gsta i v\u00e4rlden, l\u00e4gre \u00e4n i Sverige till och med, skriver f\u00f6rfattaren.<\/p>\n<p>Boken har tre huvudomr\u00e5den; samh\u00e4lle, vardagsliv och politik. Om den f\u00f6rsta volymen beskrev Spaniens historia f\u00f6ljer forts\u00e4ttningen i den andra volymen; dagens Spanien.<\/p>\n<p>Av Ola Josefsson <\/p>\n","protected":false},"excerpt":{"rendered":"<p>F\u00f6rfattaren Thomas Gustafsson har nyligen utgett den andra volymen i en fackboksserie om fem delar. F\u00f6rsta delen utkom 2009 med undertiteln En f\u00e4rd genom historien. Den andra delen heter En stat, flera nationer. Sedan v\u00e4ntar ytterligare tre; Fiesta f\u00f6ljt av Blod, sol och kultur, Ib\u00e9rikoskinkan och de sju spanska k\u00f6ken. Thomas Gustafsson \u00e4r en vanligt [&hellip;]<\/p>\n","protected":false},"author":8,"featured_media":3500,"comment_status":"open","ping_status":"open","sticky":false,"template":"","format":"standard","meta":{"_et_pb_use_builder":"","_et_pb_old_content":"","_et_gb_content_width":"","footnotes":""},"categories":[4,45],"tags":[],"class_list":["post-3499","post","type-post","status-publish","format-standard","has-post-thumbnail","hentry","category-artiklar","category-kultur"],"yoast_head":"<!-- This site is optimized with the Yoast SEO Premium plugin v26.2 (Yoast SEO v27.5) - https:\/\/yoast.com\/product\/yoast-seo-premium-wordpress\/ -->\n<title>Spanien \u2013 En stat, flera nationer - Politik, samh\u00e4lle och vardagsliv i dagens Spanien - Svenska Magasinet<\/title>\n<meta name=\"robots\" content=\"noindex, follow, max-snippet:-1, max-image-preview:large, max-video-preview:-1\" \/>\n<meta property=\"og:locale\" content=\"sv_SE\" \/>\n<meta property=\"og:type\" content=\"article\" \/>\n<meta property=\"og:title\" content=\"Spanien \u2013 En stat, flera nationer - Politik, samh\u00e4lle och vardagsliv i dagens Spanien\" \/>\n<meta property=\"og:description\" content=\"F\u00f6rfattaren Thomas Gustafsson har nyligen utgett den andra volymen i en fackboksserie om fem delar. F\u00f6rsta delen utkom 2009 med undertiteln En f\u00e4rd genom historien. Den andra delen heter En stat, flera nationer. Sedan v\u00e4ntar ytterligare tre; Fiesta f\u00f6ljt av Blod, sol och kultur, Ib\u00e9rikoskinkan och de sju spanska k\u00f6ken. Thomas Gustafsson \u00e4r en vanligt [&hellip;]\" \/>\n<meta property=\"og:url\" content=\"https:\/\/lightweb.dev\/l\/svm-temp\/artiklar\/spanien-en-stat-flera-nationer-politik-samhalle-och-vardagsliv-i-dagens-spanien\/\" \/>\n<meta property=\"og:site_name\" content=\"Svenska Magasinet\" \/>\n<meta property=\"article:publisher\" content=\"https:\/\/www.facebook.com\/svenskamagasinet\" \/>\n<meta property=\"article:published_time\" content=\"2012-12-10T23:00:00+00:00\" \/>\n<meta property=\"og:image\" content=\"https:\/\/lightweb.dev\/l\/svm-temp\/wp-content\/uploads\/2022\/04\/spanien-en-stat-flera-nationer-politik-samhlle-och-vardagsliv-i-dagens-spanien.png\" \/>\n\t<meta property=\"og:image:width\" content=\"280\" \/>\n\t<meta property=\"og:image:height\" content=\"391\" \/>\n\t<meta property=\"og:image:type\" content=\"image\/png\" \/>\n<meta name=\"author\" content=\"Redaktionen SvM\" \/>\n<meta name=\"twitter:card\" content=\"summary_large_image\" \/>\n<meta name=\"twitter:creator\" content=\"@SvenskaMagasine\" \/>\n<meta name=\"twitter:site\" content=\"@SvenskaMagasine\" \/>\n<script type=\"application\/ld+json\" class=\"yoast-schema-graph\">{\"@context\":\"https:\\\/\\\/schema.org\",\"@graph\":[{\"@type\":\"Article\",\"@id\":\"https:\\\/\\\/lightweb.dev\\\/l\\\/svm-temp\\\/artiklar\\\/spanien-en-stat-flera-nationer-politik-samhalle-och-vardagsliv-i-dagens-spanien\\\/#article\",\"isPartOf\":{\"@id\":\"https:\\\/\\\/lightweb.dev\\\/l\\\/svm-temp\\\/artiklar\\\/spanien-en-stat-flera-nationer-politik-samhalle-och-vardagsliv-i-dagens-spanien\\\/\"},\"author\":{\"name\":\"Redaktionen SvM\",\"@id\":\"https:\\\/\\\/lightweb.dev\\\/l\\\/svm-temp\\\/#\\\/schema\\\/person\\\/206a3bda5b607b0c25e1749191e4d837\"},\"headline\":\"Spanien \u2013 En stat, flera nationer &#8211; Politik, samh\u00e4lle och vardagsliv i dagens Spanien\",\"datePublished\":\"2012-12-10T23:00:00+00:00\",\"mainEntityOfPage\":{\"@id\":\"https:\\\/\\\/lightweb.dev\\\/l\\\/svm-temp\\\/artiklar\\\/spanien-en-stat-flera-nationer-politik-samhalle-och-vardagsliv-i-dagens-spanien\\\/\"},\"wordCount\":592,\"commentCount\":0,\"publisher\":{\"@id\":\"https:\\\/\\\/lightweb.dev\\\/l\\\/svm-temp\\\/#organization\"},\"image\":{\"@id\":\"https:\\\/\\\/lightweb.dev\\\/l\\\/svm-temp\\\/artiklar\\\/spanien-en-stat-flera-nationer-politik-samhalle-och-vardagsliv-i-dagens-spanien\\\/#primaryimage\"},\"thumbnailUrl\":\"https:\\\/\\\/lightweb.dev\\\/l\\\/svm-temp\\\/wp-content\\\/uploads\\\/2022\\\/04\\\/spanien-en-stat-flera-nationer-politik-samhlle-och-vardagsliv-i-dagens-spanien.png\",\"articleSection\":[\"Artiklar\",\"Kultur &amp; historia\"],\"inLanguage\":\"sv-SE\"},{\"@type\":\"WebPage\",\"@id\":\"https:\\\/\\\/lightweb.dev\\\/l\\\/svm-temp\\\/artiklar\\\/spanien-en-stat-flera-nationer-politik-samhalle-och-vardagsliv-i-dagens-spanien\\\/\",\"url\":\"https:\\\/\\\/lightweb.dev\\\/l\\\/svm-temp\\\/artiklar\\\/spanien-en-stat-flera-nationer-politik-samhalle-och-vardagsliv-i-dagens-spanien\\\/\",\"name\":\"Spanien \u2013 En stat, flera nationer - Politik, samh\u00e4lle och vardagsliv i dagens Spanien - Svenska Magasinet\",\"isPartOf\":{\"@id\":\"https:\\\/\\\/lightweb.dev\\\/l\\\/svm-temp\\\/#website\"},\"primaryImageOfPage\":{\"@id\":\"https:\\\/\\\/lightweb.dev\\\/l\\\/svm-temp\\\/artiklar\\\/spanien-en-stat-flera-nationer-politik-samhalle-och-vardagsliv-i-dagens-spanien\\\/#primaryimage\"},\"image\":{\"@id\":\"https:\\\/\\\/lightweb.dev\\\/l\\\/svm-temp\\\/artiklar\\\/spanien-en-stat-flera-nationer-politik-samhalle-och-vardagsliv-i-dagens-spanien\\\/#primaryimage\"},\"thumbnailUrl\":\"https:\\\/\\\/lightweb.dev\\\/l\\\/svm-temp\\\/wp-content\\\/uploads\\\/2022\\\/04\\\/spanien-en-stat-flera-nationer-politik-samhlle-och-vardagsliv-i-dagens-spanien.png\",\"datePublished\":\"2012-12-10T23:00:00+00:00\",\"breadcrumb\":{\"@id\":\"https:\\\/\\\/lightweb.dev\\\/l\\\/svm-temp\\\/artiklar\\\/spanien-en-stat-flera-nationer-politik-samhalle-och-vardagsliv-i-dagens-spanien\\\/#breadcrumb\"},\"inLanguage\":\"sv-SE\",\"potentialAction\":[{\"@type\":\"ReadAction\",\"target\":[\"https:\\\/\\\/lightweb.dev\\\/l\\\/svm-temp\\\/artiklar\\\/spanien-en-stat-flera-nationer-politik-samhalle-och-vardagsliv-i-dagens-spanien\\\/\"]}]},{\"@type\":\"ImageObject\",\"inLanguage\":\"sv-SE\",\"@id\":\"https:\\\/\\\/lightweb.dev\\\/l\\\/svm-temp\\\/artiklar\\\/spanien-en-stat-flera-nationer-politik-samhalle-och-vardagsliv-i-dagens-spanien\\\/#primaryimage\",\"url\":\"https:\\\/\\\/lightweb.dev\\\/l\\\/svm-temp\\\/wp-content\\\/uploads\\\/2022\\\/04\\\/spanien-en-stat-flera-nationer-politik-samhlle-och-vardagsliv-i-dagens-spanien.png\",\"contentUrl\":\"https:\\\/\\\/lightweb.dev\\\/l\\\/svm-temp\\\/wp-content\\\/uploads\\\/2022\\\/04\\\/spanien-en-stat-flera-nationer-politik-samhlle-och-vardagsliv-i-dagens-spanien.png\",\"width\":280,\"height\":391},{\"@type\":\"BreadcrumbList\",\"@id\":\"https:\\\/\\\/lightweb.dev\\\/l\\\/svm-temp\\\/artiklar\\\/spanien-en-stat-flera-nationer-politik-samhalle-och-vardagsliv-i-dagens-spanien\\\/#breadcrumb\",\"itemListElement\":[{\"@type\":\"ListItem\",\"position\":1,\"name\":\"Hem\",\"item\":\"https:\\\/\\\/lightweb.dev\\\/l\\\/svm-temp\\\/\"},{\"@type\":\"ListItem\",\"position\":2,\"name\":\"Spanien \u2013 En stat, flera nationer &#8211; Politik, samh\u00e4lle och vardagsliv i dagens Spanien\"}]},{\"@type\":\"WebSite\",\"@id\":\"https:\\\/\\\/lightweb.dev\\\/l\\\/svm-temp\\\/#website\",\"url\":\"https:\\\/\\\/lightweb.dev\\\/l\\\/svm-temp\\\/\",\"name\":\"Svenska Magasinet\",\"description\":\"Dina Spanska nyheter p&aring; Svenska\",\"publisher\":{\"@id\":\"https:\\\/\\\/lightweb.dev\\\/l\\\/svm-temp\\\/#organization\"},\"potentialAction\":[{\"@type\":\"SearchAction\",\"target\":{\"@type\":\"EntryPoint\",\"urlTemplate\":\"https:\\\/\\\/lightweb.dev\\\/l\\\/svm-temp\\\/?s={search_term_string}\"},\"query-input\":{\"@type\":\"PropertyValueSpecification\",\"valueRequired\":true,\"valueName\":\"search_term_string\"}}],\"inLanguage\":\"sv-SE\"},{\"@type\":\"Organization\",\"@id\":\"https:\\\/\\\/lightweb.dev\\\/l\\\/svm-temp\\\/#organization\",\"name\":\"Melkerson y Nott SL\",\"alternateName\":\"Svenska Magasinet\",\"url\":\"https:\\\/\\\/lightweb.dev\\\/l\\\/svm-temp\\\/\",\"logo\":{\"@type\":\"ImageObject\",\"inLanguage\":\"sv-SE\",\"@id\":\"https:\\\/\\\/lightweb.dev\\\/l\\\/svm-temp\\\/#\\\/schema\\\/logo\\\/image\\\/\",\"url\":\"https:\\\/\\\/lightweb.dev\\\/l\\\/svm-temp\\\/wp-content\\\/uploads\\\/2025\\\/02\\\/SvM-logo-Xtra-Centrerad-SVART.png\",\"contentUrl\":\"https:\\\/\\\/lightweb.dev\\\/l\\\/svm-temp\\\/wp-content\\\/uploads\\\/2025\\\/02\\\/SvM-logo-Xtra-Centrerad-SVART.png\",\"width\":300,\"height\":99,\"caption\":\"Melkerson y Nott SL\"},\"image\":{\"@id\":\"https:\\\/\\\/lightweb.dev\\\/l\\\/svm-temp\\\/#\\\/schema\\\/logo\\\/image\\\/\"},\"sameAs\":[\"https:\\\/\\\/www.facebook.com\\\/svenskamagasinet\",\"https:\\\/\\\/x.com\\\/SvenskaMagasine\"]},{\"@type\":\"Person\",\"@id\":\"https:\\\/\\\/lightweb.dev\\\/l\\\/svm-temp\\\/#\\\/schema\\\/person\\\/206a3bda5b607b0c25e1749191e4d837\",\"name\":\"Redaktionen SvM\",\"description\":\"Redaktionen\",\"sameAs\":[\"https:\\\/\\\/lightweb.dev\\\/l\\\/svm-temp\"],\"url\":\"https:\\\/\\\/lightweb.dev\\\/l\\\/svm-temp\\\/reporter\\\/redaktionen\\\/\"}]}<\/script>\n<!-- \/ Yoast SEO Premium plugin. -->","yoast_head_json":{"title":"Spanien \u2013 En stat, flera nationer - Politik, samh\u00e4lle och vardagsliv i dagens Spanien - Svenska Magasinet","robots":{"index":"noindex","follow":"follow","max-snippet":"max-snippet:-1","max-image-preview":"max-image-preview:large","max-video-preview":"max-video-preview:-1"},"og_locale":"sv_SE","og_type":"article","og_title":"Spanien \u2013 En stat, flera nationer - Politik, samh\u00e4lle och vardagsliv i dagens Spanien","og_description":"F\u00f6rfattaren Thomas Gustafsson har nyligen utgett den andra volymen i en fackboksserie om fem delar. F\u00f6rsta delen utkom 2009 med undertiteln En f\u00e4rd genom historien. Den andra delen heter En stat, flera nationer. Sedan v\u00e4ntar ytterligare tre; Fiesta f\u00f6ljt av Blod, sol och kultur, Ib\u00e9rikoskinkan och de sju spanska k\u00f6ken. Thomas Gustafsson \u00e4r en vanligt [&hellip;]","og_url":"https:\/\/lightweb.dev\/l\/svm-temp\/artiklar\/spanien-en-stat-flera-nationer-politik-samhalle-och-vardagsliv-i-dagens-spanien\/","og_site_name":"Svenska Magasinet","article_publisher":"https:\/\/www.facebook.com\/svenskamagasinet","article_published_time":"2012-12-10T23:00:00+00:00","og_image":[{"width":280,"height":391,"url":"https:\/\/lightweb.dev\/l\/svm-temp\/wp-content\/uploads\/2022\/04\/spanien-en-stat-flera-nationer-politik-samhlle-och-vardagsliv-i-dagens-spanien.png","type":"image\/png"}],"author":"Redaktionen SvM","twitter_card":"summary_large_image","twitter_creator":"@SvenskaMagasine","twitter_site":"@SvenskaMagasine","schema":{"@context":"https:\/\/schema.org","@graph":[{"@type":"Article","@id":"https:\/\/lightweb.dev\/l\/svm-temp\/artiklar\/spanien-en-stat-flera-nationer-politik-samhalle-och-vardagsliv-i-dagens-spanien\/#article","isPartOf":{"@id":"https:\/\/lightweb.dev\/l\/svm-temp\/artiklar\/spanien-en-stat-flera-nationer-politik-samhalle-och-vardagsliv-i-dagens-spanien\/"},"author":{"name":"Redaktionen SvM","@id":"https:\/\/lightweb.dev\/l\/svm-temp\/#\/schema\/person\/206a3bda5b607b0c25e1749191e4d837"},"headline":"Spanien \u2013 En stat, flera nationer &#8211; Politik, samh\u00e4lle och vardagsliv i dagens Spanien","datePublished":"2012-12-10T23:00:00+00:00","mainEntityOfPage":{"@id":"https:\/\/lightweb.dev\/l\/svm-temp\/artiklar\/spanien-en-stat-flera-nationer-politik-samhalle-och-vardagsliv-i-dagens-spanien\/"},"wordCount":592,"commentCount":0,"publisher":{"@id":"https:\/\/lightweb.dev\/l\/svm-temp\/#organization"},"image":{"@id":"https:\/\/lightweb.dev\/l\/svm-temp\/artiklar\/spanien-en-stat-flera-nationer-politik-samhalle-och-vardagsliv-i-dagens-spanien\/#primaryimage"},"thumbnailUrl":"https:\/\/lightweb.dev\/l\/svm-temp\/wp-content\/uploads\/2022\/04\/spanien-en-stat-flera-nationer-politik-samhlle-och-vardagsliv-i-dagens-spanien.png","articleSection":["Artiklar","Kultur &amp; historia"],"inLanguage":"sv-SE"},{"@type":"WebPage","@id":"https:\/\/lightweb.dev\/l\/svm-temp\/artiklar\/spanien-en-stat-flera-nationer-politik-samhalle-och-vardagsliv-i-dagens-spanien\/","url":"https:\/\/lightweb.dev\/l\/svm-temp\/artiklar\/spanien-en-stat-flera-nationer-politik-samhalle-och-vardagsliv-i-dagens-spanien\/","name":"Spanien \u2013 En stat, flera nationer - Politik, samh\u00e4lle och vardagsliv i dagens Spanien - Svenska Magasinet","isPartOf":{"@id":"https:\/\/lightweb.dev\/l\/svm-temp\/#website"},"primaryImageOfPage":{"@id":"https:\/\/lightweb.dev\/l\/svm-temp\/artiklar\/spanien-en-stat-flera-nationer-politik-samhalle-och-vardagsliv-i-dagens-spanien\/#primaryimage"},"image":{"@id":"https:\/\/lightweb.dev\/l\/svm-temp\/artiklar\/spanien-en-stat-flera-nationer-politik-samhalle-och-vardagsliv-i-dagens-spanien\/#primaryimage"},"thumbnailUrl":"https:\/\/lightweb.dev\/l\/svm-temp\/wp-content\/uploads\/2022\/04\/spanien-en-stat-flera-nationer-politik-samhlle-och-vardagsliv-i-dagens-spanien.png","datePublished":"2012-12-10T23:00:00+00:00","breadcrumb":{"@id":"https:\/\/lightweb.dev\/l\/svm-temp\/artiklar\/spanien-en-stat-flera-nationer-politik-samhalle-och-vardagsliv-i-dagens-spanien\/#breadcrumb"},"inLanguage":"sv-SE","potentialAction":[{"@type":"ReadAction","target":["https:\/\/lightweb.dev\/l\/svm-temp\/artiklar\/spanien-en-stat-flera-nationer-politik-samhalle-och-vardagsliv-i-dagens-spanien\/"]}]},{"@type":"ImageObject","inLanguage":"sv-SE","@id":"https:\/\/lightweb.dev\/l\/svm-temp\/artiklar\/spanien-en-stat-flera-nationer-politik-samhalle-och-vardagsliv-i-dagens-spanien\/#primaryimage","url":"https:\/\/lightweb.dev\/l\/svm-temp\/wp-content\/uploads\/2022\/04\/spanien-en-stat-flera-nationer-politik-samhlle-och-vardagsliv-i-dagens-spanien.png","contentUrl":"https:\/\/lightweb.dev\/l\/svm-temp\/wp-content\/uploads\/2022\/04\/spanien-en-stat-flera-nationer-politik-samhlle-och-vardagsliv-i-dagens-spanien.png","width":280,"height":391},{"@type":"BreadcrumbList","@id":"https:\/\/lightweb.dev\/l\/svm-temp\/artiklar\/spanien-en-stat-flera-nationer-politik-samhalle-och-vardagsliv-i-dagens-spanien\/#breadcrumb","itemListElement":[{"@type":"ListItem","position":1,"name":"Hem","item":"https:\/\/lightweb.dev\/l\/svm-temp\/"},{"@type":"ListItem","position":2,"name":"Spanien \u2013 En stat, flera nationer &#8211; Politik, samh\u00e4lle och vardagsliv i dagens Spanien"}]},{"@type":"WebSite","@id":"https:\/\/lightweb.dev\/l\/svm-temp\/#website","url":"https:\/\/lightweb.dev\/l\/svm-temp\/","name":"Svenska Magasinet","description":"Dina Spanska nyheter p&aring; Svenska","publisher":{"@id":"https:\/\/lightweb.dev\/l\/svm-temp\/#organization"},"potentialAction":[{"@type":"SearchAction","target":{"@type":"EntryPoint","urlTemplate":"https:\/\/lightweb.dev\/l\/svm-temp\/?s={search_term_string}"},"query-input":{"@type":"PropertyValueSpecification","valueRequired":true,"valueName":"search_term_string"}}],"inLanguage":"sv-SE"},{"@type":"Organization","@id":"https:\/\/lightweb.dev\/l\/svm-temp\/#organization","name":"Melkerson y Nott SL","alternateName":"Svenska Magasinet","url":"https:\/\/lightweb.dev\/l\/svm-temp\/","logo":{"@type":"ImageObject","inLanguage":"sv-SE","@id":"https:\/\/lightweb.dev\/l\/svm-temp\/#\/schema\/logo\/image\/","url":"https:\/\/lightweb.dev\/l\/svm-temp\/wp-content\/uploads\/2025\/02\/SvM-logo-Xtra-Centrerad-SVART.png","contentUrl":"https:\/\/lightweb.dev\/l\/svm-temp\/wp-content\/uploads\/2025\/02\/SvM-logo-Xtra-Centrerad-SVART.png","width":300,"height":99,"caption":"Melkerson y Nott SL"},"image":{"@id":"https:\/\/lightweb.dev\/l\/svm-temp\/#\/schema\/logo\/image\/"},"sameAs":["https:\/\/www.facebook.com\/svenskamagasinet","https:\/\/x.com\/SvenskaMagasine"]},{"@type":"Person","@id":"https:\/\/lightweb.dev\/l\/svm-temp\/#\/schema\/person\/206a3bda5b607b0c25e1749191e4d837","name":"Redaktionen SvM","description":"Redaktionen","sameAs":["https:\/\/lightweb.dev\/l\/svm-temp"],"url":"https:\/\/lightweb.dev\/l\/svm-temp\/reporter\/redaktionen\/"}]}},"_links":{"self":[{"href":"https:\/\/lightweb.dev\/l\/svm-temp\/wp-json\/wp\/v2\/posts\/3499","targetHints":{"allow":["GET"]}}],"collection":[{"href":"https:\/\/lightweb.dev\/l\/svm-temp\/wp-json\/wp\/v2\/posts"}],"about":[{"href":"https:\/\/lightweb.dev\/l\/svm-temp\/wp-json\/wp\/v2\/types\/post"}],"author":[{"embeddable":true,"href":"https:\/\/lightweb.dev\/l\/svm-temp\/wp-json\/wp\/v2\/users\/8"}],"replies":[{"embeddable":true,"href":"https:\/\/lightweb.dev\/l\/svm-temp\/wp-json\/wp\/v2\/comments?post=3499"}],"version-history":[{"count":0,"href":"https:\/\/lightweb.dev\/l\/svm-temp\/wp-json\/wp\/v2\/posts\/3499\/revisions"}],"wp:featuredmedia":[{"embeddable":true,"href":"https:\/\/lightweb.dev\/l\/svm-temp\/wp-json\/wp\/v2\/media\/3500"}],"wp:attachment":[{"href":"https:\/\/lightweb.dev\/l\/svm-temp\/wp-json\/wp\/v2\/media?parent=3499"}],"wp:term":[{"taxonomy":"category","embeddable":true,"href":"https:\/\/lightweb.dev\/l\/svm-temp\/wp-json\/wp\/v2\/categories?post=3499"},{"taxonomy":"post_tag","embeddable":true,"href":"https:\/\/lightweb.dev\/l\/svm-temp\/wp-json\/wp\/v2\/tags?post=3499"}],"curies":[{"name":"wp","href":"https:\/\/api.w.org\/{rel}","templated":true}]}}