{"id":3501,"date":"2012-12-11T00:00:00","date_gmt":"2012-12-10T23:00:00","guid":{"rendered":"https:\/\/lightweb.dev\/l\/svm-temp\/fraga-advokaten-vi-ar-sambo-och-ager-tillsammans-en-bostad-i-spanien-vad-hander-om-en-av-oss-avlider\/"},"modified":"2012-12-11T00:00:00","modified_gmt":"2012-12-10T23:00:00","slug":"fraga-advokaten-vi-ar-sambo-och-ager-tillsammans-en-bostad-i-spanien-vad-hander-om-en-av-oss-avlider","status":"publish","type":"post","link":"https:\/\/lightweb.dev\/l\/svm-temp\/artiklar\/fraga-advokaten-vi-ar-sambo-och-ager-tillsammans-en-bostad-i-spanien-vad-hander-om-en-av-oss-avlider\/","title":{"rendered":"Fr\u00e5ga advokaten: Vi \u00e4r sambo och \u00e4ger tillsammans en bostad i Spanien. Vad h\u00e4nder om en av oss avlider?"},"content":{"rendered":"<p> Vi \u00e4r sambo och \u00e4ger tillsammans en bostad i Spanien. Vad h\u00e4nder om en av oss avlider? Av advokat G\u00f6ran Rise<\/p>\n<p>Jag utg\u00e5r ifr\u00e5n att ni \u00e4r svenska medborgare och sambo enligt svensk lag dvs. att ni stadigvarande bor tillsammans och har gemensamt hush\u00e5ll.<\/p>\n<p>Om bostaden \u00e4r er permanentbostad \u00e4r den att betrakta som samboegendom och skall skiftas genom bodelning efter den f\u00f6rst avlidne med till\u00e4mpning av svensk r\u00e4tt. Detta under f\u00f6ruts\u00e4ttning av att ni genom avtal best\u00e4mt att svensk r\u00e4tt skall vara till\u00e4mplig om ni haft hemvist i Spanien i mer \u00e4n tv\u00e5 \u00e5r. <\/p>\n<p>Samboegendom uppl\u00f6ses allts\u00e5 vid den enes d\u00f6d genom bodelning. Den efterlevande har s\u00e5lunda r\u00e4tt att f\u00e5 h\u00e4lften av egendomens v\u00e4rde tillskiftad p\u00e5 sig utan skattekonsekvenser. <\/p>\n<p>F\u00f6r det fall den efterlevande genom testamente erh\u00e5ller resterande del i arv kommer spansk arvskatt att utg\u00e5 p\u00e5 denna lott. <\/p>\n<p>Om ni inte registrerat Ert sambof\u00f6rh\u00e5llande i Spanien enligt spansk formalia kan arvskatten bli avsev\u00e4rd, d\u00e5 icke-registrerade sambo betalar arvskatt enligt klass IV. Om sambof\u00f6rh\u00e5llandet \u00e4r registrerat i Spanien \u00e4r efterlevande sambo j\u00e4mst\u00e4lld med efterlevande make eller maka enligt klass II.<\/p>\n<p>Om bostaden \u00e4r er fritidsbostad g\u00e4ller inte sambolagen utan sam\u00e4gander\u00e4ttslagen fr\u00e5n 1904 alternativt spansk r\u00e4tt. Fritidsbostaden kommer d\u00e5 att tillfalla den avlidnes arvingar, s\u00e5vida inte ett testamente f\u00f6rordnar annorledes. <\/p>\n","protected":false},"excerpt":{"rendered":"<p>Vi \u00e4r sambo och \u00e4ger tillsammans en bostad i Spanien. Vad h\u00e4nder om en av oss avlider? Av advokat G\u00f6ran Rise Jag utg\u00e5r ifr\u00e5n att ni \u00e4r svenska medborgare och sambo enligt svensk lag dvs. att ni stadigvarande bor tillsammans och har gemensamt hush\u00e5ll. Om bostaden \u00e4r er permanentbostad \u00e4r den att betrakta som samboegendom [&hellip;]<\/p>\n","protected":false},"author":8,"featured_media":3502,"comment_status":"open","ping_status":"open","sticky":false,"template":"","format":"standard","meta":{"_et_pb_use_builder":"","_et_pb_old_content":"","_et_gb_content_width":"","footnotes":""},"categories":[396,4],"tags":[],"class_list":["post-3501","post","type-post","status-publish","format-standard","has-post-thumbnail","hentry","category-arkiv-artiklar","category-artiklar"],"yoast_head":"<!-- This site is optimized with the Yoast SEO Premium plugin v26.2 (Yoast SEO v27.5) - https:\/\/yoast.com\/product\/yoast-seo-premium-wordpress\/ -->\n<title>Fr\u00e5ga advokaten: Vi \u00e4r sambo och \u00e4ger tillsammans en bostad i Spanien. Vad h\u00e4nder om en av oss avlider? - Svenska Magasinet<\/title>\n<meta name=\"robots\" content=\"noindex, follow, max-snippet:-1, max-image-preview:large, max-video-preview:-1\" \/>\n<meta property=\"og:locale\" content=\"sv_SE\" \/>\n<meta property=\"og:type\" content=\"article\" \/>\n<meta property=\"og:title\" content=\"Fr\u00e5ga advokaten: Vi \u00e4r sambo och \u00e4ger tillsammans en bostad i Spanien. Vad h\u00e4nder om en av oss avlider?\" \/>\n<meta property=\"og:description\" content=\"Vi \u00e4r sambo och \u00e4ger tillsammans en bostad i Spanien. Vad h\u00e4nder om en av oss avlider? Av advokat G\u00f6ran Rise Jag utg\u00e5r ifr\u00e5n att ni \u00e4r svenska medborgare och sambo enligt svensk lag dvs. att ni stadigvarande bor tillsammans och har gemensamt hush\u00e5ll. Om bostaden \u00e4r er permanentbostad \u00e4r den att betrakta som samboegendom [&hellip;]\" \/>\n<meta property=\"og:url\" content=\"https:\/\/lightweb.dev\/l\/svm-temp\/artiklar\/fraga-advokaten-vi-ar-sambo-och-ager-tillsammans-en-bostad-i-spanien-vad-hander-om-en-av-oss-avlider\/\" \/>\n<meta property=\"og:site_name\" content=\"Svenska Magasinet\" \/>\n<meta property=\"article:publisher\" content=\"https:\/\/www.facebook.com\/svenskamagasinet\" \/>\n<meta property=\"article:published_time\" content=\"2012-12-10T23:00:00+00:00\" \/>\n<meta property=\"og:image\" content=\"https:\/\/lightweb.dev\/l\/svm-temp\/wp-content\/uploads\/2022\/04\/frga-advokaten-vi-r-sambo-och-ger-tillsammans-en-bostad-i-spanien-vad-hnder-om-en-av-oss-avlider.png\" \/>\n\t<meta property=\"og:image:width\" content=\"280\" \/>\n\t<meta property=\"og:image:height\" content=\"386\" \/>\n\t<meta property=\"og:image:type\" content=\"image\/png\" \/>\n<meta name=\"author\" content=\"Redaktionen SvM\" \/>\n<meta name=\"twitter:card\" content=\"summary_large_image\" \/>\n<meta name=\"twitter:creator\" content=\"@SvenskaMagasine\" \/>\n<meta name=\"twitter:site\" content=\"@SvenskaMagasine\" \/>\n<script type=\"application\/ld+json\" class=\"yoast-schema-graph\">{\"@context\":\"https:\\\/\\\/schema.org\",\"@graph\":[{\"@type\":\"Article\",\"@id\":\"https:\\\/\\\/lightweb.dev\\\/l\\\/svm-temp\\\/artiklar\\\/fraga-advokaten-vi-ar-sambo-och-ager-tillsammans-en-bostad-i-spanien-vad-hander-om-en-av-oss-avlider\\\/#article\",\"isPartOf\":{\"@id\":\"https:\\\/\\\/lightweb.dev\\\/l\\\/svm-temp\\\/artiklar\\\/fraga-advokaten-vi-ar-sambo-och-ager-tillsammans-en-bostad-i-spanien-vad-hander-om-en-av-oss-avlider\\\/\"},\"author\":{\"name\":\"Redaktionen SvM\",\"@id\":\"https:\\\/\\\/lightweb.dev\\\/l\\\/svm-temp\\\/#\\\/schema\\\/person\\\/206a3bda5b607b0c25e1749191e4d837\"},\"headline\":\"Fr\u00e5ga advokaten: Vi \u00e4r sambo och \u00e4ger tillsammans en bostad i Spanien. Vad h\u00e4nder om en av oss avlider?\",\"datePublished\":\"2012-12-10T23:00:00+00:00\",\"mainEntityOfPage\":{\"@id\":\"https:\\\/\\\/lightweb.dev\\\/l\\\/svm-temp\\\/artiklar\\\/fraga-advokaten-vi-ar-sambo-och-ager-tillsammans-en-bostad-i-spanien-vad-hander-om-en-av-oss-avlider\\\/\"},\"wordCount\":265,\"commentCount\":0,\"publisher\":{\"@id\":\"https:\\\/\\\/lightweb.dev\\\/l\\\/svm-temp\\\/#organization\"},\"image\":{\"@id\":\"https:\\\/\\\/lightweb.dev\\\/l\\\/svm-temp\\\/artiklar\\\/fraga-advokaten-vi-ar-sambo-och-ager-tillsammans-en-bostad-i-spanien-vad-hander-om-en-av-oss-avlider\\\/#primaryimage\"},\"thumbnailUrl\":\"https:\\\/\\\/lightweb.dev\\\/l\\\/svm-temp\\\/wp-content\\\/uploads\\\/2022\\\/04\\\/frga-advokaten-vi-r-sambo-och-ger-tillsammans-en-bostad-i-spanien-vad-hnder-om-en-av-oss-avlider.png\",\"articleSection\":[\"Arkiv\",\"Artiklar\"],\"inLanguage\":\"sv-SE\"},{\"@type\":\"WebPage\",\"@id\":\"https:\\\/\\\/lightweb.dev\\\/l\\\/svm-temp\\\/artiklar\\\/fraga-advokaten-vi-ar-sambo-och-ager-tillsammans-en-bostad-i-spanien-vad-hander-om-en-av-oss-avlider\\\/\",\"url\":\"https:\\\/\\\/lightweb.dev\\\/l\\\/svm-temp\\\/artiklar\\\/fraga-advokaten-vi-ar-sambo-och-ager-tillsammans-en-bostad-i-spanien-vad-hander-om-en-av-oss-avlider\\\/\",\"name\":\"Fr\u00e5ga advokaten: Vi \u00e4r sambo och \u00e4ger tillsammans en bostad i Spanien. Vad h\u00e4nder om en av oss avlider? - Svenska Magasinet\",\"isPartOf\":{\"@id\":\"https:\\\/\\\/lightweb.dev\\\/l\\\/svm-temp\\\/#website\"},\"primaryImageOfPage\":{\"@id\":\"https:\\\/\\\/lightweb.dev\\\/l\\\/svm-temp\\\/artiklar\\\/fraga-advokaten-vi-ar-sambo-och-ager-tillsammans-en-bostad-i-spanien-vad-hander-om-en-av-oss-avlider\\\/#primaryimage\"},\"image\":{\"@id\":\"https:\\\/\\\/lightweb.dev\\\/l\\\/svm-temp\\\/artiklar\\\/fraga-advokaten-vi-ar-sambo-och-ager-tillsammans-en-bostad-i-spanien-vad-hander-om-en-av-oss-avlider\\\/#primaryimage\"},\"thumbnailUrl\":\"https:\\\/\\\/lightweb.dev\\\/l\\\/svm-temp\\\/wp-content\\\/uploads\\\/2022\\\/04\\\/frga-advokaten-vi-r-sambo-och-ger-tillsammans-en-bostad-i-spanien-vad-hnder-om-en-av-oss-avlider.png\",\"datePublished\":\"2012-12-10T23:00:00+00:00\",\"breadcrumb\":{\"@id\":\"https:\\\/\\\/lightweb.dev\\\/l\\\/svm-temp\\\/artiklar\\\/fraga-advokaten-vi-ar-sambo-och-ager-tillsammans-en-bostad-i-spanien-vad-hander-om-en-av-oss-avlider\\\/#breadcrumb\"},\"inLanguage\":\"sv-SE\",\"potentialAction\":[{\"@type\":\"ReadAction\",\"target\":[\"https:\\\/\\\/lightweb.dev\\\/l\\\/svm-temp\\\/artiklar\\\/fraga-advokaten-vi-ar-sambo-och-ager-tillsammans-en-bostad-i-spanien-vad-hander-om-en-av-oss-avlider\\\/\"]}]},{\"@type\":\"ImageObject\",\"inLanguage\":\"sv-SE\",\"@id\":\"https:\\\/\\\/lightweb.dev\\\/l\\\/svm-temp\\\/artiklar\\\/fraga-advokaten-vi-ar-sambo-och-ager-tillsammans-en-bostad-i-spanien-vad-hander-om-en-av-oss-avlider\\\/#primaryimage\",\"url\":\"https:\\\/\\\/lightweb.dev\\\/l\\\/svm-temp\\\/wp-content\\\/uploads\\\/2022\\\/04\\\/frga-advokaten-vi-r-sambo-och-ger-tillsammans-en-bostad-i-spanien-vad-hnder-om-en-av-oss-avlider.png\",\"contentUrl\":\"https:\\\/\\\/lightweb.dev\\\/l\\\/svm-temp\\\/wp-content\\\/uploads\\\/2022\\\/04\\\/frga-advokaten-vi-r-sambo-och-ger-tillsammans-en-bostad-i-spanien-vad-hnder-om-en-av-oss-avlider.png\",\"width\":280,\"height\":386},{\"@type\":\"BreadcrumbList\",\"@id\":\"https:\\\/\\\/lightweb.dev\\\/l\\\/svm-temp\\\/artiklar\\\/fraga-advokaten-vi-ar-sambo-och-ager-tillsammans-en-bostad-i-spanien-vad-hander-om-en-av-oss-avlider\\\/#breadcrumb\",\"itemListElement\":[{\"@type\":\"ListItem\",\"position\":1,\"name\":\"Hem\",\"item\":\"https:\\\/\\\/lightweb.dev\\\/l\\\/svm-temp\\\/\"},{\"@type\":\"ListItem\",\"position\":2,\"name\":\"Fr\u00e5ga advokaten: Vi \u00e4r sambo och \u00e4ger tillsammans en bostad i Spanien. Vad h\u00e4nder om en av oss avlider?\"}]},{\"@type\":\"WebSite\",\"@id\":\"https:\\\/\\\/lightweb.dev\\\/l\\\/svm-temp\\\/#website\",\"url\":\"https:\\\/\\\/lightweb.dev\\\/l\\\/svm-temp\\\/\",\"name\":\"Svenska Magasinet\",\"description\":\"Dina Spanska nyheter p&aring; Svenska\",\"publisher\":{\"@id\":\"https:\\\/\\\/lightweb.dev\\\/l\\\/svm-temp\\\/#organization\"},\"potentialAction\":[{\"@type\":\"SearchAction\",\"target\":{\"@type\":\"EntryPoint\",\"urlTemplate\":\"https:\\\/\\\/lightweb.dev\\\/l\\\/svm-temp\\\/?s={search_term_string}\"},\"query-input\":{\"@type\":\"PropertyValueSpecification\",\"valueRequired\":true,\"valueName\":\"search_term_string\"}}],\"inLanguage\":\"sv-SE\"},{\"@type\":\"Organization\",\"@id\":\"https:\\\/\\\/lightweb.dev\\\/l\\\/svm-temp\\\/#organization\",\"name\":\"Melkerson y Nott SL\",\"alternateName\":\"Svenska Magasinet\",\"url\":\"https:\\\/\\\/lightweb.dev\\\/l\\\/svm-temp\\\/\",\"logo\":{\"@type\":\"ImageObject\",\"inLanguage\":\"sv-SE\",\"@id\":\"https:\\\/\\\/lightweb.dev\\\/l\\\/svm-temp\\\/#\\\/schema\\\/logo\\\/image\\\/\",\"url\":\"https:\\\/\\\/lightweb.dev\\\/l\\\/svm-temp\\\/wp-content\\\/uploads\\\/2025\\\/02\\\/SvM-logo-Xtra-Centrerad-SVART.png\",\"contentUrl\":\"https:\\\/\\\/lightweb.dev\\\/l\\\/svm-temp\\\/wp-content\\\/uploads\\\/2025\\\/02\\\/SvM-logo-Xtra-Centrerad-SVART.png\",\"width\":300,\"height\":99,\"caption\":\"Melkerson y Nott SL\"},\"image\":{\"@id\":\"https:\\\/\\\/lightweb.dev\\\/l\\\/svm-temp\\\/#\\\/schema\\\/logo\\\/image\\\/\"},\"sameAs\":[\"https:\\\/\\\/www.facebook.com\\\/svenskamagasinet\",\"https:\\\/\\\/x.com\\\/SvenskaMagasine\"]},{\"@type\":\"Person\",\"@id\":\"https:\\\/\\\/lightweb.dev\\\/l\\\/svm-temp\\\/#\\\/schema\\\/person\\\/206a3bda5b607b0c25e1749191e4d837\",\"name\":\"Redaktionen SvM\",\"description\":\"Redaktionen\",\"sameAs\":[\"https:\\\/\\\/lightweb.dev\\\/l\\\/svm-temp\"],\"url\":\"https:\\\/\\\/lightweb.dev\\\/l\\\/svm-temp\\\/reporter\\\/redaktionen\\\/\"}]}<\/script>\n<!-- \/ Yoast SEO Premium plugin. -->","yoast_head_json":{"title":"Fr\u00e5ga advokaten: Vi \u00e4r sambo och \u00e4ger tillsammans en bostad i Spanien. Vad h\u00e4nder om en av oss avlider? - Svenska Magasinet","robots":{"index":"noindex","follow":"follow","max-snippet":"max-snippet:-1","max-image-preview":"max-image-preview:large","max-video-preview":"max-video-preview:-1"},"og_locale":"sv_SE","og_type":"article","og_title":"Fr\u00e5ga advokaten: Vi \u00e4r sambo och \u00e4ger tillsammans en bostad i Spanien. Vad h\u00e4nder om en av oss avlider?","og_description":"Vi \u00e4r sambo och \u00e4ger tillsammans en bostad i Spanien. Vad h\u00e4nder om en av oss avlider? Av advokat G\u00f6ran Rise Jag utg\u00e5r ifr\u00e5n att ni \u00e4r svenska medborgare och sambo enligt svensk lag dvs. att ni stadigvarande bor tillsammans och har gemensamt hush\u00e5ll. Om bostaden \u00e4r er permanentbostad \u00e4r den att betrakta som samboegendom [&hellip;]","og_url":"https:\/\/lightweb.dev\/l\/svm-temp\/artiklar\/fraga-advokaten-vi-ar-sambo-och-ager-tillsammans-en-bostad-i-spanien-vad-hander-om-en-av-oss-avlider\/","og_site_name":"Svenska Magasinet","article_publisher":"https:\/\/www.facebook.com\/svenskamagasinet","article_published_time":"2012-12-10T23:00:00+00:00","og_image":[{"width":280,"height":386,"url":"https:\/\/lightweb.dev\/l\/svm-temp\/wp-content\/uploads\/2022\/04\/frga-advokaten-vi-r-sambo-och-ger-tillsammans-en-bostad-i-spanien-vad-hnder-om-en-av-oss-avlider.png","type":"image\/png"}],"author":"Redaktionen SvM","twitter_card":"summary_large_image","twitter_creator":"@SvenskaMagasine","twitter_site":"@SvenskaMagasine","schema":{"@context":"https:\/\/schema.org","@graph":[{"@type":"Article","@id":"https:\/\/lightweb.dev\/l\/svm-temp\/artiklar\/fraga-advokaten-vi-ar-sambo-och-ager-tillsammans-en-bostad-i-spanien-vad-hander-om-en-av-oss-avlider\/#article","isPartOf":{"@id":"https:\/\/lightweb.dev\/l\/svm-temp\/artiklar\/fraga-advokaten-vi-ar-sambo-och-ager-tillsammans-en-bostad-i-spanien-vad-hander-om-en-av-oss-avlider\/"},"author":{"name":"Redaktionen SvM","@id":"https:\/\/lightweb.dev\/l\/svm-temp\/#\/schema\/person\/206a3bda5b607b0c25e1749191e4d837"},"headline":"Fr\u00e5ga advokaten: Vi \u00e4r sambo och \u00e4ger tillsammans en bostad i Spanien. Vad h\u00e4nder om en av oss avlider?","datePublished":"2012-12-10T23:00:00+00:00","mainEntityOfPage":{"@id":"https:\/\/lightweb.dev\/l\/svm-temp\/artiklar\/fraga-advokaten-vi-ar-sambo-och-ager-tillsammans-en-bostad-i-spanien-vad-hander-om-en-av-oss-avlider\/"},"wordCount":265,"commentCount":0,"publisher":{"@id":"https:\/\/lightweb.dev\/l\/svm-temp\/#organization"},"image":{"@id":"https:\/\/lightweb.dev\/l\/svm-temp\/artiklar\/fraga-advokaten-vi-ar-sambo-och-ager-tillsammans-en-bostad-i-spanien-vad-hander-om-en-av-oss-avlider\/#primaryimage"},"thumbnailUrl":"https:\/\/lightweb.dev\/l\/svm-temp\/wp-content\/uploads\/2022\/04\/frga-advokaten-vi-r-sambo-och-ger-tillsammans-en-bostad-i-spanien-vad-hnder-om-en-av-oss-avlider.png","articleSection":["Arkiv","Artiklar"],"inLanguage":"sv-SE"},{"@type":"WebPage","@id":"https:\/\/lightweb.dev\/l\/svm-temp\/artiklar\/fraga-advokaten-vi-ar-sambo-och-ager-tillsammans-en-bostad-i-spanien-vad-hander-om-en-av-oss-avlider\/","url":"https:\/\/lightweb.dev\/l\/svm-temp\/artiklar\/fraga-advokaten-vi-ar-sambo-och-ager-tillsammans-en-bostad-i-spanien-vad-hander-om-en-av-oss-avlider\/","name":"Fr\u00e5ga advokaten: Vi \u00e4r sambo och \u00e4ger tillsammans en bostad i Spanien. Vad h\u00e4nder om en av oss avlider? - Svenska Magasinet","isPartOf":{"@id":"https:\/\/lightweb.dev\/l\/svm-temp\/#website"},"primaryImageOfPage":{"@id":"https:\/\/lightweb.dev\/l\/svm-temp\/artiklar\/fraga-advokaten-vi-ar-sambo-och-ager-tillsammans-en-bostad-i-spanien-vad-hander-om-en-av-oss-avlider\/#primaryimage"},"image":{"@id":"https:\/\/lightweb.dev\/l\/svm-temp\/artiklar\/fraga-advokaten-vi-ar-sambo-och-ager-tillsammans-en-bostad-i-spanien-vad-hander-om-en-av-oss-avlider\/#primaryimage"},"thumbnailUrl":"https:\/\/lightweb.dev\/l\/svm-temp\/wp-content\/uploads\/2022\/04\/frga-advokaten-vi-r-sambo-och-ger-tillsammans-en-bostad-i-spanien-vad-hnder-om-en-av-oss-avlider.png","datePublished":"2012-12-10T23:00:00+00:00","breadcrumb":{"@id":"https:\/\/lightweb.dev\/l\/svm-temp\/artiklar\/fraga-advokaten-vi-ar-sambo-och-ager-tillsammans-en-bostad-i-spanien-vad-hander-om-en-av-oss-avlider\/#breadcrumb"},"inLanguage":"sv-SE","potentialAction":[{"@type":"ReadAction","target":["https:\/\/lightweb.dev\/l\/svm-temp\/artiklar\/fraga-advokaten-vi-ar-sambo-och-ager-tillsammans-en-bostad-i-spanien-vad-hander-om-en-av-oss-avlider\/"]}]},{"@type":"ImageObject","inLanguage":"sv-SE","@id":"https:\/\/lightweb.dev\/l\/svm-temp\/artiklar\/fraga-advokaten-vi-ar-sambo-och-ager-tillsammans-en-bostad-i-spanien-vad-hander-om-en-av-oss-avlider\/#primaryimage","url":"https:\/\/lightweb.dev\/l\/svm-temp\/wp-content\/uploads\/2022\/04\/frga-advokaten-vi-r-sambo-och-ger-tillsammans-en-bostad-i-spanien-vad-hnder-om-en-av-oss-avlider.png","contentUrl":"https:\/\/lightweb.dev\/l\/svm-temp\/wp-content\/uploads\/2022\/04\/frga-advokaten-vi-r-sambo-och-ger-tillsammans-en-bostad-i-spanien-vad-hnder-om-en-av-oss-avlider.png","width":280,"height":386},{"@type":"BreadcrumbList","@id":"https:\/\/lightweb.dev\/l\/svm-temp\/artiklar\/fraga-advokaten-vi-ar-sambo-och-ager-tillsammans-en-bostad-i-spanien-vad-hander-om-en-av-oss-avlider\/#breadcrumb","itemListElement":[{"@type":"ListItem","position":1,"name":"Hem","item":"https:\/\/lightweb.dev\/l\/svm-temp\/"},{"@type":"ListItem","position":2,"name":"Fr\u00e5ga advokaten: Vi \u00e4r sambo och \u00e4ger tillsammans en bostad i Spanien. Vad h\u00e4nder om en av oss avlider?"}]},{"@type":"WebSite","@id":"https:\/\/lightweb.dev\/l\/svm-temp\/#website","url":"https:\/\/lightweb.dev\/l\/svm-temp\/","name":"Svenska Magasinet","description":"Dina Spanska nyheter p&aring; Svenska","publisher":{"@id":"https:\/\/lightweb.dev\/l\/svm-temp\/#organization"},"potentialAction":[{"@type":"SearchAction","target":{"@type":"EntryPoint","urlTemplate":"https:\/\/lightweb.dev\/l\/svm-temp\/?s={search_term_string}"},"query-input":{"@type":"PropertyValueSpecification","valueRequired":true,"valueName":"search_term_string"}}],"inLanguage":"sv-SE"},{"@type":"Organization","@id":"https:\/\/lightweb.dev\/l\/svm-temp\/#organization","name":"Melkerson y Nott SL","alternateName":"Svenska Magasinet","url":"https:\/\/lightweb.dev\/l\/svm-temp\/","logo":{"@type":"ImageObject","inLanguage":"sv-SE","@id":"https:\/\/lightweb.dev\/l\/svm-temp\/#\/schema\/logo\/image\/","url":"https:\/\/lightweb.dev\/l\/svm-temp\/wp-content\/uploads\/2025\/02\/SvM-logo-Xtra-Centrerad-SVART.png","contentUrl":"https:\/\/lightweb.dev\/l\/svm-temp\/wp-content\/uploads\/2025\/02\/SvM-logo-Xtra-Centrerad-SVART.png","width":300,"height":99,"caption":"Melkerson y Nott SL"},"image":{"@id":"https:\/\/lightweb.dev\/l\/svm-temp\/#\/schema\/logo\/image\/"},"sameAs":["https:\/\/www.facebook.com\/svenskamagasinet","https:\/\/x.com\/SvenskaMagasine"]},{"@type":"Person","@id":"https:\/\/lightweb.dev\/l\/svm-temp\/#\/schema\/person\/206a3bda5b607b0c25e1749191e4d837","name":"Redaktionen SvM","description":"Redaktionen","sameAs":["https:\/\/lightweb.dev\/l\/svm-temp"],"url":"https:\/\/lightweb.dev\/l\/svm-temp\/reporter\/redaktionen\/"}]}},"_links":{"self":[{"href":"https:\/\/lightweb.dev\/l\/svm-temp\/wp-json\/wp\/v2\/posts\/3501","targetHints":{"allow":["GET"]}}],"collection":[{"href":"https:\/\/lightweb.dev\/l\/svm-temp\/wp-json\/wp\/v2\/posts"}],"about":[{"href":"https:\/\/lightweb.dev\/l\/svm-temp\/wp-json\/wp\/v2\/types\/post"}],"author":[{"embeddable":true,"href":"https:\/\/lightweb.dev\/l\/svm-temp\/wp-json\/wp\/v2\/users\/8"}],"replies":[{"embeddable":true,"href":"https:\/\/lightweb.dev\/l\/svm-temp\/wp-json\/wp\/v2\/comments?post=3501"}],"version-history":[{"count":0,"href":"https:\/\/lightweb.dev\/l\/svm-temp\/wp-json\/wp\/v2\/posts\/3501\/revisions"}],"wp:featuredmedia":[{"embeddable":true,"href":"https:\/\/lightweb.dev\/l\/svm-temp\/wp-json\/wp\/v2\/media\/3502"}],"wp:attachment":[{"href":"https:\/\/lightweb.dev\/l\/svm-temp\/wp-json\/wp\/v2\/media?parent=3501"}],"wp:term":[{"taxonomy":"category","embeddable":true,"href":"https:\/\/lightweb.dev\/l\/svm-temp\/wp-json\/wp\/v2\/categories?post=3501"},{"taxonomy":"post_tag","embeddable":true,"href":"https:\/\/lightweb.dev\/l\/svm-temp\/wp-json\/wp\/v2\/tags?post=3501"}],"curies":[{"name":"wp","href":"https:\/\/api.w.org\/{rel}","templated":true}]}}