{"id":3503,"date":"2012-12-11T00:00:00","date_gmt":"2012-12-10T23:00:00","guid":{"rendered":"https:\/\/lightweb.dev\/l\/svm-temp\/gigantiskt-behov-av-hjalp-sa-kan-vi-hjalpa-till-i-krisens-spanien\/"},"modified":"2012-12-11T00:00:00","modified_gmt":"2012-12-10T23:00:00","slug":"gigantiskt-behov-av-hjalp-sa-kan-vi-hjalpa-till-i-krisens-spanien","status":"publish","type":"post","link":"https:\/\/lightweb.dev\/l\/svm-temp\/artiklar\/gigantiskt-behov-av-hjalp-sa-kan-vi-hjalpa-till-i-krisens-spanien\/","title":{"rendered":"Gigantiskt behov av hj\u00e4lp &#8211; S\u00e5 kan vi hj\u00e4lpa till i krisens Spanien"},"content":{"rendered":"<p> S\u00e5 h\u00e4r \u00e5rs t\u00e4nker m\u00e5nga m\u00e4nniskor p\u00e5 att vara extra godhj\u00e4rtade och visa solidaritet. Den ekonomiska krisen h\u00e5ller Spanien i en j\u00e4rngrepp sedan 2007 och inneb\u00e4r stora problem f\u00f6r den enskilda individen i landet. Kan vi Spaniensvenskar p\u00e5 n\u00e5got vis hj\u00e4lpa till? Av Ola Josefsson<br \/>\nAtt vilja hj\u00e4lpa till borde vara en sj\u00e4lvklarhet f\u00f6r var och en av oss. Spaniensvenskarna har det bra. Krisen sl\u00e5r s\u00e5 olika. Samtidigt som m\u00e5nga spanjorer har f\u00e5tt det s\u00e4mre har en majoritet av svenskarna i Spanien f\u00e5tt det b\u00e4ttre ekonomiskt sett. L\u00e4gre priser i kombination med en starkare krona har skapat ekonomiska f\u00f6rdelar i den svenska kolonin.<br \/>\nKrisen i Spanien har lett till det som kallas \u201dnyfattigdomen\u201d. Spanien har f\u00e4rre hj\u00e4lporganisationer \u00e4n det europeiska genomsnittet, h\u00e4r har m\u00e4nniskor varit vana vid k\u00e4rnfamiljen. Den har funnits d\u00e4r, st\u00e5tt sig stark och hj\u00e4lpt till i samband med kriser.<br \/>\nFamiljebilden har f\u00f6r\u00e4ndrats. K\u00e4rnfamiljen har luckrats upp vilket g\u00f6r att frivilligorganisationerna har kommit att spela en allt viktigare roll i hj\u00e4lparbetet. De organiserar insamlingar d\u00e4r vi kan donera kl\u00e4der, mat eller pengar till beh\u00f6vande.<br \/>\nEn unders\u00f6kning utf\u00f6rd av Centro de Investigaciones Sociol\u00f3gicas (CIS) visar att n\u00e4ra h\u00e4lften av spanjorerna har donerat mat, kl\u00e4der eller pengar till beh\u00f6vande n\u00e5gon g\u00e5ng. 26 procent uppger att de donerat mat eller pengar till ickestatliga organisationer. D\u00e4remot uppger hela 69 procent att de aldrig har utf\u00f6rt n\u00e5got frivilligt hj\u00e4lparbete. Uppgifter fr\u00e5n Plataforma del Voluntariado de Espa\u00f1a (PVE) visar att 900.000 personer i Spanien arbetar med n\u00e5got volont\u00e4rarbete, majoriteten \u00e4r kvinnor i \u00e5ldern 18 till 35 \u00e5r.<br \/>\nDet finns m\u00e5nga beaktansv\u00e4rda hj\u00e4lporganisationer som skapar engagemang och uppoffrar sig f\u00f6r de som har det sv\u00e5rt. De visar medm\u00e4nsklighet och f\u00f6rst\u00e5else ibland bara genom att lyssna och hj\u00e4lpa till med praktiska sysslor. De sociala hj\u00e4lporganisationerna har blivit en allt mer viktig del f\u00f6r tiotusentals familjer.<br \/>\nEn s\u00e5dan organisation \u00e4r C\u00e1ritas. Cirka 5.000 personer d\u00e4ribland anst\u00e4llda, frivilliga, medlemmar och donatorer gjorde att C\u00e1ritas under fjol\u00e5ret kunde hj\u00e4lpa 34.700 familjer i provinsen M\u00e1laga. Tack vare deras trogna och gener\u00f6sa arbete kan tusentals familjer f\u00e5 lite ljus i tillvaron.<br \/>\nDirekt\u00f6ren f\u00f6r C\u00e1ritas Diocesana, Francisco Jos\u00e9 S\u00e1nchez, s\u00e4ger i en intervju:<br \/>\n&#8211; Allt fler kommer till oss f\u00f6r att be om hj\u00e4lp f\u00f6r att kunna tillgodose sina grundl\u00e4ggande behov. Tidigare var det fattiga och de som hade f\u00f6rlorat sitt jobb, dagens bes\u00f6kare har f\u00f6rlorat hoppet om att hitta ett jobb.<br \/>\nUppskattningsvis hj\u00e4lper organisationer och f\u00f6reningar \u00f6ver 50.000 familjer enbart i provinsen M\u00e1laga.<\/p>\n<p>Uppgifter fr\u00e5n C\u00e1ritas visar att fattigdomen i landet \u00e4r mer omfattande \u00e4n n\u00e5gonsin. \u201dFattigdomen i Spanien \u00e4r bredare, mer intensiv och mer kronisk \u00e4n n\u00e5gonsin och \u00f6kningen av l\u00f6negapet mellan rika och fattiga hotar att polarisera samh\u00e4llet\u201d.<br \/>\nSpanien \u00e4r ett av de europeiska l\u00e4nder som har den h\u00f6gsta andelen fattiga, endast Rum\u00e4nien och Lettland har marginellt fler.<br \/>\nFattigdomen i Spanien ses \u00e4ven i den splittring som landet upplever. I Navarra \u00e4r endast sju procent av befolkningen fattiga medan 38 procent i Extremadura beskrivs som fattiga. Klyftorna \u00e4r stora vid en j\u00e4mf\u00f6relse mellan regionerna.<\/p>\n<p>Cirka 30.000 m\u00e4nniskor \u00e4r heml\u00f6sa i Spanien. C\u00e1ritas Andaluc\u00eda uppger att det under 2011 fanns 5.705 heml\u00f6sa i Andalusien. De bor p\u00e5 gatan, i trappuppg\u00e5ngar, busstationer, flygplatser eller under broar och viadukter. 22 procent av landets inv\u00e5nare lever i n\u00e5gon av form av fattigdom och ytterligare 25 procent befinner sig i riskzonen. Det visar en studie som C\u00e1ritas l\u00e5tit g\u00f6ra f\u00f6r stiftelsen Fundaci\u00f3n de Estudios Sociales y de Sociolog\u00eda (Foessa) med titeln Exclusi\u00f3n y Desarrollo Social.<\/p>\n<p>Studien visar \u00e4ven att den genomsnittliga inkomsten i Spanien minskade med fyra procent fr\u00e5n 19.300 euro 2007 till 18.500 euro 2010. Samtidigt sj\u00f6nk minimil\u00f6nen f\u00f6r de s\u00e4mst st\u00e4llda 2010 till 7.800 euro vilket var 200 euro mindre \u00e4n 2009.<br \/>\n\u201dDet betyder att de fattiga blev \u00e4nnu fattigare\u201d, s\u00e4ger Francisco Lorenzo, samordnare f\u00f6r studien.<br \/>\nAndra unders\u00f6kningar som Spaniens motsvarighet till Statistiska centralbyr\u00e5n, Instituto Nacional de Estad\u00edstica (INE) har gjort visar att 30 procent av befolkningen har sv\u00e5rt att f\u00e5 ekonomin att g\u00e5 ihop och 41 procent klarar inte ov\u00e4ntade utgifter.<\/p>\n<p>Det \u00e4r ickestatliga hj\u00e4lporganisationer som Bancosol, Cruz Roja, \u00c1ngeles de la Noche, Comedor de Santo Domingo, M\u00e9dicos del Mundo, Manos Unidas och m\u00e5nga fler som i nul\u00e4get g\u00f6r en storstilad insats \u00e4ven om de inte kan ta p\u00e5 sig hela arbetsb\u00f6rdan. De har inte m\u00f6jlighet och kan inte heller ers\u00e4tta den offentlig servicen, hj\u00e4lporganisationernas uppgift \u00e4r att komplettera och bist\u00e5 med extra st\u00f6d.<\/p>\n<p>Vissa av hj\u00e4lporganisationerna g\u00f6r punktinsatser i specifika omr\u00e5den. Det g\u00e4ller Padre Huelin och Amfremar som ger hj\u00e4lp i stadsdelarna Carretera de C\u00e1diz och El Palo medan Comedor de Santo Domingo koncentrerar sig p\u00e5 att ge ett m\u00e5l mat till hungrande m\u00e4nniskor. \u00c1ngeles de la Noche ger mat och hj\u00e4lp till heml\u00f6sa i M\u00e1lagas centrum.<\/p>\n<p>Banco de Alimentos de la Costa de Sol (Bancosol) hj\u00e4lpte 50.000 personer under 2011 j\u00e4mf\u00f6rt med 42.000 \u00e5ret innan. Och siffran f\u00f6r hj\u00e4lpbeh\u00f6vande v\u00e4ntas stiga. Bancosol kan liknas vid en bank som distribuerar mat till beh\u00f6vande.<br \/>\nDe g\u00f6r ett enast\u00e5ende arbete och fick tidigare i h\u00f6stas utm\u00e4rkelsen Premio Pr\u00edncipe de Asturias de la Concordia 2012. Organisationen startade i Barcelona 1987. Under fjol\u00e5ret delade Bancosol ut 104 miljoner kilo mat gratis \u00f6ver hela landet. I M\u00e1laga fick organisationen fotf\u00e4ste 1998.<br \/>\nGrossister och producenter donerar \u00f6verskotten till Bancosol som har ett lager vid Mercam\u00e1laga. Under f\u00f6rsta \u00e5ren donerades mellan 400.000 och 500.000 kilo mat av 15 sammanslutningar. P\u00e5 15 \u00e5r har de samlat in 25,9 miljoner kilo mat i provinsen.<\/p>\n<p>\u00c4ven Cruz Roja (R\u00f6da korset) har b\u00f6rjat med att distribuera mat. 900.000 kilo mat har levererats till uppskattningsvis 36.000 personer i provinsen. Det \u00e4r allt fr\u00e5n mejeriprodukter som ost och mj\u00f6lk till vaniljs\u00e5s, fruktjuicer, olika typer av pasta, kex frukostflingor, buljong, torkade gr\u00f6nsaker, tomats\u00e5s, ris och barnmat.<\/p>\n<p>Arbetet med att organisera och dela ut mat \u00e4r sv\u00e5rt och komplicerat. St\u00f6det riktar sig i f\u00f6rsta hand till enskilda individer eller familjer som \u00e4r s\u00e4rskilt utsatta. Det \u00e4r hush\u00e5ll med barn eller \u00e4ldre, ensamst\u00e5ende f\u00f6r\u00e4ldrar, personer med fysiska och psykiska handikapp eller andra funktionshinder, personer som har sv\u00e5rt missbruk eller som har aids. St\u00f6det riktas \u00e4ven mot misshandlade kvinnor, etniska minoriteter, invandrare, flyktingar, asyls\u00f6kande, tidigare straffade, heml\u00f6sa och pension\u00e4rer med l\u00e5g inkomst.<br \/>\nK\u00e4llor: Dagstidningarna ABC, Diario SUR, La Opini\u00f3n de M\u00e1laga, Centro de Investigaciones Sociol\u00f3gicas (CIS) och intervjuer.<\/p>\n","protected":false},"excerpt":{"rendered":"<p>S\u00e5 h\u00e4r \u00e5rs t\u00e4nker m\u00e5nga m\u00e4nniskor p\u00e5 att vara extra godhj\u00e4rtade och visa solidaritet. Den ekonomiska krisen h\u00e5ller Spanien i en j\u00e4rngrepp sedan 2007 och inneb\u00e4r stora problem f\u00f6r den enskilda individen i landet. Kan vi Spaniensvenskar p\u00e5 n\u00e5got vis hj\u00e4lpa till? Av Ola Josefsson Att vilja hj\u00e4lpa till borde vara en sj\u00e4lvklarhet f\u00f6r var [&hellip;]<\/p>\n","protected":false},"author":8,"featured_media":3504,"comment_status":"open","ping_status":"open","sticky":false,"template":"","format":"standard","meta":{"_et_pb_use_builder":"","_et_pb_old_content":"","_et_gb_content_width":"","footnotes":""},"categories":[396,4],"tags":[],"class_list":["post-3503","post","type-post","status-publish","format-standard","has-post-thumbnail","hentry","category-arkiv-artiklar","category-artiklar"],"yoast_head":"<!-- This site is optimized with the Yoast SEO Premium plugin v26.2 (Yoast SEO v27.5) - https:\/\/yoast.com\/product\/yoast-seo-premium-wordpress\/ -->\n<title>Gigantiskt behov av hj\u00e4lp - S\u00e5 kan vi hj\u00e4lpa till i krisens Spanien - Svenska Magasinet<\/title>\n<meta name=\"robots\" content=\"noindex, follow, max-snippet:-1, max-image-preview:large, max-video-preview:-1\" \/>\n<meta property=\"og:locale\" content=\"sv_SE\" \/>\n<meta property=\"og:type\" content=\"article\" \/>\n<meta property=\"og:title\" content=\"Gigantiskt behov av hj\u00e4lp - S\u00e5 kan vi hj\u00e4lpa till i krisens Spanien\" \/>\n<meta property=\"og:description\" content=\"S\u00e5 h\u00e4r \u00e5rs t\u00e4nker m\u00e5nga m\u00e4nniskor p\u00e5 att vara extra godhj\u00e4rtade och visa solidaritet. Den ekonomiska krisen h\u00e5ller Spanien i en j\u00e4rngrepp sedan 2007 och inneb\u00e4r stora problem f\u00f6r den enskilda individen i landet. Kan vi Spaniensvenskar p\u00e5 n\u00e5got vis hj\u00e4lpa till? Av Ola Josefsson Att vilja hj\u00e4lpa till borde vara en sj\u00e4lvklarhet f\u00f6r var [&hellip;]\" \/>\n<meta property=\"og:url\" content=\"https:\/\/lightweb.dev\/l\/svm-temp\/artiklar\/gigantiskt-behov-av-hjalp-sa-kan-vi-hjalpa-till-i-krisens-spanien\/\" \/>\n<meta property=\"og:site_name\" content=\"Svenska Magasinet\" \/>\n<meta property=\"article:publisher\" content=\"https:\/\/www.facebook.com\/svenskamagasinet\" \/>\n<meta property=\"article:published_time\" content=\"2012-12-10T23:00:00+00:00\" \/>\n<meta property=\"og:image\" content=\"https:\/\/lightweb.dev\/l\/svm-temp\/wp-content\/uploads\/2022\/04\/gigantiskt-behov-av-hjlp-s-kan-vi-hjlpa-till-i-krisens-spanien.png\" \/>\n\t<meta property=\"og:image:width\" content=\"299\" \/>\n\t<meta property=\"og:image:height\" content=\"200\" \/>\n\t<meta property=\"og:image:type\" content=\"image\/png\" \/>\n<meta name=\"author\" content=\"Redaktionen SvM\" \/>\n<meta name=\"twitter:card\" content=\"summary_large_image\" \/>\n<meta name=\"twitter:creator\" content=\"@SvenskaMagasine\" \/>\n<meta name=\"twitter:site\" content=\"@SvenskaMagasine\" \/>\n<script type=\"application\/ld+json\" class=\"yoast-schema-graph\">{\"@context\":\"https:\\\/\\\/schema.org\",\"@graph\":[{\"@type\":\"Article\",\"@id\":\"https:\\\/\\\/lightweb.dev\\\/l\\\/svm-temp\\\/artiklar\\\/gigantiskt-behov-av-hjalp-sa-kan-vi-hjalpa-till-i-krisens-spanien\\\/#article\",\"isPartOf\":{\"@id\":\"https:\\\/\\\/lightweb.dev\\\/l\\\/svm-temp\\\/artiklar\\\/gigantiskt-behov-av-hjalp-sa-kan-vi-hjalpa-till-i-krisens-spanien\\\/\"},\"author\":{\"name\":\"Redaktionen SvM\",\"@id\":\"https:\\\/\\\/lightweb.dev\\\/l\\\/svm-temp\\\/#\\\/schema\\\/person\\\/206a3bda5b607b0c25e1749191e4d837\"},\"headline\":\"Gigantiskt behov av hj\u00e4lp &#8211; S\u00e5 kan vi hj\u00e4lpa till i krisens Spanien\",\"datePublished\":\"2012-12-10T23:00:00+00:00\",\"mainEntityOfPage\":{\"@id\":\"https:\\\/\\\/lightweb.dev\\\/l\\\/svm-temp\\\/artiklar\\\/gigantiskt-behov-av-hjalp-sa-kan-vi-hjalpa-till-i-krisens-spanien\\\/\"},\"wordCount\":1200,\"commentCount\":0,\"publisher\":{\"@id\":\"https:\\\/\\\/lightweb.dev\\\/l\\\/svm-temp\\\/#organization\"},\"image\":{\"@id\":\"https:\\\/\\\/lightweb.dev\\\/l\\\/svm-temp\\\/artiklar\\\/gigantiskt-behov-av-hjalp-sa-kan-vi-hjalpa-till-i-krisens-spanien\\\/#primaryimage\"},\"thumbnailUrl\":\"https:\\\/\\\/lightweb.dev\\\/l\\\/svm-temp\\\/wp-content\\\/uploads\\\/2022\\\/04\\\/gigantiskt-behov-av-hjlp-s-kan-vi-hjlpa-till-i-krisens-spanien.png\",\"articleSection\":[\"Arkiv\",\"Artiklar\"],\"inLanguage\":\"sv-SE\"},{\"@type\":\"WebPage\",\"@id\":\"https:\\\/\\\/lightweb.dev\\\/l\\\/svm-temp\\\/artiklar\\\/gigantiskt-behov-av-hjalp-sa-kan-vi-hjalpa-till-i-krisens-spanien\\\/\",\"url\":\"https:\\\/\\\/lightweb.dev\\\/l\\\/svm-temp\\\/artiklar\\\/gigantiskt-behov-av-hjalp-sa-kan-vi-hjalpa-till-i-krisens-spanien\\\/\",\"name\":\"Gigantiskt behov av hj\u00e4lp - S\u00e5 kan vi hj\u00e4lpa till i krisens Spanien - Svenska Magasinet\",\"isPartOf\":{\"@id\":\"https:\\\/\\\/lightweb.dev\\\/l\\\/svm-temp\\\/#website\"},\"primaryImageOfPage\":{\"@id\":\"https:\\\/\\\/lightweb.dev\\\/l\\\/svm-temp\\\/artiklar\\\/gigantiskt-behov-av-hjalp-sa-kan-vi-hjalpa-till-i-krisens-spanien\\\/#primaryimage\"},\"image\":{\"@id\":\"https:\\\/\\\/lightweb.dev\\\/l\\\/svm-temp\\\/artiklar\\\/gigantiskt-behov-av-hjalp-sa-kan-vi-hjalpa-till-i-krisens-spanien\\\/#primaryimage\"},\"thumbnailUrl\":\"https:\\\/\\\/lightweb.dev\\\/l\\\/svm-temp\\\/wp-content\\\/uploads\\\/2022\\\/04\\\/gigantiskt-behov-av-hjlp-s-kan-vi-hjlpa-till-i-krisens-spanien.png\",\"datePublished\":\"2012-12-10T23:00:00+00:00\",\"breadcrumb\":{\"@id\":\"https:\\\/\\\/lightweb.dev\\\/l\\\/svm-temp\\\/artiklar\\\/gigantiskt-behov-av-hjalp-sa-kan-vi-hjalpa-till-i-krisens-spanien\\\/#breadcrumb\"},\"inLanguage\":\"sv-SE\",\"potentialAction\":[{\"@type\":\"ReadAction\",\"target\":[\"https:\\\/\\\/lightweb.dev\\\/l\\\/svm-temp\\\/artiklar\\\/gigantiskt-behov-av-hjalp-sa-kan-vi-hjalpa-till-i-krisens-spanien\\\/\"]}]},{\"@type\":\"ImageObject\",\"inLanguage\":\"sv-SE\",\"@id\":\"https:\\\/\\\/lightweb.dev\\\/l\\\/svm-temp\\\/artiklar\\\/gigantiskt-behov-av-hjalp-sa-kan-vi-hjalpa-till-i-krisens-spanien\\\/#primaryimage\",\"url\":\"https:\\\/\\\/lightweb.dev\\\/l\\\/svm-temp\\\/wp-content\\\/uploads\\\/2022\\\/04\\\/gigantiskt-behov-av-hjlp-s-kan-vi-hjlpa-till-i-krisens-spanien.png\",\"contentUrl\":\"https:\\\/\\\/lightweb.dev\\\/l\\\/svm-temp\\\/wp-content\\\/uploads\\\/2022\\\/04\\\/gigantiskt-behov-av-hjlp-s-kan-vi-hjlpa-till-i-krisens-spanien.png\",\"width\":299,\"height\":200},{\"@type\":\"BreadcrumbList\",\"@id\":\"https:\\\/\\\/lightweb.dev\\\/l\\\/svm-temp\\\/artiklar\\\/gigantiskt-behov-av-hjalp-sa-kan-vi-hjalpa-till-i-krisens-spanien\\\/#breadcrumb\",\"itemListElement\":[{\"@type\":\"ListItem\",\"position\":1,\"name\":\"Hem\",\"item\":\"https:\\\/\\\/lightweb.dev\\\/l\\\/svm-temp\\\/\"},{\"@type\":\"ListItem\",\"position\":2,\"name\":\"Gigantiskt behov av hj\u00e4lp &#8211; S\u00e5 kan vi hj\u00e4lpa till i krisens Spanien\"}]},{\"@type\":\"WebSite\",\"@id\":\"https:\\\/\\\/lightweb.dev\\\/l\\\/svm-temp\\\/#website\",\"url\":\"https:\\\/\\\/lightweb.dev\\\/l\\\/svm-temp\\\/\",\"name\":\"Svenska Magasinet\",\"description\":\"Dina Spanska nyheter p&aring; Svenska\",\"publisher\":{\"@id\":\"https:\\\/\\\/lightweb.dev\\\/l\\\/svm-temp\\\/#organization\"},\"potentialAction\":[{\"@type\":\"SearchAction\",\"target\":{\"@type\":\"EntryPoint\",\"urlTemplate\":\"https:\\\/\\\/lightweb.dev\\\/l\\\/svm-temp\\\/?s={search_term_string}\"},\"query-input\":{\"@type\":\"PropertyValueSpecification\",\"valueRequired\":true,\"valueName\":\"search_term_string\"}}],\"inLanguage\":\"sv-SE\"},{\"@type\":\"Organization\",\"@id\":\"https:\\\/\\\/lightweb.dev\\\/l\\\/svm-temp\\\/#organization\",\"name\":\"Melkerson y Nott SL\",\"alternateName\":\"Svenska Magasinet\",\"url\":\"https:\\\/\\\/lightweb.dev\\\/l\\\/svm-temp\\\/\",\"logo\":{\"@type\":\"ImageObject\",\"inLanguage\":\"sv-SE\",\"@id\":\"https:\\\/\\\/lightweb.dev\\\/l\\\/svm-temp\\\/#\\\/schema\\\/logo\\\/image\\\/\",\"url\":\"https:\\\/\\\/lightweb.dev\\\/l\\\/svm-temp\\\/wp-content\\\/uploads\\\/2025\\\/02\\\/SvM-logo-Xtra-Centrerad-SVART.png\",\"contentUrl\":\"https:\\\/\\\/lightweb.dev\\\/l\\\/svm-temp\\\/wp-content\\\/uploads\\\/2025\\\/02\\\/SvM-logo-Xtra-Centrerad-SVART.png\",\"width\":300,\"height\":99,\"caption\":\"Melkerson y Nott SL\"},\"image\":{\"@id\":\"https:\\\/\\\/lightweb.dev\\\/l\\\/svm-temp\\\/#\\\/schema\\\/logo\\\/image\\\/\"},\"sameAs\":[\"https:\\\/\\\/www.facebook.com\\\/svenskamagasinet\",\"https:\\\/\\\/x.com\\\/SvenskaMagasine\"]},{\"@type\":\"Person\",\"@id\":\"https:\\\/\\\/lightweb.dev\\\/l\\\/svm-temp\\\/#\\\/schema\\\/person\\\/206a3bda5b607b0c25e1749191e4d837\",\"name\":\"Redaktionen SvM\",\"description\":\"Redaktionen\",\"sameAs\":[\"https:\\\/\\\/lightweb.dev\\\/l\\\/svm-temp\"],\"url\":\"https:\\\/\\\/lightweb.dev\\\/l\\\/svm-temp\\\/reporter\\\/redaktionen\\\/\"}]}<\/script>\n<!-- \/ Yoast SEO Premium plugin. -->","yoast_head_json":{"title":"Gigantiskt behov av hj\u00e4lp - S\u00e5 kan vi hj\u00e4lpa till i krisens Spanien - Svenska Magasinet","robots":{"index":"noindex","follow":"follow","max-snippet":"max-snippet:-1","max-image-preview":"max-image-preview:large","max-video-preview":"max-video-preview:-1"},"og_locale":"sv_SE","og_type":"article","og_title":"Gigantiskt behov av hj\u00e4lp - S\u00e5 kan vi hj\u00e4lpa till i krisens Spanien","og_description":"S\u00e5 h\u00e4r \u00e5rs t\u00e4nker m\u00e5nga m\u00e4nniskor p\u00e5 att vara extra godhj\u00e4rtade och visa solidaritet. Den ekonomiska krisen h\u00e5ller Spanien i en j\u00e4rngrepp sedan 2007 och inneb\u00e4r stora problem f\u00f6r den enskilda individen i landet. Kan vi Spaniensvenskar p\u00e5 n\u00e5got vis hj\u00e4lpa till? Av Ola Josefsson Att vilja hj\u00e4lpa till borde vara en sj\u00e4lvklarhet f\u00f6r var [&hellip;]","og_url":"https:\/\/lightweb.dev\/l\/svm-temp\/artiklar\/gigantiskt-behov-av-hjalp-sa-kan-vi-hjalpa-till-i-krisens-spanien\/","og_site_name":"Svenska Magasinet","article_publisher":"https:\/\/www.facebook.com\/svenskamagasinet","article_published_time":"2012-12-10T23:00:00+00:00","og_image":[{"width":299,"height":200,"url":"https:\/\/lightweb.dev\/l\/svm-temp\/wp-content\/uploads\/2022\/04\/gigantiskt-behov-av-hjlp-s-kan-vi-hjlpa-till-i-krisens-spanien.png","type":"image\/png"}],"author":"Redaktionen SvM","twitter_card":"summary_large_image","twitter_creator":"@SvenskaMagasine","twitter_site":"@SvenskaMagasine","schema":{"@context":"https:\/\/schema.org","@graph":[{"@type":"Article","@id":"https:\/\/lightweb.dev\/l\/svm-temp\/artiklar\/gigantiskt-behov-av-hjalp-sa-kan-vi-hjalpa-till-i-krisens-spanien\/#article","isPartOf":{"@id":"https:\/\/lightweb.dev\/l\/svm-temp\/artiklar\/gigantiskt-behov-av-hjalp-sa-kan-vi-hjalpa-till-i-krisens-spanien\/"},"author":{"name":"Redaktionen SvM","@id":"https:\/\/lightweb.dev\/l\/svm-temp\/#\/schema\/person\/206a3bda5b607b0c25e1749191e4d837"},"headline":"Gigantiskt behov av hj\u00e4lp &#8211; S\u00e5 kan vi hj\u00e4lpa till i krisens Spanien","datePublished":"2012-12-10T23:00:00+00:00","mainEntityOfPage":{"@id":"https:\/\/lightweb.dev\/l\/svm-temp\/artiklar\/gigantiskt-behov-av-hjalp-sa-kan-vi-hjalpa-till-i-krisens-spanien\/"},"wordCount":1200,"commentCount":0,"publisher":{"@id":"https:\/\/lightweb.dev\/l\/svm-temp\/#organization"},"image":{"@id":"https:\/\/lightweb.dev\/l\/svm-temp\/artiklar\/gigantiskt-behov-av-hjalp-sa-kan-vi-hjalpa-till-i-krisens-spanien\/#primaryimage"},"thumbnailUrl":"https:\/\/lightweb.dev\/l\/svm-temp\/wp-content\/uploads\/2022\/04\/gigantiskt-behov-av-hjlp-s-kan-vi-hjlpa-till-i-krisens-spanien.png","articleSection":["Arkiv","Artiklar"],"inLanguage":"sv-SE"},{"@type":"WebPage","@id":"https:\/\/lightweb.dev\/l\/svm-temp\/artiklar\/gigantiskt-behov-av-hjalp-sa-kan-vi-hjalpa-till-i-krisens-spanien\/","url":"https:\/\/lightweb.dev\/l\/svm-temp\/artiklar\/gigantiskt-behov-av-hjalp-sa-kan-vi-hjalpa-till-i-krisens-spanien\/","name":"Gigantiskt behov av hj\u00e4lp - S\u00e5 kan vi hj\u00e4lpa till i krisens Spanien - Svenska Magasinet","isPartOf":{"@id":"https:\/\/lightweb.dev\/l\/svm-temp\/#website"},"primaryImageOfPage":{"@id":"https:\/\/lightweb.dev\/l\/svm-temp\/artiklar\/gigantiskt-behov-av-hjalp-sa-kan-vi-hjalpa-till-i-krisens-spanien\/#primaryimage"},"image":{"@id":"https:\/\/lightweb.dev\/l\/svm-temp\/artiklar\/gigantiskt-behov-av-hjalp-sa-kan-vi-hjalpa-till-i-krisens-spanien\/#primaryimage"},"thumbnailUrl":"https:\/\/lightweb.dev\/l\/svm-temp\/wp-content\/uploads\/2022\/04\/gigantiskt-behov-av-hjlp-s-kan-vi-hjlpa-till-i-krisens-spanien.png","datePublished":"2012-12-10T23:00:00+00:00","breadcrumb":{"@id":"https:\/\/lightweb.dev\/l\/svm-temp\/artiklar\/gigantiskt-behov-av-hjalp-sa-kan-vi-hjalpa-till-i-krisens-spanien\/#breadcrumb"},"inLanguage":"sv-SE","potentialAction":[{"@type":"ReadAction","target":["https:\/\/lightweb.dev\/l\/svm-temp\/artiklar\/gigantiskt-behov-av-hjalp-sa-kan-vi-hjalpa-till-i-krisens-spanien\/"]}]},{"@type":"ImageObject","inLanguage":"sv-SE","@id":"https:\/\/lightweb.dev\/l\/svm-temp\/artiklar\/gigantiskt-behov-av-hjalp-sa-kan-vi-hjalpa-till-i-krisens-spanien\/#primaryimage","url":"https:\/\/lightweb.dev\/l\/svm-temp\/wp-content\/uploads\/2022\/04\/gigantiskt-behov-av-hjlp-s-kan-vi-hjlpa-till-i-krisens-spanien.png","contentUrl":"https:\/\/lightweb.dev\/l\/svm-temp\/wp-content\/uploads\/2022\/04\/gigantiskt-behov-av-hjlp-s-kan-vi-hjlpa-till-i-krisens-spanien.png","width":299,"height":200},{"@type":"BreadcrumbList","@id":"https:\/\/lightweb.dev\/l\/svm-temp\/artiklar\/gigantiskt-behov-av-hjalp-sa-kan-vi-hjalpa-till-i-krisens-spanien\/#breadcrumb","itemListElement":[{"@type":"ListItem","position":1,"name":"Hem","item":"https:\/\/lightweb.dev\/l\/svm-temp\/"},{"@type":"ListItem","position":2,"name":"Gigantiskt behov av hj\u00e4lp &#8211; S\u00e5 kan vi hj\u00e4lpa till i krisens Spanien"}]},{"@type":"WebSite","@id":"https:\/\/lightweb.dev\/l\/svm-temp\/#website","url":"https:\/\/lightweb.dev\/l\/svm-temp\/","name":"Svenska Magasinet","description":"Dina Spanska nyheter p&aring; Svenska","publisher":{"@id":"https:\/\/lightweb.dev\/l\/svm-temp\/#organization"},"potentialAction":[{"@type":"SearchAction","target":{"@type":"EntryPoint","urlTemplate":"https:\/\/lightweb.dev\/l\/svm-temp\/?s={search_term_string}"},"query-input":{"@type":"PropertyValueSpecification","valueRequired":true,"valueName":"search_term_string"}}],"inLanguage":"sv-SE"},{"@type":"Organization","@id":"https:\/\/lightweb.dev\/l\/svm-temp\/#organization","name":"Melkerson y Nott SL","alternateName":"Svenska Magasinet","url":"https:\/\/lightweb.dev\/l\/svm-temp\/","logo":{"@type":"ImageObject","inLanguage":"sv-SE","@id":"https:\/\/lightweb.dev\/l\/svm-temp\/#\/schema\/logo\/image\/","url":"https:\/\/lightweb.dev\/l\/svm-temp\/wp-content\/uploads\/2025\/02\/SvM-logo-Xtra-Centrerad-SVART.png","contentUrl":"https:\/\/lightweb.dev\/l\/svm-temp\/wp-content\/uploads\/2025\/02\/SvM-logo-Xtra-Centrerad-SVART.png","width":300,"height":99,"caption":"Melkerson y Nott SL"},"image":{"@id":"https:\/\/lightweb.dev\/l\/svm-temp\/#\/schema\/logo\/image\/"},"sameAs":["https:\/\/www.facebook.com\/svenskamagasinet","https:\/\/x.com\/SvenskaMagasine"]},{"@type":"Person","@id":"https:\/\/lightweb.dev\/l\/svm-temp\/#\/schema\/person\/206a3bda5b607b0c25e1749191e4d837","name":"Redaktionen SvM","description":"Redaktionen","sameAs":["https:\/\/lightweb.dev\/l\/svm-temp"],"url":"https:\/\/lightweb.dev\/l\/svm-temp\/reporter\/redaktionen\/"}]}},"_links":{"self":[{"href":"https:\/\/lightweb.dev\/l\/svm-temp\/wp-json\/wp\/v2\/posts\/3503","targetHints":{"allow":["GET"]}}],"collection":[{"href":"https:\/\/lightweb.dev\/l\/svm-temp\/wp-json\/wp\/v2\/posts"}],"about":[{"href":"https:\/\/lightweb.dev\/l\/svm-temp\/wp-json\/wp\/v2\/types\/post"}],"author":[{"embeddable":true,"href":"https:\/\/lightweb.dev\/l\/svm-temp\/wp-json\/wp\/v2\/users\/8"}],"replies":[{"embeddable":true,"href":"https:\/\/lightweb.dev\/l\/svm-temp\/wp-json\/wp\/v2\/comments?post=3503"}],"version-history":[{"count":0,"href":"https:\/\/lightweb.dev\/l\/svm-temp\/wp-json\/wp\/v2\/posts\/3503\/revisions"}],"wp:featuredmedia":[{"embeddable":true,"href":"https:\/\/lightweb.dev\/l\/svm-temp\/wp-json\/wp\/v2\/media\/3504"}],"wp:attachment":[{"href":"https:\/\/lightweb.dev\/l\/svm-temp\/wp-json\/wp\/v2\/media?parent=3503"}],"wp:term":[{"taxonomy":"category","embeddable":true,"href":"https:\/\/lightweb.dev\/l\/svm-temp\/wp-json\/wp\/v2\/categories?post=3503"},{"taxonomy":"post_tag","embeddable":true,"href":"https:\/\/lightweb.dev\/l\/svm-temp\/wp-json\/wp\/v2\/tags?post=3503"}],"curies":[{"name":"wp","href":"https:\/\/api.w.org\/{rel}","templated":true}]}}