{"id":3509,"date":"2012-12-11T00:00:00","date_gmt":"2012-12-10T23:00:00","guid":{"rendered":"https:\/\/lightweb.dev\/l\/svm-temp\/en-vanlig-ovanlig-helg-i-andalusien\/"},"modified":"2012-12-11T00:00:00","modified_gmt":"2012-12-10T23:00:00","slug":"en-vanlig-ovanlig-helg-i-andalusien","status":"publish","type":"post","link":"https:\/\/lightweb.dev\/l\/svm-temp\/artiklar\/en-vanlig-ovanlig-helg-i-andalusien\/","title":{"rendered":"En vanlig ovanlig helg i Andalusien"},"content":{"rendered":"<p> Det hela b\u00f6rjade med att jag fick ett tips om en trevlig restaurang i Ot\u00edvar och sedan planerade vi boende och vandring efter restaurangens geografiska l\u00e4ge. Restaurangen heter El Capricho och ligger ca 20 minuters bilresa norr om Almun\u00e9car. Jag googlade och fick veta att byn ligger 1,58 minuters bilresa fr\u00e5n Marbella centrum. Av Camilla Grahn<br \/>\nVi brukar planera v\u00e5ra utflykter v\u00e4ldigt noga, kanske flera m\u00e5nader i f\u00f6rv\u00e4g. S\u00e5 hade vi gjort \u00e4ven denna g\u00e5ng. Det finns inte m\u00e5nga hotell eller annan inkvartering i byn Ot\u00edvar men till slut hittade vi ett hus med pool, tr\u00e4dg\u00e5rd och 6 sovrum. Standarden var kanske inte p\u00e5 topp men det fick duga.<br \/>\nVi var ett s\u00e4llskap p\u00e5 \u00e5tta personer som \u00e5kte i tv\u00e5 bilar och det var inte sv\u00e5rt att hitta den lilla byn \u2013 vi hade ju GPS gudbevars. Och dit pilen pekade dit \u00e5kte vi. Byns gator blev smalare och smalare och till slut stod vi inf\u00f6r en gr\u00e4nd som s\u00e5g ut att vara i smalaste laget. Men pilen pekade rakt ner i gr\u00e4nden och framf\u00f6r oss s\u00e5g vi baken p\u00e5 en sk\u00e5pbil f\u00f6rsvinna ner. Kan den s\u00e5 kan v\u00e4l vi t\u00e4nkte vi och k\u00f6rde efter.<br \/>\nGanska snart var det s\u00e5 tr\u00e5ngt att vi fick f\u00e4lla in backspeglarna och tro det eller ej men det blev \u00e4nnu tr\u00e4ngre. Och vart fanken tog sk\u00e5pbilen v\u00e4gen? Att v\u00e4nda var det inte tal om s\u00e5 vi fick sakta, sakta kn\u00f6 oss fram. Och se d\u00e4r, pl\u00f6tsligt \u00f6ppnar sig ett torg framf\u00f6r oss och det k\u00e4ndes som man kunda andas igen.<\/p>\n<p>Men var var vi?<br \/>\nVi kontaktade v\u00e5r uthyrare och det visade sig att vi inte var s\u00e5 l\u00e5ngt fr\u00e5n huset vi hyrt. Det visade sig att detta verkligen var den enda v\u00e4gen fram till huset men nu gick det inte att komma n\u00e4rmare med bil. S\u00e5 det var bara att lasta ur bilarna och b\u00e4ra packningen resten av v\u00e4gen. (Hur g\u00f6r byborna d\u00e5 de storhandlat eller bygger om badrummet?). Till v\u00e5r djupa \u00e5ngest s\u00e5 fick vi ocks\u00e5 veta att den v\u00e4g vi kommit var den enda v\u00e4g tillbaka.<br \/>\nDet m\u00e4rkliga i en s\u00e5n h\u00e4r liten by \u00e4r att man ser knappt n\u00e5got folk. Alla jalusier \u00e4r neddragna och inte ett livstecken syns och inget h\u00f6rs. Men jo, n\u00e4r man tittar n\u00e4rmare efter s\u00e5 ser man att det gluttas bakom gardin och jalusi och vi k\u00e4nner m\u00e5nga \u00f6gon i nacken som f\u00f6ljer oss d\u00e5 vi k\u00e5nkar fram med v\u00e5r packning i de tr\u00e5nga gr\u00e4nderna.<br \/>\nV\u00e4l framme i huset beundrar vi den magnifika utsikten och konstaterar \u2013 det \u00e4r gudomligt vackert.<br \/>\nVi installerade oss p\u00e5 v\u00e5ra rum, plockar fram mat och sl\u00e5r oss ner i den lummiga tr\u00e4dg\u00e5rden. Vi njuter av maten, s\u00e4llskapet och den vackra solnedg\u00e5ngen. Tystnaden \u00e4r n\u00e4stan d\u00e5nande och snart \u00e4r det dags att g\u00e5 till s\u00e4ngs f\u00f6r att vara pigga inf\u00f6r morgondagens vandring.<br \/>\nEfter en h\u00e4rlig frukost b\u00f6rjar f\u00f6rberedelserna f\u00f6r vandringen \u2013 packa ryggs\u00e4ckarna med mat och vatten, p\u00e5 med l\u00e4mpliga kl\u00e4der och vandringsk\u00e4ngor. Men det \u00e4r nu det visar sig att vi gl\u00f6mt alla utskrifter om vandringsrutten hemma. Inte ett papper, inte en karta, inte n\u00e5got som visar hur och vart vi ska g\u00e5. Och vi som alltid planerar s\u00e5 noga! Men det \u00e4r faktiskt fr\u00e5n Ot\u00edvars Ayuntamiento vi f\u00e5tt rutten s\u00e5 det \u00e4r v\u00e4l bara att ge sig iv\u00e4g dit och skriva ut nya papper. L\u00e4ttar sagt \u00e4n gjort \u2013 det \u00e4r ju l\u00f6rdag, allt \u00e4r l\u00e5st och tillbommat och inte en m\u00e4nniska p\u00e5 stan, s\u00e5 vad g\u00f6r vi? F\u00f6rvirringen var total.<br \/>\nEfter att ha irrat runt lite planl\u00f6st en stund i byn finner vi faktiskt en vandringskarta p\u00e5 en stor skylt vid utkanten av byn. R\u00e5diga som vi \u00e4r fotar vi kartan med v\u00e5ra mobiltelefoner och s\u00e5 b\u00e4r det iv\u00e4g.<br \/>\nDet \u00e4r kanske inte helt l\u00e4tt att tyda en vandringskarta via en mobil men vi \u00e4r ju faktiskt 8 kloka personer som alla har en sj\u00e4lvklar tolkning om hur vi ska g\u00e5, var vi ska ta av och vart vi ska g\u00e5 sen. Och p\u00e5 n\u00e5got underbart s\u00e4tt \u00e4r vi alla i alla fall \u00f6verens om vart vi inte ska g\u00e5.<br \/>\nF\u00f6rsta partiet g\u00e5r uppf\u00f6r, upp\u00e5t och uppf\u00f6r. Kinderna hettar och ansiktet blossar. Mera uppf\u00f6r och s\u00e5 lite upp\u00e5t igen. Vi stannar m\u00e5nga g\u00e5nger h\u00e4nf\u00f6rda av det vackra landskapet och den enast\u00e5ende utsikten men det \u00e4r en bra anledning till en stunds vila och paus.<br \/>\nMen g\u00e5r det upp s\u00e5 m\u00e5ste det ocks\u00e5 till slut g\u00e5 nedf\u00f6r. Snart har vi dock ett nytt beslut att fatta \u2013 var ska vi \u00e4ta v\u00e5r mats\u00e4ck? Det \u00e4r ofta s\u00e5 att den plats man vill sl\u00e5 sig ner vid ska vara bekv\u00e4m, vacker, unik och helst ha en magisk utsikt. Och naturligtvis hittade vi en s\u00e5dan plats som vi alla kunde enas om \u2013 p\u00e5 kanten ovanf\u00f6r en mangoodling.<br \/>\nD\u00e4r vi sitter och dinglar med benen funderar vi p\u00e5 det d\u00e4r med mango \u2013 visst \u00e4r mango gott och titta s\u00e5 vackra frukterna \u00e4r d\u00e4r de h\u00e4nger p\u00e5 sina tr\u00e4d. F\u00e5r man palla mango, tro? Och precis som om han h\u00f6rt oss dyker en man upp i sin sk\u00e5pbil och tittar intensivt och ih\u00e4rdigt p\u00e5 oss. Vi reser oss, borstar av oss och g\u00e5r fram till mannen. Det visar sig verkligen vara \u00e4garen till mangoodligen och vi fr\u00e5gar om vi f\u00e5r k\u00f6pa lite mango av honom och han svarar \u2013\u201dvisst, f\u00f6lj med mig\u201d.<br \/>\nMannen tar oss ner till en plats d\u00e4r han samlat solmogna mangos i backar. Han visar hur man sk\u00e4r upp en mango och b\u00f6rjar dela runt av den s\u00f6ta, saftiga mangofrukten. Oj, himmelskt. Aldrig har vi smakat s\u00e5 god mango. Han erbjuder oss att plocka p\u00e5 oss s\u00e5 mycket vi vill och vi fyller v\u00e5ra ryggs\u00e4kar med mango. D\u00e5 vi vill betala ryggar han undan och s\u00e4ger best\u00e4mt ifr\u00e5n, att han inte vill ha n\u00e5got betalt. Och vi ser hur stolt han \u00e4r \u00f6ver att f\u00e5 dela med sig av sin kunskap och sina frukter.<br \/>\nN\u00f6jda med denna unika upplevelse konstaterar vi att detta hade vi nog aldrig f\u00e5tt vara med om ifall vi inte hade gl\u00f6mt kvar v\u00e5ra papper om den vandring vi fr\u00e5n b\u00f6rjan hade planerat att g\u00f6ra.<br \/>\nTillbaka i byn Otivar f\u00e5r vi syn p\u00e5 en gubbe, en \u00e5sna och p\u00e5 \u00e5snans rygg st\u00e5r det en hund och balanserar. Vem kan l\u00e5ta bli att charmas av denna syn \u2013 inte minst Marie-Louise i v\u00e5rat g\u00e4ng, som med lysande ansikte n\u00e4rmar sig ekipaget. \u00c5snan\/hundens \u00e4gare \u00e4r inte sen att utnyttja situationen och stj\u00e4l raskt en kyss av s\u00f6ta Marie-Louise. Och vi andra skrattar gott. V\u00e4l inne i byn sl\u00e5r vi oss ner p\u00e5 en bar och best\u00e4ller in \u00f6l. S\u00e4llan smakar v\u00e4l en \u00f6l s\u00e5 gott.<br \/>\nKv\u00e4llen avslutas med ett bes\u00f6k p\u00e5 den \u201dber\u00f6mda\u201d restaurangen El Capricho. Vi \u00e4ter det man rekommenderat oss och som man \u00e4r tvungen att best\u00e4lla n\u00e5gra dagar i f\u00f6rv\u00e4g \u2013 Pollo Manzana och Cordero Asado. Vi var de enda g\u00e4sterna, s\u00e5 ber\u00f6md var den restaurangen. Men det var i alla fall gott och vi hade ju varandra.<br \/>\nAtt g\u00f6ra sm\u00e5 weekend-resor till v\u00e5ra vackra spanska bergsbyar f\u00f6rh\u00f6jer verkligen det faktum att vi bor i ett mycket vackert och omv\u00e4xlande land. <\/p>\n","protected":false},"excerpt":{"rendered":"<p>Det hela b\u00f6rjade med att jag fick ett tips om en trevlig restaurang i Ot\u00edvar och sedan planerade vi boende och vandring efter restaurangens geografiska l\u00e4ge. Restaurangen heter El Capricho och ligger ca 20 minuters bilresa norr om Almun\u00e9car. Jag googlade och fick veta att byn ligger 1,58 minuters bilresa fr\u00e5n Marbella centrum. Av Camilla [&hellip;]<\/p>\n","protected":false},"author":8,"featured_media":3510,"comment_status":"open","ping_status":"open","sticky":false,"template":"","format":"standard","meta":{"_et_pb_use_builder":"","_et_pb_old_content":"","_et_gb_content_width":"","footnotes":""},"categories":[396,4],"tags":[],"class_list":["post-3509","post","type-post","status-publish","format-standard","has-post-thumbnail","hentry","category-arkiv-artiklar","category-artiklar"],"yoast_head":"<!-- This site is optimized with the Yoast SEO Premium plugin v26.2 (Yoast SEO v27.5) - https:\/\/yoast.com\/product\/yoast-seo-premium-wordpress\/ -->\n<title>En vanlig ovanlig helg i Andalusien - Svenska Magasinet<\/title>\n<meta name=\"robots\" content=\"noindex, follow, max-snippet:-1, max-image-preview:large, max-video-preview:-1\" \/>\n<meta property=\"og:locale\" content=\"sv_SE\" \/>\n<meta property=\"og:type\" content=\"article\" \/>\n<meta property=\"og:title\" content=\"En vanlig ovanlig helg i Andalusien\" \/>\n<meta property=\"og:description\" content=\"Det hela b\u00f6rjade med att jag fick ett tips om en trevlig restaurang i Ot\u00edvar och sedan planerade vi boende och vandring efter restaurangens geografiska l\u00e4ge. Restaurangen heter El Capricho och ligger ca 20 minuters bilresa norr om Almun\u00e9car. Jag googlade och fick veta att byn ligger 1,58 minuters bilresa fr\u00e5n Marbella centrum. Av Camilla [&hellip;]\" \/>\n<meta property=\"og:url\" content=\"https:\/\/lightweb.dev\/l\/svm-temp\/artiklar\/en-vanlig-ovanlig-helg-i-andalusien\/\" \/>\n<meta property=\"og:site_name\" content=\"Svenska Magasinet\" \/>\n<meta property=\"article:publisher\" content=\"https:\/\/www.facebook.com\/svenskamagasinet\" \/>\n<meta property=\"article:published_time\" content=\"2012-12-10T23:00:00+00:00\" \/>\n<meta property=\"og:image\" content=\"https:\/\/lightweb.dev\/l\/svm-temp\/wp-content\/uploads\/2022\/04\/en-vanlig-ovanlig-helg-i-andalusien.png\" \/>\n\t<meta property=\"og:image:width\" content=\"583\" \/>\n\t<meta property=\"og:image:height\" content=\"200\" \/>\n\t<meta property=\"og:image:type\" content=\"image\/png\" \/>\n<meta name=\"author\" content=\"Redaktionen SvM\" \/>\n<meta name=\"twitter:card\" content=\"summary_large_image\" \/>\n<meta name=\"twitter:creator\" content=\"@SvenskaMagasine\" \/>\n<meta name=\"twitter:site\" content=\"@SvenskaMagasine\" \/>\n<script type=\"application\/ld+json\" class=\"yoast-schema-graph\">{\"@context\":\"https:\\\/\\\/schema.org\",\"@graph\":[{\"@type\":\"Article\",\"@id\":\"https:\\\/\\\/lightweb.dev\\\/l\\\/svm-temp\\\/artiklar\\\/en-vanlig-ovanlig-helg-i-andalusien\\\/#article\",\"isPartOf\":{\"@id\":\"https:\\\/\\\/lightweb.dev\\\/l\\\/svm-temp\\\/artiklar\\\/en-vanlig-ovanlig-helg-i-andalusien\\\/\"},\"author\":{\"name\":\"Redaktionen SvM\",\"@id\":\"https:\\\/\\\/lightweb.dev\\\/l\\\/svm-temp\\\/#\\\/schema\\\/person\\\/206a3bda5b607b0c25e1749191e4d837\"},\"headline\":\"En vanlig ovanlig helg i Andalusien\",\"datePublished\":\"2012-12-10T23:00:00+00:00\",\"mainEntityOfPage\":{\"@id\":\"https:\\\/\\\/lightweb.dev\\\/l\\\/svm-temp\\\/artiklar\\\/en-vanlig-ovanlig-helg-i-andalusien\\\/\"},\"wordCount\":1365,\"commentCount\":0,\"publisher\":{\"@id\":\"https:\\\/\\\/lightweb.dev\\\/l\\\/svm-temp\\\/#organization\"},\"image\":{\"@id\":\"https:\\\/\\\/lightweb.dev\\\/l\\\/svm-temp\\\/artiklar\\\/en-vanlig-ovanlig-helg-i-andalusien\\\/#primaryimage\"},\"thumbnailUrl\":\"https:\\\/\\\/lightweb.dev\\\/l\\\/svm-temp\\\/wp-content\\\/uploads\\\/2022\\\/04\\\/en-vanlig-ovanlig-helg-i-andalusien.png\",\"articleSection\":[\"Arkiv\",\"Artiklar\"],\"inLanguage\":\"sv-SE\"},{\"@type\":\"WebPage\",\"@id\":\"https:\\\/\\\/lightweb.dev\\\/l\\\/svm-temp\\\/artiklar\\\/en-vanlig-ovanlig-helg-i-andalusien\\\/\",\"url\":\"https:\\\/\\\/lightweb.dev\\\/l\\\/svm-temp\\\/artiklar\\\/en-vanlig-ovanlig-helg-i-andalusien\\\/\",\"name\":\"En vanlig ovanlig helg i Andalusien - Svenska Magasinet\",\"isPartOf\":{\"@id\":\"https:\\\/\\\/lightweb.dev\\\/l\\\/svm-temp\\\/#website\"},\"primaryImageOfPage\":{\"@id\":\"https:\\\/\\\/lightweb.dev\\\/l\\\/svm-temp\\\/artiklar\\\/en-vanlig-ovanlig-helg-i-andalusien\\\/#primaryimage\"},\"image\":{\"@id\":\"https:\\\/\\\/lightweb.dev\\\/l\\\/svm-temp\\\/artiklar\\\/en-vanlig-ovanlig-helg-i-andalusien\\\/#primaryimage\"},\"thumbnailUrl\":\"https:\\\/\\\/lightweb.dev\\\/l\\\/svm-temp\\\/wp-content\\\/uploads\\\/2022\\\/04\\\/en-vanlig-ovanlig-helg-i-andalusien.png\",\"datePublished\":\"2012-12-10T23:00:00+00:00\",\"breadcrumb\":{\"@id\":\"https:\\\/\\\/lightweb.dev\\\/l\\\/svm-temp\\\/artiklar\\\/en-vanlig-ovanlig-helg-i-andalusien\\\/#breadcrumb\"},\"inLanguage\":\"sv-SE\",\"potentialAction\":[{\"@type\":\"ReadAction\",\"target\":[\"https:\\\/\\\/lightweb.dev\\\/l\\\/svm-temp\\\/artiklar\\\/en-vanlig-ovanlig-helg-i-andalusien\\\/\"]}]},{\"@type\":\"ImageObject\",\"inLanguage\":\"sv-SE\",\"@id\":\"https:\\\/\\\/lightweb.dev\\\/l\\\/svm-temp\\\/artiklar\\\/en-vanlig-ovanlig-helg-i-andalusien\\\/#primaryimage\",\"url\":\"https:\\\/\\\/lightweb.dev\\\/l\\\/svm-temp\\\/wp-content\\\/uploads\\\/2022\\\/04\\\/en-vanlig-ovanlig-helg-i-andalusien.png\",\"contentUrl\":\"https:\\\/\\\/lightweb.dev\\\/l\\\/svm-temp\\\/wp-content\\\/uploads\\\/2022\\\/04\\\/en-vanlig-ovanlig-helg-i-andalusien.png\",\"width\":583,\"height\":200},{\"@type\":\"BreadcrumbList\",\"@id\":\"https:\\\/\\\/lightweb.dev\\\/l\\\/svm-temp\\\/artiklar\\\/en-vanlig-ovanlig-helg-i-andalusien\\\/#breadcrumb\",\"itemListElement\":[{\"@type\":\"ListItem\",\"position\":1,\"name\":\"Hem\",\"item\":\"https:\\\/\\\/lightweb.dev\\\/l\\\/svm-temp\\\/\"},{\"@type\":\"ListItem\",\"position\":2,\"name\":\"En vanlig ovanlig helg i Andalusien\"}]},{\"@type\":\"WebSite\",\"@id\":\"https:\\\/\\\/lightweb.dev\\\/l\\\/svm-temp\\\/#website\",\"url\":\"https:\\\/\\\/lightweb.dev\\\/l\\\/svm-temp\\\/\",\"name\":\"Svenska Magasinet\",\"description\":\"Dina Spanska nyheter p&aring; Svenska\",\"publisher\":{\"@id\":\"https:\\\/\\\/lightweb.dev\\\/l\\\/svm-temp\\\/#organization\"},\"potentialAction\":[{\"@type\":\"SearchAction\",\"target\":{\"@type\":\"EntryPoint\",\"urlTemplate\":\"https:\\\/\\\/lightweb.dev\\\/l\\\/svm-temp\\\/?s={search_term_string}\"},\"query-input\":{\"@type\":\"PropertyValueSpecification\",\"valueRequired\":true,\"valueName\":\"search_term_string\"}}],\"inLanguage\":\"sv-SE\"},{\"@type\":\"Organization\",\"@id\":\"https:\\\/\\\/lightweb.dev\\\/l\\\/svm-temp\\\/#organization\",\"name\":\"Melkerson y Nott SL\",\"alternateName\":\"Svenska Magasinet\",\"url\":\"https:\\\/\\\/lightweb.dev\\\/l\\\/svm-temp\\\/\",\"logo\":{\"@type\":\"ImageObject\",\"inLanguage\":\"sv-SE\",\"@id\":\"https:\\\/\\\/lightweb.dev\\\/l\\\/svm-temp\\\/#\\\/schema\\\/logo\\\/image\\\/\",\"url\":\"https:\\\/\\\/lightweb.dev\\\/l\\\/svm-temp\\\/wp-content\\\/uploads\\\/2025\\\/02\\\/SvM-logo-Xtra-Centrerad-SVART.png\",\"contentUrl\":\"https:\\\/\\\/lightweb.dev\\\/l\\\/svm-temp\\\/wp-content\\\/uploads\\\/2025\\\/02\\\/SvM-logo-Xtra-Centrerad-SVART.png\",\"width\":300,\"height\":99,\"caption\":\"Melkerson y Nott SL\"},\"image\":{\"@id\":\"https:\\\/\\\/lightweb.dev\\\/l\\\/svm-temp\\\/#\\\/schema\\\/logo\\\/image\\\/\"},\"sameAs\":[\"https:\\\/\\\/www.facebook.com\\\/svenskamagasinet\",\"https:\\\/\\\/x.com\\\/SvenskaMagasine\"]},{\"@type\":\"Person\",\"@id\":\"https:\\\/\\\/lightweb.dev\\\/l\\\/svm-temp\\\/#\\\/schema\\\/person\\\/206a3bda5b607b0c25e1749191e4d837\",\"name\":\"Redaktionen SvM\",\"description\":\"Redaktionen\",\"sameAs\":[\"https:\\\/\\\/lightweb.dev\\\/l\\\/svm-temp\"],\"url\":\"https:\\\/\\\/lightweb.dev\\\/l\\\/svm-temp\\\/reporter\\\/redaktionen\\\/\"}]}<\/script>\n<!-- \/ Yoast SEO Premium plugin. -->","yoast_head_json":{"title":"En vanlig ovanlig helg i Andalusien - Svenska Magasinet","robots":{"index":"noindex","follow":"follow","max-snippet":"max-snippet:-1","max-image-preview":"max-image-preview:large","max-video-preview":"max-video-preview:-1"},"og_locale":"sv_SE","og_type":"article","og_title":"En vanlig ovanlig helg i Andalusien","og_description":"Det hela b\u00f6rjade med att jag fick ett tips om en trevlig restaurang i Ot\u00edvar och sedan planerade vi boende och vandring efter restaurangens geografiska l\u00e4ge. Restaurangen heter El Capricho och ligger ca 20 minuters bilresa norr om Almun\u00e9car. Jag googlade och fick veta att byn ligger 1,58 minuters bilresa fr\u00e5n Marbella centrum. Av Camilla [&hellip;]","og_url":"https:\/\/lightweb.dev\/l\/svm-temp\/artiklar\/en-vanlig-ovanlig-helg-i-andalusien\/","og_site_name":"Svenska Magasinet","article_publisher":"https:\/\/www.facebook.com\/svenskamagasinet","article_published_time":"2012-12-10T23:00:00+00:00","og_image":[{"width":583,"height":200,"url":"https:\/\/lightweb.dev\/l\/svm-temp\/wp-content\/uploads\/2022\/04\/en-vanlig-ovanlig-helg-i-andalusien.png","type":"image\/png"}],"author":"Redaktionen SvM","twitter_card":"summary_large_image","twitter_creator":"@SvenskaMagasine","twitter_site":"@SvenskaMagasine","schema":{"@context":"https:\/\/schema.org","@graph":[{"@type":"Article","@id":"https:\/\/lightweb.dev\/l\/svm-temp\/artiklar\/en-vanlig-ovanlig-helg-i-andalusien\/#article","isPartOf":{"@id":"https:\/\/lightweb.dev\/l\/svm-temp\/artiklar\/en-vanlig-ovanlig-helg-i-andalusien\/"},"author":{"name":"Redaktionen SvM","@id":"https:\/\/lightweb.dev\/l\/svm-temp\/#\/schema\/person\/206a3bda5b607b0c25e1749191e4d837"},"headline":"En vanlig ovanlig helg i Andalusien","datePublished":"2012-12-10T23:00:00+00:00","mainEntityOfPage":{"@id":"https:\/\/lightweb.dev\/l\/svm-temp\/artiklar\/en-vanlig-ovanlig-helg-i-andalusien\/"},"wordCount":1365,"commentCount":0,"publisher":{"@id":"https:\/\/lightweb.dev\/l\/svm-temp\/#organization"},"image":{"@id":"https:\/\/lightweb.dev\/l\/svm-temp\/artiklar\/en-vanlig-ovanlig-helg-i-andalusien\/#primaryimage"},"thumbnailUrl":"https:\/\/lightweb.dev\/l\/svm-temp\/wp-content\/uploads\/2022\/04\/en-vanlig-ovanlig-helg-i-andalusien.png","articleSection":["Arkiv","Artiklar"],"inLanguage":"sv-SE"},{"@type":"WebPage","@id":"https:\/\/lightweb.dev\/l\/svm-temp\/artiklar\/en-vanlig-ovanlig-helg-i-andalusien\/","url":"https:\/\/lightweb.dev\/l\/svm-temp\/artiklar\/en-vanlig-ovanlig-helg-i-andalusien\/","name":"En vanlig ovanlig helg i Andalusien - Svenska Magasinet","isPartOf":{"@id":"https:\/\/lightweb.dev\/l\/svm-temp\/#website"},"primaryImageOfPage":{"@id":"https:\/\/lightweb.dev\/l\/svm-temp\/artiklar\/en-vanlig-ovanlig-helg-i-andalusien\/#primaryimage"},"image":{"@id":"https:\/\/lightweb.dev\/l\/svm-temp\/artiklar\/en-vanlig-ovanlig-helg-i-andalusien\/#primaryimage"},"thumbnailUrl":"https:\/\/lightweb.dev\/l\/svm-temp\/wp-content\/uploads\/2022\/04\/en-vanlig-ovanlig-helg-i-andalusien.png","datePublished":"2012-12-10T23:00:00+00:00","breadcrumb":{"@id":"https:\/\/lightweb.dev\/l\/svm-temp\/artiklar\/en-vanlig-ovanlig-helg-i-andalusien\/#breadcrumb"},"inLanguage":"sv-SE","potentialAction":[{"@type":"ReadAction","target":["https:\/\/lightweb.dev\/l\/svm-temp\/artiklar\/en-vanlig-ovanlig-helg-i-andalusien\/"]}]},{"@type":"ImageObject","inLanguage":"sv-SE","@id":"https:\/\/lightweb.dev\/l\/svm-temp\/artiklar\/en-vanlig-ovanlig-helg-i-andalusien\/#primaryimage","url":"https:\/\/lightweb.dev\/l\/svm-temp\/wp-content\/uploads\/2022\/04\/en-vanlig-ovanlig-helg-i-andalusien.png","contentUrl":"https:\/\/lightweb.dev\/l\/svm-temp\/wp-content\/uploads\/2022\/04\/en-vanlig-ovanlig-helg-i-andalusien.png","width":583,"height":200},{"@type":"BreadcrumbList","@id":"https:\/\/lightweb.dev\/l\/svm-temp\/artiklar\/en-vanlig-ovanlig-helg-i-andalusien\/#breadcrumb","itemListElement":[{"@type":"ListItem","position":1,"name":"Hem","item":"https:\/\/lightweb.dev\/l\/svm-temp\/"},{"@type":"ListItem","position":2,"name":"En vanlig ovanlig helg i Andalusien"}]},{"@type":"WebSite","@id":"https:\/\/lightweb.dev\/l\/svm-temp\/#website","url":"https:\/\/lightweb.dev\/l\/svm-temp\/","name":"Svenska Magasinet","description":"Dina Spanska nyheter p&aring; Svenska","publisher":{"@id":"https:\/\/lightweb.dev\/l\/svm-temp\/#organization"},"potentialAction":[{"@type":"SearchAction","target":{"@type":"EntryPoint","urlTemplate":"https:\/\/lightweb.dev\/l\/svm-temp\/?s={search_term_string}"},"query-input":{"@type":"PropertyValueSpecification","valueRequired":true,"valueName":"search_term_string"}}],"inLanguage":"sv-SE"},{"@type":"Organization","@id":"https:\/\/lightweb.dev\/l\/svm-temp\/#organization","name":"Melkerson y Nott SL","alternateName":"Svenska Magasinet","url":"https:\/\/lightweb.dev\/l\/svm-temp\/","logo":{"@type":"ImageObject","inLanguage":"sv-SE","@id":"https:\/\/lightweb.dev\/l\/svm-temp\/#\/schema\/logo\/image\/","url":"https:\/\/lightweb.dev\/l\/svm-temp\/wp-content\/uploads\/2025\/02\/SvM-logo-Xtra-Centrerad-SVART.png","contentUrl":"https:\/\/lightweb.dev\/l\/svm-temp\/wp-content\/uploads\/2025\/02\/SvM-logo-Xtra-Centrerad-SVART.png","width":300,"height":99,"caption":"Melkerson y Nott SL"},"image":{"@id":"https:\/\/lightweb.dev\/l\/svm-temp\/#\/schema\/logo\/image\/"},"sameAs":["https:\/\/www.facebook.com\/svenskamagasinet","https:\/\/x.com\/SvenskaMagasine"]},{"@type":"Person","@id":"https:\/\/lightweb.dev\/l\/svm-temp\/#\/schema\/person\/206a3bda5b607b0c25e1749191e4d837","name":"Redaktionen SvM","description":"Redaktionen","sameAs":["https:\/\/lightweb.dev\/l\/svm-temp"],"url":"https:\/\/lightweb.dev\/l\/svm-temp\/reporter\/redaktionen\/"}]}},"_links":{"self":[{"href":"https:\/\/lightweb.dev\/l\/svm-temp\/wp-json\/wp\/v2\/posts\/3509","targetHints":{"allow":["GET"]}}],"collection":[{"href":"https:\/\/lightweb.dev\/l\/svm-temp\/wp-json\/wp\/v2\/posts"}],"about":[{"href":"https:\/\/lightweb.dev\/l\/svm-temp\/wp-json\/wp\/v2\/types\/post"}],"author":[{"embeddable":true,"href":"https:\/\/lightweb.dev\/l\/svm-temp\/wp-json\/wp\/v2\/users\/8"}],"replies":[{"embeddable":true,"href":"https:\/\/lightweb.dev\/l\/svm-temp\/wp-json\/wp\/v2\/comments?post=3509"}],"version-history":[{"count":0,"href":"https:\/\/lightweb.dev\/l\/svm-temp\/wp-json\/wp\/v2\/posts\/3509\/revisions"}],"wp:featuredmedia":[{"embeddable":true,"href":"https:\/\/lightweb.dev\/l\/svm-temp\/wp-json\/wp\/v2\/media\/3510"}],"wp:attachment":[{"href":"https:\/\/lightweb.dev\/l\/svm-temp\/wp-json\/wp\/v2\/media?parent=3509"}],"wp:term":[{"taxonomy":"category","embeddable":true,"href":"https:\/\/lightweb.dev\/l\/svm-temp\/wp-json\/wp\/v2\/categories?post=3509"},{"taxonomy":"post_tag","embeddable":true,"href":"https:\/\/lightweb.dev\/l\/svm-temp\/wp-json\/wp\/v2\/tags?post=3509"}],"curies":[{"name":"wp","href":"https:\/\/api.w.org\/{rel}","templated":true}]}}