{"id":3511,"date":"2012-12-11T00:00:00","date_gmt":"2012-12-10T23:00:00","guid":{"rendered":"https:\/\/lightweb.dev\/l\/svm-temp\/placido-domingo-i-malaga-det-blev-ett-minne-for-livet\/"},"modified":"2012-12-11T00:00:00","modified_gmt":"2012-12-10T23:00:00","slug":"placido-domingo-i-malaga-det-blev-ett-minne-for-livet","status":"publish","type":"post","link":"https:\/\/lightweb.dev\/l\/svm-temp\/artiklar\/placido-domingo-i-malaga-det-blev-ett-minne-for-livet\/","title":{"rendered":"Pl\u00e1cido Domingo i M\u00e1laga &#8211; Det blev ett minne f\u00f6r livet"},"content":{"rendered":"<p> Dirigenten och v\u00e4rldstenoren Pl\u00e1cido Domingo gjorde ett bejublat framtr\u00e4dande p\u00e5 Teatro Cervantes den 26 oktober d\u00e5 han framf\u00f6rde arior samt dirigerade M\u00e1lagas symfoniorkester Av Ola Josefsson Foto: Daniel P\u00e9rez \/ Teatro Cervantes<br \/>\nFestival Pl\u00e1cido Domingo arrangerades av IMG Artists som hade valt M\u00e1lagas vackra teater och Teatro Maestranza i Sevilla under n\u00e5gra kv\u00e4llar. Svenska Magasinet i samarbete med Elisabeth Stypulkowska arrangerade bussresor till festivalen i M\u00e1laga. Elisabeth som vanligtvis organiserar bussresor p\u00e5 l\u00f6rdagskv\u00e4llar till Teatro Cervantes d\u00e5 M\u00e1lagas symfoniorkester spelar.<br \/>\nMed Pl\u00e1cido Domingo p\u00e5 scen blev det en h\u00f6gtidsstund f\u00f6r oss musik\u00e4lskare. Vid 71 \u00e5rs \u00e5lder \u00e4r han \u00e4nnu en klart lysande stj\u00e4rna. Inte tvivel om annat. Madridsonen \u00e4r s\u00e5 vital och imponerande att ingen annan kan g\u00f6ra anspr\u00e5k p\u00e5 titeln som v\u00e4rldens fr\u00e4mste tenor. Vi imponerades ocks\u00e5 av det \u00f6vriga s\u00e4llskapet p\u00e5 scen som bestod av den italienska tenoren Vittorio Grigolo, den spanske gitarristen \u00c1ngel Romero och de f\u00e4rgstarka sopranerna Micha\u00ebla Oeste och Angel Blue i sina vackra kl\u00e4nningar.<br \/>\n B\u00e5de Mica\u00ebla Oeste och Angel Blue \u00e4r tv\u00e5 sopraner som vunnit den internationella utm\u00e4rkelsen \u201dOperalia\u201d, ett pris som \u00e4r instiftat av Pl\u00e1cido Domingo. De \u00e4r nu stora stj\u00e4rnor och deras upptr\u00e4dande var magnifikt.<\/p>\n<p>Orkesterdirekt\u00f6ren Eugene Kohn ackompanjerade m\u00e4staren och de \u00f6vriga genom att dirigera M\u00e1lagas symfoniorkester som spelade arior av Rossini, Donizetti, Puccini, Catalani och Gounod, Moreno Torroba och Chap\u00ed samt det mycket vackra storverket Concierto de Aranjuez av Joaqu\u00edn Rodrigo samt \u201dintermedio de Goyescas\u201d av Granados.<\/p>\n<p>Jublet ville inte ta slut n\u00e4r Pl\u00e1cido Domingo framtr\u00e4dde p\u00e5 Teatro Cervantes och framf\u00f6rde \u201dAmor, vida de mi vida\u201d, en zarzuela av Moreno Torroba Maravilla, samt \u201dEn mi tierra extreme\u00f1a\u201d.<\/p>\n<p>Pl\u00e1cido Domingo och Eugene Kohn delade p\u00e5 uppdraget att leda M\u00e1lagas symfoniorkester. Den spanske m\u00e4staren ledde \u201dintermedio de Goyescas\u201d av Granados, samt ouvertyren \u201dBarberaren i Sevilla\u201d som \u00e4r ett m\u00e4sterverk i sig. Domingo dirigerade orkestern \u00e4ven vid \u201dKermesse vals\u201d av Faust de Gounod.<br \/>\nEugene Kohn dirigerade n\u00e4r orkestern framf\u00f6rde \u201dUna voce poco fa\u201d fr\u00e5n Rossinis Barberaren i Sevilla samt andra m\u00e4sterverk av bland annat Donizetti, arior fr\u00e5n Romeo och Julia, Puccinis Tosca.<\/p>\n<p>Enligt programmet skulle upptr\u00e4dandet vara i tv\u00e5 timmar, i tv\u00e5 akter och d\u00e4remellan ett glas champagne. Publikens jubel och k\u00e4rlek ville inte ta slut. Det blev en timmes extranummer!<br \/>\nEn av h\u00f6jdpunkterna var den italienska tenoren Vittorio Grigolo ackompanjerad av Eugene Kohn p\u00e5 flygel framf\u00f6rde klassikern O Sole Mio (ett klipp fr\u00e5n M\u00e1laga ligger p\u00e5 youtube).<\/p>\n<p>I samband med upptr\u00e4dandet i M\u00e1laga hedrades Pl\u00e1cido Domingo genom att bli utn\u00e4mnd till Goodwill Ambassad\u00f6r \u00e5t Unesco. Unescos Susana Sam Vargas delade ut hedersutm\u00e4rkelsen till den spanske m\u00e4staren.<br \/>\nPl\u00e1cido Domingo har under \u00e5rens lopp f\u00e5tt m\u00e4ngder av utm\u00e4rkelser. Han \u00e4r en av de st\u00f6rsta och kunde ifjol fira 50 \u00e5r p\u00e5 scen r\u00e4knat fr\u00e5n sin f\u00f6rsta huvudroll. Under 90-talet kom Pl\u00e1cido Domingo att tillsammans med Luciano Pavarotti och Jos\u00e9 Carreras upptr\u00e4da som \u201dThe Three Tenors\u201d.<\/p>\n<p>Domingo har hittills gjort \u00f6ver 3.500 framtr\u00e4danden och sjungit \u00f6ver 138 olika roller, en bedrift som ingen annan tenor kan m\u00e4ta sig med. 2009 blev han den allra f\u00f6rsta att motta Birgit Nilsson Prize i Stockholm, den enda vinnare som uts\u00e5gs av Birgit Nilsson personligen innan hon gick bort.<br \/>\nPl\u00e1cido Domingo, som upptr\u00e4dde i Malm\u00f6 och Stockholm i b\u00f6rjan av december, slutade nyligen som chef f\u00f6r Washington National Opera efter 15 \u00e5r, men han forts\u00e4tter att leda Los Angeles-operan. <\/p>\n","protected":false},"excerpt":{"rendered":"<p>Dirigenten och v\u00e4rldstenoren Pl\u00e1cido Domingo gjorde ett bejublat framtr\u00e4dande p\u00e5 Teatro Cervantes den 26 oktober d\u00e5 han framf\u00f6rde arior samt dirigerade M\u00e1lagas symfoniorkester Av Ola Josefsson Foto: Daniel P\u00e9rez \/ Teatro Cervantes Festival Pl\u00e1cido Domingo arrangerades av IMG Artists som hade valt M\u00e1lagas vackra teater och Teatro Maestranza i Sevilla under n\u00e5gra kv\u00e4llar. Svenska Magasinet [&hellip;]<\/p>\n","protected":false},"author":8,"featured_media":3512,"comment_status":"open","ping_status":"open","sticky":false,"template":"","format":"standard","meta":{"_et_pb_use_builder":"","_et_pb_old_content":"","_et_gb_content_width":"","footnotes":""},"categories":[4,45],"tags":[],"class_list":["post-3511","post","type-post","status-publish","format-standard","has-post-thumbnail","hentry","category-artiklar","category-kultur"],"yoast_head":"<!-- This site is optimized with the Yoast SEO Premium plugin v26.2 (Yoast SEO v27.5) - https:\/\/yoast.com\/product\/yoast-seo-premium-wordpress\/ -->\n<title>Pl\u00e1cido Domingo i M\u00e1laga - Det blev ett minne f\u00f6r livet - Svenska Magasinet<\/title>\n<meta name=\"robots\" content=\"noindex, follow, max-snippet:-1, max-image-preview:large, max-video-preview:-1\" \/>\n<meta property=\"og:locale\" content=\"sv_SE\" \/>\n<meta property=\"og:type\" content=\"article\" \/>\n<meta property=\"og:title\" content=\"Pl\u00e1cido Domingo i M\u00e1laga - Det blev ett minne f\u00f6r livet\" \/>\n<meta property=\"og:description\" content=\"Dirigenten och v\u00e4rldstenoren Pl\u00e1cido Domingo gjorde ett bejublat framtr\u00e4dande p\u00e5 Teatro Cervantes den 26 oktober d\u00e5 han framf\u00f6rde arior samt dirigerade M\u00e1lagas symfoniorkester Av Ola Josefsson Foto: Daniel P\u00e9rez \/ Teatro Cervantes Festival Pl\u00e1cido Domingo arrangerades av IMG Artists som hade valt M\u00e1lagas vackra teater och Teatro Maestranza i Sevilla under n\u00e5gra kv\u00e4llar. Svenska Magasinet [&hellip;]\" \/>\n<meta property=\"og:url\" content=\"https:\/\/lightweb.dev\/l\/svm-temp\/artiklar\/placido-domingo-i-malaga-det-blev-ett-minne-for-livet\/\" \/>\n<meta property=\"og:site_name\" content=\"Svenska Magasinet\" \/>\n<meta property=\"article:publisher\" content=\"https:\/\/www.facebook.com\/svenskamagasinet\" \/>\n<meta property=\"article:published_time\" content=\"2012-12-10T23:00:00+00:00\" \/>\n<meta property=\"og:image\" content=\"https:\/\/lightweb.dev\/l\/svm-temp\/wp-content\/uploads\/2022\/04\/plcido-domingo-i-mlaga-det-blev-ett-minne-fr-livet.png\" \/>\n\t<meta property=\"og:image:width\" content=\"299\" \/>\n\t<meta property=\"og:image:height\" content=\"200\" \/>\n\t<meta property=\"og:image:type\" content=\"image\/png\" \/>\n<meta name=\"author\" content=\"Redaktionen SvM\" \/>\n<meta name=\"twitter:card\" content=\"summary_large_image\" \/>\n<meta name=\"twitter:creator\" content=\"@SvenskaMagasine\" \/>\n<meta name=\"twitter:site\" content=\"@SvenskaMagasine\" \/>\n<script type=\"application\/ld+json\" class=\"yoast-schema-graph\">{\"@context\":\"https:\\\/\\\/schema.org\",\"@graph\":[{\"@type\":\"Article\",\"@id\":\"https:\\\/\\\/lightweb.dev\\\/l\\\/svm-temp\\\/artiklar\\\/placido-domingo-i-malaga-det-blev-ett-minne-for-livet\\\/#article\",\"isPartOf\":{\"@id\":\"https:\\\/\\\/lightweb.dev\\\/l\\\/svm-temp\\\/artiklar\\\/placido-domingo-i-malaga-det-blev-ett-minne-for-livet\\\/\"},\"author\":{\"name\":\"Redaktionen SvM\",\"@id\":\"https:\\\/\\\/lightweb.dev\\\/l\\\/svm-temp\\\/#\\\/schema\\\/person\\\/206a3bda5b607b0c25e1749191e4d837\"},\"headline\":\"Pl\u00e1cido Domingo i M\u00e1laga &#8211; Det blev ett minne f\u00f6r livet\",\"datePublished\":\"2012-12-10T23:00:00+00:00\",\"mainEntityOfPage\":{\"@id\":\"https:\\\/\\\/lightweb.dev\\\/l\\\/svm-temp\\\/artiklar\\\/placido-domingo-i-malaga-det-blev-ett-minne-for-livet\\\/\"},\"wordCount\":640,\"commentCount\":0,\"publisher\":{\"@id\":\"https:\\\/\\\/lightweb.dev\\\/l\\\/svm-temp\\\/#organization\"},\"image\":{\"@id\":\"https:\\\/\\\/lightweb.dev\\\/l\\\/svm-temp\\\/artiklar\\\/placido-domingo-i-malaga-det-blev-ett-minne-for-livet\\\/#primaryimage\"},\"thumbnailUrl\":\"https:\\\/\\\/lightweb.dev\\\/l\\\/svm-temp\\\/wp-content\\\/uploads\\\/2022\\\/04\\\/plcido-domingo-i-mlaga-det-blev-ett-minne-fr-livet.png\",\"articleSection\":[\"Artiklar\",\"Kultur &amp; historia\"],\"inLanguage\":\"sv-SE\"},{\"@type\":\"WebPage\",\"@id\":\"https:\\\/\\\/lightweb.dev\\\/l\\\/svm-temp\\\/artiklar\\\/placido-domingo-i-malaga-det-blev-ett-minne-for-livet\\\/\",\"url\":\"https:\\\/\\\/lightweb.dev\\\/l\\\/svm-temp\\\/artiklar\\\/placido-domingo-i-malaga-det-blev-ett-minne-for-livet\\\/\",\"name\":\"Pl\u00e1cido Domingo i M\u00e1laga - Det blev ett minne f\u00f6r livet - Svenska Magasinet\",\"isPartOf\":{\"@id\":\"https:\\\/\\\/lightweb.dev\\\/l\\\/svm-temp\\\/#website\"},\"primaryImageOfPage\":{\"@id\":\"https:\\\/\\\/lightweb.dev\\\/l\\\/svm-temp\\\/artiklar\\\/placido-domingo-i-malaga-det-blev-ett-minne-for-livet\\\/#primaryimage\"},\"image\":{\"@id\":\"https:\\\/\\\/lightweb.dev\\\/l\\\/svm-temp\\\/artiklar\\\/placido-domingo-i-malaga-det-blev-ett-minne-for-livet\\\/#primaryimage\"},\"thumbnailUrl\":\"https:\\\/\\\/lightweb.dev\\\/l\\\/svm-temp\\\/wp-content\\\/uploads\\\/2022\\\/04\\\/plcido-domingo-i-mlaga-det-blev-ett-minne-fr-livet.png\",\"datePublished\":\"2012-12-10T23:00:00+00:00\",\"breadcrumb\":{\"@id\":\"https:\\\/\\\/lightweb.dev\\\/l\\\/svm-temp\\\/artiklar\\\/placido-domingo-i-malaga-det-blev-ett-minne-for-livet\\\/#breadcrumb\"},\"inLanguage\":\"sv-SE\",\"potentialAction\":[{\"@type\":\"ReadAction\",\"target\":[\"https:\\\/\\\/lightweb.dev\\\/l\\\/svm-temp\\\/artiklar\\\/placido-domingo-i-malaga-det-blev-ett-minne-for-livet\\\/\"]}]},{\"@type\":\"ImageObject\",\"inLanguage\":\"sv-SE\",\"@id\":\"https:\\\/\\\/lightweb.dev\\\/l\\\/svm-temp\\\/artiklar\\\/placido-domingo-i-malaga-det-blev-ett-minne-for-livet\\\/#primaryimage\",\"url\":\"https:\\\/\\\/lightweb.dev\\\/l\\\/svm-temp\\\/wp-content\\\/uploads\\\/2022\\\/04\\\/plcido-domingo-i-mlaga-det-blev-ett-minne-fr-livet.png\",\"contentUrl\":\"https:\\\/\\\/lightweb.dev\\\/l\\\/svm-temp\\\/wp-content\\\/uploads\\\/2022\\\/04\\\/plcido-domingo-i-mlaga-det-blev-ett-minne-fr-livet.png\",\"width\":299,\"height\":200},{\"@type\":\"BreadcrumbList\",\"@id\":\"https:\\\/\\\/lightweb.dev\\\/l\\\/svm-temp\\\/artiklar\\\/placido-domingo-i-malaga-det-blev-ett-minne-for-livet\\\/#breadcrumb\",\"itemListElement\":[{\"@type\":\"ListItem\",\"position\":1,\"name\":\"Hem\",\"item\":\"https:\\\/\\\/lightweb.dev\\\/l\\\/svm-temp\\\/\"},{\"@type\":\"ListItem\",\"position\":2,\"name\":\"Pl\u00e1cido Domingo i M\u00e1laga &#8211; Det blev ett minne f\u00f6r livet\"}]},{\"@type\":\"WebSite\",\"@id\":\"https:\\\/\\\/lightweb.dev\\\/l\\\/svm-temp\\\/#website\",\"url\":\"https:\\\/\\\/lightweb.dev\\\/l\\\/svm-temp\\\/\",\"name\":\"Svenska Magasinet\",\"description\":\"Dina Spanska nyheter p&aring; Svenska\",\"publisher\":{\"@id\":\"https:\\\/\\\/lightweb.dev\\\/l\\\/svm-temp\\\/#organization\"},\"potentialAction\":[{\"@type\":\"SearchAction\",\"target\":{\"@type\":\"EntryPoint\",\"urlTemplate\":\"https:\\\/\\\/lightweb.dev\\\/l\\\/svm-temp\\\/?s={search_term_string}\"},\"query-input\":{\"@type\":\"PropertyValueSpecification\",\"valueRequired\":true,\"valueName\":\"search_term_string\"}}],\"inLanguage\":\"sv-SE\"},{\"@type\":\"Organization\",\"@id\":\"https:\\\/\\\/lightweb.dev\\\/l\\\/svm-temp\\\/#organization\",\"name\":\"Melkerson y Nott SL\",\"alternateName\":\"Svenska Magasinet\",\"url\":\"https:\\\/\\\/lightweb.dev\\\/l\\\/svm-temp\\\/\",\"logo\":{\"@type\":\"ImageObject\",\"inLanguage\":\"sv-SE\",\"@id\":\"https:\\\/\\\/lightweb.dev\\\/l\\\/svm-temp\\\/#\\\/schema\\\/logo\\\/image\\\/\",\"url\":\"https:\\\/\\\/lightweb.dev\\\/l\\\/svm-temp\\\/wp-content\\\/uploads\\\/2025\\\/02\\\/SvM-logo-Xtra-Centrerad-SVART.png\",\"contentUrl\":\"https:\\\/\\\/lightweb.dev\\\/l\\\/svm-temp\\\/wp-content\\\/uploads\\\/2025\\\/02\\\/SvM-logo-Xtra-Centrerad-SVART.png\",\"width\":300,\"height\":99,\"caption\":\"Melkerson y Nott SL\"},\"image\":{\"@id\":\"https:\\\/\\\/lightweb.dev\\\/l\\\/svm-temp\\\/#\\\/schema\\\/logo\\\/image\\\/\"},\"sameAs\":[\"https:\\\/\\\/www.facebook.com\\\/svenskamagasinet\",\"https:\\\/\\\/x.com\\\/SvenskaMagasine\"]},{\"@type\":\"Person\",\"@id\":\"https:\\\/\\\/lightweb.dev\\\/l\\\/svm-temp\\\/#\\\/schema\\\/person\\\/206a3bda5b607b0c25e1749191e4d837\",\"name\":\"Redaktionen SvM\",\"description\":\"Redaktionen\",\"sameAs\":[\"https:\\\/\\\/lightweb.dev\\\/l\\\/svm-temp\"],\"url\":\"https:\\\/\\\/lightweb.dev\\\/l\\\/svm-temp\\\/reporter\\\/redaktionen\\\/\"}]}<\/script>\n<!-- \/ Yoast SEO Premium plugin. -->","yoast_head_json":{"title":"Pl\u00e1cido Domingo i M\u00e1laga - Det blev ett minne f\u00f6r livet - Svenska Magasinet","robots":{"index":"noindex","follow":"follow","max-snippet":"max-snippet:-1","max-image-preview":"max-image-preview:large","max-video-preview":"max-video-preview:-1"},"og_locale":"sv_SE","og_type":"article","og_title":"Pl\u00e1cido Domingo i M\u00e1laga - Det blev ett minne f\u00f6r livet","og_description":"Dirigenten och v\u00e4rldstenoren Pl\u00e1cido Domingo gjorde ett bejublat framtr\u00e4dande p\u00e5 Teatro Cervantes den 26 oktober d\u00e5 han framf\u00f6rde arior samt dirigerade M\u00e1lagas symfoniorkester Av Ola Josefsson Foto: Daniel P\u00e9rez \/ Teatro Cervantes Festival Pl\u00e1cido Domingo arrangerades av IMG Artists som hade valt M\u00e1lagas vackra teater och Teatro Maestranza i Sevilla under n\u00e5gra kv\u00e4llar. Svenska Magasinet [&hellip;]","og_url":"https:\/\/lightweb.dev\/l\/svm-temp\/artiklar\/placido-domingo-i-malaga-det-blev-ett-minne-for-livet\/","og_site_name":"Svenska Magasinet","article_publisher":"https:\/\/www.facebook.com\/svenskamagasinet","article_published_time":"2012-12-10T23:00:00+00:00","og_image":[{"width":299,"height":200,"url":"https:\/\/lightweb.dev\/l\/svm-temp\/wp-content\/uploads\/2022\/04\/plcido-domingo-i-mlaga-det-blev-ett-minne-fr-livet.png","type":"image\/png"}],"author":"Redaktionen SvM","twitter_card":"summary_large_image","twitter_creator":"@SvenskaMagasine","twitter_site":"@SvenskaMagasine","schema":{"@context":"https:\/\/schema.org","@graph":[{"@type":"Article","@id":"https:\/\/lightweb.dev\/l\/svm-temp\/artiklar\/placido-domingo-i-malaga-det-blev-ett-minne-for-livet\/#article","isPartOf":{"@id":"https:\/\/lightweb.dev\/l\/svm-temp\/artiklar\/placido-domingo-i-malaga-det-blev-ett-minne-for-livet\/"},"author":{"name":"Redaktionen SvM","@id":"https:\/\/lightweb.dev\/l\/svm-temp\/#\/schema\/person\/206a3bda5b607b0c25e1749191e4d837"},"headline":"Pl\u00e1cido Domingo i M\u00e1laga &#8211; Det blev ett minne f\u00f6r livet","datePublished":"2012-12-10T23:00:00+00:00","mainEntityOfPage":{"@id":"https:\/\/lightweb.dev\/l\/svm-temp\/artiklar\/placido-domingo-i-malaga-det-blev-ett-minne-for-livet\/"},"wordCount":640,"commentCount":0,"publisher":{"@id":"https:\/\/lightweb.dev\/l\/svm-temp\/#organization"},"image":{"@id":"https:\/\/lightweb.dev\/l\/svm-temp\/artiklar\/placido-domingo-i-malaga-det-blev-ett-minne-for-livet\/#primaryimage"},"thumbnailUrl":"https:\/\/lightweb.dev\/l\/svm-temp\/wp-content\/uploads\/2022\/04\/plcido-domingo-i-mlaga-det-blev-ett-minne-fr-livet.png","articleSection":["Artiklar","Kultur &amp; historia"],"inLanguage":"sv-SE"},{"@type":"WebPage","@id":"https:\/\/lightweb.dev\/l\/svm-temp\/artiklar\/placido-domingo-i-malaga-det-blev-ett-minne-for-livet\/","url":"https:\/\/lightweb.dev\/l\/svm-temp\/artiklar\/placido-domingo-i-malaga-det-blev-ett-minne-for-livet\/","name":"Pl\u00e1cido Domingo i M\u00e1laga - Det blev ett minne f\u00f6r livet - Svenska Magasinet","isPartOf":{"@id":"https:\/\/lightweb.dev\/l\/svm-temp\/#website"},"primaryImageOfPage":{"@id":"https:\/\/lightweb.dev\/l\/svm-temp\/artiklar\/placido-domingo-i-malaga-det-blev-ett-minne-for-livet\/#primaryimage"},"image":{"@id":"https:\/\/lightweb.dev\/l\/svm-temp\/artiklar\/placido-domingo-i-malaga-det-blev-ett-minne-for-livet\/#primaryimage"},"thumbnailUrl":"https:\/\/lightweb.dev\/l\/svm-temp\/wp-content\/uploads\/2022\/04\/plcido-domingo-i-mlaga-det-blev-ett-minne-fr-livet.png","datePublished":"2012-12-10T23:00:00+00:00","breadcrumb":{"@id":"https:\/\/lightweb.dev\/l\/svm-temp\/artiklar\/placido-domingo-i-malaga-det-blev-ett-minne-for-livet\/#breadcrumb"},"inLanguage":"sv-SE","potentialAction":[{"@type":"ReadAction","target":["https:\/\/lightweb.dev\/l\/svm-temp\/artiklar\/placido-domingo-i-malaga-det-blev-ett-minne-for-livet\/"]}]},{"@type":"ImageObject","inLanguage":"sv-SE","@id":"https:\/\/lightweb.dev\/l\/svm-temp\/artiklar\/placido-domingo-i-malaga-det-blev-ett-minne-for-livet\/#primaryimage","url":"https:\/\/lightweb.dev\/l\/svm-temp\/wp-content\/uploads\/2022\/04\/plcido-domingo-i-mlaga-det-blev-ett-minne-fr-livet.png","contentUrl":"https:\/\/lightweb.dev\/l\/svm-temp\/wp-content\/uploads\/2022\/04\/plcido-domingo-i-mlaga-det-blev-ett-minne-fr-livet.png","width":299,"height":200},{"@type":"BreadcrumbList","@id":"https:\/\/lightweb.dev\/l\/svm-temp\/artiklar\/placido-domingo-i-malaga-det-blev-ett-minne-for-livet\/#breadcrumb","itemListElement":[{"@type":"ListItem","position":1,"name":"Hem","item":"https:\/\/lightweb.dev\/l\/svm-temp\/"},{"@type":"ListItem","position":2,"name":"Pl\u00e1cido Domingo i M\u00e1laga &#8211; Det blev ett minne f\u00f6r livet"}]},{"@type":"WebSite","@id":"https:\/\/lightweb.dev\/l\/svm-temp\/#website","url":"https:\/\/lightweb.dev\/l\/svm-temp\/","name":"Svenska Magasinet","description":"Dina Spanska nyheter p&aring; Svenska","publisher":{"@id":"https:\/\/lightweb.dev\/l\/svm-temp\/#organization"},"potentialAction":[{"@type":"SearchAction","target":{"@type":"EntryPoint","urlTemplate":"https:\/\/lightweb.dev\/l\/svm-temp\/?s={search_term_string}"},"query-input":{"@type":"PropertyValueSpecification","valueRequired":true,"valueName":"search_term_string"}}],"inLanguage":"sv-SE"},{"@type":"Organization","@id":"https:\/\/lightweb.dev\/l\/svm-temp\/#organization","name":"Melkerson y Nott SL","alternateName":"Svenska Magasinet","url":"https:\/\/lightweb.dev\/l\/svm-temp\/","logo":{"@type":"ImageObject","inLanguage":"sv-SE","@id":"https:\/\/lightweb.dev\/l\/svm-temp\/#\/schema\/logo\/image\/","url":"https:\/\/lightweb.dev\/l\/svm-temp\/wp-content\/uploads\/2025\/02\/SvM-logo-Xtra-Centrerad-SVART.png","contentUrl":"https:\/\/lightweb.dev\/l\/svm-temp\/wp-content\/uploads\/2025\/02\/SvM-logo-Xtra-Centrerad-SVART.png","width":300,"height":99,"caption":"Melkerson y Nott SL"},"image":{"@id":"https:\/\/lightweb.dev\/l\/svm-temp\/#\/schema\/logo\/image\/"},"sameAs":["https:\/\/www.facebook.com\/svenskamagasinet","https:\/\/x.com\/SvenskaMagasine"]},{"@type":"Person","@id":"https:\/\/lightweb.dev\/l\/svm-temp\/#\/schema\/person\/206a3bda5b607b0c25e1749191e4d837","name":"Redaktionen SvM","description":"Redaktionen","sameAs":["https:\/\/lightweb.dev\/l\/svm-temp"],"url":"https:\/\/lightweb.dev\/l\/svm-temp\/reporter\/redaktionen\/"}]}},"_links":{"self":[{"href":"https:\/\/lightweb.dev\/l\/svm-temp\/wp-json\/wp\/v2\/posts\/3511","targetHints":{"allow":["GET"]}}],"collection":[{"href":"https:\/\/lightweb.dev\/l\/svm-temp\/wp-json\/wp\/v2\/posts"}],"about":[{"href":"https:\/\/lightweb.dev\/l\/svm-temp\/wp-json\/wp\/v2\/types\/post"}],"author":[{"embeddable":true,"href":"https:\/\/lightweb.dev\/l\/svm-temp\/wp-json\/wp\/v2\/users\/8"}],"replies":[{"embeddable":true,"href":"https:\/\/lightweb.dev\/l\/svm-temp\/wp-json\/wp\/v2\/comments?post=3511"}],"version-history":[{"count":0,"href":"https:\/\/lightweb.dev\/l\/svm-temp\/wp-json\/wp\/v2\/posts\/3511\/revisions"}],"wp:featuredmedia":[{"embeddable":true,"href":"https:\/\/lightweb.dev\/l\/svm-temp\/wp-json\/wp\/v2\/media\/3512"}],"wp:attachment":[{"href":"https:\/\/lightweb.dev\/l\/svm-temp\/wp-json\/wp\/v2\/media?parent=3511"}],"wp:term":[{"taxonomy":"category","embeddable":true,"href":"https:\/\/lightweb.dev\/l\/svm-temp\/wp-json\/wp\/v2\/categories?post=3511"},{"taxonomy":"post_tag","embeddable":true,"href":"https:\/\/lightweb.dev\/l\/svm-temp\/wp-json\/wp\/v2\/tags?post=3511"}],"curies":[{"name":"wp","href":"https:\/\/api.w.org\/{rel}","templated":true}]}}