{"id":3513,"date":"2012-12-11T00:00:00","date_gmt":"2012-12-10T23:00:00","guid":{"rendered":"https:\/\/lightweb.dev\/l\/svm-temp\/spanien-just-nu-varderingsforandringar\/"},"modified":"2012-12-11T00:00:00","modified_gmt":"2012-12-10T23:00:00","slug":"spanien-just-nu-varderingsforandringar","status":"publish","type":"post","link":"https:\/\/lightweb.dev\/l\/svm-temp\/artiklar\/spanien-just-nu-varderingsforandringar\/","title":{"rendered":"Spanien just nu &#8211; v\u00e4rderingsf\u00f6r\u00e4ndringar"},"content":{"rendered":"<p> V\u00e5ld och vandalism tar sig m\u00e5nga uttryck i v\u00e5rt moderna samh\u00e4lle. En lekplats f\u00f6r barn i parken Parque Litoral i M\u00e1laga br\u00e4nns ned. Och det \u00e4r inte f\u00f6rsta g\u00e5ngen. Vilka v\u00e4rderingar har dessa individer som utf\u00f6r s\u00e5dana v\u00e5ldsg\u00e4rningar? Det har kostat skattebetalarna 280.000 euro f\u00f6r att \u00e5terst\u00e4lla lekparken i M\u00e1laga. Av Ola Josefsson<\/p>\n<p>En 87-\u00e5rig kvinna i Helsingborg visade civilkurage och f\u00f6rs\u00f6kte stoppa ett g\u00e4ng ungdomar fr\u00e5n att sparka ihj\u00e4l en liten hund. D\u00e5 blev hon nedslagen och \u00f6ver\u00f6st av sparkar. \u201dDe blev brutala och sparkade p\u00e5 mig tills jag b\u00f6rjade bl\u00f6da\u201d, s\u00e4ger kvinnan om h\u00e4ndelsen. (HD 17\/11).<br \/>\nKristdemokraterna har ett krav sedan 2005 om en civilkuragelag. Men moral kan inte ers\u00e4ttas av lagar. D\u00e5liga normer och skadliga v\u00e4rderingar kan varken bek\u00e4mpas med f\u00f6rbud eller pengar. Vi kan bara konstatera att vi st\u00e5r inf\u00f6r djupg\u00e5ende och l\u00e5ngsiktiga v\u00e4rderingsf\u00f6r\u00e4ndringar.<\/p>\n<p>Jag har precis l\u00e4st boken \u201dDen \u00f6vermodiga beskyddaren\u201d av Patrik Engellau och Thomas G\u00fcr som beskriver hur v\u00e4lf\u00e4rdsstaten underminerar det civila samh\u00e4llet och urholkar dygderna. V\u00e4lf\u00e4rdsstatens ambition \u00e4r att ta \u00f6ver ansvaret f\u00f6r v\u00e5ra liv fr\u00e5n oss sj\u00e4lva, familjen och det \u00f6vriga civila samh\u00e4llet.<\/p>\n<p>Samtidigt kan vi konstatera att det civila samh\u00e4llet rycker in vid ekonomiska kriser som i Spanien. V\u00e4rldens \u00e4ldsta institution, familjen, blir r\u00e4ddaren i n\u00f6den f\u00f6r m\u00e5nga m\u00e4nniskor i kris. Jag l\u00e4ser allt fler artiklar i den spanska dagspressen dessa dagar om hur far-och morf\u00f6r\u00e4ldrar spelar en allt st\u00f6rre roll f\u00f6r sina barn och barnbarn.<\/p>\n<p>Enligt rapporten Uni\u00f3n Democr\u00e1tica de Pensionistas y Jubilados de Espa\u00f1a (UDP) l\u00e4gger 40,4 procent av de spanska pension\u00e4rer delar av eller hela sin pension p\u00e5 att ge ekonomiskt st\u00f6d till familjen. Enbart i provinsen M\u00e1laga handlar det om 75.100 pension\u00e4rer som kommer till unds\u00e4ttning f\u00f6r att hj\u00e4lpa sin familj att \u00f6verleva krisen.<\/p>\n<p>Barnen har blivit arbetsl\u00f6sa, det ekonomiska st\u00f6det fr\u00e5n staten r\u00e4cker inte till f\u00f6r att betala hypoteksl\u00e5n p\u00e5 bostaden varf\u00f6r de har blivit tvungna att flytta hem till sina f\u00f6r\u00e4ldrar.<\/p>\n<p>N\u00e4r v\u00e4lf\u00e4rdsstaten inte fungerar tillfredsst\u00e4llande s\u00e5 tr\u00e4der det civila samh\u00e4llet in. Det bygger p\u00e5 v\u00e4rderingar, k\u00e4nslor och k\u00e4rlek. Far-och morf\u00f6r\u00e4ldrar hj\u00e4lper sina barn och barnbarn s\u00e5 gott de kan. \u201dDet bygger p\u00e5 k\u00e4rlek och tillgivenhet. Jag g\u00f6r allt f\u00f6r mina barn och lite till\u201d, s\u00e4ger en pension\u00e4r.<br \/>\nEn annan pension\u00e4r som \u00e4r \u00e4nka ber\u00e4ttar i en artikel om den 29-\u00e5rige sonen som \u00e4r arbetsl\u00f6s trots akademisk utbildning. F\u00f6rutom sonen tar hon hand om sv\u00e4rdottern plus tv\u00e5 barnbarn. \u201dDet \u00e4r mycket sm\u00e4rtsamt f\u00f6r en mor att se sin son i en s\u00e5dan h\u00e4r situation\u201d.<\/p>\n<p>Vissa \u00e4r kritiska till dagens konsumtionssamh\u00e4lle som lockar till impulsk\u00f6p idag f\u00f6r att sedan betalas av i morgon. Det \u00e4r ett samh\u00e4lle d\u00e4r v\u00e4lf\u00e4rdsstaten har underminerat det civila samh\u00e4llet och urholkat dygderna. Det blir den \u00e4ldre generationen som blir r\u00e4ddaren i n\u00f6den f\u00f6r den yngre generationen som \u00e4r ett offer i v\u00e4lf\u00e4rdsstaten d\u00e4r \u00e4ven korruptionen pl\u00e5gar landet p\u00e5 grund av missk\u00f6tsel av politiker och bankm\u00e4n.<\/p>\n<p>Vi ser \u00e4ven den omv\u00e4nda situationen. Hur barnen tar hem sina f\u00f6r\u00e4ldrar fr\u00e5n v\u00e5rdhem. Det genomsnittliga priset p\u00e5 ett v\u00e5rdhem i provinsen M\u00e1laga ligger p\u00e5 1.600 euro i m\u00e5naden. M\u00e5nga arbetsl\u00f6sa familjer v\u00e4ljer att ta hem sina f\u00f6r\u00e4ldrar. Hemv\u00e5rden bidrar p\u00e5 s\u00e5 s\u00e4tt till familjens inkomst. V\u00e5rdplatsen p\u00e5 ett hem t\u00e4cks i regel av pensionen p\u00e5 600 euro plus socialbidraget, Bienestar Social, p\u00e5 500 euro samt att barnen bidrar med 500 euro.<\/p>\n<p>Det \u00e4r raka motsatsen mot den o\u00f6vervinnerliga v\u00e4lf\u00e4rdsstaten som vi svenskar har blivit hj\u00e4rntv\u00e4ttade med. Skulle Sverige klara Spaniens kris och hittar vi n\u00e5gra likheter? Vad har Spanien med Sverige att g\u00f6ra?<\/p>\n<p>Flera spanska regeringar sedan 80-talet har haft Sverige och den svenska v\u00e4lf\u00e4rdsstaten som exempel. O\u00e4ndliga medborgerliga r\u00e4ttigheter men inga medborgerliga skyldigheter. Medborgarna har tagit v\u00e4lf\u00e4rdsstaten p\u00e5 orden och f\u00f6rv\u00e4ntat sig att dess l\u00f6ften skulle infrias efter bokstaven. Men v\u00e4lf\u00e4rdsstaten r\u00e4cker inte till. Trenderna i samh\u00e4llet f\u00f6rskr\u00e4cker.<\/p>\n<p>P\u00e5 fasaden till Uppsala Universitets aula st\u00e5r skalden Thomas Thorilds ord fr\u00e5n 1794: \u201dT\u00e4nka fritt \u00e4r stort, men t\u00e4nka r\u00e4tt \u00e4r st\u00f6rre\u201d. Citatet \u00e4r h\u00e4mtat fr\u00e5n hans skrift \u201dR\u00e4tt, eller alla samh\u00e4llens eviga lag\u201d. I den tar Thorild avst\u00e5nd fr\u00e5n sin tidigare entusiasm f\u00f6r den franska revolutionen och Jean Jaques Rousseaus id\u00e9er om friheten. Ist\u00e4llet menar han att det \u00e4r viktigare att s\u00f6ka det r\u00e4tta.<\/p>\n<p>S\u00e5 var det fram till 1970-talet. D\u00e5 slog postmodernismen igenom som \u00f6verordnad filosofi p\u00e5 universitet och i kulturlivet. Postmodernismens grundtes \u00e4r att det inte finns n\u00e5gra objektiva sanningar vilket g\u00f6r att den nya generationen har f\u00f6rlorat tron p\u00e5 detta. Ist\u00e4llet satsar man p\u00e5 individuella projekt, och jakten efter nu-upplevelser.<\/p>\n<p>\u201dM\u00e4nniskor t\u00e4nker i flock och blir tokiga i flock, men \u00e5terf\u00e5r sitt f\u00f6rnuft endast l\u00e5ngsamt och en i taget\u201d, skrev den skotske f\u00f6rfattaren Charles Mackay. Det \u00e4r s\u00e5 det m\u00e5ste b\u00f6rja.<\/p>\n<p>Hederlighet, sparsamhet, arbetsamhet och h\u00e4nsynsfullhet m\u00e5ste \u00e5ter komma till heders. <\/p>\n","protected":false},"excerpt":{"rendered":"<p>V\u00e5ld och vandalism tar sig m\u00e5nga uttryck i v\u00e5rt moderna samh\u00e4lle. En lekplats f\u00f6r barn i parken Parque Litoral i M\u00e1laga br\u00e4nns ned. Och det \u00e4r inte f\u00f6rsta g\u00e5ngen. Vilka v\u00e4rderingar har dessa individer som utf\u00f6r s\u00e5dana v\u00e5ldsg\u00e4rningar? Det har kostat skattebetalarna 280.000 euro f\u00f6r att \u00e5terst\u00e4lla lekparken i M\u00e1laga. Av Ola Josefsson En 87-\u00e5rig [&hellip;]<\/p>\n","protected":false},"author":8,"featured_media":3514,"comment_status":"open","ping_status":"open","sticky":false,"template":"","format":"standard","meta":{"_et_pb_use_builder":"","_et_pb_old_content":"","_et_gb_content_width":"","footnotes":""},"categories":[4,36],"tags":[],"class_list":["post-3513","post","type-post","status-publish","format-standard","has-post-thumbnail","hentry","category-artiklar","category-spanien-just-nu"],"yoast_head":"<!-- This site is optimized with the Yoast SEO Premium plugin v26.2 (Yoast SEO v27.5) - https:\/\/yoast.com\/product\/yoast-seo-premium-wordpress\/ -->\n<title>Spanien just nu - v\u00e4rderingsf\u00f6r\u00e4ndringar - Svenska Magasinet<\/title>\n<meta name=\"robots\" content=\"noindex, follow, max-snippet:-1, max-image-preview:large, max-video-preview:-1\" \/>\n<meta property=\"og:locale\" content=\"sv_SE\" \/>\n<meta property=\"og:type\" content=\"article\" \/>\n<meta property=\"og:title\" content=\"Spanien just nu - v\u00e4rderingsf\u00f6r\u00e4ndringar\" \/>\n<meta property=\"og:description\" content=\"V\u00e5ld och vandalism tar sig m\u00e5nga uttryck i v\u00e5rt moderna samh\u00e4lle. En lekplats f\u00f6r barn i parken Parque Litoral i M\u00e1laga br\u00e4nns ned. Och det \u00e4r inte f\u00f6rsta g\u00e5ngen. Vilka v\u00e4rderingar har dessa individer som utf\u00f6r s\u00e5dana v\u00e5ldsg\u00e4rningar? Det har kostat skattebetalarna 280.000 euro f\u00f6r att \u00e5terst\u00e4lla lekparken i M\u00e1laga. Av Ola Josefsson En 87-\u00e5rig [&hellip;]\" \/>\n<meta property=\"og:url\" content=\"https:\/\/lightweb.dev\/l\/svm-temp\/artiklar\/spanien-just-nu-varderingsforandringar\/\" \/>\n<meta property=\"og:site_name\" content=\"Svenska Magasinet\" \/>\n<meta property=\"article:publisher\" content=\"https:\/\/www.facebook.com\/svenskamagasinet\" \/>\n<meta property=\"article:published_time\" content=\"2012-12-10T23:00:00+00:00\" \/>\n<meta property=\"og:image\" content=\"https:\/\/lightweb.dev\/l\/svm-temp\/wp-content\/uploads\/2022\/04\/spanien-just-nu-vrderingsfrndringar.png\" \/>\n\t<meta property=\"og:image:width\" content=\"280\" \/>\n\t<meta property=\"og:image:height\" content=\"419\" \/>\n\t<meta property=\"og:image:type\" content=\"image\/png\" \/>\n<meta name=\"author\" content=\"Redaktionen SvM\" \/>\n<meta name=\"twitter:card\" content=\"summary_large_image\" \/>\n<meta name=\"twitter:creator\" content=\"@SvenskaMagasine\" \/>\n<meta name=\"twitter:site\" content=\"@SvenskaMagasine\" \/>\n<script type=\"application\/ld+json\" class=\"yoast-schema-graph\">{\"@context\":\"https:\\\/\\\/schema.org\",\"@graph\":[{\"@type\":\"Article\",\"@id\":\"https:\\\/\\\/lightweb.dev\\\/l\\\/svm-temp\\\/artiklar\\\/spanien-just-nu-varderingsforandringar\\\/#article\",\"isPartOf\":{\"@id\":\"https:\\\/\\\/lightweb.dev\\\/l\\\/svm-temp\\\/artiklar\\\/spanien-just-nu-varderingsforandringar\\\/\"},\"author\":{\"name\":\"Redaktionen SvM\",\"@id\":\"https:\\\/\\\/lightweb.dev\\\/l\\\/svm-temp\\\/#\\\/schema\\\/person\\\/206a3bda5b607b0c25e1749191e4d837\"},\"headline\":\"Spanien just nu &#8211; v\u00e4rderingsf\u00f6r\u00e4ndringar\",\"datePublished\":\"2012-12-10T23:00:00+00:00\",\"mainEntityOfPage\":{\"@id\":\"https:\\\/\\\/lightweb.dev\\\/l\\\/svm-temp\\\/artiklar\\\/spanien-just-nu-varderingsforandringar\\\/\"},\"wordCount\":976,\"commentCount\":0,\"publisher\":{\"@id\":\"https:\\\/\\\/lightweb.dev\\\/l\\\/svm-temp\\\/#organization\"},\"image\":{\"@id\":\"https:\\\/\\\/lightweb.dev\\\/l\\\/svm-temp\\\/artiklar\\\/spanien-just-nu-varderingsforandringar\\\/#primaryimage\"},\"thumbnailUrl\":\"https:\\\/\\\/lightweb.dev\\\/l\\\/svm-temp\\\/wp-content\\\/uploads\\\/2022\\\/04\\\/spanien-just-nu-vrderingsfrndringar.png\",\"articleSection\":[\"Artiklar\",\"Spanien just nu\"],\"inLanguage\":\"sv-SE\"},{\"@type\":\"WebPage\",\"@id\":\"https:\\\/\\\/lightweb.dev\\\/l\\\/svm-temp\\\/artiklar\\\/spanien-just-nu-varderingsforandringar\\\/\",\"url\":\"https:\\\/\\\/lightweb.dev\\\/l\\\/svm-temp\\\/artiklar\\\/spanien-just-nu-varderingsforandringar\\\/\",\"name\":\"Spanien just nu - v\u00e4rderingsf\u00f6r\u00e4ndringar - Svenska Magasinet\",\"isPartOf\":{\"@id\":\"https:\\\/\\\/lightweb.dev\\\/l\\\/svm-temp\\\/#website\"},\"primaryImageOfPage\":{\"@id\":\"https:\\\/\\\/lightweb.dev\\\/l\\\/svm-temp\\\/artiklar\\\/spanien-just-nu-varderingsforandringar\\\/#primaryimage\"},\"image\":{\"@id\":\"https:\\\/\\\/lightweb.dev\\\/l\\\/svm-temp\\\/artiklar\\\/spanien-just-nu-varderingsforandringar\\\/#primaryimage\"},\"thumbnailUrl\":\"https:\\\/\\\/lightweb.dev\\\/l\\\/svm-temp\\\/wp-content\\\/uploads\\\/2022\\\/04\\\/spanien-just-nu-vrderingsfrndringar.png\",\"datePublished\":\"2012-12-10T23:00:00+00:00\",\"breadcrumb\":{\"@id\":\"https:\\\/\\\/lightweb.dev\\\/l\\\/svm-temp\\\/artiklar\\\/spanien-just-nu-varderingsforandringar\\\/#breadcrumb\"},\"inLanguage\":\"sv-SE\",\"potentialAction\":[{\"@type\":\"ReadAction\",\"target\":[\"https:\\\/\\\/lightweb.dev\\\/l\\\/svm-temp\\\/artiklar\\\/spanien-just-nu-varderingsforandringar\\\/\"]}]},{\"@type\":\"ImageObject\",\"inLanguage\":\"sv-SE\",\"@id\":\"https:\\\/\\\/lightweb.dev\\\/l\\\/svm-temp\\\/artiklar\\\/spanien-just-nu-varderingsforandringar\\\/#primaryimage\",\"url\":\"https:\\\/\\\/lightweb.dev\\\/l\\\/svm-temp\\\/wp-content\\\/uploads\\\/2022\\\/04\\\/spanien-just-nu-vrderingsfrndringar.png\",\"contentUrl\":\"https:\\\/\\\/lightweb.dev\\\/l\\\/svm-temp\\\/wp-content\\\/uploads\\\/2022\\\/04\\\/spanien-just-nu-vrderingsfrndringar.png\",\"width\":280,\"height\":419},{\"@type\":\"BreadcrumbList\",\"@id\":\"https:\\\/\\\/lightweb.dev\\\/l\\\/svm-temp\\\/artiklar\\\/spanien-just-nu-varderingsforandringar\\\/#breadcrumb\",\"itemListElement\":[{\"@type\":\"ListItem\",\"position\":1,\"name\":\"Hem\",\"item\":\"https:\\\/\\\/lightweb.dev\\\/l\\\/svm-temp\\\/\"},{\"@type\":\"ListItem\",\"position\":2,\"name\":\"Spanien just nu &#8211; v\u00e4rderingsf\u00f6r\u00e4ndringar\"}]},{\"@type\":\"WebSite\",\"@id\":\"https:\\\/\\\/lightweb.dev\\\/l\\\/svm-temp\\\/#website\",\"url\":\"https:\\\/\\\/lightweb.dev\\\/l\\\/svm-temp\\\/\",\"name\":\"Svenska Magasinet\",\"description\":\"Dina Spanska nyheter p&aring; Svenska\",\"publisher\":{\"@id\":\"https:\\\/\\\/lightweb.dev\\\/l\\\/svm-temp\\\/#organization\"},\"potentialAction\":[{\"@type\":\"SearchAction\",\"target\":{\"@type\":\"EntryPoint\",\"urlTemplate\":\"https:\\\/\\\/lightweb.dev\\\/l\\\/svm-temp\\\/?s={search_term_string}\"},\"query-input\":{\"@type\":\"PropertyValueSpecification\",\"valueRequired\":true,\"valueName\":\"search_term_string\"}}],\"inLanguage\":\"sv-SE\"},{\"@type\":\"Organization\",\"@id\":\"https:\\\/\\\/lightweb.dev\\\/l\\\/svm-temp\\\/#organization\",\"name\":\"Melkerson y Nott SL\",\"alternateName\":\"Svenska Magasinet\",\"url\":\"https:\\\/\\\/lightweb.dev\\\/l\\\/svm-temp\\\/\",\"logo\":{\"@type\":\"ImageObject\",\"inLanguage\":\"sv-SE\",\"@id\":\"https:\\\/\\\/lightweb.dev\\\/l\\\/svm-temp\\\/#\\\/schema\\\/logo\\\/image\\\/\",\"url\":\"https:\\\/\\\/lightweb.dev\\\/l\\\/svm-temp\\\/wp-content\\\/uploads\\\/2025\\\/02\\\/SvM-logo-Xtra-Centrerad-SVART.png\",\"contentUrl\":\"https:\\\/\\\/lightweb.dev\\\/l\\\/svm-temp\\\/wp-content\\\/uploads\\\/2025\\\/02\\\/SvM-logo-Xtra-Centrerad-SVART.png\",\"width\":300,\"height\":99,\"caption\":\"Melkerson y Nott SL\"},\"image\":{\"@id\":\"https:\\\/\\\/lightweb.dev\\\/l\\\/svm-temp\\\/#\\\/schema\\\/logo\\\/image\\\/\"},\"sameAs\":[\"https:\\\/\\\/www.facebook.com\\\/svenskamagasinet\",\"https:\\\/\\\/x.com\\\/SvenskaMagasine\"]},{\"@type\":\"Person\",\"@id\":\"https:\\\/\\\/lightweb.dev\\\/l\\\/svm-temp\\\/#\\\/schema\\\/person\\\/206a3bda5b607b0c25e1749191e4d837\",\"name\":\"Redaktionen SvM\",\"description\":\"Redaktionen\",\"sameAs\":[\"https:\\\/\\\/lightweb.dev\\\/l\\\/svm-temp\"],\"url\":\"https:\\\/\\\/lightweb.dev\\\/l\\\/svm-temp\\\/reporter\\\/redaktionen\\\/\"}]}<\/script>\n<!-- \/ Yoast SEO Premium plugin. -->","yoast_head_json":{"title":"Spanien just nu - v\u00e4rderingsf\u00f6r\u00e4ndringar - Svenska Magasinet","robots":{"index":"noindex","follow":"follow","max-snippet":"max-snippet:-1","max-image-preview":"max-image-preview:large","max-video-preview":"max-video-preview:-1"},"og_locale":"sv_SE","og_type":"article","og_title":"Spanien just nu - v\u00e4rderingsf\u00f6r\u00e4ndringar","og_description":"V\u00e5ld och vandalism tar sig m\u00e5nga uttryck i v\u00e5rt moderna samh\u00e4lle. En lekplats f\u00f6r barn i parken Parque Litoral i M\u00e1laga br\u00e4nns ned. Och det \u00e4r inte f\u00f6rsta g\u00e5ngen. Vilka v\u00e4rderingar har dessa individer som utf\u00f6r s\u00e5dana v\u00e5ldsg\u00e4rningar? Det har kostat skattebetalarna 280.000 euro f\u00f6r att \u00e5terst\u00e4lla lekparken i M\u00e1laga. Av Ola Josefsson En 87-\u00e5rig [&hellip;]","og_url":"https:\/\/lightweb.dev\/l\/svm-temp\/artiklar\/spanien-just-nu-varderingsforandringar\/","og_site_name":"Svenska Magasinet","article_publisher":"https:\/\/www.facebook.com\/svenskamagasinet","article_published_time":"2012-12-10T23:00:00+00:00","og_image":[{"width":280,"height":419,"url":"https:\/\/lightweb.dev\/l\/svm-temp\/wp-content\/uploads\/2022\/04\/spanien-just-nu-vrderingsfrndringar.png","type":"image\/png"}],"author":"Redaktionen SvM","twitter_card":"summary_large_image","twitter_creator":"@SvenskaMagasine","twitter_site":"@SvenskaMagasine","schema":{"@context":"https:\/\/schema.org","@graph":[{"@type":"Article","@id":"https:\/\/lightweb.dev\/l\/svm-temp\/artiklar\/spanien-just-nu-varderingsforandringar\/#article","isPartOf":{"@id":"https:\/\/lightweb.dev\/l\/svm-temp\/artiklar\/spanien-just-nu-varderingsforandringar\/"},"author":{"name":"Redaktionen SvM","@id":"https:\/\/lightweb.dev\/l\/svm-temp\/#\/schema\/person\/206a3bda5b607b0c25e1749191e4d837"},"headline":"Spanien just nu &#8211; v\u00e4rderingsf\u00f6r\u00e4ndringar","datePublished":"2012-12-10T23:00:00+00:00","mainEntityOfPage":{"@id":"https:\/\/lightweb.dev\/l\/svm-temp\/artiklar\/spanien-just-nu-varderingsforandringar\/"},"wordCount":976,"commentCount":0,"publisher":{"@id":"https:\/\/lightweb.dev\/l\/svm-temp\/#organization"},"image":{"@id":"https:\/\/lightweb.dev\/l\/svm-temp\/artiklar\/spanien-just-nu-varderingsforandringar\/#primaryimage"},"thumbnailUrl":"https:\/\/lightweb.dev\/l\/svm-temp\/wp-content\/uploads\/2022\/04\/spanien-just-nu-vrderingsfrndringar.png","articleSection":["Artiklar","Spanien just nu"],"inLanguage":"sv-SE"},{"@type":"WebPage","@id":"https:\/\/lightweb.dev\/l\/svm-temp\/artiklar\/spanien-just-nu-varderingsforandringar\/","url":"https:\/\/lightweb.dev\/l\/svm-temp\/artiklar\/spanien-just-nu-varderingsforandringar\/","name":"Spanien just nu - v\u00e4rderingsf\u00f6r\u00e4ndringar - Svenska Magasinet","isPartOf":{"@id":"https:\/\/lightweb.dev\/l\/svm-temp\/#website"},"primaryImageOfPage":{"@id":"https:\/\/lightweb.dev\/l\/svm-temp\/artiklar\/spanien-just-nu-varderingsforandringar\/#primaryimage"},"image":{"@id":"https:\/\/lightweb.dev\/l\/svm-temp\/artiklar\/spanien-just-nu-varderingsforandringar\/#primaryimage"},"thumbnailUrl":"https:\/\/lightweb.dev\/l\/svm-temp\/wp-content\/uploads\/2022\/04\/spanien-just-nu-vrderingsfrndringar.png","datePublished":"2012-12-10T23:00:00+00:00","breadcrumb":{"@id":"https:\/\/lightweb.dev\/l\/svm-temp\/artiklar\/spanien-just-nu-varderingsforandringar\/#breadcrumb"},"inLanguage":"sv-SE","potentialAction":[{"@type":"ReadAction","target":["https:\/\/lightweb.dev\/l\/svm-temp\/artiklar\/spanien-just-nu-varderingsforandringar\/"]}]},{"@type":"ImageObject","inLanguage":"sv-SE","@id":"https:\/\/lightweb.dev\/l\/svm-temp\/artiklar\/spanien-just-nu-varderingsforandringar\/#primaryimage","url":"https:\/\/lightweb.dev\/l\/svm-temp\/wp-content\/uploads\/2022\/04\/spanien-just-nu-vrderingsfrndringar.png","contentUrl":"https:\/\/lightweb.dev\/l\/svm-temp\/wp-content\/uploads\/2022\/04\/spanien-just-nu-vrderingsfrndringar.png","width":280,"height":419},{"@type":"BreadcrumbList","@id":"https:\/\/lightweb.dev\/l\/svm-temp\/artiklar\/spanien-just-nu-varderingsforandringar\/#breadcrumb","itemListElement":[{"@type":"ListItem","position":1,"name":"Hem","item":"https:\/\/lightweb.dev\/l\/svm-temp\/"},{"@type":"ListItem","position":2,"name":"Spanien just nu &#8211; v\u00e4rderingsf\u00f6r\u00e4ndringar"}]},{"@type":"WebSite","@id":"https:\/\/lightweb.dev\/l\/svm-temp\/#website","url":"https:\/\/lightweb.dev\/l\/svm-temp\/","name":"Svenska Magasinet","description":"Dina Spanska nyheter p&aring; Svenska","publisher":{"@id":"https:\/\/lightweb.dev\/l\/svm-temp\/#organization"},"potentialAction":[{"@type":"SearchAction","target":{"@type":"EntryPoint","urlTemplate":"https:\/\/lightweb.dev\/l\/svm-temp\/?s={search_term_string}"},"query-input":{"@type":"PropertyValueSpecification","valueRequired":true,"valueName":"search_term_string"}}],"inLanguage":"sv-SE"},{"@type":"Organization","@id":"https:\/\/lightweb.dev\/l\/svm-temp\/#organization","name":"Melkerson y Nott SL","alternateName":"Svenska Magasinet","url":"https:\/\/lightweb.dev\/l\/svm-temp\/","logo":{"@type":"ImageObject","inLanguage":"sv-SE","@id":"https:\/\/lightweb.dev\/l\/svm-temp\/#\/schema\/logo\/image\/","url":"https:\/\/lightweb.dev\/l\/svm-temp\/wp-content\/uploads\/2025\/02\/SvM-logo-Xtra-Centrerad-SVART.png","contentUrl":"https:\/\/lightweb.dev\/l\/svm-temp\/wp-content\/uploads\/2025\/02\/SvM-logo-Xtra-Centrerad-SVART.png","width":300,"height":99,"caption":"Melkerson y Nott SL"},"image":{"@id":"https:\/\/lightweb.dev\/l\/svm-temp\/#\/schema\/logo\/image\/"},"sameAs":["https:\/\/www.facebook.com\/svenskamagasinet","https:\/\/x.com\/SvenskaMagasine"]},{"@type":"Person","@id":"https:\/\/lightweb.dev\/l\/svm-temp\/#\/schema\/person\/206a3bda5b607b0c25e1749191e4d837","name":"Redaktionen SvM","description":"Redaktionen","sameAs":["https:\/\/lightweb.dev\/l\/svm-temp"],"url":"https:\/\/lightweb.dev\/l\/svm-temp\/reporter\/redaktionen\/"}]}},"_links":{"self":[{"href":"https:\/\/lightweb.dev\/l\/svm-temp\/wp-json\/wp\/v2\/posts\/3513","targetHints":{"allow":["GET"]}}],"collection":[{"href":"https:\/\/lightweb.dev\/l\/svm-temp\/wp-json\/wp\/v2\/posts"}],"about":[{"href":"https:\/\/lightweb.dev\/l\/svm-temp\/wp-json\/wp\/v2\/types\/post"}],"author":[{"embeddable":true,"href":"https:\/\/lightweb.dev\/l\/svm-temp\/wp-json\/wp\/v2\/users\/8"}],"replies":[{"embeddable":true,"href":"https:\/\/lightweb.dev\/l\/svm-temp\/wp-json\/wp\/v2\/comments?post=3513"}],"version-history":[{"count":0,"href":"https:\/\/lightweb.dev\/l\/svm-temp\/wp-json\/wp\/v2\/posts\/3513\/revisions"}],"wp:featuredmedia":[{"embeddable":true,"href":"https:\/\/lightweb.dev\/l\/svm-temp\/wp-json\/wp\/v2\/media\/3514"}],"wp:attachment":[{"href":"https:\/\/lightweb.dev\/l\/svm-temp\/wp-json\/wp\/v2\/media?parent=3513"}],"wp:term":[{"taxonomy":"category","embeddable":true,"href":"https:\/\/lightweb.dev\/l\/svm-temp\/wp-json\/wp\/v2\/categories?post=3513"},{"taxonomy":"post_tag","embeddable":true,"href":"https:\/\/lightweb.dev\/l\/svm-temp\/wp-json\/wp\/v2\/tags?post=3513"}],"curies":[{"name":"wp","href":"https:\/\/api.w.org\/{rel}","templated":true}]}}