{"id":3515,"date":"2012-12-11T00:00:00","date_gmt":"2012-12-10T23:00:00","guid":{"rendered":"https:\/\/lightweb.dev\/l\/svm-temp\/svensktalande-ismael-ansvarig-vid-ms-centrum-pa-xanit\/"},"modified":"2012-12-11T00:00:00","modified_gmt":"2012-12-10T23:00:00","slug":"svensktalande-ismael-ansvarig-vid-ms-centrum-pa-xanit","status":"publish","type":"post","link":"https:\/\/lightweb.dev\/l\/svm-temp\/artiklar\/svensktalande-ismael-ansvarig-vid-ms-centrum-pa-xanit\/","title":{"rendered":"Svensktalande Ismael ansvarig vid MS-centrum p\u00e5 Xanit"},"content":{"rendered":"<p> Svensktalande Ismael L\u00f3pez Ventura \u00e4r numera ansvarig f\u00f6r MS-centrum p\u00e5 Xanit Hospital Internacional i Benalm\u00e1dena. H\u00e4r finns ett komplett team, under namnet \u201dneuroscience\u201d som best\u00e5r av neurologer, psykiater, neuropsykologer, neurofysiologer och arbetsterapeuter bland annat. Av Ola Josefsson<br \/>\nHj\u00e4rnan \u00e4r en av de mest invecklade organen i kroppen.<br \/>\n&#8211; Neurologi \u00e4r en gren av medicinen som behandlar sjukdomar i nervsystemet.<br \/>\n&#8211; Det bedrivs mycket forskning kring hj\u00e4rnan och allt mer medicin har framst\u00e4llts f\u00f6r att behandla dessa sjukdomar. N\u00e4r det g\u00e4ller MS har det kommit m\u00e5nga nya l\u00e4kemedel. \u00c4ven inom stroke har det h\u00e4nt mycket.<\/p>\n<p>Ismael L\u00f3pez Ventura \u00e4r l\u00e4kare och specialist i omr\u00e5det och kallas d\u00e4rf\u00f6r f\u00f6r neurolog. Han \u00e4r utbildad f\u00f6r att diagnostisera, behandla och hantera patienter med neurologiska sjukdomar. Det kan vara Multipel skleros (MS), stroke, Parkinsons sjukdom och epilepsi men \u00e4ven fall med \u00e5terkommande huvudv\u00e4rk och migr\u00e4n.<br \/>\nF\u00f6rekomsten av Multipel skleros, MS, \u00e4r h\u00f6gre i Skandinavien j\u00e4mf\u00f6rt med Spanien.<\/p>\n<p>Vilka MS-faktorer finns det?<br \/>\n&#8211; Ang\u00e5ende MS s\u00e5 \u00e4r det en s\u00e5 kallad multifaktoriell sjukdom d\u00e4r man inte hittat orsaken men d\u00e4r flera faktorer \u00e4r inblandade. Det kan vara genetiska faktorer, det finns m\u00e5nga gener som kan vara relaterade till Multipel skleros eller MS.<br \/>\n&#8211; D-vitamin, diet och fett fisk hj\u00e4lper inte att motverka sjukdomen. D-vitamin verkar  vara inblandat men man vet inte s\u00e4kert p\u00e5 vilket s\u00e4tt. Det som man vet \u00e4r att det handlar om en autoimmun sjukdom som inte \u00e4rftlig och inte smittar. Det finns i nul\u00e4get mycket forskning och bra behandlingsalternativ.<br \/>\nImmunmodulerande medel som \u00e4r antiinflammatoriska mediciner som p\u00e5verkar immunf\u00f6rsvaret hj\u00e4lper till i samband med MS.<\/p>\n<p>Enligt Ismael \u00e4r sjukv\u00e5rden blivit b\u00e4ttre p\u00e5 att uppt\u00e4cka sjukdomar som MS och Parkinson i ett tidigare stadium.<br \/>\n&#8211; Nya l\u00e4kemedel har gjort att personer med MS eller Parkinson kan leva ett n\u00e4ra p\u00e5 normalt liv trots sjukdomen. Under de senaste fem \u00e5ren har mycket h\u00e4nt p\u00e5 det h\u00e4r omr\u00e5det, menar Ismael L\u00f3pez Ventura, neorolog p\u00e5 Xanit.<br \/>\n&#8211; N\u00e4r det g\u00e4ller Parkinson har vi blivit b\u00e4ttre p\u00e5 att hitta f\u00f6rloppet p\u00e5 sjukdomen. Med r\u00e4tt mediciner kan en Parkinsonpatient leva ett n\u00e4stan normalt liv. Dock tar medicinen s\u00e4mre efter tio \u00e5rs tid. Samtidigt kommer nya behandlingsformer som pacemaker som stimulerar nervcellerna.<\/p>\n<p>De som drabbas av stroke har st\u00f6rre chans nu f\u00f6r tiden att slippa proppar. Det \u00e4r viktigt med effektiv behandling, att den som f\u00e5r stroke kommer till sjukhuset snabbt.<br \/>\n&#8211; Tidsf\u00f6nstret f\u00f6r att kunna ge trombolys (proppl\u00f6sande medicin intraven\u00f6s) \u00e4r mellan fyra till 5 timmar efter insjuknande. Xanit sjukhus i Benalm\u00e1dena \u00e4r ett av de f\u00e5 sjukhus, som ger intraven\u00f6s behandling f\u00f6r att l\u00f6sa upp proppar, dygnet runt.<\/p>\n<p>Ismael L\u00f3pez Ventura finns p\u00e5 Xanit p\u00e5 tisdagar och onsdagar. P\u00e5 onsdagseftermiddagar finns Ismael vid Xanit i Fuengirola. Han har tidigare bes\u00f6kt AHN i Fuengirola och f\u00f6rel\u00e4st om stroke.<br \/>\nIsmael L\u00f3pez \u00e4r i grunden familjel\u00e4kare och specialist inom allm\u00e4nmedicin. Hustrun Anna Luque som ocks\u00e5 \u00e4r svensktalande \u00e4r barnl\u00e4kare vid Xanit Hospital Internacional i Benalm\u00e1dena. De \u00e4r sm\u00e5barnsf\u00f6r\u00e4ldrar och \u00e4r bosatta i Rinc\u00f3n de la Victoria.<\/p>\n<p>2001 blev Ismael och Anna, som d\u00e5 bodde i Madrid, rekryterade till G\u00f6teborg. Totalt har det blivit elva \u00e5r i Sverige under tv\u00e5 perioder. Ismael har varit verksam som distriktsl\u00e4kare vid v\u00e5rdcentraler i G\u00f6tene och Lidk\u00f6ping. Han reser en g\u00e5ng i m\u00e5naden till Katrineholm d\u00e4r han \u00e4r verksam som stafettdoktor. Ismael \u00e4r ocks\u00e5 utbildad inom internmedicin och neurologi. Han praktiserar \u00e4ven som allm\u00e4nl\u00e4kare vid Colegio de M\u00e9dicos i M\u00e1laga. <\/p>\n","protected":false},"excerpt":{"rendered":"<p>Svensktalande Ismael L\u00f3pez Ventura \u00e4r numera ansvarig f\u00f6r MS-centrum p\u00e5 Xanit Hospital Internacional i Benalm\u00e1dena. H\u00e4r finns ett komplett team, under namnet \u201dneuroscience\u201d som best\u00e5r av neurologer, psykiater, neuropsykologer, neurofysiologer och arbetsterapeuter bland annat. Av Ola Josefsson Hj\u00e4rnan \u00e4r en av de mest invecklade organen i kroppen. &#8211; Neurologi \u00e4r en gren av medicinen som [&hellip;]<\/p>\n","protected":false},"author":8,"featured_media":3516,"comment_status":"open","ping_status":"open","sticky":false,"template":"","format":"standard","meta":{"_et_pb_use_builder":"","_et_pb_old_content":"","_et_gb_content_width":"","footnotes":""},"categories":[396,4],"tags":[],"class_list":["post-3515","post","type-post","status-publish","format-standard","has-post-thumbnail","hentry","category-arkiv-artiklar","category-artiklar"],"yoast_head":"<!-- This site is optimized with the Yoast SEO Premium plugin v26.2 (Yoast SEO v27.5) - https:\/\/yoast.com\/product\/yoast-seo-premium-wordpress\/ -->\n<title>Svensktalande Ismael ansvarig vid MS-centrum p\u00e5 Xanit - Svenska Magasinet<\/title>\n<meta name=\"robots\" content=\"noindex, follow, max-snippet:-1, max-image-preview:large, max-video-preview:-1\" \/>\n<meta property=\"og:locale\" content=\"sv_SE\" \/>\n<meta property=\"og:type\" content=\"article\" \/>\n<meta property=\"og:title\" content=\"Svensktalande Ismael ansvarig vid MS-centrum p\u00e5 Xanit\" \/>\n<meta property=\"og:description\" content=\"Svensktalande Ismael L\u00f3pez Ventura \u00e4r numera ansvarig f\u00f6r MS-centrum p\u00e5 Xanit Hospital Internacional i Benalm\u00e1dena. H\u00e4r finns ett komplett team, under namnet \u201dneuroscience\u201d som best\u00e5r av neurologer, psykiater, neuropsykologer, neurofysiologer och arbetsterapeuter bland annat. Av Ola Josefsson Hj\u00e4rnan \u00e4r en av de mest invecklade organen i kroppen. &#8211; Neurologi \u00e4r en gren av medicinen som [&hellip;]\" \/>\n<meta property=\"og:url\" content=\"https:\/\/lightweb.dev\/l\/svm-temp\/artiklar\/svensktalande-ismael-ansvarig-vid-ms-centrum-pa-xanit\/\" \/>\n<meta property=\"og:site_name\" content=\"Svenska Magasinet\" \/>\n<meta property=\"article:publisher\" content=\"https:\/\/www.facebook.com\/svenskamagasinet\" \/>\n<meta property=\"article:published_time\" content=\"2012-12-10T23:00:00+00:00\" \/>\n<meta property=\"og:image\" content=\"https:\/\/lightweb.dev\/l\/svm-temp\/wp-content\/uploads\/2022\/04\/svensktalande-ismael-ansvarig-vid-ms-centrum-p-xanit.png\" \/>\n\t<meta property=\"og:image:width\" content=\"299\" \/>\n\t<meta property=\"og:image:height\" content=\"200\" \/>\n\t<meta property=\"og:image:type\" content=\"image\/png\" \/>\n<meta name=\"author\" content=\"Redaktionen SvM\" \/>\n<meta name=\"twitter:card\" content=\"summary_large_image\" \/>\n<meta name=\"twitter:creator\" content=\"@SvenskaMagasine\" \/>\n<meta name=\"twitter:site\" content=\"@SvenskaMagasine\" \/>\n<script type=\"application\/ld+json\" class=\"yoast-schema-graph\">{\"@context\":\"https:\\\/\\\/schema.org\",\"@graph\":[{\"@type\":\"Article\",\"@id\":\"https:\\\/\\\/lightweb.dev\\\/l\\\/svm-temp\\\/artiklar\\\/svensktalande-ismael-ansvarig-vid-ms-centrum-pa-xanit\\\/#article\",\"isPartOf\":{\"@id\":\"https:\\\/\\\/lightweb.dev\\\/l\\\/svm-temp\\\/artiklar\\\/svensktalande-ismael-ansvarig-vid-ms-centrum-pa-xanit\\\/\"},\"author\":{\"name\":\"Redaktionen SvM\",\"@id\":\"https:\\\/\\\/lightweb.dev\\\/l\\\/svm-temp\\\/#\\\/schema\\\/person\\\/206a3bda5b607b0c25e1749191e4d837\"},\"headline\":\"Svensktalande Ismael ansvarig vid MS-centrum p\u00e5 Xanit\",\"datePublished\":\"2012-12-10T23:00:00+00:00\",\"mainEntityOfPage\":{\"@id\":\"https:\\\/\\\/lightweb.dev\\\/l\\\/svm-temp\\\/artiklar\\\/svensktalande-ismael-ansvarig-vid-ms-centrum-pa-xanit\\\/\"},\"wordCount\":658,\"commentCount\":0,\"publisher\":{\"@id\":\"https:\\\/\\\/lightweb.dev\\\/l\\\/svm-temp\\\/#organization\"},\"image\":{\"@id\":\"https:\\\/\\\/lightweb.dev\\\/l\\\/svm-temp\\\/artiklar\\\/svensktalande-ismael-ansvarig-vid-ms-centrum-pa-xanit\\\/#primaryimage\"},\"thumbnailUrl\":\"https:\\\/\\\/lightweb.dev\\\/l\\\/svm-temp\\\/wp-content\\\/uploads\\\/2022\\\/04\\\/svensktalande-ismael-ansvarig-vid-ms-centrum-p-xanit.png\",\"articleSection\":[\"Arkiv\",\"Artiklar\"],\"inLanguage\":\"sv-SE\"},{\"@type\":\"WebPage\",\"@id\":\"https:\\\/\\\/lightweb.dev\\\/l\\\/svm-temp\\\/artiklar\\\/svensktalande-ismael-ansvarig-vid-ms-centrum-pa-xanit\\\/\",\"url\":\"https:\\\/\\\/lightweb.dev\\\/l\\\/svm-temp\\\/artiklar\\\/svensktalande-ismael-ansvarig-vid-ms-centrum-pa-xanit\\\/\",\"name\":\"Svensktalande Ismael ansvarig vid MS-centrum p\u00e5 Xanit - Svenska Magasinet\",\"isPartOf\":{\"@id\":\"https:\\\/\\\/lightweb.dev\\\/l\\\/svm-temp\\\/#website\"},\"primaryImageOfPage\":{\"@id\":\"https:\\\/\\\/lightweb.dev\\\/l\\\/svm-temp\\\/artiklar\\\/svensktalande-ismael-ansvarig-vid-ms-centrum-pa-xanit\\\/#primaryimage\"},\"image\":{\"@id\":\"https:\\\/\\\/lightweb.dev\\\/l\\\/svm-temp\\\/artiklar\\\/svensktalande-ismael-ansvarig-vid-ms-centrum-pa-xanit\\\/#primaryimage\"},\"thumbnailUrl\":\"https:\\\/\\\/lightweb.dev\\\/l\\\/svm-temp\\\/wp-content\\\/uploads\\\/2022\\\/04\\\/svensktalande-ismael-ansvarig-vid-ms-centrum-p-xanit.png\",\"datePublished\":\"2012-12-10T23:00:00+00:00\",\"breadcrumb\":{\"@id\":\"https:\\\/\\\/lightweb.dev\\\/l\\\/svm-temp\\\/artiklar\\\/svensktalande-ismael-ansvarig-vid-ms-centrum-pa-xanit\\\/#breadcrumb\"},\"inLanguage\":\"sv-SE\",\"potentialAction\":[{\"@type\":\"ReadAction\",\"target\":[\"https:\\\/\\\/lightweb.dev\\\/l\\\/svm-temp\\\/artiklar\\\/svensktalande-ismael-ansvarig-vid-ms-centrum-pa-xanit\\\/\"]}]},{\"@type\":\"ImageObject\",\"inLanguage\":\"sv-SE\",\"@id\":\"https:\\\/\\\/lightweb.dev\\\/l\\\/svm-temp\\\/artiklar\\\/svensktalande-ismael-ansvarig-vid-ms-centrum-pa-xanit\\\/#primaryimage\",\"url\":\"https:\\\/\\\/lightweb.dev\\\/l\\\/svm-temp\\\/wp-content\\\/uploads\\\/2022\\\/04\\\/svensktalande-ismael-ansvarig-vid-ms-centrum-p-xanit.png\",\"contentUrl\":\"https:\\\/\\\/lightweb.dev\\\/l\\\/svm-temp\\\/wp-content\\\/uploads\\\/2022\\\/04\\\/svensktalande-ismael-ansvarig-vid-ms-centrum-p-xanit.png\",\"width\":299,\"height\":200},{\"@type\":\"BreadcrumbList\",\"@id\":\"https:\\\/\\\/lightweb.dev\\\/l\\\/svm-temp\\\/artiklar\\\/svensktalande-ismael-ansvarig-vid-ms-centrum-pa-xanit\\\/#breadcrumb\",\"itemListElement\":[{\"@type\":\"ListItem\",\"position\":1,\"name\":\"Hem\",\"item\":\"https:\\\/\\\/lightweb.dev\\\/l\\\/svm-temp\\\/\"},{\"@type\":\"ListItem\",\"position\":2,\"name\":\"Svensktalande Ismael ansvarig vid MS-centrum p\u00e5 Xanit\"}]},{\"@type\":\"WebSite\",\"@id\":\"https:\\\/\\\/lightweb.dev\\\/l\\\/svm-temp\\\/#website\",\"url\":\"https:\\\/\\\/lightweb.dev\\\/l\\\/svm-temp\\\/\",\"name\":\"Svenska Magasinet\",\"description\":\"Dina Spanska nyheter p&aring; Svenska\",\"publisher\":{\"@id\":\"https:\\\/\\\/lightweb.dev\\\/l\\\/svm-temp\\\/#organization\"},\"potentialAction\":[{\"@type\":\"SearchAction\",\"target\":{\"@type\":\"EntryPoint\",\"urlTemplate\":\"https:\\\/\\\/lightweb.dev\\\/l\\\/svm-temp\\\/?s={search_term_string}\"},\"query-input\":{\"@type\":\"PropertyValueSpecification\",\"valueRequired\":true,\"valueName\":\"search_term_string\"}}],\"inLanguage\":\"sv-SE\"},{\"@type\":\"Organization\",\"@id\":\"https:\\\/\\\/lightweb.dev\\\/l\\\/svm-temp\\\/#organization\",\"name\":\"Melkerson y Nott SL\",\"alternateName\":\"Svenska Magasinet\",\"url\":\"https:\\\/\\\/lightweb.dev\\\/l\\\/svm-temp\\\/\",\"logo\":{\"@type\":\"ImageObject\",\"inLanguage\":\"sv-SE\",\"@id\":\"https:\\\/\\\/lightweb.dev\\\/l\\\/svm-temp\\\/#\\\/schema\\\/logo\\\/image\\\/\",\"url\":\"https:\\\/\\\/lightweb.dev\\\/l\\\/svm-temp\\\/wp-content\\\/uploads\\\/2025\\\/02\\\/SvM-logo-Xtra-Centrerad-SVART.png\",\"contentUrl\":\"https:\\\/\\\/lightweb.dev\\\/l\\\/svm-temp\\\/wp-content\\\/uploads\\\/2025\\\/02\\\/SvM-logo-Xtra-Centrerad-SVART.png\",\"width\":300,\"height\":99,\"caption\":\"Melkerson y Nott SL\"},\"image\":{\"@id\":\"https:\\\/\\\/lightweb.dev\\\/l\\\/svm-temp\\\/#\\\/schema\\\/logo\\\/image\\\/\"},\"sameAs\":[\"https:\\\/\\\/www.facebook.com\\\/svenskamagasinet\",\"https:\\\/\\\/x.com\\\/SvenskaMagasine\"]},{\"@type\":\"Person\",\"@id\":\"https:\\\/\\\/lightweb.dev\\\/l\\\/svm-temp\\\/#\\\/schema\\\/person\\\/206a3bda5b607b0c25e1749191e4d837\",\"name\":\"Redaktionen SvM\",\"description\":\"Redaktionen\",\"sameAs\":[\"https:\\\/\\\/lightweb.dev\\\/l\\\/svm-temp\"],\"url\":\"https:\\\/\\\/lightweb.dev\\\/l\\\/svm-temp\\\/reporter\\\/redaktionen\\\/\"}]}<\/script>\n<!-- \/ Yoast SEO Premium plugin. -->","yoast_head_json":{"title":"Svensktalande Ismael ansvarig vid MS-centrum p\u00e5 Xanit - Svenska Magasinet","robots":{"index":"noindex","follow":"follow","max-snippet":"max-snippet:-1","max-image-preview":"max-image-preview:large","max-video-preview":"max-video-preview:-1"},"og_locale":"sv_SE","og_type":"article","og_title":"Svensktalande Ismael ansvarig vid MS-centrum p\u00e5 Xanit","og_description":"Svensktalande Ismael L\u00f3pez Ventura \u00e4r numera ansvarig f\u00f6r MS-centrum p\u00e5 Xanit Hospital Internacional i Benalm\u00e1dena. H\u00e4r finns ett komplett team, under namnet \u201dneuroscience\u201d som best\u00e5r av neurologer, psykiater, neuropsykologer, neurofysiologer och arbetsterapeuter bland annat. Av Ola Josefsson Hj\u00e4rnan \u00e4r en av de mest invecklade organen i kroppen. &#8211; Neurologi \u00e4r en gren av medicinen som [&hellip;]","og_url":"https:\/\/lightweb.dev\/l\/svm-temp\/artiklar\/svensktalande-ismael-ansvarig-vid-ms-centrum-pa-xanit\/","og_site_name":"Svenska Magasinet","article_publisher":"https:\/\/www.facebook.com\/svenskamagasinet","article_published_time":"2012-12-10T23:00:00+00:00","og_image":[{"width":299,"height":200,"url":"https:\/\/lightweb.dev\/l\/svm-temp\/wp-content\/uploads\/2022\/04\/svensktalande-ismael-ansvarig-vid-ms-centrum-p-xanit.png","type":"image\/png"}],"author":"Redaktionen SvM","twitter_card":"summary_large_image","twitter_creator":"@SvenskaMagasine","twitter_site":"@SvenskaMagasine","schema":{"@context":"https:\/\/schema.org","@graph":[{"@type":"Article","@id":"https:\/\/lightweb.dev\/l\/svm-temp\/artiklar\/svensktalande-ismael-ansvarig-vid-ms-centrum-pa-xanit\/#article","isPartOf":{"@id":"https:\/\/lightweb.dev\/l\/svm-temp\/artiklar\/svensktalande-ismael-ansvarig-vid-ms-centrum-pa-xanit\/"},"author":{"name":"Redaktionen SvM","@id":"https:\/\/lightweb.dev\/l\/svm-temp\/#\/schema\/person\/206a3bda5b607b0c25e1749191e4d837"},"headline":"Svensktalande Ismael ansvarig vid MS-centrum p\u00e5 Xanit","datePublished":"2012-12-10T23:00:00+00:00","mainEntityOfPage":{"@id":"https:\/\/lightweb.dev\/l\/svm-temp\/artiklar\/svensktalande-ismael-ansvarig-vid-ms-centrum-pa-xanit\/"},"wordCount":658,"commentCount":0,"publisher":{"@id":"https:\/\/lightweb.dev\/l\/svm-temp\/#organization"},"image":{"@id":"https:\/\/lightweb.dev\/l\/svm-temp\/artiklar\/svensktalande-ismael-ansvarig-vid-ms-centrum-pa-xanit\/#primaryimage"},"thumbnailUrl":"https:\/\/lightweb.dev\/l\/svm-temp\/wp-content\/uploads\/2022\/04\/svensktalande-ismael-ansvarig-vid-ms-centrum-p-xanit.png","articleSection":["Arkiv","Artiklar"],"inLanguage":"sv-SE"},{"@type":"WebPage","@id":"https:\/\/lightweb.dev\/l\/svm-temp\/artiklar\/svensktalande-ismael-ansvarig-vid-ms-centrum-pa-xanit\/","url":"https:\/\/lightweb.dev\/l\/svm-temp\/artiklar\/svensktalande-ismael-ansvarig-vid-ms-centrum-pa-xanit\/","name":"Svensktalande Ismael ansvarig vid MS-centrum p\u00e5 Xanit - Svenska Magasinet","isPartOf":{"@id":"https:\/\/lightweb.dev\/l\/svm-temp\/#website"},"primaryImageOfPage":{"@id":"https:\/\/lightweb.dev\/l\/svm-temp\/artiklar\/svensktalande-ismael-ansvarig-vid-ms-centrum-pa-xanit\/#primaryimage"},"image":{"@id":"https:\/\/lightweb.dev\/l\/svm-temp\/artiklar\/svensktalande-ismael-ansvarig-vid-ms-centrum-pa-xanit\/#primaryimage"},"thumbnailUrl":"https:\/\/lightweb.dev\/l\/svm-temp\/wp-content\/uploads\/2022\/04\/svensktalande-ismael-ansvarig-vid-ms-centrum-p-xanit.png","datePublished":"2012-12-10T23:00:00+00:00","breadcrumb":{"@id":"https:\/\/lightweb.dev\/l\/svm-temp\/artiklar\/svensktalande-ismael-ansvarig-vid-ms-centrum-pa-xanit\/#breadcrumb"},"inLanguage":"sv-SE","potentialAction":[{"@type":"ReadAction","target":["https:\/\/lightweb.dev\/l\/svm-temp\/artiklar\/svensktalande-ismael-ansvarig-vid-ms-centrum-pa-xanit\/"]}]},{"@type":"ImageObject","inLanguage":"sv-SE","@id":"https:\/\/lightweb.dev\/l\/svm-temp\/artiklar\/svensktalande-ismael-ansvarig-vid-ms-centrum-pa-xanit\/#primaryimage","url":"https:\/\/lightweb.dev\/l\/svm-temp\/wp-content\/uploads\/2022\/04\/svensktalande-ismael-ansvarig-vid-ms-centrum-p-xanit.png","contentUrl":"https:\/\/lightweb.dev\/l\/svm-temp\/wp-content\/uploads\/2022\/04\/svensktalande-ismael-ansvarig-vid-ms-centrum-p-xanit.png","width":299,"height":200},{"@type":"BreadcrumbList","@id":"https:\/\/lightweb.dev\/l\/svm-temp\/artiklar\/svensktalande-ismael-ansvarig-vid-ms-centrum-pa-xanit\/#breadcrumb","itemListElement":[{"@type":"ListItem","position":1,"name":"Hem","item":"https:\/\/lightweb.dev\/l\/svm-temp\/"},{"@type":"ListItem","position":2,"name":"Svensktalande Ismael ansvarig vid MS-centrum p\u00e5 Xanit"}]},{"@type":"WebSite","@id":"https:\/\/lightweb.dev\/l\/svm-temp\/#website","url":"https:\/\/lightweb.dev\/l\/svm-temp\/","name":"Svenska Magasinet","description":"Dina Spanska nyheter p&aring; Svenska","publisher":{"@id":"https:\/\/lightweb.dev\/l\/svm-temp\/#organization"},"potentialAction":[{"@type":"SearchAction","target":{"@type":"EntryPoint","urlTemplate":"https:\/\/lightweb.dev\/l\/svm-temp\/?s={search_term_string}"},"query-input":{"@type":"PropertyValueSpecification","valueRequired":true,"valueName":"search_term_string"}}],"inLanguage":"sv-SE"},{"@type":"Organization","@id":"https:\/\/lightweb.dev\/l\/svm-temp\/#organization","name":"Melkerson y Nott SL","alternateName":"Svenska Magasinet","url":"https:\/\/lightweb.dev\/l\/svm-temp\/","logo":{"@type":"ImageObject","inLanguage":"sv-SE","@id":"https:\/\/lightweb.dev\/l\/svm-temp\/#\/schema\/logo\/image\/","url":"https:\/\/lightweb.dev\/l\/svm-temp\/wp-content\/uploads\/2025\/02\/SvM-logo-Xtra-Centrerad-SVART.png","contentUrl":"https:\/\/lightweb.dev\/l\/svm-temp\/wp-content\/uploads\/2025\/02\/SvM-logo-Xtra-Centrerad-SVART.png","width":300,"height":99,"caption":"Melkerson y Nott SL"},"image":{"@id":"https:\/\/lightweb.dev\/l\/svm-temp\/#\/schema\/logo\/image\/"},"sameAs":["https:\/\/www.facebook.com\/svenskamagasinet","https:\/\/x.com\/SvenskaMagasine"]},{"@type":"Person","@id":"https:\/\/lightweb.dev\/l\/svm-temp\/#\/schema\/person\/206a3bda5b607b0c25e1749191e4d837","name":"Redaktionen SvM","description":"Redaktionen","sameAs":["https:\/\/lightweb.dev\/l\/svm-temp"],"url":"https:\/\/lightweb.dev\/l\/svm-temp\/reporter\/redaktionen\/"}]}},"_links":{"self":[{"href":"https:\/\/lightweb.dev\/l\/svm-temp\/wp-json\/wp\/v2\/posts\/3515","targetHints":{"allow":["GET"]}}],"collection":[{"href":"https:\/\/lightweb.dev\/l\/svm-temp\/wp-json\/wp\/v2\/posts"}],"about":[{"href":"https:\/\/lightweb.dev\/l\/svm-temp\/wp-json\/wp\/v2\/types\/post"}],"author":[{"embeddable":true,"href":"https:\/\/lightweb.dev\/l\/svm-temp\/wp-json\/wp\/v2\/users\/8"}],"replies":[{"embeddable":true,"href":"https:\/\/lightweb.dev\/l\/svm-temp\/wp-json\/wp\/v2\/comments?post=3515"}],"version-history":[{"count":0,"href":"https:\/\/lightweb.dev\/l\/svm-temp\/wp-json\/wp\/v2\/posts\/3515\/revisions"}],"wp:featuredmedia":[{"embeddable":true,"href":"https:\/\/lightweb.dev\/l\/svm-temp\/wp-json\/wp\/v2\/media\/3516"}],"wp:attachment":[{"href":"https:\/\/lightweb.dev\/l\/svm-temp\/wp-json\/wp\/v2\/media?parent=3515"}],"wp:term":[{"taxonomy":"category","embeddable":true,"href":"https:\/\/lightweb.dev\/l\/svm-temp\/wp-json\/wp\/v2\/categories?post=3515"},{"taxonomy":"post_tag","embeddable":true,"href":"https:\/\/lightweb.dev\/l\/svm-temp\/wp-json\/wp\/v2\/tags?post=3515"}],"curies":[{"name":"wp","href":"https:\/\/api.w.org\/{rel}","templated":true}]}}