{"id":3519,"date":"2012-12-11T00:00:00","date_gmt":"2012-12-10T23:00:00","guid":{"rendered":"https:\/\/lightweb.dev\/l\/svm-temp\/kaktusparken-i-casarabonela\/"},"modified":"2012-12-11T00:00:00","modified_gmt":"2012-12-10T23:00:00","slug":"kaktusparken-i-casarabonela","status":"publish","type":"post","link":"https:\/\/lightweb.dev\/l\/svm-temp\/artiklar\/kaktusparken-i-casarabonela\/","title":{"rendered":"Kaktusparken i Casarabonela"},"content":{"rendered":"<p> Elva tusen plantor fr\u00e5n tv\u00e5tusenfemhundra olika arter hemmah\u00f6rande p\u00e5 flera kontinenter. Imponerande! Av Britt-Marie Ekman Foto: Lennart Ekman<br \/>\nI utkanten av den lilla orten Casarabonela n\u00e5ra mil norr om Malaga finns \u201cJardin Botanico de Cactus y otras Succulentas\u201d. Parken \u00e4r v\u00e4l v\u00e4rd ett bes\u00f6k och den ligger i en vacker trakt med Casarabonela som f\u00f6rtrollande bakgrund. Man undrar f\u00f6rst\u00e5s varf\u00f6r h\u00e4r? Och vem har skapat denna park?<br \/>\nEdwige Bravard och Joan Gabriel Mora var ett par fr\u00e5n Mallorca d\u00e4r de passionerat samlat kaktusar och fetbladsv\u00e4xter (suckulenter). De s\u00f6kte sig till fastlandet och hittade h\u00e4r, p\u00e5 syd\u00f6stra sidan av berget Prieta, det mikroklimat som skulle vara idealiskt f\u00f6r deras v\u00e4xter. 1995 flyttade de till Andalusien och etablerade sin kollektion just p\u00e5 den plats tr\u00e4dg\u00e5rden nu finns. V\u00e4xter fr\u00e5n Kanarie\u00f6arna, Mexico, Sydamerika, Sydafrika och Madagaskar trivs bra med de torra somrarna och de kyliga fuktiga vintrarna.<br \/>\nTr\u00e4dg\u00e5rden best\u00e5r av tv\u00e5 speciella omr\u00e5den. Den yttre med ornamental pr\u00e4gel har m\u00e5nga arter av suckulenter. Den inre finns i v\u00e4xthuset med \u00f6mt\u00e5ligare arter samt v\u00e4xter som ska acklimatiseras. Man g\u00e5r p\u00e5 stenlagda g\u00e5ngar och f\u00f6rundras \u00f6ver arterna, slingrande l\u00e5nga kaktusar, pyttesm\u00e5 som ser ut som stenar, andra som sticker upp ur jorden som fingrar, platta helt prickiga av taggar. Formerna varierar i det o\u00e4ndliga.<br \/>\nMitt ibland vassa taggar lyser vackra blommor. Alla v\u00e4xter har namnskyltar. Man har samarbete med Universitetet i Malaga.<br \/>\nDet finns f\u00f6rs\u00e4ljning av v\u00e4xter, det finns en aula, toaletter, kafe och en v\u00e4nlig personal som talar stapplande engelska, Som extra fav\u00f6r ing\u00e5r f\u00f6rfriskning i intr\u00e4desbiljetten som kostar 5 \u20ac men f\u00f6r pension\u00e4rer och barn 3 \u20ac. Grupper om 10 betalar ocks\u00e5 3\u20ac per person.<br \/>\nDe har \u00f6ppet tisdag &#8211; s\u00f6ndag, 10.30 &#8211; 17.30. St\u00e4ngt 13\/10 och \u00f6ver jul och ny\u00e5r samt 30- 31 maj.<br \/>\nCasarabonela by som bildar m\u00e4ktig bakgrund kallas Malagas Schweiz vilket s\u00e4ger en del om topografin. Romarna sa Castra Vinaria eller Castillo de vino och morerna Casa Bonaira. K\u00e4rt barn har m\u00e5nga namn.<br \/>\n\u00c5k v\u00e4g 357 via Cartama mot Ardales och sv\u00e4ng till v\u00e4nster via Zalea. Det st\u00e5r stora skyltar invid v\u00e4gen. Telefon; 952456053. E-mail: jardinbotanicodecactus@casarabonela.es<br \/>\nTrevlig resa!<br \/>\nStort tack till Britt-Marie och Bengt Jansson som tipsade.<\/p>\n","protected":false},"excerpt":{"rendered":"<p>Elva tusen plantor fr\u00e5n tv\u00e5tusenfemhundra olika arter hemmah\u00f6rande p\u00e5 flera kontinenter. Imponerande! Av Britt-Marie Ekman Foto: Lennart Ekman I utkanten av den lilla orten Casarabonela n\u00e5ra mil norr om Malaga finns \u201cJardin Botanico de Cactus y otras Succulentas\u201d. Parken \u00e4r v\u00e4l v\u00e4rd ett bes\u00f6k och den ligger i en vacker trakt med Casarabonela som f\u00f6rtrollande [&hellip;]<\/p>\n","protected":false},"author":8,"featured_media":3520,"comment_status":"open","ping_status":"open","sticky":false,"template":"","format":"standard","meta":{"_et_pb_use_builder":"","_et_pb_old_content":"","_et_gb_content_width":"","footnotes":""},"categories":[396,4],"tags":[],"class_list":["post-3519","post","type-post","status-publish","format-standard","has-post-thumbnail","hentry","category-arkiv-artiklar","category-artiklar"],"yoast_head":"<!-- This site is optimized with the Yoast SEO Premium plugin v26.2 (Yoast SEO v27.5) - https:\/\/yoast.com\/product\/yoast-seo-premium-wordpress\/ -->\n<title>Kaktusparken i Casarabonela - Svenska Magasinet<\/title>\n<meta name=\"robots\" content=\"noindex, follow, max-snippet:-1, max-image-preview:large, max-video-preview:-1\" \/>\n<meta property=\"og:locale\" content=\"sv_SE\" \/>\n<meta property=\"og:type\" content=\"article\" \/>\n<meta property=\"og:title\" content=\"Kaktusparken i Casarabonela\" \/>\n<meta property=\"og:description\" content=\"Elva tusen plantor fr\u00e5n tv\u00e5tusenfemhundra olika arter hemmah\u00f6rande p\u00e5 flera kontinenter. Imponerande! Av Britt-Marie Ekman Foto: Lennart Ekman I utkanten av den lilla orten Casarabonela n\u00e5ra mil norr om Malaga finns \u201cJardin Botanico de Cactus y otras Succulentas\u201d. Parken \u00e4r v\u00e4l v\u00e4rd ett bes\u00f6k och den ligger i en vacker trakt med Casarabonela som f\u00f6rtrollande [&hellip;]\" \/>\n<meta property=\"og:url\" content=\"https:\/\/lightweb.dev\/l\/svm-temp\/artiklar\/kaktusparken-i-casarabonela\/\" \/>\n<meta property=\"og:site_name\" content=\"Svenska Magasinet\" \/>\n<meta property=\"article:publisher\" content=\"https:\/\/www.facebook.com\/svenskamagasinet\" \/>\n<meta property=\"article:published_time\" content=\"2012-12-10T23:00:00+00:00\" \/>\n<meta property=\"og:image\" content=\"https:\/\/lightweb.dev\/l\/svm-temp\/wp-content\/uploads\/2022\/04\/kaktusparken-i-casarabonela.png\" \/>\n\t<meta property=\"og:image:width\" content=\"301\" \/>\n\t<meta property=\"og:image:height\" content=\"200\" \/>\n\t<meta property=\"og:image:type\" content=\"image\/png\" \/>\n<meta name=\"author\" content=\"Redaktionen SvM\" \/>\n<meta name=\"twitter:card\" content=\"summary_large_image\" \/>\n<meta name=\"twitter:creator\" content=\"@SvenskaMagasine\" \/>\n<meta name=\"twitter:site\" content=\"@SvenskaMagasine\" \/>\n<script type=\"application\/ld+json\" class=\"yoast-schema-graph\">{\"@context\":\"https:\\\/\\\/schema.org\",\"@graph\":[{\"@type\":\"Article\",\"@id\":\"https:\\\/\\\/lightweb.dev\\\/l\\\/svm-temp\\\/artiklar\\\/kaktusparken-i-casarabonela\\\/#article\",\"isPartOf\":{\"@id\":\"https:\\\/\\\/lightweb.dev\\\/l\\\/svm-temp\\\/artiklar\\\/kaktusparken-i-casarabonela\\\/\"},\"author\":{\"name\":\"Redaktionen SvM\",\"@id\":\"https:\\\/\\\/lightweb.dev\\\/l\\\/svm-temp\\\/#\\\/schema\\\/person\\\/206a3bda5b607b0c25e1749191e4d837\"},\"headline\":\"Kaktusparken i Casarabonela\",\"datePublished\":\"2012-12-10T23:00:00+00:00\",\"mainEntityOfPage\":{\"@id\":\"https:\\\/\\\/lightweb.dev\\\/l\\\/svm-temp\\\/artiklar\\\/kaktusparken-i-casarabonela\\\/\"},\"wordCount\":412,\"commentCount\":0,\"publisher\":{\"@id\":\"https:\\\/\\\/lightweb.dev\\\/l\\\/svm-temp\\\/#organization\"},\"image\":{\"@id\":\"https:\\\/\\\/lightweb.dev\\\/l\\\/svm-temp\\\/artiklar\\\/kaktusparken-i-casarabonela\\\/#primaryimage\"},\"thumbnailUrl\":\"https:\\\/\\\/lightweb.dev\\\/l\\\/svm-temp\\\/wp-content\\\/uploads\\\/2022\\\/04\\\/kaktusparken-i-casarabonela.png\",\"articleSection\":[\"Arkiv\",\"Artiklar\"],\"inLanguage\":\"sv-SE\"},{\"@type\":\"WebPage\",\"@id\":\"https:\\\/\\\/lightweb.dev\\\/l\\\/svm-temp\\\/artiklar\\\/kaktusparken-i-casarabonela\\\/\",\"url\":\"https:\\\/\\\/lightweb.dev\\\/l\\\/svm-temp\\\/artiklar\\\/kaktusparken-i-casarabonela\\\/\",\"name\":\"Kaktusparken i Casarabonela - Svenska Magasinet\",\"isPartOf\":{\"@id\":\"https:\\\/\\\/lightweb.dev\\\/l\\\/svm-temp\\\/#website\"},\"primaryImageOfPage\":{\"@id\":\"https:\\\/\\\/lightweb.dev\\\/l\\\/svm-temp\\\/artiklar\\\/kaktusparken-i-casarabonela\\\/#primaryimage\"},\"image\":{\"@id\":\"https:\\\/\\\/lightweb.dev\\\/l\\\/svm-temp\\\/artiklar\\\/kaktusparken-i-casarabonela\\\/#primaryimage\"},\"thumbnailUrl\":\"https:\\\/\\\/lightweb.dev\\\/l\\\/svm-temp\\\/wp-content\\\/uploads\\\/2022\\\/04\\\/kaktusparken-i-casarabonela.png\",\"datePublished\":\"2012-12-10T23:00:00+00:00\",\"breadcrumb\":{\"@id\":\"https:\\\/\\\/lightweb.dev\\\/l\\\/svm-temp\\\/artiklar\\\/kaktusparken-i-casarabonela\\\/#breadcrumb\"},\"inLanguage\":\"sv-SE\",\"potentialAction\":[{\"@type\":\"ReadAction\",\"target\":[\"https:\\\/\\\/lightweb.dev\\\/l\\\/svm-temp\\\/artiklar\\\/kaktusparken-i-casarabonela\\\/\"]}]},{\"@type\":\"ImageObject\",\"inLanguage\":\"sv-SE\",\"@id\":\"https:\\\/\\\/lightweb.dev\\\/l\\\/svm-temp\\\/artiklar\\\/kaktusparken-i-casarabonela\\\/#primaryimage\",\"url\":\"https:\\\/\\\/lightweb.dev\\\/l\\\/svm-temp\\\/wp-content\\\/uploads\\\/2022\\\/04\\\/kaktusparken-i-casarabonela.png\",\"contentUrl\":\"https:\\\/\\\/lightweb.dev\\\/l\\\/svm-temp\\\/wp-content\\\/uploads\\\/2022\\\/04\\\/kaktusparken-i-casarabonela.png\",\"width\":301,\"height\":200},{\"@type\":\"BreadcrumbList\",\"@id\":\"https:\\\/\\\/lightweb.dev\\\/l\\\/svm-temp\\\/artiklar\\\/kaktusparken-i-casarabonela\\\/#breadcrumb\",\"itemListElement\":[{\"@type\":\"ListItem\",\"position\":1,\"name\":\"Hem\",\"item\":\"https:\\\/\\\/lightweb.dev\\\/l\\\/svm-temp\\\/\"},{\"@type\":\"ListItem\",\"position\":2,\"name\":\"Kaktusparken i Casarabonela\"}]},{\"@type\":\"WebSite\",\"@id\":\"https:\\\/\\\/lightweb.dev\\\/l\\\/svm-temp\\\/#website\",\"url\":\"https:\\\/\\\/lightweb.dev\\\/l\\\/svm-temp\\\/\",\"name\":\"Svenska Magasinet\",\"description\":\"Dina Spanska nyheter p&aring; Svenska\",\"publisher\":{\"@id\":\"https:\\\/\\\/lightweb.dev\\\/l\\\/svm-temp\\\/#organization\"},\"potentialAction\":[{\"@type\":\"SearchAction\",\"target\":{\"@type\":\"EntryPoint\",\"urlTemplate\":\"https:\\\/\\\/lightweb.dev\\\/l\\\/svm-temp\\\/?s={search_term_string}\"},\"query-input\":{\"@type\":\"PropertyValueSpecification\",\"valueRequired\":true,\"valueName\":\"search_term_string\"}}],\"inLanguage\":\"sv-SE\"},{\"@type\":\"Organization\",\"@id\":\"https:\\\/\\\/lightweb.dev\\\/l\\\/svm-temp\\\/#organization\",\"name\":\"Melkerson y Nott SL\",\"alternateName\":\"Svenska Magasinet\",\"url\":\"https:\\\/\\\/lightweb.dev\\\/l\\\/svm-temp\\\/\",\"logo\":{\"@type\":\"ImageObject\",\"inLanguage\":\"sv-SE\",\"@id\":\"https:\\\/\\\/lightweb.dev\\\/l\\\/svm-temp\\\/#\\\/schema\\\/logo\\\/image\\\/\",\"url\":\"https:\\\/\\\/lightweb.dev\\\/l\\\/svm-temp\\\/wp-content\\\/uploads\\\/2025\\\/02\\\/SvM-logo-Xtra-Centrerad-SVART.png\",\"contentUrl\":\"https:\\\/\\\/lightweb.dev\\\/l\\\/svm-temp\\\/wp-content\\\/uploads\\\/2025\\\/02\\\/SvM-logo-Xtra-Centrerad-SVART.png\",\"width\":300,\"height\":99,\"caption\":\"Melkerson y Nott SL\"},\"image\":{\"@id\":\"https:\\\/\\\/lightweb.dev\\\/l\\\/svm-temp\\\/#\\\/schema\\\/logo\\\/image\\\/\"},\"sameAs\":[\"https:\\\/\\\/www.facebook.com\\\/svenskamagasinet\",\"https:\\\/\\\/x.com\\\/SvenskaMagasine\"]},{\"@type\":\"Person\",\"@id\":\"https:\\\/\\\/lightweb.dev\\\/l\\\/svm-temp\\\/#\\\/schema\\\/person\\\/206a3bda5b607b0c25e1749191e4d837\",\"name\":\"Redaktionen SvM\",\"description\":\"Redaktionen\",\"sameAs\":[\"https:\\\/\\\/lightweb.dev\\\/l\\\/svm-temp\"],\"url\":\"https:\\\/\\\/lightweb.dev\\\/l\\\/svm-temp\\\/reporter\\\/redaktionen\\\/\"}]}<\/script>\n<!-- \/ Yoast SEO Premium plugin. -->","yoast_head_json":{"title":"Kaktusparken i Casarabonela - Svenska Magasinet","robots":{"index":"noindex","follow":"follow","max-snippet":"max-snippet:-1","max-image-preview":"max-image-preview:large","max-video-preview":"max-video-preview:-1"},"og_locale":"sv_SE","og_type":"article","og_title":"Kaktusparken i Casarabonela","og_description":"Elva tusen plantor fr\u00e5n tv\u00e5tusenfemhundra olika arter hemmah\u00f6rande p\u00e5 flera kontinenter. Imponerande! Av Britt-Marie Ekman Foto: Lennart Ekman I utkanten av den lilla orten Casarabonela n\u00e5ra mil norr om Malaga finns \u201cJardin Botanico de Cactus y otras Succulentas\u201d. Parken \u00e4r v\u00e4l v\u00e4rd ett bes\u00f6k och den ligger i en vacker trakt med Casarabonela som f\u00f6rtrollande [&hellip;]","og_url":"https:\/\/lightweb.dev\/l\/svm-temp\/artiklar\/kaktusparken-i-casarabonela\/","og_site_name":"Svenska Magasinet","article_publisher":"https:\/\/www.facebook.com\/svenskamagasinet","article_published_time":"2012-12-10T23:00:00+00:00","og_image":[{"width":301,"height":200,"url":"https:\/\/lightweb.dev\/l\/svm-temp\/wp-content\/uploads\/2022\/04\/kaktusparken-i-casarabonela.png","type":"image\/png"}],"author":"Redaktionen SvM","twitter_card":"summary_large_image","twitter_creator":"@SvenskaMagasine","twitter_site":"@SvenskaMagasine","schema":{"@context":"https:\/\/schema.org","@graph":[{"@type":"Article","@id":"https:\/\/lightweb.dev\/l\/svm-temp\/artiklar\/kaktusparken-i-casarabonela\/#article","isPartOf":{"@id":"https:\/\/lightweb.dev\/l\/svm-temp\/artiklar\/kaktusparken-i-casarabonela\/"},"author":{"name":"Redaktionen SvM","@id":"https:\/\/lightweb.dev\/l\/svm-temp\/#\/schema\/person\/206a3bda5b607b0c25e1749191e4d837"},"headline":"Kaktusparken i Casarabonela","datePublished":"2012-12-10T23:00:00+00:00","mainEntityOfPage":{"@id":"https:\/\/lightweb.dev\/l\/svm-temp\/artiklar\/kaktusparken-i-casarabonela\/"},"wordCount":412,"commentCount":0,"publisher":{"@id":"https:\/\/lightweb.dev\/l\/svm-temp\/#organization"},"image":{"@id":"https:\/\/lightweb.dev\/l\/svm-temp\/artiklar\/kaktusparken-i-casarabonela\/#primaryimage"},"thumbnailUrl":"https:\/\/lightweb.dev\/l\/svm-temp\/wp-content\/uploads\/2022\/04\/kaktusparken-i-casarabonela.png","articleSection":["Arkiv","Artiklar"],"inLanguage":"sv-SE"},{"@type":"WebPage","@id":"https:\/\/lightweb.dev\/l\/svm-temp\/artiklar\/kaktusparken-i-casarabonela\/","url":"https:\/\/lightweb.dev\/l\/svm-temp\/artiklar\/kaktusparken-i-casarabonela\/","name":"Kaktusparken i Casarabonela - Svenska Magasinet","isPartOf":{"@id":"https:\/\/lightweb.dev\/l\/svm-temp\/#website"},"primaryImageOfPage":{"@id":"https:\/\/lightweb.dev\/l\/svm-temp\/artiklar\/kaktusparken-i-casarabonela\/#primaryimage"},"image":{"@id":"https:\/\/lightweb.dev\/l\/svm-temp\/artiklar\/kaktusparken-i-casarabonela\/#primaryimage"},"thumbnailUrl":"https:\/\/lightweb.dev\/l\/svm-temp\/wp-content\/uploads\/2022\/04\/kaktusparken-i-casarabonela.png","datePublished":"2012-12-10T23:00:00+00:00","breadcrumb":{"@id":"https:\/\/lightweb.dev\/l\/svm-temp\/artiklar\/kaktusparken-i-casarabonela\/#breadcrumb"},"inLanguage":"sv-SE","potentialAction":[{"@type":"ReadAction","target":["https:\/\/lightweb.dev\/l\/svm-temp\/artiklar\/kaktusparken-i-casarabonela\/"]}]},{"@type":"ImageObject","inLanguage":"sv-SE","@id":"https:\/\/lightweb.dev\/l\/svm-temp\/artiklar\/kaktusparken-i-casarabonela\/#primaryimage","url":"https:\/\/lightweb.dev\/l\/svm-temp\/wp-content\/uploads\/2022\/04\/kaktusparken-i-casarabonela.png","contentUrl":"https:\/\/lightweb.dev\/l\/svm-temp\/wp-content\/uploads\/2022\/04\/kaktusparken-i-casarabonela.png","width":301,"height":200},{"@type":"BreadcrumbList","@id":"https:\/\/lightweb.dev\/l\/svm-temp\/artiklar\/kaktusparken-i-casarabonela\/#breadcrumb","itemListElement":[{"@type":"ListItem","position":1,"name":"Hem","item":"https:\/\/lightweb.dev\/l\/svm-temp\/"},{"@type":"ListItem","position":2,"name":"Kaktusparken i Casarabonela"}]},{"@type":"WebSite","@id":"https:\/\/lightweb.dev\/l\/svm-temp\/#website","url":"https:\/\/lightweb.dev\/l\/svm-temp\/","name":"Svenska Magasinet","description":"Dina Spanska nyheter p&aring; Svenska","publisher":{"@id":"https:\/\/lightweb.dev\/l\/svm-temp\/#organization"},"potentialAction":[{"@type":"SearchAction","target":{"@type":"EntryPoint","urlTemplate":"https:\/\/lightweb.dev\/l\/svm-temp\/?s={search_term_string}"},"query-input":{"@type":"PropertyValueSpecification","valueRequired":true,"valueName":"search_term_string"}}],"inLanguage":"sv-SE"},{"@type":"Organization","@id":"https:\/\/lightweb.dev\/l\/svm-temp\/#organization","name":"Melkerson y Nott SL","alternateName":"Svenska Magasinet","url":"https:\/\/lightweb.dev\/l\/svm-temp\/","logo":{"@type":"ImageObject","inLanguage":"sv-SE","@id":"https:\/\/lightweb.dev\/l\/svm-temp\/#\/schema\/logo\/image\/","url":"https:\/\/lightweb.dev\/l\/svm-temp\/wp-content\/uploads\/2025\/02\/SvM-logo-Xtra-Centrerad-SVART.png","contentUrl":"https:\/\/lightweb.dev\/l\/svm-temp\/wp-content\/uploads\/2025\/02\/SvM-logo-Xtra-Centrerad-SVART.png","width":300,"height":99,"caption":"Melkerson y Nott SL"},"image":{"@id":"https:\/\/lightweb.dev\/l\/svm-temp\/#\/schema\/logo\/image\/"},"sameAs":["https:\/\/www.facebook.com\/svenskamagasinet","https:\/\/x.com\/SvenskaMagasine"]},{"@type":"Person","@id":"https:\/\/lightweb.dev\/l\/svm-temp\/#\/schema\/person\/206a3bda5b607b0c25e1749191e4d837","name":"Redaktionen SvM","description":"Redaktionen","sameAs":["https:\/\/lightweb.dev\/l\/svm-temp"],"url":"https:\/\/lightweb.dev\/l\/svm-temp\/reporter\/redaktionen\/"}]}},"_links":{"self":[{"href":"https:\/\/lightweb.dev\/l\/svm-temp\/wp-json\/wp\/v2\/posts\/3519","targetHints":{"allow":["GET"]}}],"collection":[{"href":"https:\/\/lightweb.dev\/l\/svm-temp\/wp-json\/wp\/v2\/posts"}],"about":[{"href":"https:\/\/lightweb.dev\/l\/svm-temp\/wp-json\/wp\/v2\/types\/post"}],"author":[{"embeddable":true,"href":"https:\/\/lightweb.dev\/l\/svm-temp\/wp-json\/wp\/v2\/users\/8"}],"replies":[{"embeddable":true,"href":"https:\/\/lightweb.dev\/l\/svm-temp\/wp-json\/wp\/v2\/comments?post=3519"}],"version-history":[{"count":0,"href":"https:\/\/lightweb.dev\/l\/svm-temp\/wp-json\/wp\/v2\/posts\/3519\/revisions"}],"wp:featuredmedia":[{"embeddable":true,"href":"https:\/\/lightweb.dev\/l\/svm-temp\/wp-json\/wp\/v2\/media\/3520"}],"wp:attachment":[{"href":"https:\/\/lightweb.dev\/l\/svm-temp\/wp-json\/wp\/v2\/media?parent=3519"}],"wp:term":[{"taxonomy":"category","embeddable":true,"href":"https:\/\/lightweb.dev\/l\/svm-temp\/wp-json\/wp\/v2\/categories?post=3519"},{"taxonomy":"post_tag","embeddable":true,"href":"https:\/\/lightweb.dev\/l\/svm-temp\/wp-json\/wp\/v2\/tags?post=3519"}],"curies":[{"name":"wp","href":"https:\/\/api.w.org\/{rel}","templated":true}]}}