{"id":3525,"date":"2012-12-11T00:00:00","date_gmt":"2012-12-10T23:00:00","guid":{"rendered":"https:\/\/lightweb.dev\/l\/svm-temp\/kyrkans-julbasarer\/"},"modified":"2012-12-11T00:00:00","modified_gmt":"2012-12-10T23:00:00","slug":"kyrkans-julbasarer","status":"publish","type":"post","link":"https:\/\/lightweb.dev\/l\/svm-temp\/artiklar\/kyrkans-julbasarer\/","title":{"rendered":"Kyrkans Julbasarer"},"content":{"rendered":"<p> Kyrkans \u00e5rliga julbasar i Fuengirola \u00e4r en av h\u00f6jdpunkterna f\u00f6r oss nordbor i Fuengirola med omnejd. \u00c5rets julbasar \u00e4gde rum fredagen den 30 november och fler \u00e4n 250 personer bes\u00f6kte basaren. Hantverksbordet lockade med sina alster av tomtar och julpynt, kanske finns det n\u00e5gon som f\u00e5r en tomte i bj\u00f6rktr\u00e4 uppkl\u00e4dd med en fotbollstr\u00f6ja som julklapp i \u00e5r! Det var m\u00e5nga som var p\u00e5 plats redan innan grindarna hade \u00f6ppnats. Basaren varade under fyra timmar med mingel, gl\u00f6gg och varmkorv. Cafe\u00e9t hade gjort sm\u00f6rg\u00e5sar med \u00e4gg och sill, k\u00f6tbullar och r\u00f6dbetssallad. Hantverksbordet lockade med sina alster av tomtar och julpynt, kanske finns det n\u00e5gon som f\u00e5r en tomte i bj\u00f6rktr\u00e4 uppkl\u00e4dd med en fotbollstr\u00f6ja som julklapp i \u00e5r.<br \/>\nLotterist\u00e5nden drog till sig m\u00e5nga k\u00f6pare d\u00e5 det fanns ett stort utbud av vinster som sponsrats av flera f\u00f6retagare och av kyrkans medlemmar. Ett stort och varmt tack till alla sponsorer. Kyrkok\u00f6ren framf\u00f6rde traditionella juls\u00e5nger och det blev \u00e4ven en uppskattad alls\u00e5ngsstund.<br \/>\nS\u00f6ndagen den f\u00f6rsta Advent var det \u00e4ven julbasar i Marbella. \u00c4ven h\u00e4r var det glatt med mingel , gl\u00f6gg och lotterier. <\/p>\n","protected":false},"excerpt":{"rendered":"<p>Kyrkans \u00e5rliga julbasar i Fuengirola \u00e4r en av h\u00f6jdpunkterna f\u00f6r oss nordbor i Fuengirola med omnejd. \u00c5rets julbasar \u00e4gde rum fredagen den 30 november och fler \u00e4n 250 personer bes\u00f6kte basaren. Hantverksbordet lockade med sina alster av tomtar och julpynt, kanske finns det n\u00e5gon som f\u00e5r en tomte i bj\u00f6rktr\u00e4 uppkl\u00e4dd med en fotbollstr\u00f6ja som [&hellip;]<\/p>\n","protected":false},"author":8,"featured_media":3526,"comment_status":"open","ping_status":"open","sticky":false,"template":"","format":"standard","meta":{"_et_pb_use_builder":"","_et_pb_old_content":"","_et_gb_content_width":"","footnotes":""},"categories":[396,4],"tags":[],"class_list":["post-3525","post","type-post","status-publish","format-standard","has-post-thumbnail","hentry","category-arkiv-artiklar","category-artiklar"],"yoast_head":"<!-- This site is optimized with the Yoast SEO Premium plugin v26.2 (Yoast SEO v27.5) - https:\/\/yoast.com\/product\/yoast-seo-premium-wordpress\/ -->\n<title>Kyrkans Julbasarer - Svenska Magasinet<\/title>\n<meta name=\"robots\" content=\"noindex, follow, max-snippet:-1, max-image-preview:large, max-video-preview:-1\" \/>\n<meta property=\"og:locale\" content=\"sv_SE\" \/>\n<meta property=\"og:type\" content=\"article\" \/>\n<meta property=\"og:title\" content=\"Kyrkans Julbasarer\" \/>\n<meta property=\"og:description\" content=\"Kyrkans \u00e5rliga julbasar i Fuengirola \u00e4r en av h\u00f6jdpunkterna f\u00f6r oss nordbor i Fuengirola med omnejd. \u00c5rets julbasar \u00e4gde rum fredagen den 30 november och fler \u00e4n 250 personer bes\u00f6kte basaren. Hantverksbordet lockade med sina alster av tomtar och julpynt, kanske finns det n\u00e5gon som f\u00e5r en tomte i bj\u00f6rktr\u00e4 uppkl\u00e4dd med en fotbollstr\u00f6ja som [&hellip;]\" \/>\n<meta property=\"og:url\" content=\"https:\/\/lightweb.dev\/l\/svm-temp\/artiklar\/kyrkans-julbasarer\/\" \/>\n<meta property=\"og:site_name\" content=\"Svenska Magasinet\" \/>\n<meta property=\"article:publisher\" content=\"https:\/\/www.facebook.com\/svenskamagasinet\" \/>\n<meta property=\"article:published_time\" content=\"2012-12-10T23:00:00+00:00\" \/>\n<meta property=\"og:image\" content=\"https:\/\/lightweb.dev\/l\/svm-temp\/wp-content\/uploads\/2022\/04\/kyrkans-julbasarer.png\" \/>\n\t<meta property=\"og:image:width\" content=\"280\" \/>\n\t<meta property=\"og:image:height\" content=\"200\" \/>\n\t<meta property=\"og:image:type\" content=\"image\/png\" \/>\n<meta name=\"author\" content=\"Redaktionen SvM\" \/>\n<meta name=\"twitter:card\" content=\"summary_large_image\" \/>\n<meta name=\"twitter:creator\" content=\"@SvenskaMagasine\" \/>\n<meta name=\"twitter:site\" content=\"@SvenskaMagasine\" \/>\n<script type=\"application\/ld+json\" class=\"yoast-schema-graph\">{\"@context\":\"https:\\\/\\\/schema.org\",\"@graph\":[{\"@type\":\"Article\",\"@id\":\"https:\\\/\\\/lightweb.dev\\\/l\\\/svm-temp\\\/artiklar\\\/kyrkans-julbasarer\\\/#article\",\"isPartOf\":{\"@id\":\"https:\\\/\\\/lightweb.dev\\\/l\\\/svm-temp\\\/artiklar\\\/kyrkans-julbasarer\\\/\"},\"author\":{\"name\":\"Redaktionen SvM\",\"@id\":\"https:\\\/\\\/lightweb.dev\\\/l\\\/svm-temp\\\/#\\\/schema\\\/person\\\/206a3bda5b607b0c25e1749191e4d837\"},\"headline\":\"Kyrkans Julbasarer\",\"datePublished\":\"2012-12-10T23:00:00+00:00\",\"mainEntityOfPage\":{\"@id\":\"https:\\\/\\\/lightweb.dev\\\/l\\\/svm-temp\\\/artiklar\\\/kyrkans-julbasarer\\\/\"},\"wordCount\":212,\"commentCount\":0,\"publisher\":{\"@id\":\"https:\\\/\\\/lightweb.dev\\\/l\\\/svm-temp\\\/#organization\"},\"image\":{\"@id\":\"https:\\\/\\\/lightweb.dev\\\/l\\\/svm-temp\\\/artiklar\\\/kyrkans-julbasarer\\\/#primaryimage\"},\"thumbnailUrl\":\"https:\\\/\\\/lightweb.dev\\\/l\\\/svm-temp\\\/wp-content\\\/uploads\\\/2022\\\/04\\\/kyrkans-julbasarer.png\",\"articleSection\":[\"Arkiv\",\"Artiklar\"],\"inLanguage\":\"sv-SE\"},{\"@type\":\"WebPage\",\"@id\":\"https:\\\/\\\/lightweb.dev\\\/l\\\/svm-temp\\\/artiklar\\\/kyrkans-julbasarer\\\/\",\"url\":\"https:\\\/\\\/lightweb.dev\\\/l\\\/svm-temp\\\/artiklar\\\/kyrkans-julbasarer\\\/\",\"name\":\"Kyrkans Julbasarer - Svenska Magasinet\",\"isPartOf\":{\"@id\":\"https:\\\/\\\/lightweb.dev\\\/l\\\/svm-temp\\\/#website\"},\"primaryImageOfPage\":{\"@id\":\"https:\\\/\\\/lightweb.dev\\\/l\\\/svm-temp\\\/artiklar\\\/kyrkans-julbasarer\\\/#primaryimage\"},\"image\":{\"@id\":\"https:\\\/\\\/lightweb.dev\\\/l\\\/svm-temp\\\/artiklar\\\/kyrkans-julbasarer\\\/#primaryimage\"},\"thumbnailUrl\":\"https:\\\/\\\/lightweb.dev\\\/l\\\/svm-temp\\\/wp-content\\\/uploads\\\/2022\\\/04\\\/kyrkans-julbasarer.png\",\"datePublished\":\"2012-12-10T23:00:00+00:00\",\"breadcrumb\":{\"@id\":\"https:\\\/\\\/lightweb.dev\\\/l\\\/svm-temp\\\/artiklar\\\/kyrkans-julbasarer\\\/#breadcrumb\"},\"inLanguage\":\"sv-SE\",\"potentialAction\":[{\"@type\":\"ReadAction\",\"target\":[\"https:\\\/\\\/lightweb.dev\\\/l\\\/svm-temp\\\/artiklar\\\/kyrkans-julbasarer\\\/\"]}]},{\"@type\":\"ImageObject\",\"inLanguage\":\"sv-SE\",\"@id\":\"https:\\\/\\\/lightweb.dev\\\/l\\\/svm-temp\\\/artiklar\\\/kyrkans-julbasarer\\\/#primaryimage\",\"url\":\"https:\\\/\\\/lightweb.dev\\\/l\\\/svm-temp\\\/wp-content\\\/uploads\\\/2022\\\/04\\\/kyrkans-julbasarer.png\",\"contentUrl\":\"https:\\\/\\\/lightweb.dev\\\/l\\\/svm-temp\\\/wp-content\\\/uploads\\\/2022\\\/04\\\/kyrkans-julbasarer.png\",\"width\":280,\"height\":200},{\"@type\":\"BreadcrumbList\",\"@id\":\"https:\\\/\\\/lightweb.dev\\\/l\\\/svm-temp\\\/artiklar\\\/kyrkans-julbasarer\\\/#breadcrumb\",\"itemListElement\":[{\"@type\":\"ListItem\",\"position\":1,\"name\":\"Hem\",\"item\":\"https:\\\/\\\/lightweb.dev\\\/l\\\/svm-temp\\\/\"},{\"@type\":\"ListItem\",\"position\":2,\"name\":\"Kyrkans Julbasarer\"}]},{\"@type\":\"WebSite\",\"@id\":\"https:\\\/\\\/lightweb.dev\\\/l\\\/svm-temp\\\/#website\",\"url\":\"https:\\\/\\\/lightweb.dev\\\/l\\\/svm-temp\\\/\",\"name\":\"Svenska Magasinet\",\"description\":\"Dina Spanska nyheter p&aring; Svenska\",\"publisher\":{\"@id\":\"https:\\\/\\\/lightweb.dev\\\/l\\\/svm-temp\\\/#organization\"},\"potentialAction\":[{\"@type\":\"SearchAction\",\"target\":{\"@type\":\"EntryPoint\",\"urlTemplate\":\"https:\\\/\\\/lightweb.dev\\\/l\\\/svm-temp\\\/?s={search_term_string}\"},\"query-input\":{\"@type\":\"PropertyValueSpecification\",\"valueRequired\":true,\"valueName\":\"search_term_string\"}}],\"inLanguage\":\"sv-SE\"},{\"@type\":\"Organization\",\"@id\":\"https:\\\/\\\/lightweb.dev\\\/l\\\/svm-temp\\\/#organization\",\"name\":\"Melkerson y Nott SL\",\"alternateName\":\"Svenska Magasinet\",\"url\":\"https:\\\/\\\/lightweb.dev\\\/l\\\/svm-temp\\\/\",\"logo\":{\"@type\":\"ImageObject\",\"inLanguage\":\"sv-SE\",\"@id\":\"https:\\\/\\\/lightweb.dev\\\/l\\\/svm-temp\\\/#\\\/schema\\\/logo\\\/image\\\/\",\"url\":\"https:\\\/\\\/lightweb.dev\\\/l\\\/svm-temp\\\/wp-content\\\/uploads\\\/2025\\\/02\\\/SvM-logo-Xtra-Centrerad-SVART.png\",\"contentUrl\":\"https:\\\/\\\/lightweb.dev\\\/l\\\/svm-temp\\\/wp-content\\\/uploads\\\/2025\\\/02\\\/SvM-logo-Xtra-Centrerad-SVART.png\",\"width\":300,\"height\":99,\"caption\":\"Melkerson y Nott SL\"},\"image\":{\"@id\":\"https:\\\/\\\/lightweb.dev\\\/l\\\/svm-temp\\\/#\\\/schema\\\/logo\\\/image\\\/\"},\"sameAs\":[\"https:\\\/\\\/www.facebook.com\\\/svenskamagasinet\",\"https:\\\/\\\/x.com\\\/SvenskaMagasine\"]},{\"@type\":\"Person\",\"@id\":\"https:\\\/\\\/lightweb.dev\\\/l\\\/svm-temp\\\/#\\\/schema\\\/person\\\/206a3bda5b607b0c25e1749191e4d837\",\"name\":\"Redaktionen SvM\",\"description\":\"Redaktionen\",\"sameAs\":[\"https:\\\/\\\/lightweb.dev\\\/l\\\/svm-temp\"],\"url\":\"https:\\\/\\\/lightweb.dev\\\/l\\\/svm-temp\\\/reporter\\\/redaktionen\\\/\"}]}<\/script>\n<!-- \/ Yoast SEO Premium plugin. -->","yoast_head_json":{"title":"Kyrkans Julbasarer - Svenska Magasinet","robots":{"index":"noindex","follow":"follow","max-snippet":"max-snippet:-1","max-image-preview":"max-image-preview:large","max-video-preview":"max-video-preview:-1"},"og_locale":"sv_SE","og_type":"article","og_title":"Kyrkans Julbasarer","og_description":"Kyrkans \u00e5rliga julbasar i Fuengirola \u00e4r en av h\u00f6jdpunkterna f\u00f6r oss nordbor i Fuengirola med omnejd. \u00c5rets julbasar \u00e4gde rum fredagen den 30 november och fler \u00e4n 250 personer bes\u00f6kte basaren. Hantverksbordet lockade med sina alster av tomtar och julpynt, kanske finns det n\u00e5gon som f\u00e5r en tomte i bj\u00f6rktr\u00e4 uppkl\u00e4dd med en fotbollstr\u00f6ja som [&hellip;]","og_url":"https:\/\/lightweb.dev\/l\/svm-temp\/artiklar\/kyrkans-julbasarer\/","og_site_name":"Svenska Magasinet","article_publisher":"https:\/\/www.facebook.com\/svenskamagasinet","article_published_time":"2012-12-10T23:00:00+00:00","og_image":[{"width":280,"height":200,"url":"https:\/\/lightweb.dev\/l\/svm-temp\/wp-content\/uploads\/2022\/04\/kyrkans-julbasarer.png","type":"image\/png"}],"author":"Redaktionen SvM","twitter_card":"summary_large_image","twitter_creator":"@SvenskaMagasine","twitter_site":"@SvenskaMagasine","schema":{"@context":"https:\/\/schema.org","@graph":[{"@type":"Article","@id":"https:\/\/lightweb.dev\/l\/svm-temp\/artiklar\/kyrkans-julbasarer\/#article","isPartOf":{"@id":"https:\/\/lightweb.dev\/l\/svm-temp\/artiklar\/kyrkans-julbasarer\/"},"author":{"name":"Redaktionen SvM","@id":"https:\/\/lightweb.dev\/l\/svm-temp\/#\/schema\/person\/206a3bda5b607b0c25e1749191e4d837"},"headline":"Kyrkans Julbasarer","datePublished":"2012-12-10T23:00:00+00:00","mainEntityOfPage":{"@id":"https:\/\/lightweb.dev\/l\/svm-temp\/artiklar\/kyrkans-julbasarer\/"},"wordCount":212,"commentCount":0,"publisher":{"@id":"https:\/\/lightweb.dev\/l\/svm-temp\/#organization"},"image":{"@id":"https:\/\/lightweb.dev\/l\/svm-temp\/artiklar\/kyrkans-julbasarer\/#primaryimage"},"thumbnailUrl":"https:\/\/lightweb.dev\/l\/svm-temp\/wp-content\/uploads\/2022\/04\/kyrkans-julbasarer.png","articleSection":["Arkiv","Artiklar"],"inLanguage":"sv-SE"},{"@type":"WebPage","@id":"https:\/\/lightweb.dev\/l\/svm-temp\/artiklar\/kyrkans-julbasarer\/","url":"https:\/\/lightweb.dev\/l\/svm-temp\/artiklar\/kyrkans-julbasarer\/","name":"Kyrkans Julbasarer - Svenska Magasinet","isPartOf":{"@id":"https:\/\/lightweb.dev\/l\/svm-temp\/#website"},"primaryImageOfPage":{"@id":"https:\/\/lightweb.dev\/l\/svm-temp\/artiklar\/kyrkans-julbasarer\/#primaryimage"},"image":{"@id":"https:\/\/lightweb.dev\/l\/svm-temp\/artiklar\/kyrkans-julbasarer\/#primaryimage"},"thumbnailUrl":"https:\/\/lightweb.dev\/l\/svm-temp\/wp-content\/uploads\/2022\/04\/kyrkans-julbasarer.png","datePublished":"2012-12-10T23:00:00+00:00","breadcrumb":{"@id":"https:\/\/lightweb.dev\/l\/svm-temp\/artiklar\/kyrkans-julbasarer\/#breadcrumb"},"inLanguage":"sv-SE","potentialAction":[{"@type":"ReadAction","target":["https:\/\/lightweb.dev\/l\/svm-temp\/artiklar\/kyrkans-julbasarer\/"]}]},{"@type":"ImageObject","inLanguage":"sv-SE","@id":"https:\/\/lightweb.dev\/l\/svm-temp\/artiklar\/kyrkans-julbasarer\/#primaryimage","url":"https:\/\/lightweb.dev\/l\/svm-temp\/wp-content\/uploads\/2022\/04\/kyrkans-julbasarer.png","contentUrl":"https:\/\/lightweb.dev\/l\/svm-temp\/wp-content\/uploads\/2022\/04\/kyrkans-julbasarer.png","width":280,"height":200},{"@type":"BreadcrumbList","@id":"https:\/\/lightweb.dev\/l\/svm-temp\/artiklar\/kyrkans-julbasarer\/#breadcrumb","itemListElement":[{"@type":"ListItem","position":1,"name":"Hem","item":"https:\/\/lightweb.dev\/l\/svm-temp\/"},{"@type":"ListItem","position":2,"name":"Kyrkans Julbasarer"}]},{"@type":"WebSite","@id":"https:\/\/lightweb.dev\/l\/svm-temp\/#website","url":"https:\/\/lightweb.dev\/l\/svm-temp\/","name":"Svenska Magasinet","description":"Dina Spanska nyheter p&aring; Svenska","publisher":{"@id":"https:\/\/lightweb.dev\/l\/svm-temp\/#organization"},"potentialAction":[{"@type":"SearchAction","target":{"@type":"EntryPoint","urlTemplate":"https:\/\/lightweb.dev\/l\/svm-temp\/?s={search_term_string}"},"query-input":{"@type":"PropertyValueSpecification","valueRequired":true,"valueName":"search_term_string"}}],"inLanguage":"sv-SE"},{"@type":"Organization","@id":"https:\/\/lightweb.dev\/l\/svm-temp\/#organization","name":"Melkerson y Nott SL","alternateName":"Svenska Magasinet","url":"https:\/\/lightweb.dev\/l\/svm-temp\/","logo":{"@type":"ImageObject","inLanguage":"sv-SE","@id":"https:\/\/lightweb.dev\/l\/svm-temp\/#\/schema\/logo\/image\/","url":"https:\/\/lightweb.dev\/l\/svm-temp\/wp-content\/uploads\/2025\/02\/SvM-logo-Xtra-Centrerad-SVART.png","contentUrl":"https:\/\/lightweb.dev\/l\/svm-temp\/wp-content\/uploads\/2025\/02\/SvM-logo-Xtra-Centrerad-SVART.png","width":300,"height":99,"caption":"Melkerson y Nott SL"},"image":{"@id":"https:\/\/lightweb.dev\/l\/svm-temp\/#\/schema\/logo\/image\/"},"sameAs":["https:\/\/www.facebook.com\/svenskamagasinet","https:\/\/x.com\/SvenskaMagasine"]},{"@type":"Person","@id":"https:\/\/lightweb.dev\/l\/svm-temp\/#\/schema\/person\/206a3bda5b607b0c25e1749191e4d837","name":"Redaktionen SvM","description":"Redaktionen","sameAs":["https:\/\/lightweb.dev\/l\/svm-temp"],"url":"https:\/\/lightweb.dev\/l\/svm-temp\/reporter\/redaktionen\/"}]}},"_links":{"self":[{"href":"https:\/\/lightweb.dev\/l\/svm-temp\/wp-json\/wp\/v2\/posts\/3525","targetHints":{"allow":["GET"]}}],"collection":[{"href":"https:\/\/lightweb.dev\/l\/svm-temp\/wp-json\/wp\/v2\/posts"}],"about":[{"href":"https:\/\/lightweb.dev\/l\/svm-temp\/wp-json\/wp\/v2\/types\/post"}],"author":[{"embeddable":true,"href":"https:\/\/lightweb.dev\/l\/svm-temp\/wp-json\/wp\/v2\/users\/8"}],"replies":[{"embeddable":true,"href":"https:\/\/lightweb.dev\/l\/svm-temp\/wp-json\/wp\/v2\/comments?post=3525"}],"version-history":[{"count":0,"href":"https:\/\/lightweb.dev\/l\/svm-temp\/wp-json\/wp\/v2\/posts\/3525\/revisions"}],"wp:featuredmedia":[{"embeddable":true,"href":"https:\/\/lightweb.dev\/l\/svm-temp\/wp-json\/wp\/v2\/media\/3526"}],"wp:attachment":[{"href":"https:\/\/lightweb.dev\/l\/svm-temp\/wp-json\/wp\/v2\/media?parent=3525"}],"wp:term":[{"taxonomy":"category","embeddable":true,"href":"https:\/\/lightweb.dev\/l\/svm-temp\/wp-json\/wp\/v2\/categories?post=3525"},{"taxonomy":"post_tag","embeddable":true,"href":"https:\/\/lightweb.dev\/l\/svm-temp\/wp-json\/wp\/v2\/tags?post=3525"}],"curies":[{"name":"wp","href":"https:\/\/api.w.org\/{rel}","templated":true}]}}