{"id":3529,"date":"2012-11-13T00:00:00","date_gmt":"2012-11-12T23:00:00","guid":{"rendered":"https:\/\/lightweb.dev\/l\/svm-temp\/rapport-fran-vingarden-2012-rekordskord-trots-rekordtorka\/"},"modified":"2012-11-13T00:00:00","modified_gmt":"2012-11-12T23:00:00","slug":"rapport-fran-vingarden-2012-rekordskord-trots-rekordtorka","status":"publish","type":"post","link":"https:\/\/lightweb.dev\/l\/svm-temp\/artiklar\/rapport-fran-vingarden-2012-rekordskord-trots-rekordtorka\/","title":{"rendered":"Rapport fr\u00e5n ving\u00e5rden 2012 = Rekordsk\u00f6rd trots rekordtorka"},"content":{"rendered":"<p> Varje \u00e5r \u00e4r det lika sp\u00e4nnande. I \u00e5r var inget undantag. Efter n\u00e4stan ett halv\u00e5r utan en enda droppe regn var det med stegrande sp\u00e4nning vi s\u00e5g fram emot \u00e5rets vinsk\u00f6rd. Skulle vi f\u00e5 n\u00e5gra druvor \u00f6verhuvudtaget? Hur skulle kvalit\u00e9n bli? D\u00e4rf\u00f6r var det med stor l\u00e4ttnad, och faktiskt med lika stor f\u00f6rv\u00e5ning (!), som vi kunde gl\u00e4djas \u00e5t en rekordsk\u00f6rd i alla avseenden. Av Morgan Skantz<br \/>\nTur till tusen hade vi ocks\u00e5! Det f\u00f6rsta regnet kom n\u00e4mligen precis n\u00e4r sista lasset med druvor var inne i bodegan. \u00a1Qu\u00e9 alegr\u00eda! Vilken lycka!<br \/>\nI det h\u00e4r reportaget ska ni f\u00e5 f\u00f6lja med p\u00e5 en direktrapport bakom kulisserna p\u00e5 en modern bodega. N\u00e4rmare best\u00e4mt p\u00e5 \u201dv\u00e5r\u201d bodega i norra Andalusien, Bodegas Fuente Reina i Constantina. V\u00e5r ledsagare \u00e4r tillika min personliga mentor n\u00e4r det g\u00e4ller vinkunskap, vinm\u00e4staren Pascual Ru\u00edz Garc\u00eda. Pascual kort och gott.<br \/>\nTio dagar, elva personer, 71 ton<br \/>\nSom jag skrev i ingressen slog \u00e5rets sk\u00f6rd rekord i flera avseenden. M\u00e4ngdm\u00e4ssigt har vi aldrig tidigare f\u00e5tt s\u00e5 mycket druvor. Totalt sk\u00f6rdade elva personer, varav sex kvinnor, under tio dagar hela 70.995 kilo, allts\u00e5 v\u00e4ldigt n\u00e4ra 71 ton.<br \/>\nDet betyder 6,5 ton per person eller 650 kilo per person och dag. Eftersom druvorna sk\u00f6rdas i 20-kiloskorgar betyder det att varje person, varje dag (!), fyllde 32 korgar med perfekt mogna vindruvor.<br \/>\nKvalit\u00e9n: Excellente!<br \/>\nTack vare den halv\u00e5rsl\u00e5nga torkan inneh\u00f6ll druvorna i \u00e5r betydligt mindre vatten \u00e4n normalt. Detta i sin tur medf\u00f6rde betydligt mer frukt och mer f\u00e4rg. Varje vinmakares dr\u00f6m! Ett vin gjort p\u00e5 s\u00e5dan r\u00e5vara kommer att f\u00e5 kraftig kropp och djup f\u00e4rg.<\/p>\n<p>Det f\u00f6rsta vinet vi kommer att kunna avnjuta av \u00e5rets druvor ska faktiskt vara klart redan innan \u00e5rets slut. Det blir ett r\u00f6dvin gjort p\u00e5 80 procent Tempranillo och 20 procent Cabernet Sauvignon. Vinet buteljeras oekat f\u00f6r att beh\u00e5lla alla naturliga smaker.  Friskt och fruktigt med andra ord. Med etiketten FunduS.  Priset? Kring 7 euro.<\/p>\n<p>Prestigevinet<br \/>\nVi kommer \u00e4ven att g\u00f6ra v\u00e5rt prestigevin Pagos de Fuente Reina. Hur druvsammans\u00e4ttningen kommer att bli vet vi emellertid inte f\u00f6rr\u00e4n om ungef\u00e4r ett \u00e5r. De olika vinerna, Merlot, Cabernet Sauvignon och Tempranillo, ska n\u00e4mligen nu lagras p\u00e5 olika ekfat i ungef\u00e4r ett \u00e5r. Efter ekfatslagringen kommer vi att blanda och prova, blanda och prova\u2026 f\u00f6r att slutligen komma fram till hur Pagos Fuente Reina 2012 kommer att smaka!<\/p>\n<p>Smaka tre g\u00e5nger<br \/>\nAprop\u00e5 smaka. Om ett vin fr\u00e5n en viss \u00e5rg\u00e5ng, i det h\u00e4r fallet 2012, kommer att bli b\u00e4ttre eller s\u00e4mre, vet man egentligen  inte f\u00f6rr\u00e4n efter tre avsmakningar. F\u00f6rsta avsmakningen g\u00f6r man av \u201del mosto\u201d, den nypressade druvmusten. Andra g\u00e5ngen n\u00e4r vinet har j\u00e4st ut. Hur l\u00e5ng tid j\u00e4sningen tar varierar dock otroligt mycket \u00e5r fr\u00e5n \u00e5r. Allt fr\u00e5n 10-40 dagar beroende p\u00e5 hur v\u00e4dret under v\u00e4xts\u00e4songen varit.<br \/>\nDen tredje avsmakningen g\u00f6rs efter den s\u00e5 kallade malolaktiska j\u00e4sningen n\u00e4r de skarpa \u00e4ppelsyrorna f\u00f6rvandlas till mjuka mj\u00f6lksyror. S\u00e5 nu vet vi det ocks\u00e5!<\/p>\n<p>Regn inte bra<br \/>\nDe flesta vet att regn i samband med vinsk\u00f6rd inte \u00e4r n\u00e5got bra. Men f\u00e5 vet varf\u00f6r. Egentligen handlar det om tv\u00e5 saker. Det ena \u00e4r att regnet sk\u00f6ljer bort den naturliga j\u00e4st som finns p\u00e5 druvornas skal. D\u00e4rf\u00f6r m\u00e5ste man i s\u00e5 fall anv\u00e4nda konstgjord j\u00e4st, vilket man helst vill undvika. Naturj\u00e4st \u00e4r b\u00e4st!<br \/>\nDet andra handlar om att regnvattnet stannar kvar mellan druvorna i varje klase, och d\u00e4r b\u00f6rjar m\u00f6gla! Vin gjort p\u00e5 m\u00f6gliga druvor blir inte bra! Att vi slapp regnet vid \u00e5rets sk\u00f6rd kan man d\u00e4rf\u00f6r kalla bonnr\u00f6ta (hoppsan!).<\/p>\n<p>Tre \u00e5rstider<br \/>\nVi h\u00f6r ofta kustsvenskar beklaga sig \u00f6ver att de fr\u00e5n Sverige saknar de fyra \u00e5rstiderna. D\u00e5 skulle de bli vinodlare! F\u00f6r i ving\u00e5rden syns de olika \u00e5rstiderna v\u00e4ldigt tydligt. P\u00e5 vintern f\u00e5r vi dessutom alltid sn\u00f6 i v\u00e5r ving\u00e5rd i norra Andalusien, p\u00e5 700 meters h\u00f6jd \u00f6ver Medelhavet.<br \/>\nD\u00e4rmed k\u00e4ra vinv\u00e4nner s\u00e4tter jag punkt f\u00f6r denna g\u00e5ng. H\u00f6r g\u00e4rna av er med fr\u00e5gor och synpunkter!<\/p>\n","protected":false},"excerpt":{"rendered":"<p>Varje \u00e5r \u00e4r det lika sp\u00e4nnande. I \u00e5r var inget undantag. Efter n\u00e4stan ett halv\u00e5r utan en enda droppe regn var det med stegrande sp\u00e4nning vi s\u00e5g fram emot \u00e5rets vinsk\u00f6rd. Skulle vi f\u00e5 n\u00e5gra druvor \u00f6verhuvudtaget? Hur skulle kvalit\u00e9n bli? D\u00e4rf\u00f6r var det med stor l\u00e4ttnad, och faktiskt med lika stor f\u00f6rv\u00e5ning (!), som [&hellip;]<\/p>\n","protected":false},"author":8,"featured_media":3530,"comment_status":"open","ping_status":"open","sticky":false,"template":"","format":"standard","meta":{"_et_pb_use_builder":"","_et_pb_old_content":"","_et_gb_content_width":"","footnotes":""},"categories":[4,38],"tags":[],"class_list":["post-3529","post","type-post","status-publish","format-standard","has-post-thumbnail","hentry","category-artiklar","category-mat-vin"],"yoast_head":"<!-- This site is optimized with the Yoast SEO Premium plugin v26.2 (Yoast SEO v27.5) - https:\/\/yoast.com\/product\/yoast-seo-premium-wordpress\/ -->\n<title>Rapport fr\u00e5n ving\u00e5rden 2012 = Rekordsk\u00f6rd trots rekordtorka - Svenska Magasinet<\/title>\n<meta name=\"robots\" content=\"noindex, follow, max-snippet:-1, max-image-preview:large, max-video-preview:-1\" \/>\n<meta property=\"og:locale\" content=\"sv_SE\" \/>\n<meta property=\"og:type\" content=\"article\" \/>\n<meta property=\"og:title\" content=\"Rapport fr\u00e5n ving\u00e5rden 2012 = Rekordsk\u00f6rd trots rekordtorka\" \/>\n<meta property=\"og:description\" content=\"Varje \u00e5r \u00e4r det lika sp\u00e4nnande. I \u00e5r var inget undantag. Efter n\u00e4stan ett halv\u00e5r utan en enda droppe regn var det med stegrande sp\u00e4nning vi s\u00e5g fram emot \u00e5rets vinsk\u00f6rd. Skulle vi f\u00e5 n\u00e5gra druvor \u00f6verhuvudtaget? Hur skulle kvalit\u00e9n bli? D\u00e4rf\u00f6r var det med stor l\u00e4ttnad, och faktiskt med lika stor f\u00f6rv\u00e5ning (!), som [&hellip;]\" \/>\n<meta property=\"og:url\" content=\"https:\/\/lightweb.dev\/l\/svm-temp\/artiklar\/rapport-fran-vingarden-2012-rekordskord-trots-rekordtorka\/\" \/>\n<meta property=\"og:site_name\" content=\"Svenska Magasinet\" \/>\n<meta property=\"article:publisher\" content=\"https:\/\/www.facebook.com\/svenskamagasinet\" \/>\n<meta property=\"article:published_time\" content=\"2012-11-12T23:00:00+00:00\" \/>\n<meta property=\"og:image\" content=\"https:\/\/lightweb.dev\/l\/svm-temp\/wp-content\/uploads\/2022\/04\/rapport-frn-vingrden-2012-rekordskrd-trots-rekordtorka.png\" \/>\n\t<meta property=\"og:image:width\" content=\"280\" \/>\n\t<meta property=\"og:image:height\" content=\"373\" \/>\n\t<meta property=\"og:image:type\" content=\"image\/png\" \/>\n<meta name=\"author\" content=\"Redaktionen SvM\" \/>\n<meta name=\"twitter:card\" content=\"summary_large_image\" \/>\n<meta name=\"twitter:creator\" content=\"@SvenskaMagasine\" \/>\n<meta name=\"twitter:site\" content=\"@SvenskaMagasine\" \/>\n<script type=\"application\/ld+json\" class=\"yoast-schema-graph\">{\"@context\":\"https:\\\/\\\/schema.org\",\"@graph\":[{\"@type\":\"Article\",\"@id\":\"https:\\\/\\\/lightweb.dev\\\/l\\\/svm-temp\\\/artiklar\\\/rapport-fran-vingarden-2012-rekordskord-trots-rekordtorka\\\/#article\",\"isPartOf\":{\"@id\":\"https:\\\/\\\/lightweb.dev\\\/l\\\/svm-temp\\\/artiklar\\\/rapport-fran-vingarden-2012-rekordskord-trots-rekordtorka\\\/\"},\"author\":{\"name\":\"Redaktionen SvM\",\"@id\":\"https:\\\/\\\/lightweb.dev\\\/l\\\/svm-temp\\\/#\\\/schema\\\/person\\\/206a3bda5b607b0c25e1749191e4d837\"},\"headline\":\"Rapport fr\u00e5n ving\u00e5rden 2012 = Rekordsk\u00f6rd trots rekordtorka\",\"datePublished\":\"2012-11-12T23:00:00+00:00\",\"mainEntityOfPage\":{\"@id\":\"https:\\\/\\\/lightweb.dev\\\/l\\\/svm-temp\\\/artiklar\\\/rapport-fran-vingarden-2012-rekordskord-trots-rekordtorka\\\/\"},\"wordCount\":766,\"commentCount\":0,\"publisher\":{\"@id\":\"https:\\\/\\\/lightweb.dev\\\/l\\\/svm-temp\\\/#organization\"},\"image\":{\"@id\":\"https:\\\/\\\/lightweb.dev\\\/l\\\/svm-temp\\\/artiklar\\\/rapport-fran-vingarden-2012-rekordskord-trots-rekordtorka\\\/#primaryimage\"},\"thumbnailUrl\":\"https:\\\/\\\/lightweb.dev\\\/l\\\/svm-temp\\\/wp-content\\\/uploads\\\/2022\\\/04\\\/rapport-frn-vingrden-2012-rekordskrd-trots-rekordtorka.png\",\"articleSection\":[\"Artiklar\",\"Mat &amp; vin\"],\"inLanguage\":\"sv-SE\"},{\"@type\":\"WebPage\",\"@id\":\"https:\\\/\\\/lightweb.dev\\\/l\\\/svm-temp\\\/artiklar\\\/rapport-fran-vingarden-2012-rekordskord-trots-rekordtorka\\\/\",\"url\":\"https:\\\/\\\/lightweb.dev\\\/l\\\/svm-temp\\\/artiklar\\\/rapport-fran-vingarden-2012-rekordskord-trots-rekordtorka\\\/\",\"name\":\"Rapport fr\u00e5n ving\u00e5rden 2012 = Rekordsk\u00f6rd trots rekordtorka - Svenska Magasinet\",\"isPartOf\":{\"@id\":\"https:\\\/\\\/lightweb.dev\\\/l\\\/svm-temp\\\/#website\"},\"primaryImageOfPage\":{\"@id\":\"https:\\\/\\\/lightweb.dev\\\/l\\\/svm-temp\\\/artiklar\\\/rapport-fran-vingarden-2012-rekordskord-trots-rekordtorka\\\/#primaryimage\"},\"image\":{\"@id\":\"https:\\\/\\\/lightweb.dev\\\/l\\\/svm-temp\\\/artiklar\\\/rapport-fran-vingarden-2012-rekordskord-trots-rekordtorka\\\/#primaryimage\"},\"thumbnailUrl\":\"https:\\\/\\\/lightweb.dev\\\/l\\\/svm-temp\\\/wp-content\\\/uploads\\\/2022\\\/04\\\/rapport-frn-vingrden-2012-rekordskrd-trots-rekordtorka.png\",\"datePublished\":\"2012-11-12T23:00:00+00:00\",\"breadcrumb\":{\"@id\":\"https:\\\/\\\/lightweb.dev\\\/l\\\/svm-temp\\\/artiklar\\\/rapport-fran-vingarden-2012-rekordskord-trots-rekordtorka\\\/#breadcrumb\"},\"inLanguage\":\"sv-SE\",\"potentialAction\":[{\"@type\":\"ReadAction\",\"target\":[\"https:\\\/\\\/lightweb.dev\\\/l\\\/svm-temp\\\/artiklar\\\/rapport-fran-vingarden-2012-rekordskord-trots-rekordtorka\\\/\"]}]},{\"@type\":\"ImageObject\",\"inLanguage\":\"sv-SE\",\"@id\":\"https:\\\/\\\/lightweb.dev\\\/l\\\/svm-temp\\\/artiklar\\\/rapport-fran-vingarden-2012-rekordskord-trots-rekordtorka\\\/#primaryimage\",\"url\":\"https:\\\/\\\/lightweb.dev\\\/l\\\/svm-temp\\\/wp-content\\\/uploads\\\/2022\\\/04\\\/rapport-frn-vingrden-2012-rekordskrd-trots-rekordtorka.png\",\"contentUrl\":\"https:\\\/\\\/lightweb.dev\\\/l\\\/svm-temp\\\/wp-content\\\/uploads\\\/2022\\\/04\\\/rapport-frn-vingrden-2012-rekordskrd-trots-rekordtorka.png\",\"width\":280,\"height\":373},{\"@type\":\"BreadcrumbList\",\"@id\":\"https:\\\/\\\/lightweb.dev\\\/l\\\/svm-temp\\\/artiklar\\\/rapport-fran-vingarden-2012-rekordskord-trots-rekordtorka\\\/#breadcrumb\",\"itemListElement\":[{\"@type\":\"ListItem\",\"position\":1,\"name\":\"Hem\",\"item\":\"https:\\\/\\\/lightweb.dev\\\/l\\\/svm-temp\\\/\"},{\"@type\":\"ListItem\",\"position\":2,\"name\":\"Rapport fr\u00e5n ving\u00e5rden 2012 = Rekordsk\u00f6rd trots rekordtorka\"}]},{\"@type\":\"WebSite\",\"@id\":\"https:\\\/\\\/lightweb.dev\\\/l\\\/svm-temp\\\/#website\",\"url\":\"https:\\\/\\\/lightweb.dev\\\/l\\\/svm-temp\\\/\",\"name\":\"Svenska Magasinet\",\"description\":\"Dina Spanska nyheter p&aring; Svenska\",\"publisher\":{\"@id\":\"https:\\\/\\\/lightweb.dev\\\/l\\\/svm-temp\\\/#organization\"},\"potentialAction\":[{\"@type\":\"SearchAction\",\"target\":{\"@type\":\"EntryPoint\",\"urlTemplate\":\"https:\\\/\\\/lightweb.dev\\\/l\\\/svm-temp\\\/?s={search_term_string}\"},\"query-input\":{\"@type\":\"PropertyValueSpecification\",\"valueRequired\":true,\"valueName\":\"search_term_string\"}}],\"inLanguage\":\"sv-SE\"},{\"@type\":\"Organization\",\"@id\":\"https:\\\/\\\/lightweb.dev\\\/l\\\/svm-temp\\\/#organization\",\"name\":\"Melkerson y Nott SL\",\"alternateName\":\"Svenska Magasinet\",\"url\":\"https:\\\/\\\/lightweb.dev\\\/l\\\/svm-temp\\\/\",\"logo\":{\"@type\":\"ImageObject\",\"inLanguage\":\"sv-SE\",\"@id\":\"https:\\\/\\\/lightweb.dev\\\/l\\\/svm-temp\\\/#\\\/schema\\\/logo\\\/image\\\/\",\"url\":\"https:\\\/\\\/lightweb.dev\\\/l\\\/svm-temp\\\/wp-content\\\/uploads\\\/2025\\\/02\\\/SvM-logo-Xtra-Centrerad-SVART.png\",\"contentUrl\":\"https:\\\/\\\/lightweb.dev\\\/l\\\/svm-temp\\\/wp-content\\\/uploads\\\/2025\\\/02\\\/SvM-logo-Xtra-Centrerad-SVART.png\",\"width\":300,\"height\":99,\"caption\":\"Melkerson y Nott SL\"},\"image\":{\"@id\":\"https:\\\/\\\/lightweb.dev\\\/l\\\/svm-temp\\\/#\\\/schema\\\/logo\\\/image\\\/\"},\"sameAs\":[\"https:\\\/\\\/www.facebook.com\\\/svenskamagasinet\",\"https:\\\/\\\/x.com\\\/SvenskaMagasine\"]},{\"@type\":\"Person\",\"@id\":\"https:\\\/\\\/lightweb.dev\\\/l\\\/svm-temp\\\/#\\\/schema\\\/person\\\/206a3bda5b607b0c25e1749191e4d837\",\"name\":\"Redaktionen SvM\",\"description\":\"Redaktionen\",\"sameAs\":[\"https:\\\/\\\/lightweb.dev\\\/l\\\/svm-temp\"],\"url\":\"https:\\\/\\\/lightweb.dev\\\/l\\\/svm-temp\\\/reporter\\\/redaktionen\\\/\"}]}<\/script>\n<!-- \/ Yoast SEO Premium plugin. -->","yoast_head_json":{"title":"Rapport fr\u00e5n ving\u00e5rden 2012 = Rekordsk\u00f6rd trots rekordtorka - Svenska Magasinet","robots":{"index":"noindex","follow":"follow","max-snippet":"max-snippet:-1","max-image-preview":"max-image-preview:large","max-video-preview":"max-video-preview:-1"},"og_locale":"sv_SE","og_type":"article","og_title":"Rapport fr\u00e5n ving\u00e5rden 2012 = Rekordsk\u00f6rd trots rekordtorka","og_description":"Varje \u00e5r \u00e4r det lika sp\u00e4nnande. I \u00e5r var inget undantag. Efter n\u00e4stan ett halv\u00e5r utan en enda droppe regn var det med stegrande sp\u00e4nning vi s\u00e5g fram emot \u00e5rets vinsk\u00f6rd. Skulle vi f\u00e5 n\u00e5gra druvor \u00f6verhuvudtaget? Hur skulle kvalit\u00e9n bli? D\u00e4rf\u00f6r var det med stor l\u00e4ttnad, och faktiskt med lika stor f\u00f6rv\u00e5ning (!), som [&hellip;]","og_url":"https:\/\/lightweb.dev\/l\/svm-temp\/artiklar\/rapport-fran-vingarden-2012-rekordskord-trots-rekordtorka\/","og_site_name":"Svenska Magasinet","article_publisher":"https:\/\/www.facebook.com\/svenskamagasinet","article_published_time":"2012-11-12T23:00:00+00:00","og_image":[{"width":280,"height":373,"url":"https:\/\/lightweb.dev\/l\/svm-temp\/wp-content\/uploads\/2022\/04\/rapport-frn-vingrden-2012-rekordskrd-trots-rekordtorka.png","type":"image\/png"}],"author":"Redaktionen SvM","twitter_card":"summary_large_image","twitter_creator":"@SvenskaMagasine","twitter_site":"@SvenskaMagasine","schema":{"@context":"https:\/\/schema.org","@graph":[{"@type":"Article","@id":"https:\/\/lightweb.dev\/l\/svm-temp\/artiklar\/rapport-fran-vingarden-2012-rekordskord-trots-rekordtorka\/#article","isPartOf":{"@id":"https:\/\/lightweb.dev\/l\/svm-temp\/artiklar\/rapport-fran-vingarden-2012-rekordskord-trots-rekordtorka\/"},"author":{"name":"Redaktionen SvM","@id":"https:\/\/lightweb.dev\/l\/svm-temp\/#\/schema\/person\/206a3bda5b607b0c25e1749191e4d837"},"headline":"Rapport fr\u00e5n ving\u00e5rden 2012 = Rekordsk\u00f6rd trots rekordtorka","datePublished":"2012-11-12T23:00:00+00:00","mainEntityOfPage":{"@id":"https:\/\/lightweb.dev\/l\/svm-temp\/artiklar\/rapport-fran-vingarden-2012-rekordskord-trots-rekordtorka\/"},"wordCount":766,"commentCount":0,"publisher":{"@id":"https:\/\/lightweb.dev\/l\/svm-temp\/#organization"},"image":{"@id":"https:\/\/lightweb.dev\/l\/svm-temp\/artiklar\/rapport-fran-vingarden-2012-rekordskord-trots-rekordtorka\/#primaryimage"},"thumbnailUrl":"https:\/\/lightweb.dev\/l\/svm-temp\/wp-content\/uploads\/2022\/04\/rapport-frn-vingrden-2012-rekordskrd-trots-rekordtorka.png","articleSection":["Artiklar","Mat &amp; vin"],"inLanguage":"sv-SE"},{"@type":"WebPage","@id":"https:\/\/lightweb.dev\/l\/svm-temp\/artiklar\/rapport-fran-vingarden-2012-rekordskord-trots-rekordtorka\/","url":"https:\/\/lightweb.dev\/l\/svm-temp\/artiklar\/rapport-fran-vingarden-2012-rekordskord-trots-rekordtorka\/","name":"Rapport fr\u00e5n ving\u00e5rden 2012 = Rekordsk\u00f6rd trots rekordtorka - Svenska Magasinet","isPartOf":{"@id":"https:\/\/lightweb.dev\/l\/svm-temp\/#website"},"primaryImageOfPage":{"@id":"https:\/\/lightweb.dev\/l\/svm-temp\/artiklar\/rapport-fran-vingarden-2012-rekordskord-trots-rekordtorka\/#primaryimage"},"image":{"@id":"https:\/\/lightweb.dev\/l\/svm-temp\/artiklar\/rapport-fran-vingarden-2012-rekordskord-trots-rekordtorka\/#primaryimage"},"thumbnailUrl":"https:\/\/lightweb.dev\/l\/svm-temp\/wp-content\/uploads\/2022\/04\/rapport-frn-vingrden-2012-rekordskrd-trots-rekordtorka.png","datePublished":"2012-11-12T23:00:00+00:00","breadcrumb":{"@id":"https:\/\/lightweb.dev\/l\/svm-temp\/artiklar\/rapport-fran-vingarden-2012-rekordskord-trots-rekordtorka\/#breadcrumb"},"inLanguage":"sv-SE","potentialAction":[{"@type":"ReadAction","target":["https:\/\/lightweb.dev\/l\/svm-temp\/artiklar\/rapport-fran-vingarden-2012-rekordskord-trots-rekordtorka\/"]}]},{"@type":"ImageObject","inLanguage":"sv-SE","@id":"https:\/\/lightweb.dev\/l\/svm-temp\/artiklar\/rapport-fran-vingarden-2012-rekordskord-trots-rekordtorka\/#primaryimage","url":"https:\/\/lightweb.dev\/l\/svm-temp\/wp-content\/uploads\/2022\/04\/rapport-frn-vingrden-2012-rekordskrd-trots-rekordtorka.png","contentUrl":"https:\/\/lightweb.dev\/l\/svm-temp\/wp-content\/uploads\/2022\/04\/rapport-frn-vingrden-2012-rekordskrd-trots-rekordtorka.png","width":280,"height":373},{"@type":"BreadcrumbList","@id":"https:\/\/lightweb.dev\/l\/svm-temp\/artiklar\/rapport-fran-vingarden-2012-rekordskord-trots-rekordtorka\/#breadcrumb","itemListElement":[{"@type":"ListItem","position":1,"name":"Hem","item":"https:\/\/lightweb.dev\/l\/svm-temp\/"},{"@type":"ListItem","position":2,"name":"Rapport fr\u00e5n ving\u00e5rden 2012 = Rekordsk\u00f6rd trots rekordtorka"}]},{"@type":"WebSite","@id":"https:\/\/lightweb.dev\/l\/svm-temp\/#website","url":"https:\/\/lightweb.dev\/l\/svm-temp\/","name":"Svenska Magasinet","description":"Dina Spanska nyheter p&aring; Svenska","publisher":{"@id":"https:\/\/lightweb.dev\/l\/svm-temp\/#organization"},"potentialAction":[{"@type":"SearchAction","target":{"@type":"EntryPoint","urlTemplate":"https:\/\/lightweb.dev\/l\/svm-temp\/?s={search_term_string}"},"query-input":{"@type":"PropertyValueSpecification","valueRequired":true,"valueName":"search_term_string"}}],"inLanguage":"sv-SE"},{"@type":"Organization","@id":"https:\/\/lightweb.dev\/l\/svm-temp\/#organization","name":"Melkerson y Nott SL","alternateName":"Svenska Magasinet","url":"https:\/\/lightweb.dev\/l\/svm-temp\/","logo":{"@type":"ImageObject","inLanguage":"sv-SE","@id":"https:\/\/lightweb.dev\/l\/svm-temp\/#\/schema\/logo\/image\/","url":"https:\/\/lightweb.dev\/l\/svm-temp\/wp-content\/uploads\/2025\/02\/SvM-logo-Xtra-Centrerad-SVART.png","contentUrl":"https:\/\/lightweb.dev\/l\/svm-temp\/wp-content\/uploads\/2025\/02\/SvM-logo-Xtra-Centrerad-SVART.png","width":300,"height":99,"caption":"Melkerson y Nott SL"},"image":{"@id":"https:\/\/lightweb.dev\/l\/svm-temp\/#\/schema\/logo\/image\/"},"sameAs":["https:\/\/www.facebook.com\/svenskamagasinet","https:\/\/x.com\/SvenskaMagasine"]},{"@type":"Person","@id":"https:\/\/lightweb.dev\/l\/svm-temp\/#\/schema\/person\/206a3bda5b607b0c25e1749191e4d837","name":"Redaktionen SvM","description":"Redaktionen","sameAs":["https:\/\/lightweb.dev\/l\/svm-temp"],"url":"https:\/\/lightweb.dev\/l\/svm-temp\/reporter\/redaktionen\/"}]}},"_links":{"self":[{"href":"https:\/\/lightweb.dev\/l\/svm-temp\/wp-json\/wp\/v2\/posts\/3529","targetHints":{"allow":["GET"]}}],"collection":[{"href":"https:\/\/lightweb.dev\/l\/svm-temp\/wp-json\/wp\/v2\/posts"}],"about":[{"href":"https:\/\/lightweb.dev\/l\/svm-temp\/wp-json\/wp\/v2\/types\/post"}],"author":[{"embeddable":true,"href":"https:\/\/lightweb.dev\/l\/svm-temp\/wp-json\/wp\/v2\/users\/8"}],"replies":[{"embeddable":true,"href":"https:\/\/lightweb.dev\/l\/svm-temp\/wp-json\/wp\/v2\/comments?post=3529"}],"version-history":[{"count":0,"href":"https:\/\/lightweb.dev\/l\/svm-temp\/wp-json\/wp\/v2\/posts\/3529\/revisions"}],"wp:featuredmedia":[{"embeddable":true,"href":"https:\/\/lightweb.dev\/l\/svm-temp\/wp-json\/wp\/v2\/media\/3530"}],"wp:attachment":[{"href":"https:\/\/lightweb.dev\/l\/svm-temp\/wp-json\/wp\/v2\/media?parent=3529"}],"wp:term":[{"taxonomy":"category","embeddable":true,"href":"https:\/\/lightweb.dev\/l\/svm-temp\/wp-json\/wp\/v2\/categories?post=3529"},{"taxonomy":"post_tag","embeddable":true,"href":"https:\/\/lightweb.dev\/l\/svm-temp\/wp-json\/wp\/v2\/tags?post=3529"}],"curies":[{"name":"wp","href":"https:\/\/api.w.org\/{rel}","templated":true}]}}