{"id":3531,"date":"2012-11-13T00:00:00","date_gmt":"2012-11-12T23:00:00","guid":{"rendered":"https:\/\/lightweb.dev\/l\/svm-temp\/prisvard-svensk-bostadsratt-klart-for-inflyttning-efter-nyar\/"},"modified":"2012-11-13T00:00:00","modified_gmt":"2012-11-12T23:00:00","slug":"prisvard-svensk-bostadsratt-klart-for-inflyttning-efter-nyar","status":"publish","type":"post","link":"https:\/\/lightweb.dev\/l\/svm-temp\/artiklar\/prisvard-svensk-bostadsratt-klart-for-inflyttning-efter-nyar\/","title":{"rendered":"Prisv\u00e4rd svensk bostadsr\u00e4tt\u2013 klart f\u00f6r inflyttning efter ny\u00e5r"},"content":{"rendered":"<p> I januari ber\u00e4knas de f\u00f6rsta familjerna kunna flytta in i l\u00e4genheterna i den svenska bostadsr\u00e4ttsf\u00f6reningen In Life Resort i Benalm\u00e1dena. Totalt handlar det om 78 l\u00e4genheter, \u00f6verv\u00e4gande delen med tv\u00e5 sovrum. Av Ola Josefsson<br \/>\n&#8211; I nul\u00e4get \u00e4r 17 bost\u00e4der s\u00e5lda efter att visningsl\u00e4genheten stod klar sedan tv\u00e5 och en halv vecka. Vi r\u00e4knar med k\u00f6pare fr\u00e5n samtliga nordiska l\u00e4nder, k\u00f6pare som k\u00e4nner till systemet v\u00e4l med svensk bostadsr\u00e4tt, s\u00e4ger Kent Lund vid M\u00e4klarringen.<br \/>\nBostadskomplexet stod klart 2007\/08. Den svenska bostadsr\u00e4ttsf\u00f6reningen med s\u00e4te i Stockholm k\u00f6pte upp fastigheten efter den hade \u00f6vertagits av en spansk bank. Byggherren kommer fr\u00e5n C\u00f3rdoba.<\/p>\n<p>Anl\u00e4ggningen ligger i en vacker gr\u00f6n dal i Benalm\u00e1dena kommun mitt p\u00e5 den spanska Solkusten. Det \u00e4r n\u00e4ra till flygplats och i omr\u00e5det finns lokaltrafik med bussar och t\u00e5g.<br \/>\n&#8211; N\u00e4rheten till bra kommunikationer uppskattas. Kunder f\u00f6redrar att hitta en bostad n\u00e4ra pendelt\u00e5get till flygplatsen och M\u00e1laga.<\/p>\n<p>Det \u00e4r 340 meter till n\u00e4rmaste golfbana, en 18-h\u00e5lsslinga, korth\u00e5lsbana som kostar fyra euro att spela. Tennisanl\u00e4ggningen tar en euro f\u00f6r en timmes tennis. N\u00e4rmaste sjukhus, toppmoderna Xanit, ligger en kilometer bort. Inom bara n\u00e5gra kilometer finns k\u00f6pcentrum, vandringsled, tivoli, kasino, fritidshamn, parker, fitnesscenter, simhall och ishall.<\/p>\n<p>L\u00e4genheterna har terrasser, 12 till 15 kvadratmeter, som har v\u00e4stl\u00e4ge till sydostl\u00e4ge. Utsikten mot Torrequebrada golfbana och Medelhavet \u00e4r mycket vacker.<br \/>\nPriset ligger fr\u00e5n 85.000 euro, f\u00f6r en l\u00e4genhet med ett sovrum. En l\u00e4genhet med tv\u00e5 sovrum kostar fr\u00e5n 129.000. Tv\u00e5 garage och f\u00f6rr\u00e5d f\u00f6ljer till samtliga l\u00e4genheter.<br \/>\n&#8211; Det \u00e4r mycket prisv\u00e4rt, mycket bostad f\u00f6r pengarna och du f\u00e5r l\u00e4gre kostnader vid j\u00e4mf\u00f6relse med andra \u00e4gandeformer. Alternativet skulle vara en orenoverad 30 \u00e5r gammal l\u00e4genhet i Benalm\u00e1dena&#8230;<\/p>\n<p>L\u00e4genheterna \u00e4r stilrena med alla bekv\u00e4mligheter. Smakfull inredning med ljus skandinavisk f\u00e4rgs\u00e4ttning. K\u00f6ket \u00e4r i b\u00e4sta kvalitet med rostfria vitvaror och alla l\u00e4genheterna har ett badrum till varje sovrum.<\/p>\n<p>Att det \u00e4r en svensk bostadsr\u00e4ttf\u00f6rening i Sverige som \u00e4ger anl\u00e4ggningen inneb\u00e4r att det \u00e4r svensk bostadsr\u00e4ttslag som \u00e4r styrande i hur fastigheten skall sk\u00f6tas och underh\u00e5llas.<br \/>\n&#8211; F\u00f6reningen levererar ut\u00f6kad service som uthyrning av l\u00e4genheten n\u00e4r \u00e4garen inte h\u00e4r d\u00e4r, transporter till exempelvis stranden, drift och sk\u00f6tsel av pooler samt tr\u00e4dg\u00e5rd och n\u00e4rmast ska det byggas en reception som blir bemannad dygnet runt, s\u00e4ger Kent Lund vid M\u00e4klarringen. <\/p>\n","protected":false},"excerpt":{"rendered":"<p>I januari ber\u00e4knas de f\u00f6rsta familjerna kunna flytta in i l\u00e4genheterna i den svenska bostadsr\u00e4ttsf\u00f6reningen In Life Resort i Benalm\u00e1dena. Totalt handlar det om 78 l\u00e4genheter, \u00f6verv\u00e4gande delen med tv\u00e5 sovrum. Av Ola Josefsson &#8211; I nul\u00e4get \u00e4r 17 bost\u00e4der s\u00e5lda efter att visningsl\u00e4genheten stod klar sedan tv\u00e5 och en halv vecka. Vi r\u00e4knar med [&hellip;]<\/p>\n","protected":false},"author":8,"featured_media":3532,"comment_status":"open","ping_status":"open","sticky":false,"template":"","format":"standard","meta":{"_et_pb_use_builder":"","_et_pb_old_content":"","_et_gb_content_width":"","footnotes":""},"categories":[4,37],"tags":[],"class_list":["post-3531","post","type-post","status-publish","format-standard","has-post-thumbnail","hentry","category-artiklar","category-hem-bostad"],"yoast_head":"<!-- This site is optimized with the Yoast SEO Premium plugin v26.2 (Yoast SEO v27.5) - https:\/\/yoast.com\/product\/yoast-seo-premium-wordpress\/ -->\n<title>Prisv\u00e4rd svensk bostadsr\u00e4tt\u2013 klart f\u00f6r inflyttning efter ny\u00e5r - Svenska Magasinet<\/title>\n<meta name=\"robots\" content=\"noindex, follow, max-snippet:-1, max-image-preview:large, max-video-preview:-1\" \/>\n<meta property=\"og:locale\" content=\"sv_SE\" \/>\n<meta property=\"og:type\" content=\"article\" \/>\n<meta property=\"og:title\" content=\"Prisv\u00e4rd svensk bostadsr\u00e4tt\u2013 klart f\u00f6r inflyttning efter ny\u00e5r\" \/>\n<meta property=\"og:description\" content=\"I januari ber\u00e4knas de f\u00f6rsta familjerna kunna flytta in i l\u00e4genheterna i den svenska bostadsr\u00e4ttsf\u00f6reningen In Life Resort i Benalm\u00e1dena. Totalt handlar det om 78 l\u00e4genheter, \u00f6verv\u00e4gande delen med tv\u00e5 sovrum. Av Ola Josefsson &#8211; I nul\u00e4get \u00e4r 17 bost\u00e4der s\u00e5lda efter att visningsl\u00e4genheten stod klar sedan tv\u00e5 och en halv vecka. Vi r\u00e4knar med [&hellip;]\" \/>\n<meta property=\"og:url\" content=\"https:\/\/lightweb.dev\/l\/svm-temp\/artiklar\/prisvard-svensk-bostadsratt-klart-for-inflyttning-efter-nyar\/\" \/>\n<meta property=\"og:site_name\" content=\"Svenska Magasinet\" \/>\n<meta property=\"article:publisher\" content=\"https:\/\/www.facebook.com\/svenskamagasinet\" \/>\n<meta property=\"article:published_time\" content=\"2012-11-12T23:00:00+00:00\" \/>\n<meta property=\"og:image\" content=\"https:\/\/lightweb.dev\/l\/svm-temp\/wp-content\/uploads\/2022\/04\/prisvrd-svensk-bostadsrtt-klart-fr-inflyttning-efter-nyr.png\" \/>\n\t<meta property=\"og:image:width\" content=\"301\" \/>\n\t<meta property=\"og:image:height\" content=\"200\" \/>\n\t<meta property=\"og:image:type\" content=\"image\/png\" \/>\n<meta name=\"author\" content=\"Redaktionen SvM\" \/>\n<meta name=\"twitter:card\" content=\"summary_large_image\" \/>\n<meta name=\"twitter:creator\" content=\"@SvenskaMagasine\" \/>\n<meta name=\"twitter:site\" content=\"@SvenskaMagasine\" \/>\n<script type=\"application\/ld+json\" class=\"yoast-schema-graph\">{\"@context\":\"https:\\\/\\\/schema.org\",\"@graph\":[{\"@type\":\"Article\",\"@id\":\"https:\\\/\\\/lightweb.dev\\\/l\\\/svm-temp\\\/artiklar\\\/prisvard-svensk-bostadsratt-klart-for-inflyttning-efter-nyar\\\/#article\",\"isPartOf\":{\"@id\":\"https:\\\/\\\/lightweb.dev\\\/l\\\/svm-temp\\\/artiklar\\\/prisvard-svensk-bostadsratt-klart-for-inflyttning-efter-nyar\\\/\"},\"author\":{\"name\":\"Redaktionen SvM\",\"@id\":\"https:\\\/\\\/lightweb.dev\\\/l\\\/svm-temp\\\/#\\\/schema\\\/person\\\/206a3bda5b607b0c25e1749191e4d837\"},\"headline\":\"Prisv\u00e4rd svensk bostadsr\u00e4tt\u2013 klart f\u00f6r inflyttning efter ny\u00e5r\",\"datePublished\":\"2012-11-12T23:00:00+00:00\",\"mainEntityOfPage\":{\"@id\":\"https:\\\/\\\/lightweb.dev\\\/l\\\/svm-temp\\\/artiklar\\\/prisvard-svensk-bostadsratt-klart-for-inflyttning-efter-nyar\\\/\"},\"wordCount\":467,\"commentCount\":0,\"publisher\":{\"@id\":\"https:\\\/\\\/lightweb.dev\\\/l\\\/svm-temp\\\/#organization\"},\"image\":{\"@id\":\"https:\\\/\\\/lightweb.dev\\\/l\\\/svm-temp\\\/artiklar\\\/prisvard-svensk-bostadsratt-klart-for-inflyttning-efter-nyar\\\/#primaryimage\"},\"thumbnailUrl\":\"https:\\\/\\\/lightweb.dev\\\/l\\\/svm-temp\\\/wp-content\\\/uploads\\\/2022\\\/04\\\/prisvrd-svensk-bostadsrtt-klart-fr-inflyttning-efter-nyr.png\",\"articleSection\":[\"Artiklar\",\"Hem &amp; bostad\"],\"inLanguage\":\"sv-SE\"},{\"@type\":\"WebPage\",\"@id\":\"https:\\\/\\\/lightweb.dev\\\/l\\\/svm-temp\\\/artiklar\\\/prisvard-svensk-bostadsratt-klart-for-inflyttning-efter-nyar\\\/\",\"url\":\"https:\\\/\\\/lightweb.dev\\\/l\\\/svm-temp\\\/artiklar\\\/prisvard-svensk-bostadsratt-klart-for-inflyttning-efter-nyar\\\/\",\"name\":\"Prisv\u00e4rd svensk bostadsr\u00e4tt\u2013 klart f\u00f6r inflyttning efter ny\u00e5r - Svenska Magasinet\",\"isPartOf\":{\"@id\":\"https:\\\/\\\/lightweb.dev\\\/l\\\/svm-temp\\\/#website\"},\"primaryImageOfPage\":{\"@id\":\"https:\\\/\\\/lightweb.dev\\\/l\\\/svm-temp\\\/artiklar\\\/prisvard-svensk-bostadsratt-klart-for-inflyttning-efter-nyar\\\/#primaryimage\"},\"image\":{\"@id\":\"https:\\\/\\\/lightweb.dev\\\/l\\\/svm-temp\\\/artiklar\\\/prisvard-svensk-bostadsratt-klart-for-inflyttning-efter-nyar\\\/#primaryimage\"},\"thumbnailUrl\":\"https:\\\/\\\/lightweb.dev\\\/l\\\/svm-temp\\\/wp-content\\\/uploads\\\/2022\\\/04\\\/prisvrd-svensk-bostadsrtt-klart-fr-inflyttning-efter-nyr.png\",\"datePublished\":\"2012-11-12T23:00:00+00:00\",\"breadcrumb\":{\"@id\":\"https:\\\/\\\/lightweb.dev\\\/l\\\/svm-temp\\\/artiklar\\\/prisvard-svensk-bostadsratt-klart-for-inflyttning-efter-nyar\\\/#breadcrumb\"},\"inLanguage\":\"sv-SE\",\"potentialAction\":[{\"@type\":\"ReadAction\",\"target\":[\"https:\\\/\\\/lightweb.dev\\\/l\\\/svm-temp\\\/artiklar\\\/prisvard-svensk-bostadsratt-klart-for-inflyttning-efter-nyar\\\/\"]}]},{\"@type\":\"ImageObject\",\"inLanguage\":\"sv-SE\",\"@id\":\"https:\\\/\\\/lightweb.dev\\\/l\\\/svm-temp\\\/artiklar\\\/prisvard-svensk-bostadsratt-klart-for-inflyttning-efter-nyar\\\/#primaryimage\",\"url\":\"https:\\\/\\\/lightweb.dev\\\/l\\\/svm-temp\\\/wp-content\\\/uploads\\\/2022\\\/04\\\/prisvrd-svensk-bostadsrtt-klart-fr-inflyttning-efter-nyr.png\",\"contentUrl\":\"https:\\\/\\\/lightweb.dev\\\/l\\\/svm-temp\\\/wp-content\\\/uploads\\\/2022\\\/04\\\/prisvrd-svensk-bostadsrtt-klart-fr-inflyttning-efter-nyr.png\",\"width\":301,\"height\":200},{\"@type\":\"BreadcrumbList\",\"@id\":\"https:\\\/\\\/lightweb.dev\\\/l\\\/svm-temp\\\/artiklar\\\/prisvard-svensk-bostadsratt-klart-for-inflyttning-efter-nyar\\\/#breadcrumb\",\"itemListElement\":[{\"@type\":\"ListItem\",\"position\":1,\"name\":\"Hem\",\"item\":\"https:\\\/\\\/lightweb.dev\\\/l\\\/svm-temp\\\/\"},{\"@type\":\"ListItem\",\"position\":2,\"name\":\"Prisv\u00e4rd svensk bostadsr\u00e4tt\u2013 klart f\u00f6r inflyttning efter ny\u00e5r\"}]},{\"@type\":\"WebSite\",\"@id\":\"https:\\\/\\\/lightweb.dev\\\/l\\\/svm-temp\\\/#website\",\"url\":\"https:\\\/\\\/lightweb.dev\\\/l\\\/svm-temp\\\/\",\"name\":\"Svenska Magasinet\",\"description\":\"Dina Spanska nyheter p&aring; Svenska\",\"publisher\":{\"@id\":\"https:\\\/\\\/lightweb.dev\\\/l\\\/svm-temp\\\/#organization\"},\"potentialAction\":[{\"@type\":\"SearchAction\",\"target\":{\"@type\":\"EntryPoint\",\"urlTemplate\":\"https:\\\/\\\/lightweb.dev\\\/l\\\/svm-temp\\\/?s={search_term_string}\"},\"query-input\":{\"@type\":\"PropertyValueSpecification\",\"valueRequired\":true,\"valueName\":\"search_term_string\"}}],\"inLanguage\":\"sv-SE\"},{\"@type\":\"Organization\",\"@id\":\"https:\\\/\\\/lightweb.dev\\\/l\\\/svm-temp\\\/#organization\",\"name\":\"Melkerson y Nott SL\",\"alternateName\":\"Svenska Magasinet\",\"url\":\"https:\\\/\\\/lightweb.dev\\\/l\\\/svm-temp\\\/\",\"logo\":{\"@type\":\"ImageObject\",\"inLanguage\":\"sv-SE\",\"@id\":\"https:\\\/\\\/lightweb.dev\\\/l\\\/svm-temp\\\/#\\\/schema\\\/logo\\\/image\\\/\",\"url\":\"https:\\\/\\\/lightweb.dev\\\/l\\\/svm-temp\\\/wp-content\\\/uploads\\\/2025\\\/02\\\/SvM-logo-Xtra-Centrerad-SVART.png\",\"contentUrl\":\"https:\\\/\\\/lightweb.dev\\\/l\\\/svm-temp\\\/wp-content\\\/uploads\\\/2025\\\/02\\\/SvM-logo-Xtra-Centrerad-SVART.png\",\"width\":300,\"height\":99,\"caption\":\"Melkerson y Nott SL\"},\"image\":{\"@id\":\"https:\\\/\\\/lightweb.dev\\\/l\\\/svm-temp\\\/#\\\/schema\\\/logo\\\/image\\\/\"},\"sameAs\":[\"https:\\\/\\\/www.facebook.com\\\/svenskamagasinet\",\"https:\\\/\\\/x.com\\\/SvenskaMagasine\"]},{\"@type\":\"Person\",\"@id\":\"https:\\\/\\\/lightweb.dev\\\/l\\\/svm-temp\\\/#\\\/schema\\\/person\\\/206a3bda5b607b0c25e1749191e4d837\",\"name\":\"Redaktionen SvM\",\"description\":\"Redaktionen\",\"sameAs\":[\"https:\\\/\\\/lightweb.dev\\\/l\\\/svm-temp\"],\"url\":\"https:\\\/\\\/lightweb.dev\\\/l\\\/svm-temp\\\/reporter\\\/redaktionen\\\/\"}]}<\/script>\n<!-- \/ Yoast SEO Premium plugin. -->","yoast_head_json":{"title":"Prisv\u00e4rd svensk bostadsr\u00e4tt\u2013 klart f\u00f6r inflyttning efter ny\u00e5r - Svenska Magasinet","robots":{"index":"noindex","follow":"follow","max-snippet":"max-snippet:-1","max-image-preview":"max-image-preview:large","max-video-preview":"max-video-preview:-1"},"og_locale":"sv_SE","og_type":"article","og_title":"Prisv\u00e4rd svensk bostadsr\u00e4tt\u2013 klart f\u00f6r inflyttning efter ny\u00e5r","og_description":"I januari ber\u00e4knas de f\u00f6rsta familjerna kunna flytta in i l\u00e4genheterna i den svenska bostadsr\u00e4ttsf\u00f6reningen In Life Resort i Benalm\u00e1dena. Totalt handlar det om 78 l\u00e4genheter, \u00f6verv\u00e4gande delen med tv\u00e5 sovrum. Av Ola Josefsson &#8211; I nul\u00e4get \u00e4r 17 bost\u00e4der s\u00e5lda efter att visningsl\u00e4genheten stod klar sedan tv\u00e5 och en halv vecka. Vi r\u00e4knar med [&hellip;]","og_url":"https:\/\/lightweb.dev\/l\/svm-temp\/artiklar\/prisvard-svensk-bostadsratt-klart-for-inflyttning-efter-nyar\/","og_site_name":"Svenska Magasinet","article_publisher":"https:\/\/www.facebook.com\/svenskamagasinet","article_published_time":"2012-11-12T23:00:00+00:00","og_image":[{"width":301,"height":200,"url":"https:\/\/lightweb.dev\/l\/svm-temp\/wp-content\/uploads\/2022\/04\/prisvrd-svensk-bostadsrtt-klart-fr-inflyttning-efter-nyr.png","type":"image\/png"}],"author":"Redaktionen SvM","twitter_card":"summary_large_image","twitter_creator":"@SvenskaMagasine","twitter_site":"@SvenskaMagasine","schema":{"@context":"https:\/\/schema.org","@graph":[{"@type":"Article","@id":"https:\/\/lightweb.dev\/l\/svm-temp\/artiklar\/prisvard-svensk-bostadsratt-klart-for-inflyttning-efter-nyar\/#article","isPartOf":{"@id":"https:\/\/lightweb.dev\/l\/svm-temp\/artiklar\/prisvard-svensk-bostadsratt-klart-for-inflyttning-efter-nyar\/"},"author":{"name":"Redaktionen SvM","@id":"https:\/\/lightweb.dev\/l\/svm-temp\/#\/schema\/person\/206a3bda5b607b0c25e1749191e4d837"},"headline":"Prisv\u00e4rd svensk bostadsr\u00e4tt\u2013 klart f\u00f6r inflyttning efter ny\u00e5r","datePublished":"2012-11-12T23:00:00+00:00","mainEntityOfPage":{"@id":"https:\/\/lightweb.dev\/l\/svm-temp\/artiklar\/prisvard-svensk-bostadsratt-klart-for-inflyttning-efter-nyar\/"},"wordCount":467,"commentCount":0,"publisher":{"@id":"https:\/\/lightweb.dev\/l\/svm-temp\/#organization"},"image":{"@id":"https:\/\/lightweb.dev\/l\/svm-temp\/artiklar\/prisvard-svensk-bostadsratt-klart-for-inflyttning-efter-nyar\/#primaryimage"},"thumbnailUrl":"https:\/\/lightweb.dev\/l\/svm-temp\/wp-content\/uploads\/2022\/04\/prisvrd-svensk-bostadsrtt-klart-fr-inflyttning-efter-nyr.png","articleSection":["Artiklar","Hem &amp; bostad"],"inLanguage":"sv-SE"},{"@type":"WebPage","@id":"https:\/\/lightweb.dev\/l\/svm-temp\/artiklar\/prisvard-svensk-bostadsratt-klart-for-inflyttning-efter-nyar\/","url":"https:\/\/lightweb.dev\/l\/svm-temp\/artiklar\/prisvard-svensk-bostadsratt-klart-for-inflyttning-efter-nyar\/","name":"Prisv\u00e4rd svensk bostadsr\u00e4tt\u2013 klart f\u00f6r inflyttning efter ny\u00e5r - Svenska Magasinet","isPartOf":{"@id":"https:\/\/lightweb.dev\/l\/svm-temp\/#website"},"primaryImageOfPage":{"@id":"https:\/\/lightweb.dev\/l\/svm-temp\/artiklar\/prisvard-svensk-bostadsratt-klart-for-inflyttning-efter-nyar\/#primaryimage"},"image":{"@id":"https:\/\/lightweb.dev\/l\/svm-temp\/artiklar\/prisvard-svensk-bostadsratt-klart-for-inflyttning-efter-nyar\/#primaryimage"},"thumbnailUrl":"https:\/\/lightweb.dev\/l\/svm-temp\/wp-content\/uploads\/2022\/04\/prisvrd-svensk-bostadsrtt-klart-fr-inflyttning-efter-nyr.png","datePublished":"2012-11-12T23:00:00+00:00","breadcrumb":{"@id":"https:\/\/lightweb.dev\/l\/svm-temp\/artiklar\/prisvard-svensk-bostadsratt-klart-for-inflyttning-efter-nyar\/#breadcrumb"},"inLanguage":"sv-SE","potentialAction":[{"@type":"ReadAction","target":["https:\/\/lightweb.dev\/l\/svm-temp\/artiklar\/prisvard-svensk-bostadsratt-klart-for-inflyttning-efter-nyar\/"]}]},{"@type":"ImageObject","inLanguage":"sv-SE","@id":"https:\/\/lightweb.dev\/l\/svm-temp\/artiklar\/prisvard-svensk-bostadsratt-klart-for-inflyttning-efter-nyar\/#primaryimage","url":"https:\/\/lightweb.dev\/l\/svm-temp\/wp-content\/uploads\/2022\/04\/prisvrd-svensk-bostadsrtt-klart-fr-inflyttning-efter-nyr.png","contentUrl":"https:\/\/lightweb.dev\/l\/svm-temp\/wp-content\/uploads\/2022\/04\/prisvrd-svensk-bostadsrtt-klart-fr-inflyttning-efter-nyr.png","width":301,"height":200},{"@type":"BreadcrumbList","@id":"https:\/\/lightweb.dev\/l\/svm-temp\/artiklar\/prisvard-svensk-bostadsratt-klart-for-inflyttning-efter-nyar\/#breadcrumb","itemListElement":[{"@type":"ListItem","position":1,"name":"Hem","item":"https:\/\/lightweb.dev\/l\/svm-temp\/"},{"@type":"ListItem","position":2,"name":"Prisv\u00e4rd svensk bostadsr\u00e4tt\u2013 klart f\u00f6r inflyttning efter ny\u00e5r"}]},{"@type":"WebSite","@id":"https:\/\/lightweb.dev\/l\/svm-temp\/#website","url":"https:\/\/lightweb.dev\/l\/svm-temp\/","name":"Svenska Magasinet","description":"Dina Spanska nyheter p&aring; Svenska","publisher":{"@id":"https:\/\/lightweb.dev\/l\/svm-temp\/#organization"},"potentialAction":[{"@type":"SearchAction","target":{"@type":"EntryPoint","urlTemplate":"https:\/\/lightweb.dev\/l\/svm-temp\/?s={search_term_string}"},"query-input":{"@type":"PropertyValueSpecification","valueRequired":true,"valueName":"search_term_string"}}],"inLanguage":"sv-SE"},{"@type":"Organization","@id":"https:\/\/lightweb.dev\/l\/svm-temp\/#organization","name":"Melkerson y Nott SL","alternateName":"Svenska Magasinet","url":"https:\/\/lightweb.dev\/l\/svm-temp\/","logo":{"@type":"ImageObject","inLanguage":"sv-SE","@id":"https:\/\/lightweb.dev\/l\/svm-temp\/#\/schema\/logo\/image\/","url":"https:\/\/lightweb.dev\/l\/svm-temp\/wp-content\/uploads\/2025\/02\/SvM-logo-Xtra-Centrerad-SVART.png","contentUrl":"https:\/\/lightweb.dev\/l\/svm-temp\/wp-content\/uploads\/2025\/02\/SvM-logo-Xtra-Centrerad-SVART.png","width":300,"height":99,"caption":"Melkerson y Nott SL"},"image":{"@id":"https:\/\/lightweb.dev\/l\/svm-temp\/#\/schema\/logo\/image\/"},"sameAs":["https:\/\/www.facebook.com\/svenskamagasinet","https:\/\/x.com\/SvenskaMagasine"]},{"@type":"Person","@id":"https:\/\/lightweb.dev\/l\/svm-temp\/#\/schema\/person\/206a3bda5b607b0c25e1749191e4d837","name":"Redaktionen SvM","description":"Redaktionen","sameAs":["https:\/\/lightweb.dev\/l\/svm-temp"],"url":"https:\/\/lightweb.dev\/l\/svm-temp\/reporter\/redaktionen\/"}]}},"_links":{"self":[{"href":"https:\/\/lightweb.dev\/l\/svm-temp\/wp-json\/wp\/v2\/posts\/3531","targetHints":{"allow":["GET"]}}],"collection":[{"href":"https:\/\/lightweb.dev\/l\/svm-temp\/wp-json\/wp\/v2\/posts"}],"about":[{"href":"https:\/\/lightweb.dev\/l\/svm-temp\/wp-json\/wp\/v2\/types\/post"}],"author":[{"embeddable":true,"href":"https:\/\/lightweb.dev\/l\/svm-temp\/wp-json\/wp\/v2\/users\/8"}],"replies":[{"embeddable":true,"href":"https:\/\/lightweb.dev\/l\/svm-temp\/wp-json\/wp\/v2\/comments?post=3531"}],"version-history":[{"count":0,"href":"https:\/\/lightweb.dev\/l\/svm-temp\/wp-json\/wp\/v2\/posts\/3531\/revisions"}],"wp:featuredmedia":[{"embeddable":true,"href":"https:\/\/lightweb.dev\/l\/svm-temp\/wp-json\/wp\/v2\/media\/3532"}],"wp:attachment":[{"href":"https:\/\/lightweb.dev\/l\/svm-temp\/wp-json\/wp\/v2\/media?parent=3531"}],"wp:term":[{"taxonomy":"category","embeddable":true,"href":"https:\/\/lightweb.dev\/l\/svm-temp\/wp-json\/wp\/v2\/categories?post=3531"},{"taxonomy":"post_tag","embeddable":true,"href":"https:\/\/lightweb.dev\/l\/svm-temp\/wp-json\/wp\/v2\/tags?post=3531"}],"curies":[{"name":"wp","href":"https:\/\/api.w.org\/{rel}","templated":true}]}}