{"id":3535,"date":"2012-11-13T00:00:00","date_gmt":"2012-11-12T23:00:00","guid":{"rendered":"https:\/\/lightweb.dev\/l\/svm-temp\/ny-klinik-med-manga-behandlingar\/"},"modified":"2012-11-13T00:00:00","modified_gmt":"2012-11-12T23:00:00","slug":"ny-klinik-med-manga-behandlingar","status":"publish","type":"post","link":"https:\/\/lightweb.dev\/l\/svm-temp\/artiklar\/ny-klinik-med-manga-behandlingar\/","title":{"rendered":"Ny klinik med m\u00e5nga behandlingar"},"content":{"rendered":"<p> Arenakliniken \u00f6ppnar sina d\u00f6rrar i La Cala de Mijas. Det finns redan liknande kliniker i Oslo och Flisa. Arena Kliniken \u00e4r en vetenskaplig klinik f\u00f6r integrativ medicin och erbjuder b\u00e5de traditionella medicinska behandlingar och den komplement\u00e4r medicinering. Tanken \u00e4r att vi kan fokusera mer p\u00e5 varje<br \/>\npatientens sjukdom och erbjuda mer \u00e4n en behandling p\u00e5 samma klinik. <\/p>\n<p>Norska Hansi Stokken och Erland Halden hade sedan en tid tillbaka id\u00e9n att starta en klinik tillsammans i s\u00f6dra Spanien. Hansi har bott p\u00e5 Costa del Sol i 12 \u00e5r och \u00e4r utbildad Homeopat. Erland ansvarar f\u00f6r Arenaklinikkene i Norge och studerade i synnerhet alternativ medicin, akupunktur, auriculoterapi och urologi.<br \/>\nD\u00e5ligt immunf\u00f6rsvar, ryggproblem, sm\u00e4rta, mage och tarmirritation beror ofta p\u00e5 madintolerance, med andra ord stress.<br \/>\nN\u00e5gra av de saker Arenaklikken kan hj\u00e4lpa dig med:<br \/>\nAllm\u00e4nl\u00e4kare Barbara Widera kommer efter ett konsultation i samarbete med v\u00e5rdteamet bed\u00f6ma behandlingen som \u00e4r b\u00e4st f\u00f6r patienten. Vi s\u00f6ker orsaker till sjukdom som terapeuter d\u00e4r vi tillsammans skapar m\u00f6jligheten att ge den b\u00e4sta behandlingsform f\u00f6r varje individuell patient.<br \/>\n&#8221;F\u00f6rdelen med Arenaklinniken \u00e4r att vi verkligen kan analysera varje patients tillst\u00e5nd&#8221;, f\u00f6rklarar Hansi.<br \/>\n&#8221;Vanligtvis n\u00e4r du g\u00e5r till din l\u00e4kare remittera de dig till en sjukgymnast eller Homeopat. Med oss beh\u00f6ver du bara g\u00e5 vidare till n\u00e4sta rum p\u00e5 v\u00e5r klinik f\u00f6r att f\u00e5 den behandling du beh\u00f6ver nu. Enklare \u00e4n s\u00e5 kan det inte bli\u00a8!<\/p>\n<p>Som allm\u00e4nl\u00e4kare tar Barbara Widera emot patienter f\u00f6r konsultation p\u00e5 samma villkor som i Skandinavien. Hon utf\u00f6r \u00e4ven tester och unders\u00f6kningar.<\/p>\n<p>Arenakliniken beh\u00f6vs inte bara f\u00f6r dig n\u00e4r sjukdomen redan har slagit till. De \u00e4r lika viktigt f\u00f6r oss att ge dig r\u00e5d om kost, n\u00e4ringsl\u00e4ra och livsstilsf\u00f6r\u00e4ndringar, s\u00e5 att du f\u00e5r m\u00f6jlighet att st\u00e4rka ditt immunf\u00f6rsvar och p\u00e5 s\u00e5 s\u00e4tt f\u00f6rhindra och f\u00f6rebygga sjukdomar.<\/p>\n<p>&#8221;F\u00f6r oss \u00e4r det minst lika viktigt att f\u00f6rebygga sjukdomar som att bota dem, s\u00e4ger Erland. Vi vill hj\u00e4lpa m\u00e4nniskor att f\u00f6rebygga sjukdomar och d\u00e4rmed uppn\u00e5 b\u00e4ttre h\u00e4lsa i allm\u00e4nhet&#8221;.<\/p>\n<p>Kliniken drivs av Hansi Stokken i samarbete med Barbarta Widera som \u00e4r f\u00f6rtroendel\u00e4kare, och Homeopat och akupunkt\u00f6r Erland Halden. I receptionen arbetar Kristina Larsson som med ett glatt leende v\u00e4lkomnar dig till de mysiga lokalerna. <\/p>\n","protected":false},"excerpt":{"rendered":"<p>Arenakliniken \u00f6ppnar sina d\u00f6rrar i La Cala de Mijas. Det finns redan liknande kliniker i Oslo och Flisa. Arena Kliniken \u00e4r en vetenskaplig klinik f\u00f6r integrativ medicin och erbjuder b\u00e5de traditionella medicinska behandlingar och den komplement\u00e4r medicinering. Tanken \u00e4r att vi kan fokusera mer p\u00e5 varje patientens sjukdom och erbjuda mer \u00e4n en behandling p\u00e5 [&hellip;]<\/p>\n","protected":false},"author":8,"featured_media":0,"comment_status":"open","ping_status":"open","sticky":false,"template":"","format":"standard","meta":{"_et_pb_use_builder":"","_et_pb_old_content":"","_et_gb_content_width":"","footnotes":""},"categories":[396,4],"tags":[],"class_list":["post-3535","post","type-post","status-publish","format-standard","hentry","category-arkiv-artiklar","category-artiklar"],"yoast_head":"<!-- This site is optimized with the Yoast SEO Premium plugin v26.2 (Yoast SEO v27.5) - https:\/\/yoast.com\/product\/yoast-seo-premium-wordpress\/ -->\n<title>Ny klinik med m\u00e5nga behandlingar - Svenska Magasinet<\/title>\n<meta name=\"robots\" content=\"noindex, follow, max-snippet:-1, max-image-preview:large, max-video-preview:-1\" \/>\n<meta property=\"og:locale\" content=\"sv_SE\" \/>\n<meta property=\"og:type\" content=\"article\" \/>\n<meta property=\"og:title\" content=\"Ny klinik med m\u00e5nga behandlingar\" \/>\n<meta property=\"og:description\" content=\"Arenakliniken \u00f6ppnar sina d\u00f6rrar i La Cala de Mijas. Det finns redan liknande kliniker i Oslo och Flisa. Arena Kliniken \u00e4r en vetenskaplig klinik f\u00f6r integrativ medicin och erbjuder b\u00e5de traditionella medicinska behandlingar och den komplement\u00e4r medicinering. Tanken \u00e4r att vi kan fokusera mer p\u00e5 varje patientens sjukdom och erbjuda mer \u00e4n en behandling p\u00e5 [&hellip;]\" \/>\n<meta property=\"og:url\" content=\"https:\/\/lightweb.dev\/l\/svm-temp\/artiklar\/ny-klinik-med-manga-behandlingar\/\" \/>\n<meta property=\"og:site_name\" content=\"Svenska Magasinet\" \/>\n<meta property=\"article:publisher\" content=\"https:\/\/www.facebook.com\/svenskamagasinet\" \/>\n<meta property=\"article:published_time\" content=\"2012-11-12T23:00:00+00:00\" \/>\n<meta name=\"author\" content=\"Redaktionen SvM\" \/>\n<meta name=\"twitter:card\" content=\"summary_large_image\" \/>\n<meta name=\"twitter:creator\" content=\"@SvenskaMagasine\" \/>\n<meta name=\"twitter:site\" content=\"@SvenskaMagasine\" \/>\n<script type=\"application\/ld+json\" class=\"yoast-schema-graph\">{\"@context\":\"https:\\\/\\\/schema.org\",\"@graph\":[{\"@type\":\"Article\",\"@id\":\"https:\\\/\\\/lightweb.dev\\\/l\\\/svm-temp\\\/artiklar\\\/ny-klinik-med-manga-behandlingar\\\/#article\",\"isPartOf\":{\"@id\":\"https:\\\/\\\/lightweb.dev\\\/l\\\/svm-temp\\\/artiklar\\\/ny-klinik-med-manga-behandlingar\\\/\"},\"author\":{\"name\":\"Redaktionen SvM\",\"@id\":\"https:\\\/\\\/lightweb.dev\\\/l\\\/svm-temp\\\/#\\\/schema\\\/person\\\/206a3bda5b607b0c25e1749191e4d837\"},\"headline\":\"Ny klinik med m\u00e5nga behandlingar\",\"datePublished\":\"2012-11-12T23:00:00+00:00\",\"mainEntityOfPage\":{\"@id\":\"https:\\\/\\\/lightweb.dev\\\/l\\\/svm-temp\\\/artiklar\\\/ny-klinik-med-manga-behandlingar\\\/\"},\"wordCount\":431,\"commentCount\":0,\"publisher\":{\"@id\":\"https:\\\/\\\/lightweb.dev\\\/l\\\/svm-temp\\\/#organization\"},\"articleSection\":[\"Arkiv\",\"Artiklar\"],\"inLanguage\":\"sv-SE\"},{\"@type\":\"WebPage\",\"@id\":\"https:\\\/\\\/lightweb.dev\\\/l\\\/svm-temp\\\/artiklar\\\/ny-klinik-med-manga-behandlingar\\\/\",\"url\":\"https:\\\/\\\/lightweb.dev\\\/l\\\/svm-temp\\\/artiklar\\\/ny-klinik-med-manga-behandlingar\\\/\",\"name\":\"Ny klinik med m\u00e5nga behandlingar - Svenska Magasinet\",\"isPartOf\":{\"@id\":\"https:\\\/\\\/lightweb.dev\\\/l\\\/svm-temp\\\/#website\"},\"datePublished\":\"2012-11-12T23:00:00+00:00\",\"breadcrumb\":{\"@id\":\"https:\\\/\\\/lightweb.dev\\\/l\\\/svm-temp\\\/artiklar\\\/ny-klinik-med-manga-behandlingar\\\/#breadcrumb\"},\"inLanguage\":\"sv-SE\",\"potentialAction\":[{\"@type\":\"ReadAction\",\"target\":[\"https:\\\/\\\/lightweb.dev\\\/l\\\/svm-temp\\\/artiklar\\\/ny-klinik-med-manga-behandlingar\\\/\"]}]},{\"@type\":\"BreadcrumbList\",\"@id\":\"https:\\\/\\\/lightweb.dev\\\/l\\\/svm-temp\\\/artiklar\\\/ny-klinik-med-manga-behandlingar\\\/#breadcrumb\",\"itemListElement\":[{\"@type\":\"ListItem\",\"position\":1,\"name\":\"Hem\",\"item\":\"https:\\\/\\\/lightweb.dev\\\/l\\\/svm-temp\\\/\"},{\"@type\":\"ListItem\",\"position\":2,\"name\":\"Ny klinik med m\u00e5nga behandlingar\"}]},{\"@type\":\"WebSite\",\"@id\":\"https:\\\/\\\/lightweb.dev\\\/l\\\/svm-temp\\\/#website\",\"url\":\"https:\\\/\\\/lightweb.dev\\\/l\\\/svm-temp\\\/\",\"name\":\"Svenska Magasinet\",\"description\":\"Dina Spanska nyheter p&aring; Svenska\",\"publisher\":{\"@id\":\"https:\\\/\\\/lightweb.dev\\\/l\\\/svm-temp\\\/#organization\"},\"potentialAction\":[{\"@type\":\"SearchAction\",\"target\":{\"@type\":\"EntryPoint\",\"urlTemplate\":\"https:\\\/\\\/lightweb.dev\\\/l\\\/svm-temp\\\/?s={search_term_string}\"},\"query-input\":{\"@type\":\"PropertyValueSpecification\",\"valueRequired\":true,\"valueName\":\"search_term_string\"}}],\"inLanguage\":\"sv-SE\"},{\"@type\":\"Organization\",\"@id\":\"https:\\\/\\\/lightweb.dev\\\/l\\\/svm-temp\\\/#organization\",\"name\":\"Melkerson y Nott SL\",\"alternateName\":\"Svenska Magasinet\",\"url\":\"https:\\\/\\\/lightweb.dev\\\/l\\\/svm-temp\\\/\",\"logo\":{\"@type\":\"ImageObject\",\"inLanguage\":\"sv-SE\",\"@id\":\"https:\\\/\\\/lightweb.dev\\\/l\\\/svm-temp\\\/#\\\/schema\\\/logo\\\/image\\\/\",\"url\":\"https:\\\/\\\/lightweb.dev\\\/l\\\/svm-temp\\\/wp-content\\\/uploads\\\/2025\\\/02\\\/SvM-logo-Xtra-Centrerad-SVART.png\",\"contentUrl\":\"https:\\\/\\\/lightweb.dev\\\/l\\\/svm-temp\\\/wp-content\\\/uploads\\\/2025\\\/02\\\/SvM-logo-Xtra-Centrerad-SVART.png\",\"width\":300,\"height\":99,\"caption\":\"Melkerson y Nott SL\"},\"image\":{\"@id\":\"https:\\\/\\\/lightweb.dev\\\/l\\\/svm-temp\\\/#\\\/schema\\\/logo\\\/image\\\/\"},\"sameAs\":[\"https:\\\/\\\/www.facebook.com\\\/svenskamagasinet\",\"https:\\\/\\\/x.com\\\/SvenskaMagasine\"]},{\"@type\":\"Person\",\"@id\":\"https:\\\/\\\/lightweb.dev\\\/l\\\/svm-temp\\\/#\\\/schema\\\/person\\\/206a3bda5b607b0c25e1749191e4d837\",\"name\":\"Redaktionen SvM\",\"description\":\"Redaktionen\",\"sameAs\":[\"https:\\\/\\\/lightweb.dev\\\/l\\\/svm-temp\"],\"url\":\"https:\\\/\\\/lightweb.dev\\\/l\\\/svm-temp\\\/reporter\\\/redaktionen\\\/\"}]}<\/script>\n<!-- \/ Yoast SEO Premium plugin. -->","yoast_head_json":{"title":"Ny klinik med m\u00e5nga behandlingar - Svenska Magasinet","robots":{"index":"noindex","follow":"follow","max-snippet":"max-snippet:-1","max-image-preview":"max-image-preview:large","max-video-preview":"max-video-preview:-1"},"og_locale":"sv_SE","og_type":"article","og_title":"Ny klinik med m\u00e5nga behandlingar","og_description":"Arenakliniken \u00f6ppnar sina d\u00f6rrar i La Cala de Mijas. Det finns redan liknande kliniker i Oslo och Flisa. Arena Kliniken \u00e4r en vetenskaplig klinik f\u00f6r integrativ medicin och erbjuder b\u00e5de traditionella medicinska behandlingar och den komplement\u00e4r medicinering. Tanken \u00e4r att vi kan fokusera mer p\u00e5 varje patientens sjukdom och erbjuda mer \u00e4n en behandling p\u00e5 [&hellip;]","og_url":"https:\/\/lightweb.dev\/l\/svm-temp\/artiklar\/ny-klinik-med-manga-behandlingar\/","og_site_name":"Svenska Magasinet","article_publisher":"https:\/\/www.facebook.com\/svenskamagasinet","article_published_time":"2012-11-12T23:00:00+00:00","author":"Redaktionen SvM","twitter_card":"summary_large_image","twitter_creator":"@SvenskaMagasine","twitter_site":"@SvenskaMagasine","schema":{"@context":"https:\/\/schema.org","@graph":[{"@type":"Article","@id":"https:\/\/lightweb.dev\/l\/svm-temp\/artiklar\/ny-klinik-med-manga-behandlingar\/#article","isPartOf":{"@id":"https:\/\/lightweb.dev\/l\/svm-temp\/artiklar\/ny-klinik-med-manga-behandlingar\/"},"author":{"name":"Redaktionen SvM","@id":"https:\/\/lightweb.dev\/l\/svm-temp\/#\/schema\/person\/206a3bda5b607b0c25e1749191e4d837"},"headline":"Ny klinik med m\u00e5nga behandlingar","datePublished":"2012-11-12T23:00:00+00:00","mainEntityOfPage":{"@id":"https:\/\/lightweb.dev\/l\/svm-temp\/artiklar\/ny-klinik-med-manga-behandlingar\/"},"wordCount":431,"commentCount":0,"publisher":{"@id":"https:\/\/lightweb.dev\/l\/svm-temp\/#organization"},"articleSection":["Arkiv","Artiklar"],"inLanguage":"sv-SE"},{"@type":"WebPage","@id":"https:\/\/lightweb.dev\/l\/svm-temp\/artiklar\/ny-klinik-med-manga-behandlingar\/","url":"https:\/\/lightweb.dev\/l\/svm-temp\/artiklar\/ny-klinik-med-manga-behandlingar\/","name":"Ny klinik med m\u00e5nga behandlingar - Svenska Magasinet","isPartOf":{"@id":"https:\/\/lightweb.dev\/l\/svm-temp\/#website"},"datePublished":"2012-11-12T23:00:00+00:00","breadcrumb":{"@id":"https:\/\/lightweb.dev\/l\/svm-temp\/artiklar\/ny-klinik-med-manga-behandlingar\/#breadcrumb"},"inLanguage":"sv-SE","potentialAction":[{"@type":"ReadAction","target":["https:\/\/lightweb.dev\/l\/svm-temp\/artiklar\/ny-klinik-med-manga-behandlingar\/"]}]},{"@type":"BreadcrumbList","@id":"https:\/\/lightweb.dev\/l\/svm-temp\/artiklar\/ny-klinik-med-manga-behandlingar\/#breadcrumb","itemListElement":[{"@type":"ListItem","position":1,"name":"Hem","item":"https:\/\/lightweb.dev\/l\/svm-temp\/"},{"@type":"ListItem","position":2,"name":"Ny klinik med m\u00e5nga behandlingar"}]},{"@type":"WebSite","@id":"https:\/\/lightweb.dev\/l\/svm-temp\/#website","url":"https:\/\/lightweb.dev\/l\/svm-temp\/","name":"Svenska Magasinet","description":"Dina Spanska nyheter p&aring; Svenska","publisher":{"@id":"https:\/\/lightweb.dev\/l\/svm-temp\/#organization"},"potentialAction":[{"@type":"SearchAction","target":{"@type":"EntryPoint","urlTemplate":"https:\/\/lightweb.dev\/l\/svm-temp\/?s={search_term_string}"},"query-input":{"@type":"PropertyValueSpecification","valueRequired":true,"valueName":"search_term_string"}}],"inLanguage":"sv-SE"},{"@type":"Organization","@id":"https:\/\/lightweb.dev\/l\/svm-temp\/#organization","name":"Melkerson y Nott SL","alternateName":"Svenska Magasinet","url":"https:\/\/lightweb.dev\/l\/svm-temp\/","logo":{"@type":"ImageObject","inLanguage":"sv-SE","@id":"https:\/\/lightweb.dev\/l\/svm-temp\/#\/schema\/logo\/image\/","url":"https:\/\/lightweb.dev\/l\/svm-temp\/wp-content\/uploads\/2025\/02\/SvM-logo-Xtra-Centrerad-SVART.png","contentUrl":"https:\/\/lightweb.dev\/l\/svm-temp\/wp-content\/uploads\/2025\/02\/SvM-logo-Xtra-Centrerad-SVART.png","width":300,"height":99,"caption":"Melkerson y Nott SL"},"image":{"@id":"https:\/\/lightweb.dev\/l\/svm-temp\/#\/schema\/logo\/image\/"},"sameAs":["https:\/\/www.facebook.com\/svenskamagasinet","https:\/\/x.com\/SvenskaMagasine"]},{"@type":"Person","@id":"https:\/\/lightweb.dev\/l\/svm-temp\/#\/schema\/person\/206a3bda5b607b0c25e1749191e4d837","name":"Redaktionen SvM","description":"Redaktionen","sameAs":["https:\/\/lightweb.dev\/l\/svm-temp"],"url":"https:\/\/lightweb.dev\/l\/svm-temp\/reporter\/redaktionen\/"}]}},"_links":{"self":[{"href":"https:\/\/lightweb.dev\/l\/svm-temp\/wp-json\/wp\/v2\/posts\/3535","targetHints":{"allow":["GET"]}}],"collection":[{"href":"https:\/\/lightweb.dev\/l\/svm-temp\/wp-json\/wp\/v2\/posts"}],"about":[{"href":"https:\/\/lightweb.dev\/l\/svm-temp\/wp-json\/wp\/v2\/types\/post"}],"author":[{"embeddable":true,"href":"https:\/\/lightweb.dev\/l\/svm-temp\/wp-json\/wp\/v2\/users\/8"}],"replies":[{"embeddable":true,"href":"https:\/\/lightweb.dev\/l\/svm-temp\/wp-json\/wp\/v2\/comments?post=3535"}],"version-history":[{"count":0,"href":"https:\/\/lightweb.dev\/l\/svm-temp\/wp-json\/wp\/v2\/posts\/3535\/revisions"}],"wp:attachment":[{"href":"https:\/\/lightweb.dev\/l\/svm-temp\/wp-json\/wp\/v2\/media?parent=3535"}],"wp:term":[{"taxonomy":"category","embeddable":true,"href":"https:\/\/lightweb.dev\/l\/svm-temp\/wp-json\/wp\/v2\/categories?post=3535"},{"taxonomy":"post_tag","embeddable":true,"href":"https:\/\/lightweb.dev\/l\/svm-temp\/wp-json\/wp\/v2\/tags?post=3535"}],"curies":[{"name":"wp","href":"https:\/\/api.w.org\/{rel}","templated":true}]}}