{"id":3552,"date":"2012-11-13T00:00:00","date_gmt":"2012-11-12T23:00:00","guid":{"rendered":"https:\/\/lightweb.dev\/l\/svm-temp\/skandinavisk-supermarket-i-ny-tappning\/"},"modified":"2012-11-13T00:00:00","modified_gmt":"2012-11-12T23:00:00","slug":"skandinavisk-supermarket-i-ny-tappning","status":"publish","type":"post","link":"https:\/\/lightweb.dev\/l\/svm-temp\/artiklar\/skandinavisk-supermarket-i-ny-tappning\/","title":{"rendered":"Skandinavisk supermarket i ny tappning"},"content":{"rendered":"<p> I 27 \u00e5r drev Manolo sin svenskbutik i Nueva Andalucia. Nu har den \u00f6ppnat i en helt ny tappning och med namnet Scandi Supermarket. Ambitionen \u00e4r att skapa den mest kompletta skandinaviska butiken p\u00e5 kusten och med den absolut b\u00e4sta servicen. Ny chef f\u00f6r butiken blir Therese Larson som tidigare har drivit en annan matbutik mycket framg\u00e5ngsrikt. N\u00e4r vi g\u00f6r ett bes\u00f6k m\u00f6ts vi av en helt nyrenoverad lokal, ljus fr\u00e4sch och med ett stort utbud. F\u00f6rutom alla matvaror s\u00e5 har man \u00e4ven en chark och delikatessdisk. H\u00e4r f\u00e5r vi en pratstund med Jadwiga Johansson som \u00e4r den som sj\u00e4lv har gjort det mesta av delikatesserna. H\u00e4r finns v\u00e4sterbottenspaj, Skagenr\u00f6ra, matjest\u00e5rta, egen gravad lax, sm\u00f6rg\u00e5st\u00e5rta, wallenbergare, laxpudding och till detta n\u00e5gon av hennes eget hembakade br\u00f6d.<br \/>\nDet \u00e4r s\u00e5 kul att arbeta med detta och med all den positiva respons jag f\u00e5r fr\u00e5n v\u00e5ra kunder. Jag lyssnar p\u00e5 v\u00e5r kunder och utvecklar utbudet efter deras \u00f6nskem\u00e5l.  s\u00e4ger Jadwiga<br \/>\nScandi Supermarket \u00e4r inte bara en skandinavisk butik. H\u00e4r finns \u00e4ven ett bra sortiment av spanska produkter. Vi hittar en fin frukt och gr\u00f6nsaksavdelning, en bodega med ett stort utbud av viner och sprit.  I samarbete med Marbellas b\u00e4sta slaktare s\u00e5 kan man best\u00e4lla vilket k\u00f6tt man vill p\u00e5 f\u00f6rmiddagen och h\u00e4mta det samma dag p\u00e5 eftermiddagen. I frysen hittar vi ett stort utbud av fisk och skaldjur.<\/p>\n<p>Ambitionen med butiken \u00e4r att h\u00e4r ska man kunna handla allt och slippa att \u00e5ka till flera olika butiker. Vi vill samtidigt att v\u00e5r butik ska bli en m\u00f6tesplats f\u00f6r m\u00e5nga och d\u00e4rf\u00f6r har vi alltid nybryggt svenskt kaffe som vi bjuder p\u00e5, s\u00e4ger Kjell Jakobsson som tillsammans med sin fru Karin \u00e4r \u00e4gare till Scandi Supermarket<br \/>\nTherese Larsson blir butikschef<br \/>\nDen 24 november b\u00f6rjar Therese Larsson p\u00e5 Scandi Supermarket som butikschef. Med sina fyra \u00e5rs erfarenhet och kontaktn\u00e4t fr\u00e5n en tidigare butik g\u00f6r att hon ser stora m\u00f6jligheter med butiken.<br \/>\nDet k\u00e4nns oerh\u00f6rt inspirerande att f\u00e5 vara med och bygga ett nytt supermarketkoncept och jag k\u00e4nner redan att h\u00e4r finns en stor potential till att g\u00f6ra n\u00e5got riktigt bra, s\u00e4ger Therese.<br \/>\nTanken man har med att g\u00f6ra butiken till en m\u00f6tesplats \u00e4r n\u00e5got jag gillar. Min erfarenhet \u00e4r att det f\u00f6r m\u00e5nga \u00e4r lika viktigt att f\u00e5 en pratstund som det \u00e4r att handla.<\/p>\n<p>Julen n\u00e4rmar sig<\/p>\n<p>N\u00e4r vi \u00e4r p\u00e5 bes\u00f6k har man redan satt ig\u00e5ng planeringen av julen och all mat och dryck som h\u00f6r den festligheten till. Man kommer att erbjuda julspecialiter fr\u00e5n alla tre skandinaviska l\u00e4nderna. Man kan redan nu boka sin julbest\u00e4llning s\u00e5 att man \u00e4r s\u00e4ker p\u00e5 att allt finns p\u00e5 julbordet p\u00e5 julafton. Men redan till f\u00f6rsta advent finns julskinkan p\u00e5 plats och den 12 december bjuder man in till julmingel.<\/p>\n<p>Innan vi l\u00e4mnar den fr\u00e4scha butiken med tv\u00e5 v\u00e4lfyllda kassar s\u00e5 f\u00e5r vi en kopp Zoegas kaffe och ett nybakat wienerbr\u00f6d. N\u00e4r vi sitter i solen utanf\u00f6r butiken s\u00e5 f\u00e5r man tanken,  vilket lyft den gamla \u201dsvenskbutiken\u201d har f\u00e5tt. Det \u00e4r bara att gratulera alla skandinaver ! <\/p>\n","protected":false},"excerpt":{"rendered":"<p>I 27 \u00e5r drev Manolo sin svenskbutik i Nueva Andalucia. Nu har den \u00f6ppnat i en helt ny tappning och med namnet Scandi Supermarket. Ambitionen \u00e4r att skapa den mest kompletta skandinaviska butiken p\u00e5 kusten och med den absolut b\u00e4sta servicen. Ny chef f\u00f6r butiken blir Therese Larson som tidigare har drivit en annan matbutik [&hellip;]<\/p>\n","protected":false},"author":8,"featured_media":3553,"comment_status":"open","ping_status":"open","sticky":false,"template":"","format":"standard","meta":{"_et_pb_use_builder":"","_et_pb_old_content":"","_et_gb_content_width":"","footnotes":""},"categories":[396,4],"tags":[],"class_list":["post-3552","post","type-post","status-publish","format-standard","has-post-thumbnail","hentry","category-arkiv-artiklar","category-artiklar"],"yoast_head":"<!-- This site is optimized with the Yoast SEO Premium plugin v26.2 (Yoast SEO v27.5) - https:\/\/yoast.com\/product\/yoast-seo-premium-wordpress\/ -->\n<title>Skandinavisk supermarket i ny tappning - Svenska Magasinet<\/title>\n<meta name=\"robots\" content=\"noindex, follow, max-snippet:-1, max-image-preview:large, max-video-preview:-1\" \/>\n<meta property=\"og:locale\" content=\"sv_SE\" \/>\n<meta property=\"og:type\" content=\"article\" \/>\n<meta property=\"og:title\" content=\"Skandinavisk supermarket i ny tappning\" \/>\n<meta property=\"og:description\" content=\"I 27 \u00e5r drev Manolo sin svenskbutik i Nueva Andalucia. Nu har den \u00f6ppnat i en helt ny tappning och med namnet Scandi Supermarket. Ambitionen \u00e4r att skapa den mest kompletta skandinaviska butiken p\u00e5 kusten och med den absolut b\u00e4sta servicen. Ny chef f\u00f6r butiken blir Therese Larson som tidigare har drivit en annan matbutik [&hellip;]\" \/>\n<meta property=\"og:url\" content=\"https:\/\/lightweb.dev\/l\/svm-temp\/artiklar\/skandinavisk-supermarket-i-ny-tappning\/\" \/>\n<meta property=\"og:site_name\" content=\"Svenska Magasinet\" \/>\n<meta property=\"article:publisher\" content=\"https:\/\/www.facebook.com\/svenskamagasinet\" \/>\n<meta property=\"article:published_time\" content=\"2012-11-12T23:00:00+00:00\" \/>\n<meta property=\"og:image\" content=\"https:\/\/lightweb.dev\/l\/svm-temp\/wp-content\/uploads\/2022\/04\/skandinavisk-supermarket-i-ny-tappning.png\" \/>\n\t<meta property=\"og:image:width\" content=\"299\" \/>\n\t<meta property=\"og:image:height\" content=\"200\" \/>\n\t<meta property=\"og:image:type\" content=\"image\/png\" \/>\n<meta name=\"author\" content=\"Redaktionen SvM\" \/>\n<meta name=\"twitter:card\" content=\"summary_large_image\" \/>\n<meta name=\"twitter:creator\" content=\"@SvenskaMagasine\" \/>\n<meta name=\"twitter:site\" content=\"@SvenskaMagasine\" \/>\n<script type=\"application\/ld+json\" class=\"yoast-schema-graph\">{\"@context\":\"https:\\\/\\\/schema.org\",\"@graph\":[{\"@type\":\"Article\",\"@id\":\"https:\\\/\\\/lightweb.dev\\\/l\\\/svm-temp\\\/artiklar\\\/skandinavisk-supermarket-i-ny-tappning\\\/#article\",\"isPartOf\":{\"@id\":\"https:\\\/\\\/lightweb.dev\\\/l\\\/svm-temp\\\/artiklar\\\/skandinavisk-supermarket-i-ny-tappning\\\/\"},\"author\":{\"name\":\"Redaktionen SvM\",\"@id\":\"https:\\\/\\\/lightweb.dev\\\/l\\\/svm-temp\\\/#\\\/schema\\\/person\\\/206a3bda5b607b0c25e1749191e4d837\"},\"headline\":\"Skandinavisk supermarket i ny tappning\",\"datePublished\":\"2012-11-12T23:00:00+00:00\",\"mainEntityOfPage\":{\"@id\":\"https:\\\/\\\/lightweb.dev\\\/l\\\/svm-temp\\\/artiklar\\\/skandinavisk-supermarket-i-ny-tappning\\\/\"},\"wordCount\":581,\"commentCount\":0,\"publisher\":{\"@id\":\"https:\\\/\\\/lightweb.dev\\\/l\\\/svm-temp\\\/#organization\"},\"image\":{\"@id\":\"https:\\\/\\\/lightweb.dev\\\/l\\\/svm-temp\\\/artiklar\\\/skandinavisk-supermarket-i-ny-tappning\\\/#primaryimage\"},\"thumbnailUrl\":\"https:\\\/\\\/lightweb.dev\\\/l\\\/svm-temp\\\/wp-content\\\/uploads\\\/2022\\\/04\\\/skandinavisk-supermarket-i-ny-tappning.png\",\"articleSection\":[\"Arkiv\",\"Artiklar\"],\"inLanguage\":\"sv-SE\"},{\"@type\":\"WebPage\",\"@id\":\"https:\\\/\\\/lightweb.dev\\\/l\\\/svm-temp\\\/artiklar\\\/skandinavisk-supermarket-i-ny-tappning\\\/\",\"url\":\"https:\\\/\\\/lightweb.dev\\\/l\\\/svm-temp\\\/artiklar\\\/skandinavisk-supermarket-i-ny-tappning\\\/\",\"name\":\"Skandinavisk supermarket i ny tappning - Svenska Magasinet\",\"isPartOf\":{\"@id\":\"https:\\\/\\\/lightweb.dev\\\/l\\\/svm-temp\\\/#website\"},\"primaryImageOfPage\":{\"@id\":\"https:\\\/\\\/lightweb.dev\\\/l\\\/svm-temp\\\/artiklar\\\/skandinavisk-supermarket-i-ny-tappning\\\/#primaryimage\"},\"image\":{\"@id\":\"https:\\\/\\\/lightweb.dev\\\/l\\\/svm-temp\\\/artiklar\\\/skandinavisk-supermarket-i-ny-tappning\\\/#primaryimage\"},\"thumbnailUrl\":\"https:\\\/\\\/lightweb.dev\\\/l\\\/svm-temp\\\/wp-content\\\/uploads\\\/2022\\\/04\\\/skandinavisk-supermarket-i-ny-tappning.png\",\"datePublished\":\"2012-11-12T23:00:00+00:00\",\"breadcrumb\":{\"@id\":\"https:\\\/\\\/lightweb.dev\\\/l\\\/svm-temp\\\/artiklar\\\/skandinavisk-supermarket-i-ny-tappning\\\/#breadcrumb\"},\"inLanguage\":\"sv-SE\",\"potentialAction\":[{\"@type\":\"ReadAction\",\"target\":[\"https:\\\/\\\/lightweb.dev\\\/l\\\/svm-temp\\\/artiklar\\\/skandinavisk-supermarket-i-ny-tappning\\\/\"]}]},{\"@type\":\"ImageObject\",\"inLanguage\":\"sv-SE\",\"@id\":\"https:\\\/\\\/lightweb.dev\\\/l\\\/svm-temp\\\/artiklar\\\/skandinavisk-supermarket-i-ny-tappning\\\/#primaryimage\",\"url\":\"https:\\\/\\\/lightweb.dev\\\/l\\\/svm-temp\\\/wp-content\\\/uploads\\\/2022\\\/04\\\/skandinavisk-supermarket-i-ny-tappning.png\",\"contentUrl\":\"https:\\\/\\\/lightweb.dev\\\/l\\\/svm-temp\\\/wp-content\\\/uploads\\\/2022\\\/04\\\/skandinavisk-supermarket-i-ny-tappning.png\",\"width\":299,\"height\":200},{\"@type\":\"BreadcrumbList\",\"@id\":\"https:\\\/\\\/lightweb.dev\\\/l\\\/svm-temp\\\/artiklar\\\/skandinavisk-supermarket-i-ny-tappning\\\/#breadcrumb\",\"itemListElement\":[{\"@type\":\"ListItem\",\"position\":1,\"name\":\"Hem\",\"item\":\"https:\\\/\\\/lightweb.dev\\\/l\\\/svm-temp\\\/\"},{\"@type\":\"ListItem\",\"position\":2,\"name\":\"Skandinavisk supermarket i ny tappning\"}]},{\"@type\":\"WebSite\",\"@id\":\"https:\\\/\\\/lightweb.dev\\\/l\\\/svm-temp\\\/#website\",\"url\":\"https:\\\/\\\/lightweb.dev\\\/l\\\/svm-temp\\\/\",\"name\":\"Svenska Magasinet\",\"description\":\"Dina Spanska nyheter p&aring; Svenska\",\"publisher\":{\"@id\":\"https:\\\/\\\/lightweb.dev\\\/l\\\/svm-temp\\\/#organization\"},\"potentialAction\":[{\"@type\":\"SearchAction\",\"target\":{\"@type\":\"EntryPoint\",\"urlTemplate\":\"https:\\\/\\\/lightweb.dev\\\/l\\\/svm-temp\\\/?s={search_term_string}\"},\"query-input\":{\"@type\":\"PropertyValueSpecification\",\"valueRequired\":true,\"valueName\":\"search_term_string\"}}],\"inLanguage\":\"sv-SE\"},{\"@type\":\"Organization\",\"@id\":\"https:\\\/\\\/lightweb.dev\\\/l\\\/svm-temp\\\/#organization\",\"name\":\"Melkerson y Nott SL\",\"alternateName\":\"Svenska Magasinet\",\"url\":\"https:\\\/\\\/lightweb.dev\\\/l\\\/svm-temp\\\/\",\"logo\":{\"@type\":\"ImageObject\",\"inLanguage\":\"sv-SE\",\"@id\":\"https:\\\/\\\/lightweb.dev\\\/l\\\/svm-temp\\\/#\\\/schema\\\/logo\\\/image\\\/\",\"url\":\"https:\\\/\\\/lightweb.dev\\\/l\\\/svm-temp\\\/wp-content\\\/uploads\\\/2025\\\/02\\\/SvM-logo-Xtra-Centrerad-SVART.png\",\"contentUrl\":\"https:\\\/\\\/lightweb.dev\\\/l\\\/svm-temp\\\/wp-content\\\/uploads\\\/2025\\\/02\\\/SvM-logo-Xtra-Centrerad-SVART.png\",\"width\":300,\"height\":99,\"caption\":\"Melkerson y Nott SL\"},\"image\":{\"@id\":\"https:\\\/\\\/lightweb.dev\\\/l\\\/svm-temp\\\/#\\\/schema\\\/logo\\\/image\\\/\"},\"sameAs\":[\"https:\\\/\\\/www.facebook.com\\\/svenskamagasinet\",\"https:\\\/\\\/x.com\\\/SvenskaMagasine\"]},{\"@type\":\"Person\",\"@id\":\"https:\\\/\\\/lightweb.dev\\\/l\\\/svm-temp\\\/#\\\/schema\\\/person\\\/206a3bda5b607b0c25e1749191e4d837\",\"name\":\"Redaktionen SvM\",\"description\":\"Redaktionen\",\"sameAs\":[\"https:\\\/\\\/lightweb.dev\\\/l\\\/svm-temp\"],\"url\":\"https:\\\/\\\/lightweb.dev\\\/l\\\/svm-temp\\\/reporter\\\/redaktionen\\\/\"}]}<\/script>\n<!-- \/ Yoast SEO Premium plugin. -->","yoast_head_json":{"title":"Skandinavisk supermarket i ny tappning - Svenska Magasinet","robots":{"index":"noindex","follow":"follow","max-snippet":"max-snippet:-1","max-image-preview":"max-image-preview:large","max-video-preview":"max-video-preview:-1"},"og_locale":"sv_SE","og_type":"article","og_title":"Skandinavisk supermarket i ny tappning","og_description":"I 27 \u00e5r drev Manolo sin svenskbutik i Nueva Andalucia. Nu har den \u00f6ppnat i en helt ny tappning och med namnet Scandi Supermarket. Ambitionen \u00e4r att skapa den mest kompletta skandinaviska butiken p\u00e5 kusten och med den absolut b\u00e4sta servicen. Ny chef f\u00f6r butiken blir Therese Larson som tidigare har drivit en annan matbutik [&hellip;]","og_url":"https:\/\/lightweb.dev\/l\/svm-temp\/artiklar\/skandinavisk-supermarket-i-ny-tappning\/","og_site_name":"Svenska Magasinet","article_publisher":"https:\/\/www.facebook.com\/svenskamagasinet","article_published_time":"2012-11-12T23:00:00+00:00","og_image":[{"width":299,"height":200,"url":"https:\/\/lightweb.dev\/l\/svm-temp\/wp-content\/uploads\/2022\/04\/skandinavisk-supermarket-i-ny-tappning.png","type":"image\/png"}],"author":"Redaktionen SvM","twitter_card":"summary_large_image","twitter_creator":"@SvenskaMagasine","twitter_site":"@SvenskaMagasine","schema":{"@context":"https:\/\/schema.org","@graph":[{"@type":"Article","@id":"https:\/\/lightweb.dev\/l\/svm-temp\/artiklar\/skandinavisk-supermarket-i-ny-tappning\/#article","isPartOf":{"@id":"https:\/\/lightweb.dev\/l\/svm-temp\/artiklar\/skandinavisk-supermarket-i-ny-tappning\/"},"author":{"name":"Redaktionen SvM","@id":"https:\/\/lightweb.dev\/l\/svm-temp\/#\/schema\/person\/206a3bda5b607b0c25e1749191e4d837"},"headline":"Skandinavisk supermarket i ny tappning","datePublished":"2012-11-12T23:00:00+00:00","mainEntityOfPage":{"@id":"https:\/\/lightweb.dev\/l\/svm-temp\/artiklar\/skandinavisk-supermarket-i-ny-tappning\/"},"wordCount":581,"commentCount":0,"publisher":{"@id":"https:\/\/lightweb.dev\/l\/svm-temp\/#organization"},"image":{"@id":"https:\/\/lightweb.dev\/l\/svm-temp\/artiklar\/skandinavisk-supermarket-i-ny-tappning\/#primaryimage"},"thumbnailUrl":"https:\/\/lightweb.dev\/l\/svm-temp\/wp-content\/uploads\/2022\/04\/skandinavisk-supermarket-i-ny-tappning.png","articleSection":["Arkiv","Artiklar"],"inLanguage":"sv-SE"},{"@type":"WebPage","@id":"https:\/\/lightweb.dev\/l\/svm-temp\/artiklar\/skandinavisk-supermarket-i-ny-tappning\/","url":"https:\/\/lightweb.dev\/l\/svm-temp\/artiklar\/skandinavisk-supermarket-i-ny-tappning\/","name":"Skandinavisk supermarket i ny tappning - Svenska Magasinet","isPartOf":{"@id":"https:\/\/lightweb.dev\/l\/svm-temp\/#website"},"primaryImageOfPage":{"@id":"https:\/\/lightweb.dev\/l\/svm-temp\/artiklar\/skandinavisk-supermarket-i-ny-tappning\/#primaryimage"},"image":{"@id":"https:\/\/lightweb.dev\/l\/svm-temp\/artiklar\/skandinavisk-supermarket-i-ny-tappning\/#primaryimage"},"thumbnailUrl":"https:\/\/lightweb.dev\/l\/svm-temp\/wp-content\/uploads\/2022\/04\/skandinavisk-supermarket-i-ny-tappning.png","datePublished":"2012-11-12T23:00:00+00:00","breadcrumb":{"@id":"https:\/\/lightweb.dev\/l\/svm-temp\/artiklar\/skandinavisk-supermarket-i-ny-tappning\/#breadcrumb"},"inLanguage":"sv-SE","potentialAction":[{"@type":"ReadAction","target":["https:\/\/lightweb.dev\/l\/svm-temp\/artiklar\/skandinavisk-supermarket-i-ny-tappning\/"]}]},{"@type":"ImageObject","inLanguage":"sv-SE","@id":"https:\/\/lightweb.dev\/l\/svm-temp\/artiklar\/skandinavisk-supermarket-i-ny-tappning\/#primaryimage","url":"https:\/\/lightweb.dev\/l\/svm-temp\/wp-content\/uploads\/2022\/04\/skandinavisk-supermarket-i-ny-tappning.png","contentUrl":"https:\/\/lightweb.dev\/l\/svm-temp\/wp-content\/uploads\/2022\/04\/skandinavisk-supermarket-i-ny-tappning.png","width":299,"height":200},{"@type":"BreadcrumbList","@id":"https:\/\/lightweb.dev\/l\/svm-temp\/artiklar\/skandinavisk-supermarket-i-ny-tappning\/#breadcrumb","itemListElement":[{"@type":"ListItem","position":1,"name":"Hem","item":"https:\/\/lightweb.dev\/l\/svm-temp\/"},{"@type":"ListItem","position":2,"name":"Skandinavisk supermarket i ny tappning"}]},{"@type":"WebSite","@id":"https:\/\/lightweb.dev\/l\/svm-temp\/#website","url":"https:\/\/lightweb.dev\/l\/svm-temp\/","name":"Svenska Magasinet","description":"Dina Spanska nyheter p&aring; Svenska","publisher":{"@id":"https:\/\/lightweb.dev\/l\/svm-temp\/#organization"},"potentialAction":[{"@type":"SearchAction","target":{"@type":"EntryPoint","urlTemplate":"https:\/\/lightweb.dev\/l\/svm-temp\/?s={search_term_string}"},"query-input":{"@type":"PropertyValueSpecification","valueRequired":true,"valueName":"search_term_string"}}],"inLanguage":"sv-SE"},{"@type":"Organization","@id":"https:\/\/lightweb.dev\/l\/svm-temp\/#organization","name":"Melkerson y Nott SL","alternateName":"Svenska Magasinet","url":"https:\/\/lightweb.dev\/l\/svm-temp\/","logo":{"@type":"ImageObject","inLanguage":"sv-SE","@id":"https:\/\/lightweb.dev\/l\/svm-temp\/#\/schema\/logo\/image\/","url":"https:\/\/lightweb.dev\/l\/svm-temp\/wp-content\/uploads\/2025\/02\/SvM-logo-Xtra-Centrerad-SVART.png","contentUrl":"https:\/\/lightweb.dev\/l\/svm-temp\/wp-content\/uploads\/2025\/02\/SvM-logo-Xtra-Centrerad-SVART.png","width":300,"height":99,"caption":"Melkerson y Nott SL"},"image":{"@id":"https:\/\/lightweb.dev\/l\/svm-temp\/#\/schema\/logo\/image\/"},"sameAs":["https:\/\/www.facebook.com\/svenskamagasinet","https:\/\/x.com\/SvenskaMagasine"]},{"@type":"Person","@id":"https:\/\/lightweb.dev\/l\/svm-temp\/#\/schema\/person\/206a3bda5b607b0c25e1749191e4d837","name":"Redaktionen SvM","description":"Redaktionen","sameAs":["https:\/\/lightweb.dev\/l\/svm-temp"],"url":"https:\/\/lightweb.dev\/l\/svm-temp\/reporter\/redaktionen\/"}]}},"_links":{"self":[{"href":"https:\/\/lightweb.dev\/l\/svm-temp\/wp-json\/wp\/v2\/posts\/3552","targetHints":{"allow":["GET"]}}],"collection":[{"href":"https:\/\/lightweb.dev\/l\/svm-temp\/wp-json\/wp\/v2\/posts"}],"about":[{"href":"https:\/\/lightweb.dev\/l\/svm-temp\/wp-json\/wp\/v2\/types\/post"}],"author":[{"embeddable":true,"href":"https:\/\/lightweb.dev\/l\/svm-temp\/wp-json\/wp\/v2\/users\/8"}],"replies":[{"embeddable":true,"href":"https:\/\/lightweb.dev\/l\/svm-temp\/wp-json\/wp\/v2\/comments?post=3552"}],"version-history":[{"count":0,"href":"https:\/\/lightweb.dev\/l\/svm-temp\/wp-json\/wp\/v2\/posts\/3552\/revisions"}],"wp:featuredmedia":[{"embeddable":true,"href":"https:\/\/lightweb.dev\/l\/svm-temp\/wp-json\/wp\/v2\/media\/3553"}],"wp:attachment":[{"href":"https:\/\/lightweb.dev\/l\/svm-temp\/wp-json\/wp\/v2\/media?parent=3552"}],"wp:term":[{"taxonomy":"category","embeddable":true,"href":"https:\/\/lightweb.dev\/l\/svm-temp\/wp-json\/wp\/v2\/categories?post=3552"},{"taxonomy":"post_tag","embeddable":true,"href":"https:\/\/lightweb.dev\/l\/svm-temp\/wp-json\/wp\/v2\/tags?post=3552"}],"curies":[{"name":"wp","href":"https:\/\/api.w.org\/{rel}","templated":true}]}}