{"id":3562,"date":"2012-11-12T00:00:00","date_gmt":"2012-11-11T23:00:00","guid":{"rendered":"https:\/\/lightweb.dev\/l\/svm-temp\/fick-den-17-arige-svensken-en-rattvis-rattegang\/"},"modified":"2012-11-12T00:00:00","modified_gmt":"2012-11-11T23:00:00","slug":"fick-den-17-arige-svensken-en-rattvis-rattegang","status":"publish","type":"post","link":"https:\/\/lightweb.dev\/l\/svm-temp\/artiklar\/fick-den-17-arige-svensken-en-rattvis-rattegang\/","title":{"rendered":"Fick den 17-\u00e5rige svensken en r\u00e4ttvis r\u00e4tteg\u00e5ng?"},"content":{"rendered":"<p> I juli 2011 h\u00e4ktades en 17-\u00e5rig pojke fr\u00e5n V\u00e4xj\u00f6 av domstolen i Spanien som misst\u00e4nkt f\u00f6r v\u00e5ldt\u00e4kt. F\u00f6rst i juni 2012 h\u00f6lls r\u00e4tteg\u00e5ngen i M\u00e1laga mot honom, i vilken han helt frik\u00e4ndes fr\u00e5n anklagelsen. Av advokat G\u00f6ran Rise<br \/>\nEnvar fr\u00e5gar sig hur det \u00e4r m\u00f6jligt att en pojke kan h\u00e5llas h\u00e4ktad i drygt 6 m\u00e5nader och d\u00e4refter \u00e5l\u00e4ggas resef\u00f6rbud under i stort s\u00e4tt samma tid tills dess r\u00e4tteg\u00e5ngen h\u00f6lls mot honom.<br \/>\nHar Spanien kr\u00e4nkt hans r\u00e4ttigheter till en r\u00e4ttvis r\u00e4tteg\u00e5ng inom sk\u00e4lig tid?<br \/>\nSpanien har \u2013 s\u00e5vitt k\u00e4nt \u00e4r \u2013 ingen uttrycklig lagbest\u00e4mmelse, som uttalar att den misst\u00e4nkte har r\u00e4tt till r\u00e4ttvis r\u00e4tteg\u00e5ng, f\u00f6rutom en allm\u00e4n best\u00e4mmelse i den spanska grundlagen, Constituci\u00f3n Espa\u00f1ola, art. 25.<br \/>\nD\u00e5 Spanien \u00e4r anslutet till Europakonventionen f\u00f6r m\u00e4nskliga r\u00e4ttigheter \u00e5terfinns i denna det regelverk, som styr fr\u00e5gan om r\u00e4ttvis r\u00e4tteg\u00e5ng. <\/p>\n<p>Till ledning av vad som \u00e4r en r\u00e4ttvis r\u00e4tteg\u00e5ng i Spanien h\u00e4nvisas till n\u00e4mnda Europakonvention. Om man analyserar begreppet i konventionen utifr\u00e5n att n\u00e5gon blivit anklagad f\u00f6r brott har denne ovillkorligt r\u00e4tt till <\/p>\n<p>1. att betraktas som oskyldig till dess skulden blivit fastst\u00e4lld genom ett offentligt domstolsf\u00f6rfarande<br \/>\n2. att utan dr\u00f6jsm\u00e5l p\u00e5 ett spr\u00e5k som den anklagade f\u00f6rst\u00e5r i detalj underr\u00e4ttas om inneb\u00f6rden och grunderna f\u00f6r anklagelsen<br \/>\n3. att f\u00e5 tillr\u00e4cklig tid att f\u00f6rbereda sitt f\u00f6rsvar<br \/>\n4. att f\u00e5 hj\u00e4lp\/bitr\u00e4de av advokat<br \/>\n5. att f\u00e5 f\u00f6rh\u00f6ra vittnen, m\u00e5ls\u00e4ganden och sj\u00e4lv \u00e5beropa motbevisning<br \/>\n6. att utan kostnad f\u00e5 tolk <\/p>\n<p>D\u00e4rut\u00f6ver har man r\u00e4tt att f\u00e5 anklagelsen pr\u00f6vad inom sk\u00e4lig tid. <\/p>\n<p>Vad \u00e4r d\u00e5 inom sk\u00e4lig tid?<br \/>\nVissa m\u00e5l \u00e4r s.k. f\u00f6rtursm\u00e5l, dvs. dessa skall handl\u00e4ggas f\u00f6re andra m\u00e5l, t.ex. om den anklagade \u00e4r frihetsber\u00f6vad \u2013 h\u00e4ktad \u2013 eller belagd med resef\u00f6rbud eller om den anklagade \u00e4r under\u00e5rig.<br \/>\nI den svenska r\u00e4tteg\u00e5ngsbalken finns s\u00e4rskilda regler f\u00f6r att domstol \u00e4r skyldigt att h\u00e5lla huvudf\u00f6rhandling skyndsamt i synnerhet n\u00e4r det r\u00f6r sig om en under\u00e5rig, som dessutom \u00e4r h\u00e4ktad och \u00e5lagd resef\u00f6rbud.<\/p>\n<p>Den som inte fyllt 18 \u00e5r f\u00e5r n\u00e4mligen endast h\u00e4ktas om det finns synnerliga sk\u00e4l.<\/p>\n<p>Spansk r\u00e4tt inneh\u00e5ller ingen best\u00e4md tid f\u00f6r n\u00e4r en huvudf\u00f6rhandling skall \u00e4ga rum mot en under\u00e5rig som \u00e4r misst\u00e4nkt f\u00f6r brott.<\/p>\n<p>Reglerna om r\u00e4tten till domstolspr\u00f6vning inom sk\u00e4lig tid \u00e4r en grundl\u00e4ggande r\u00e4ttighet f\u00f6r medborgarna inom EU.<\/p>\n<p>Det \u00e4r ingen urs\u00e4kt att domstolarna \u00e4r \u00f6verbelastade med m\u00e5l eller att domare saknas.<\/p>\n<p>En kr\u00e4nkning av staten skall medf\u00f6ra att den enskilde gottg\u00f6res f\u00f6r sitt lidande. <\/p>\n<p>Domstolspraxis \u00e4r mycket sn\u00e5l, n\u00e4r det g\u00e4ller ekonomisk ers\u00e4ttning till den som blivit kr\u00e4nkt, men svensk r\u00e4tt inneh\u00e5ller en s\u00e4rskild best\u00e4mmelse, som medger strafflindring om en r\u00e4tteg\u00e5ng inte h\u00e5llits inom sk\u00e4lig tid.<\/p>\n<p>Erfarenheten visar emellertid att kompensation f\u00f6r den enskilde inte alls svarar mot det lidande som \u00e5samkats denne.<\/p>\n<p>Det \u00e4r inte rimligt att en misst\u00e4nkt sitter i \u201ddomstolsf\u00e4ngelse\u201d under en l\u00e4ngre tid.<\/p>\n<p>Mitt f\u00f6rslag \u00e4r att om den misst\u00e4nkte inte f\u00e5r en r\u00e4tteg\u00e5ng inom sk\u00e4lig tid skall helt enkelt \u00e5talet mot honom ogillas.<br \/>\nDen pojke, som satt h\u00e4ktad och \u00e5lades resef\u00f6rbud i stort sett ett \u00e5r i avvaktan p\u00e5 r\u00e4tteg\u00e5ng mot honom, har enligt min uppfattning uppenbarligen kr\u00e4nkts av Spanien i f\u00f6rh\u00e5llande till g\u00e4llande r\u00e4tt enligt det regelverk, som \u00e5terfinns i Europakonventionen. <\/p>\n<p>Han b\u00f6r d\u00e4rf\u00f6r vara ber\u00e4ttigad till ekonomiskt skadest\u00e5nd f\u00f6r sj\u00e4lva kr\u00e4nkningen och dessutom ers\u00e4ttning f\u00f6r att han ber\u00f6vats friheten under ett \u00e5r, d\u00e5 han helt frik\u00e4ndes i r\u00e4tteg\u00e5ngen.<\/p>\n","protected":false},"excerpt":{"rendered":"<p>I juli 2011 h\u00e4ktades en 17-\u00e5rig pojke fr\u00e5n V\u00e4xj\u00f6 av domstolen i Spanien som misst\u00e4nkt f\u00f6r v\u00e5ldt\u00e4kt. F\u00f6rst i juni 2012 h\u00f6lls r\u00e4tteg\u00e5ngen i M\u00e1laga mot honom, i vilken han helt frik\u00e4ndes fr\u00e5n anklagelsen. Av advokat G\u00f6ran Rise Envar fr\u00e5gar sig hur det \u00e4r m\u00f6jligt att en pojke kan h\u00e5llas h\u00e4ktad i drygt 6 m\u00e5nader [&hellip;]<\/p>\n","protected":false},"author":8,"featured_media":3563,"comment_status":"open","ping_status":"open","sticky":false,"template":"","format":"standard","meta":{"_et_pb_use_builder":"","_et_pb_old_content":"","_et_gb_content_width":"","footnotes":""},"categories":[396,4],"tags":[],"class_list":["post-3562","post","type-post","status-publish","format-standard","has-post-thumbnail","hentry","category-arkiv-artiklar","category-artiklar"],"yoast_head":"<!-- This site is optimized with the Yoast SEO Premium plugin v26.2 (Yoast SEO v27.5) - https:\/\/yoast.com\/product\/yoast-seo-premium-wordpress\/ -->\n<title>Fick den 17-\u00e5rige svensken en r\u00e4ttvis r\u00e4tteg\u00e5ng? - Svenska Magasinet<\/title>\n<meta name=\"robots\" content=\"noindex, follow, max-snippet:-1, max-image-preview:large, max-video-preview:-1\" \/>\n<meta property=\"og:locale\" content=\"sv_SE\" \/>\n<meta property=\"og:type\" content=\"article\" \/>\n<meta property=\"og:title\" content=\"Fick den 17-\u00e5rige svensken en r\u00e4ttvis r\u00e4tteg\u00e5ng?\" \/>\n<meta property=\"og:description\" content=\"I juli 2011 h\u00e4ktades en 17-\u00e5rig pojke fr\u00e5n V\u00e4xj\u00f6 av domstolen i Spanien som misst\u00e4nkt f\u00f6r v\u00e5ldt\u00e4kt. F\u00f6rst i juni 2012 h\u00f6lls r\u00e4tteg\u00e5ngen i M\u00e1laga mot honom, i vilken han helt frik\u00e4ndes fr\u00e5n anklagelsen. Av advokat G\u00f6ran Rise Envar fr\u00e5gar sig hur det \u00e4r m\u00f6jligt att en pojke kan h\u00e5llas h\u00e4ktad i drygt 6 m\u00e5nader [&hellip;]\" \/>\n<meta property=\"og:url\" content=\"https:\/\/lightweb.dev\/l\/svm-temp\/artiklar\/fick-den-17-arige-svensken-en-rattvis-rattegang\/\" \/>\n<meta property=\"og:site_name\" content=\"Svenska Magasinet\" \/>\n<meta property=\"article:publisher\" content=\"https:\/\/www.facebook.com\/svenskamagasinet\" \/>\n<meta property=\"article:published_time\" content=\"2012-11-11T23:00:00+00:00\" \/>\n<meta property=\"og:image\" content=\"https:\/\/lightweb.dev\/l\/svm-temp\/wp-content\/uploads\/2022\/04\/fick-den-17-rige-svensken-en-rttvis-rttegng.png\" \/>\n\t<meta property=\"og:image:width\" content=\"280\" \/>\n\t<meta property=\"og:image:height\" content=\"386\" \/>\n\t<meta property=\"og:image:type\" content=\"image\/png\" \/>\n<meta name=\"author\" content=\"Redaktionen SvM\" \/>\n<meta name=\"twitter:card\" content=\"summary_large_image\" \/>\n<meta name=\"twitter:creator\" content=\"@SvenskaMagasine\" \/>\n<meta name=\"twitter:site\" content=\"@SvenskaMagasine\" \/>\n<script type=\"application\/ld+json\" class=\"yoast-schema-graph\">{\"@context\":\"https:\\\/\\\/schema.org\",\"@graph\":[{\"@type\":\"Article\",\"@id\":\"https:\\\/\\\/lightweb.dev\\\/l\\\/svm-temp\\\/artiklar\\\/fick-den-17-arige-svensken-en-rattvis-rattegang\\\/#article\",\"isPartOf\":{\"@id\":\"https:\\\/\\\/lightweb.dev\\\/l\\\/svm-temp\\\/artiklar\\\/fick-den-17-arige-svensken-en-rattvis-rattegang\\\/\"},\"author\":{\"name\":\"Redaktionen SvM\",\"@id\":\"https:\\\/\\\/lightweb.dev\\\/l\\\/svm-temp\\\/#\\\/schema\\\/person\\\/206a3bda5b607b0c25e1749191e4d837\"},\"headline\":\"Fick den 17-\u00e5rige svensken en r\u00e4ttvis r\u00e4tteg\u00e5ng?\",\"datePublished\":\"2012-11-11T23:00:00+00:00\",\"mainEntityOfPage\":{\"@id\":\"https:\\\/\\\/lightweb.dev\\\/l\\\/svm-temp\\\/artiklar\\\/fick-den-17-arige-svensken-en-rattvis-rattegang\\\/\"},\"wordCount\":723,\"commentCount\":0,\"publisher\":{\"@id\":\"https:\\\/\\\/lightweb.dev\\\/l\\\/svm-temp\\\/#organization\"},\"image\":{\"@id\":\"https:\\\/\\\/lightweb.dev\\\/l\\\/svm-temp\\\/artiklar\\\/fick-den-17-arige-svensken-en-rattvis-rattegang\\\/#primaryimage\"},\"thumbnailUrl\":\"https:\\\/\\\/lightweb.dev\\\/l\\\/svm-temp\\\/wp-content\\\/uploads\\\/2022\\\/04\\\/fick-den-17-rige-svensken-en-rttvis-rttegng.png\",\"articleSection\":[\"Arkiv\",\"Artiklar\"],\"inLanguage\":\"sv-SE\"},{\"@type\":\"WebPage\",\"@id\":\"https:\\\/\\\/lightweb.dev\\\/l\\\/svm-temp\\\/artiklar\\\/fick-den-17-arige-svensken-en-rattvis-rattegang\\\/\",\"url\":\"https:\\\/\\\/lightweb.dev\\\/l\\\/svm-temp\\\/artiklar\\\/fick-den-17-arige-svensken-en-rattvis-rattegang\\\/\",\"name\":\"Fick den 17-\u00e5rige svensken en r\u00e4ttvis r\u00e4tteg\u00e5ng? - Svenska Magasinet\",\"isPartOf\":{\"@id\":\"https:\\\/\\\/lightweb.dev\\\/l\\\/svm-temp\\\/#website\"},\"primaryImageOfPage\":{\"@id\":\"https:\\\/\\\/lightweb.dev\\\/l\\\/svm-temp\\\/artiklar\\\/fick-den-17-arige-svensken-en-rattvis-rattegang\\\/#primaryimage\"},\"image\":{\"@id\":\"https:\\\/\\\/lightweb.dev\\\/l\\\/svm-temp\\\/artiklar\\\/fick-den-17-arige-svensken-en-rattvis-rattegang\\\/#primaryimage\"},\"thumbnailUrl\":\"https:\\\/\\\/lightweb.dev\\\/l\\\/svm-temp\\\/wp-content\\\/uploads\\\/2022\\\/04\\\/fick-den-17-rige-svensken-en-rttvis-rttegng.png\",\"datePublished\":\"2012-11-11T23:00:00+00:00\",\"breadcrumb\":{\"@id\":\"https:\\\/\\\/lightweb.dev\\\/l\\\/svm-temp\\\/artiklar\\\/fick-den-17-arige-svensken-en-rattvis-rattegang\\\/#breadcrumb\"},\"inLanguage\":\"sv-SE\",\"potentialAction\":[{\"@type\":\"ReadAction\",\"target\":[\"https:\\\/\\\/lightweb.dev\\\/l\\\/svm-temp\\\/artiklar\\\/fick-den-17-arige-svensken-en-rattvis-rattegang\\\/\"]}]},{\"@type\":\"ImageObject\",\"inLanguage\":\"sv-SE\",\"@id\":\"https:\\\/\\\/lightweb.dev\\\/l\\\/svm-temp\\\/artiklar\\\/fick-den-17-arige-svensken-en-rattvis-rattegang\\\/#primaryimage\",\"url\":\"https:\\\/\\\/lightweb.dev\\\/l\\\/svm-temp\\\/wp-content\\\/uploads\\\/2022\\\/04\\\/fick-den-17-rige-svensken-en-rttvis-rttegng.png\",\"contentUrl\":\"https:\\\/\\\/lightweb.dev\\\/l\\\/svm-temp\\\/wp-content\\\/uploads\\\/2022\\\/04\\\/fick-den-17-rige-svensken-en-rttvis-rttegng.png\",\"width\":280,\"height\":386},{\"@type\":\"BreadcrumbList\",\"@id\":\"https:\\\/\\\/lightweb.dev\\\/l\\\/svm-temp\\\/artiklar\\\/fick-den-17-arige-svensken-en-rattvis-rattegang\\\/#breadcrumb\",\"itemListElement\":[{\"@type\":\"ListItem\",\"position\":1,\"name\":\"Hem\",\"item\":\"https:\\\/\\\/lightweb.dev\\\/l\\\/svm-temp\\\/\"},{\"@type\":\"ListItem\",\"position\":2,\"name\":\"Fick den 17-\u00e5rige svensken en r\u00e4ttvis r\u00e4tteg\u00e5ng?\"}]},{\"@type\":\"WebSite\",\"@id\":\"https:\\\/\\\/lightweb.dev\\\/l\\\/svm-temp\\\/#website\",\"url\":\"https:\\\/\\\/lightweb.dev\\\/l\\\/svm-temp\\\/\",\"name\":\"Svenska Magasinet\",\"description\":\"Dina Spanska nyheter p&aring; Svenska\",\"publisher\":{\"@id\":\"https:\\\/\\\/lightweb.dev\\\/l\\\/svm-temp\\\/#organization\"},\"potentialAction\":[{\"@type\":\"SearchAction\",\"target\":{\"@type\":\"EntryPoint\",\"urlTemplate\":\"https:\\\/\\\/lightweb.dev\\\/l\\\/svm-temp\\\/?s={search_term_string}\"},\"query-input\":{\"@type\":\"PropertyValueSpecification\",\"valueRequired\":true,\"valueName\":\"search_term_string\"}}],\"inLanguage\":\"sv-SE\"},{\"@type\":\"Organization\",\"@id\":\"https:\\\/\\\/lightweb.dev\\\/l\\\/svm-temp\\\/#organization\",\"name\":\"Melkerson y Nott SL\",\"alternateName\":\"Svenska Magasinet\",\"url\":\"https:\\\/\\\/lightweb.dev\\\/l\\\/svm-temp\\\/\",\"logo\":{\"@type\":\"ImageObject\",\"inLanguage\":\"sv-SE\",\"@id\":\"https:\\\/\\\/lightweb.dev\\\/l\\\/svm-temp\\\/#\\\/schema\\\/logo\\\/image\\\/\",\"url\":\"https:\\\/\\\/lightweb.dev\\\/l\\\/svm-temp\\\/wp-content\\\/uploads\\\/2025\\\/02\\\/SvM-logo-Xtra-Centrerad-SVART.png\",\"contentUrl\":\"https:\\\/\\\/lightweb.dev\\\/l\\\/svm-temp\\\/wp-content\\\/uploads\\\/2025\\\/02\\\/SvM-logo-Xtra-Centrerad-SVART.png\",\"width\":300,\"height\":99,\"caption\":\"Melkerson y Nott SL\"},\"image\":{\"@id\":\"https:\\\/\\\/lightweb.dev\\\/l\\\/svm-temp\\\/#\\\/schema\\\/logo\\\/image\\\/\"},\"sameAs\":[\"https:\\\/\\\/www.facebook.com\\\/svenskamagasinet\",\"https:\\\/\\\/x.com\\\/SvenskaMagasine\"]},{\"@type\":\"Person\",\"@id\":\"https:\\\/\\\/lightweb.dev\\\/l\\\/svm-temp\\\/#\\\/schema\\\/person\\\/206a3bda5b607b0c25e1749191e4d837\",\"name\":\"Redaktionen SvM\",\"description\":\"Redaktionen\",\"sameAs\":[\"https:\\\/\\\/lightweb.dev\\\/l\\\/svm-temp\"],\"url\":\"https:\\\/\\\/lightweb.dev\\\/l\\\/svm-temp\\\/reporter\\\/redaktionen\\\/\"}]}<\/script>\n<!-- \/ Yoast SEO Premium plugin. -->","yoast_head_json":{"title":"Fick den 17-\u00e5rige svensken en r\u00e4ttvis r\u00e4tteg\u00e5ng? - Svenska Magasinet","robots":{"index":"noindex","follow":"follow","max-snippet":"max-snippet:-1","max-image-preview":"max-image-preview:large","max-video-preview":"max-video-preview:-1"},"og_locale":"sv_SE","og_type":"article","og_title":"Fick den 17-\u00e5rige svensken en r\u00e4ttvis r\u00e4tteg\u00e5ng?","og_description":"I juli 2011 h\u00e4ktades en 17-\u00e5rig pojke fr\u00e5n V\u00e4xj\u00f6 av domstolen i Spanien som misst\u00e4nkt f\u00f6r v\u00e5ldt\u00e4kt. F\u00f6rst i juni 2012 h\u00f6lls r\u00e4tteg\u00e5ngen i M\u00e1laga mot honom, i vilken han helt frik\u00e4ndes fr\u00e5n anklagelsen. Av advokat G\u00f6ran Rise Envar fr\u00e5gar sig hur det \u00e4r m\u00f6jligt att en pojke kan h\u00e5llas h\u00e4ktad i drygt 6 m\u00e5nader [&hellip;]","og_url":"https:\/\/lightweb.dev\/l\/svm-temp\/artiklar\/fick-den-17-arige-svensken-en-rattvis-rattegang\/","og_site_name":"Svenska Magasinet","article_publisher":"https:\/\/www.facebook.com\/svenskamagasinet","article_published_time":"2012-11-11T23:00:00+00:00","og_image":[{"width":280,"height":386,"url":"https:\/\/lightweb.dev\/l\/svm-temp\/wp-content\/uploads\/2022\/04\/fick-den-17-rige-svensken-en-rttvis-rttegng.png","type":"image\/png"}],"author":"Redaktionen SvM","twitter_card":"summary_large_image","twitter_creator":"@SvenskaMagasine","twitter_site":"@SvenskaMagasine","schema":{"@context":"https:\/\/schema.org","@graph":[{"@type":"Article","@id":"https:\/\/lightweb.dev\/l\/svm-temp\/artiklar\/fick-den-17-arige-svensken-en-rattvis-rattegang\/#article","isPartOf":{"@id":"https:\/\/lightweb.dev\/l\/svm-temp\/artiklar\/fick-den-17-arige-svensken-en-rattvis-rattegang\/"},"author":{"name":"Redaktionen SvM","@id":"https:\/\/lightweb.dev\/l\/svm-temp\/#\/schema\/person\/206a3bda5b607b0c25e1749191e4d837"},"headline":"Fick den 17-\u00e5rige svensken en r\u00e4ttvis r\u00e4tteg\u00e5ng?","datePublished":"2012-11-11T23:00:00+00:00","mainEntityOfPage":{"@id":"https:\/\/lightweb.dev\/l\/svm-temp\/artiklar\/fick-den-17-arige-svensken-en-rattvis-rattegang\/"},"wordCount":723,"commentCount":0,"publisher":{"@id":"https:\/\/lightweb.dev\/l\/svm-temp\/#organization"},"image":{"@id":"https:\/\/lightweb.dev\/l\/svm-temp\/artiklar\/fick-den-17-arige-svensken-en-rattvis-rattegang\/#primaryimage"},"thumbnailUrl":"https:\/\/lightweb.dev\/l\/svm-temp\/wp-content\/uploads\/2022\/04\/fick-den-17-rige-svensken-en-rttvis-rttegng.png","articleSection":["Arkiv","Artiklar"],"inLanguage":"sv-SE"},{"@type":"WebPage","@id":"https:\/\/lightweb.dev\/l\/svm-temp\/artiklar\/fick-den-17-arige-svensken-en-rattvis-rattegang\/","url":"https:\/\/lightweb.dev\/l\/svm-temp\/artiklar\/fick-den-17-arige-svensken-en-rattvis-rattegang\/","name":"Fick den 17-\u00e5rige svensken en r\u00e4ttvis r\u00e4tteg\u00e5ng? - Svenska Magasinet","isPartOf":{"@id":"https:\/\/lightweb.dev\/l\/svm-temp\/#website"},"primaryImageOfPage":{"@id":"https:\/\/lightweb.dev\/l\/svm-temp\/artiklar\/fick-den-17-arige-svensken-en-rattvis-rattegang\/#primaryimage"},"image":{"@id":"https:\/\/lightweb.dev\/l\/svm-temp\/artiklar\/fick-den-17-arige-svensken-en-rattvis-rattegang\/#primaryimage"},"thumbnailUrl":"https:\/\/lightweb.dev\/l\/svm-temp\/wp-content\/uploads\/2022\/04\/fick-den-17-rige-svensken-en-rttvis-rttegng.png","datePublished":"2012-11-11T23:00:00+00:00","breadcrumb":{"@id":"https:\/\/lightweb.dev\/l\/svm-temp\/artiklar\/fick-den-17-arige-svensken-en-rattvis-rattegang\/#breadcrumb"},"inLanguage":"sv-SE","potentialAction":[{"@type":"ReadAction","target":["https:\/\/lightweb.dev\/l\/svm-temp\/artiklar\/fick-den-17-arige-svensken-en-rattvis-rattegang\/"]}]},{"@type":"ImageObject","inLanguage":"sv-SE","@id":"https:\/\/lightweb.dev\/l\/svm-temp\/artiklar\/fick-den-17-arige-svensken-en-rattvis-rattegang\/#primaryimage","url":"https:\/\/lightweb.dev\/l\/svm-temp\/wp-content\/uploads\/2022\/04\/fick-den-17-rige-svensken-en-rttvis-rttegng.png","contentUrl":"https:\/\/lightweb.dev\/l\/svm-temp\/wp-content\/uploads\/2022\/04\/fick-den-17-rige-svensken-en-rttvis-rttegng.png","width":280,"height":386},{"@type":"BreadcrumbList","@id":"https:\/\/lightweb.dev\/l\/svm-temp\/artiklar\/fick-den-17-arige-svensken-en-rattvis-rattegang\/#breadcrumb","itemListElement":[{"@type":"ListItem","position":1,"name":"Hem","item":"https:\/\/lightweb.dev\/l\/svm-temp\/"},{"@type":"ListItem","position":2,"name":"Fick den 17-\u00e5rige svensken en r\u00e4ttvis r\u00e4tteg\u00e5ng?"}]},{"@type":"WebSite","@id":"https:\/\/lightweb.dev\/l\/svm-temp\/#website","url":"https:\/\/lightweb.dev\/l\/svm-temp\/","name":"Svenska Magasinet","description":"Dina Spanska nyheter p&aring; Svenska","publisher":{"@id":"https:\/\/lightweb.dev\/l\/svm-temp\/#organization"},"potentialAction":[{"@type":"SearchAction","target":{"@type":"EntryPoint","urlTemplate":"https:\/\/lightweb.dev\/l\/svm-temp\/?s={search_term_string}"},"query-input":{"@type":"PropertyValueSpecification","valueRequired":true,"valueName":"search_term_string"}}],"inLanguage":"sv-SE"},{"@type":"Organization","@id":"https:\/\/lightweb.dev\/l\/svm-temp\/#organization","name":"Melkerson y Nott SL","alternateName":"Svenska Magasinet","url":"https:\/\/lightweb.dev\/l\/svm-temp\/","logo":{"@type":"ImageObject","inLanguage":"sv-SE","@id":"https:\/\/lightweb.dev\/l\/svm-temp\/#\/schema\/logo\/image\/","url":"https:\/\/lightweb.dev\/l\/svm-temp\/wp-content\/uploads\/2025\/02\/SvM-logo-Xtra-Centrerad-SVART.png","contentUrl":"https:\/\/lightweb.dev\/l\/svm-temp\/wp-content\/uploads\/2025\/02\/SvM-logo-Xtra-Centrerad-SVART.png","width":300,"height":99,"caption":"Melkerson y Nott SL"},"image":{"@id":"https:\/\/lightweb.dev\/l\/svm-temp\/#\/schema\/logo\/image\/"},"sameAs":["https:\/\/www.facebook.com\/svenskamagasinet","https:\/\/x.com\/SvenskaMagasine"]},{"@type":"Person","@id":"https:\/\/lightweb.dev\/l\/svm-temp\/#\/schema\/person\/206a3bda5b607b0c25e1749191e4d837","name":"Redaktionen SvM","description":"Redaktionen","sameAs":["https:\/\/lightweb.dev\/l\/svm-temp"],"url":"https:\/\/lightweb.dev\/l\/svm-temp\/reporter\/redaktionen\/"}]}},"_links":{"self":[{"href":"https:\/\/lightweb.dev\/l\/svm-temp\/wp-json\/wp\/v2\/posts\/3562","targetHints":{"allow":["GET"]}}],"collection":[{"href":"https:\/\/lightweb.dev\/l\/svm-temp\/wp-json\/wp\/v2\/posts"}],"about":[{"href":"https:\/\/lightweb.dev\/l\/svm-temp\/wp-json\/wp\/v2\/types\/post"}],"author":[{"embeddable":true,"href":"https:\/\/lightweb.dev\/l\/svm-temp\/wp-json\/wp\/v2\/users\/8"}],"replies":[{"embeddable":true,"href":"https:\/\/lightweb.dev\/l\/svm-temp\/wp-json\/wp\/v2\/comments?post=3562"}],"version-history":[{"count":0,"href":"https:\/\/lightweb.dev\/l\/svm-temp\/wp-json\/wp\/v2\/posts\/3562\/revisions"}],"wp:featuredmedia":[{"embeddable":true,"href":"https:\/\/lightweb.dev\/l\/svm-temp\/wp-json\/wp\/v2\/media\/3563"}],"wp:attachment":[{"href":"https:\/\/lightweb.dev\/l\/svm-temp\/wp-json\/wp\/v2\/media?parent=3562"}],"wp:term":[{"taxonomy":"category","embeddable":true,"href":"https:\/\/lightweb.dev\/l\/svm-temp\/wp-json\/wp\/v2\/categories?post=3562"},{"taxonomy":"post_tag","embeddable":true,"href":"https:\/\/lightweb.dev\/l\/svm-temp\/wp-json\/wp\/v2\/tags?post=3562"}],"curies":[{"name":"wp","href":"https:\/\/api.w.org\/{rel}","templated":true}]}}