{"id":3566,"date":"2012-11-12T00:00:00","date_gmt":"2012-11-11T23:00:00","guid":{"rendered":"https:\/\/lightweb.dev\/l\/svm-temp\/vi-saljer-vart-hus-i-thailand-for-att-atervanda-till-solkusten\/"},"modified":"2012-11-12T00:00:00","modified_gmt":"2012-11-11T23:00:00","slug":"vi-saljer-vart-hus-i-thailand-for-att-atervanda-till-solkusten","status":"publish","type":"post","link":"https:\/\/lightweb.dev\/l\/svm-temp\/artiklar\/vi-saljer-vart-hus-i-thailand-for-att-atervanda-till-solkusten\/","title":{"rendered":"\u201dVi s\u00e4ljer v\u00e5rt hus i Thailand f\u00f6r att \u00e5terv\u00e4nda till Solkusten\u201d"},"content":{"rendered":"<p> Heta Thailand har svalnat. Allt fler svenskar v\u00e4nder nu ryggen \u00e5t Thailand f\u00f6r att i st\u00e4llet \u00e5terv\u00e4nda till Spanien. Efter n\u00e5gra \u00e5r med fritidshus i Thailand \u00e4r Kent Lund och Anne-Marie Swedin tillbaka p\u00e5 den spanska Solkusten. Av Ola Josefsson<br \/>\nVarf\u00f6r Spanien igen?<br \/>\n&#8211; N\u00e4r du kommer upp i \u00e5ldern k\u00e4nns det helt enkelt b\u00e4ttre att vara p\u00e5 n\u00e4rmare h\u00e5ll. Jag har tidigare bott p\u00e5 Solkusten, sedan blev det Thailand, men nu \u00e4r jag 74 \u00e5r. Det kan bli ganska p\u00e5frestande att spela golf i Thailand i 35 graders v\u00e4rme, s\u00e4ger Anne-Mare Swedin.<br \/>\n&#8211; Sedan har vi resorna, det \u00e4r en annan aspekt. Det \u00e4r s\u00e5 mycket enklare att flyga mellan Sverige och Spanien. I Thailand m\u00e5ste vi fixa en extra f\u00f6rs\u00e4kring. Det beh\u00f6ver vi inte i Spanien. H\u00e4r \u00e4r vi residenta och kan g\u00f6ra l\u00e4karbes\u00f6k och vi betalar bara tio procent av priset p\u00e5 mediciner.<\/p>\n<p>Kent och Anne-Marie betonar ocks\u00e5 m\u00f6jligheten att kunna g\u00f6ra ROT-avdrag.<br \/>\n&#8211; Bost\u00e4derna p\u00e5 Solkusten har blivit billigare. K\u00f6per du dessutom ett renoveringsobjekt kan du sedan g\u00f6ra ROT-avdrag.<br \/>\n&#8211; Vi ska bygga om v\u00e5rt k\u00f6k i bostaden som ligger i Oj\u00e9n kommun p\u00e5 gr\u00e4nsen till Elviria mellan Fuengirola och Marbella.<\/p>\n<p>De har pr\u00f6vat andra st\u00e4llen i v\u00e4rlden. Efter Thailand \u00e5terv\u00e4nder de nu till Solkusten.<br \/>\n&#8211; Vi k\u00e4nner flera som har \u00e5terv\u00e4nt till Spanien eller som t\u00e4nker g\u00f6ra det. Tidigare fick du fyra hus i Thailand f\u00f6r samma pris som ett hus i Spanien. S\u00e5 \u00e4r det inte l\u00e4ngre.<\/p>\n<p>\u201dN\u00e4sta steg blir en utlandsflytt\u201d<br \/>\nFamiljen von Schantz \u00e4r halvv\u00e4gs till Solkusten. De kommer fr\u00e5n Stockholm men bor numera i Tomelilla. N\u00e4sta steg kan bli Solkusten.<br \/>\n&#8211; Vi har starka funderingar p\u00e5 att flytta till Solkusten, s\u00e4ger pappa Carl-Olof och f\u00e5r medh\u00e5ll av Maria och barnen Marcus samt Emelie.<\/p>\n<p>Familjen von Schantz \u00e4r p\u00e5 jakt efter ett sk\u00f6nt klimat och ser m\u00e5nga f\u00f6rdelar med Solkusten. De bes\u00f6ker K\u00f6pa hus utomlands-m\u00e4ssan i Malm\u00f6 och pratar med Bo Wennertorp i hans monter.<br \/>\n&#8211; P\u00e5 Solkusten finns svenska skolor och v\u00e5ra barn spelar tennis, det l\u00e4r finnas flera tennisklubbar p\u00e5 Solkusten.<\/p>\n<p>Familjen har som m\u00e5l att flytta permanent, att l\u00e4ra sig det nya landet och spanska spr\u00e5ket.<br \/>\n&#8211; Det \u00e4r viktigt att komma in i det nya landet. Vi tittar \u00e4ven p\u00e5 hur vi kan jobba med olika verksamheter.<br \/>\nCarl-Olof och Maria har funderingar p\u00e5 att dra ig\u00e5ng utbildningar inom pedagogiska omr\u00e5den som f\u00f6r\u00e4ldrautbildningar. De h\u00e5ller \u00e4ven p\u00e5 med musik.<\/p>\n<p>&#8211; Vi \u00e4r i b\u00f6rjan p\u00e5 processen att flytta utomlands och vi har i huvudsak tittat p\u00e5 Sydfrankrike och Marbella. Vi har inte varit p\u00e5 platserna \u00e4nnu, det blir att vi surfar runt och l\u00e4ser p\u00e5, s\u00e4ger Carl-Olof von Schantz. Nu planerar vi f\u00f6r att resa till Solkusten f\u00f6r att se p\u00e5 omr\u00e5det. <\/p>\n","protected":false},"excerpt":{"rendered":"<p>Heta Thailand har svalnat. Allt fler svenskar v\u00e4nder nu ryggen \u00e5t Thailand f\u00f6r att i st\u00e4llet \u00e5terv\u00e4nda till Spanien. Efter n\u00e5gra \u00e5r med fritidshus i Thailand \u00e4r Kent Lund och Anne-Marie Swedin tillbaka p\u00e5 den spanska Solkusten. Av Ola Josefsson Varf\u00f6r Spanien igen? &#8211; N\u00e4r du kommer upp i \u00e5ldern k\u00e4nns det helt enkelt b\u00e4ttre [&hellip;]<\/p>\n","protected":false},"author":8,"featured_media":3567,"comment_status":"open","ping_status":"open","sticky":false,"template":"","format":"standard","meta":{"_et_pb_use_builder":"","_et_pb_old_content":"","_et_gb_content_width":"","footnotes":""},"categories":[4,37],"tags":[],"class_list":["post-3566","post","type-post","status-publish","format-standard","has-post-thumbnail","hentry","category-artiklar","category-hem-bostad"],"yoast_head":"<!-- This site is optimized with the Yoast SEO Premium plugin v26.2 (Yoast SEO v27.5) - https:\/\/yoast.com\/product\/yoast-seo-premium-wordpress\/ -->\n<title>\u201dVi s\u00e4ljer v\u00e5rt hus i Thailand f\u00f6r att \u00e5terv\u00e4nda till Solkusten\u201d - Svenska Magasinet<\/title>\n<meta name=\"robots\" content=\"noindex, follow, max-snippet:-1, max-image-preview:large, max-video-preview:-1\" \/>\n<meta property=\"og:locale\" content=\"sv_SE\" \/>\n<meta property=\"og:type\" content=\"article\" \/>\n<meta property=\"og:title\" content=\"\u201dVi s\u00e4ljer v\u00e5rt hus i Thailand f\u00f6r att \u00e5terv\u00e4nda till Solkusten\u201d\" \/>\n<meta property=\"og:description\" content=\"Heta Thailand har svalnat. Allt fler svenskar v\u00e4nder nu ryggen \u00e5t Thailand f\u00f6r att i st\u00e4llet \u00e5terv\u00e4nda till Spanien. Efter n\u00e5gra \u00e5r med fritidshus i Thailand \u00e4r Kent Lund och Anne-Marie Swedin tillbaka p\u00e5 den spanska Solkusten. Av Ola Josefsson Varf\u00f6r Spanien igen? &#8211; N\u00e4r du kommer upp i \u00e5ldern k\u00e4nns det helt enkelt b\u00e4ttre [&hellip;]\" \/>\n<meta property=\"og:url\" content=\"https:\/\/lightweb.dev\/l\/svm-temp\/artiklar\/vi-saljer-vart-hus-i-thailand-for-att-atervanda-till-solkusten\/\" \/>\n<meta property=\"og:site_name\" content=\"Svenska Magasinet\" \/>\n<meta property=\"article:publisher\" content=\"https:\/\/www.facebook.com\/svenskamagasinet\" \/>\n<meta property=\"article:published_time\" content=\"2012-11-11T23:00:00+00:00\" \/>\n<meta property=\"og:image\" content=\"https:\/\/lightweb.dev\/l\/svm-temp\/wp-content\/uploads\/2022\/04\/vi-sljer-vrt-hus-i-thailand-fr-att-tervnda-till-solkusten.png\" \/>\n\t<meta property=\"og:image:width\" content=\"299\" \/>\n\t<meta property=\"og:image:height\" content=\"200\" \/>\n\t<meta property=\"og:image:type\" content=\"image\/png\" \/>\n<meta name=\"author\" content=\"Redaktionen SvM\" \/>\n<meta name=\"twitter:card\" content=\"summary_large_image\" \/>\n<meta name=\"twitter:creator\" content=\"@SvenskaMagasine\" \/>\n<meta name=\"twitter:site\" content=\"@SvenskaMagasine\" \/>\n<script type=\"application\/ld+json\" class=\"yoast-schema-graph\">{\"@context\":\"https:\\\/\\\/schema.org\",\"@graph\":[{\"@type\":\"Article\",\"@id\":\"https:\\\/\\\/lightweb.dev\\\/l\\\/svm-temp\\\/artiklar\\\/vi-saljer-vart-hus-i-thailand-for-att-atervanda-till-solkusten\\\/#article\",\"isPartOf\":{\"@id\":\"https:\\\/\\\/lightweb.dev\\\/l\\\/svm-temp\\\/artiklar\\\/vi-saljer-vart-hus-i-thailand-for-att-atervanda-till-solkusten\\\/\"},\"author\":{\"name\":\"Redaktionen SvM\",\"@id\":\"https:\\\/\\\/lightweb.dev\\\/l\\\/svm-temp\\\/#\\\/schema\\\/person\\\/206a3bda5b607b0c25e1749191e4d837\"},\"headline\":\"\u201dVi s\u00e4ljer v\u00e5rt hus i Thailand f\u00f6r att \u00e5terv\u00e4nda till Solkusten\u201d\",\"datePublished\":\"2012-11-11T23:00:00+00:00\",\"mainEntityOfPage\":{\"@id\":\"https:\\\/\\\/lightweb.dev\\\/l\\\/svm-temp\\\/artiklar\\\/vi-saljer-vart-hus-i-thailand-for-att-atervanda-till-solkusten\\\/\"},\"wordCount\":536,\"commentCount\":0,\"publisher\":{\"@id\":\"https:\\\/\\\/lightweb.dev\\\/l\\\/svm-temp\\\/#organization\"},\"image\":{\"@id\":\"https:\\\/\\\/lightweb.dev\\\/l\\\/svm-temp\\\/artiklar\\\/vi-saljer-vart-hus-i-thailand-for-att-atervanda-till-solkusten\\\/#primaryimage\"},\"thumbnailUrl\":\"https:\\\/\\\/lightweb.dev\\\/l\\\/svm-temp\\\/wp-content\\\/uploads\\\/2022\\\/04\\\/vi-sljer-vrt-hus-i-thailand-fr-att-tervnda-till-solkusten.png\",\"articleSection\":[\"Artiklar\",\"Hem &amp; bostad\"],\"inLanguage\":\"sv-SE\"},{\"@type\":\"WebPage\",\"@id\":\"https:\\\/\\\/lightweb.dev\\\/l\\\/svm-temp\\\/artiklar\\\/vi-saljer-vart-hus-i-thailand-for-att-atervanda-till-solkusten\\\/\",\"url\":\"https:\\\/\\\/lightweb.dev\\\/l\\\/svm-temp\\\/artiklar\\\/vi-saljer-vart-hus-i-thailand-for-att-atervanda-till-solkusten\\\/\",\"name\":\"\u201dVi s\u00e4ljer v\u00e5rt hus i Thailand f\u00f6r att \u00e5terv\u00e4nda till Solkusten\u201d - Svenska Magasinet\",\"isPartOf\":{\"@id\":\"https:\\\/\\\/lightweb.dev\\\/l\\\/svm-temp\\\/#website\"},\"primaryImageOfPage\":{\"@id\":\"https:\\\/\\\/lightweb.dev\\\/l\\\/svm-temp\\\/artiklar\\\/vi-saljer-vart-hus-i-thailand-for-att-atervanda-till-solkusten\\\/#primaryimage\"},\"image\":{\"@id\":\"https:\\\/\\\/lightweb.dev\\\/l\\\/svm-temp\\\/artiklar\\\/vi-saljer-vart-hus-i-thailand-for-att-atervanda-till-solkusten\\\/#primaryimage\"},\"thumbnailUrl\":\"https:\\\/\\\/lightweb.dev\\\/l\\\/svm-temp\\\/wp-content\\\/uploads\\\/2022\\\/04\\\/vi-sljer-vrt-hus-i-thailand-fr-att-tervnda-till-solkusten.png\",\"datePublished\":\"2012-11-11T23:00:00+00:00\",\"breadcrumb\":{\"@id\":\"https:\\\/\\\/lightweb.dev\\\/l\\\/svm-temp\\\/artiklar\\\/vi-saljer-vart-hus-i-thailand-for-att-atervanda-till-solkusten\\\/#breadcrumb\"},\"inLanguage\":\"sv-SE\",\"potentialAction\":[{\"@type\":\"ReadAction\",\"target\":[\"https:\\\/\\\/lightweb.dev\\\/l\\\/svm-temp\\\/artiklar\\\/vi-saljer-vart-hus-i-thailand-for-att-atervanda-till-solkusten\\\/\"]}]},{\"@type\":\"ImageObject\",\"inLanguage\":\"sv-SE\",\"@id\":\"https:\\\/\\\/lightweb.dev\\\/l\\\/svm-temp\\\/artiklar\\\/vi-saljer-vart-hus-i-thailand-for-att-atervanda-till-solkusten\\\/#primaryimage\",\"url\":\"https:\\\/\\\/lightweb.dev\\\/l\\\/svm-temp\\\/wp-content\\\/uploads\\\/2022\\\/04\\\/vi-sljer-vrt-hus-i-thailand-fr-att-tervnda-till-solkusten.png\",\"contentUrl\":\"https:\\\/\\\/lightweb.dev\\\/l\\\/svm-temp\\\/wp-content\\\/uploads\\\/2022\\\/04\\\/vi-sljer-vrt-hus-i-thailand-fr-att-tervnda-till-solkusten.png\",\"width\":299,\"height\":200},{\"@type\":\"BreadcrumbList\",\"@id\":\"https:\\\/\\\/lightweb.dev\\\/l\\\/svm-temp\\\/artiklar\\\/vi-saljer-vart-hus-i-thailand-for-att-atervanda-till-solkusten\\\/#breadcrumb\",\"itemListElement\":[{\"@type\":\"ListItem\",\"position\":1,\"name\":\"Hem\",\"item\":\"https:\\\/\\\/lightweb.dev\\\/l\\\/svm-temp\\\/\"},{\"@type\":\"ListItem\",\"position\":2,\"name\":\"\u201dVi s\u00e4ljer v\u00e5rt hus i Thailand f\u00f6r att \u00e5terv\u00e4nda till Solkusten\u201d\"}]},{\"@type\":\"WebSite\",\"@id\":\"https:\\\/\\\/lightweb.dev\\\/l\\\/svm-temp\\\/#website\",\"url\":\"https:\\\/\\\/lightweb.dev\\\/l\\\/svm-temp\\\/\",\"name\":\"Svenska Magasinet\",\"description\":\"Dina Spanska nyheter p&aring; Svenska\",\"publisher\":{\"@id\":\"https:\\\/\\\/lightweb.dev\\\/l\\\/svm-temp\\\/#organization\"},\"potentialAction\":[{\"@type\":\"SearchAction\",\"target\":{\"@type\":\"EntryPoint\",\"urlTemplate\":\"https:\\\/\\\/lightweb.dev\\\/l\\\/svm-temp\\\/?s={search_term_string}\"},\"query-input\":{\"@type\":\"PropertyValueSpecification\",\"valueRequired\":true,\"valueName\":\"search_term_string\"}}],\"inLanguage\":\"sv-SE\"},{\"@type\":\"Organization\",\"@id\":\"https:\\\/\\\/lightweb.dev\\\/l\\\/svm-temp\\\/#organization\",\"name\":\"Melkerson y Nott SL\",\"alternateName\":\"Svenska Magasinet\",\"url\":\"https:\\\/\\\/lightweb.dev\\\/l\\\/svm-temp\\\/\",\"logo\":{\"@type\":\"ImageObject\",\"inLanguage\":\"sv-SE\",\"@id\":\"https:\\\/\\\/lightweb.dev\\\/l\\\/svm-temp\\\/#\\\/schema\\\/logo\\\/image\\\/\",\"url\":\"https:\\\/\\\/lightweb.dev\\\/l\\\/svm-temp\\\/wp-content\\\/uploads\\\/2025\\\/02\\\/SvM-logo-Xtra-Centrerad-SVART.png\",\"contentUrl\":\"https:\\\/\\\/lightweb.dev\\\/l\\\/svm-temp\\\/wp-content\\\/uploads\\\/2025\\\/02\\\/SvM-logo-Xtra-Centrerad-SVART.png\",\"width\":300,\"height\":99,\"caption\":\"Melkerson y Nott SL\"},\"image\":{\"@id\":\"https:\\\/\\\/lightweb.dev\\\/l\\\/svm-temp\\\/#\\\/schema\\\/logo\\\/image\\\/\"},\"sameAs\":[\"https:\\\/\\\/www.facebook.com\\\/svenskamagasinet\",\"https:\\\/\\\/x.com\\\/SvenskaMagasine\"]},{\"@type\":\"Person\",\"@id\":\"https:\\\/\\\/lightweb.dev\\\/l\\\/svm-temp\\\/#\\\/schema\\\/person\\\/206a3bda5b607b0c25e1749191e4d837\",\"name\":\"Redaktionen SvM\",\"description\":\"Redaktionen\",\"sameAs\":[\"https:\\\/\\\/lightweb.dev\\\/l\\\/svm-temp\"],\"url\":\"https:\\\/\\\/lightweb.dev\\\/l\\\/svm-temp\\\/reporter\\\/redaktionen\\\/\"}]}<\/script>\n<!-- \/ Yoast SEO Premium plugin. -->","yoast_head_json":{"title":"\u201dVi s\u00e4ljer v\u00e5rt hus i Thailand f\u00f6r att \u00e5terv\u00e4nda till Solkusten\u201d - Svenska Magasinet","robots":{"index":"noindex","follow":"follow","max-snippet":"max-snippet:-1","max-image-preview":"max-image-preview:large","max-video-preview":"max-video-preview:-1"},"og_locale":"sv_SE","og_type":"article","og_title":"\u201dVi s\u00e4ljer v\u00e5rt hus i Thailand f\u00f6r att \u00e5terv\u00e4nda till Solkusten\u201d","og_description":"Heta Thailand har svalnat. Allt fler svenskar v\u00e4nder nu ryggen \u00e5t Thailand f\u00f6r att i st\u00e4llet \u00e5terv\u00e4nda till Spanien. Efter n\u00e5gra \u00e5r med fritidshus i Thailand \u00e4r Kent Lund och Anne-Marie Swedin tillbaka p\u00e5 den spanska Solkusten. Av Ola Josefsson Varf\u00f6r Spanien igen? &#8211; N\u00e4r du kommer upp i \u00e5ldern k\u00e4nns det helt enkelt b\u00e4ttre [&hellip;]","og_url":"https:\/\/lightweb.dev\/l\/svm-temp\/artiklar\/vi-saljer-vart-hus-i-thailand-for-att-atervanda-till-solkusten\/","og_site_name":"Svenska Magasinet","article_publisher":"https:\/\/www.facebook.com\/svenskamagasinet","article_published_time":"2012-11-11T23:00:00+00:00","og_image":[{"width":299,"height":200,"url":"https:\/\/lightweb.dev\/l\/svm-temp\/wp-content\/uploads\/2022\/04\/vi-sljer-vrt-hus-i-thailand-fr-att-tervnda-till-solkusten.png","type":"image\/png"}],"author":"Redaktionen SvM","twitter_card":"summary_large_image","twitter_creator":"@SvenskaMagasine","twitter_site":"@SvenskaMagasine","schema":{"@context":"https:\/\/schema.org","@graph":[{"@type":"Article","@id":"https:\/\/lightweb.dev\/l\/svm-temp\/artiklar\/vi-saljer-vart-hus-i-thailand-for-att-atervanda-till-solkusten\/#article","isPartOf":{"@id":"https:\/\/lightweb.dev\/l\/svm-temp\/artiklar\/vi-saljer-vart-hus-i-thailand-for-att-atervanda-till-solkusten\/"},"author":{"name":"Redaktionen SvM","@id":"https:\/\/lightweb.dev\/l\/svm-temp\/#\/schema\/person\/206a3bda5b607b0c25e1749191e4d837"},"headline":"\u201dVi s\u00e4ljer v\u00e5rt hus i Thailand f\u00f6r att \u00e5terv\u00e4nda till Solkusten\u201d","datePublished":"2012-11-11T23:00:00+00:00","mainEntityOfPage":{"@id":"https:\/\/lightweb.dev\/l\/svm-temp\/artiklar\/vi-saljer-vart-hus-i-thailand-for-att-atervanda-till-solkusten\/"},"wordCount":536,"commentCount":0,"publisher":{"@id":"https:\/\/lightweb.dev\/l\/svm-temp\/#organization"},"image":{"@id":"https:\/\/lightweb.dev\/l\/svm-temp\/artiklar\/vi-saljer-vart-hus-i-thailand-for-att-atervanda-till-solkusten\/#primaryimage"},"thumbnailUrl":"https:\/\/lightweb.dev\/l\/svm-temp\/wp-content\/uploads\/2022\/04\/vi-sljer-vrt-hus-i-thailand-fr-att-tervnda-till-solkusten.png","articleSection":["Artiklar","Hem &amp; bostad"],"inLanguage":"sv-SE"},{"@type":"WebPage","@id":"https:\/\/lightweb.dev\/l\/svm-temp\/artiklar\/vi-saljer-vart-hus-i-thailand-for-att-atervanda-till-solkusten\/","url":"https:\/\/lightweb.dev\/l\/svm-temp\/artiklar\/vi-saljer-vart-hus-i-thailand-for-att-atervanda-till-solkusten\/","name":"\u201dVi s\u00e4ljer v\u00e5rt hus i Thailand f\u00f6r att \u00e5terv\u00e4nda till Solkusten\u201d - Svenska Magasinet","isPartOf":{"@id":"https:\/\/lightweb.dev\/l\/svm-temp\/#website"},"primaryImageOfPage":{"@id":"https:\/\/lightweb.dev\/l\/svm-temp\/artiklar\/vi-saljer-vart-hus-i-thailand-for-att-atervanda-till-solkusten\/#primaryimage"},"image":{"@id":"https:\/\/lightweb.dev\/l\/svm-temp\/artiklar\/vi-saljer-vart-hus-i-thailand-for-att-atervanda-till-solkusten\/#primaryimage"},"thumbnailUrl":"https:\/\/lightweb.dev\/l\/svm-temp\/wp-content\/uploads\/2022\/04\/vi-sljer-vrt-hus-i-thailand-fr-att-tervnda-till-solkusten.png","datePublished":"2012-11-11T23:00:00+00:00","breadcrumb":{"@id":"https:\/\/lightweb.dev\/l\/svm-temp\/artiklar\/vi-saljer-vart-hus-i-thailand-for-att-atervanda-till-solkusten\/#breadcrumb"},"inLanguage":"sv-SE","potentialAction":[{"@type":"ReadAction","target":["https:\/\/lightweb.dev\/l\/svm-temp\/artiklar\/vi-saljer-vart-hus-i-thailand-for-att-atervanda-till-solkusten\/"]}]},{"@type":"ImageObject","inLanguage":"sv-SE","@id":"https:\/\/lightweb.dev\/l\/svm-temp\/artiklar\/vi-saljer-vart-hus-i-thailand-for-att-atervanda-till-solkusten\/#primaryimage","url":"https:\/\/lightweb.dev\/l\/svm-temp\/wp-content\/uploads\/2022\/04\/vi-sljer-vrt-hus-i-thailand-fr-att-tervnda-till-solkusten.png","contentUrl":"https:\/\/lightweb.dev\/l\/svm-temp\/wp-content\/uploads\/2022\/04\/vi-sljer-vrt-hus-i-thailand-fr-att-tervnda-till-solkusten.png","width":299,"height":200},{"@type":"BreadcrumbList","@id":"https:\/\/lightweb.dev\/l\/svm-temp\/artiklar\/vi-saljer-vart-hus-i-thailand-for-att-atervanda-till-solkusten\/#breadcrumb","itemListElement":[{"@type":"ListItem","position":1,"name":"Hem","item":"https:\/\/lightweb.dev\/l\/svm-temp\/"},{"@type":"ListItem","position":2,"name":"\u201dVi s\u00e4ljer v\u00e5rt hus i Thailand f\u00f6r att \u00e5terv\u00e4nda till Solkusten\u201d"}]},{"@type":"WebSite","@id":"https:\/\/lightweb.dev\/l\/svm-temp\/#website","url":"https:\/\/lightweb.dev\/l\/svm-temp\/","name":"Svenska Magasinet","description":"Dina Spanska nyheter p&aring; Svenska","publisher":{"@id":"https:\/\/lightweb.dev\/l\/svm-temp\/#organization"},"potentialAction":[{"@type":"SearchAction","target":{"@type":"EntryPoint","urlTemplate":"https:\/\/lightweb.dev\/l\/svm-temp\/?s={search_term_string}"},"query-input":{"@type":"PropertyValueSpecification","valueRequired":true,"valueName":"search_term_string"}}],"inLanguage":"sv-SE"},{"@type":"Organization","@id":"https:\/\/lightweb.dev\/l\/svm-temp\/#organization","name":"Melkerson y Nott SL","alternateName":"Svenska Magasinet","url":"https:\/\/lightweb.dev\/l\/svm-temp\/","logo":{"@type":"ImageObject","inLanguage":"sv-SE","@id":"https:\/\/lightweb.dev\/l\/svm-temp\/#\/schema\/logo\/image\/","url":"https:\/\/lightweb.dev\/l\/svm-temp\/wp-content\/uploads\/2025\/02\/SvM-logo-Xtra-Centrerad-SVART.png","contentUrl":"https:\/\/lightweb.dev\/l\/svm-temp\/wp-content\/uploads\/2025\/02\/SvM-logo-Xtra-Centrerad-SVART.png","width":300,"height":99,"caption":"Melkerson y Nott SL"},"image":{"@id":"https:\/\/lightweb.dev\/l\/svm-temp\/#\/schema\/logo\/image\/"},"sameAs":["https:\/\/www.facebook.com\/svenskamagasinet","https:\/\/x.com\/SvenskaMagasine"]},{"@type":"Person","@id":"https:\/\/lightweb.dev\/l\/svm-temp\/#\/schema\/person\/206a3bda5b607b0c25e1749191e4d837","name":"Redaktionen SvM","description":"Redaktionen","sameAs":["https:\/\/lightweb.dev\/l\/svm-temp"],"url":"https:\/\/lightweb.dev\/l\/svm-temp\/reporter\/redaktionen\/"}]}},"_links":{"self":[{"href":"https:\/\/lightweb.dev\/l\/svm-temp\/wp-json\/wp\/v2\/posts\/3566","targetHints":{"allow":["GET"]}}],"collection":[{"href":"https:\/\/lightweb.dev\/l\/svm-temp\/wp-json\/wp\/v2\/posts"}],"about":[{"href":"https:\/\/lightweb.dev\/l\/svm-temp\/wp-json\/wp\/v2\/types\/post"}],"author":[{"embeddable":true,"href":"https:\/\/lightweb.dev\/l\/svm-temp\/wp-json\/wp\/v2\/users\/8"}],"replies":[{"embeddable":true,"href":"https:\/\/lightweb.dev\/l\/svm-temp\/wp-json\/wp\/v2\/comments?post=3566"}],"version-history":[{"count":0,"href":"https:\/\/lightweb.dev\/l\/svm-temp\/wp-json\/wp\/v2\/posts\/3566\/revisions"}],"wp:featuredmedia":[{"embeddable":true,"href":"https:\/\/lightweb.dev\/l\/svm-temp\/wp-json\/wp\/v2\/media\/3567"}],"wp:attachment":[{"href":"https:\/\/lightweb.dev\/l\/svm-temp\/wp-json\/wp\/v2\/media?parent=3566"}],"wp:term":[{"taxonomy":"category","embeddable":true,"href":"https:\/\/lightweb.dev\/l\/svm-temp\/wp-json\/wp\/v2\/categories?post=3566"},{"taxonomy":"post_tag","embeddable":true,"href":"https:\/\/lightweb.dev\/l\/svm-temp\/wp-json\/wp\/v2\/tags?post=3566"}],"curies":[{"name":"wp","href":"https:\/\/api.w.org\/{rel}","templated":true}]}}