{"id":3568,"date":"2012-11-12T00:00:00","date_gmt":"2012-11-11T23:00:00","guid":{"rendered":"https:\/\/lightweb.dev\/l\/svm-temp\/bra-sjukvard-och-foreningsliv-viktigt-for-svenskar\/"},"modified":"2012-11-12T00:00:00","modified_gmt":"2012-11-11T23:00:00","slug":"bra-sjukvard-och-foreningsliv-viktigt-for-svenskar","status":"publish","type":"post","link":"https:\/\/lightweb.dev\/l\/svm-temp\/artiklar\/bra-sjukvard-och-foreningsliv-viktigt-for-svenskar\/","title":{"rendered":"\u201dBra sjukv\u00e5rd och f\u00f6reningsliv viktigt f\u00f6r svenskar\u201d"},"content":{"rendered":"<p> Bo Wennertorp fr\u00e5n Global Accounting i Marbella h\u00e5ller seminarier inf\u00f6r fullsatta lokaler. \u201dUnder mina \u00e5r vid m\u00e4ssorna i Sverige har jag aldrig upplevt ett st\u00f6rre intresse f\u00f6r Spanien. Det \u00e4r Spanien som g\u00e4ller\u201d. Av Ola Josefsson<br \/>\nArrang\u00f6ren fick s\u00e4tta in extrastolar och m\u00e5nga bes\u00f6kare fick n\u00f6ja sig med st\u00e5plats.<br \/>\n&#8211; Det bor 100.000 skandinaver p\u00e5 Solkusten varav 40.000 svenskar stundtals. Under de senaste fyra \u00e5ren har priserna p\u00e5 bost\u00e4der p\u00e5 vissa omr\u00e5den sjunkit med mellan 40 till 50 procent.<br \/>\nN\u00e4r det var fullsatt vid l\u00f6rdagens och s\u00f6ndagens f\u00f6rsta seminarier om Spanien hade seminariet om Thailand 24 personer&#8230;<br \/>\nThailand \u00e4r p\u00e5 v\u00e4g ut medan n\u00e4rheten till Spanien \u00e4r oslagbar.<br \/>\n&#8211; V\u00e4ljer du Spanien kan du bila fram och tillbaka. M\u00e5nga v\u00e4ljer att bila ned p\u00e5 h\u00f6sten och ta bilen till Sverige inf\u00f6r sommaren. Knappast n\u00e5got du g\u00f6r fr\u00e5n Thailand&#8230;, s\u00e4ger Bo Wennertorp.<br \/>\nUtlandssvenskarna vill \u00e4ven snabbt kunna ta sig hem. En spontanresa till Sverige f\u00f6r att h\u00e4lsa p\u00e5 barn och barnbarn ett par dagar st\u00e5r h\u00f6gt i kurs. Knappast n\u00e5got du g\u00f6r fr\u00e5n Thailand&#8230;<\/p>\n<p>Dessutom \u00e4r flyget relativt billigt och utbudet har aldrig varit b\u00e4ttre. F\u00f6rutom flyglinjer till Stockholm, G\u00f6teborg, Malm\u00f6 och K\u00f6penhamn (f\u00f6r sydsvenskar) g\u00e5r det flyg \u00e4ven till flera mindre svenska st\u00e4der fr\u00e5n spanska destinationer.<br \/>\nSamtidigt v\u00e4xer intresset ocks\u00e5 f\u00f6r Portugal och Malta. Mycket beroende p\u00e5 f\u00f6rm\u00e5nliga skatteregler f\u00f6r pension\u00e4rer. Men enligt Bo Wennertorp efterfr\u00e5gar svenskar andra saker ocks\u00e5.<br \/>\n&#8211; Bra sjukv\u00e5rd och ett omfattande skandinaviskt f\u00f6reningsliv. Det kan Solkusten erbjuda. \u00c4ven om du numera f\u00e5r betala f\u00f6r vissa saker inom spansk sjukv\u00e5rd, som viss medicin, \u00e4r sjukv\u00e5rden billig och h\u00e5ller bra kvalitet.<\/p>\n<p>F\u00f6reningslivet \u00e4r viktigt och det \u00e4r v\u00e4l utbyggt p\u00e5 Solkusten med AHN och Club N\u00f3rdico.<br \/>\n&#8211; Det h\u00e4nder n\u00e5got varje dag. Och h\u00e4r finns kyrkor, frikyrkor och andra trossamfund etablerade.<br \/>\nN\u00e4r Svenska Magasinet bes\u00f6kte m\u00e4ssan i Malm\u00f6 betonade \u00e4ven Bo Wennertorp inf\u00f6r en fullsatt seminariesal utbudet av svenska medier som Svenska Magasinet, b\u00e5de som papperstidning och en uppdaterad n\u00e4tupplaga.<\/p>\n<p>\u00c4ven om m\u00e4klare och utst\u00e4llare i f\u00f6rsta hand v\u00e4nder sig till \u00e5ldersgruppen 55+ \u00e4r det allt fler yngre som s\u00f6ker sig utomlands.<br \/>\n&#8211; Vi hj\u00e4lper till och startar flera f\u00f6retag i veckan \u00e5t svenskar som flyttat till Spanien, ber\u00e4ttar Bo Wennertorp.<br \/>\nKundkretsen \u00e4r stor. En del v\u00e4ljer att helt fokusera p\u00e5 den skandinaviska marknaden. Det finns 100.000 skandinaver stundtals b\u00e5de p\u00e5 Costa Blanca och Costa del Sol. \u00c5ter andra v\u00e4ljer att rikta sig mot fler spr\u00e5kgrupper n\u00e4r de \u00f6ppnat upp i Spanien.<\/p>\n<p>Seminarierna om Spanien tar upp flera omr\u00e5den. Det handlar om hur man skaffar NIE-nummer (\u201ddu kan g\u00f6ra det redan i Sverige p\u00e5 de spanska konsulaten\u201d), k\u00f6p av nytt hus eller begagnat hus, reservering av fastighet, k\u00f6pprocessen, l\u00e5n (\u201dNykredit har \u00f6verl\u00e4gset de b\u00e4sta villkoren\u201d), slutf\u00f6rande och registrering.<br \/>\n&#8211; Ett bra s\u00e4tt att finansiera bostadsk\u00f6pet i Spanien \u00e4r att hyra ut n\u00e4r du inte \u00e4r d\u00e4r. Det kan du g\u00f6ra genom m\u00e4klare, sl\u00e4kten, jobbet, p\u00e5 blocket eller genom att annonsera i en tidning.<\/p>\n<p>En vanlig fr\u00e5ga \u00e4r om bostadspriserna p\u00e5 Solkusten kommer att forts\u00e4tta att rasa?<br \/>\n&#8211; Svaret p\u00e5 den fr\u00e5gan \u00e4r b\u00e5de ja och nej. Allt beror p\u00e5 var bostaden ligger och efterfr\u00e5gan p\u00e5 bost\u00e4der i det aktuella omr\u00e5det. \u00c4ldre hus som ligger l\u00e5ngt fr\u00e5n stranden eller n\u00e4ra st\u00f6rre v\u00e4gar kommer att sjunka i pris ytterligare. \u00d6vriga bost\u00e4der s\u00e4ljs snabbare. <\/p>\n","protected":false},"excerpt":{"rendered":"<p>Bo Wennertorp fr\u00e5n Global Accounting i Marbella h\u00e5ller seminarier inf\u00f6r fullsatta lokaler. \u201dUnder mina \u00e5r vid m\u00e4ssorna i Sverige har jag aldrig upplevt ett st\u00f6rre intresse f\u00f6r Spanien. Det \u00e4r Spanien som g\u00e4ller\u201d. Av Ola Josefsson Arrang\u00f6ren fick s\u00e4tta in extrastolar och m\u00e5nga bes\u00f6kare fick n\u00f6ja sig med st\u00e5plats. &#8211; Det bor 100.000 skandinaver p\u00e5 [&hellip;]<\/p>\n","protected":false},"author":8,"featured_media":3569,"comment_status":"open","ping_status":"open","sticky":false,"template":"","format":"standard","meta":{"_et_pb_use_builder":"","_et_pb_old_content":"","_et_gb_content_width":"","footnotes":""},"categories":[4,37],"tags":[],"class_list":["post-3568","post","type-post","status-publish","format-standard","has-post-thumbnail","hentry","category-artiklar","category-hem-bostad"],"yoast_head":"<!-- This site is optimized with the Yoast SEO Premium plugin v26.2 (Yoast SEO v27.5) - https:\/\/yoast.com\/product\/yoast-seo-premium-wordpress\/ -->\n<title>\u201dBra sjukv\u00e5rd och f\u00f6reningsliv viktigt f\u00f6r svenskar\u201d - Svenska Magasinet<\/title>\n<meta name=\"robots\" content=\"noindex, follow, max-snippet:-1, max-image-preview:large, max-video-preview:-1\" \/>\n<meta property=\"og:locale\" content=\"sv_SE\" \/>\n<meta property=\"og:type\" content=\"article\" \/>\n<meta property=\"og:title\" content=\"\u201dBra sjukv\u00e5rd och f\u00f6reningsliv viktigt f\u00f6r svenskar\u201d\" \/>\n<meta property=\"og:description\" content=\"Bo Wennertorp fr\u00e5n Global Accounting i Marbella h\u00e5ller seminarier inf\u00f6r fullsatta lokaler. \u201dUnder mina \u00e5r vid m\u00e4ssorna i Sverige har jag aldrig upplevt ett st\u00f6rre intresse f\u00f6r Spanien. Det \u00e4r Spanien som g\u00e4ller\u201d. Av Ola Josefsson Arrang\u00f6ren fick s\u00e4tta in extrastolar och m\u00e5nga bes\u00f6kare fick n\u00f6ja sig med st\u00e5plats. &#8211; Det bor 100.000 skandinaver p\u00e5 [&hellip;]\" \/>\n<meta property=\"og:url\" content=\"https:\/\/lightweb.dev\/l\/svm-temp\/artiklar\/bra-sjukvard-och-foreningsliv-viktigt-for-svenskar\/\" \/>\n<meta property=\"og:site_name\" content=\"Svenska Magasinet\" \/>\n<meta property=\"article:publisher\" content=\"https:\/\/www.facebook.com\/svenskamagasinet\" \/>\n<meta property=\"article:published_time\" content=\"2012-11-11T23:00:00+00:00\" \/>\n<meta property=\"og:image\" content=\"https:\/\/lightweb.dev\/l\/svm-temp\/wp-content\/uploads\/2022\/04\/bra-sjukvrd-och-freningsliv-viktigt-fr-svenskar.png\" \/>\n\t<meta property=\"og:image:width\" content=\"299\" \/>\n\t<meta property=\"og:image:height\" content=\"200\" \/>\n\t<meta property=\"og:image:type\" content=\"image\/png\" \/>\n<meta name=\"author\" content=\"Redaktionen SvM\" \/>\n<meta name=\"twitter:card\" content=\"summary_large_image\" \/>\n<meta name=\"twitter:creator\" content=\"@SvenskaMagasine\" \/>\n<meta name=\"twitter:site\" content=\"@SvenskaMagasine\" \/>\n<script type=\"application\/ld+json\" class=\"yoast-schema-graph\">{\"@context\":\"https:\\\/\\\/schema.org\",\"@graph\":[{\"@type\":\"Article\",\"@id\":\"https:\\\/\\\/lightweb.dev\\\/l\\\/svm-temp\\\/artiklar\\\/bra-sjukvard-och-foreningsliv-viktigt-for-svenskar\\\/#article\",\"isPartOf\":{\"@id\":\"https:\\\/\\\/lightweb.dev\\\/l\\\/svm-temp\\\/artiklar\\\/bra-sjukvard-och-foreningsliv-viktigt-for-svenskar\\\/\"},\"author\":{\"name\":\"Redaktionen SvM\",\"@id\":\"https:\\\/\\\/lightweb.dev\\\/l\\\/svm-temp\\\/#\\\/schema\\\/person\\\/206a3bda5b607b0c25e1749191e4d837\"},\"headline\":\"\u201dBra sjukv\u00e5rd och f\u00f6reningsliv viktigt f\u00f6r svenskar\u201d\",\"datePublished\":\"2012-11-11T23:00:00+00:00\",\"mainEntityOfPage\":{\"@id\":\"https:\\\/\\\/lightweb.dev\\\/l\\\/svm-temp\\\/artiklar\\\/bra-sjukvard-och-foreningsliv-viktigt-for-svenskar\\\/\"},\"wordCount\":660,\"commentCount\":0,\"publisher\":{\"@id\":\"https:\\\/\\\/lightweb.dev\\\/l\\\/svm-temp\\\/#organization\"},\"image\":{\"@id\":\"https:\\\/\\\/lightweb.dev\\\/l\\\/svm-temp\\\/artiklar\\\/bra-sjukvard-och-foreningsliv-viktigt-for-svenskar\\\/#primaryimage\"},\"thumbnailUrl\":\"https:\\\/\\\/lightweb.dev\\\/l\\\/svm-temp\\\/wp-content\\\/uploads\\\/2022\\\/04\\\/bra-sjukvrd-och-freningsliv-viktigt-fr-svenskar.png\",\"articleSection\":[\"Artiklar\",\"Hem &amp; bostad\"],\"inLanguage\":\"sv-SE\"},{\"@type\":\"WebPage\",\"@id\":\"https:\\\/\\\/lightweb.dev\\\/l\\\/svm-temp\\\/artiklar\\\/bra-sjukvard-och-foreningsliv-viktigt-for-svenskar\\\/\",\"url\":\"https:\\\/\\\/lightweb.dev\\\/l\\\/svm-temp\\\/artiklar\\\/bra-sjukvard-och-foreningsliv-viktigt-for-svenskar\\\/\",\"name\":\"\u201dBra sjukv\u00e5rd och f\u00f6reningsliv viktigt f\u00f6r svenskar\u201d - Svenska Magasinet\",\"isPartOf\":{\"@id\":\"https:\\\/\\\/lightweb.dev\\\/l\\\/svm-temp\\\/#website\"},\"primaryImageOfPage\":{\"@id\":\"https:\\\/\\\/lightweb.dev\\\/l\\\/svm-temp\\\/artiklar\\\/bra-sjukvard-och-foreningsliv-viktigt-for-svenskar\\\/#primaryimage\"},\"image\":{\"@id\":\"https:\\\/\\\/lightweb.dev\\\/l\\\/svm-temp\\\/artiklar\\\/bra-sjukvard-och-foreningsliv-viktigt-for-svenskar\\\/#primaryimage\"},\"thumbnailUrl\":\"https:\\\/\\\/lightweb.dev\\\/l\\\/svm-temp\\\/wp-content\\\/uploads\\\/2022\\\/04\\\/bra-sjukvrd-och-freningsliv-viktigt-fr-svenskar.png\",\"datePublished\":\"2012-11-11T23:00:00+00:00\",\"breadcrumb\":{\"@id\":\"https:\\\/\\\/lightweb.dev\\\/l\\\/svm-temp\\\/artiklar\\\/bra-sjukvard-och-foreningsliv-viktigt-for-svenskar\\\/#breadcrumb\"},\"inLanguage\":\"sv-SE\",\"potentialAction\":[{\"@type\":\"ReadAction\",\"target\":[\"https:\\\/\\\/lightweb.dev\\\/l\\\/svm-temp\\\/artiklar\\\/bra-sjukvard-och-foreningsliv-viktigt-for-svenskar\\\/\"]}]},{\"@type\":\"ImageObject\",\"inLanguage\":\"sv-SE\",\"@id\":\"https:\\\/\\\/lightweb.dev\\\/l\\\/svm-temp\\\/artiklar\\\/bra-sjukvard-och-foreningsliv-viktigt-for-svenskar\\\/#primaryimage\",\"url\":\"https:\\\/\\\/lightweb.dev\\\/l\\\/svm-temp\\\/wp-content\\\/uploads\\\/2022\\\/04\\\/bra-sjukvrd-och-freningsliv-viktigt-fr-svenskar.png\",\"contentUrl\":\"https:\\\/\\\/lightweb.dev\\\/l\\\/svm-temp\\\/wp-content\\\/uploads\\\/2022\\\/04\\\/bra-sjukvrd-och-freningsliv-viktigt-fr-svenskar.png\",\"width\":299,\"height\":200},{\"@type\":\"BreadcrumbList\",\"@id\":\"https:\\\/\\\/lightweb.dev\\\/l\\\/svm-temp\\\/artiklar\\\/bra-sjukvard-och-foreningsliv-viktigt-for-svenskar\\\/#breadcrumb\",\"itemListElement\":[{\"@type\":\"ListItem\",\"position\":1,\"name\":\"Hem\",\"item\":\"https:\\\/\\\/lightweb.dev\\\/l\\\/svm-temp\\\/\"},{\"@type\":\"ListItem\",\"position\":2,\"name\":\"\u201dBra sjukv\u00e5rd och f\u00f6reningsliv viktigt f\u00f6r svenskar\u201d\"}]},{\"@type\":\"WebSite\",\"@id\":\"https:\\\/\\\/lightweb.dev\\\/l\\\/svm-temp\\\/#website\",\"url\":\"https:\\\/\\\/lightweb.dev\\\/l\\\/svm-temp\\\/\",\"name\":\"Svenska Magasinet\",\"description\":\"Dina Spanska nyheter p&aring; Svenska\",\"publisher\":{\"@id\":\"https:\\\/\\\/lightweb.dev\\\/l\\\/svm-temp\\\/#organization\"},\"potentialAction\":[{\"@type\":\"SearchAction\",\"target\":{\"@type\":\"EntryPoint\",\"urlTemplate\":\"https:\\\/\\\/lightweb.dev\\\/l\\\/svm-temp\\\/?s={search_term_string}\"},\"query-input\":{\"@type\":\"PropertyValueSpecification\",\"valueRequired\":true,\"valueName\":\"search_term_string\"}}],\"inLanguage\":\"sv-SE\"},{\"@type\":\"Organization\",\"@id\":\"https:\\\/\\\/lightweb.dev\\\/l\\\/svm-temp\\\/#organization\",\"name\":\"Melkerson y Nott SL\",\"alternateName\":\"Svenska Magasinet\",\"url\":\"https:\\\/\\\/lightweb.dev\\\/l\\\/svm-temp\\\/\",\"logo\":{\"@type\":\"ImageObject\",\"inLanguage\":\"sv-SE\",\"@id\":\"https:\\\/\\\/lightweb.dev\\\/l\\\/svm-temp\\\/#\\\/schema\\\/logo\\\/image\\\/\",\"url\":\"https:\\\/\\\/lightweb.dev\\\/l\\\/svm-temp\\\/wp-content\\\/uploads\\\/2025\\\/02\\\/SvM-logo-Xtra-Centrerad-SVART.png\",\"contentUrl\":\"https:\\\/\\\/lightweb.dev\\\/l\\\/svm-temp\\\/wp-content\\\/uploads\\\/2025\\\/02\\\/SvM-logo-Xtra-Centrerad-SVART.png\",\"width\":300,\"height\":99,\"caption\":\"Melkerson y Nott SL\"},\"image\":{\"@id\":\"https:\\\/\\\/lightweb.dev\\\/l\\\/svm-temp\\\/#\\\/schema\\\/logo\\\/image\\\/\"},\"sameAs\":[\"https:\\\/\\\/www.facebook.com\\\/svenskamagasinet\",\"https:\\\/\\\/x.com\\\/SvenskaMagasine\"]},{\"@type\":\"Person\",\"@id\":\"https:\\\/\\\/lightweb.dev\\\/l\\\/svm-temp\\\/#\\\/schema\\\/person\\\/206a3bda5b607b0c25e1749191e4d837\",\"name\":\"Redaktionen SvM\",\"description\":\"Redaktionen\",\"sameAs\":[\"https:\\\/\\\/lightweb.dev\\\/l\\\/svm-temp\"],\"url\":\"https:\\\/\\\/lightweb.dev\\\/l\\\/svm-temp\\\/reporter\\\/redaktionen\\\/\"}]}<\/script>\n<!-- \/ Yoast SEO Premium plugin. -->","yoast_head_json":{"title":"\u201dBra sjukv\u00e5rd och f\u00f6reningsliv viktigt f\u00f6r svenskar\u201d - Svenska Magasinet","robots":{"index":"noindex","follow":"follow","max-snippet":"max-snippet:-1","max-image-preview":"max-image-preview:large","max-video-preview":"max-video-preview:-1"},"og_locale":"sv_SE","og_type":"article","og_title":"\u201dBra sjukv\u00e5rd och f\u00f6reningsliv viktigt f\u00f6r svenskar\u201d","og_description":"Bo Wennertorp fr\u00e5n Global Accounting i Marbella h\u00e5ller seminarier inf\u00f6r fullsatta lokaler. \u201dUnder mina \u00e5r vid m\u00e4ssorna i Sverige har jag aldrig upplevt ett st\u00f6rre intresse f\u00f6r Spanien. Det \u00e4r Spanien som g\u00e4ller\u201d. Av Ola Josefsson Arrang\u00f6ren fick s\u00e4tta in extrastolar och m\u00e5nga bes\u00f6kare fick n\u00f6ja sig med st\u00e5plats. &#8211; Det bor 100.000 skandinaver p\u00e5 [&hellip;]","og_url":"https:\/\/lightweb.dev\/l\/svm-temp\/artiklar\/bra-sjukvard-och-foreningsliv-viktigt-for-svenskar\/","og_site_name":"Svenska Magasinet","article_publisher":"https:\/\/www.facebook.com\/svenskamagasinet","article_published_time":"2012-11-11T23:00:00+00:00","og_image":[{"width":299,"height":200,"url":"https:\/\/lightweb.dev\/l\/svm-temp\/wp-content\/uploads\/2022\/04\/bra-sjukvrd-och-freningsliv-viktigt-fr-svenskar.png","type":"image\/png"}],"author":"Redaktionen SvM","twitter_card":"summary_large_image","twitter_creator":"@SvenskaMagasine","twitter_site":"@SvenskaMagasine","schema":{"@context":"https:\/\/schema.org","@graph":[{"@type":"Article","@id":"https:\/\/lightweb.dev\/l\/svm-temp\/artiklar\/bra-sjukvard-och-foreningsliv-viktigt-for-svenskar\/#article","isPartOf":{"@id":"https:\/\/lightweb.dev\/l\/svm-temp\/artiklar\/bra-sjukvard-och-foreningsliv-viktigt-for-svenskar\/"},"author":{"name":"Redaktionen SvM","@id":"https:\/\/lightweb.dev\/l\/svm-temp\/#\/schema\/person\/206a3bda5b607b0c25e1749191e4d837"},"headline":"\u201dBra sjukv\u00e5rd och f\u00f6reningsliv viktigt f\u00f6r svenskar\u201d","datePublished":"2012-11-11T23:00:00+00:00","mainEntityOfPage":{"@id":"https:\/\/lightweb.dev\/l\/svm-temp\/artiklar\/bra-sjukvard-och-foreningsliv-viktigt-for-svenskar\/"},"wordCount":660,"commentCount":0,"publisher":{"@id":"https:\/\/lightweb.dev\/l\/svm-temp\/#organization"},"image":{"@id":"https:\/\/lightweb.dev\/l\/svm-temp\/artiklar\/bra-sjukvard-och-foreningsliv-viktigt-for-svenskar\/#primaryimage"},"thumbnailUrl":"https:\/\/lightweb.dev\/l\/svm-temp\/wp-content\/uploads\/2022\/04\/bra-sjukvrd-och-freningsliv-viktigt-fr-svenskar.png","articleSection":["Artiklar","Hem &amp; bostad"],"inLanguage":"sv-SE"},{"@type":"WebPage","@id":"https:\/\/lightweb.dev\/l\/svm-temp\/artiklar\/bra-sjukvard-och-foreningsliv-viktigt-for-svenskar\/","url":"https:\/\/lightweb.dev\/l\/svm-temp\/artiklar\/bra-sjukvard-och-foreningsliv-viktigt-for-svenskar\/","name":"\u201dBra sjukv\u00e5rd och f\u00f6reningsliv viktigt f\u00f6r svenskar\u201d - Svenska Magasinet","isPartOf":{"@id":"https:\/\/lightweb.dev\/l\/svm-temp\/#website"},"primaryImageOfPage":{"@id":"https:\/\/lightweb.dev\/l\/svm-temp\/artiklar\/bra-sjukvard-och-foreningsliv-viktigt-for-svenskar\/#primaryimage"},"image":{"@id":"https:\/\/lightweb.dev\/l\/svm-temp\/artiklar\/bra-sjukvard-och-foreningsliv-viktigt-for-svenskar\/#primaryimage"},"thumbnailUrl":"https:\/\/lightweb.dev\/l\/svm-temp\/wp-content\/uploads\/2022\/04\/bra-sjukvrd-och-freningsliv-viktigt-fr-svenskar.png","datePublished":"2012-11-11T23:00:00+00:00","breadcrumb":{"@id":"https:\/\/lightweb.dev\/l\/svm-temp\/artiklar\/bra-sjukvard-och-foreningsliv-viktigt-for-svenskar\/#breadcrumb"},"inLanguage":"sv-SE","potentialAction":[{"@type":"ReadAction","target":["https:\/\/lightweb.dev\/l\/svm-temp\/artiklar\/bra-sjukvard-och-foreningsliv-viktigt-for-svenskar\/"]}]},{"@type":"ImageObject","inLanguage":"sv-SE","@id":"https:\/\/lightweb.dev\/l\/svm-temp\/artiklar\/bra-sjukvard-och-foreningsliv-viktigt-for-svenskar\/#primaryimage","url":"https:\/\/lightweb.dev\/l\/svm-temp\/wp-content\/uploads\/2022\/04\/bra-sjukvrd-och-freningsliv-viktigt-fr-svenskar.png","contentUrl":"https:\/\/lightweb.dev\/l\/svm-temp\/wp-content\/uploads\/2022\/04\/bra-sjukvrd-och-freningsliv-viktigt-fr-svenskar.png","width":299,"height":200},{"@type":"BreadcrumbList","@id":"https:\/\/lightweb.dev\/l\/svm-temp\/artiklar\/bra-sjukvard-och-foreningsliv-viktigt-for-svenskar\/#breadcrumb","itemListElement":[{"@type":"ListItem","position":1,"name":"Hem","item":"https:\/\/lightweb.dev\/l\/svm-temp\/"},{"@type":"ListItem","position":2,"name":"\u201dBra sjukv\u00e5rd och f\u00f6reningsliv viktigt f\u00f6r svenskar\u201d"}]},{"@type":"WebSite","@id":"https:\/\/lightweb.dev\/l\/svm-temp\/#website","url":"https:\/\/lightweb.dev\/l\/svm-temp\/","name":"Svenska Magasinet","description":"Dina Spanska nyheter p&aring; Svenska","publisher":{"@id":"https:\/\/lightweb.dev\/l\/svm-temp\/#organization"},"potentialAction":[{"@type":"SearchAction","target":{"@type":"EntryPoint","urlTemplate":"https:\/\/lightweb.dev\/l\/svm-temp\/?s={search_term_string}"},"query-input":{"@type":"PropertyValueSpecification","valueRequired":true,"valueName":"search_term_string"}}],"inLanguage":"sv-SE"},{"@type":"Organization","@id":"https:\/\/lightweb.dev\/l\/svm-temp\/#organization","name":"Melkerson y Nott SL","alternateName":"Svenska Magasinet","url":"https:\/\/lightweb.dev\/l\/svm-temp\/","logo":{"@type":"ImageObject","inLanguage":"sv-SE","@id":"https:\/\/lightweb.dev\/l\/svm-temp\/#\/schema\/logo\/image\/","url":"https:\/\/lightweb.dev\/l\/svm-temp\/wp-content\/uploads\/2025\/02\/SvM-logo-Xtra-Centrerad-SVART.png","contentUrl":"https:\/\/lightweb.dev\/l\/svm-temp\/wp-content\/uploads\/2025\/02\/SvM-logo-Xtra-Centrerad-SVART.png","width":300,"height":99,"caption":"Melkerson y Nott SL"},"image":{"@id":"https:\/\/lightweb.dev\/l\/svm-temp\/#\/schema\/logo\/image\/"},"sameAs":["https:\/\/www.facebook.com\/svenskamagasinet","https:\/\/x.com\/SvenskaMagasine"]},{"@type":"Person","@id":"https:\/\/lightweb.dev\/l\/svm-temp\/#\/schema\/person\/206a3bda5b607b0c25e1749191e4d837","name":"Redaktionen SvM","description":"Redaktionen","sameAs":["https:\/\/lightweb.dev\/l\/svm-temp"],"url":"https:\/\/lightweb.dev\/l\/svm-temp\/reporter\/redaktionen\/"}]}},"_links":{"self":[{"href":"https:\/\/lightweb.dev\/l\/svm-temp\/wp-json\/wp\/v2\/posts\/3568","targetHints":{"allow":["GET"]}}],"collection":[{"href":"https:\/\/lightweb.dev\/l\/svm-temp\/wp-json\/wp\/v2\/posts"}],"about":[{"href":"https:\/\/lightweb.dev\/l\/svm-temp\/wp-json\/wp\/v2\/types\/post"}],"author":[{"embeddable":true,"href":"https:\/\/lightweb.dev\/l\/svm-temp\/wp-json\/wp\/v2\/users\/8"}],"replies":[{"embeddable":true,"href":"https:\/\/lightweb.dev\/l\/svm-temp\/wp-json\/wp\/v2\/comments?post=3568"}],"version-history":[{"count":0,"href":"https:\/\/lightweb.dev\/l\/svm-temp\/wp-json\/wp\/v2\/posts\/3568\/revisions"}],"wp:featuredmedia":[{"embeddable":true,"href":"https:\/\/lightweb.dev\/l\/svm-temp\/wp-json\/wp\/v2\/media\/3569"}],"wp:attachment":[{"href":"https:\/\/lightweb.dev\/l\/svm-temp\/wp-json\/wp\/v2\/media?parent=3568"}],"wp:term":[{"taxonomy":"category","embeddable":true,"href":"https:\/\/lightweb.dev\/l\/svm-temp\/wp-json\/wp\/v2\/categories?post=3568"},{"taxonomy":"post_tag","embeddable":true,"href":"https:\/\/lightweb.dev\/l\/svm-temp\/wp-json\/wp\/v2\/tags?post=3568"}],"curies":[{"name":"wp","href":"https:\/\/api.w.org\/{rel}","templated":true}]}}