{"id":3572,"date":"2012-11-12T00:00:00","date_gmt":"2012-11-11T23:00:00","guid":{"rendered":"https:\/\/lightweb.dev\/l\/svm-temp\/fraga-advokaten-behover-jag-advokat-for-att-kopa-lagenhet-i-spanien\/"},"modified":"2012-11-12T00:00:00","modified_gmt":"2012-11-11T23:00:00","slug":"fraga-advokaten-behover-jag-advokat-for-att-kopa-lagenhet-i-spanien","status":"publish","type":"post","link":"https:\/\/lightweb.dev\/l\/svm-temp\/artiklar\/fraga-advokaten-behover-jag-advokat-for-att-kopa-lagenhet-i-spanien\/","title":{"rendered":"Fr\u00e5ga advokaten: Beh\u00f6ver jag advokat f\u00f6r att k\u00f6pa l\u00e4genhet i Spanien?"},"content":{"rendered":"<p> Svaret p\u00e5 Din fr\u00e5ga \u00e4r, att det beh\u00f6ver Du! Jag skall kort motivera varf\u00f6r.  <\/p>\n<p>Av advokat G\u00f6ran Rise<br \/>\nL\u00e4genhet \u00e4r enligt spansk r\u00e4tt fast egendom, liksom en frist\u00e5ende villa. Regelverket som styr k\u00f6p av l\u00e4genhet\/villa \u00e4r i huvudsak detsamma i spansk r\u00e4tt och i forts\u00e4ttningen n\u00e4mner jag k\u00f6pet s\u00e5som k\u00f6p av fastighet.<br \/>\nI Sverige \u00e4r det ovanligt att en advokat medverkar i ett f\u00f6rh\u00e5llandevis okomplicerat k\u00f6p av en fastighet. Parterna brukar l\u00e5ta en m\u00e4klare sk\u00f6ta de n\u00f6dv\u00e4ndiga dokumenten och \u00f6vriga fr\u00e5gor.<br \/>\nI Spanien \u00e4r det tv\u00e4rtom praxis att s\u00e5v\u00e4l s\u00e4ljare som k\u00f6pare anlitar var sitt ombud. M\u00e4klarens uppgift \u00e4r inte att genomf\u00f6ra sj\u00e4lva k\u00f6pet utan endast att sammanf\u00f6ra s\u00e4ljare och k\u00f6pare.<br \/>\nN\u00e4r Du skall v\u00e4lja advokat m\u00e5ste Du vara noggrann och f\u00f6rs\u00e4kra Dig om att han\/hon kan spansk fastighetsr\u00e4tt och g\u00e4rna ocks\u00e5 svensk familjer\u00e4tt, eftersom svensk r\u00e4tt kommer att styra Dina personliga r\u00e4ttsf\u00f6rh\u00e5llanden i fastigheten.<\/p>\n<p>Det \u00e5ligger den advokat som Du utsett att noggrant unders\u00f6ka \u00e4garf\u00f6rh\u00e5llandena till fastigheten, belastningar i fastigheten, bygglov, att godk\u00e4nnande finns att ta fastigheten i bruk, eventuella obetalda fastighetsskatter, eventuella obetalda r\u00e4kningar p\u00e5 el, vatten, comundidad (samf\u00e4llighetsf\u00f6rening) m.m. innan Du f\u00f6rbinder Dig att betala n\u00e5gon handpenning, som normalt \u00e4r 10 % av k\u00f6peskillingen.<br \/>\nI samband med att handpenning betalas uppr\u00e4ttas ett s.k. privat avtal, i vilket alla villkor f\u00f6r k\u00f6pet skall medtagas n\u00e4r k\u00f6pet fullf\u00f6ljes inf\u00f6r spansk notarius publicus. Denne uppr\u00e4ttar slutligen k\u00f6pehandlingen, escrituran.<br \/>\nJag brukar dessutom alltid rekommendera k\u00f6paren att g\u00f6ra en noggrann besiktning av fastigheten f\u00f6r att f\u00e5 helt klarlagt dess skick, d\u00e5 den alltid i Spanien s\u00e4ljes i \u201dbefintligt skick\u201d.<br \/>\nI j\u00e4mf\u00f6relse med svensk r\u00e4tt har Du en mer l\u00e5ngtg\u00e5ende unders\u00f6kningsplikt vid k\u00f6p i Spanien. H\u00e4rtill kommer att s\u00e4ljaren kan vara bosatt i annat land, vilket kan medf\u00f6ra betydande sv\u00e5righeter att f\u00f6ra eventuell skadest\u00e5ndstalan mot denne p.g.a. fel och\/eller brister i fastigheten vid k\u00f6pet.<br \/>\nK\u00f6pehandlingarna uppr\u00e4ttas givetvis p\u00e5 spanska och om Du inte \u00e4r familj\u00e4r med spr\u00e5ket beh\u00f6ver Du n\u00e5gon som kan \u00f6vers\u00e4tta dessa till Dig.<br \/>\nP\u00e5 min advokatbyr\u00e5 uppr\u00e4ttar vi avtalen b\u00e5de p\u00e5 spanska och svenska som en service f\u00f6r v\u00e5ra svenska klienter.<br \/>\nJag upprepar vad jag inledningsvis skrev: K\u00f6p aldrig en fastighet utan advokathj\u00e4lp. Det kan sluta med katastrof.<\/p>\n","protected":false},"excerpt":{"rendered":"<p>Svaret p\u00e5 Din fr\u00e5ga \u00e4r, att det beh\u00f6ver Du! Jag skall kort motivera varf\u00f6r. Av advokat G\u00f6ran Rise L\u00e4genhet \u00e4r enligt spansk r\u00e4tt fast egendom, liksom en frist\u00e5ende villa. Regelverket som styr k\u00f6p av l\u00e4genhet\/villa \u00e4r i huvudsak detsamma i spansk r\u00e4tt och i forts\u00e4ttningen n\u00e4mner jag k\u00f6pet s\u00e5som k\u00f6p av fastighet. I Sverige \u00e4r [&hellip;]<\/p>\n","protected":false},"author":8,"featured_media":3573,"comment_status":"open","ping_status":"open","sticky":false,"template":"","format":"standard","meta":{"_et_pb_use_builder":"","_et_pb_old_content":"","_et_gb_content_width":"","footnotes":""},"categories":[396,4],"tags":[],"class_list":["post-3572","post","type-post","status-publish","format-standard","has-post-thumbnail","hentry","category-arkiv-artiklar","category-artiklar"],"yoast_head":"<!-- This site is optimized with the Yoast SEO Premium plugin v26.2 (Yoast SEO v27.5) - https:\/\/yoast.com\/product\/yoast-seo-premium-wordpress\/ -->\n<title>Fr\u00e5ga advokaten: Beh\u00f6ver jag advokat f\u00f6r att k\u00f6pa l\u00e4genhet i Spanien? - Svenska Magasinet<\/title>\n<meta name=\"robots\" content=\"noindex, follow, max-snippet:-1, max-image-preview:large, max-video-preview:-1\" \/>\n<meta property=\"og:locale\" content=\"sv_SE\" \/>\n<meta property=\"og:type\" content=\"article\" \/>\n<meta property=\"og:title\" content=\"Fr\u00e5ga advokaten: Beh\u00f6ver jag advokat f\u00f6r att k\u00f6pa l\u00e4genhet i Spanien?\" \/>\n<meta property=\"og:description\" content=\"Svaret p\u00e5 Din fr\u00e5ga \u00e4r, att det beh\u00f6ver Du! Jag skall kort motivera varf\u00f6r. Av advokat G\u00f6ran Rise L\u00e4genhet \u00e4r enligt spansk r\u00e4tt fast egendom, liksom en frist\u00e5ende villa. Regelverket som styr k\u00f6p av l\u00e4genhet\/villa \u00e4r i huvudsak detsamma i spansk r\u00e4tt och i forts\u00e4ttningen n\u00e4mner jag k\u00f6pet s\u00e5som k\u00f6p av fastighet. I Sverige \u00e4r [&hellip;]\" \/>\n<meta property=\"og:url\" content=\"https:\/\/lightweb.dev\/l\/svm-temp\/artiklar\/fraga-advokaten-behover-jag-advokat-for-att-kopa-lagenhet-i-spanien\/\" \/>\n<meta property=\"og:site_name\" content=\"Svenska Magasinet\" \/>\n<meta property=\"article:publisher\" content=\"https:\/\/www.facebook.com\/svenskamagasinet\" \/>\n<meta property=\"article:published_time\" content=\"2012-11-11T23:00:00+00:00\" \/>\n<meta property=\"og:image\" content=\"https:\/\/lightweb.dev\/l\/svm-temp\/wp-content\/uploads\/2022\/04\/frga-advokaten-behver-jag-advokat-fr-att-kpa-lgenhet-i-spanien.png\" \/>\n\t<meta property=\"og:image:width\" content=\"280\" \/>\n\t<meta property=\"og:image:height\" content=\"386\" \/>\n\t<meta property=\"og:image:type\" content=\"image\/png\" \/>\n<meta name=\"author\" content=\"Redaktionen SvM\" \/>\n<meta name=\"twitter:card\" content=\"summary_large_image\" \/>\n<meta name=\"twitter:creator\" content=\"@SvenskaMagasine\" \/>\n<meta name=\"twitter:site\" content=\"@SvenskaMagasine\" \/>\n<script type=\"application\/ld+json\" class=\"yoast-schema-graph\">{\"@context\":\"https:\\\/\\\/schema.org\",\"@graph\":[{\"@type\":\"Article\",\"@id\":\"https:\\\/\\\/lightweb.dev\\\/l\\\/svm-temp\\\/artiklar\\\/fraga-advokaten-behover-jag-advokat-for-att-kopa-lagenhet-i-spanien\\\/#article\",\"isPartOf\":{\"@id\":\"https:\\\/\\\/lightweb.dev\\\/l\\\/svm-temp\\\/artiklar\\\/fraga-advokaten-behover-jag-advokat-for-att-kopa-lagenhet-i-spanien\\\/\"},\"author\":{\"name\":\"Redaktionen SvM\",\"@id\":\"https:\\\/\\\/lightweb.dev\\\/l\\\/svm-temp\\\/#\\\/schema\\\/person\\\/206a3bda5b607b0c25e1749191e4d837\"},\"headline\":\"Fr\u00e5ga advokaten: Beh\u00f6ver jag advokat f\u00f6r att k\u00f6pa l\u00e4genhet i Spanien?\",\"datePublished\":\"2012-11-11T23:00:00+00:00\",\"mainEntityOfPage\":{\"@id\":\"https:\\\/\\\/lightweb.dev\\\/l\\\/svm-temp\\\/artiklar\\\/fraga-advokaten-behover-jag-advokat-for-att-kopa-lagenhet-i-spanien\\\/\"},\"wordCount\":477,\"commentCount\":0,\"publisher\":{\"@id\":\"https:\\\/\\\/lightweb.dev\\\/l\\\/svm-temp\\\/#organization\"},\"image\":{\"@id\":\"https:\\\/\\\/lightweb.dev\\\/l\\\/svm-temp\\\/artiklar\\\/fraga-advokaten-behover-jag-advokat-for-att-kopa-lagenhet-i-spanien\\\/#primaryimage\"},\"thumbnailUrl\":\"https:\\\/\\\/lightweb.dev\\\/l\\\/svm-temp\\\/wp-content\\\/uploads\\\/2022\\\/04\\\/frga-advokaten-behver-jag-advokat-fr-att-kpa-lgenhet-i-spanien.png\",\"articleSection\":[\"Arkiv\",\"Artiklar\"],\"inLanguage\":\"sv-SE\"},{\"@type\":\"WebPage\",\"@id\":\"https:\\\/\\\/lightweb.dev\\\/l\\\/svm-temp\\\/artiklar\\\/fraga-advokaten-behover-jag-advokat-for-att-kopa-lagenhet-i-spanien\\\/\",\"url\":\"https:\\\/\\\/lightweb.dev\\\/l\\\/svm-temp\\\/artiklar\\\/fraga-advokaten-behover-jag-advokat-for-att-kopa-lagenhet-i-spanien\\\/\",\"name\":\"Fr\u00e5ga advokaten: Beh\u00f6ver jag advokat f\u00f6r att k\u00f6pa l\u00e4genhet i Spanien? - Svenska Magasinet\",\"isPartOf\":{\"@id\":\"https:\\\/\\\/lightweb.dev\\\/l\\\/svm-temp\\\/#website\"},\"primaryImageOfPage\":{\"@id\":\"https:\\\/\\\/lightweb.dev\\\/l\\\/svm-temp\\\/artiklar\\\/fraga-advokaten-behover-jag-advokat-for-att-kopa-lagenhet-i-spanien\\\/#primaryimage\"},\"image\":{\"@id\":\"https:\\\/\\\/lightweb.dev\\\/l\\\/svm-temp\\\/artiklar\\\/fraga-advokaten-behover-jag-advokat-for-att-kopa-lagenhet-i-spanien\\\/#primaryimage\"},\"thumbnailUrl\":\"https:\\\/\\\/lightweb.dev\\\/l\\\/svm-temp\\\/wp-content\\\/uploads\\\/2022\\\/04\\\/frga-advokaten-behver-jag-advokat-fr-att-kpa-lgenhet-i-spanien.png\",\"datePublished\":\"2012-11-11T23:00:00+00:00\",\"breadcrumb\":{\"@id\":\"https:\\\/\\\/lightweb.dev\\\/l\\\/svm-temp\\\/artiklar\\\/fraga-advokaten-behover-jag-advokat-for-att-kopa-lagenhet-i-spanien\\\/#breadcrumb\"},\"inLanguage\":\"sv-SE\",\"potentialAction\":[{\"@type\":\"ReadAction\",\"target\":[\"https:\\\/\\\/lightweb.dev\\\/l\\\/svm-temp\\\/artiklar\\\/fraga-advokaten-behover-jag-advokat-for-att-kopa-lagenhet-i-spanien\\\/\"]}]},{\"@type\":\"ImageObject\",\"inLanguage\":\"sv-SE\",\"@id\":\"https:\\\/\\\/lightweb.dev\\\/l\\\/svm-temp\\\/artiklar\\\/fraga-advokaten-behover-jag-advokat-for-att-kopa-lagenhet-i-spanien\\\/#primaryimage\",\"url\":\"https:\\\/\\\/lightweb.dev\\\/l\\\/svm-temp\\\/wp-content\\\/uploads\\\/2022\\\/04\\\/frga-advokaten-behver-jag-advokat-fr-att-kpa-lgenhet-i-spanien.png\",\"contentUrl\":\"https:\\\/\\\/lightweb.dev\\\/l\\\/svm-temp\\\/wp-content\\\/uploads\\\/2022\\\/04\\\/frga-advokaten-behver-jag-advokat-fr-att-kpa-lgenhet-i-spanien.png\",\"width\":280,\"height\":386},{\"@type\":\"BreadcrumbList\",\"@id\":\"https:\\\/\\\/lightweb.dev\\\/l\\\/svm-temp\\\/artiklar\\\/fraga-advokaten-behover-jag-advokat-for-att-kopa-lagenhet-i-spanien\\\/#breadcrumb\",\"itemListElement\":[{\"@type\":\"ListItem\",\"position\":1,\"name\":\"Hem\",\"item\":\"https:\\\/\\\/lightweb.dev\\\/l\\\/svm-temp\\\/\"},{\"@type\":\"ListItem\",\"position\":2,\"name\":\"Fr\u00e5ga advokaten: Beh\u00f6ver jag advokat f\u00f6r att k\u00f6pa l\u00e4genhet i Spanien?\"}]},{\"@type\":\"WebSite\",\"@id\":\"https:\\\/\\\/lightweb.dev\\\/l\\\/svm-temp\\\/#website\",\"url\":\"https:\\\/\\\/lightweb.dev\\\/l\\\/svm-temp\\\/\",\"name\":\"Svenska Magasinet\",\"description\":\"Dina Spanska nyheter p&aring; Svenska\",\"publisher\":{\"@id\":\"https:\\\/\\\/lightweb.dev\\\/l\\\/svm-temp\\\/#organization\"},\"potentialAction\":[{\"@type\":\"SearchAction\",\"target\":{\"@type\":\"EntryPoint\",\"urlTemplate\":\"https:\\\/\\\/lightweb.dev\\\/l\\\/svm-temp\\\/?s={search_term_string}\"},\"query-input\":{\"@type\":\"PropertyValueSpecification\",\"valueRequired\":true,\"valueName\":\"search_term_string\"}}],\"inLanguage\":\"sv-SE\"},{\"@type\":\"Organization\",\"@id\":\"https:\\\/\\\/lightweb.dev\\\/l\\\/svm-temp\\\/#organization\",\"name\":\"Melkerson y Nott SL\",\"alternateName\":\"Svenska Magasinet\",\"url\":\"https:\\\/\\\/lightweb.dev\\\/l\\\/svm-temp\\\/\",\"logo\":{\"@type\":\"ImageObject\",\"inLanguage\":\"sv-SE\",\"@id\":\"https:\\\/\\\/lightweb.dev\\\/l\\\/svm-temp\\\/#\\\/schema\\\/logo\\\/image\\\/\",\"url\":\"https:\\\/\\\/lightweb.dev\\\/l\\\/svm-temp\\\/wp-content\\\/uploads\\\/2025\\\/02\\\/SvM-logo-Xtra-Centrerad-SVART.png\",\"contentUrl\":\"https:\\\/\\\/lightweb.dev\\\/l\\\/svm-temp\\\/wp-content\\\/uploads\\\/2025\\\/02\\\/SvM-logo-Xtra-Centrerad-SVART.png\",\"width\":300,\"height\":99,\"caption\":\"Melkerson y Nott SL\"},\"image\":{\"@id\":\"https:\\\/\\\/lightweb.dev\\\/l\\\/svm-temp\\\/#\\\/schema\\\/logo\\\/image\\\/\"},\"sameAs\":[\"https:\\\/\\\/www.facebook.com\\\/svenskamagasinet\",\"https:\\\/\\\/x.com\\\/SvenskaMagasine\"]},{\"@type\":\"Person\",\"@id\":\"https:\\\/\\\/lightweb.dev\\\/l\\\/svm-temp\\\/#\\\/schema\\\/person\\\/206a3bda5b607b0c25e1749191e4d837\",\"name\":\"Redaktionen SvM\",\"description\":\"Redaktionen\",\"sameAs\":[\"https:\\\/\\\/lightweb.dev\\\/l\\\/svm-temp\"],\"url\":\"https:\\\/\\\/lightweb.dev\\\/l\\\/svm-temp\\\/reporter\\\/redaktionen\\\/\"}]}<\/script>\n<!-- \/ Yoast SEO Premium plugin. -->","yoast_head_json":{"title":"Fr\u00e5ga advokaten: Beh\u00f6ver jag advokat f\u00f6r att k\u00f6pa l\u00e4genhet i Spanien? - Svenska Magasinet","robots":{"index":"noindex","follow":"follow","max-snippet":"max-snippet:-1","max-image-preview":"max-image-preview:large","max-video-preview":"max-video-preview:-1"},"og_locale":"sv_SE","og_type":"article","og_title":"Fr\u00e5ga advokaten: Beh\u00f6ver jag advokat f\u00f6r att k\u00f6pa l\u00e4genhet i Spanien?","og_description":"Svaret p\u00e5 Din fr\u00e5ga \u00e4r, att det beh\u00f6ver Du! Jag skall kort motivera varf\u00f6r. Av advokat G\u00f6ran Rise L\u00e4genhet \u00e4r enligt spansk r\u00e4tt fast egendom, liksom en frist\u00e5ende villa. Regelverket som styr k\u00f6p av l\u00e4genhet\/villa \u00e4r i huvudsak detsamma i spansk r\u00e4tt och i forts\u00e4ttningen n\u00e4mner jag k\u00f6pet s\u00e5som k\u00f6p av fastighet. I Sverige \u00e4r [&hellip;]","og_url":"https:\/\/lightweb.dev\/l\/svm-temp\/artiklar\/fraga-advokaten-behover-jag-advokat-for-att-kopa-lagenhet-i-spanien\/","og_site_name":"Svenska Magasinet","article_publisher":"https:\/\/www.facebook.com\/svenskamagasinet","article_published_time":"2012-11-11T23:00:00+00:00","og_image":[{"width":280,"height":386,"url":"https:\/\/lightweb.dev\/l\/svm-temp\/wp-content\/uploads\/2022\/04\/frga-advokaten-behver-jag-advokat-fr-att-kpa-lgenhet-i-spanien.png","type":"image\/png"}],"author":"Redaktionen SvM","twitter_card":"summary_large_image","twitter_creator":"@SvenskaMagasine","twitter_site":"@SvenskaMagasine","schema":{"@context":"https:\/\/schema.org","@graph":[{"@type":"Article","@id":"https:\/\/lightweb.dev\/l\/svm-temp\/artiklar\/fraga-advokaten-behover-jag-advokat-for-att-kopa-lagenhet-i-spanien\/#article","isPartOf":{"@id":"https:\/\/lightweb.dev\/l\/svm-temp\/artiklar\/fraga-advokaten-behover-jag-advokat-for-att-kopa-lagenhet-i-spanien\/"},"author":{"name":"Redaktionen SvM","@id":"https:\/\/lightweb.dev\/l\/svm-temp\/#\/schema\/person\/206a3bda5b607b0c25e1749191e4d837"},"headline":"Fr\u00e5ga advokaten: Beh\u00f6ver jag advokat f\u00f6r att k\u00f6pa l\u00e4genhet i Spanien?","datePublished":"2012-11-11T23:00:00+00:00","mainEntityOfPage":{"@id":"https:\/\/lightweb.dev\/l\/svm-temp\/artiklar\/fraga-advokaten-behover-jag-advokat-for-att-kopa-lagenhet-i-spanien\/"},"wordCount":477,"commentCount":0,"publisher":{"@id":"https:\/\/lightweb.dev\/l\/svm-temp\/#organization"},"image":{"@id":"https:\/\/lightweb.dev\/l\/svm-temp\/artiklar\/fraga-advokaten-behover-jag-advokat-for-att-kopa-lagenhet-i-spanien\/#primaryimage"},"thumbnailUrl":"https:\/\/lightweb.dev\/l\/svm-temp\/wp-content\/uploads\/2022\/04\/frga-advokaten-behver-jag-advokat-fr-att-kpa-lgenhet-i-spanien.png","articleSection":["Arkiv","Artiklar"],"inLanguage":"sv-SE"},{"@type":"WebPage","@id":"https:\/\/lightweb.dev\/l\/svm-temp\/artiklar\/fraga-advokaten-behover-jag-advokat-for-att-kopa-lagenhet-i-spanien\/","url":"https:\/\/lightweb.dev\/l\/svm-temp\/artiklar\/fraga-advokaten-behover-jag-advokat-for-att-kopa-lagenhet-i-spanien\/","name":"Fr\u00e5ga advokaten: Beh\u00f6ver jag advokat f\u00f6r att k\u00f6pa l\u00e4genhet i Spanien? - Svenska Magasinet","isPartOf":{"@id":"https:\/\/lightweb.dev\/l\/svm-temp\/#website"},"primaryImageOfPage":{"@id":"https:\/\/lightweb.dev\/l\/svm-temp\/artiklar\/fraga-advokaten-behover-jag-advokat-for-att-kopa-lagenhet-i-spanien\/#primaryimage"},"image":{"@id":"https:\/\/lightweb.dev\/l\/svm-temp\/artiklar\/fraga-advokaten-behover-jag-advokat-for-att-kopa-lagenhet-i-spanien\/#primaryimage"},"thumbnailUrl":"https:\/\/lightweb.dev\/l\/svm-temp\/wp-content\/uploads\/2022\/04\/frga-advokaten-behver-jag-advokat-fr-att-kpa-lgenhet-i-spanien.png","datePublished":"2012-11-11T23:00:00+00:00","breadcrumb":{"@id":"https:\/\/lightweb.dev\/l\/svm-temp\/artiklar\/fraga-advokaten-behover-jag-advokat-for-att-kopa-lagenhet-i-spanien\/#breadcrumb"},"inLanguage":"sv-SE","potentialAction":[{"@type":"ReadAction","target":["https:\/\/lightweb.dev\/l\/svm-temp\/artiklar\/fraga-advokaten-behover-jag-advokat-for-att-kopa-lagenhet-i-spanien\/"]}]},{"@type":"ImageObject","inLanguage":"sv-SE","@id":"https:\/\/lightweb.dev\/l\/svm-temp\/artiklar\/fraga-advokaten-behover-jag-advokat-for-att-kopa-lagenhet-i-spanien\/#primaryimage","url":"https:\/\/lightweb.dev\/l\/svm-temp\/wp-content\/uploads\/2022\/04\/frga-advokaten-behver-jag-advokat-fr-att-kpa-lgenhet-i-spanien.png","contentUrl":"https:\/\/lightweb.dev\/l\/svm-temp\/wp-content\/uploads\/2022\/04\/frga-advokaten-behver-jag-advokat-fr-att-kpa-lgenhet-i-spanien.png","width":280,"height":386},{"@type":"BreadcrumbList","@id":"https:\/\/lightweb.dev\/l\/svm-temp\/artiklar\/fraga-advokaten-behover-jag-advokat-for-att-kopa-lagenhet-i-spanien\/#breadcrumb","itemListElement":[{"@type":"ListItem","position":1,"name":"Hem","item":"https:\/\/lightweb.dev\/l\/svm-temp\/"},{"@type":"ListItem","position":2,"name":"Fr\u00e5ga advokaten: Beh\u00f6ver jag advokat f\u00f6r att k\u00f6pa l\u00e4genhet i Spanien?"}]},{"@type":"WebSite","@id":"https:\/\/lightweb.dev\/l\/svm-temp\/#website","url":"https:\/\/lightweb.dev\/l\/svm-temp\/","name":"Svenska Magasinet","description":"Dina Spanska nyheter p&aring; Svenska","publisher":{"@id":"https:\/\/lightweb.dev\/l\/svm-temp\/#organization"},"potentialAction":[{"@type":"SearchAction","target":{"@type":"EntryPoint","urlTemplate":"https:\/\/lightweb.dev\/l\/svm-temp\/?s={search_term_string}"},"query-input":{"@type":"PropertyValueSpecification","valueRequired":true,"valueName":"search_term_string"}}],"inLanguage":"sv-SE"},{"@type":"Organization","@id":"https:\/\/lightweb.dev\/l\/svm-temp\/#organization","name":"Melkerson y Nott SL","alternateName":"Svenska Magasinet","url":"https:\/\/lightweb.dev\/l\/svm-temp\/","logo":{"@type":"ImageObject","inLanguage":"sv-SE","@id":"https:\/\/lightweb.dev\/l\/svm-temp\/#\/schema\/logo\/image\/","url":"https:\/\/lightweb.dev\/l\/svm-temp\/wp-content\/uploads\/2025\/02\/SvM-logo-Xtra-Centrerad-SVART.png","contentUrl":"https:\/\/lightweb.dev\/l\/svm-temp\/wp-content\/uploads\/2025\/02\/SvM-logo-Xtra-Centrerad-SVART.png","width":300,"height":99,"caption":"Melkerson y Nott SL"},"image":{"@id":"https:\/\/lightweb.dev\/l\/svm-temp\/#\/schema\/logo\/image\/"},"sameAs":["https:\/\/www.facebook.com\/svenskamagasinet","https:\/\/x.com\/SvenskaMagasine"]},{"@type":"Person","@id":"https:\/\/lightweb.dev\/l\/svm-temp\/#\/schema\/person\/206a3bda5b607b0c25e1749191e4d837","name":"Redaktionen SvM","description":"Redaktionen","sameAs":["https:\/\/lightweb.dev\/l\/svm-temp"],"url":"https:\/\/lightweb.dev\/l\/svm-temp\/reporter\/redaktionen\/"}]}},"_links":{"self":[{"href":"https:\/\/lightweb.dev\/l\/svm-temp\/wp-json\/wp\/v2\/posts\/3572","targetHints":{"allow":["GET"]}}],"collection":[{"href":"https:\/\/lightweb.dev\/l\/svm-temp\/wp-json\/wp\/v2\/posts"}],"about":[{"href":"https:\/\/lightweb.dev\/l\/svm-temp\/wp-json\/wp\/v2\/types\/post"}],"author":[{"embeddable":true,"href":"https:\/\/lightweb.dev\/l\/svm-temp\/wp-json\/wp\/v2\/users\/8"}],"replies":[{"embeddable":true,"href":"https:\/\/lightweb.dev\/l\/svm-temp\/wp-json\/wp\/v2\/comments?post=3572"}],"version-history":[{"count":0,"href":"https:\/\/lightweb.dev\/l\/svm-temp\/wp-json\/wp\/v2\/posts\/3572\/revisions"}],"wp:featuredmedia":[{"embeddable":true,"href":"https:\/\/lightweb.dev\/l\/svm-temp\/wp-json\/wp\/v2\/media\/3573"}],"wp:attachment":[{"href":"https:\/\/lightweb.dev\/l\/svm-temp\/wp-json\/wp\/v2\/media?parent=3572"}],"wp:term":[{"taxonomy":"category","embeddable":true,"href":"https:\/\/lightweb.dev\/l\/svm-temp\/wp-json\/wp\/v2\/categories?post=3572"},{"taxonomy":"post_tag","embeddable":true,"href":"https:\/\/lightweb.dev\/l\/svm-temp\/wp-json\/wp\/v2\/tags?post=3572"}],"curies":[{"name":"wp","href":"https:\/\/api.w.org\/{rel}","templated":true}]}}