{"id":3576,"date":"2012-11-12T00:00:00","date_gmt":"2012-11-11T23:00:00","guid":{"rendered":"https:\/\/lightweb.dev\/l\/svm-temp\/efter-28-ar-som-kanslist-pa-konsulatet-slutar-gunilla-till-sommaren-annu-ingen-eftertradare-utsedd\/"},"modified":"2012-11-12T00:00:00","modified_gmt":"2012-11-11T23:00:00","slug":"efter-28-ar-som-kanslist-pa-konsulatet-slutar-gunilla-till-sommaren-annu-ingen-eftertradare-utsedd","status":"publish","type":"post","link":"https:\/\/lightweb.dev\/l\/svm-temp\/artiklar\/efter-28-ar-som-kanslist-pa-konsulatet-slutar-gunilla-till-sommaren-annu-ingen-eftertradare-utsedd\/","title":{"rendered":"Efter 28 \u00e5r som kanslist p\u00e5 konsulatet slutar Gunilla till sommaren  &#8211; \u00e4nnu ingen eftertr\u00e4dare utsedd"},"content":{"rendered":"<p> Delar av det svenska konsulatet p\u00e5 Costa del Sol har monterats ned bit f\u00f6r bit. H\u00e5rda besparingskrav fr\u00e5n UD i kombination med ny\u00f6ppnade ambassader och konsulat i andra l\u00e4nder har inneburit indragningar p\u00e5 andra h\u00e5ll. N\u00e4sta \u00e5r g\u00e5r kanslisten i pension och n\u00e5gon eftertr\u00e4dare \u00e4r \u00e4nnu inte utsedd Av Ola Josefsson<\/p>\n<p>I augusti n\u00e4sta \u00e5r g\u00e5r Gunilla Ekberg i pension. D\u00e5 blir den omtyckta kanslisten vid det svenska honor\u00e4rkonsulatet i M\u00e1laga 67 \u00e5r.<br \/>\n&#8211; D\u00e5 har jag g\u00e5tt \u00f6ver tiden med n\u00e5gra \u00e5r. Sedan ska jag b\u00f6rja \u00e4gna mig \u00e5t barnen, s\u00e4ger Gunilla Ekberg till Svenska Magasinet. Eventuellt kanske jag kommer in tillf\u00e4lligt om de beh\u00f6ver mig pl\u00f6tsligt. Jag finns ju p\u00e5 plats och kan vara en st\u00f6ttepelare och hj\u00e4lpa till med information.<\/p>\n<p>Gunilla Ekberg b\u00f6rjade som kanslist 1985 n\u00e4r det var ett generalkonsulat i M\u00e1laga. Under de senaste \u00e5ren har hon varit ensam kanslist. Det har varit en pressande arbetssituation.<br \/>\nHonor\u00e4rkonsulatet har aldrig beh\u00f6vt st\u00e4nga under n\u00e5gra l\u00e4ngre perioder. Som ensam kanslist har situationen varit komplicerad i samband med sjukdomar och semestrar. Det \u00e4r sv\u00e5rt att f\u00e5 vikarier f\u00f6r att undvika st\u00e4ngning.<br \/>\n&#8211; Situationen kan bli pressande. Vissa \u00e4renden tar tid och kan vara sv\u00e5ra att klara av p\u00e5 egen hand och d\u00e5 \u00e4r det bra att ha tillg\u00e5ng till ambassaden i Madrid. Det \u00e4r sk\u00f6nt att ha n\u00e5gon i n\u00e4rheten.<\/p>\n<p>Vem som ska eftertr\u00e4da Gunilla Ekberg vid honor\u00e4rkonsulatet i M\u00e1laga \u00e4r i skrivande stund oklart. Vad Svenska Magasinet erfar finns det ett par aspiranter.<\/p>\n<p>Ambassadsekreteraren Eva-Britt Boix:<br \/>\n&#8211; Det svenska honor\u00e4rkonsulatet i M\u00e1laga kommer att finnas kvar efter att Gunilla Ekberg slutar. Det kommer att bli en eftertr\u00e4dare som kommer att l\u00e4ras upp och g\u00e5 parallellt med Gunilla under en tid.<\/p>\n<p>Gunilla Ekberg har arbetat som kanslist sedan 1985. Hon k\u00e4nner till kusten och har god lokalk\u00e4nnedom. N\u00e4r det g\u00e4ller hennes eftertr\u00e4dare, \u00e4r det en person som redan nu bor p\u00e5 Solkusten?<br \/>\n&#8211; Det kan jag i nul\u00e4get inte s\u00e4ga d\u00e5 det \u00e4r honor\u00e4rkonsuln som avg\u00f6r vem det blir. Personen kommer att vara f\u00f6rbered i god tid och samtj\u00e4nstg\u00f6ra med Gunilla under flera m\u00e5nader f\u00f6r att komma in i uppgifterna, s\u00e4ger Eva-Britt Boix.<br \/>\n&#8211; Det viktiga \u00e4r att personen talar spanska och svenska flytande eftersom inte honor\u00e4rkonsuln pratar svenska.<br \/>\nKanslisten blir anst\u00e4lld av honor\u00e4rkonsuln. Anst\u00e4llningsf\u00f6rh\u00e5llandet \u00e4r allts\u00e5 mellan honor\u00e4rkonsuln och kanslisten. L\u00f6nen betalas ut fr\u00e5n ambassaden via honor\u00e4rkonsuln.<\/p>\n<p>2007 slutade Inga-Lill Karlesson. D\u00e5 hade Inga-Lill varit kanslist p\u00e5 konsulatet i 30 \u00e5r. Nu slutar n\u00e4sta kanslist efter m\u00e5nga \u00e5r med god inblick i Solkusten och svenskkolonin.<br \/>\n&#8211; M\u00e1laga \u00e4r ett av v\u00e5ra st\u00f6rsta och viktigaste konsul i Spanien. Det \u00e4r exempelvis ett av fyra konsulat som \u00e4r bemyndigad att utf\u00e4rda provisoriska pass. De \u00f6vriga \u00e4r Barcelona, Las Palmas de Gran Canaria och Palma de Mallorca, s\u00e4ger Eva Boix.<br \/>\nHonor\u00e4rkonsulatet \u00e4r inte avl\u00f6nat j\u00e4mf\u00f6rt med ett generalkonsulat som har en utsedd generalkonsul fr\u00e5n Sverige som har en budget.<br \/>\n&#8211; D\u00e5 kan denne organisera nationaldagsfirande om budgeten till\u00e5ter det. Honor\u00e4rkonsuler \u00e4r obetalda vilket betyder att de f\u00e5r ta det ur egen ficka om de vill ordna nationaldagsfirande eller s\u00e5 kan de beg\u00e4ra hj\u00e4lp fr\u00e5n en svensk f\u00f6rening exempelvis, s\u00e4ger Eva-Britt Boix, ambassadsekreterare i Madrid.<\/p>\n<p>Stundtals har det riktats kritik mot att provinsen M\u00e1laga inte har en svensktalande honor\u00e4rkonsul med tanke p\u00e5 att Solkusten har en av de st\u00f6rsta utlandskolonierna av svenskar. Samtliga nordiska l\u00e4nder har honor\u00e4rkonsuler i provinsen M\u00e1laga. Dessa honor\u00e4rkonsuler utom Norges pratar det landets spr\u00e5k som de representerar. Omv\u00e4nt skulle det vara sv\u00e5rt att tro att Spanien skulle ha en honor\u00e4rkonsul i Sverige som inte talade spanska.<\/p>\n<p>Historiskt sett har provinsen M\u00e1laga vid flera tillf\u00e4llen varit representerade med en spansktalande honor\u00e4rkonsul. Fram till 1984 var spanjoren Teodoro Gross Jessing svensk honor\u00e4rkonsul. M\u00e1laga fick d\u00e4refter ett svenskt generalkonsulat p\u00e5 Alameda de Col\u00f3n d\u00e4r generalkonsulerna Bengt Wahler (1984-1988) och Henry Leo (1989-1993) var verksamma.<\/p>\n<p>P\u00e5 90-talet skulle UD spara och generalkonsulatet lades ned. 1993 valdes Stig \u00d6berg till honor\u00e4rkonsul och kom att bli mycket popul\u00e4r i svenskkolonin. M\u00e5nga kustsvenskar minns med v\u00e4rme Stig \u00d6bergs engagemang f\u00f6r Sverige och svenskarna p\u00e5 Costa del Sol.<br \/>\nPrecis som sin f\u00f6reg\u00e5ngare Henry Leo var Stig \u00d6berg ordf\u00f6rande i Nationaldagskommitt\u00e9n p\u00e5 Costa del Sol. 2002 gick Stig \u00d6berg i pension och den spanske advokaten Pedro Meg\u00edas Gonz\u00e1lez tog \u00f6ver. Konsulatet flyttade fr\u00e5n Fuengirola till M\u00e1laga.<\/p>\n<p>Bland de konsuler vi minns b\u00e4st \u00e4r Stig \u00d6berg och Henry Leo. Tyv\u00e4rr har b\u00e5da g\u00e5tt ur tiden. Stig \u00d6berg avled i april 2007, 73 \u00e5r gammal. Henry Leo l\u00e4mnade oss 2009, d\u00e5 80 \u00e5r gammal.<\/p>\n<p>Stig \u00d6berg tillh\u00f6rde de f\u00f6rsta norrbottningar som utvandrade till den spanska solkusten, d\u00e4r han kom att etablera sig i flera branscher. 1961 \u00f6ppnade Stig en fotobutik i Torremolinos som familjen hade i tio \u00e5r. De arrenderade \u00e4ven hotellet Sol y Sol. Stig var \u00e4ven under en tid reseledare f\u00f6r Club 33 och \u00f6ppnade den f\u00f6rsta svenska restaurangen El Farol Negro i Torremolinos. Han s\u00e4nde svensk radio fr\u00e5n M\u00e1laga och Marbella. Familjen \u00d6berg k\u00f6pte resebyr\u00e5n IAFA tours i Fuengirola 1991 d\u00e4r konsulatet l\u00e5g fram till flytten till M\u00e1laga 2002.<br \/>\nFotnot. Christina Lindemark \u00e4r svensk honor\u00e4rkonsul i Granadaprovinsen sedan 1994 dit Almu\u00f1\u00e9car tillh\u00f6r. <\/p>\n","protected":false},"excerpt":{"rendered":"<p>Delar av det svenska konsulatet p\u00e5 Costa del Sol har monterats ned bit f\u00f6r bit. H\u00e5rda besparingskrav fr\u00e5n UD i kombination med ny\u00f6ppnade ambassader och konsulat i andra l\u00e4nder har inneburit indragningar p\u00e5 andra h\u00e5ll. N\u00e4sta \u00e5r g\u00e5r kanslisten i pension och n\u00e5gon eftertr\u00e4dare \u00e4r \u00e4nnu inte utsedd Av Ola Josefsson I augusti n\u00e4sta \u00e5r [&hellip;]<\/p>\n","protected":false},"author":8,"featured_media":3577,"comment_status":"open","ping_status":"open","sticky":false,"template":"","format":"standard","meta":{"_et_pb_use_builder":"","_et_pb_old_content":"","_et_gb_content_width":"","footnotes":""},"categories":[396,4],"tags":[],"class_list":["post-3576","post","type-post","status-publish","format-standard","has-post-thumbnail","hentry","category-arkiv-artiklar","category-artiklar"],"yoast_head":"<!-- This site is optimized with the Yoast SEO Premium plugin v26.2 (Yoast SEO v27.5) - https:\/\/yoast.com\/product\/yoast-seo-premium-wordpress\/ -->\n<title>Efter 28 \u00e5r som kanslist p\u00e5 konsulatet slutar Gunilla till sommaren - \u00e4nnu ingen eftertr\u00e4dare utsedd - Svenska Magasinet<\/title>\n<meta name=\"robots\" content=\"noindex, follow, max-snippet:-1, max-image-preview:large, max-video-preview:-1\" \/>\n<meta property=\"og:locale\" content=\"sv_SE\" \/>\n<meta property=\"og:type\" content=\"article\" \/>\n<meta property=\"og:title\" content=\"Efter 28 \u00e5r som kanslist p\u00e5 konsulatet slutar Gunilla till sommaren - \u00e4nnu ingen eftertr\u00e4dare utsedd\" \/>\n<meta property=\"og:description\" content=\"Delar av det svenska konsulatet p\u00e5 Costa del Sol har monterats ned bit f\u00f6r bit. H\u00e5rda besparingskrav fr\u00e5n UD i kombination med ny\u00f6ppnade ambassader och konsulat i andra l\u00e4nder har inneburit indragningar p\u00e5 andra h\u00e5ll. N\u00e4sta \u00e5r g\u00e5r kanslisten i pension och n\u00e5gon eftertr\u00e4dare \u00e4r \u00e4nnu inte utsedd Av Ola Josefsson I augusti n\u00e4sta \u00e5r [&hellip;]\" \/>\n<meta property=\"og:url\" content=\"https:\/\/lightweb.dev\/l\/svm-temp\/artiklar\/efter-28-ar-som-kanslist-pa-konsulatet-slutar-gunilla-till-sommaren-annu-ingen-eftertradare-utsedd\/\" \/>\n<meta property=\"og:site_name\" content=\"Svenska Magasinet\" \/>\n<meta property=\"article:publisher\" content=\"https:\/\/www.facebook.com\/svenskamagasinet\" \/>\n<meta property=\"article:published_time\" content=\"2012-11-11T23:00:00+00:00\" \/>\n<meta property=\"og:image\" content=\"https:\/\/lightweb.dev\/l\/svm-temp\/wp-content\/uploads\/2022\/04\/efter-28-r-som-kanslist-p-konsulatet-slutar-gunilla-till-sommaren-nnu-ingen-eftertrdare-utsedd.png\" \/>\n\t<meta property=\"og:image:width\" content=\"280\" \/>\n\t<meta property=\"og:image:height\" content=\"420\" \/>\n\t<meta property=\"og:image:type\" content=\"image\/png\" \/>\n<meta name=\"author\" content=\"Redaktionen SvM\" \/>\n<meta name=\"twitter:card\" content=\"summary_large_image\" \/>\n<meta name=\"twitter:creator\" content=\"@SvenskaMagasine\" \/>\n<meta name=\"twitter:site\" content=\"@SvenskaMagasine\" \/>\n<script type=\"application\/ld+json\" class=\"yoast-schema-graph\">{\"@context\":\"https:\\\/\\\/schema.org\",\"@graph\":[{\"@type\":\"Article\",\"@id\":\"https:\\\/\\\/lightweb.dev\\\/l\\\/svm-temp\\\/artiklar\\\/efter-28-ar-som-kanslist-pa-konsulatet-slutar-gunilla-till-sommaren-annu-ingen-eftertradare-utsedd\\\/#article\",\"isPartOf\":{\"@id\":\"https:\\\/\\\/lightweb.dev\\\/l\\\/svm-temp\\\/artiklar\\\/efter-28-ar-som-kanslist-pa-konsulatet-slutar-gunilla-till-sommaren-annu-ingen-eftertradare-utsedd\\\/\"},\"author\":{\"name\":\"Redaktionen SvM\",\"@id\":\"https:\\\/\\\/lightweb.dev\\\/l\\\/svm-temp\\\/#\\\/schema\\\/person\\\/206a3bda5b607b0c25e1749191e4d837\"},\"headline\":\"Efter 28 \u00e5r som kanslist p\u00e5 konsulatet slutar Gunilla till sommaren &#8211; \u00e4nnu ingen eftertr\u00e4dare utsedd\",\"datePublished\":\"2012-11-11T23:00:00+00:00\",\"mainEntityOfPage\":{\"@id\":\"https:\\\/\\\/lightweb.dev\\\/l\\\/svm-temp\\\/artiklar\\\/efter-28-ar-som-kanslist-pa-konsulatet-slutar-gunilla-till-sommaren-annu-ingen-eftertradare-utsedd\\\/\"},\"wordCount\":990,\"commentCount\":0,\"publisher\":{\"@id\":\"https:\\\/\\\/lightweb.dev\\\/l\\\/svm-temp\\\/#organization\"},\"image\":{\"@id\":\"https:\\\/\\\/lightweb.dev\\\/l\\\/svm-temp\\\/artiklar\\\/efter-28-ar-som-kanslist-pa-konsulatet-slutar-gunilla-till-sommaren-annu-ingen-eftertradare-utsedd\\\/#primaryimage\"},\"thumbnailUrl\":\"https:\\\/\\\/lightweb.dev\\\/l\\\/svm-temp\\\/wp-content\\\/uploads\\\/2022\\\/04\\\/efter-28-r-som-kanslist-p-konsulatet-slutar-gunilla-till-sommaren-nnu-ingen-eftertrdare-utsedd.png\",\"articleSection\":[\"Arkiv\",\"Artiklar\"],\"inLanguage\":\"sv-SE\"},{\"@type\":\"WebPage\",\"@id\":\"https:\\\/\\\/lightweb.dev\\\/l\\\/svm-temp\\\/artiklar\\\/efter-28-ar-som-kanslist-pa-konsulatet-slutar-gunilla-till-sommaren-annu-ingen-eftertradare-utsedd\\\/\",\"url\":\"https:\\\/\\\/lightweb.dev\\\/l\\\/svm-temp\\\/artiklar\\\/efter-28-ar-som-kanslist-pa-konsulatet-slutar-gunilla-till-sommaren-annu-ingen-eftertradare-utsedd\\\/\",\"name\":\"Efter 28 \u00e5r som kanslist p\u00e5 konsulatet slutar Gunilla till sommaren - \u00e4nnu ingen eftertr\u00e4dare utsedd - Svenska Magasinet\",\"isPartOf\":{\"@id\":\"https:\\\/\\\/lightweb.dev\\\/l\\\/svm-temp\\\/#website\"},\"primaryImageOfPage\":{\"@id\":\"https:\\\/\\\/lightweb.dev\\\/l\\\/svm-temp\\\/artiklar\\\/efter-28-ar-som-kanslist-pa-konsulatet-slutar-gunilla-till-sommaren-annu-ingen-eftertradare-utsedd\\\/#primaryimage\"},\"image\":{\"@id\":\"https:\\\/\\\/lightweb.dev\\\/l\\\/svm-temp\\\/artiklar\\\/efter-28-ar-som-kanslist-pa-konsulatet-slutar-gunilla-till-sommaren-annu-ingen-eftertradare-utsedd\\\/#primaryimage\"},\"thumbnailUrl\":\"https:\\\/\\\/lightweb.dev\\\/l\\\/svm-temp\\\/wp-content\\\/uploads\\\/2022\\\/04\\\/efter-28-r-som-kanslist-p-konsulatet-slutar-gunilla-till-sommaren-nnu-ingen-eftertrdare-utsedd.png\",\"datePublished\":\"2012-11-11T23:00:00+00:00\",\"breadcrumb\":{\"@id\":\"https:\\\/\\\/lightweb.dev\\\/l\\\/svm-temp\\\/artiklar\\\/efter-28-ar-som-kanslist-pa-konsulatet-slutar-gunilla-till-sommaren-annu-ingen-eftertradare-utsedd\\\/#breadcrumb\"},\"inLanguage\":\"sv-SE\",\"potentialAction\":[{\"@type\":\"ReadAction\",\"target\":[\"https:\\\/\\\/lightweb.dev\\\/l\\\/svm-temp\\\/artiklar\\\/efter-28-ar-som-kanslist-pa-konsulatet-slutar-gunilla-till-sommaren-annu-ingen-eftertradare-utsedd\\\/\"]}]},{\"@type\":\"ImageObject\",\"inLanguage\":\"sv-SE\",\"@id\":\"https:\\\/\\\/lightweb.dev\\\/l\\\/svm-temp\\\/artiklar\\\/efter-28-ar-som-kanslist-pa-konsulatet-slutar-gunilla-till-sommaren-annu-ingen-eftertradare-utsedd\\\/#primaryimage\",\"url\":\"https:\\\/\\\/lightweb.dev\\\/l\\\/svm-temp\\\/wp-content\\\/uploads\\\/2022\\\/04\\\/efter-28-r-som-kanslist-p-konsulatet-slutar-gunilla-till-sommaren-nnu-ingen-eftertrdare-utsedd.png\",\"contentUrl\":\"https:\\\/\\\/lightweb.dev\\\/l\\\/svm-temp\\\/wp-content\\\/uploads\\\/2022\\\/04\\\/efter-28-r-som-kanslist-p-konsulatet-slutar-gunilla-till-sommaren-nnu-ingen-eftertrdare-utsedd.png\",\"width\":280,\"height\":420},{\"@type\":\"BreadcrumbList\",\"@id\":\"https:\\\/\\\/lightweb.dev\\\/l\\\/svm-temp\\\/artiklar\\\/efter-28-ar-som-kanslist-pa-konsulatet-slutar-gunilla-till-sommaren-annu-ingen-eftertradare-utsedd\\\/#breadcrumb\",\"itemListElement\":[{\"@type\":\"ListItem\",\"position\":1,\"name\":\"Hem\",\"item\":\"https:\\\/\\\/lightweb.dev\\\/l\\\/svm-temp\\\/\"},{\"@type\":\"ListItem\",\"position\":2,\"name\":\"Efter 28 \u00e5r som kanslist p\u00e5 konsulatet slutar Gunilla till sommaren &#8211; \u00e4nnu ingen eftertr\u00e4dare utsedd\"}]},{\"@type\":\"WebSite\",\"@id\":\"https:\\\/\\\/lightweb.dev\\\/l\\\/svm-temp\\\/#website\",\"url\":\"https:\\\/\\\/lightweb.dev\\\/l\\\/svm-temp\\\/\",\"name\":\"Svenska Magasinet\",\"description\":\"Dina Spanska nyheter p&aring; Svenska\",\"publisher\":{\"@id\":\"https:\\\/\\\/lightweb.dev\\\/l\\\/svm-temp\\\/#organization\"},\"potentialAction\":[{\"@type\":\"SearchAction\",\"target\":{\"@type\":\"EntryPoint\",\"urlTemplate\":\"https:\\\/\\\/lightweb.dev\\\/l\\\/svm-temp\\\/?s={search_term_string}\"},\"query-input\":{\"@type\":\"PropertyValueSpecification\",\"valueRequired\":true,\"valueName\":\"search_term_string\"}}],\"inLanguage\":\"sv-SE\"},{\"@type\":\"Organization\",\"@id\":\"https:\\\/\\\/lightweb.dev\\\/l\\\/svm-temp\\\/#organization\",\"name\":\"Melkerson y Nott SL\",\"alternateName\":\"Svenska Magasinet\",\"url\":\"https:\\\/\\\/lightweb.dev\\\/l\\\/svm-temp\\\/\",\"logo\":{\"@type\":\"ImageObject\",\"inLanguage\":\"sv-SE\",\"@id\":\"https:\\\/\\\/lightweb.dev\\\/l\\\/svm-temp\\\/#\\\/schema\\\/logo\\\/image\\\/\",\"url\":\"https:\\\/\\\/lightweb.dev\\\/l\\\/svm-temp\\\/wp-content\\\/uploads\\\/2025\\\/02\\\/SvM-logo-Xtra-Centrerad-SVART.png\",\"contentUrl\":\"https:\\\/\\\/lightweb.dev\\\/l\\\/svm-temp\\\/wp-content\\\/uploads\\\/2025\\\/02\\\/SvM-logo-Xtra-Centrerad-SVART.png\",\"width\":300,\"height\":99,\"caption\":\"Melkerson y Nott SL\"},\"image\":{\"@id\":\"https:\\\/\\\/lightweb.dev\\\/l\\\/svm-temp\\\/#\\\/schema\\\/logo\\\/image\\\/\"},\"sameAs\":[\"https:\\\/\\\/www.facebook.com\\\/svenskamagasinet\",\"https:\\\/\\\/x.com\\\/SvenskaMagasine\"]},{\"@type\":\"Person\",\"@id\":\"https:\\\/\\\/lightweb.dev\\\/l\\\/svm-temp\\\/#\\\/schema\\\/person\\\/206a3bda5b607b0c25e1749191e4d837\",\"name\":\"Redaktionen SvM\",\"description\":\"Redaktionen\",\"sameAs\":[\"https:\\\/\\\/lightweb.dev\\\/l\\\/svm-temp\"],\"url\":\"https:\\\/\\\/lightweb.dev\\\/l\\\/svm-temp\\\/reporter\\\/redaktionen\\\/\"}]}<\/script>\n<!-- \/ Yoast SEO Premium plugin. -->","yoast_head_json":{"title":"Efter 28 \u00e5r som kanslist p\u00e5 konsulatet slutar Gunilla till sommaren - \u00e4nnu ingen eftertr\u00e4dare utsedd - Svenska Magasinet","robots":{"index":"noindex","follow":"follow","max-snippet":"max-snippet:-1","max-image-preview":"max-image-preview:large","max-video-preview":"max-video-preview:-1"},"og_locale":"sv_SE","og_type":"article","og_title":"Efter 28 \u00e5r som kanslist p\u00e5 konsulatet slutar Gunilla till sommaren - \u00e4nnu ingen eftertr\u00e4dare utsedd","og_description":"Delar av det svenska konsulatet p\u00e5 Costa del Sol har monterats ned bit f\u00f6r bit. H\u00e5rda besparingskrav fr\u00e5n UD i kombination med ny\u00f6ppnade ambassader och konsulat i andra l\u00e4nder har inneburit indragningar p\u00e5 andra h\u00e5ll. N\u00e4sta \u00e5r g\u00e5r kanslisten i pension och n\u00e5gon eftertr\u00e4dare \u00e4r \u00e4nnu inte utsedd Av Ola Josefsson I augusti n\u00e4sta \u00e5r [&hellip;]","og_url":"https:\/\/lightweb.dev\/l\/svm-temp\/artiklar\/efter-28-ar-som-kanslist-pa-konsulatet-slutar-gunilla-till-sommaren-annu-ingen-eftertradare-utsedd\/","og_site_name":"Svenska Magasinet","article_publisher":"https:\/\/www.facebook.com\/svenskamagasinet","article_published_time":"2012-11-11T23:00:00+00:00","og_image":[{"width":280,"height":420,"url":"https:\/\/lightweb.dev\/l\/svm-temp\/wp-content\/uploads\/2022\/04\/efter-28-r-som-kanslist-p-konsulatet-slutar-gunilla-till-sommaren-nnu-ingen-eftertrdare-utsedd.png","type":"image\/png"}],"author":"Redaktionen SvM","twitter_card":"summary_large_image","twitter_creator":"@SvenskaMagasine","twitter_site":"@SvenskaMagasine","schema":{"@context":"https:\/\/schema.org","@graph":[{"@type":"Article","@id":"https:\/\/lightweb.dev\/l\/svm-temp\/artiklar\/efter-28-ar-som-kanslist-pa-konsulatet-slutar-gunilla-till-sommaren-annu-ingen-eftertradare-utsedd\/#article","isPartOf":{"@id":"https:\/\/lightweb.dev\/l\/svm-temp\/artiklar\/efter-28-ar-som-kanslist-pa-konsulatet-slutar-gunilla-till-sommaren-annu-ingen-eftertradare-utsedd\/"},"author":{"name":"Redaktionen SvM","@id":"https:\/\/lightweb.dev\/l\/svm-temp\/#\/schema\/person\/206a3bda5b607b0c25e1749191e4d837"},"headline":"Efter 28 \u00e5r som kanslist p\u00e5 konsulatet slutar Gunilla till sommaren &#8211; \u00e4nnu ingen eftertr\u00e4dare utsedd","datePublished":"2012-11-11T23:00:00+00:00","mainEntityOfPage":{"@id":"https:\/\/lightweb.dev\/l\/svm-temp\/artiklar\/efter-28-ar-som-kanslist-pa-konsulatet-slutar-gunilla-till-sommaren-annu-ingen-eftertradare-utsedd\/"},"wordCount":990,"commentCount":0,"publisher":{"@id":"https:\/\/lightweb.dev\/l\/svm-temp\/#organization"},"image":{"@id":"https:\/\/lightweb.dev\/l\/svm-temp\/artiklar\/efter-28-ar-som-kanslist-pa-konsulatet-slutar-gunilla-till-sommaren-annu-ingen-eftertradare-utsedd\/#primaryimage"},"thumbnailUrl":"https:\/\/lightweb.dev\/l\/svm-temp\/wp-content\/uploads\/2022\/04\/efter-28-r-som-kanslist-p-konsulatet-slutar-gunilla-till-sommaren-nnu-ingen-eftertrdare-utsedd.png","articleSection":["Arkiv","Artiklar"],"inLanguage":"sv-SE"},{"@type":"WebPage","@id":"https:\/\/lightweb.dev\/l\/svm-temp\/artiklar\/efter-28-ar-som-kanslist-pa-konsulatet-slutar-gunilla-till-sommaren-annu-ingen-eftertradare-utsedd\/","url":"https:\/\/lightweb.dev\/l\/svm-temp\/artiklar\/efter-28-ar-som-kanslist-pa-konsulatet-slutar-gunilla-till-sommaren-annu-ingen-eftertradare-utsedd\/","name":"Efter 28 \u00e5r som kanslist p\u00e5 konsulatet slutar Gunilla till sommaren - \u00e4nnu ingen eftertr\u00e4dare utsedd - Svenska Magasinet","isPartOf":{"@id":"https:\/\/lightweb.dev\/l\/svm-temp\/#website"},"primaryImageOfPage":{"@id":"https:\/\/lightweb.dev\/l\/svm-temp\/artiklar\/efter-28-ar-som-kanslist-pa-konsulatet-slutar-gunilla-till-sommaren-annu-ingen-eftertradare-utsedd\/#primaryimage"},"image":{"@id":"https:\/\/lightweb.dev\/l\/svm-temp\/artiklar\/efter-28-ar-som-kanslist-pa-konsulatet-slutar-gunilla-till-sommaren-annu-ingen-eftertradare-utsedd\/#primaryimage"},"thumbnailUrl":"https:\/\/lightweb.dev\/l\/svm-temp\/wp-content\/uploads\/2022\/04\/efter-28-r-som-kanslist-p-konsulatet-slutar-gunilla-till-sommaren-nnu-ingen-eftertrdare-utsedd.png","datePublished":"2012-11-11T23:00:00+00:00","breadcrumb":{"@id":"https:\/\/lightweb.dev\/l\/svm-temp\/artiklar\/efter-28-ar-som-kanslist-pa-konsulatet-slutar-gunilla-till-sommaren-annu-ingen-eftertradare-utsedd\/#breadcrumb"},"inLanguage":"sv-SE","potentialAction":[{"@type":"ReadAction","target":["https:\/\/lightweb.dev\/l\/svm-temp\/artiklar\/efter-28-ar-som-kanslist-pa-konsulatet-slutar-gunilla-till-sommaren-annu-ingen-eftertradare-utsedd\/"]}]},{"@type":"ImageObject","inLanguage":"sv-SE","@id":"https:\/\/lightweb.dev\/l\/svm-temp\/artiklar\/efter-28-ar-som-kanslist-pa-konsulatet-slutar-gunilla-till-sommaren-annu-ingen-eftertradare-utsedd\/#primaryimage","url":"https:\/\/lightweb.dev\/l\/svm-temp\/wp-content\/uploads\/2022\/04\/efter-28-r-som-kanslist-p-konsulatet-slutar-gunilla-till-sommaren-nnu-ingen-eftertrdare-utsedd.png","contentUrl":"https:\/\/lightweb.dev\/l\/svm-temp\/wp-content\/uploads\/2022\/04\/efter-28-r-som-kanslist-p-konsulatet-slutar-gunilla-till-sommaren-nnu-ingen-eftertrdare-utsedd.png","width":280,"height":420},{"@type":"BreadcrumbList","@id":"https:\/\/lightweb.dev\/l\/svm-temp\/artiklar\/efter-28-ar-som-kanslist-pa-konsulatet-slutar-gunilla-till-sommaren-annu-ingen-eftertradare-utsedd\/#breadcrumb","itemListElement":[{"@type":"ListItem","position":1,"name":"Hem","item":"https:\/\/lightweb.dev\/l\/svm-temp\/"},{"@type":"ListItem","position":2,"name":"Efter 28 \u00e5r som kanslist p\u00e5 konsulatet slutar Gunilla till sommaren &#8211; \u00e4nnu ingen eftertr\u00e4dare utsedd"}]},{"@type":"WebSite","@id":"https:\/\/lightweb.dev\/l\/svm-temp\/#website","url":"https:\/\/lightweb.dev\/l\/svm-temp\/","name":"Svenska Magasinet","description":"Dina Spanska nyheter p&aring; Svenska","publisher":{"@id":"https:\/\/lightweb.dev\/l\/svm-temp\/#organization"},"potentialAction":[{"@type":"SearchAction","target":{"@type":"EntryPoint","urlTemplate":"https:\/\/lightweb.dev\/l\/svm-temp\/?s={search_term_string}"},"query-input":{"@type":"PropertyValueSpecification","valueRequired":true,"valueName":"search_term_string"}}],"inLanguage":"sv-SE"},{"@type":"Organization","@id":"https:\/\/lightweb.dev\/l\/svm-temp\/#organization","name":"Melkerson y Nott SL","alternateName":"Svenska Magasinet","url":"https:\/\/lightweb.dev\/l\/svm-temp\/","logo":{"@type":"ImageObject","inLanguage":"sv-SE","@id":"https:\/\/lightweb.dev\/l\/svm-temp\/#\/schema\/logo\/image\/","url":"https:\/\/lightweb.dev\/l\/svm-temp\/wp-content\/uploads\/2025\/02\/SvM-logo-Xtra-Centrerad-SVART.png","contentUrl":"https:\/\/lightweb.dev\/l\/svm-temp\/wp-content\/uploads\/2025\/02\/SvM-logo-Xtra-Centrerad-SVART.png","width":300,"height":99,"caption":"Melkerson y Nott SL"},"image":{"@id":"https:\/\/lightweb.dev\/l\/svm-temp\/#\/schema\/logo\/image\/"},"sameAs":["https:\/\/www.facebook.com\/svenskamagasinet","https:\/\/x.com\/SvenskaMagasine"]},{"@type":"Person","@id":"https:\/\/lightweb.dev\/l\/svm-temp\/#\/schema\/person\/206a3bda5b607b0c25e1749191e4d837","name":"Redaktionen SvM","description":"Redaktionen","sameAs":["https:\/\/lightweb.dev\/l\/svm-temp"],"url":"https:\/\/lightweb.dev\/l\/svm-temp\/reporter\/redaktionen\/"}]}},"_links":{"self":[{"href":"https:\/\/lightweb.dev\/l\/svm-temp\/wp-json\/wp\/v2\/posts\/3576","targetHints":{"allow":["GET"]}}],"collection":[{"href":"https:\/\/lightweb.dev\/l\/svm-temp\/wp-json\/wp\/v2\/posts"}],"about":[{"href":"https:\/\/lightweb.dev\/l\/svm-temp\/wp-json\/wp\/v2\/types\/post"}],"author":[{"embeddable":true,"href":"https:\/\/lightweb.dev\/l\/svm-temp\/wp-json\/wp\/v2\/users\/8"}],"replies":[{"embeddable":true,"href":"https:\/\/lightweb.dev\/l\/svm-temp\/wp-json\/wp\/v2\/comments?post=3576"}],"version-history":[{"count":0,"href":"https:\/\/lightweb.dev\/l\/svm-temp\/wp-json\/wp\/v2\/posts\/3576\/revisions"}],"wp:featuredmedia":[{"embeddable":true,"href":"https:\/\/lightweb.dev\/l\/svm-temp\/wp-json\/wp\/v2\/media\/3577"}],"wp:attachment":[{"href":"https:\/\/lightweb.dev\/l\/svm-temp\/wp-json\/wp\/v2\/media?parent=3576"}],"wp:term":[{"taxonomy":"category","embeddable":true,"href":"https:\/\/lightweb.dev\/l\/svm-temp\/wp-json\/wp\/v2\/categories?post=3576"},{"taxonomy":"post_tag","embeddable":true,"href":"https:\/\/lightweb.dev\/l\/svm-temp\/wp-json\/wp\/v2\/tags?post=3576"}],"curies":[{"name":"wp","href":"https:\/\/api.w.org\/{rel}","templated":true}]}}