{"id":3578,"date":"2012-11-12T00:00:00","date_gmt":"2012-11-11T23:00:00","guid":{"rendered":"https:\/\/lightweb.dev\/l\/svm-temp\/svenskt-konsulat-i-malaga-sedan-1737\/"},"modified":"2023-04-10T15:09:25","modified_gmt":"2023-04-10T13:09:25","slug":"svenskt-konsulat-i-malaga-sedan-1737","status":"publish","type":"post","link":"https:\/\/lightweb.dev\/l\/svm-temp\/artiklar\/svenskt-konsulat-i-malaga-sedan-1737\/","title":{"rendered":"Svenskt konsulat i M\u00e1laga sedan 1737"},"content":{"rendered":"<p><strong>Vid Riksarkivet i Sverige kan man forska kring Sveriges konsulat i M\u00e1laga. De tidigaste arkiverade dokumenten fr\u00e5n verksamheten \u00e4r fr\u00e5n 1881. Det kan j\u00e4mf\u00f6ras med Registro Civil i M\u00e1laga som dokumenterat d\u00f6dsfall, f\u00f6dslar och gifterm\u00e5l i M\u00e1laga sedan 1871.<\/strong><\/p>\n<div id=\"attachment_62953\" style=\"width: 310px\" class=\"wp-caption alignleft\"><img loading=\"lazy\" decoding=\"async\" aria-describedby=\"caption-attachment-62953\" class=\"size-medium wp-image-62953\" src=\"https:\/\/lightweb.dev\/l\/svm-temp\/wp-content\/uploads\/2012\/11\/IMG-2815-Stor-300x225.jpeg\" alt=\"\" width=\"300\" height=\"225\" srcset=\"https:\/\/lightweb.dev\/l\/svm-temp\/wp-content\/uploads\/2012\/11\/IMG-2815-Stor-300x225.jpeg 300w, https:\/\/lightweb.dev\/l\/svm-temp\/wp-content\/uploads\/2012\/11\/IMG-2815-Stor-900x675.jpeg 900w, https:\/\/lightweb.dev\/l\/svm-temp\/wp-content\/uploads\/2012\/11\/IMG-2815-Stor-768x576.jpeg 768w, https:\/\/lightweb.dev\/l\/svm-temp\/wp-content\/uploads\/2012\/11\/IMG-2815-Stor-610x458.jpeg 610w, https:\/\/lightweb.dev\/l\/svm-temp\/wp-content\/uploads\/2012\/11\/IMG-2815-Stor-1080x810.jpeg 1080w, https:\/\/lightweb.dev\/l\/svm-temp\/wp-content\/uploads\/2012\/11\/IMG-2815-Stor-600x450.jpeg 600w, https:\/\/lightweb.dev\/l\/svm-temp\/wp-content\/uploads\/2012\/11\/IMG-2815-Stor.jpeg 1280w\" sizes=\"(max-width: 300px) 100vw, 300px\" \/><p id=\"caption-attachment-62953\" class=\"wp-caption-text\">Sveriges honor\u00e4rkonsulat i M\u00e1laga ligger p\u00e5 calle C\u00f3rdoba 6<\/p><\/div>\n<p>Provinsen M\u00e1laga har haft ett svenskt konsulat sedan 1737. Det visar uppgifter som Svenska Magasinet tagit fram vid Riksarkivet i Sverige. Det oavl\u00f6nade konsulatet fr\u00e5n 1737 ersattes ist\u00e4llet med ett avl\u00f6nat 1833 och omfattade d\u00e5 \u00e4ven provinsen Granada. Det utvidages under 1800-talet och innefattade 1906 \u00e4ven C\u00f3rdoba och Ja\u00e9n. Fr\u00e5n 2004 omfattar det provinsen M\u00e0laga.<\/p>\n<p>Det mesta som finns sparat om det svenska konsulatet i M\u00e1laga finns vid Riksarkivets dep\u00e5 i Arninge i Stockholm. H\u00e4r finns fem volymer med bland annat n\u00e5gra kopieb\u00f6cker fr\u00e5n 1881 och fram\u00e5t samt diarium fr\u00e5n 1887 till 1926.<\/p>\n<p>Ulf Berggren vid Riksarkivet: \u201dDe tidigaste arkiverade dokumenten \u00e4r fr\u00e5n 1881 och \u00e4r avskrifter av brev som skickats fr\u00e5n konsulatet i en kopiebok med mycket tunna blad\u201d.<\/p>\n<p>Konsulatarkivet om Malaga best\u00e5r av handlingar fr\u00e5n 1916 till 1967. Handlingarna \u00e4r f\u00f6rvarade i kartonger i folioformat. Materialet best\u00e5r av fartygsliggare och korrespondens. Korrespondensen \u00e4r mest omf\u00e5ngsrik. De flesta handlingarna \u00e4r p\u00e5 svenska och spanska men \u00e4ven engelska f\u00f6rekommer. Vissa saker \u00e4r sekretessbelagda.<\/p>\n<p>Vid Riksarkivet finns \u00e4ven \u00e5tskilliga konsulers brev fr\u00e5n M\u00e1laga till Sverige under perioden 1740 till 1807 bevarade. Mycket av det \u00f6vriga materialet r\u00f6r handel och sj\u00f6fart.<\/p>\n<p>Det finns \u00e4ven material om den svenske agenten Anders Bachmanson Nordencrantz som var verksam i Spanien p\u00e5 1700-talet och rapporterade till Sverige om Spaniens handel.<\/p>\n","protected":false},"excerpt":{"rendered":"<p>Vid Riksarkivet i Sverige kan man forska kring Sveriges konsulat i M\u00e1laga. De tidigaste arkiverade dokumenten fr\u00e5n verksamheten \u00e4r fr\u00e5n 1881&#8230;<\/p>\n","protected":false},"author":7,"featured_media":62952,"comment_status":"open","ping_status":"open","sticky":false,"template":"","format":"standard","meta":{"_et_pb_use_builder":"","_et_pb_old_content":"","_et_gb_content_width":"","footnotes":""},"categories":[396,4],"tags":[],"class_list":["post-3578","post","type-post","status-publish","format-standard","has-post-thumbnail","hentry","category-arkiv-artiklar","category-artiklar"],"yoast_head":"<!-- This site is optimized with the Yoast SEO Premium plugin v26.2 (Yoast SEO v27.5) - https:\/\/yoast.com\/product\/yoast-seo-premium-wordpress\/ -->\n<title>Svenskt konsulat i M\u00e1laga sedan 1737 - Svenska Magasinet<\/title>\n<meta name=\"description\" content=\"Vid Riksarkivet i Sverige kan man forska kring Sveriges konsulat i M\u00e1laga. De tidigaste arkiverade dokumenten fr\u00e5n verksamheten \u00e4r fr\u00e5n 1881. Det kan j\u00e4mf\u00f6ras med Registro Civil i M\u00e1laga som dokumenterat d\u00f6dsfall, f\u00f6dslar och gifterm\u00e5l i M\u00e1laga sedan 1871.\" \/>\n<meta name=\"robots\" content=\"noindex, follow, max-snippet:-1, max-image-preview:large, max-video-preview:-1\" \/>\n<meta property=\"og:locale\" content=\"sv_SE\" \/>\n<meta property=\"og:type\" content=\"article\" \/>\n<meta property=\"og:title\" content=\"Svenskt konsulat i M\u00e1laga sedan 1737\" \/>\n<meta property=\"og:description\" content=\"Vid Riksarkivet i Sverige kan man forska kring Sveriges konsulat i M\u00e1laga. De tidigaste arkiverade dokumenten fr\u00e5n verksamheten \u00e4r fr\u00e5n 1881. Det kan j\u00e4mf\u00f6ras med Registro Civil i M\u00e1laga som dokumenterat d\u00f6dsfall, f\u00f6dslar och gifterm\u00e5l i M\u00e1laga sedan 1871.\" \/>\n<meta property=\"og:url\" content=\"https:\/\/lightweb.dev\/l\/svm-temp\/artiklar\/svenskt-konsulat-i-malaga-sedan-1737\/\" \/>\n<meta property=\"og:site_name\" content=\"Svenska Magasinet\" \/>\n<meta property=\"article:publisher\" content=\"https:\/\/www.facebook.com\/svenskamagasinet\" \/>\n<meta property=\"article:published_time\" content=\"2012-11-11T23:00:00+00:00\" \/>\n<meta property=\"article:modified_time\" content=\"2023-04-10T13:09:25+00:00\" \/>\n<meta property=\"og:image\" content=\"https:\/\/lightweb.dev\/l\/svm-temp\/wp-content\/uploads\/2012\/11\/IMG-3217-stor.jpeg\" \/>\n\t<meta property=\"og:image:width\" content=\"1280\" \/>\n\t<meta property=\"og:image:height\" content=\"960\" \/>\n\t<meta property=\"og:image:type\" content=\"image\/jpeg\" \/>\n<meta name=\"author\" content=\"Ola Josefsson\" \/>\n<meta name=\"twitter:card\" content=\"summary_large_image\" \/>\n<meta name=\"twitter:creator\" content=\"@SvenskaMagasine\" \/>\n<meta name=\"twitter:site\" content=\"@SvenskaMagasine\" \/>\n<script type=\"application\/ld+json\" class=\"yoast-schema-graph\">{\"@context\":\"https:\\\/\\\/schema.org\",\"@graph\":[{\"@type\":\"Article\",\"@id\":\"https:\\\/\\\/lightweb.dev\\\/l\\\/svm-temp\\\/artiklar\\\/svenskt-konsulat-i-malaga-sedan-1737\\\/#article\",\"isPartOf\":{\"@id\":\"https:\\\/\\\/lightweb.dev\\\/l\\\/svm-temp\\\/artiklar\\\/svenskt-konsulat-i-malaga-sedan-1737\\\/\"},\"author\":{\"name\":\"Ola Josefsson\",\"@id\":\"https:\\\/\\\/lightweb.dev\\\/l\\\/svm-temp\\\/#\\\/schema\\\/person\\\/7a82b8a73d171d32360a564b6d03508e\"},\"headline\":\"Svenskt konsulat i M\u00e1laga sedan 1737\",\"datePublished\":\"2012-11-11T23:00:00+00:00\",\"dateModified\":\"2023-04-10T13:09:25+00:00\",\"mainEntityOfPage\":{\"@id\":\"https:\\\/\\\/lightweb.dev\\\/l\\\/svm-temp\\\/artiklar\\\/svenskt-konsulat-i-malaga-sedan-1737\\\/\"},\"wordCount\":300,\"commentCount\":0,\"publisher\":{\"@id\":\"https:\\\/\\\/lightweb.dev\\\/l\\\/svm-temp\\\/#organization\"},\"image\":{\"@id\":\"https:\\\/\\\/lightweb.dev\\\/l\\\/svm-temp\\\/artiklar\\\/svenskt-konsulat-i-malaga-sedan-1737\\\/#primaryimage\"},\"thumbnailUrl\":\"https:\\\/\\\/lightweb.dev\\\/l\\\/svm-temp\\\/wp-content\\\/uploads\\\/2012\\\/11\\\/IMG-3217-stor.jpeg\",\"articleSection\":[\"Arkiv\",\"Artiklar\"],\"inLanguage\":\"sv-SE\"},{\"@type\":\"WebPage\",\"@id\":\"https:\\\/\\\/lightweb.dev\\\/l\\\/svm-temp\\\/artiklar\\\/svenskt-konsulat-i-malaga-sedan-1737\\\/\",\"url\":\"https:\\\/\\\/lightweb.dev\\\/l\\\/svm-temp\\\/artiklar\\\/svenskt-konsulat-i-malaga-sedan-1737\\\/\",\"name\":\"Svenskt konsulat i M\u00e1laga sedan 1737 - Svenska Magasinet\",\"isPartOf\":{\"@id\":\"https:\\\/\\\/lightweb.dev\\\/l\\\/svm-temp\\\/#website\"},\"primaryImageOfPage\":{\"@id\":\"https:\\\/\\\/lightweb.dev\\\/l\\\/svm-temp\\\/artiklar\\\/svenskt-konsulat-i-malaga-sedan-1737\\\/#primaryimage\"},\"image\":{\"@id\":\"https:\\\/\\\/lightweb.dev\\\/l\\\/svm-temp\\\/artiklar\\\/svenskt-konsulat-i-malaga-sedan-1737\\\/#primaryimage\"},\"thumbnailUrl\":\"https:\\\/\\\/lightweb.dev\\\/l\\\/svm-temp\\\/wp-content\\\/uploads\\\/2012\\\/11\\\/IMG-3217-stor.jpeg\",\"datePublished\":\"2012-11-11T23:00:00+00:00\",\"dateModified\":\"2023-04-10T13:09:25+00:00\",\"description\":\"Vid Riksarkivet i Sverige kan man forska kring Sveriges konsulat i M\u00e1laga. De tidigaste arkiverade dokumenten fr\u00e5n verksamheten \u00e4r fr\u00e5n 1881. Det kan j\u00e4mf\u00f6ras med Registro Civil i M\u00e1laga som dokumenterat d\u00f6dsfall, f\u00f6dslar och gifterm\u00e5l i M\u00e1laga sedan 1871.\",\"breadcrumb\":{\"@id\":\"https:\\\/\\\/lightweb.dev\\\/l\\\/svm-temp\\\/artiklar\\\/svenskt-konsulat-i-malaga-sedan-1737\\\/#breadcrumb\"},\"inLanguage\":\"sv-SE\",\"potentialAction\":[{\"@type\":\"ReadAction\",\"target\":[\"https:\\\/\\\/lightweb.dev\\\/l\\\/svm-temp\\\/artiklar\\\/svenskt-konsulat-i-malaga-sedan-1737\\\/\"]}]},{\"@type\":\"ImageObject\",\"inLanguage\":\"sv-SE\",\"@id\":\"https:\\\/\\\/lightweb.dev\\\/l\\\/svm-temp\\\/artiklar\\\/svenskt-konsulat-i-malaga-sedan-1737\\\/#primaryimage\",\"url\":\"https:\\\/\\\/lightweb.dev\\\/l\\\/svm-temp\\\/wp-content\\\/uploads\\\/2012\\\/11\\\/IMG-3217-stor.jpeg\",\"contentUrl\":\"https:\\\/\\\/lightweb.dev\\\/l\\\/svm-temp\\\/wp-content\\\/uploads\\\/2012\\\/11\\\/IMG-3217-stor.jpeg\",\"width\":1280,\"height\":960},{\"@type\":\"BreadcrumbList\",\"@id\":\"https:\\\/\\\/lightweb.dev\\\/l\\\/svm-temp\\\/artiklar\\\/svenskt-konsulat-i-malaga-sedan-1737\\\/#breadcrumb\",\"itemListElement\":[{\"@type\":\"ListItem\",\"position\":1,\"name\":\"Hem\",\"item\":\"https:\\\/\\\/lightweb.dev\\\/l\\\/svm-temp\\\/\"},{\"@type\":\"ListItem\",\"position\":2,\"name\":\"Svenskt konsulat i M\u00e1laga sedan 1737\"}]},{\"@type\":\"WebSite\",\"@id\":\"https:\\\/\\\/lightweb.dev\\\/l\\\/svm-temp\\\/#website\",\"url\":\"https:\\\/\\\/lightweb.dev\\\/l\\\/svm-temp\\\/\",\"name\":\"Svenska Magasinet\",\"description\":\"Dina Spanska nyheter p&aring; Svenska\",\"publisher\":{\"@id\":\"https:\\\/\\\/lightweb.dev\\\/l\\\/svm-temp\\\/#organization\"},\"potentialAction\":[{\"@type\":\"SearchAction\",\"target\":{\"@type\":\"EntryPoint\",\"urlTemplate\":\"https:\\\/\\\/lightweb.dev\\\/l\\\/svm-temp\\\/?s={search_term_string}\"},\"query-input\":{\"@type\":\"PropertyValueSpecification\",\"valueRequired\":true,\"valueName\":\"search_term_string\"}}],\"inLanguage\":\"sv-SE\"},{\"@type\":\"Organization\",\"@id\":\"https:\\\/\\\/lightweb.dev\\\/l\\\/svm-temp\\\/#organization\",\"name\":\"Melkerson y Nott SL\",\"alternateName\":\"Svenska Magasinet\",\"url\":\"https:\\\/\\\/lightweb.dev\\\/l\\\/svm-temp\\\/\",\"logo\":{\"@type\":\"ImageObject\",\"inLanguage\":\"sv-SE\",\"@id\":\"https:\\\/\\\/lightweb.dev\\\/l\\\/svm-temp\\\/#\\\/schema\\\/logo\\\/image\\\/\",\"url\":\"https:\\\/\\\/lightweb.dev\\\/l\\\/svm-temp\\\/wp-content\\\/uploads\\\/2025\\\/02\\\/SvM-logo-Xtra-Centrerad-SVART.png\",\"contentUrl\":\"https:\\\/\\\/lightweb.dev\\\/l\\\/svm-temp\\\/wp-content\\\/uploads\\\/2025\\\/02\\\/SvM-logo-Xtra-Centrerad-SVART.png\",\"width\":300,\"height\":99,\"caption\":\"Melkerson y Nott SL\"},\"image\":{\"@id\":\"https:\\\/\\\/lightweb.dev\\\/l\\\/svm-temp\\\/#\\\/schema\\\/logo\\\/image\\\/\"},\"sameAs\":[\"https:\\\/\\\/www.facebook.com\\\/svenskamagasinet\",\"https:\\\/\\\/x.com\\\/SvenskaMagasine\"]},{\"@type\":\"Person\",\"@id\":\"https:\\\/\\\/lightweb.dev\\\/l\\\/svm-temp\\\/#\\\/schema\\\/person\\\/7a82b8a73d171d32360a564b6d03508e\",\"name\":\"Ola Josefsson\",\"description\":\"Bevakar Solkusten och Spanien sedan 1994.\",\"sameAs\":[\"https:\\\/\\\/lightweb.dev\\\/l\\\/svm-temp\"],\"url\":\"https:\\\/\\\/lightweb.dev\\\/l\\\/svm-temp\\\/reporter\\\/ola-josefsson\\\/\"}]}<\/script>\n<!-- \/ Yoast SEO Premium plugin. -->","yoast_head_json":{"title":"Svenskt konsulat i M\u00e1laga sedan 1737 - Svenska Magasinet","description":"Vid Riksarkivet i Sverige kan man forska kring Sveriges konsulat i M\u00e1laga. De tidigaste arkiverade dokumenten fr\u00e5n verksamheten \u00e4r fr\u00e5n 1881. Det kan j\u00e4mf\u00f6ras med Registro Civil i M\u00e1laga som dokumenterat d\u00f6dsfall, f\u00f6dslar och gifterm\u00e5l i M\u00e1laga sedan 1871.","robots":{"index":"noindex","follow":"follow","max-snippet":"max-snippet:-1","max-image-preview":"max-image-preview:large","max-video-preview":"max-video-preview:-1"},"og_locale":"sv_SE","og_type":"article","og_title":"Svenskt konsulat i M\u00e1laga sedan 1737","og_description":"Vid Riksarkivet i Sverige kan man forska kring Sveriges konsulat i M\u00e1laga. De tidigaste arkiverade dokumenten fr\u00e5n verksamheten \u00e4r fr\u00e5n 1881. Det kan j\u00e4mf\u00f6ras med Registro Civil i M\u00e1laga som dokumenterat d\u00f6dsfall, f\u00f6dslar och gifterm\u00e5l i M\u00e1laga sedan 1871.","og_url":"https:\/\/lightweb.dev\/l\/svm-temp\/artiklar\/svenskt-konsulat-i-malaga-sedan-1737\/","og_site_name":"Svenska Magasinet","article_publisher":"https:\/\/www.facebook.com\/svenskamagasinet","article_published_time":"2012-11-11T23:00:00+00:00","article_modified_time":"2023-04-10T13:09:25+00:00","og_image":[{"width":1280,"height":960,"url":"https:\/\/lightweb.dev\/l\/svm-temp\/wp-content\/uploads\/2012\/11\/IMG-3217-stor.jpeg","type":"image\/jpeg"}],"author":"Ola Josefsson","twitter_card":"summary_large_image","twitter_creator":"@SvenskaMagasine","twitter_site":"@SvenskaMagasine","schema":{"@context":"https:\/\/schema.org","@graph":[{"@type":"Article","@id":"https:\/\/lightweb.dev\/l\/svm-temp\/artiklar\/svenskt-konsulat-i-malaga-sedan-1737\/#article","isPartOf":{"@id":"https:\/\/lightweb.dev\/l\/svm-temp\/artiklar\/svenskt-konsulat-i-malaga-sedan-1737\/"},"author":{"name":"Ola Josefsson","@id":"https:\/\/lightweb.dev\/l\/svm-temp\/#\/schema\/person\/7a82b8a73d171d32360a564b6d03508e"},"headline":"Svenskt konsulat i M\u00e1laga sedan 1737","datePublished":"2012-11-11T23:00:00+00:00","dateModified":"2023-04-10T13:09:25+00:00","mainEntityOfPage":{"@id":"https:\/\/lightweb.dev\/l\/svm-temp\/artiklar\/svenskt-konsulat-i-malaga-sedan-1737\/"},"wordCount":300,"commentCount":0,"publisher":{"@id":"https:\/\/lightweb.dev\/l\/svm-temp\/#organization"},"image":{"@id":"https:\/\/lightweb.dev\/l\/svm-temp\/artiklar\/svenskt-konsulat-i-malaga-sedan-1737\/#primaryimage"},"thumbnailUrl":"https:\/\/lightweb.dev\/l\/svm-temp\/wp-content\/uploads\/2012\/11\/IMG-3217-stor.jpeg","articleSection":["Arkiv","Artiklar"],"inLanguage":"sv-SE"},{"@type":"WebPage","@id":"https:\/\/lightweb.dev\/l\/svm-temp\/artiklar\/svenskt-konsulat-i-malaga-sedan-1737\/","url":"https:\/\/lightweb.dev\/l\/svm-temp\/artiklar\/svenskt-konsulat-i-malaga-sedan-1737\/","name":"Svenskt konsulat i M\u00e1laga sedan 1737 - Svenska Magasinet","isPartOf":{"@id":"https:\/\/lightweb.dev\/l\/svm-temp\/#website"},"primaryImageOfPage":{"@id":"https:\/\/lightweb.dev\/l\/svm-temp\/artiklar\/svenskt-konsulat-i-malaga-sedan-1737\/#primaryimage"},"image":{"@id":"https:\/\/lightweb.dev\/l\/svm-temp\/artiklar\/svenskt-konsulat-i-malaga-sedan-1737\/#primaryimage"},"thumbnailUrl":"https:\/\/lightweb.dev\/l\/svm-temp\/wp-content\/uploads\/2012\/11\/IMG-3217-stor.jpeg","datePublished":"2012-11-11T23:00:00+00:00","dateModified":"2023-04-10T13:09:25+00:00","description":"Vid Riksarkivet i Sverige kan man forska kring Sveriges konsulat i M\u00e1laga. De tidigaste arkiverade dokumenten fr\u00e5n verksamheten \u00e4r fr\u00e5n 1881. Det kan j\u00e4mf\u00f6ras med Registro Civil i M\u00e1laga som dokumenterat d\u00f6dsfall, f\u00f6dslar och gifterm\u00e5l i M\u00e1laga sedan 1871.","breadcrumb":{"@id":"https:\/\/lightweb.dev\/l\/svm-temp\/artiklar\/svenskt-konsulat-i-malaga-sedan-1737\/#breadcrumb"},"inLanguage":"sv-SE","potentialAction":[{"@type":"ReadAction","target":["https:\/\/lightweb.dev\/l\/svm-temp\/artiklar\/svenskt-konsulat-i-malaga-sedan-1737\/"]}]},{"@type":"ImageObject","inLanguage":"sv-SE","@id":"https:\/\/lightweb.dev\/l\/svm-temp\/artiklar\/svenskt-konsulat-i-malaga-sedan-1737\/#primaryimage","url":"https:\/\/lightweb.dev\/l\/svm-temp\/wp-content\/uploads\/2012\/11\/IMG-3217-stor.jpeg","contentUrl":"https:\/\/lightweb.dev\/l\/svm-temp\/wp-content\/uploads\/2012\/11\/IMG-3217-stor.jpeg","width":1280,"height":960},{"@type":"BreadcrumbList","@id":"https:\/\/lightweb.dev\/l\/svm-temp\/artiklar\/svenskt-konsulat-i-malaga-sedan-1737\/#breadcrumb","itemListElement":[{"@type":"ListItem","position":1,"name":"Hem","item":"https:\/\/lightweb.dev\/l\/svm-temp\/"},{"@type":"ListItem","position":2,"name":"Svenskt konsulat i M\u00e1laga sedan 1737"}]},{"@type":"WebSite","@id":"https:\/\/lightweb.dev\/l\/svm-temp\/#website","url":"https:\/\/lightweb.dev\/l\/svm-temp\/","name":"Svenska Magasinet","description":"Dina Spanska nyheter p&aring; Svenska","publisher":{"@id":"https:\/\/lightweb.dev\/l\/svm-temp\/#organization"},"potentialAction":[{"@type":"SearchAction","target":{"@type":"EntryPoint","urlTemplate":"https:\/\/lightweb.dev\/l\/svm-temp\/?s={search_term_string}"},"query-input":{"@type":"PropertyValueSpecification","valueRequired":true,"valueName":"search_term_string"}}],"inLanguage":"sv-SE"},{"@type":"Organization","@id":"https:\/\/lightweb.dev\/l\/svm-temp\/#organization","name":"Melkerson y Nott SL","alternateName":"Svenska Magasinet","url":"https:\/\/lightweb.dev\/l\/svm-temp\/","logo":{"@type":"ImageObject","inLanguage":"sv-SE","@id":"https:\/\/lightweb.dev\/l\/svm-temp\/#\/schema\/logo\/image\/","url":"https:\/\/lightweb.dev\/l\/svm-temp\/wp-content\/uploads\/2025\/02\/SvM-logo-Xtra-Centrerad-SVART.png","contentUrl":"https:\/\/lightweb.dev\/l\/svm-temp\/wp-content\/uploads\/2025\/02\/SvM-logo-Xtra-Centrerad-SVART.png","width":300,"height":99,"caption":"Melkerson y Nott SL"},"image":{"@id":"https:\/\/lightweb.dev\/l\/svm-temp\/#\/schema\/logo\/image\/"},"sameAs":["https:\/\/www.facebook.com\/svenskamagasinet","https:\/\/x.com\/SvenskaMagasine"]},{"@type":"Person","@id":"https:\/\/lightweb.dev\/l\/svm-temp\/#\/schema\/person\/7a82b8a73d171d32360a564b6d03508e","name":"Ola Josefsson","description":"Bevakar Solkusten och Spanien sedan 1994.","sameAs":["https:\/\/lightweb.dev\/l\/svm-temp"],"url":"https:\/\/lightweb.dev\/l\/svm-temp\/reporter\/ola-josefsson\/"}]}},"_links":{"self":[{"href":"https:\/\/lightweb.dev\/l\/svm-temp\/wp-json\/wp\/v2\/posts\/3578","targetHints":{"allow":["GET"]}}],"collection":[{"href":"https:\/\/lightweb.dev\/l\/svm-temp\/wp-json\/wp\/v2\/posts"}],"about":[{"href":"https:\/\/lightweb.dev\/l\/svm-temp\/wp-json\/wp\/v2\/types\/post"}],"author":[{"embeddable":true,"href":"https:\/\/lightweb.dev\/l\/svm-temp\/wp-json\/wp\/v2\/users\/7"}],"replies":[{"embeddable":true,"href":"https:\/\/lightweb.dev\/l\/svm-temp\/wp-json\/wp\/v2\/comments?post=3578"}],"version-history":[{"count":0,"href":"https:\/\/lightweb.dev\/l\/svm-temp\/wp-json\/wp\/v2\/posts\/3578\/revisions"}],"wp:featuredmedia":[{"embeddable":true,"href":"https:\/\/lightweb.dev\/l\/svm-temp\/wp-json\/wp\/v2\/media\/62952"}],"wp:attachment":[{"href":"https:\/\/lightweb.dev\/l\/svm-temp\/wp-json\/wp\/v2\/media?parent=3578"}],"wp:term":[{"taxonomy":"category","embeddable":true,"href":"https:\/\/lightweb.dev\/l\/svm-temp\/wp-json\/wp\/v2\/categories?post=3578"},{"taxonomy":"post_tag","embeddable":true,"href":"https:\/\/lightweb.dev\/l\/svm-temp\/wp-json\/wp\/v2\/tags?post=3578"}],"curies":[{"name":"wp","href":"https:\/\/api.w.org\/{rel}","templated":true}]}}