{"id":3589,"date":"2012-10-09T00:00:00","date_gmt":"2012-10-08T22:00:00","guid":{"rendered":"https:\/\/lightweb.dev\/l\/svm-temp\/delade-meningar-om-vagen-till-halsa\/"},"modified":"2012-10-09T00:00:00","modified_gmt":"2012-10-08T22:00:00","slug":"delade-meningar-om-vagen-till-halsa","status":"publish","type":"post","link":"https:\/\/lightweb.dev\/l\/svm-temp\/artiklar\/delade-meningar-om-vagen-till-halsa\/","title":{"rendered":"Delade meningar om v\u00e4gen till h\u00e4lsa"},"content":{"rendered":"<p> V\u00e5rt v\u00e4sterl\u00e4ndska samh\u00e4lle blir mer och mer oh\u00e4lsosamt med fler och fler kroniska sjukdomar. Och detta trots att vi spenderar mer och mer pengar p\u00e5 sjukv\u00e5rd. Samtidigt finns det en \u00f6kande trend d\u00e4r man \u00f6verger traditionella l\u00e4kemedel och spenderar mer p\u00e5 alternativ medicin. Orsakerna f\u00f6r detta \u00f6kade intresse f\u00f6r de alternativa eller komplement\u00e4ra medicinen \u00e4r m\u00e5nga. Men vad som \u00e4r tillfredst\u00e4llande f\u00f6r mig personligen \u00e4r att en st\u00f6rre del beror p\u00e5 det \u00f6kade intresset bland m\u00e4nniskor att sj\u00e4lva ta kontroll \u00f6ver sitt h\u00e4lsotillst\u00e5nd. Hur alternativ medicin kan erbjuda l\u00f6sningar d\u00e4r traditionell medicin inte kan. Jag anser att det g\u00e5r tillbaka till de tv\u00e5 grundl\u00e4ggande teorierna om att bota sjukdom. Av Doktor Mark Lane<br \/>\nTeori 1<br \/>\nGrunden till konventionell medicin \u00e4r uppbyggd runt bakterie teorin vilket blev popul\u00e4rt av Louis Pasteur, och som \u00e4ven etablerade honom som grundare av modern medicinsk historia. Bakterieteorin s\u00e4ger att det finns best\u00e4mda externa bakterier vilka invaderar kroppen och orsakar en m\u00e4ngd olika definierbara sjukdomar. F\u00f6r att bli frisk, identifieras och d\u00f6das bakterien som g\u00f6r dig sjuk. Det anv\u00e4nds l\u00e4kemedel, kirurgi, str\u00e5lning och cellgifter f\u00f6r att utpl\u00e5na den o\u00f6nskade bakterien. F\u00f6rebyggande \u00e5tg\u00e4rder inkluderar s\u00e5v\u00e4l vaccinering som l\u00e4kemedel vilket teoretiskt sett fungerar, f\u00f6r att h\u00e5lla bakterier borta.<\/p>\n<p>Teori 2<br \/>\nPasteur hade en intelligent motst\u00e5ndare, Antoine Beauchamp vilket fullst\u00e4ndigt f\u00f6rkastade Pasteurs ide\u00e9r. Beauchamp menade att bakterier och parasiter bara kunde \u00f6verleva i kroppen om f\u00f6ruts\u00e4ttningar var gynnsamma. Att endast exponeras mot bakterier inte \u00e4r tillr\u00e4ckligt f\u00f6r att bli sjuk. Hans forskning visade att de flesta sjukdomar \u00e4r resultat av oh\u00e4lsosamma v\u00e4vnader. Bakterier och virus \u00e4r mestadels efterverkningar och inte orsaker f\u00f6r sjukdom.<\/p>\n<p>Historien ber\u00e4ttar att allm\u00e4n medicinen valde Pasteurs bakterie teori, kanske p\u00e5 grund av ett gott resultat genom anv\u00e4ndadet av mediciner. Hade Beauchamps uppt\u00e4ckter inf\u00f6rlivats i den medicinska l\u00e4roplanen att eliminera orsakerna f\u00f6r sjukdom, vad hade d\u00e5 h\u00e4nt med den m\u00e5ngmiljardmarknaden som \u00e4r dagens l\u00e4kemedelsindustri. Det \u00e4r intressant eftersom bakterieteorin st\u00e5r i skarp kontrast mot 1000-tals \u00e5r, d\u00e5 m\u00e4nniska v\u00e4nts sig till naturen f\u00f6r n\u00e4ring och botemedel. Ur\u00e5ldrig kinesisk medicin behandlade hela kroppen ist\u00e4llet f\u00f6r bara symptomen. Hippokrates, l\u00e4kekonstens fader, sa \u201cl\u00e4mna medicinen i kemistens grytor om du kan bota patienten med mat\u201d.<\/p>\n<p>Beh\u00f6ver vi d\u00e5 modern medicin? Det g\u00f6r vi. Medicinska doktorer spelar en oerh\u00f6rt viktig roll i akuta situationer med fenomenala resultat. D\u00e4remot \u00e4r deras f\u00f6rm\u00e5ga att f\u00f6rb\u00e4ttra individens h\u00e4lsa, inte fullt lika imponerande. Det v\u00e4rsta exemplet \u00e4r USA, d\u00e4r 50 % av v\u00e4rldens l\u00e4kemedel anv\u00e4nds och man spenderar mer pengar p\u00e5 medicin per person \u00e4n n\u00e5gon annan nation i v\u00e4rlden. \u00c4nd\u00e5 har man ett av den industrialiserade v\u00e4rldens s\u00e4msta h\u00e4lsotillst\u00e5nd.<\/p>\n<p>Idag l\u00e4ggs alltf\u00f6r stor vikt p\u00e5 l\u00e4kemedelsmodellen vilket under de senaste \u00e5rtiondena gjort att m\u00e4nniskan tappat kontroll \u00f6ver sin egen h\u00e4lsa och vi har sett en stark uppg\u00e5ng av kroniska sjukdomar. Orsaken? L\u00e4kemedel kan inte bota sjuk terr\u00e4ng. Problemen uppst\u00e5r n\u00e4r man efter att ha r\u00e4ddats till livet och agerar som om man \u00e4r helt \u00e5terst\u00e4lld n\u00e4r man egentligen har f\u00e5tt ett kort uppskov. Man \u00e4r fortfarande sjuk och resan mot full l\u00e4kning och h\u00e4lsa m\u00e5ste p\u00e5b\u00f6rjas. F\u00f6r att kroppen skall kunna botas och \u00e5terf\u00e5 full h\u00e4lsa, \u00e4r det n\u00f6dv\u00e4ndigt med b\u00e4sta m\u00f6jliga neurologiska funktioner, korrekt kost tillsammans med detox plan och en balanserad livsstil.<br \/>\nThomas Edison m\u00e5ste ha haft insikt om h\u00e4lsa n\u00e4r han sa \u201cFramtidens doktor kommer inte att ge medicin utan intressera sina patienter i att v\u00e5rda m\u00e4nniskokroppen genom diet, se till orsaker och f\u00f6rebygga sjukdom\u201d. <\/p>\n","protected":false},"excerpt":{"rendered":"<p>V\u00e5rt v\u00e4sterl\u00e4ndska samh\u00e4lle blir mer och mer oh\u00e4lsosamt med fler och fler kroniska sjukdomar. Och detta trots att vi spenderar mer och mer pengar p\u00e5 sjukv\u00e5rd. Samtidigt finns det en \u00f6kande trend d\u00e4r man \u00f6verger traditionella l\u00e4kemedel och spenderar mer p\u00e5 alternativ medicin. Orsakerna f\u00f6r detta \u00f6kade intresse f\u00f6r de alternativa eller komplement\u00e4ra medicinen \u00e4r [&hellip;]<\/p>\n","protected":false},"author":8,"featured_media":0,"comment_status":"open","ping_status":"open","sticky":false,"template":"","format":"standard","meta":{"_et_pb_use_builder":"","_et_pb_old_content":"","_et_gb_content_width":"","footnotes":""},"categories":[396,4],"tags":[],"class_list":["post-3589","post","type-post","status-publish","format-standard","hentry","category-arkiv-artiklar","category-artiklar"],"yoast_head":"<!-- This site is optimized with the Yoast SEO Premium plugin v26.2 (Yoast SEO v27.5) - https:\/\/yoast.com\/product\/yoast-seo-premium-wordpress\/ -->\n<title>Delade meningar om v\u00e4gen till h\u00e4lsa - Svenska Magasinet<\/title>\n<meta name=\"robots\" content=\"noindex, follow, max-snippet:-1, max-image-preview:large, max-video-preview:-1\" \/>\n<meta property=\"og:locale\" content=\"sv_SE\" \/>\n<meta property=\"og:type\" content=\"article\" \/>\n<meta property=\"og:title\" content=\"Delade meningar om v\u00e4gen till h\u00e4lsa\" \/>\n<meta property=\"og:description\" content=\"V\u00e5rt v\u00e4sterl\u00e4ndska samh\u00e4lle blir mer och mer oh\u00e4lsosamt med fler och fler kroniska sjukdomar. Och detta trots att vi spenderar mer och mer pengar p\u00e5 sjukv\u00e5rd. Samtidigt finns det en \u00f6kande trend d\u00e4r man \u00f6verger traditionella l\u00e4kemedel och spenderar mer p\u00e5 alternativ medicin. Orsakerna f\u00f6r detta \u00f6kade intresse f\u00f6r de alternativa eller komplement\u00e4ra medicinen \u00e4r [&hellip;]\" \/>\n<meta property=\"og:url\" content=\"https:\/\/lightweb.dev\/l\/svm-temp\/artiklar\/delade-meningar-om-vagen-till-halsa\/\" \/>\n<meta property=\"og:site_name\" content=\"Svenska Magasinet\" \/>\n<meta property=\"article:publisher\" content=\"https:\/\/www.facebook.com\/svenskamagasinet\" \/>\n<meta property=\"article:published_time\" content=\"2012-10-08T22:00:00+00:00\" \/>\n<meta name=\"author\" content=\"Redaktionen SvM\" \/>\n<meta name=\"twitter:card\" content=\"summary_large_image\" \/>\n<meta name=\"twitter:creator\" content=\"@SvenskaMagasine\" \/>\n<meta name=\"twitter:site\" content=\"@SvenskaMagasine\" \/>\n<script type=\"application\/ld+json\" class=\"yoast-schema-graph\">{\"@context\":\"https:\\\/\\\/schema.org\",\"@graph\":[{\"@type\":\"Article\",\"@id\":\"https:\\\/\\\/lightweb.dev\\\/l\\\/svm-temp\\\/artiklar\\\/delade-meningar-om-vagen-till-halsa\\\/#article\",\"isPartOf\":{\"@id\":\"https:\\\/\\\/lightweb.dev\\\/l\\\/svm-temp\\\/artiklar\\\/delade-meningar-om-vagen-till-halsa\\\/\"},\"author\":{\"name\":\"Redaktionen SvM\",\"@id\":\"https:\\\/\\\/lightweb.dev\\\/l\\\/svm-temp\\\/#\\\/schema\\\/person\\\/206a3bda5b607b0c25e1749191e4d837\"},\"headline\":\"Delade meningar om v\u00e4gen till h\u00e4lsa\",\"datePublished\":\"2012-10-08T22:00:00+00:00\",\"mainEntityOfPage\":{\"@id\":\"https:\\\/\\\/lightweb.dev\\\/l\\\/svm-temp\\\/artiklar\\\/delade-meningar-om-vagen-till-halsa\\\/\"},\"wordCount\":694,\"commentCount\":0,\"publisher\":{\"@id\":\"https:\\\/\\\/lightweb.dev\\\/l\\\/svm-temp\\\/#organization\"},\"articleSection\":[\"Arkiv\",\"Artiklar\"],\"inLanguage\":\"sv-SE\"},{\"@type\":\"WebPage\",\"@id\":\"https:\\\/\\\/lightweb.dev\\\/l\\\/svm-temp\\\/artiklar\\\/delade-meningar-om-vagen-till-halsa\\\/\",\"url\":\"https:\\\/\\\/lightweb.dev\\\/l\\\/svm-temp\\\/artiklar\\\/delade-meningar-om-vagen-till-halsa\\\/\",\"name\":\"Delade meningar om v\u00e4gen till h\u00e4lsa - Svenska Magasinet\",\"isPartOf\":{\"@id\":\"https:\\\/\\\/lightweb.dev\\\/l\\\/svm-temp\\\/#website\"},\"datePublished\":\"2012-10-08T22:00:00+00:00\",\"breadcrumb\":{\"@id\":\"https:\\\/\\\/lightweb.dev\\\/l\\\/svm-temp\\\/artiklar\\\/delade-meningar-om-vagen-till-halsa\\\/#breadcrumb\"},\"inLanguage\":\"sv-SE\",\"potentialAction\":[{\"@type\":\"ReadAction\",\"target\":[\"https:\\\/\\\/lightweb.dev\\\/l\\\/svm-temp\\\/artiklar\\\/delade-meningar-om-vagen-till-halsa\\\/\"]}]},{\"@type\":\"BreadcrumbList\",\"@id\":\"https:\\\/\\\/lightweb.dev\\\/l\\\/svm-temp\\\/artiklar\\\/delade-meningar-om-vagen-till-halsa\\\/#breadcrumb\",\"itemListElement\":[{\"@type\":\"ListItem\",\"position\":1,\"name\":\"Hem\",\"item\":\"https:\\\/\\\/lightweb.dev\\\/l\\\/svm-temp\\\/\"},{\"@type\":\"ListItem\",\"position\":2,\"name\":\"Delade meningar om v\u00e4gen till h\u00e4lsa\"}]},{\"@type\":\"WebSite\",\"@id\":\"https:\\\/\\\/lightweb.dev\\\/l\\\/svm-temp\\\/#website\",\"url\":\"https:\\\/\\\/lightweb.dev\\\/l\\\/svm-temp\\\/\",\"name\":\"Svenska Magasinet\",\"description\":\"Dina Spanska nyheter p&aring; Svenska\",\"publisher\":{\"@id\":\"https:\\\/\\\/lightweb.dev\\\/l\\\/svm-temp\\\/#organization\"},\"potentialAction\":[{\"@type\":\"SearchAction\",\"target\":{\"@type\":\"EntryPoint\",\"urlTemplate\":\"https:\\\/\\\/lightweb.dev\\\/l\\\/svm-temp\\\/?s={search_term_string}\"},\"query-input\":{\"@type\":\"PropertyValueSpecification\",\"valueRequired\":true,\"valueName\":\"search_term_string\"}}],\"inLanguage\":\"sv-SE\"},{\"@type\":\"Organization\",\"@id\":\"https:\\\/\\\/lightweb.dev\\\/l\\\/svm-temp\\\/#organization\",\"name\":\"Melkerson y Nott SL\",\"alternateName\":\"Svenska Magasinet\",\"url\":\"https:\\\/\\\/lightweb.dev\\\/l\\\/svm-temp\\\/\",\"logo\":{\"@type\":\"ImageObject\",\"inLanguage\":\"sv-SE\",\"@id\":\"https:\\\/\\\/lightweb.dev\\\/l\\\/svm-temp\\\/#\\\/schema\\\/logo\\\/image\\\/\",\"url\":\"https:\\\/\\\/lightweb.dev\\\/l\\\/svm-temp\\\/wp-content\\\/uploads\\\/2025\\\/02\\\/SvM-logo-Xtra-Centrerad-SVART.png\",\"contentUrl\":\"https:\\\/\\\/lightweb.dev\\\/l\\\/svm-temp\\\/wp-content\\\/uploads\\\/2025\\\/02\\\/SvM-logo-Xtra-Centrerad-SVART.png\",\"width\":300,\"height\":99,\"caption\":\"Melkerson y Nott SL\"},\"image\":{\"@id\":\"https:\\\/\\\/lightweb.dev\\\/l\\\/svm-temp\\\/#\\\/schema\\\/logo\\\/image\\\/\"},\"sameAs\":[\"https:\\\/\\\/www.facebook.com\\\/svenskamagasinet\",\"https:\\\/\\\/x.com\\\/SvenskaMagasine\"]},{\"@type\":\"Person\",\"@id\":\"https:\\\/\\\/lightweb.dev\\\/l\\\/svm-temp\\\/#\\\/schema\\\/person\\\/206a3bda5b607b0c25e1749191e4d837\",\"name\":\"Redaktionen SvM\",\"description\":\"Redaktionen\",\"sameAs\":[\"https:\\\/\\\/lightweb.dev\\\/l\\\/svm-temp\"],\"url\":\"https:\\\/\\\/lightweb.dev\\\/l\\\/svm-temp\\\/reporter\\\/redaktionen\\\/\"}]}<\/script>\n<!-- \/ Yoast SEO Premium plugin. -->","yoast_head_json":{"title":"Delade meningar om v\u00e4gen till h\u00e4lsa - Svenska Magasinet","robots":{"index":"noindex","follow":"follow","max-snippet":"max-snippet:-1","max-image-preview":"max-image-preview:large","max-video-preview":"max-video-preview:-1"},"og_locale":"sv_SE","og_type":"article","og_title":"Delade meningar om v\u00e4gen till h\u00e4lsa","og_description":"V\u00e5rt v\u00e4sterl\u00e4ndska samh\u00e4lle blir mer och mer oh\u00e4lsosamt med fler och fler kroniska sjukdomar. Och detta trots att vi spenderar mer och mer pengar p\u00e5 sjukv\u00e5rd. Samtidigt finns det en \u00f6kande trend d\u00e4r man \u00f6verger traditionella l\u00e4kemedel och spenderar mer p\u00e5 alternativ medicin. Orsakerna f\u00f6r detta \u00f6kade intresse f\u00f6r de alternativa eller komplement\u00e4ra medicinen \u00e4r [&hellip;]","og_url":"https:\/\/lightweb.dev\/l\/svm-temp\/artiklar\/delade-meningar-om-vagen-till-halsa\/","og_site_name":"Svenska Magasinet","article_publisher":"https:\/\/www.facebook.com\/svenskamagasinet","article_published_time":"2012-10-08T22:00:00+00:00","author":"Redaktionen SvM","twitter_card":"summary_large_image","twitter_creator":"@SvenskaMagasine","twitter_site":"@SvenskaMagasine","schema":{"@context":"https:\/\/schema.org","@graph":[{"@type":"Article","@id":"https:\/\/lightweb.dev\/l\/svm-temp\/artiklar\/delade-meningar-om-vagen-till-halsa\/#article","isPartOf":{"@id":"https:\/\/lightweb.dev\/l\/svm-temp\/artiklar\/delade-meningar-om-vagen-till-halsa\/"},"author":{"name":"Redaktionen SvM","@id":"https:\/\/lightweb.dev\/l\/svm-temp\/#\/schema\/person\/206a3bda5b607b0c25e1749191e4d837"},"headline":"Delade meningar om v\u00e4gen till h\u00e4lsa","datePublished":"2012-10-08T22:00:00+00:00","mainEntityOfPage":{"@id":"https:\/\/lightweb.dev\/l\/svm-temp\/artiklar\/delade-meningar-om-vagen-till-halsa\/"},"wordCount":694,"commentCount":0,"publisher":{"@id":"https:\/\/lightweb.dev\/l\/svm-temp\/#organization"},"articleSection":["Arkiv","Artiklar"],"inLanguage":"sv-SE"},{"@type":"WebPage","@id":"https:\/\/lightweb.dev\/l\/svm-temp\/artiklar\/delade-meningar-om-vagen-till-halsa\/","url":"https:\/\/lightweb.dev\/l\/svm-temp\/artiklar\/delade-meningar-om-vagen-till-halsa\/","name":"Delade meningar om v\u00e4gen till h\u00e4lsa - Svenska Magasinet","isPartOf":{"@id":"https:\/\/lightweb.dev\/l\/svm-temp\/#website"},"datePublished":"2012-10-08T22:00:00+00:00","breadcrumb":{"@id":"https:\/\/lightweb.dev\/l\/svm-temp\/artiklar\/delade-meningar-om-vagen-till-halsa\/#breadcrumb"},"inLanguage":"sv-SE","potentialAction":[{"@type":"ReadAction","target":["https:\/\/lightweb.dev\/l\/svm-temp\/artiklar\/delade-meningar-om-vagen-till-halsa\/"]}]},{"@type":"BreadcrumbList","@id":"https:\/\/lightweb.dev\/l\/svm-temp\/artiklar\/delade-meningar-om-vagen-till-halsa\/#breadcrumb","itemListElement":[{"@type":"ListItem","position":1,"name":"Hem","item":"https:\/\/lightweb.dev\/l\/svm-temp\/"},{"@type":"ListItem","position":2,"name":"Delade meningar om v\u00e4gen till h\u00e4lsa"}]},{"@type":"WebSite","@id":"https:\/\/lightweb.dev\/l\/svm-temp\/#website","url":"https:\/\/lightweb.dev\/l\/svm-temp\/","name":"Svenska Magasinet","description":"Dina Spanska nyheter p&aring; Svenska","publisher":{"@id":"https:\/\/lightweb.dev\/l\/svm-temp\/#organization"},"potentialAction":[{"@type":"SearchAction","target":{"@type":"EntryPoint","urlTemplate":"https:\/\/lightweb.dev\/l\/svm-temp\/?s={search_term_string}"},"query-input":{"@type":"PropertyValueSpecification","valueRequired":true,"valueName":"search_term_string"}}],"inLanguage":"sv-SE"},{"@type":"Organization","@id":"https:\/\/lightweb.dev\/l\/svm-temp\/#organization","name":"Melkerson y Nott SL","alternateName":"Svenska Magasinet","url":"https:\/\/lightweb.dev\/l\/svm-temp\/","logo":{"@type":"ImageObject","inLanguage":"sv-SE","@id":"https:\/\/lightweb.dev\/l\/svm-temp\/#\/schema\/logo\/image\/","url":"https:\/\/lightweb.dev\/l\/svm-temp\/wp-content\/uploads\/2025\/02\/SvM-logo-Xtra-Centrerad-SVART.png","contentUrl":"https:\/\/lightweb.dev\/l\/svm-temp\/wp-content\/uploads\/2025\/02\/SvM-logo-Xtra-Centrerad-SVART.png","width":300,"height":99,"caption":"Melkerson y Nott SL"},"image":{"@id":"https:\/\/lightweb.dev\/l\/svm-temp\/#\/schema\/logo\/image\/"},"sameAs":["https:\/\/www.facebook.com\/svenskamagasinet","https:\/\/x.com\/SvenskaMagasine"]},{"@type":"Person","@id":"https:\/\/lightweb.dev\/l\/svm-temp\/#\/schema\/person\/206a3bda5b607b0c25e1749191e4d837","name":"Redaktionen SvM","description":"Redaktionen","sameAs":["https:\/\/lightweb.dev\/l\/svm-temp"],"url":"https:\/\/lightweb.dev\/l\/svm-temp\/reporter\/redaktionen\/"}]}},"_links":{"self":[{"href":"https:\/\/lightweb.dev\/l\/svm-temp\/wp-json\/wp\/v2\/posts\/3589","targetHints":{"allow":["GET"]}}],"collection":[{"href":"https:\/\/lightweb.dev\/l\/svm-temp\/wp-json\/wp\/v2\/posts"}],"about":[{"href":"https:\/\/lightweb.dev\/l\/svm-temp\/wp-json\/wp\/v2\/types\/post"}],"author":[{"embeddable":true,"href":"https:\/\/lightweb.dev\/l\/svm-temp\/wp-json\/wp\/v2\/users\/8"}],"replies":[{"embeddable":true,"href":"https:\/\/lightweb.dev\/l\/svm-temp\/wp-json\/wp\/v2\/comments?post=3589"}],"version-history":[{"count":0,"href":"https:\/\/lightweb.dev\/l\/svm-temp\/wp-json\/wp\/v2\/posts\/3589\/revisions"}],"wp:attachment":[{"href":"https:\/\/lightweb.dev\/l\/svm-temp\/wp-json\/wp\/v2\/media?parent=3589"}],"wp:term":[{"taxonomy":"category","embeddable":true,"href":"https:\/\/lightweb.dev\/l\/svm-temp\/wp-json\/wp\/v2\/categories?post=3589"},{"taxonomy":"post_tag","embeddable":true,"href":"https:\/\/lightweb.dev\/l\/svm-temp\/wp-json\/wp\/v2\/tags?post=3589"}],"curies":[{"name":"wp","href":"https:\/\/api.w.org\/{rel}","templated":true}]}}