{"id":3592,"date":"2012-10-09T00:00:00","date_gmt":"2012-10-08T22:00:00","guid":{"rendered":"https:\/\/lightweb.dev\/l\/svm-temp\/helicopteros-sanitarios-24-ar-pa-kusten\/"},"modified":"2012-10-09T00:00:00","modified_gmt":"2012-10-08T22:00:00","slug":"helicopteros-sanitarios-24-ar-pa-kusten","status":"publish","type":"post","link":"https:\/\/lightweb.dev\/l\/svm-temp\/artiklar\/helicopteros-sanitarios-24-ar-pa-kusten\/","title":{"rendered":"Helicopteros Sanitarios 24 \u00e5r p\u00e5 kusten"},"content":{"rendered":"<p> Det f\u00f6rv\u00e5nar oss p\u00e5 Helicopteros Sanitarios att efter 24 \u00e5rs verksamhet p\u00e5 Costa del Sol, det fortfarande finns personer som inte k\u00e4nner till den service och de tj\u00e4nster vi verkligen erbjuder.  En marknadsunders\u00f6kning visade att m\u00e5nga tror att vi endast \u00e4r ett helikopter transport f\u00f6retag, n\u00e4r verkligheten \u00e4r en helt annan.<br \/>\nHelicopteros Sanitarios \u00e4r ett service f\u00f6retag som erbjuder l\u00e4karassistans, inte enbart f\u00f6r akuta och allvarliga olycksfall utan ocks\u00e5 f\u00f6r l\u00e4karbes\u00f6k i bostaden 24 tim om dygnet \u00e5ret runt, \u00e4ven f\u00f6r lindriga sjukdomar. V\u00e5rt utryckningsomr\u00e5de str\u00e4cker sig mellan Sotogrande och Torremolinos inkl. sm\u00e5st\u00e4der ovanf\u00f6r kusten s\u00e5som Casares, Benahavis, Monda m fl. Helicopteros Sanitarios har ingen \u00e5ldersgr\u00e4ns och alla kan bli medlemmar \u00e4ven om man har kroniska sjukdomar.<br \/>\nDet finns ingen begr\u00e4nsning av l\u00e4karbes\u00f6k, man kan anlita l\u00e4karen hur m\u00e5nga g\u00e5nger man beh\u00f6ver utan restriktion. L\u00e4karen bes\u00f6ker dig i ditt hem vilket \u00e4r oerh\u00f6rt bekv\u00e4mt och lugnande. Bekv\u00e4mligheten f\u00f6r patienten \u00e4r nyckeln till succen f\u00f6r denna flerspr\u00e5kliga service. Om man inte vill att l\u00e4karen kommer hem kan man bes\u00f6ka n\u00e5gra av v\u00e5ra l\u00e4kar mottagningar i Puerto Ban\u00fas, Fuengirola och Sabinillas mot tidsbest\u00e4llning.<br \/>\nDet \u00e4r inte bara en l\u00e4kare som bes\u00f6ker dig. V\u00e5ra team best\u00e5r av l\u00e4kare, sjuksk\u00f6terska och ambulans tekniker och de f\u00f6rflyttar sig alltid i ambulans. \u00c4ven ambulans transport till n\u00e4rmaste sjukhus \u00e4r inkluderat.<br \/>\nUnders\u00f6kningen visade ocks\u00e5 att m\u00e5nga tror att vi endast \u00e4r till f\u00f6r eliten. Helt fel, denna organisation \u00e4r till f\u00f6r alla och den \u00e5rliga avgiften \u00e4r f\u00f6rm\u00e5nlig. Medlemskap kostar endast 248 euro\/\u00e5r och person. F\u00f6r 2 personer \u00e4r priset 397 euro\/\u00e5r och familj kostar 448 euro\/\u00e5r. Vi erbjuder \u00e4ven semester paket f\u00f6r 1 m\u00e5nad i taget.<br \/>\nMan kan ocks\u00e5 f\u00e5 hj\u00e4lp till ett specialpris som medlem, med tj\u00e4nster som utf\u00f6rs av sjuksk\u00f6terska antingen i bostaden eller p\u00e5 n\u00e5gon av v\u00e5ra mottagningar. Vi har \u00e4ven tillg\u00e5ng till specialistl\u00e4kare, h\u00e4lso check ups, repatriering.<br \/>\nDet \u00e4r enkelt och snabbt att bli medlem. Helicopteros Sanitarios har tv\u00e5 medarbetare som talar svenska. Gunilla Pettersson har arbetat i m\u00e5nga \u00e5r p\u00e5 kontoret i Puerto Ban\u00fas och Pian Whyatt som \u00e4r nyanst\u00e4lld p\u00e5 v\u00e5rt kontor i Sabinillas.<br \/>\nV\u00e4lkomna att kontakta Gunilla tel 952 81 67 67, 638 843 693 och Pian Whyatt tel 951 27 67 67, 638 843 691. <\/p>\n","protected":false},"excerpt":{"rendered":"<p>Det f\u00f6rv\u00e5nar oss p\u00e5 Helicopteros Sanitarios att efter 24 \u00e5rs verksamhet p\u00e5 Costa del Sol, det fortfarande finns personer som inte k\u00e4nner till den service och de tj\u00e4nster vi verkligen erbjuder. En marknadsunders\u00f6kning visade att m\u00e5nga tror att vi endast \u00e4r ett helikopter transport f\u00f6retag, n\u00e4r verkligheten \u00e4r en helt annan. Helicopteros Sanitarios \u00e4r ett [&hellip;]<\/p>\n","protected":false},"author":8,"featured_media":0,"comment_status":"open","ping_status":"open","sticky":false,"template":"","format":"standard","meta":{"_et_pb_use_builder":"","_et_pb_old_content":"","_et_gb_content_width":"","footnotes":""},"categories":[396,4],"tags":[],"class_list":["post-3592","post","type-post","status-publish","format-standard","hentry","category-arkiv-artiklar","category-artiklar"],"yoast_head":"<!-- This site is optimized with the Yoast SEO Premium plugin v26.2 (Yoast SEO v27.5) - https:\/\/yoast.com\/product\/yoast-seo-premium-wordpress\/ -->\n<title>Helicopteros Sanitarios 24 \u00e5r p\u00e5 kusten - Svenska Magasinet<\/title>\n<meta name=\"robots\" content=\"noindex, follow, max-snippet:-1, max-image-preview:large, max-video-preview:-1\" \/>\n<meta property=\"og:locale\" content=\"sv_SE\" \/>\n<meta property=\"og:type\" content=\"article\" \/>\n<meta property=\"og:title\" content=\"Helicopteros Sanitarios 24 \u00e5r p\u00e5 kusten\" \/>\n<meta property=\"og:description\" content=\"Det f\u00f6rv\u00e5nar oss p\u00e5 Helicopteros Sanitarios att efter 24 \u00e5rs verksamhet p\u00e5 Costa del Sol, det fortfarande finns personer som inte k\u00e4nner till den service och de tj\u00e4nster vi verkligen erbjuder. En marknadsunders\u00f6kning visade att m\u00e5nga tror att vi endast \u00e4r ett helikopter transport f\u00f6retag, n\u00e4r verkligheten \u00e4r en helt annan. Helicopteros Sanitarios \u00e4r ett [&hellip;]\" \/>\n<meta property=\"og:url\" content=\"https:\/\/lightweb.dev\/l\/svm-temp\/artiklar\/helicopteros-sanitarios-24-ar-pa-kusten\/\" \/>\n<meta property=\"og:site_name\" content=\"Svenska Magasinet\" \/>\n<meta property=\"article:publisher\" content=\"https:\/\/www.facebook.com\/svenskamagasinet\" \/>\n<meta property=\"article:published_time\" content=\"2012-10-08T22:00:00+00:00\" \/>\n<meta name=\"author\" content=\"Redaktionen SvM\" \/>\n<meta name=\"twitter:card\" content=\"summary_large_image\" \/>\n<meta name=\"twitter:creator\" content=\"@SvenskaMagasine\" \/>\n<meta name=\"twitter:site\" content=\"@SvenskaMagasine\" \/>\n<script type=\"application\/ld+json\" class=\"yoast-schema-graph\">{\"@context\":\"https:\\\/\\\/schema.org\",\"@graph\":[{\"@type\":\"Article\",\"@id\":\"https:\\\/\\\/lightweb.dev\\\/l\\\/svm-temp\\\/artiklar\\\/helicopteros-sanitarios-24-ar-pa-kusten\\\/#article\",\"isPartOf\":{\"@id\":\"https:\\\/\\\/lightweb.dev\\\/l\\\/svm-temp\\\/artiklar\\\/helicopteros-sanitarios-24-ar-pa-kusten\\\/\"},\"author\":{\"name\":\"Redaktionen SvM\",\"@id\":\"https:\\\/\\\/lightweb.dev\\\/l\\\/svm-temp\\\/#\\\/schema\\\/person\\\/206a3bda5b607b0c25e1749191e4d837\"},\"headline\":\"Helicopteros Sanitarios 24 \u00e5r p\u00e5 kusten\",\"datePublished\":\"2012-10-08T22:00:00+00:00\",\"mainEntityOfPage\":{\"@id\":\"https:\\\/\\\/lightweb.dev\\\/l\\\/svm-temp\\\/artiklar\\\/helicopteros-sanitarios-24-ar-pa-kusten\\\/\"},\"wordCount\":430,\"commentCount\":0,\"publisher\":{\"@id\":\"https:\\\/\\\/lightweb.dev\\\/l\\\/svm-temp\\\/#organization\"},\"articleSection\":[\"Arkiv\",\"Artiklar\"],\"inLanguage\":\"sv-SE\"},{\"@type\":\"WebPage\",\"@id\":\"https:\\\/\\\/lightweb.dev\\\/l\\\/svm-temp\\\/artiklar\\\/helicopteros-sanitarios-24-ar-pa-kusten\\\/\",\"url\":\"https:\\\/\\\/lightweb.dev\\\/l\\\/svm-temp\\\/artiklar\\\/helicopteros-sanitarios-24-ar-pa-kusten\\\/\",\"name\":\"Helicopteros Sanitarios 24 \u00e5r p\u00e5 kusten - Svenska Magasinet\",\"isPartOf\":{\"@id\":\"https:\\\/\\\/lightweb.dev\\\/l\\\/svm-temp\\\/#website\"},\"datePublished\":\"2012-10-08T22:00:00+00:00\",\"breadcrumb\":{\"@id\":\"https:\\\/\\\/lightweb.dev\\\/l\\\/svm-temp\\\/artiklar\\\/helicopteros-sanitarios-24-ar-pa-kusten\\\/#breadcrumb\"},\"inLanguage\":\"sv-SE\",\"potentialAction\":[{\"@type\":\"ReadAction\",\"target\":[\"https:\\\/\\\/lightweb.dev\\\/l\\\/svm-temp\\\/artiklar\\\/helicopteros-sanitarios-24-ar-pa-kusten\\\/\"]}]},{\"@type\":\"BreadcrumbList\",\"@id\":\"https:\\\/\\\/lightweb.dev\\\/l\\\/svm-temp\\\/artiklar\\\/helicopteros-sanitarios-24-ar-pa-kusten\\\/#breadcrumb\",\"itemListElement\":[{\"@type\":\"ListItem\",\"position\":1,\"name\":\"Hem\",\"item\":\"https:\\\/\\\/lightweb.dev\\\/l\\\/svm-temp\\\/\"},{\"@type\":\"ListItem\",\"position\":2,\"name\":\"Helicopteros Sanitarios 24 \u00e5r p\u00e5 kusten\"}]},{\"@type\":\"WebSite\",\"@id\":\"https:\\\/\\\/lightweb.dev\\\/l\\\/svm-temp\\\/#website\",\"url\":\"https:\\\/\\\/lightweb.dev\\\/l\\\/svm-temp\\\/\",\"name\":\"Svenska Magasinet\",\"description\":\"Dina Spanska nyheter p&aring; Svenska\",\"publisher\":{\"@id\":\"https:\\\/\\\/lightweb.dev\\\/l\\\/svm-temp\\\/#organization\"},\"potentialAction\":[{\"@type\":\"SearchAction\",\"target\":{\"@type\":\"EntryPoint\",\"urlTemplate\":\"https:\\\/\\\/lightweb.dev\\\/l\\\/svm-temp\\\/?s={search_term_string}\"},\"query-input\":{\"@type\":\"PropertyValueSpecification\",\"valueRequired\":true,\"valueName\":\"search_term_string\"}}],\"inLanguage\":\"sv-SE\"},{\"@type\":\"Organization\",\"@id\":\"https:\\\/\\\/lightweb.dev\\\/l\\\/svm-temp\\\/#organization\",\"name\":\"Melkerson y Nott SL\",\"alternateName\":\"Svenska Magasinet\",\"url\":\"https:\\\/\\\/lightweb.dev\\\/l\\\/svm-temp\\\/\",\"logo\":{\"@type\":\"ImageObject\",\"inLanguage\":\"sv-SE\",\"@id\":\"https:\\\/\\\/lightweb.dev\\\/l\\\/svm-temp\\\/#\\\/schema\\\/logo\\\/image\\\/\",\"url\":\"https:\\\/\\\/lightweb.dev\\\/l\\\/svm-temp\\\/wp-content\\\/uploads\\\/2025\\\/02\\\/SvM-logo-Xtra-Centrerad-SVART.png\",\"contentUrl\":\"https:\\\/\\\/lightweb.dev\\\/l\\\/svm-temp\\\/wp-content\\\/uploads\\\/2025\\\/02\\\/SvM-logo-Xtra-Centrerad-SVART.png\",\"width\":300,\"height\":99,\"caption\":\"Melkerson y Nott SL\"},\"image\":{\"@id\":\"https:\\\/\\\/lightweb.dev\\\/l\\\/svm-temp\\\/#\\\/schema\\\/logo\\\/image\\\/\"},\"sameAs\":[\"https:\\\/\\\/www.facebook.com\\\/svenskamagasinet\",\"https:\\\/\\\/x.com\\\/SvenskaMagasine\"]},{\"@type\":\"Person\",\"@id\":\"https:\\\/\\\/lightweb.dev\\\/l\\\/svm-temp\\\/#\\\/schema\\\/person\\\/206a3bda5b607b0c25e1749191e4d837\",\"name\":\"Redaktionen SvM\",\"description\":\"Redaktionen\",\"sameAs\":[\"https:\\\/\\\/lightweb.dev\\\/l\\\/svm-temp\"],\"url\":\"https:\\\/\\\/lightweb.dev\\\/l\\\/svm-temp\\\/reporter\\\/redaktionen\\\/\"}]}<\/script>\n<!-- \/ Yoast SEO Premium plugin. -->","yoast_head_json":{"title":"Helicopteros Sanitarios 24 \u00e5r p\u00e5 kusten - Svenska Magasinet","robots":{"index":"noindex","follow":"follow","max-snippet":"max-snippet:-1","max-image-preview":"max-image-preview:large","max-video-preview":"max-video-preview:-1"},"og_locale":"sv_SE","og_type":"article","og_title":"Helicopteros Sanitarios 24 \u00e5r p\u00e5 kusten","og_description":"Det f\u00f6rv\u00e5nar oss p\u00e5 Helicopteros Sanitarios att efter 24 \u00e5rs verksamhet p\u00e5 Costa del Sol, det fortfarande finns personer som inte k\u00e4nner till den service och de tj\u00e4nster vi verkligen erbjuder. En marknadsunders\u00f6kning visade att m\u00e5nga tror att vi endast \u00e4r ett helikopter transport f\u00f6retag, n\u00e4r verkligheten \u00e4r en helt annan. Helicopteros Sanitarios \u00e4r ett [&hellip;]","og_url":"https:\/\/lightweb.dev\/l\/svm-temp\/artiklar\/helicopteros-sanitarios-24-ar-pa-kusten\/","og_site_name":"Svenska Magasinet","article_publisher":"https:\/\/www.facebook.com\/svenskamagasinet","article_published_time":"2012-10-08T22:00:00+00:00","author":"Redaktionen SvM","twitter_card":"summary_large_image","twitter_creator":"@SvenskaMagasine","twitter_site":"@SvenskaMagasine","schema":{"@context":"https:\/\/schema.org","@graph":[{"@type":"Article","@id":"https:\/\/lightweb.dev\/l\/svm-temp\/artiklar\/helicopteros-sanitarios-24-ar-pa-kusten\/#article","isPartOf":{"@id":"https:\/\/lightweb.dev\/l\/svm-temp\/artiklar\/helicopteros-sanitarios-24-ar-pa-kusten\/"},"author":{"name":"Redaktionen SvM","@id":"https:\/\/lightweb.dev\/l\/svm-temp\/#\/schema\/person\/206a3bda5b607b0c25e1749191e4d837"},"headline":"Helicopteros Sanitarios 24 \u00e5r p\u00e5 kusten","datePublished":"2012-10-08T22:00:00+00:00","mainEntityOfPage":{"@id":"https:\/\/lightweb.dev\/l\/svm-temp\/artiklar\/helicopteros-sanitarios-24-ar-pa-kusten\/"},"wordCount":430,"commentCount":0,"publisher":{"@id":"https:\/\/lightweb.dev\/l\/svm-temp\/#organization"},"articleSection":["Arkiv","Artiklar"],"inLanguage":"sv-SE"},{"@type":"WebPage","@id":"https:\/\/lightweb.dev\/l\/svm-temp\/artiklar\/helicopteros-sanitarios-24-ar-pa-kusten\/","url":"https:\/\/lightweb.dev\/l\/svm-temp\/artiklar\/helicopteros-sanitarios-24-ar-pa-kusten\/","name":"Helicopteros Sanitarios 24 \u00e5r p\u00e5 kusten - Svenska Magasinet","isPartOf":{"@id":"https:\/\/lightweb.dev\/l\/svm-temp\/#website"},"datePublished":"2012-10-08T22:00:00+00:00","breadcrumb":{"@id":"https:\/\/lightweb.dev\/l\/svm-temp\/artiklar\/helicopteros-sanitarios-24-ar-pa-kusten\/#breadcrumb"},"inLanguage":"sv-SE","potentialAction":[{"@type":"ReadAction","target":["https:\/\/lightweb.dev\/l\/svm-temp\/artiklar\/helicopteros-sanitarios-24-ar-pa-kusten\/"]}]},{"@type":"BreadcrumbList","@id":"https:\/\/lightweb.dev\/l\/svm-temp\/artiklar\/helicopteros-sanitarios-24-ar-pa-kusten\/#breadcrumb","itemListElement":[{"@type":"ListItem","position":1,"name":"Hem","item":"https:\/\/lightweb.dev\/l\/svm-temp\/"},{"@type":"ListItem","position":2,"name":"Helicopteros Sanitarios 24 \u00e5r p\u00e5 kusten"}]},{"@type":"WebSite","@id":"https:\/\/lightweb.dev\/l\/svm-temp\/#website","url":"https:\/\/lightweb.dev\/l\/svm-temp\/","name":"Svenska Magasinet","description":"Dina Spanska nyheter p&aring; Svenska","publisher":{"@id":"https:\/\/lightweb.dev\/l\/svm-temp\/#organization"},"potentialAction":[{"@type":"SearchAction","target":{"@type":"EntryPoint","urlTemplate":"https:\/\/lightweb.dev\/l\/svm-temp\/?s={search_term_string}"},"query-input":{"@type":"PropertyValueSpecification","valueRequired":true,"valueName":"search_term_string"}}],"inLanguage":"sv-SE"},{"@type":"Organization","@id":"https:\/\/lightweb.dev\/l\/svm-temp\/#organization","name":"Melkerson y Nott SL","alternateName":"Svenska Magasinet","url":"https:\/\/lightweb.dev\/l\/svm-temp\/","logo":{"@type":"ImageObject","inLanguage":"sv-SE","@id":"https:\/\/lightweb.dev\/l\/svm-temp\/#\/schema\/logo\/image\/","url":"https:\/\/lightweb.dev\/l\/svm-temp\/wp-content\/uploads\/2025\/02\/SvM-logo-Xtra-Centrerad-SVART.png","contentUrl":"https:\/\/lightweb.dev\/l\/svm-temp\/wp-content\/uploads\/2025\/02\/SvM-logo-Xtra-Centrerad-SVART.png","width":300,"height":99,"caption":"Melkerson y Nott SL"},"image":{"@id":"https:\/\/lightweb.dev\/l\/svm-temp\/#\/schema\/logo\/image\/"},"sameAs":["https:\/\/www.facebook.com\/svenskamagasinet","https:\/\/x.com\/SvenskaMagasine"]},{"@type":"Person","@id":"https:\/\/lightweb.dev\/l\/svm-temp\/#\/schema\/person\/206a3bda5b607b0c25e1749191e4d837","name":"Redaktionen SvM","description":"Redaktionen","sameAs":["https:\/\/lightweb.dev\/l\/svm-temp"],"url":"https:\/\/lightweb.dev\/l\/svm-temp\/reporter\/redaktionen\/"}]}},"_links":{"self":[{"href":"https:\/\/lightweb.dev\/l\/svm-temp\/wp-json\/wp\/v2\/posts\/3592","targetHints":{"allow":["GET"]}}],"collection":[{"href":"https:\/\/lightweb.dev\/l\/svm-temp\/wp-json\/wp\/v2\/posts"}],"about":[{"href":"https:\/\/lightweb.dev\/l\/svm-temp\/wp-json\/wp\/v2\/types\/post"}],"author":[{"embeddable":true,"href":"https:\/\/lightweb.dev\/l\/svm-temp\/wp-json\/wp\/v2\/users\/8"}],"replies":[{"embeddable":true,"href":"https:\/\/lightweb.dev\/l\/svm-temp\/wp-json\/wp\/v2\/comments?post=3592"}],"version-history":[{"count":0,"href":"https:\/\/lightweb.dev\/l\/svm-temp\/wp-json\/wp\/v2\/posts\/3592\/revisions"}],"wp:attachment":[{"href":"https:\/\/lightweb.dev\/l\/svm-temp\/wp-json\/wp\/v2\/media?parent=3592"}],"wp:term":[{"taxonomy":"category","embeddable":true,"href":"https:\/\/lightweb.dev\/l\/svm-temp\/wp-json\/wp\/v2\/categories?post=3592"},{"taxonomy":"post_tag","embeddable":true,"href":"https:\/\/lightweb.dev\/l\/svm-temp\/wp-json\/wp\/v2\/tags?post=3592"}],"curies":[{"name":"wp","href":"https:\/\/api.w.org\/{rel}","templated":true}]}}